{"id":7590,"date":"2021-07-07T08:00:00","date_gmt":"2021-07-07T11:00:00","guid":{"rendered":"https:\/\/www.agenciainfra.com\/blog\/?p=7590"},"modified":"2021-07-06T11:27:08","modified_gmt":"2021-07-06T14:27:08","slug":"leilao-da-br-163-230-mt-pa-teria-uma-proposta-afirmam-agentes-do-setor","status":"publish","type":"post","link":"https:\/\/agenciainfra.com\/blog\/leilao-da-br-163-230-mt-pa-teria-uma-proposta-afirmam-agentes-do-setor\/","title":{"rendered":"Leil\u00e3o da BR-163-230\/MT-PA teria uma proposta, afirmam agentes do setor"},"content":{"rendered":"\n<hr class=\"wp-block-separator\"\/>\n\n\n\n<p class=\"has-text-align-right\"><strong>da&nbsp;Ag\u00eancia iNFRA<\/strong><\/p>\n\n\n\n<p>O leil\u00e3o da ANTT (Ag\u00eancia Nacional de Transportes Terrestres) para a concess\u00e3o da BR-163-230\/PA-MT teria\u00a0pelo menos um grupo que apresentou proposta formal na sess\u00e3o de recebimento de envelopes realizada na segunda-feira (5), em S\u00e3o Paulo, segundo apurou a\u00a0<strong>Ag\u00eancia iNFRA\u00a0<\/strong>junto a agentes dos setores p\u00fablico e privado.<br><br>A sess\u00e3o para abertura dos envelopes est\u00e1 prevista para esta quinta-feira (8), ap\u00f3s an\u00e1lise por parte da ANTT da documenta\u00e7\u00e3o que tiver sido apresentada. O governo conseguiu reverter todas as decis\u00f5es que estavam suspendendo a licita\u00e7\u00e3o at\u00e9 o momento, mas havia decis\u00f5es pendentes em outras a\u00e7\u00f5es\u00a0que podem impedir a realiza\u00e7\u00e3o desta etapa prevista para quinta-feira.<br><br>O leil\u00e3o atraiu estudos de diversos grupos econ\u00f4micos ao longo dos \u00faltimos meses. A rodovia \u00e9 o principal caminho para o escoamento da produ\u00e7\u00e3o agr\u00edcola da regi\u00e3o do norte do Mato Grosso para os terminais portu\u00e1rios do Rio Tapaj\u00f3s, no Par\u00e1. Mas havia a expectativa de que ele n\u00e3o tivesse interessados devido \u00e0 desist\u00eancia da maioria deles.<br><br>A\u00a0<strong>Ag\u00eancia iNFRA<\/strong>\u00a0conversou com representantes de pelo menos tr\u00eas desses grupos, que indicaram que o risco dessa concess\u00e3o era extremamente elevado e, por isso, desistiram do neg\u00f3cio.<br><br>A concess\u00e3o dessa rodovia \u00e9 por um prazo de apenas 10 anos, prorrog\u00e1vel por dois anos, quando o comum para concess\u00f5es rodovi\u00e1rias \u00e9 de 20 a 35 anos. O prazo curto foi dado porque a rodovia vai no mesmo caminho da Ferrogr\u00e3o, que o governo tamb\u00e9m pretende conceder.<br><br>Quando a Ferrogr\u00e3o estiver operando \u2013 a previs\u00e3o \u00e9 que isso ocorra em uma d\u00e9cada \u2013, estima-se que a maior parte da carga migre para a ferrovia e, por isso, foi escolhido esse prazo mais curto.<br><br>No entanto, apesar do prazo curto, os gastos do concession\u00e1rio com a rodovia, especialmente em planos ambientais, e investimentos que t\u00eam que ser feitos no per\u00edodo, foram considerados elevados e com elevado risco de n\u00e3o terem prazo suficiente para retorno. Por isso a desist\u00eancia em apresentar proposta dos grupos.<\/p>\n","protected":false},"excerpt":{"rendered":"<p>da&nbsp;Ag\u00eancia iNFRA O leil\u00e3o da ANTT (Ag\u00eancia Nacional de Transportes Terrestres) para a concess\u00e3o da BR-163-230\/PA-MT teria\u00a0pelo menos um grupo que apresentou proposta formal na sess\u00e3o de recebimento de envelopes realizada na segunda-feira (5), em S\u00e3o Paulo, segundo apurou a\u00a0Ag\u00eancia iNFRA\u00a0junto a agentes dos setores p\u00fablico e privado. A sess\u00e3o para abertura dos envelopes est\u00e1 [&hellip;]<\/p>\n","protected":false},"author":9,"featured_media":7591,"comment_status":"closed","ping_status":"closed","sticky":false,"template":"","format":"standard","meta":{"_monsterinsights_skip_tracking":false,"_monsterinsights_sitenote_active":false,"_monsterinsights_sitenote_note":"","_monsterinsights_sitenote_category":0,"footnotes":""},"categories":[1,7],"tags":[19,3789,22,176,4643,158,79,32,254,316,108,688,4642,21,623],"class_list":["post-7590","post","type-post","status-publish","format-standard","has-post-thumbnail","hentry","category-geral","category-infratransporte","tag-antt","tag-br-163-230-mt-pa","tag-concessao","tag-concessoes-rodoviarias","tag-escoamento","tag-ferrograo","tag-ferrovia","tag-investimentos","tag-leilao","tag-licitacao","tag-mato-grosso","tag-para","tag-rio-tapajos","tag-rodovia","tag-terminais-portuarios"],"yoast_head":"<!-- This site is optimized with the Yoast SEO Premium plugin v25.4 (Yoast SEO v26.0) - https:\/\/yoast.com\/wordpress\/plugins\/seo\/ -->\n<title>Leil\u00e3o da BR-163-230\/MT-PA teria uma proposta, afirmam agentes do setor - Ag\u00eancia iNFRA<\/title>\n<meta name=\"robots\" content=\"index, follow, max-snippet:-1, max-image-preview:large, max-video-preview:-1\" \/>\n<link rel=\"canonical\" href=\"https:\/\/agenciainfra.com\/blog\/leilao-da-br-163-230-mt-pa-teria-uma-proposta-afirmam-agentes-do-setor\/\" \/>\n<meta property=\"og:locale\" content=\"pt_BR\" \/>\n<meta property=\"og:type\" content=\"article\" \/>\n<meta property=\"og:title\" content=\"Leil\u00e3o da BR-163-230\/MT-PA teria uma proposta, afirmam agentes do setor\" \/>\n<meta property=\"og:description\" content=\"da&nbsp;Ag\u00eancia iNFRA O leil\u00e3o da ANTT (Ag\u00eancia Nacional de Transportes Terrestres) para a concess\u00e3o da BR-163-230\/PA-MT teria\u00a0pelo menos um grupo que apresentou proposta formal na sess\u00e3o de recebimento de envelopes realizada na segunda-feira (5), em S\u00e3o Paulo, segundo apurou a\u00a0Ag\u00eancia iNFRA\u00a0junto a agentes dos setores p\u00fablico e privado. A sess\u00e3o para abertura dos envelopes est\u00e1 [&hellip;]\" \/>\n<meta property=\"og:url\" content=\"https:\/\/agenciainfra.com\/blog\/leilao-da-br-163-230-mt-pa-teria-uma-proposta-afirmam-agentes-do-setor\/\" \/>\n<meta property=\"og:site_name\" content=\"Ag\u00eancia iNFRA\" \/>\n<meta property=\"article:publisher\" content=\"https:\/\/www.facebook.com\/ageninfra\" \/>\n<meta property=\"article:published_time\" content=\"2021-07-07T11:00:00+00:00\" \/>\n<meta property=\"og:image\" content=\"https:\/\/agenciainfra.com\/blog\/wp-content\/uploads\/2021\/07\/rodovias-foto-agencia-brasil.jpeg\" \/>\n\t<meta property=\"og:image:width\" content=\"1280\" \/>\n\t<meta property=\"og:image:height\" content=\"766\" \/>\n\t<meta property=\"og:image:type\" content=\"image\/jpeg\" \/>\n<meta name=\"author\" content=\"Rodrigo Zuquim\" \/>\n<meta name=\"twitter:card\" content=\"summary_large_image\" \/>\n<meta name=\"twitter:creator\" content=\"@agencia_infra\" \/>\n<meta name=\"twitter:site\" content=\"@agencia_infra\" \/>\n<meta name=\"twitter:label1\" content=\"Escrito por\" \/>\n\t<meta name=\"twitter:data1\" content=\"Rodrigo Zuquim\" \/>\n\t<meta name=\"twitter:label2\" content=\"Est. tempo de leitura\" \/>\n\t<meta name=\"twitter:data2\" content=\"2 minutos\" \/>\n<script type=\"application\/ld+json\" class=\"yoast-schema-graph\">{\"@context\":\"https:\/\/schema.org\",\"@graph\":[{\"@type\":\"Article\",\"@id\":\"https:\/\/agenciainfra.com\/blog\/leilao-da-br-163-230-mt-pa-teria-uma-proposta-afirmam-agentes-do-setor\/#article\",\"isPartOf\":{\"@id\":\"https:\/\/agenciainfra.com\/blog\/leilao-da-br-163-230-mt-pa-teria-uma-proposta-afirmam-agentes-do-setor\/\"},\"author\":{\"name\":\"Rodrigo Zuquim\",\"@id\":\"https:\/\/agenciainfra.com\/blog\/#\/schema\/person\/04dbb79bd6d8951f063da71f3e4c1eb1\"},\"headline\":\"Leil\u00e3o da BR-163-230\/MT-PA teria uma proposta, afirmam agentes do setor\",\"datePublished\":\"2021-07-07T11:00:00+00:00\",\"mainEntityOfPage\":{\"@id\":\"https:\/\/agenciainfra.com\/blog\/leilao-da-br-163-230-mt-pa-teria-uma-proposta-afirmam-agentes-do-setor\/\"},\"wordCount\":374,\"publisher\":{\"@id\":\"https:\/\/agenciainfra.com\/blog\/#organization\"},\"image\":{\"@id\":\"https:\/\/agenciainfra.com\/blog\/leilao-da-br-163-230-mt-pa-teria-uma-proposta-afirmam-agentes-do-setor\/#primaryimage\"},\"thumbnailUrl\":\"https:\/\/agenciainfra.com\/blog\/wp-content\/uploads\/2021\/07\/rodovias-foto-agencia-brasil.jpeg\",\"keywords\":[\"ANTT\",\"BR-163-230\/MT-PA\",\"Concess\u00e3o\",\"concess\u00f5es rodovi\u00e1rias\",\"escoamento\",\"Ferrogr\u00e3o\",\"Ferrovia\",\"Investimentos\",\"leil\u00e3o\",\"licita\u00e7\u00e3o\",\"Mato Grosso\",\"Par\u00e1\",\"rio Tapaj\u00f3s\",\"Rodovia\",\"terminais portu\u00e1rios\"],\"articleSection\":[\"Geral\",\"iNFRATransporte\"],\"inLanguage\":\"pt-BR\",\"copyrightYear\":\"2021\",\"copyrightHolder\":{\"@id\":\"https:\/\/agenciainfra.com\/blog\/#organization\"}},{\"@type\":\"WebPage\",\"@id\":\"https:\/\/agenciainfra.com\/blog\/leilao-da-br-163-230-mt-pa-teria-uma-proposta-afirmam-agentes-do-setor\/\",\"url\":\"https:\/\/agenciainfra.com\/blog\/leilao-da-br-163-230-mt-pa-teria-uma-proposta-afirmam-agentes-do-setor\/\",\"name\":\"Leil\u00e3o da BR-163-230\/MT-PA teria uma proposta, afirmam agentes do setor - Ag\u00eancia iNFRA\",\"isPartOf\":{\"@id\":\"https:\/\/agenciainfra.com\/blog\/#website\"},\"primaryImageOfPage\":{\"@id\":\"https:\/\/agenciainfra.com\/blog\/leilao-da-br-163-230-mt-pa-teria-uma-proposta-afirmam-agentes-do-setor\/#primaryimage\"},\"image\":{\"@id\":\"https:\/\/agenciainfra.com\/blog\/leilao-da-br-163-230-mt-pa-teria-uma-proposta-afirmam-agentes-do-setor\/#primaryimage\"},\"thumbnailUrl\":\"https:\/\/agenciainfra.com\/blog\/wp-content\/uploads\/2021\/07\/rodovias-foto-agencia-brasil.jpeg\",\"datePublished\":\"2021-07-07T11:00:00+00:00\",\"breadcrumb\":{\"@id\":\"https:\/\/agenciainfra.com\/blog\/leilao-da-br-163-230-mt-pa-teria-uma-proposta-afirmam-agentes-do-setor\/#breadcrumb\"},\"inLanguage\":\"pt-BR\",\"potentialAction\":[{\"@type\":\"ReadAction\",\"target\":[\"https:\/\/agenciainfra.com\/blog\/leilao-da-br-163-230-mt-pa-teria-uma-proposta-afirmam-agentes-do-setor\/\"]}]},{\"@type\":\"ImageObject\",\"inLanguage\":\"pt-BR\",\"@id\":\"https:\/\/agenciainfra.com\/blog\/leilao-da-br-163-230-mt-pa-teria-uma-proposta-afirmam-agentes-do-setor\/#primaryimage\",\"url\":\"https:\/\/agenciainfra.com\/blog\/wp-content\/uploads\/2021\/07\/rodovias-foto-agencia-brasil.jpeg\",\"contentUrl\":\"https:\/\/agenciainfra.com\/blog\/wp-content\/uploads\/2021\/07\/rodovias-foto-agencia-brasil.jpeg\",\"width\":1280,\"height\":766,\"caption\":\"Foto: Ag\u00eancia Brasil\"},{\"@type\":\"BreadcrumbList\",\"@id\":\"https:\/\/agenciainfra.com\/blog\/leilao-da-br-163-230-mt-pa-teria-uma-proposta-afirmam-agentes-do-setor\/#breadcrumb\",\"itemListElement\":[{\"@type\":\"ListItem\",\"position\":1,\"name\":\"In\u00edcio\",\"item\":\"https:\/\/agenciainfra.com\/blog\/\"},{\"@type\":\"ListItem\",\"position\":2,\"name\":\"Leil\u00e3o da BR-163-230\/MT-PA teria uma proposta, afirmam agentes do setor\"}]},{\"@type\":\"WebSite\",\"@id\":\"https:\/\/agenciainfra.com\/blog\/#website\",\"url\":\"https:\/\/agenciainfra.com\/blog\/\",\"name\":\"Ag\u00eancia iNFRA\",\"description\":\"Multiplataforma de informa\u00e7\u00e3o jornal\u00edstica refer\u00eancia na \u00e1rea de infraestrutura no Brasil!\",\"publisher\":{\"@id\":\"https:\/\/agenciainfra.com\/blog\/#organization\"},\"potentialAction\":[{\"@type\":\"SearchAction\",\"target\":{\"@type\":\"EntryPoint\",\"urlTemplate\":\"https:\/\/agenciainfra.com\/blog\/?s={search_term_string}\"},\"query-input\":{\"@type\":\"PropertyValueSpecification\",\"valueRequired\":true,\"valueName\":\"search_term_string\"}}],\"inLanguage\":\"pt-BR\"},{\"@type\":\"Organization\",\"@id\":\"https:\/\/agenciainfra.com\/blog\/#organization\",\"name\":\"Ag\u00eancia iNFRA\",\"url\":\"https:\/\/agenciainfra.com\/blog\/\",\"logo\":{\"@type\":\"ImageObject\",\"inLanguage\":\"pt-BR\",\"@id\":\"https:\/\/agenciainfra.com\/blog\/#\/schema\/logo\/image\/\",\"url\":\"https:\/\/agenciainfra.com\/blog\/wp-content\/uploads\/2023\/09\/iNFRA_5-e1761735885940.png\",\"contentUrl\":\"https:\/\/agenciainfra.com\/blog\/wp-content\/uploads\/2023\/09\/iNFRA_5-e1761735885940.png\",\"width\":1672,\"height\":454,\"caption\":\"Ag\u00eancia iNFRA\"},\"image\":{\"@id\":\"https:\/\/agenciainfra.com\/blog\/#\/schema\/logo\/image\/\"},\"sameAs\":[\"https:\/\/www.facebook.com\/ageninfra\",\"https:\/\/x.com\/agencia_infra\",\"https:\/\/www.linkedin.com\/company\/ag\u00eanciainfra\/\",\"https:\/\/www.instagram.com\/agenciainfra\/\"]},{\"@type\":\"Person\",\"@id\":\"https:\/\/agenciainfra.com\/blog\/#\/schema\/person\/04dbb79bd6d8951f063da71f3e4c1eb1\",\"name\":\"Rodrigo Zuquim\",\"image\":{\"@type\":\"ImageObject\",\"inLanguage\":\"pt-BR\",\"@id\":\"https:\/\/agenciainfra.com\/blog\/#\/schema\/person\/image\/\",\"url\":\"https:\/\/secure.gravatar.com\/avatar\/594abfe82761d620726242ff34ca472a705a4b97f16c790053a6b4c4035274d0?s=96&d=mm&r=g\",\"contentUrl\":\"https:\/\/secure.gravatar.com\/avatar\/594abfe82761d620726242ff34ca472a705a4b97f16c790053a6b4c4035274d0?s=96&d=mm&r=g\",\"caption\":\"Rodrigo Zuquim\"},\"url\":\"https:\/\/agenciainfra.com\/blog\/author\/rodrigo-zuquim\/\"}]}<\/script>\n<!-- \/ Yoast SEO Premium plugin. -->","yoast_head_json":{"title":"Leil\u00e3o da BR-163-230\/MT-PA teria uma proposta, afirmam agentes do setor - Ag\u00eancia iNFRA","robots":{"index":"index","follow":"follow","max-snippet":"max-snippet:-1","max-image-preview":"max-image-preview:large","max-video-preview":"max-video-preview:-1"},"canonical":"https:\/\/agenciainfra.com\/blog\/leilao-da-br-163-230-mt-pa-teria-uma-proposta-afirmam-agentes-do-setor\/","og_locale":"pt_BR","og_type":"article","og_title":"Leil\u00e3o da BR-163-230\/MT-PA teria uma proposta, afirmam agentes do setor","og_description":"da&nbsp;Ag\u00eancia iNFRA O leil\u00e3o da ANTT (Ag\u00eancia Nacional de Transportes Terrestres) para a concess\u00e3o da BR-163-230\/PA-MT teria\u00a0pelo menos um grupo que apresentou proposta formal na sess\u00e3o de recebimento de envelopes realizada na segunda-feira (5), em S\u00e3o Paulo, segundo apurou a\u00a0Ag\u00eancia iNFRA\u00a0junto a agentes dos setores p\u00fablico e privado. A sess\u00e3o para abertura dos envelopes est\u00e1 [&hellip;]","og_url":"https:\/\/agenciainfra.com\/blog\/leilao-da-br-163-230-mt-pa-teria-uma-proposta-afirmam-agentes-do-setor\/","og_site_name":"Ag\u00eancia iNFRA","article_publisher":"https:\/\/www.facebook.com\/ageninfra","article_published_time":"2021-07-07T11:00:00+00:00","og_image":[{"width":1280,"height":766,"url":"https:\/\/agenciainfra.com\/blog\/wp-content\/uploads\/2021\/07\/rodovias-foto-agencia-brasil.jpeg","type":"image\/jpeg"}],"author":"Rodrigo Zuquim","twitter_card":"summary_large_image","twitter_creator":"@agencia_infra","twitter_site":"@agencia_infra","twitter_misc":{"Escrito por":"Rodrigo Zuquim","Est. tempo de leitura":"2 minutos"},"schema":{"@context":"https:\/\/schema.org","@graph":[{"@type":"Article","@id":"https:\/\/agenciainfra.com\/blog\/leilao-da-br-163-230-mt-pa-teria-uma-proposta-afirmam-agentes-do-setor\/#article","isPartOf":{"@id":"https:\/\/agenciainfra.com\/blog\/leilao-da-br-163-230-mt-pa-teria-uma-proposta-afirmam-agentes-do-setor\/"},"author":{"name":"Rodrigo Zuquim","@id":"https:\/\/agenciainfra.com\/blog\/#\/schema\/person\/04dbb79bd6d8951f063da71f3e4c1eb1"},"headline":"Leil\u00e3o da BR-163-230\/MT-PA teria uma proposta, afirmam agentes do setor","datePublished":"2021-07-07T11:00:00+00:00","mainEntityOfPage":{"@id":"https:\/\/agenciainfra.com\/blog\/leilao-da-br-163-230-mt-pa-teria-uma-proposta-afirmam-agentes-do-setor\/"},"wordCount":374,"publisher":{"@id":"https:\/\/agenciainfra.com\/blog\/#organization"},"image":{"@id":"https:\/\/agenciainfra.com\/blog\/leilao-da-br-163-230-mt-pa-teria-uma-proposta-afirmam-agentes-do-setor\/#primaryimage"},"thumbnailUrl":"https:\/\/agenciainfra.com\/blog\/wp-content\/uploads\/2021\/07\/rodovias-foto-agencia-brasil.jpeg","keywords":["ANTT","BR-163-230\/MT-PA","Concess\u00e3o","concess\u00f5es rodovi\u00e1rias","escoamento","Ferrogr\u00e3o","Ferrovia","Investimentos","leil\u00e3o","licita\u00e7\u00e3o","Mato Grosso","Par\u00e1","rio Tapaj\u00f3s","Rodovia","terminais portu\u00e1rios"],"articleSection":["Geral","iNFRATransporte"],"inLanguage":"pt-BR","copyrightYear":"2021","copyrightHolder":{"@id":"https:\/\/agenciainfra.com\/blog\/#organization"}},{"@type":"WebPage","@id":"https:\/\/agenciainfra.com\/blog\/leilao-da-br-163-230-mt-pa-teria-uma-proposta-afirmam-agentes-do-setor\/","url":"https:\/\/agenciainfra.com\/blog\/leilao-da-br-163-230-mt-pa-teria-uma-proposta-afirmam-agentes-do-setor\/","name":"Leil\u00e3o da BR-163-230\/MT-PA teria uma proposta, afirmam agentes do setor - Ag\u00eancia iNFRA","isPartOf":{"@id":"https:\/\/agenciainfra.com\/blog\/#website"},"primaryImageOfPage":{"@id":"https:\/\/agenciainfra.com\/blog\/leilao-da-br-163-230-mt-pa-teria-uma-proposta-afirmam-agentes-do-setor\/#primaryimage"},"image":{"@id":"https:\/\/agenciainfra.com\/blog\/leilao-da-br-163-230-mt-pa-teria-uma-proposta-afirmam-agentes-do-setor\/#primaryimage"},"thumbnailUrl":"https:\/\/agenciainfra.com\/blog\/wp-content\/uploads\/2021\/07\/rodovias-foto-agencia-brasil.jpeg","datePublished":"2021-07-07T11:00:00+00:00","breadcrumb":{"@id":"https:\/\/agenciainfra.com\/blog\/leilao-da-br-163-230-mt-pa-teria-uma-proposta-afirmam-agentes-do-setor\/#breadcrumb"},"inLanguage":"pt-BR","potentialAction":[{"@type":"ReadAction","target":["https:\/\/agenciainfra.com\/blog\/leilao-da-br-163-230-mt-pa-teria-uma-proposta-afirmam-agentes-do-setor\/"]}]},{"@type":"ImageObject","inLanguage":"pt-BR","@id":"https:\/\/agenciainfra.com\/blog\/leilao-da-br-163-230-mt-pa-teria-uma-proposta-afirmam-agentes-do-setor\/#primaryimage","url":"https:\/\/agenciainfra.com\/blog\/wp-content\/uploads\/2021\/07\/rodovias-foto-agencia-brasil.jpeg","contentUrl":"https:\/\/agenciainfra.com\/blog\/wp-content\/uploads\/2021\/07\/rodovias-foto-agencia-brasil.jpeg","width":1280,"height":766,"caption":"Foto: Ag\u00eancia Brasil"},{"@type":"BreadcrumbList","@id":"https:\/\/agenciainfra.com\/blog\/leilao-da-br-163-230-mt-pa-teria-uma-proposta-afirmam-agentes-do-setor\/#breadcrumb","itemListElement":[{"@type":"ListItem","position":1,"name":"In\u00edcio","item":"https:\/\/agenciainfra.com\/blog\/"},{"@type":"ListItem","position":2,"name":"Leil\u00e3o da BR-163-230\/MT-PA teria uma proposta, afirmam agentes do setor"}]},{"@type":"WebSite","@id":"https:\/\/agenciainfra.com\/blog\/#website","url":"https:\/\/agenciainfra.com\/blog\/","name":"Ag\u00eancia iNFRA","description":"Multiplataforma de informa\u00e7\u00e3o jornal\u00edstica refer\u00eancia na \u00e1rea de infraestrutura no Brasil!","publisher":{"@id":"https:\/\/agenciainfra.com\/blog\/#organization"},"potentialAction":[{"@type":"SearchAction","target":{"@type":"EntryPoint","urlTemplate":"https:\/\/agenciainfra.com\/blog\/?s={search_term_string}"},"query-input":{"@type":"PropertyValueSpecification","valueRequired":true,"valueName":"search_term_string"}}],"inLanguage":"pt-BR"},{"@type":"Organization","@id":"https:\/\/agenciainfra.com\/blog\/#organization","name":"Ag\u00eancia iNFRA","url":"https:\/\/agenciainfra.com\/blog\/","logo":{"@type":"ImageObject","inLanguage":"pt-BR","@id":"https:\/\/agenciainfra.com\/blog\/#\/schema\/logo\/image\/","url":"https:\/\/agenciainfra.com\/blog\/wp-content\/uploads\/2023\/09\/iNFRA_5-e1761735885940.png","contentUrl":"https:\/\/agenciainfra.com\/blog\/wp-content\/uploads\/2023\/09\/iNFRA_5-e1761735885940.png","width":1672,"height":454,"caption":"Ag\u00eancia iNFRA"},"image":{"@id":"https:\/\/agenciainfra.com\/blog\/#\/schema\/logo\/image\/"},"sameAs":["https:\/\/www.facebook.com\/ageninfra","https:\/\/x.com\/agencia_infra","https:\/\/www.linkedin.com\/company\/ag\u00eanciainfra\/","https:\/\/www.instagram.com\/agenciainfra\/"]},{"@type":"Person","@id":"https:\/\/agenciainfra.com\/blog\/#\/schema\/person\/04dbb79bd6d8951f063da71f3e4c1eb1","name":"Rodrigo Zuquim","image":{"@type":"ImageObject","inLanguage":"pt-BR","@id":"https:\/\/agenciainfra.com\/blog\/#\/schema\/person\/image\/","url":"https:\/\/secure.gravatar.com\/avatar\/594abfe82761d620726242ff34ca472a705a4b97f16c790053a6b4c4035274d0?s=96&d=mm&r=g","contentUrl":"https:\/\/secure.gravatar.com\/avatar\/594abfe82761d620726242ff34ca472a705a4b97f16c790053a6b4c4035274d0?s=96&d=mm&r=g","caption":"Rodrigo Zuquim"},"url":"https:\/\/agenciainfra.com\/blog\/author\/rodrigo-zuquim\/"}]}},"_links":{"self":[{"href":"https:\/\/agenciainfra.com\/blog\/wp-json\/wp\/v2\/posts\/7590","targetHints":{"allow":["GET"]}}],"collection":[{"href":"https:\/\/agenciainfra.com\/blog\/wp-json\/wp\/v2\/posts"}],"about":[{"href":"https:\/\/agenciainfra.com\/blog\/wp-json\/wp\/v2\/types\/post"}],"author":[{"embeddable":true,"href":"https:\/\/agenciainfra.com\/blog\/wp-json\/wp\/v2\/users\/9"}],"replies":[{"embeddable":true,"href":"https:\/\/agenciainfra.com\/blog\/wp-json\/wp\/v2\/comments?post=7590"}],"version-history":[{"count":0,"href":"https:\/\/agenciainfra.com\/blog\/wp-json\/wp\/v2\/posts\/7590\/revisions"}],"wp:featuredmedia":[{"embeddable":true,"href":"https:\/\/agenciainfra.com\/blog\/wp-json\/wp\/v2\/media\/7591"}],"wp:attachment":[{"href":"https:\/\/agenciainfra.com\/blog\/wp-json\/wp\/v2\/media?parent=7590"}],"wp:term":[{"taxonomy":"category","embeddable":true,"href":"https:\/\/agenciainfra.com\/blog\/wp-json\/wp\/v2\/categories?post=7590"},{"taxonomy":"post_tag","embeddable":true,"href":"https:\/\/agenciainfra.com\/blog\/wp-json\/wp\/v2\/tags?post=7590"}],"curies":[{"name":"wp","href":"https:\/\/api.w.org\/{rel}","templated":true}]}}