{"id":7641,"date":"2021-07-14T08:00:00","date_gmt":"2021-07-14T11:00:00","guid":{"rendered":"https:\/\/www.agenciainfra.com\/blog\/?p=7641"},"modified":"2021-07-13T11:58:14","modified_gmt":"2021-07-13T14:58:14","slug":"analise-falta-de-dialogo-entre-governo-e-industria-atrasa-programa-de-resposta-da-demanda","status":"publish","type":"post","link":"https:\/\/agenciainfra.com\/blog\/analise-falta-de-dialogo-entre-governo-e-industria-atrasa-programa-de-resposta-da-demanda\/","title":{"rendered":"An\u00e1lise: falta de di\u00e1logo entre governo e ind\u00fastria atrasa programa de resposta da demanda"},"content":{"rendered":"\n<hr class=\"wp-block-separator\"\/>\n\n\n\n<p class=\"has-text-align-right\"><strong>Leila Coimbra,&nbsp;da&nbsp;Ag\u00eancia iNFRA<\/strong><\/p>\n\n\n\n<p>A inten\u00e7\u00e3o inicial do MME (Minist\u00e9rio de Minas e Energia) era come\u00e7ar em 1\u00ba de julho o programa de redu\u00e7\u00e3o volunt\u00e1ria do consumo de energia pela ind\u00fastria, chamado de \u201cresposta da demanda\u201d. Com quase 15 dias de atraso, ainda n\u00e3o h\u00e1 previs\u00e3o de quando o programa entrar\u00e1 em vigor, apesar de o ministro da pasta, Bento Albuquerque, ter dito que poderia ser nesta semana.<br><br>O problema \u00e9 a&nbsp;falta de di\u00e1logo entre o governo e as associa\u00e7\u00f5es que representam a ind\u00fastria eletrointensiva&nbsp;e os autoprodutores&nbsp;de energia&nbsp;para construir tal solu\u00e7\u00e3o, que n\u00e3o est\u00e1 fluindo como deveria.<br><br><strong>Sobrecarga no hor\u00e1rio de pico<\/strong><br>O intuito do programa \u00e9 deslocar a produ\u00e7\u00e3o das f\u00e1bricas do hor\u00e1rio de pico de consumo, evitando sobrecarga do sistema el\u00e9trico e propiciando mais flexibilidade na opera\u00e7\u00e3o. Uma alternativa importante para mitigar a atual crise h\u00eddrica a qual o pa\u00eds atravessa.<br>&nbsp;<br>Fontes dizem que a ind\u00fastria est\u00e1 em uma posi\u00e7\u00e3o confort\u00e1vel nessa&nbsp;discuss\u00e3o. A maioria dos grandes consumidores possui contratos de fornecimento de eletricidade de longo prazo, com pre\u00e7os mais baixos, e n\u00e3o tem interesse em parar a produ\u00e7\u00e3o para dar folga de energia ao sistema, a n\u00e3o ser que isso valha a pena financeiramente.<br>&nbsp;<br>Do outro lado do balc\u00e3o, h\u00e1 um governo negociando em posi\u00e7\u00e3o de desvantagem: tentando a todo custo livrar o pa\u00eds de um racionamento de energia e das consequ\u00eancias pol\u00edticas e econ\u00f4micas de tal medida.<br>&nbsp;<br><strong>Associa\u00e7\u00f5es<\/strong><br>A principal interlocutora do MME para a negocia\u00e7\u00e3o do programa de&nbsp;resposta da demanda tem sido a Abdib (Associa\u00e7\u00e3o Brasileira da Infraestrutura e Ind\u00fastrias de Base). No entanto, a Abdib representa v\u00e1rios segmentos: al\u00e9m dos consumidores de energia, tamb\u00e9m geradores, transmissores e distribuidores. Com v\u00e1rios interesses em jogo, menores as chances de decis\u00e3o.<br>&nbsp;<br>\u201cN\u00f3s temos uma demanda dividida\u201d, admite&nbsp;o presidente da entidade, Venilton Tadini. \u201cN\u00e3o \u00e9 poss\u00edvel falar no consumo sem falar da oferta tamb\u00e9m. S\u00e3o necess\u00e1rias medidas emergenciais e de curto prazo, mas n\u00e3o podemos dissociar das medidas estruturais, para garantir a oferta de energia em 2021, e se antecipar a novas restri\u00e7\u00f5es que podem ocorrer j\u00e1 a partir de 2022\u201d, disse o executivo.<br>&nbsp;<br><strong>Pre\u00e7os<\/strong><br>A Abrace (Associa\u00e7\u00e3o dos Grandes Consumidores Industriais de Energia e Consumidores Livres), que representa o segmento alvo do programa, n\u00e3o tem participado das \u00faltimas reuni\u00f5es sobre redu\u00e7\u00e3o volunt\u00e1ria do consumo com o governo. Fez uma proposta inicial, contendo alguns pleitos e pedindo que o pre\u00e7o para deslocar a produ\u00e7\u00e3o fosse de R$ 1.557 o MWh (megawatt-hora), resultado do PLDh (Pre\u00e7o de Liquida\u00e7\u00e3o de Diferen\u00e7as Hor\u00e1rio) m\u00e1ximo vigente (R$ 1.197,87), com um pr\u00eamio de 30%.<br>&nbsp;<br>Fontes disseram que os contratos feitos no mercado livre pela ind\u00fastria n\u00e3o ultrapassam R$ 300 o MWh e que os valores propostos&nbsp;seriam, portanto, muito altos. Quem defende os grandes consumidores argumenta que esse \u00e9 o pre\u00e7o da escassez e que \u00e9 preciso uma sinaliza\u00e7\u00e3o atrativa para que o empres\u00e1rio desloque a produ\u00e7\u00e3o do seu \u2018core business\u2019.<br>&nbsp;<br>Depois da proposta inicial feita pela Abrace, n\u00e3o ocorreram mais encontros entre a entidade, o MME, e as institui\u00e7\u00f5es governamentais como o ONS (Operador Nacional do Sistema El\u00e9trico), a CCEE (C\u00e2mara de Comercializa\u00e7\u00e3o de Energia El\u00e9trica) e a ANEEL (Ag\u00eancia Nacional de Energia El\u00e9trica). Outra entidade que representa um segmento relevante nas negocia\u00e7\u00f5es, a Abiape (Associa\u00e7\u00e3o Brasileira dos Investidores em Autoprodu\u00e7\u00e3o de Energia), tamb\u00e9m n\u00e3o esteve presente nas \u00faltimas reuni\u00f5es com o governo para debater o programa.<br>&nbsp;<br><strong>CREG<\/strong><br>Na segunda-feira (12), houve um encontro entre o presidente da Abdib; o presidente do ONS, Luiz Ciocchi; a secret\u00e1ria-executiva do MME, Marisete Dadald; e o secret\u00e1rio de Energia da pasta, Christiano Vieira. Segundo Tadini, a Abdib se ofereceu para participar das pr\u00f3ximas reuni\u00f5es da CREG (C\u00e2mara de Regras Excepcionais para Gest\u00e3o Hidroenerg\u00e9tica). O executivo disse tamb\u00e9m que a associa\u00e7\u00e3o colocou os pontos que considerava relevantes para a avalia\u00e7\u00e3o do governo, e que novas reuni\u00f5es devem ocorrer em breve. Uma consulta p\u00fablica com as propostas para o programa ser\u00e1 aberta nos pr\u00f3ximos dias.<\/p>\n","protected":false},"excerpt":{"rendered":"<p>Leila Coimbra,&nbsp;da&nbsp;Ag\u00eancia iNFRA A inten\u00e7\u00e3o inicial do MME (Minist\u00e9rio de Minas e Energia) era come\u00e7ar em 1\u00ba de julho o programa de redu\u00e7\u00e3o volunt\u00e1ria do consumo de energia pela ind\u00fastria, chamado de \u201cresposta da demanda\u201d. Com quase 15 dias de atraso, ainda n\u00e3o h\u00e1 previs\u00e3o de quando o programa entrar\u00e1 em vigor, apesar de o [&hellip;]<\/p>\n","protected":false},"author":1,"featured_media":7646,"comment_status":"closed","ping_status":"closed","sticky":false,"template":"","format":"standard","meta":{"_monsterinsights_skip_tracking":false,"_monsterinsights_sitenote_active":false,"_monsterinsights_sitenote_note":"","_monsterinsights_sitenote_category":0,"footnotes":""},"categories":[1,10],"tags":[35,1198,41,53,710,14,4194,13,4625,3487,282,4666,368,4667,1002,55,519,71,216,827,3200,943,1112],"class_list":["post-7641","post","type-post","status-publish","format-standard","has-post-thumbnail","hentry","category-geral","category-infraenergia","tag-abdib","tag-abiape","tag-abrace","tag-aneel","tag-bento-albuquerque","tag-ccee","tag-christiano-vieira","tag-consumo-de-energia","tag-creg","tag-crise-hidrica","tag-energia-eletrica","tag-horario-de-pico","tag-industria","tag-luiz-carlos-ciocchi","tag-marisete-dadald","tag-mercado-livre","tag-minas-e-energia","tag-mme","tag-ons","tag-operador-nacional-do-sistema-eletrico","tag-racionamento","tag-sobrecarga","tag-venilton-tadini"],"yoast_head":"<!-- This site is optimized with the Yoast SEO Premium plugin v25.4 (Yoast SEO v26.0) - https:\/\/yoast.com\/wordpress\/plugins\/seo\/ -->\n<title>An\u00e1lise: falta de di\u00e1logo entre governo e ind\u00fastria atrasa programa de resposta da demanda - Ag\u00eancia iNFRA<\/title>\n<meta name=\"robots\" content=\"index, follow, max-snippet:-1, max-image-preview:large, max-video-preview:-1\" \/>\n<link rel=\"canonical\" href=\"https:\/\/agenciainfra.com\/blog\/analise-falta-de-dialogo-entre-governo-e-industria-atrasa-programa-de-resposta-da-demanda\/\" \/>\n<meta property=\"og:locale\" content=\"pt_BR\" \/>\n<meta property=\"og:type\" content=\"article\" \/>\n<meta property=\"og:title\" content=\"An\u00e1lise: falta de di\u00e1logo entre governo e ind\u00fastria atrasa programa de resposta da demanda\" \/>\n<meta property=\"og:description\" content=\"Leila Coimbra,&nbsp;da&nbsp;Ag\u00eancia iNFRA A inten\u00e7\u00e3o inicial do MME (Minist\u00e9rio de Minas e Energia) era come\u00e7ar em 1\u00ba de julho o programa de redu\u00e7\u00e3o volunt\u00e1ria do consumo de energia pela ind\u00fastria, chamado de \u201cresposta da demanda\u201d. Com quase 15 dias de atraso, ainda n\u00e3o h\u00e1 previs\u00e3o de quando o programa entrar\u00e1 em vigor, apesar de o [&hellip;]\" \/>\n<meta property=\"og:url\" content=\"https:\/\/agenciainfra.com\/blog\/analise-falta-de-dialogo-entre-governo-e-industria-atrasa-programa-de-resposta-da-demanda\/\" \/>\n<meta property=\"og:site_name\" content=\"Ag\u00eancia iNFRA\" \/>\n<meta property=\"article:publisher\" content=\"https:\/\/www.facebook.com\/ageninfra\" \/>\n<meta property=\"article:published_time\" content=\"2021-07-14T11:00:00+00:00\" \/>\n<meta property=\"og:image\" content=\"https:\/\/agenciainfra.com\/blog\/wp-content\/uploads\/2021\/07\/bento-albuquerque-mme-foto-mme.jpeg\" \/>\n\t<meta property=\"og:image:width\" content=\"1280\" \/>\n\t<meta property=\"og:image:height\" content=\"850\" \/>\n\t<meta property=\"og:image:type\" content=\"image\/jpeg\" \/>\n<meta name=\"author\" content=\"Ag\u00eancia iNFRA\" \/>\n<meta name=\"twitter:card\" content=\"summary_large_image\" \/>\n<meta name=\"twitter:creator\" content=\"@agencia_infra\" \/>\n<meta name=\"twitter:site\" content=\"@agencia_infra\" \/>\n<meta name=\"twitter:label1\" content=\"Escrito por\" \/>\n\t<meta name=\"twitter:data1\" content=\"Ag\u00eancia iNFRA\" \/>\n\t<meta name=\"twitter:label2\" content=\"Est. tempo de leitura\" \/>\n\t<meta name=\"twitter:data2\" content=\"4 minutos\" \/>\n<script type=\"application\/ld+json\" class=\"yoast-schema-graph\">{\"@context\":\"https:\/\/schema.org\",\"@graph\":[{\"@type\":\"Article\",\"@id\":\"https:\/\/agenciainfra.com\/blog\/analise-falta-de-dialogo-entre-governo-e-industria-atrasa-programa-de-resposta-da-demanda\/#article\",\"isPartOf\":{\"@id\":\"https:\/\/agenciainfra.com\/blog\/analise-falta-de-dialogo-entre-governo-e-industria-atrasa-programa-de-resposta-da-demanda\/\"},\"author\":{\"name\":\"Ag\u00eancia iNFRA\",\"@id\":\"https:\/\/agenciainfra.com\/blog\/#\/schema\/person\/34af08dff6adea4cb22b06612ba7acfa\"},\"headline\":\"An\u00e1lise: falta de di\u00e1logo entre governo e ind\u00fastria atrasa programa de resposta da demanda\",\"datePublished\":\"2021-07-14T11:00:00+00:00\",\"mainEntityOfPage\":{\"@id\":\"https:\/\/agenciainfra.com\/blog\/analise-falta-de-dialogo-entre-governo-e-industria-atrasa-programa-de-resposta-da-demanda\/\"},\"wordCount\":776,\"publisher\":{\"@id\":\"https:\/\/agenciainfra.com\/blog\/#organization\"},\"image\":{\"@id\":\"https:\/\/agenciainfra.com\/blog\/analise-falta-de-dialogo-entre-governo-e-industria-atrasa-programa-de-resposta-da-demanda\/#primaryimage\"},\"thumbnailUrl\":\"https:\/\/agenciainfra.com\/blog\/wp-content\/uploads\/2021\/07\/bento-albuquerque-mme-foto-mme.jpeg\",\"keywords\":[\"ABDIB\",\"Abiape\",\"Abrace\",\"ANEEL\",\"bento albuquerque\",\"ccee\",\"Christiano Vieira\",\"consumo de energia\",\"Creg\",\"crise h\u00eddrica\",\"energia el\u00e9trica\",\"hor\u00e1rio de pico\",\"ind\u00fastria\",\"Luiz Carlos Ciocchi\",\"Marisete Dadald\",\"mercado livre\",\"Minas e Energia\",\"MME\",\"ONS\",\"Operador Nacional do Sistema El\u00e9trico\",\"racionamento\",\"sobrecarga\",\"Venilton Tadini\"],\"articleSection\":[\"Geral\",\"iNFRAEnergia\"],\"inLanguage\":\"pt-BR\",\"copyrightYear\":\"2021\",\"copyrightHolder\":{\"@id\":\"https:\/\/agenciainfra.com\/blog\/#organization\"}},{\"@type\":\"WebPage\",\"@id\":\"https:\/\/agenciainfra.com\/blog\/analise-falta-de-dialogo-entre-governo-e-industria-atrasa-programa-de-resposta-da-demanda\/\",\"url\":\"https:\/\/agenciainfra.com\/blog\/analise-falta-de-dialogo-entre-governo-e-industria-atrasa-programa-de-resposta-da-demanda\/\",\"name\":\"An\u00e1lise: falta de di\u00e1logo entre governo e ind\u00fastria atrasa programa de resposta da demanda - Ag\u00eancia iNFRA\",\"isPartOf\":{\"@id\":\"https:\/\/agenciainfra.com\/blog\/#website\"},\"primaryImageOfPage\":{\"@id\":\"https:\/\/agenciainfra.com\/blog\/analise-falta-de-dialogo-entre-governo-e-industria-atrasa-programa-de-resposta-da-demanda\/#primaryimage\"},\"image\":{\"@id\":\"https:\/\/agenciainfra.com\/blog\/analise-falta-de-dialogo-entre-governo-e-industria-atrasa-programa-de-resposta-da-demanda\/#primaryimage\"},\"thumbnailUrl\":\"https:\/\/agenciainfra.com\/blog\/wp-content\/uploads\/2021\/07\/bento-albuquerque-mme-foto-mme.jpeg\",\"datePublished\":\"2021-07-14T11:00:00+00:00\",\"breadcrumb\":{\"@id\":\"https:\/\/agenciainfra.com\/blog\/analise-falta-de-dialogo-entre-governo-e-industria-atrasa-programa-de-resposta-da-demanda\/#breadcrumb\"},\"inLanguage\":\"pt-BR\",\"potentialAction\":[{\"@type\":\"ReadAction\",\"target\":[\"https:\/\/agenciainfra.com\/blog\/analise-falta-de-dialogo-entre-governo-e-industria-atrasa-programa-de-resposta-da-demanda\/\"]}]},{\"@type\":\"ImageObject\",\"inLanguage\":\"pt-BR\",\"@id\":\"https:\/\/agenciainfra.com\/blog\/analise-falta-de-dialogo-entre-governo-e-industria-atrasa-programa-de-resposta-da-demanda\/#primaryimage\",\"url\":\"https:\/\/agenciainfra.com\/blog\/wp-content\/uploads\/2021\/07\/bento-albuquerque-mme-foto-mme.jpeg\",\"contentUrl\":\"https:\/\/agenciainfra.com\/blog\/wp-content\/uploads\/2021\/07\/bento-albuquerque-mme-foto-mme.jpeg\",\"width\":1280,\"height\":850},{\"@type\":\"BreadcrumbList\",\"@id\":\"https:\/\/agenciainfra.com\/blog\/analise-falta-de-dialogo-entre-governo-e-industria-atrasa-programa-de-resposta-da-demanda\/#breadcrumb\",\"itemListElement\":[{\"@type\":\"ListItem\",\"position\":1,\"name\":\"In\u00edcio\",\"item\":\"https:\/\/agenciainfra.com\/blog\/\"},{\"@type\":\"ListItem\",\"position\":2,\"name\":\"An\u00e1lise: falta de di\u00e1logo entre governo e ind\u00fastria atrasa programa de resposta da demanda\"}]},{\"@type\":\"WebSite\",\"@id\":\"https:\/\/agenciainfra.com\/blog\/#website\",\"url\":\"https:\/\/agenciainfra.com\/blog\/\",\"name\":\"Ag\u00eancia iNFRA\",\"description\":\"Multiplataforma de informa\u00e7\u00e3o jornal\u00edstica refer\u00eancia na \u00e1rea de infraestrutura no Brasil!\",\"publisher\":{\"@id\":\"https:\/\/agenciainfra.com\/blog\/#organization\"},\"potentialAction\":[{\"@type\":\"SearchAction\",\"target\":{\"@type\":\"EntryPoint\",\"urlTemplate\":\"https:\/\/agenciainfra.com\/blog\/?s={search_term_string}\"},\"query-input\":{\"@type\":\"PropertyValueSpecification\",\"valueRequired\":true,\"valueName\":\"search_term_string\"}}],\"inLanguage\":\"pt-BR\"},{\"@type\":\"Organization\",\"@id\":\"https:\/\/agenciainfra.com\/blog\/#organization\",\"name\":\"Ag\u00eancia iNFRA\",\"url\":\"https:\/\/agenciainfra.com\/blog\/\",\"logo\":{\"@type\":\"ImageObject\",\"inLanguage\":\"pt-BR\",\"@id\":\"https:\/\/agenciainfra.com\/blog\/#\/schema\/logo\/image\/\",\"url\":\"https:\/\/agenciainfra.com\/blog\/wp-content\/uploads\/2023\/09\/iNFRA_5-e1761735885940.png\",\"contentUrl\":\"https:\/\/agenciainfra.com\/blog\/wp-content\/uploads\/2023\/09\/iNFRA_5-e1761735885940.png\",\"width\":1672,\"height\":454,\"caption\":\"Ag\u00eancia iNFRA\"},\"image\":{\"@id\":\"https:\/\/agenciainfra.com\/blog\/#\/schema\/logo\/image\/\"},\"sameAs\":[\"https:\/\/www.facebook.com\/ageninfra\",\"https:\/\/x.com\/agencia_infra\",\"https:\/\/www.linkedin.com\/company\/ag\u00eanciainfra\/\",\"https:\/\/www.instagram.com\/agenciainfra\/\"]},{\"@type\":\"Person\",\"@id\":\"https:\/\/agenciainfra.com\/blog\/#\/schema\/person\/34af08dff6adea4cb22b06612ba7acfa\",\"name\":\"Ag\u00eancia iNFRA\",\"image\":{\"@type\":\"ImageObject\",\"inLanguage\":\"pt-BR\",\"@id\":\"https:\/\/agenciainfra.com\/blog\/#\/schema\/person\/image\/\",\"url\":\"https:\/\/secure.gravatar.com\/avatar\/d189e01678f06d8eb84d4e01f08eb848b3fffe3f8443818d3c356c66892f5be8?s=96&d=mm&r=g\",\"contentUrl\":\"https:\/\/secure.gravatar.com\/avatar\/d189e01678f06d8eb84d4e01f08eb848b3fffe3f8443818d3c356c66892f5be8?s=96&d=mm&r=g\",\"caption\":\"Ag\u00eancia iNFRA\"},\"url\":\"https:\/\/agenciainfra.com\/blog\/author\/admin\/\"}]}<\/script>\n<!-- \/ Yoast SEO Premium plugin. -->","yoast_head_json":{"title":"An\u00e1lise: falta de di\u00e1logo entre governo e ind\u00fastria atrasa programa de resposta da demanda - Ag\u00eancia iNFRA","robots":{"index":"index","follow":"follow","max-snippet":"max-snippet:-1","max-image-preview":"max-image-preview:large","max-video-preview":"max-video-preview:-1"},"canonical":"https:\/\/agenciainfra.com\/blog\/analise-falta-de-dialogo-entre-governo-e-industria-atrasa-programa-de-resposta-da-demanda\/","og_locale":"pt_BR","og_type":"article","og_title":"An\u00e1lise: falta de di\u00e1logo entre governo e ind\u00fastria atrasa programa de resposta da demanda","og_description":"Leila Coimbra,&nbsp;da&nbsp;Ag\u00eancia iNFRA A inten\u00e7\u00e3o inicial do MME (Minist\u00e9rio de Minas e Energia) era come\u00e7ar em 1\u00ba de julho o programa de redu\u00e7\u00e3o volunt\u00e1ria do consumo de energia pela ind\u00fastria, chamado de \u201cresposta da demanda\u201d. Com quase 15 dias de atraso, ainda n\u00e3o h\u00e1 previs\u00e3o de quando o programa entrar\u00e1 em vigor, apesar de o [&hellip;]","og_url":"https:\/\/agenciainfra.com\/blog\/analise-falta-de-dialogo-entre-governo-e-industria-atrasa-programa-de-resposta-da-demanda\/","og_site_name":"Ag\u00eancia iNFRA","article_publisher":"https:\/\/www.facebook.com\/ageninfra","article_published_time":"2021-07-14T11:00:00+00:00","og_image":[{"width":1280,"height":850,"url":"https:\/\/agenciainfra.com\/blog\/wp-content\/uploads\/2021\/07\/bento-albuquerque-mme-foto-mme.jpeg","type":"image\/jpeg"}],"author":"Ag\u00eancia iNFRA","twitter_card":"summary_large_image","twitter_creator":"@agencia_infra","twitter_site":"@agencia_infra","twitter_misc":{"Escrito por":"Ag\u00eancia iNFRA","Est. tempo de leitura":"4 minutos"},"schema":{"@context":"https:\/\/schema.org","@graph":[{"@type":"Article","@id":"https:\/\/agenciainfra.com\/blog\/analise-falta-de-dialogo-entre-governo-e-industria-atrasa-programa-de-resposta-da-demanda\/#article","isPartOf":{"@id":"https:\/\/agenciainfra.com\/blog\/analise-falta-de-dialogo-entre-governo-e-industria-atrasa-programa-de-resposta-da-demanda\/"},"author":{"name":"Ag\u00eancia iNFRA","@id":"https:\/\/agenciainfra.com\/blog\/#\/schema\/person\/34af08dff6adea4cb22b06612ba7acfa"},"headline":"An\u00e1lise: falta de di\u00e1logo entre governo e ind\u00fastria atrasa programa de resposta da demanda","datePublished":"2021-07-14T11:00:00+00:00","mainEntityOfPage":{"@id":"https:\/\/agenciainfra.com\/blog\/analise-falta-de-dialogo-entre-governo-e-industria-atrasa-programa-de-resposta-da-demanda\/"},"wordCount":776,"publisher":{"@id":"https:\/\/agenciainfra.com\/blog\/#organization"},"image":{"@id":"https:\/\/agenciainfra.com\/blog\/analise-falta-de-dialogo-entre-governo-e-industria-atrasa-programa-de-resposta-da-demanda\/#primaryimage"},"thumbnailUrl":"https:\/\/agenciainfra.com\/blog\/wp-content\/uploads\/2021\/07\/bento-albuquerque-mme-foto-mme.jpeg","keywords":["ABDIB","Abiape","Abrace","ANEEL","bento albuquerque","ccee","Christiano Vieira","consumo de energia","Creg","crise h\u00eddrica","energia el\u00e9trica","hor\u00e1rio de pico","ind\u00fastria","Luiz Carlos Ciocchi","Marisete Dadald","mercado livre","Minas e Energia","MME","ONS","Operador Nacional do Sistema El\u00e9trico","racionamento","sobrecarga","Venilton Tadini"],"articleSection":["Geral","iNFRAEnergia"],"inLanguage":"pt-BR","copyrightYear":"2021","copyrightHolder":{"@id":"https:\/\/agenciainfra.com\/blog\/#organization"}},{"@type":"WebPage","@id":"https:\/\/agenciainfra.com\/blog\/analise-falta-de-dialogo-entre-governo-e-industria-atrasa-programa-de-resposta-da-demanda\/","url":"https:\/\/agenciainfra.com\/blog\/analise-falta-de-dialogo-entre-governo-e-industria-atrasa-programa-de-resposta-da-demanda\/","name":"An\u00e1lise: falta de di\u00e1logo entre governo e ind\u00fastria atrasa programa de resposta da demanda - Ag\u00eancia iNFRA","isPartOf":{"@id":"https:\/\/agenciainfra.com\/blog\/#website"},"primaryImageOfPage":{"@id":"https:\/\/agenciainfra.com\/blog\/analise-falta-de-dialogo-entre-governo-e-industria-atrasa-programa-de-resposta-da-demanda\/#primaryimage"},"image":{"@id":"https:\/\/agenciainfra.com\/blog\/analise-falta-de-dialogo-entre-governo-e-industria-atrasa-programa-de-resposta-da-demanda\/#primaryimage"},"thumbnailUrl":"https:\/\/agenciainfra.com\/blog\/wp-content\/uploads\/2021\/07\/bento-albuquerque-mme-foto-mme.jpeg","datePublished":"2021-07-14T11:00:00+00:00","breadcrumb":{"@id":"https:\/\/agenciainfra.com\/blog\/analise-falta-de-dialogo-entre-governo-e-industria-atrasa-programa-de-resposta-da-demanda\/#breadcrumb"},"inLanguage":"pt-BR","potentialAction":[{"@type":"ReadAction","target":["https:\/\/agenciainfra.com\/blog\/analise-falta-de-dialogo-entre-governo-e-industria-atrasa-programa-de-resposta-da-demanda\/"]}]},{"@type":"ImageObject","inLanguage":"pt-BR","@id":"https:\/\/agenciainfra.com\/blog\/analise-falta-de-dialogo-entre-governo-e-industria-atrasa-programa-de-resposta-da-demanda\/#primaryimage","url":"https:\/\/agenciainfra.com\/blog\/wp-content\/uploads\/2021\/07\/bento-albuquerque-mme-foto-mme.jpeg","contentUrl":"https:\/\/agenciainfra.com\/blog\/wp-content\/uploads\/2021\/07\/bento-albuquerque-mme-foto-mme.jpeg","width":1280,"height":850},{"@type":"BreadcrumbList","@id":"https:\/\/agenciainfra.com\/blog\/analise-falta-de-dialogo-entre-governo-e-industria-atrasa-programa-de-resposta-da-demanda\/#breadcrumb","itemListElement":[{"@type":"ListItem","position":1,"name":"In\u00edcio","item":"https:\/\/agenciainfra.com\/blog\/"},{"@type":"ListItem","position":2,"name":"An\u00e1lise: falta de di\u00e1logo entre governo e ind\u00fastria atrasa programa de resposta da demanda"}]},{"@type":"WebSite","@id":"https:\/\/agenciainfra.com\/blog\/#website","url":"https:\/\/agenciainfra.com\/blog\/","name":"Ag\u00eancia iNFRA","description":"Multiplataforma de informa\u00e7\u00e3o jornal\u00edstica refer\u00eancia na \u00e1rea de infraestrutura no Brasil!","publisher":{"@id":"https:\/\/agenciainfra.com\/blog\/#organization"},"potentialAction":[{"@type":"SearchAction","target":{"@type":"EntryPoint","urlTemplate":"https:\/\/agenciainfra.com\/blog\/?s={search_term_string}"},"query-input":{"@type":"PropertyValueSpecification","valueRequired":true,"valueName":"search_term_string"}}],"inLanguage":"pt-BR"},{"@type":"Organization","@id":"https:\/\/agenciainfra.com\/blog\/#organization","name":"Ag\u00eancia iNFRA","url":"https:\/\/agenciainfra.com\/blog\/","logo":{"@type":"ImageObject","inLanguage":"pt-BR","@id":"https:\/\/agenciainfra.com\/blog\/#\/schema\/logo\/image\/","url":"https:\/\/agenciainfra.com\/blog\/wp-content\/uploads\/2023\/09\/iNFRA_5-e1761735885940.png","contentUrl":"https:\/\/agenciainfra.com\/blog\/wp-content\/uploads\/2023\/09\/iNFRA_5-e1761735885940.png","width":1672,"height":454,"caption":"Ag\u00eancia iNFRA"},"image":{"@id":"https:\/\/agenciainfra.com\/blog\/#\/schema\/logo\/image\/"},"sameAs":["https:\/\/www.facebook.com\/ageninfra","https:\/\/x.com\/agencia_infra","https:\/\/www.linkedin.com\/company\/ag\u00eanciainfra\/","https:\/\/www.instagram.com\/agenciainfra\/"]},{"@type":"Person","@id":"https:\/\/agenciainfra.com\/blog\/#\/schema\/person\/34af08dff6adea4cb22b06612ba7acfa","name":"Ag\u00eancia iNFRA","image":{"@type":"ImageObject","inLanguage":"pt-BR","@id":"https:\/\/agenciainfra.com\/blog\/#\/schema\/person\/image\/","url":"https:\/\/secure.gravatar.com\/avatar\/d189e01678f06d8eb84d4e01f08eb848b3fffe3f8443818d3c356c66892f5be8?s=96&d=mm&r=g","contentUrl":"https:\/\/secure.gravatar.com\/avatar\/d189e01678f06d8eb84d4e01f08eb848b3fffe3f8443818d3c356c66892f5be8?s=96&d=mm&r=g","caption":"Ag\u00eancia iNFRA"},"url":"https:\/\/agenciainfra.com\/blog\/author\/admin\/"}]}},"_links":{"self":[{"href":"https:\/\/agenciainfra.com\/blog\/wp-json\/wp\/v2\/posts\/7641","targetHints":{"allow":["GET"]}}],"collection":[{"href":"https:\/\/agenciainfra.com\/blog\/wp-json\/wp\/v2\/posts"}],"about":[{"href":"https:\/\/agenciainfra.com\/blog\/wp-json\/wp\/v2\/types\/post"}],"author":[{"embeddable":true,"href":"https:\/\/agenciainfra.com\/blog\/wp-json\/wp\/v2\/users\/1"}],"replies":[{"embeddable":true,"href":"https:\/\/agenciainfra.com\/blog\/wp-json\/wp\/v2\/comments?post=7641"}],"version-history":[{"count":0,"href":"https:\/\/agenciainfra.com\/blog\/wp-json\/wp\/v2\/posts\/7641\/revisions"}],"wp:featuredmedia":[{"embeddable":true,"href":"https:\/\/agenciainfra.com\/blog\/wp-json\/wp\/v2\/media\/7646"}],"wp:attachment":[{"href":"https:\/\/agenciainfra.com\/blog\/wp-json\/wp\/v2\/media?parent=7641"}],"wp:term":[{"taxonomy":"category","embeddable":true,"href":"https:\/\/agenciainfra.com\/blog\/wp-json\/wp\/v2\/categories?post=7641"},{"taxonomy":"post_tag","embeddable":true,"href":"https:\/\/agenciainfra.com\/blog\/wp-json\/wp\/v2\/tags?post=7641"}],"curies":[{"name":"wp","href":"https:\/\/api.w.org\/{rel}","templated":true}]}}