{"id":7695,"date":"2021-07-19T11:37:16","date_gmt":"2021-07-19T14:37:16","guid":{"rendered":"https:\/\/www.agenciainfra.com\/blog\/?p=7695"},"modified":"2021-07-19T11:37:20","modified_gmt":"2021-07-19T14:37:20","slug":"analise-a-sorte-ou-azar-de-jair-bolsonaro","status":"publish","type":"post","link":"https:\/\/agenciainfra.com\/blog\/analise-a-sorte-ou-azar-de-jair-bolsonaro\/","title":{"rendered":"An\u00e1lise: A sorte ou azar de Jair Bolsonaro?"},"content":{"rendered":"\n<p class=\"has-text-align-right\"><strong>Roberto Rockmann, colunista da Ag\u00eancia iNFRA*<\/strong><\/p>\n\n\n\n<p>Alguns n\u00fameros circularam no governo e entre executivos na \u00faltima semana. Se a demanda por energia el\u00e9trica crescer 3% em 2021, o risco de racionamento \u00e9 de 14%. Se crescer 8% ao ano, o risco \u00e9 20%. Esses n\u00fameros s\u00e3o v\u00e1lidos, se o governo n\u00e3o fizer nada. Se a CREG (C\u00e2mara de Regras Excepcionais para Gest\u00e3o Hidroenerg\u00e9tica) atuar bem, esses riscos zeram. A chance de estresse e problemas \u00e9 de cerca de 40%.<br>&nbsp;<br>Boa parte da atua\u00e7\u00e3o do governo depende da gest\u00e3o h\u00eddrica, um tema que ainda deve render muita dor de cabe\u00e7a. Nas \u00faltimas semanas, a vaz\u00e3o de alguns reservat\u00f3rios, como da usina de Porto Primavera, tem sido reduzida. Poupar \u00e1gua para produzir energia el\u00e9trica causa impactos sobre turismo, irriga\u00e7\u00e3o, ind\u00fastrias e hidrovias.<br>&nbsp;<br>A bancada de Minas Gerais j\u00e1 tem manifestado insatisfa\u00e7\u00e3o em rela\u00e7\u00e3o \u00e0s medidas para os reservat\u00f3rios de Furnas. Em S\u00e3o Paulo, parlamentares come\u00e7am a discutir o impacto sobre a Hidrovia Tiet\u00ea-Paran\u00e1. No plano nacional, o tema pode trazer diverg\u00eancias entre o Minist\u00e9rio da Economia e do Desenvolvimento Regional. A mortandade de peixes pode criar um flanco entre ambientalistas.<br>&nbsp;<br><strong>Consumo \u201cbombando\u201d<\/strong><br>Outro ponto \u00e9 a demanda. Na semana passada, o ministro da Economia, Paulo Guedes, comemorou que o consumo de energia est\u00e1 \u201cbombando\u201d. Dados da CCEE apontam um aumento de 19,2% no mercado livre no primeiro semestre. J\u00e1 no mercado regulado, o consumo avan\u00e7ou 2,5%.<br>&nbsp;<br>O programa de redu\u00e7\u00e3o volunt\u00e1ria ainda est\u00e1 cercado de d\u00favidas. Na \u00faltima sexta-feira (16), fabricantes de m\u00e1quinas e equipamentos buscavam marcar reuni\u00e3o entre eles para elaborar sugest\u00f5es. Como a economia cresce mais que o esperado e o ciclo das commodities est\u00e1 em pico hist\u00f3rico, deslocar a produ\u00e7\u00e3o sair\u00e1 caro.<br>&nbsp;<br>O senso de urg\u00eancia perdeu alguns graus nas \u00faltimas semanas, o que faz recordar de uma hist\u00f3ria ocorrida em janeiro de 2008, quando o risco de racionamento superava 30%. O presidente Luiz In\u00e1cio Lula da Silva convocou uma reuni\u00e3o de emerg\u00eancia e mandou at\u00e9 a ministra-chefe da Casa Civil, Dilma Rousseff, voltar de f\u00e9rias.<br>&nbsp;<br>Enquanto a maioria dos participantes dizia que n\u00e3o havia preocupa\u00e7\u00e3o, o diretor-geral da ANEEL (Ag\u00eancia Nacional de Energia El\u00e9trica), Jerson Kelman, fez quest\u00e3o de ressaltar que o risco era muito acima do normal. Lula n\u00e3o se mexeu da cadeira.<br>&nbsp;<br><strong>Riscos nos governos Lula e FHC<\/strong><br>A princ\u00edpio, Kelman achou que o presidente n\u00e3o tinha entendido, mas depois a ficha caiu. \u201cUm l\u00edder fez um zilh\u00e3o de apostas ao longo da vida em que a probabilidade de ganhar era baixa \u2013 e ele ganhou. Com 70% de probabilidade de dar certo, ele achou um exagero. No caso dele deu certo, no do Fernando Henrique, errado.\u201d<br>&nbsp;<br>Qual lado da moeda cair\u00e1 para o presidente Jair Bolsonaro?<\/p>\n\n\n\n<h6 class=\"wp-block-heading\" id=\"block-178fc1d4-e0e7-4941-ae44-1d93031598eb\">*Roberto Rockmann \u00e9 escritor e jornalista. Coautor do livro \u201cCurto-Circuito, quando o Brasil quase ficou \u00e0s escuras\u201d e produtor do podcast quinzenal \u201cGiro Energia\u201d sobre o setor el\u00e9trico. Organizou em 2018 o livro de 20 anos do mercado livre de energia el\u00e9trica, editado pela CCEE (C\u00e2mara de Comercializa\u00e7\u00e3o de Energia El\u00e9trica), al\u00e9m de v\u00e1rios outros livros e trabalhos premiados.<\/h6>\n\n\n\n<h5 class=\"wp-block-heading\" id=\"block-58d70c9f-3268-4439-afeb-e373320a8893\">As opini\u00f5es dos autores n\u00e3o refletem necessariamente o pensamento da Ag\u00eancia iNFRA, sendo de total responsabilidade do autor as informa\u00e7\u00f5es, ju\u00edzos de valor e conceitos descritos no texto.<\/h5>\n","protected":false},"excerpt":{"rendered":"<p>Roberto Rockmann, colunista da Ag\u00eancia iNFRA* Alguns n\u00fameros circularam no governo e entre executivos na \u00faltima semana. Se a demanda por energia el\u00e9trica crescer 3% em 2021, o risco de racionamento \u00e9 de 14%. Se crescer 8% ao ano, o risco \u00e9 20%. Esses n\u00fameros s\u00e3o v\u00e1lidos, se o governo n\u00e3o fizer nada. Se a [&hellip;]<\/p>\n","protected":false},"author":1,"featured_media":7697,"comment_status":"closed","ping_status":"closed","sticky":false,"template":"","format":"standard","meta":{"_monsterinsights_skip_tracking":false,"_monsterinsights_sitenote_active":false,"_monsterinsights_sitenote_note":"","_monsterinsights_sitenote_category":0,"footnotes":""},"categories":[1],"tags":[53,866,4690,14,4625,282,638,4645,4691,845,766,760,962,4385,1819,4488],"class_list":["post-7695","post","type-post","status-publish","format-standard","has-post-thumbnail","hentry","category-geral","tag-aneel","tag-camara-de-comercializacao-de-energia-eletrica","tag-camara-de-regras-excepcionais-para-gestao-hidroenergetica","tag-ccee","tag-creg","tag-energia-eletrica","tag-furnas","tag-gestao-hidroenergetica","tag-hidrovia-tiete-parana","tag-jair-bolsonaro","tag-ministerio-da-economia","tag-ministerio-do-desenvolvimento-regional","tag-paulo-guedes","tag-porto-primavera","tag-reservatorios","tag-roberto-rockmann"],"yoast_head":"<!-- This site is optimized with the Yoast SEO Premium plugin v25.4 (Yoast SEO v26.0) - https:\/\/yoast.com\/wordpress\/plugins\/seo\/ -->\n<title>An\u00e1lise: A sorte ou azar de Jair Bolsonaro? - Ag\u00eancia iNFRA<\/title>\n<meta name=\"robots\" content=\"index, follow, max-snippet:-1, max-image-preview:large, max-video-preview:-1\" \/>\n<link rel=\"canonical\" href=\"https:\/\/agenciainfra.com\/blog\/analise-a-sorte-ou-azar-de-jair-bolsonaro\/\" \/>\n<meta property=\"og:locale\" content=\"pt_BR\" \/>\n<meta property=\"og:type\" content=\"article\" \/>\n<meta property=\"og:title\" content=\"An\u00e1lise: A sorte ou azar de Jair Bolsonaro?\" \/>\n<meta property=\"og:description\" content=\"Roberto Rockmann, colunista da Ag\u00eancia iNFRA* Alguns n\u00fameros circularam no governo e entre executivos na \u00faltima semana. Se a demanda por energia el\u00e9trica crescer 3% em 2021, o risco de racionamento \u00e9 de 14%. Se crescer 8% ao ano, o risco \u00e9 20%. Esses n\u00fameros s\u00e3o v\u00e1lidos, se o governo n\u00e3o fizer nada. Se a [&hellip;]\" \/>\n<meta property=\"og:url\" content=\"https:\/\/agenciainfra.com\/blog\/analise-a-sorte-ou-azar-de-jair-bolsonaro\/\" \/>\n<meta property=\"og:site_name\" content=\"Ag\u00eancia iNFRA\" \/>\n<meta property=\"article:publisher\" content=\"https:\/\/www.facebook.com\/ageninfra\" \/>\n<meta property=\"article:published_time\" content=\"2021-07-19T14:37:16+00:00\" \/>\n<meta property=\"article:modified_time\" content=\"2021-07-19T14:37:20+00:00\" \/>\n<meta property=\"og:image\" content=\"https:\/\/agenciainfra.com\/blog\/wp-content\/uploads\/2021\/07\/bento-bolsonaro-mourao-foto-fabio-rodrigues-pozzebom-agencia-brasil.jpeg\" \/>\n\t<meta property=\"og:image:width\" content=\"1280\" \/>\n\t<meta property=\"og:image:height\" content=\"853\" \/>\n\t<meta property=\"og:image:type\" content=\"image\/jpeg\" \/>\n<meta name=\"author\" content=\"Ag\u00eancia iNFRA\" \/>\n<meta name=\"twitter:card\" content=\"summary_large_image\" \/>\n<meta name=\"twitter:creator\" content=\"@agencia_infra\" \/>\n<meta name=\"twitter:site\" content=\"@agencia_infra\" \/>\n<meta name=\"twitter:label1\" content=\"Escrito por\" \/>\n\t<meta name=\"twitter:data1\" content=\"Ag\u00eancia iNFRA\" \/>\n\t<meta name=\"twitter:label2\" content=\"Est. tempo de leitura\" \/>\n\t<meta name=\"twitter:data2\" content=\"3 minutos\" \/>\n<script type=\"application\/ld+json\" class=\"yoast-schema-graph\">{\"@context\":\"https:\/\/schema.org\",\"@graph\":[{\"@type\":\"Article\",\"@id\":\"https:\/\/agenciainfra.com\/blog\/analise-a-sorte-ou-azar-de-jair-bolsonaro\/#article\",\"isPartOf\":{\"@id\":\"https:\/\/agenciainfra.com\/blog\/analise-a-sorte-ou-azar-de-jair-bolsonaro\/\"},\"author\":{\"name\":\"Ag\u00eancia iNFRA\",\"@id\":\"https:\/\/agenciainfra.com\/blog\/#\/schema\/person\/34af08dff6adea4cb22b06612ba7acfa\"},\"headline\":\"An\u00e1lise: A sorte ou azar de Jair Bolsonaro?\",\"datePublished\":\"2021-07-19T14:37:16+00:00\",\"dateModified\":\"2021-07-19T14:37:20+00:00\",\"mainEntityOfPage\":{\"@id\":\"https:\/\/agenciainfra.com\/blog\/analise-a-sorte-ou-azar-de-jair-bolsonaro\/\"},\"wordCount\":599,\"publisher\":{\"@id\":\"https:\/\/agenciainfra.com\/blog\/#organization\"},\"image\":{\"@id\":\"https:\/\/agenciainfra.com\/blog\/analise-a-sorte-ou-azar-de-jair-bolsonaro\/#primaryimage\"},\"thumbnailUrl\":\"https:\/\/agenciainfra.com\/blog\/wp-content\/uploads\/2021\/07\/bento-bolsonaro-mourao-foto-fabio-rodrigues-pozzebom-agencia-brasil.jpeg\",\"keywords\":[\"ANEEL\",\"C\u00e2mara de Comercializa\u00e7\u00e3o de Energia El\u00e9trica\",\"C\u00e2mara de Regras Excepcionais para Gest\u00e3o Hidroenerg\u00e9tica\",\"ccee\",\"Creg\",\"energia el\u00e9trica\",\"furnas\",\"gest\u00e3o hidroenerg\u00e9tica\",\"Hidrovia Tiet\u00ea-Paran\u00e1\",\"Jair Bolsonaro\",\"Minist\u00e9rio da Economia\",\"Minist\u00e9rio do Desenvolvimento Regional\",\"Paulo Guedes\",\"Porto Primavera\",\"reservat\u00f3rios\",\"Roberto Rockmann\"],\"articleSection\":[\"Geral\"],\"inLanguage\":\"pt-BR\",\"copyrightYear\":\"2021\",\"copyrightHolder\":{\"@id\":\"https:\/\/agenciainfra.com\/blog\/#organization\"}},{\"@type\":\"WebPage\",\"@id\":\"https:\/\/agenciainfra.com\/blog\/analise-a-sorte-ou-azar-de-jair-bolsonaro\/\",\"url\":\"https:\/\/agenciainfra.com\/blog\/analise-a-sorte-ou-azar-de-jair-bolsonaro\/\",\"name\":\"An\u00e1lise: A sorte ou azar de Jair Bolsonaro? - Ag\u00eancia iNFRA\",\"isPartOf\":{\"@id\":\"https:\/\/agenciainfra.com\/blog\/#website\"},\"primaryImageOfPage\":{\"@id\":\"https:\/\/agenciainfra.com\/blog\/analise-a-sorte-ou-azar-de-jair-bolsonaro\/#primaryimage\"},\"image\":{\"@id\":\"https:\/\/agenciainfra.com\/blog\/analise-a-sorte-ou-azar-de-jair-bolsonaro\/#primaryimage\"},\"thumbnailUrl\":\"https:\/\/agenciainfra.com\/blog\/wp-content\/uploads\/2021\/07\/bento-bolsonaro-mourao-foto-fabio-rodrigues-pozzebom-agencia-brasil.jpeg\",\"datePublished\":\"2021-07-19T14:37:16+00:00\",\"dateModified\":\"2021-07-19T14:37:20+00:00\",\"breadcrumb\":{\"@id\":\"https:\/\/agenciainfra.com\/blog\/analise-a-sorte-ou-azar-de-jair-bolsonaro\/#breadcrumb\"},\"inLanguage\":\"pt-BR\",\"potentialAction\":[{\"@type\":\"ReadAction\",\"target\":[\"https:\/\/agenciainfra.com\/blog\/analise-a-sorte-ou-azar-de-jair-bolsonaro\/\"]}]},{\"@type\":\"ImageObject\",\"inLanguage\":\"pt-BR\",\"@id\":\"https:\/\/agenciainfra.com\/blog\/analise-a-sorte-ou-azar-de-jair-bolsonaro\/#primaryimage\",\"url\":\"https:\/\/agenciainfra.com\/blog\/wp-content\/uploads\/2021\/07\/bento-bolsonaro-mourao-foto-fabio-rodrigues-pozzebom-agencia-brasil.jpeg\",\"contentUrl\":\"https:\/\/agenciainfra.com\/blog\/wp-content\/uploads\/2021\/07\/bento-bolsonaro-mourao-foto-fabio-rodrigues-pozzebom-agencia-brasil.jpeg\",\"width\":1280,\"height\":853,\"caption\":\"Presidente Jair Bolsonaro, Acompanhado do vice-presidente, Hamilton Mour\u00e3o e do ministro das MInas e Energia, Bento Albuquerque participa da solenidade de san\u00e7\u00e3o da lei de capitaliza\u00e7\u00e3o da Eletrobr\u00e1s\"},{\"@type\":\"BreadcrumbList\",\"@id\":\"https:\/\/agenciainfra.com\/blog\/analise-a-sorte-ou-azar-de-jair-bolsonaro\/#breadcrumb\",\"itemListElement\":[{\"@type\":\"ListItem\",\"position\":1,\"name\":\"In\u00edcio\",\"item\":\"https:\/\/agenciainfra.com\/blog\/\"},{\"@type\":\"ListItem\",\"position\":2,\"name\":\"An\u00e1lise: A sorte ou azar de Jair Bolsonaro?\"}]},{\"@type\":\"WebSite\",\"@id\":\"https:\/\/agenciainfra.com\/blog\/#website\",\"url\":\"https:\/\/agenciainfra.com\/blog\/\",\"name\":\"Ag\u00eancia iNFRA\",\"description\":\"Multiplataforma de informa\u00e7\u00e3o jornal\u00edstica refer\u00eancia na \u00e1rea de infraestrutura no Brasil!\",\"publisher\":{\"@id\":\"https:\/\/agenciainfra.com\/blog\/#organization\"},\"potentialAction\":[{\"@type\":\"SearchAction\",\"target\":{\"@type\":\"EntryPoint\",\"urlTemplate\":\"https:\/\/agenciainfra.com\/blog\/?s={search_term_string}\"},\"query-input\":{\"@type\":\"PropertyValueSpecification\",\"valueRequired\":true,\"valueName\":\"search_term_string\"}}],\"inLanguage\":\"pt-BR\"},{\"@type\":\"Organization\",\"@id\":\"https:\/\/agenciainfra.com\/blog\/#organization\",\"name\":\"Ag\u00eancia iNFRA\",\"url\":\"https:\/\/agenciainfra.com\/blog\/\",\"logo\":{\"@type\":\"ImageObject\",\"inLanguage\":\"pt-BR\",\"@id\":\"https:\/\/agenciainfra.com\/blog\/#\/schema\/logo\/image\/\",\"url\":\"https:\/\/agenciainfra.com\/blog\/wp-content\/uploads\/2023\/09\/iNFRA_5-e1761735885940.png\",\"contentUrl\":\"https:\/\/agenciainfra.com\/blog\/wp-content\/uploads\/2023\/09\/iNFRA_5-e1761735885940.png\",\"width\":1672,\"height\":454,\"caption\":\"Ag\u00eancia iNFRA\"},\"image\":{\"@id\":\"https:\/\/agenciainfra.com\/blog\/#\/schema\/logo\/image\/\"},\"sameAs\":[\"https:\/\/www.facebook.com\/ageninfra\",\"https:\/\/x.com\/agencia_infra\",\"https:\/\/www.linkedin.com\/company\/ag\u00eanciainfra\/\",\"https:\/\/www.instagram.com\/agenciainfra\/\"]},{\"@type\":\"Person\",\"@id\":\"https:\/\/agenciainfra.com\/blog\/#\/schema\/person\/34af08dff6adea4cb22b06612ba7acfa\",\"name\":\"Ag\u00eancia iNFRA\",\"image\":{\"@type\":\"ImageObject\",\"inLanguage\":\"pt-BR\",\"@id\":\"https:\/\/agenciainfra.com\/blog\/#\/schema\/person\/image\/\",\"url\":\"https:\/\/secure.gravatar.com\/avatar\/d189e01678f06d8eb84d4e01f08eb848b3fffe3f8443818d3c356c66892f5be8?s=96&d=mm&r=g\",\"contentUrl\":\"https:\/\/secure.gravatar.com\/avatar\/d189e01678f06d8eb84d4e01f08eb848b3fffe3f8443818d3c356c66892f5be8?s=96&d=mm&r=g\",\"caption\":\"Ag\u00eancia iNFRA\"},\"url\":\"https:\/\/agenciainfra.com\/blog\/author\/admin\/\"}]}<\/script>\n<!-- \/ Yoast SEO Premium plugin. -->","yoast_head_json":{"title":"An\u00e1lise: A sorte ou azar de Jair Bolsonaro? - Ag\u00eancia iNFRA","robots":{"index":"index","follow":"follow","max-snippet":"max-snippet:-1","max-image-preview":"max-image-preview:large","max-video-preview":"max-video-preview:-1"},"canonical":"https:\/\/agenciainfra.com\/blog\/analise-a-sorte-ou-azar-de-jair-bolsonaro\/","og_locale":"pt_BR","og_type":"article","og_title":"An\u00e1lise: A sorte ou azar de Jair Bolsonaro?","og_description":"Roberto Rockmann, colunista da Ag\u00eancia iNFRA* Alguns n\u00fameros circularam no governo e entre executivos na \u00faltima semana. Se a demanda por energia el\u00e9trica crescer 3% em 2021, o risco de racionamento \u00e9 de 14%. Se crescer 8% ao ano, o risco \u00e9 20%. Esses n\u00fameros s\u00e3o v\u00e1lidos, se o governo n\u00e3o fizer nada. Se a [&hellip;]","og_url":"https:\/\/agenciainfra.com\/blog\/analise-a-sorte-ou-azar-de-jair-bolsonaro\/","og_site_name":"Ag\u00eancia iNFRA","article_publisher":"https:\/\/www.facebook.com\/ageninfra","article_published_time":"2021-07-19T14:37:16+00:00","article_modified_time":"2021-07-19T14:37:20+00:00","og_image":[{"width":1280,"height":853,"url":"https:\/\/agenciainfra.com\/blog\/wp-content\/uploads\/2021\/07\/bento-bolsonaro-mourao-foto-fabio-rodrigues-pozzebom-agencia-brasil.jpeg","type":"image\/jpeg"}],"author":"Ag\u00eancia iNFRA","twitter_card":"summary_large_image","twitter_creator":"@agencia_infra","twitter_site":"@agencia_infra","twitter_misc":{"Escrito por":"Ag\u00eancia iNFRA","Est. tempo de leitura":"3 minutos"},"schema":{"@context":"https:\/\/schema.org","@graph":[{"@type":"Article","@id":"https:\/\/agenciainfra.com\/blog\/analise-a-sorte-ou-azar-de-jair-bolsonaro\/#article","isPartOf":{"@id":"https:\/\/agenciainfra.com\/blog\/analise-a-sorte-ou-azar-de-jair-bolsonaro\/"},"author":{"name":"Ag\u00eancia iNFRA","@id":"https:\/\/agenciainfra.com\/blog\/#\/schema\/person\/34af08dff6adea4cb22b06612ba7acfa"},"headline":"An\u00e1lise: A sorte ou azar de Jair Bolsonaro?","datePublished":"2021-07-19T14:37:16+00:00","dateModified":"2021-07-19T14:37:20+00:00","mainEntityOfPage":{"@id":"https:\/\/agenciainfra.com\/blog\/analise-a-sorte-ou-azar-de-jair-bolsonaro\/"},"wordCount":599,"publisher":{"@id":"https:\/\/agenciainfra.com\/blog\/#organization"},"image":{"@id":"https:\/\/agenciainfra.com\/blog\/analise-a-sorte-ou-azar-de-jair-bolsonaro\/#primaryimage"},"thumbnailUrl":"https:\/\/agenciainfra.com\/blog\/wp-content\/uploads\/2021\/07\/bento-bolsonaro-mourao-foto-fabio-rodrigues-pozzebom-agencia-brasil.jpeg","keywords":["ANEEL","C\u00e2mara de Comercializa\u00e7\u00e3o de Energia El\u00e9trica","C\u00e2mara de Regras Excepcionais para Gest\u00e3o Hidroenerg\u00e9tica","ccee","Creg","energia el\u00e9trica","furnas","gest\u00e3o hidroenerg\u00e9tica","Hidrovia Tiet\u00ea-Paran\u00e1","Jair Bolsonaro","Minist\u00e9rio da Economia","Minist\u00e9rio do Desenvolvimento Regional","Paulo Guedes","Porto Primavera","reservat\u00f3rios","Roberto Rockmann"],"articleSection":["Geral"],"inLanguage":"pt-BR","copyrightYear":"2021","copyrightHolder":{"@id":"https:\/\/agenciainfra.com\/blog\/#organization"}},{"@type":"WebPage","@id":"https:\/\/agenciainfra.com\/blog\/analise-a-sorte-ou-azar-de-jair-bolsonaro\/","url":"https:\/\/agenciainfra.com\/blog\/analise-a-sorte-ou-azar-de-jair-bolsonaro\/","name":"An\u00e1lise: A sorte ou azar de Jair Bolsonaro? - Ag\u00eancia iNFRA","isPartOf":{"@id":"https:\/\/agenciainfra.com\/blog\/#website"},"primaryImageOfPage":{"@id":"https:\/\/agenciainfra.com\/blog\/analise-a-sorte-ou-azar-de-jair-bolsonaro\/#primaryimage"},"image":{"@id":"https:\/\/agenciainfra.com\/blog\/analise-a-sorte-ou-azar-de-jair-bolsonaro\/#primaryimage"},"thumbnailUrl":"https:\/\/agenciainfra.com\/blog\/wp-content\/uploads\/2021\/07\/bento-bolsonaro-mourao-foto-fabio-rodrigues-pozzebom-agencia-brasil.jpeg","datePublished":"2021-07-19T14:37:16+00:00","dateModified":"2021-07-19T14:37:20+00:00","breadcrumb":{"@id":"https:\/\/agenciainfra.com\/blog\/analise-a-sorte-ou-azar-de-jair-bolsonaro\/#breadcrumb"},"inLanguage":"pt-BR","potentialAction":[{"@type":"ReadAction","target":["https:\/\/agenciainfra.com\/blog\/analise-a-sorte-ou-azar-de-jair-bolsonaro\/"]}]},{"@type":"ImageObject","inLanguage":"pt-BR","@id":"https:\/\/agenciainfra.com\/blog\/analise-a-sorte-ou-azar-de-jair-bolsonaro\/#primaryimage","url":"https:\/\/agenciainfra.com\/blog\/wp-content\/uploads\/2021\/07\/bento-bolsonaro-mourao-foto-fabio-rodrigues-pozzebom-agencia-brasil.jpeg","contentUrl":"https:\/\/agenciainfra.com\/blog\/wp-content\/uploads\/2021\/07\/bento-bolsonaro-mourao-foto-fabio-rodrigues-pozzebom-agencia-brasil.jpeg","width":1280,"height":853,"caption":"Presidente Jair Bolsonaro, Acompanhado do vice-presidente, Hamilton Mour\u00e3o e do ministro das MInas e Energia, Bento Albuquerque participa da solenidade de san\u00e7\u00e3o da lei de capitaliza\u00e7\u00e3o da Eletrobr\u00e1s"},{"@type":"BreadcrumbList","@id":"https:\/\/agenciainfra.com\/blog\/analise-a-sorte-ou-azar-de-jair-bolsonaro\/#breadcrumb","itemListElement":[{"@type":"ListItem","position":1,"name":"In\u00edcio","item":"https:\/\/agenciainfra.com\/blog\/"},{"@type":"ListItem","position":2,"name":"An\u00e1lise: A sorte ou azar de Jair Bolsonaro?"}]},{"@type":"WebSite","@id":"https:\/\/agenciainfra.com\/blog\/#website","url":"https:\/\/agenciainfra.com\/blog\/","name":"Ag\u00eancia iNFRA","description":"Multiplataforma de informa\u00e7\u00e3o jornal\u00edstica refer\u00eancia na \u00e1rea de infraestrutura no Brasil!","publisher":{"@id":"https:\/\/agenciainfra.com\/blog\/#organization"},"potentialAction":[{"@type":"SearchAction","target":{"@type":"EntryPoint","urlTemplate":"https:\/\/agenciainfra.com\/blog\/?s={search_term_string}"},"query-input":{"@type":"PropertyValueSpecification","valueRequired":true,"valueName":"search_term_string"}}],"inLanguage":"pt-BR"},{"@type":"Organization","@id":"https:\/\/agenciainfra.com\/blog\/#organization","name":"Ag\u00eancia iNFRA","url":"https:\/\/agenciainfra.com\/blog\/","logo":{"@type":"ImageObject","inLanguage":"pt-BR","@id":"https:\/\/agenciainfra.com\/blog\/#\/schema\/logo\/image\/","url":"https:\/\/agenciainfra.com\/blog\/wp-content\/uploads\/2023\/09\/iNFRA_5-e1761735885940.png","contentUrl":"https:\/\/agenciainfra.com\/blog\/wp-content\/uploads\/2023\/09\/iNFRA_5-e1761735885940.png","width":1672,"height":454,"caption":"Ag\u00eancia iNFRA"},"image":{"@id":"https:\/\/agenciainfra.com\/blog\/#\/schema\/logo\/image\/"},"sameAs":["https:\/\/www.facebook.com\/ageninfra","https:\/\/x.com\/agencia_infra","https:\/\/www.linkedin.com\/company\/ag\u00eanciainfra\/","https:\/\/www.instagram.com\/agenciainfra\/"]},{"@type":"Person","@id":"https:\/\/agenciainfra.com\/blog\/#\/schema\/person\/34af08dff6adea4cb22b06612ba7acfa","name":"Ag\u00eancia iNFRA","image":{"@type":"ImageObject","inLanguage":"pt-BR","@id":"https:\/\/agenciainfra.com\/blog\/#\/schema\/person\/image\/","url":"https:\/\/secure.gravatar.com\/avatar\/d189e01678f06d8eb84d4e01f08eb848b3fffe3f8443818d3c356c66892f5be8?s=96&d=mm&r=g","contentUrl":"https:\/\/secure.gravatar.com\/avatar\/d189e01678f06d8eb84d4e01f08eb848b3fffe3f8443818d3c356c66892f5be8?s=96&d=mm&r=g","caption":"Ag\u00eancia iNFRA"},"url":"https:\/\/agenciainfra.com\/blog\/author\/admin\/"}]}},"_links":{"self":[{"href":"https:\/\/agenciainfra.com\/blog\/wp-json\/wp\/v2\/posts\/7695","targetHints":{"allow":["GET"]}}],"collection":[{"href":"https:\/\/agenciainfra.com\/blog\/wp-json\/wp\/v2\/posts"}],"about":[{"href":"https:\/\/agenciainfra.com\/blog\/wp-json\/wp\/v2\/types\/post"}],"author":[{"embeddable":true,"href":"https:\/\/agenciainfra.com\/blog\/wp-json\/wp\/v2\/users\/1"}],"replies":[{"embeddable":true,"href":"https:\/\/agenciainfra.com\/blog\/wp-json\/wp\/v2\/comments?post=7695"}],"version-history":[{"count":0,"href":"https:\/\/agenciainfra.com\/blog\/wp-json\/wp\/v2\/posts\/7695\/revisions"}],"wp:featuredmedia":[{"embeddable":true,"href":"https:\/\/agenciainfra.com\/blog\/wp-json\/wp\/v2\/media\/7697"}],"wp:attachment":[{"href":"https:\/\/agenciainfra.com\/blog\/wp-json\/wp\/v2\/media?parent=7695"}],"wp:term":[{"taxonomy":"category","embeddable":true,"href":"https:\/\/agenciainfra.com\/blog\/wp-json\/wp\/v2\/categories?post=7695"},{"taxonomy":"post_tag","embeddable":true,"href":"https:\/\/agenciainfra.com\/blog\/wp-json\/wp\/v2\/tags?post=7695"}],"curies":[{"name":"wp","href":"https:\/\/api.w.org\/{rel}","templated":true}]}}