{"id":7720,"date":"2021-07-21T08:00:00","date_gmt":"2021-07-21T11:00:00","guid":{"rendered":"https:\/\/www.agenciainfra.com\/blog\/?p=7720"},"modified":"2021-07-20T10:48:08","modified_gmt":"2021-07-20T13:48:08","slug":"volta-do-la-nina-e-aquecimento-do-atlantico-devem-frustrar-chuvas-e-prolongar-a-crise-hidrica","status":"publish","type":"post","link":"https:\/\/agenciainfra.com\/blog\/volta-do-la-nina-e-aquecimento-do-atlantico-devem-frustrar-chuvas-e-prolongar-a-crise-hidrica\/","title":{"rendered":"Volta do La Ni\u00f1a e aquecimento do Atl\u00e2ntico devem frustrar chuvas e prolongar a crise h\u00eddrica"},"content":{"rendered":"\n<p class=\"has-text-align-right\"><strong>Ludmylla Rocha,&nbsp;da Ag\u00eancia iNFRA<\/strong><\/p>\n\n\n\n<p>Dois fen\u00f4menos meteorol\u00f3gicos combinados devem afetar o regime de chuvas de 2021\/2022: o La Nin\u00e3, no oceano Pac\u00edfico, e o aquecimento do oceano Atl\u00e2ntico ao longo do pr\u00f3ximo ver\u00e3o. Para a&nbsp;Climatempo, embora ambos tenham efeitos diferentes, o resultado ser\u00e1 a redu\u00e7\u00e3o de chuvas na regi\u00e3o Centro-Sul do Brasil ao longo do pr\u00f3ximo per\u00edodo \u00famido, previsto para come\u00e7ar a partir de novembro, per\u00edodo em que a crise h\u00eddrica atual come\u00e7aria a aliviar.<\/p>\n\n\n\n<p>Em entrevista \u00e0&nbsp;<strong>Ag\u00eancia iNFRA<\/strong>,&nbsp;a&nbsp;COO da Climatempo, Patricia Madeira,&nbsp;pontuou que h\u00e1 80% de chance de o esfriamento das \u00e1guas do Pac\u00edfico acontecer [La Ni\u00f1a]. E, caso o fen\u00f4meno se confirme, haver\u00e1 efeitos sobre as chuvas a partir de dezembro. \u201cA gente j\u00e1 vai ter chuva abaixo da m\u00e9dia em dezembro, janeiro, fevereiro&#8230;\u201d, diz.&nbsp;<\/p>\n\n\n\n<p>Isso significaria um segundo per\u00edodo \u00famido seguido sem chuvas, agravando a situa\u00e7\u00e3o de escassez de \u00e1gua no pa\u00eds. A meteorologista declarou, por\u00e9m, que o pr\u00f3ximo La Ni\u00f1a ser\u00e1 mais fraco e com menor dura\u00e7\u00e3o que os anteriores. Ainda assim, impedir\u00e1 a recupera\u00e7\u00e3o total dos reservat\u00f3rios quando combinado com a alta de temperatura do Atl\u00e2ntico.<\/p>\n\n\n\n<p>\u201cEssa \u00e1gua vai ser reposta, mas n\u00e3o no volume que seria necess\u00e1rio para reverter todo esse quadro de defici\u00eancia que a gente tem agora\u201d, afirma, em refer\u00eancia ao menor \u00edndice pluviom\u00e9trico na \u00e1rea dos reservat\u00f3rios das hidrel\u00e9tricas do SIN (Sistema Interligado Nacional) de energia el\u00e9trica desde 1931.<\/p>\n\n\n\n<p>Ela explica que o aquecimento das \u00e1guas do Atl\u00e2ntico faz com que o oceano concentre as chuvas, que deixam de vir para o continente. Segundo a meteorologista, ainda n\u00e3o \u00e9 poss\u00edvel identificar as raz\u00f5es nem a dimens\u00e3o dessa eleva\u00e7\u00e3o da temperatura mar\u00edtima. O fen\u00f4meno, no entanto, demostra o impacto dos oceanos sobre as condi\u00e7\u00f5es clim\u00e1ticas, refor\u00e7a.<\/p>\n\n\n\n<p><strong>Efeitos regionais<\/strong><br>Para Patricia, a recupera\u00e7\u00e3o da chamada \u201ccaixa d\u2019\u00e1gua\u201d do pa\u00eds \u2013 em refer\u00eancia aos limites de Minas Gerais e Goi\u00e1s, onde concentram-se os principais reservat\u00f3rios&nbsp;\u2013 ser\u00e1 especialmente afetada. \u201cPara chover ali naquela regi\u00e3o durante o ver\u00e3o, a gente precisa que as frentes frias provoquem as chamadas ZCAS (Zona de Converg\u00eancia do Atl\u00e2ntico Sul).&nbsp;Esse \u00e9 o fen\u00f4meno que realmente faz a diferen\u00e7a nos reservat\u00f3rios. Essa conjun\u00e7\u00e3o de Atl\u00e2ntico e Pac\u00edfico n\u00e3o \u00e9 boa para a forma\u00e7\u00e3o de ZCAS\u201d, explica.<\/p>\n\n\n\n<p>Haver\u00e1 efeitos tamb\u00e9m no Norte. \u201cA gente teve neste ano a cheia do Rio Negro, que bateu altura recorde, e isso deve se repetir no come\u00e7o do ano que vem\u201d, disse, ressaltando que haver\u00e1 grande volume de chuvas nos estados da regi\u00e3o amaz\u00f4nica&nbsp;do pa\u00eds.<\/p>\n\n\n\n<p>No Nordeste, pode haver mais chuvas e, consequentemente, impacto nos ventos, o que afeta a principal fonte de gera\u00e7\u00e3o de energia el\u00e9trica da regi\u00e3o. \u201cOs primeiros quatro meses de 2022 n\u00e3o devem ser muito favor\u00e1veis para e\u00f3lica porque a gente vai ter mais chuva do que o normal naquela regi\u00e3o\u201d, disse em refer\u00eancia a Maranh\u00e3o, Cear\u00e1 e Rio Grande do Norte.<\/p>\n\n\n\n<p>Isso se d\u00e1 porque \u00e9 preciso que os ventos atinjam determinada velocidade para movimentar as turbinas, algo que n\u00e3o costuma acontecer em meio \u00e0s chuvas. Ela pondera, no entanto, que a Bahia n\u00e3o deve ser afetada na mesma propor\u00e7\u00e3o.<\/p>\n\n\n\n<p>Na regi\u00e3o do Pantanal, a preocupa\u00e7\u00e3o \u00e9 para este semestre. \u201cA situa\u00e7\u00e3o \u00e9 muito semelhante \u00e0 do passado, com expectativa de bastante queimada, rios baixos. O transporte de carga que tem nas hidrovias ser\u00e1 prejudicado at\u00e9 o final do per\u00edodo seco, depois come\u00e7a a chover para l\u00e1 para outubro e novembro, e melhora devagarzinho\u201d, afirmou.<\/p>\n\n\n\n<p><strong>El Ni\u00f1o<\/strong><br>A expectativa no come\u00e7o de 2021 era de que ocorreria o El Ni\u00f1o no per\u00edodo \u00famido 2021\/22, quando h\u00e1 o resfriamento das \u00e1guas no Oceano Pac\u00edfico, provocando precipita\u00e7\u00f5es acima da m\u00e9dia na regi\u00e3o Centro-Sul do pa\u00eds&nbsp;\u2013 fen\u00f4meno contr\u00e1rio \u00e0 La Ni\u00f1a. O El Ni\u00f1o traria abund\u00e2ncia de chuvas, aliviando o cen\u00e1rio de escassez h\u00eddrica, mas as previs\u00f5es n\u00e3o se confirmaram, e agora h\u00e1 a tend\u00eancia de novo per\u00edodo seco.<\/p>\n","protected":false},"excerpt":{"rendered":"<p>Ludmylla Rocha,&nbsp;da Ag\u00eancia iNFRA Dois fen\u00f4menos meteorol\u00f3gicos combinados devem afetar o regime de chuvas de 2021\/2022: o La Nin\u00e3, no oceano Pac\u00edfico, e o aquecimento do oceano Atl\u00e2ntico ao longo do pr\u00f3ximo ver\u00e3o. Para a&nbsp;Climatempo, embora ambos tenham efeitos diferentes, o resultado ser\u00e1 a redu\u00e7\u00e3o de chuvas na regi\u00e3o Centro-Sul do Brasil ao longo do [&hellip;]<\/p>\n","protected":false},"author":1,"featured_media":7118,"comment_status":"closed","ping_status":"closed","sticky":false,"template":"","format":"standard","meta":{"_monsterinsights_skip_tracking":false,"_monsterinsights_sitenote_active":false,"_monsterinsights_sitenote_note":"","_monsterinsights_sitenote_category":0,"footnotes":""},"categories":[1,10],"tags":[4709,4704,742,741,4011,3487,4012,282,4707,794,4714,1466,635,355,4014,1985,632,2602,4703,4706,4713,4708,777,1819,4712,4010,4710,4711],"class_list":["post-7720","post","type-post","status-publish","format-standard","has-post-thumbnail","hentry","category-geral","category-infraenergia","tag-caixa-dagua","tag-centro-sul","tag-chuvas","tag-clima","tag-climatempo","tag-crise-hidrica","tag-el-nino","tag-energia-eletrica","tag-escassez-de-agua","tag-escassez-de-energia","tag-escassez-hidrica","tag-goias","tag-hidreletricas","tag-hidrovias","tag-la-nina","tag-minas-gerais","tag-nordeste","tag-norte","tag-oceano-atlantico","tag-oceano-pacifico","tag-pantanal","tag-patricia-madeira-2","tag-regime-de-chuvas","tag-reservatorios","tag-rio-negro","tag-seca","tag-zcas","tag-zona-de-convergencia-do-atlantico-sul"],"yoast_head":"<!-- This site is optimized with the Yoast SEO Premium plugin v25.4 (Yoast SEO v26.0) - https:\/\/yoast.com\/wordpress\/plugins\/seo\/ -->\n<title>Volta do La Ni\u00f1a e aquecimento do Atl\u00e2ntico devem frustrar chuvas e prolongar a crise h\u00eddrica - Ag\u00eancia iNFRA<\/title>\n<meta name=\"robots\" content=\"index, follow, max-snippet:-1, max-image-preview:large, max-video-preview:-1\" \/>\n<link rel=\"canonical\" href=\"https:\/\/agenciainfra.com\/blog\/volta-do-la-nina-e-aquecimento-do-atlantico-devem-frustrar-chuvas-e-prolongar-a-crise-hidrica\/\" \/>\n<meta property=\"og:locale\" content=\"pt_BR\" \/>\n<meta property=\"og:type\" content=\"article\" \/>\n<meta property=\"og:title\" content=\"Volta do La Ni\u00f1a e aquecimento do Atl\u00e2ntico devem frustrar chuvas e prolongar a crise h\u00eddrica\" \/>\n<meta property=\"og:description\" content=\"Ludmylla Rocha,&nbsp;da Ag\u00eancia iNFRA Dois fen\u00f4menos meteorol\u00f3gicos combinados devem afetar o regime de chuvas de 2021\/2022: o La Nin\u00e3, no oceano Pac\u00edfico, e o aquecimento do oceano Atl\u00e2ntico ao longo do pr\u00f3ximo ver\u00e3o. Para a&nbsp;Climatempo, embora ambos tenham efeitos diferentes, o resultado ser\u00e1 a redu\u00e7\u00e3o de chuvas na regi\u00e3o Centro-Sul do Brasil ao longo do [&hellip;]\" \/>\n<meta property=\"og:url\" content=\"https:\/\/agenciainfra.com\/blog\/volta-do-la-nina-e-aquecimento-do-atlantico-devem-frustrar-chuvas-e-prolongar-a-crise-hidrica\/\" \/>\n<meta property=\"og:site_name\" content=\"Ag\u00eancia iNFRA\" \/>\n<meta property=\"article:publisher\" content=\"https:\/\/www.facebook.com\/ageninfra\" \/>\n<meta property=\"article:published_time\" content=\"2021-07-21T11:00:00+00:00\" \/>\n<meta property=\"og:image\" content=\"https:\/\/agenciainfra.com\/blog\/wp-content\/uploads\/2021\/04\/sol-nuvens-foto-dominio-publico.jpeg\" \/>\n\t<meta property=\"og:image:width\" content=\"1280\" \/>\n\t<meta property=\"og:image:height\" content=\"809\" \/>\n\t<meta property=\"og:image:type\" content=\"image\/jpeg\" \/>\n<meta name=\"author\" content=\"Ag\u00eancia iNFRA\" \/>\n<meta name=\"twitter:card\" content=\"summary_large_image\" \/>\n<meta name=\"twitter:creator\" content=\"@agencia_infra\" \/>\n<meta name=\"twitter:site\" content=\"@agencia_infra\" \/>\n<meta name=\"twitter:label1\" content=\"Escrito por\" \/>\n\t<meta name=\"twitter:data1\" content=\"Ag\u00eancia iNFRA\" \/>\n\t<meta name=\"twitter:label2\" content=\"Est. tempo de leitura\" \/>\n\t<meta name=\"twitter:data2\" content=\"4 minutos\" \/>\n<script type=\"application\/ld+json\" class=\"yoast-schema-graph\">{\"@context\":\"https:\/\/schema.org\",\"@graph\":[{\"@type\":\"Article\",\"@id\":\"https:\/\/agenciainfra.com\/blog\/volta-do-la-nina-e-aquecimento-do-atlantico-devem-frustrar-chuvas-e-prolongar-a-crise-hidrica\/#article\",\"isPartOf\":{\"@id\":\"https:\/\/agenciainfra.com\/blog\/volta-do-la-nina-e-aquecimento-do-atlantico-devem-frustrar-chuvas-e-prolongar-a-crise-hidrica\/\"},\"author\":{\"name\":\"Ag\u00eancia iNFRA\",\"@id\":\"https:\/\/agenciainfra.com\/blog\/#\/schema\/person\/34af08dff6adea4cb22b06612ba7acfa\"},\"headline\":\"Volta do La Ni\u00f1a e aquecimento do Atl\u00e2ntico devem frustrar chuvas e prolongar a crise h\u00eddrica\",\"datePublished\":\"2021-07-21T11:00:00+00:00\",\"mainEntityOfPage\":{\"@id\":\"https:\/\/agenciainfra.com\/blog\/volta-do-la-nina-e-aquecimento-do-atlantico-devem-frustrar-chuvas-e-prolongar-a-crise-hidrica\/\"},\"wordCount\":765,\"publisher\":{\"@id\":\"https:\/\/agenciainfra.com\/blog\/#organization\"},\"image\":{\"@id\":\"https:\/\/agenciainfra.com\/blog\/volta-do-la-nina-e-aquecimento-do-atlantico-devem-frustrar-chuvas-e-prolongar-a-crise-hidrica\/#primaryimage\"},\"thumbnailUrl\":\"https:\/\/agenciainfra.com\/blog\/wp-content\/uploads\/2021\/04\/sol-nuvens-foto-dominio-publico.jpeg\",\"keywords\":[\"caixa d&#039;\u00e1gua\",\"Centro-Sul\",\"chuvas\",\"clima\",\"Climatempo\",\"crise h\u00eddrica\",\"El Ni\u00f1o\",\"energia el\u00e9trica\",\"escassez de \u00e1gua\",\"escassez de energia\",\"escassez h\u00eddrica\",\"Goi\u00e1s\",\"Hidrel\u00e9tricas\",\"hidrovias\",\"La Ni\u00f1a\",\"Minas Gerais\",\"nordeste\",\"Norte\",\"Oceano Atl\u00e2ntico\",\"Oceano Pac\u00edfico\",\"Pantanal\",\"Patricia Madeira\",\"regime de chuvas\",\"reservat\u00f3rios\",\"Rio Negro\",\"seca\",\"ZCAS\",\"Zona de Converg\u00eancia do Atl\u00e2ntico Sul\"],\"articleSection\":[\"Geral\",\"iNFRAEnergia\"],\"inLanguage\":\"pt-BR\",\"copyrightYear\":\"2021\",\"copyrightHolder\":{\"@id\":\"https:\/\/agenciainfra.com\/blog\/#organization\"}},{\"@type\":\"WebPage\",\"@id\":\"https:\/\/agenciainfra.com\/blog\/volta-do-la-nina-e-aquecimento-do-atlantico-devem-frustrar-chuvas-e-prolongar-a-crise-hidrica\/\",\"url\":\"https:\/\/agenciainfra.com\/blog\/volta-do-la-nina-e-aquecimento-do-atlantico-devem-frustrar-chuvas-e-prolongar-a-crise-hidrica\/\",\"name\":\"Volta do La Ni\u00f1a e aquecimento do Atl\u00e2ntico devem frustrar chuvas e prolongar a crise h\u00eddrica - Ag\u00eancia iNFRA\",\"isPartOf\":{\"@id\":\"https:\/\/agenciainfra.com\/blog\/#website\"},\"primaryImageOfPage\":{\"@id\":\"https:\/\/agenciainfra.com\/blog\/volta-do-la-nina-e-aquecimento-do-atlantico-devem-frustrar-chuvas-e-prolongar-a-crise-hidrica\/#primaryimage\"},\"image\":{\"@id\":\"https:\/\/agenciainfra.com\/blog\/volta-do-la-nina-e-aquecimento-do-atlantico-devem-frustrar-chuvas-e-prolongar-a-crise-hidrica\/#primaryimage\"},\"thumbnailUrl\":\"https:\/\/agenciainfra.com\/blog\/wp-content\/uploads\/2021\/04\/sol-nuvens-foto-dominio-publico.jpeg\",\"datePublished\":\"2021-07-21T11:00:00+00:00\",\"breadcrumb\":{\"@id\":\"https:\/\/agenciainfra.com\/blog\/volta-do-la-nina-e-aquecimento-do-atlantico-devem-frustrar-chuvas-e-prolongar-a-crise-hidrica\/#breadcrumb\"},\"inLanguage\":\"pt-BR\",\"potentialAction\":[{\"@type\":\"ReadAction\",\"target\":[\"https:\/\/agenciainfra.com\/blog\/volta-do-la-nina-e-aquecimento-do-atlantico-devem-frustrar-chuvas-e-prolongar-a-crise-hidrica\/\"]}]},{\"@type\":\"ImageObject\",\"inLanguage\":\"pt-BR\",\"@id\":\"https:\/\/agenciainfra.com\/blog\/volta-do-la-nina-e-aquecimento-do-atlantico-devem-frustrar-chuvas-e-prolongar-a-crise-hidrica\/#primaryimage\",\"url\":\"https:\/\/agenciainfra.com\/blog\/wp-content\/uploads\/2021\/04\/sol-nuvens-foto-dominio-publico.jpeg\",\"contentUrl\":\"https:\/\/agenciainfra.com\/blog\/wp-content\/uploads\/2021\/04\/sol-nuvens-foto-dominio-publico.jpeg\",\"width\":1280,\"height\":809,\"caption\":\"Foto: Dom\u00ednio p\u00fablico\"},{\"@type\":\"BreadcrumbList\",\"@id\":\"https:\/\/agenciainfra.com\/blog\/volta-do-la-nina-e-aquecimento-do-atlantico-devem-frustrar-chuvas-e-prolongar-a-crise-hidrica\/#breadcrumb\",\"itemListElement\":[{\"@type\":\"ListItem\",\"position\":1,\"name\":\"In\u00edcio\",\"item\":\"https:\/\/agenciainfra.com\/blog\/\"},{\"@type\":\"ListItem\",\"position\":2,\"name\":\"Volta do La Ni\u00f1a e aquecimento do Atl\u00e2ntico devem frustrar chuvas e prolongar a crise h\u00eddrica\"}]},{\"@type\":\"WebSite\",\"@id\":\"https:\/\/agenciainfra.com\/blog\/#website\",\"url\":\"https:\/\/agenciainfra.com\/blog\/\",\"name\":\"Ag\u00eancia iNFRA\",\"description\":\"Multiplataforma de informa\u00e7\u00e3o jornal\u00edstica refer\u00eancia na \u00e1rea de infraestrutura no Brasil!\",\"publisher\":{\"@id\":\"https:\/\/agenciainfra.com\/blog\/#organization\"},\"potentialAction\":[{\"@type\":\"SearchAction\",\"target\":{\"@type\":\"EntryPoint\",\"urlTemplate\":\"https:\/\/agenciainfra.com\/blog\/?s={search_term_string}\"},\"query-input\":{\"@type\":\"PropertyValueSpecification\",\"valueRequired\":true,\"valueName\":\"search_term_string\"}}],\"inLanguage\":\"pt-BR\"},{\"@type\":\"Organization\",\"@id\":\"https:\/\/agenciainfra.com\/blog\/#organization\",\"name\":\"Ag\u00eancia iNFRA\",\"url\":\"https:\/\/agenciainfra.com\/blog\/\",\"logo\":{\"@type\":\"ImageObject\",\"inLanguage\":\"pt-BR\",\"@id\":\"https:\/\/agenciainfra.com\/blog\/#\/schema\/logo\/image\/\",\"url\":\"https:\/\/agenciainfra.com\/blog\/wp-content\/uploads\/2023\/09\/iNFRA_5-e1761735885940.png\",\"contentUrl\":\"https:\/\/agenciainfra.com\/blog\/wp-content\/uploads\/2023\/09\/iNFRA_5-e1761735885940.png\",\"width\":1672,\"height\":454,\"caption\":\"Ag\u00eancia iNFRA\"},\"image\":{\"@id\":\"https:\/\/agenciainfra.com\/blog\/#\/schema\/logo\/image\/\"},\"sameAs\":[\"https:\/\/www.facebook.com\/ageninfra\",\"https:\/\/x.com\/agencia_infra\",\"https:\/\/www.linkedin.com\/company\/ag\u00eanciainfra\/\",\"https:\/\/www.instagram.com\/agenciainfra\/\"]},{\"@type\":\"Person\",\"@id\":\"https:\/\/agenciainfra.com\/blog\/#\/schema\/person\/34af08dff6adea4cb22b06612ba7acfa\",\"name\":\"Ag\u00eancia iNFRA\",\"image\":{\"@type\":\"ImageObject\",\"inLanguage\":\"pt-BR\",\"@id\":\"https:\/\/agenciainfra.com\/blog\/#\/schema\/person\/image\/\",\"url\":\"https:\/\/secure.gravatar.com\/avatar\/d189e01678f06d8eb84d4e01f08eb848b3fffe3f8443818d3c356c66892f5be8?s=96&d=mm&r=g\",\"contentUrl\":\"https:\/\/secure.gravatar.com\/avatar\/d189e01678f06d8eb84d4e01f08eb848b3fffe3f8443818d3c356c66892f5be8?s=96&d=mm&r=g\",\"caption\":\"Ag\u00eancia iNFRA\"},\"url\":\"https:\/\/agenciainfra.com\/blog\/author\/admin\/\"}]}<\/script>\n<!-- \/ Yoast SEO Premium plugin. -->","yoast_head_json":{"title":"Volta do La Ni\u00f1a e aquecimento do Atl\u00e2ntico devem frustrar chuvas e prolongar a crise h\u00eddrica - Ag\u00eancia iNFRA","robots":{"index":"index","follow":"follow","max-snippet":"max-snippet:-1","max-image-preview":"max-image-preview:large","max-video-preview":"max-video-preview:-1"},"canonical":"https:\/\/agenciainfra.com\/blog\/volta-do-la-nina-e-aquecimento-do-atlantico-devem-frustrar-chuvas-e-prolongar-a-crise-hidrica\/","og_locale":"pt_BR","og_type":"article","og_title":"Volta do La Ni\u00f1a e aquecimento do Atl\u00e2ntico devem frustrar chuvas e prolongar a crise h\u00eddrica","og_description":"Ludmylla Rocha,&nbsp;da Ag\u00eancia iNFRA Dois fen\u00f4menos meteorol\u00f3gicos combinados devem afetar o regime de chuvas de 2021\/2022: o La Nin\u00e3, no oceano Pac\u00edfico, e o aquecimento do oceano Atl\u00e2ntico ao longo do pr\u00f3ximo ver\u00e3o. Para a&nbsp;Climatempo, embora ambos tenham efeitos diferentes, o resultado ser\u00e1 a redu\u00e7\u00e3o de chuvas na regi\u00e3o Centro-Sul do Brasil ao longo do [&hellip;]","og_url":"https:\/\/agenciainfra.com\/blog\/volta-do-la-nina-e-aquecimento-do-atlantico-devem-frustrar-chuvas-e-prolongar-a-crise-hidrica\/","og_site_name":"Ag\u00eancia iNFRA","article_publisher":"https:\/\/www.facebook.com\/ageninfra","article_published_time":"2021-07-21T11:00:00+00:00","og_image":[{"width":1280,"height":809,"url":"https:\/\/agenciainfra.com\/blog\/wp-content\/uploads\/2021\/04\/sol-nuvens-foto-dominio-publico.jpeg","type":"image\/jpeg"}],"author":"Ag\u00eancia iNFRA","twitter_card":"summary_large_image","twitter_creator":"@agencia_infra","twitter_site":"@agencia_infra","twitter_misc":{"Escrito por":"Ag\u00eancia iNFRA","Est. tempo de leitura":"4 minutos"},"schema":{"@context":"https:\/\/schema.org","@graph":[{"@type":"Article","@id":"https:\/\/agenciainfra.com\/blog\/volta-do-la-nina-e-aquecimento-do-atlantico-devem-frustrar-chuvas-e-prolongar-a-crise-hidrica\/#article","isPartOf":{"@id":"https:\/\/agenciainfra.com\/blog\/volta-do-la-nina-e-aquecimento-do-atlantico-devem-frustrar-chuvas-e-prolongar-a-crise-hidrica\/"},"author":{"name":"Ag\u00eancia iNFRA","@id":"https:\/\/agenciainfra.com\/blog\/#\/schema\/person\/34af08dff6adea4cb22b06612ba7acfa"},"headline":"Volta do La Ni\u00f1a e aquecimento do Atl\u00e2ntico devem frustrar chuvas e prolongar a crise h\u00eddrica","datePublished":"2021-07-21T11:00:00+00:00","mainEntityOfPage":{"@id":"https:\/\/agenciainfra.com\/blog\/volta-do-la-nina-e-aquecimento-do-atlantico-devem-frustrar-chuvas-e-prolongar-a-crise-hidrica\/"},"wordCount":765,"publisher":{"@id":"https:\/\/agenciainfra.com\/blog\/#organization"},"image":{"@id":"https:\/\/agenciainfra.com\/blog\/volta-do-la-nina-e-aquecimento-do-atlantico-devem-frustrar-chuvas-e-prolongar-a-crise-hidrica\/#primaryimage"},"thumbnailUrl":"https:\/\/agenciainfra.com\/blog\/wp-content\/uploads\/2021\/04\/sol-nuvens-foto-dominio-publico.jpeg","keywords":["caixa d&#039;\u00e1gua","Centro-Sul","chuvas","clima","Climatempo","crise h\u00eddrica","El Ni\u00f1o","energia el\u00e9trica","escassez de \u00e1gua","escassez de energia","escassez h\u00eddrica","Goi\u00e1s","Hidrel\u00e9tricas","hidrovias","La Ni\u00f1a","Minas Gerais","nordeste","Norte","Oceano Atl\u00e2ntico","Oceano Pac\u00edfico","Pantanal","Patricia Madeira","regime de chuvas","reservat\u00f3rios","Rio Negro","seca","ZCAS","Zona de Converg\u00eancia do Atl\u00e2ntico Sul"],"articleSection":["Geral","iNFRAEnergia"],"inLanguage":"pt-BR","copyrightYear":"2021","copyrightHolder":{"@id":"https:\/\/agenciainfra.com\/blog\/#organization"}},{"@type":"WebPage","@id":"https:\/\/agenciainfra.com\/blog\/volta-do-la-nina-e-aquecimento-do-atlantico-devem-frustrar-chuvas-e-prolongar-a-crise-hidrica\/","url":"https:\/\/agenciainfra.com\/blog\/volta-do-la-nina-e-aquecimento-do-atlantico-devem-frustrar-chuvas-e-prolongar-a-crise-hidrica\/","name":"Volta do La Ni\u00f1a e aquecimento do Atl\u00e2ntico devem frustrar chuvas e prolongar a crise h\u00eddrica - Ag\u00eancia iNFRA","isPartOf":{"@id":"https:\/\/agenciainfra.com\/blog\/#website"},"primaryImageOfPage":{"@id":"https:\/\/agenciainfra.com\/blog\/volta-do-la-nina-e-aquecimento-do-atlantico-devem-frustrar-chuvas-e-prolongar-a-crise-hidrica\/#primaryimage"},"image":{"@id":"https:\/\/agenciainfra.com\/blog\/volta-do-la-nina-e-aquecimento-do-atlantico-devem-frustrar-chuvas-e-prolongar-a-crise-hidrica\/#primaryimage"},"thumbnailUrl":"https:\/\/agenciainfra.com\/blog\/wp-content\/uploads\/2021\/04\/sol-nuvens-foto-dominio-publico.jpeg","datePublished":"2021-07-21T11:00:00+00:00","breadcrumb":{"@id":"https:\/\/agenciainfra.com\/blog\/volta-do-la-nina-e-aquecimento-do-atlantico-devem-frustrar-chuvas-e-prolongar-a-crise-hidrica\/#breadcrumb"},"inLanguage":"pt-BR","potentialAction":[{"@type":"ReadAction","target":["https:\/\/agenciainfra.com\/blog\/volta-do-la-nina-e-aquecimento-do-atlantico-devem-frustrar-chuvas-e-prolongar-a-crise-hidrica\/"]}]},{"@type":"ImageObject","inLanguage":"pt-BR","@id":"https:\/\/agenciainfra.com\/blog\/volta-do-la-nina-e-aquecimento-do-atlantico-devem-frustrar-chuvas-e-prolongar-a-crise-hidrica\/#primaryimage","url":"https:\/\/agenciainfra.com\/blog\/wp-content\/uploads\/2021\/04\/sol-nuvens-foto-dominio-publico.jpeg","contentUrl":"https:\/\/agenciainfra.com\/blog\/wp-content\/uploads\/2021\/04\/sol-nuvens-foto-dominio-publico.jpeg","width":1280,"height":809,"caption":"Foto: Dom\u00ednio p\u00fablico"},{"@type":"BreadcrumbList","@id":"https:\/\/agenciainfra.com\/blog\/volta-do-la-nina-e-aquecimento-do-atlantico-devem-frustrar-chuvas-e-prolongar-a-crise-hidrica\/#breadcrumb","itemListElement":[{"@type":"ListItem","position":1,"name":"In\u00edcio","item":"https:\/\/agenciainfra.com\/blog\/"},{"@type":"ListItem","position":2,"name":"Volta do La Ni\u00f1a e aquecimento do Atl\u00e2ntico devem frustrar chuvas e prolongar a crise h\u00eddrica"}]},{"@type":"WebSite","@id":"https:\/\/agenciainfra.com\/blog\/#website","url":"https:\/\/agenciainfra.com\/blog\/","name":"Ag\u00eancia iNFRA","description":"Multiplataforma de informa\u00e7\u00e3o jornal\u00edstica refer\u00eancia na \u00e1rea de infraestrutura no Brasil!","publisher":{"@id":"https:\/\/agenciainfra.com\/blog\/#organization"},"potentialAction":[{"@type":"SearchAction","target":{"@type":"EntryPoint","urlTemplate":"https:\/\/agenciainfra.com\/blog\/?s={search_term_string}"},"query-input":{"@type":"PropertyValueSpecification","valueRequired":true,"valueName":"search_term_string"}}],"inLanguage":"pt-BR"},{"@type":"Organization","@id":"https:\/\/agenciainfra.com\/blog\/#organization","name":"Ag\u00eancia iNFRA","url":"https:\/\/agenciainfra.com\/blog\/","logo":{"@type":"ImageObject","inLanguage":"pt-BR","@id":"https:\/\/agenciainfra.com\/blog\/#\/schema\/logo\/image\/","url":"https:\/\/agenciainfra.com\/blog\/wp-content\/uploads\/2023\/09\/iNFRA_5-e1761735885940.png","contentUrl":"https:\/\/agenciainfra.com\/blog\/wp-content\/uploads\/2023\/09\/iNFRA_5-e1761735885940.png","width":1672,"height":454,"caption":"Ag\u00eancia iNFRA"},"image":{"@id":"https:\/\/agenciainfra.com\/blog\/#\/schema\/logo\/image\/"},"sameAs":["https:\/\/www.facebook.com\/ageninfra","https:\/\/x.com\/agencia_infra","https:\/\/www.linkedin.com\/company\/ag\u00eanciainfra\/","https:\/\/www.instagram.com\/agenciainfra\/"]},{"@type":"Person","@id":"https:\/\/agenciainfra.com\/blog\/#\/schema\/person\/34af08dff6adea4cb22b06612ba7acfa","name":"Ag\u00eancia iNFRA","image":{"@type":"ImageObject","inLanguage":"pt-BR","@id":"https:\/\/agenciainfra.com\/blog\/#\/schema\/person\/image\/","url":"https:\/\/secure.gravatar.com\/avatar\/d189e01678f06d8eb84d4e01f08eb848b3fffe3f8443818d3c356c66892f5be8?s=96&d=mm&r=g","contentUrl":"https:\/\/secure.gravatar.com\/avatar\/d189e01678f06d8eb84d4e01f08eb848b3fffe3f8443818d3c356c66892f5be8?s=96&d=mm&r=g","caption":"Ag\u00eancia iNFRA"},"url":"https:\/\/agenciainfra.com\/blog\/author\/admin\/"}]}},"_links":{"self":[{"href":"https:\/\/agenciainfra.com\/blog\/wp-json\/wp\/v2\/posts\/7720","targetHints":{"allow":["GET"]}}],"collection":[{"href":"https:\/\/agenciainfra.com\/blog\/wp-json\/wp\/v2\/posts"}],"about":[{"href":"https:\/\/agenciainfra.com\/blog\/wp-json\/wp\/v2\/types\/post"}],"author":[{"embeddable":true,"href":"https:\/\/agenciainfra.com\/blog\/wp-json\/wp\/v2\/users\/1"}],"replies":[{"embeddable":true,"href":"https:\/\/agenciainfra.com\/blog\/wp-json\/wp\/v2\/comments?post=7720"}],"version-history":[{"count":0,"href":"https:\/\/agenciainfra.com\/blog\/wp-json\/wp\/v2\/posts\/7720\/revisions"}],"wp:featuredmedia":[{"embeddable":true,"href":"https:\/\/agenciainfra.com\/blog\/wp-json\/wp\/v2\/media\/7118"}],"wp:attachment":[{"href":"https:\/\/agenciainfra.com\/blog\/wp-json\/wp\/v2\/media?parent=7720"}],"wp:term":[{"taxonomy":"category","embeddable":true,"href":"https:\/\/agenciainfra.com\/blog\/wp-json\/wp\/v2\/categories?post=7720"},{"taxonomy":"post_tag","embeddable":true,"href":"https:\/\/agenciainfra.com\/blog\/wp-json\/wp\/v2\/tags?post=7720"}],"curies":[{"name":"wp","href":"https:\/\/api.w.org\/{rel}","templated":true}]}}