{"id":7784,"date":"2021-07-28T08:00:00","date_gmt":"2021-07-28T11:00:00","guid":{"rendered":"https:\/\/www.agenciainfra.com\/blog\/?p=7784"},"modified":"2021-07-26T11:36:25","modified_gmt":"2021-07-26T14:36:25","slug":"superintendente-do-bndes-diz-que-tem-sobra-de-equipe-para-estruturar-projetos-de-saneamento","status":"publish","type":"post","link":"https:\/\/agenciainfra.com\/blog\/superintendente-do-bndes-diz-que-tem-sobra-de-equipe-para-estruturar-projetos-de-saneamento\/","title":{"rendered":"Superintendente do BNDES diz que tem sobra de equipe para estruturar projetos de saneamento"},"content":{"rendered":"\n<p class=\"has-text-align-right\"><strong>da&nbsp;Ag\u00eancia iNFRA<\/strong><\/p>\n\n\n\n<p>O BNDES est\u00e1 no momento com sobra de equipes para fazer estrutura\u00e7\u00e3o de projetos de concess\u00f5es e PPPs (parcerias p\u00fablico-privadas) para a \u00e1rea de saneamento b\u00e1sico, essencialmente pela falta de interesse de\u00a0governos locais em passar \u00e0 iniciativa privada os servi\u00e7os. Foi o que revelou o superintendente de estudos e projetos do banco, Cleverson Aroeira, o entrevistado do programa especial\u00a0do Infra em Pauta da \u00faltima segunda-feira (26).\u00a0<\/p>\n\n\n\n<p>Aroeira&nbsp;explicou que o banco tem cinco equipes para tocar projetos de rodovias e cinco para projetos de saneamento. Para as concess\u00f5es rodovi\u00e1rias, as equipes est\u00e3o todas ocupadas e h\u00e1 expectativa de nos pr\u00f3ximos tr\u00eas anos haver um grande n\u00famero de projetos levados ao mercado. N\u00e3o \u00e9 o que ocorre no saneamento.<\/p>\n\n\n\n<p>&#8220;Eu n\u00e3o consigo hoje preencher todos os slots que eu tenho no saneamento dispon\u00edveis. O Brasil precisando tanto de saneamento, um marco regulat\u00f3rio novo, v\u00e1rias perspectivas, e eu n\u00e3o consigo encarteirar o n\u00famero de projetos que a gente colocou de capacidade para o saneamento&#8221;,&nbsp;disse Aroeira, lembrando&nbsp;que pode at\u00e9 crescer mais o n\u00famero de equipes, mas n\u00e3o h\u00e1 projeto para isso.<\/p>\n\n\n\n<p>O superintendente do banco disse&nbsp;que os estados e munic\u00edpios est\u00e3o ainda tentando postergar &#8220;decis\u00f5es dif\u00edceis&#8221; que t\u00eam que ser tomadas em rela\u00e7\u00e3o a suas empresas e sobre a presta\u00e7\u00e3o de servi\u00e7o.&nbsp;Ele citou o exemplo do Acre, em que as conversas para a estrutura\u00e7\u00e3o foram at\u00e9 o final, mas que paralisaram com a decis\u00e3o da prefeitura da capital de n\u00e3o entrar no bloco que seria formado com todas as cidades do estado. A estimativa eram investimentos de R$ 1,5 bilh\u00e3o. O mesmo est\u00e1 ocorrendo na vizinha Rond\u00f4nia.<\/p>\n\n\n\n<p>Mesmo com privatiza\u00e7\u00f5es de sucesso como as da Casal, em Alagoas, e da Cedae, no Rio de Janeiro, o apetite de outros estados e prefeituras para seguir em projetos de desestatiza\u00e7\u00e3o dos servi\u00e7os ainda tem mudado lentamente, na avalia\u00e7\u00e3o do superintendente.<\/p>\n\n\n\n<p>&#8220;S\u00f3 mudam quando eles n\u00e3o encontram mais sa\u00edda&#8221;, lamentou.<\/p>\n\n\n\n<p><strong>Mudar a forma<\/strong><br>Aroeira afirmou&nbsp;que tem sido dif\u00edcil quando prefeitos, que t\u00eam a outorga para o setor, pedem para fazer um projeto de concess\u00e3o, mas as cidades teriam uma melhor viabilidade se concedidas em conjunto com outras. Quando v\u00e3o conversar com os governos estaduais, muitos ainda querem preservar suas companhias estatais.<\/p>\n\n\n\n<p>&#8220;Eles ainda est\u00e3o vendo uma sa\u00edda [para manter as companhias estatais]. Em v\u00e1rios estados, principalmente no Nordeste, ainda estamos vendo uma aposta de algumas constru\u00e7\u00f5es jur\u00eddicas de que a companhia estadual continuar\u00e1 prestando o servi\u00e7o&#8221;, disse Aroeira, reconhecendo que Sergipe e Para\u00edba est\u00e3o em dire\u00e7\u00e3o oposta e contrataram o BNDES para estruturar os projetos.<\/p>\n\n\n\n<p>O superintendente do banco indicou que as companhias estaduais precisam se reestruturar para atender ao que prev\u00ea o marco.<\/p>\n\n\n\n<p>&#8220;Para mudar a forma como a gente quer o servi\u00e7o de saneamento, a gente tem que mudar a forma como ele \u00e9 prestado. E a\u00ed \u00e9 inevit\u00e1vel, o estado ter que enfrentar a discuss\u00e3o de uma companhia estadual e ter que mudar o papel dela&#8221;, afirmou.<\/p>\n\n\n\n<p><strong>Acomoda\u00e7\u00e3o<\/strong><br>Mesmo diante desse quadro de falta de projetos, o superintendente afirmou que o banco vai manter as equipes porque aposta no que ele chama de &#8220;acomoda\u00e7\u00e3o legal&#8221; do marco at\u00e9 o&nbsp;pr\u00f3ximo ano, quando ent\u00e3o mais governos v\u00e3o entender que n\u00e3o ter\u00e3o sa\u00edda para cumprir as metas de universaliza\u00e7\u00e3o previstas no maro legal (universaliza\u00e7\u00e3o at\u00e9 2033).<\/p>\n\n\n\n<p>Cleverson Aroeira falou ainda sobre temas como formas de financiar a infraestrutura, rela\u00e7\u00e3o do banco com \u00f3rg\u00e3os de controle e outros. O programa Infra em Pauta\u00a0\u00e9 realizado por\u00a0Portugal Ribeiro Advogados, Giamundo Neto Advogados e Siglasul, com apoio da\u00a0<strong>Ag\u00eancia iNFRA<\/strong>. A \u00faltima edi\u00e7\u00e3o est\u00e1 dispon\u00edvel\u00a0<a rel=\"noreferrer noopener\" href=\"https:\/\/agenciainfra.us14.list-manage.com\/track\/click?u=d460dd1bcf9ba0ae040e1fc0f&amp;id=83993127e3&amp;e=3cd2fde004\" target=\"_blank\">neste link<\/a>.<\/p>\n","protected":false},"excerpt":{"rendered":"<p>da&nbsp;Ag\u00eancia iNFRA O BNDES est\u00e1 no momento com sobra de equipes para fazer estrutura\u00e7\u00e3o de projetos de concess\u00f5es e PPPs (parcerias p\u00fablico-privadas) para a \u00e1rea de saneamento b\u00e1sico, essencialmente pela falta de interesse de\u00a0governos locais em passar \u00e0 iniciativa privada os servi\u00e7os. Foi o que revelou o superintendente de estudos e projetos do banco, Cleverson [&hellip;]<\/p>\n","protected":false},"author":1,"featured_media":7389,"comment_status":"closed","ping_status":"closed","sticky":false,"template":"","format":"standard","meta":{"_monsterinsights_skip_tracking":false,"_monsterinsights_sitenote_active":false,"_monsterinsights_sitenote_note":"","_monsterinsights_sitenote_category":0,"footnotes":""},"categories":[1],"tags":[4785,4781,103,3504,78,4783,3013,1315,406,3349,179,73,3008,2192],"class_list":["post-7784","post","type-post","status-publish","format-standard","has-post-thumbnail","hentry","category-geral","tag-acomodacao-legal","tag-banco-nacional-de-desenvolvimento-economico-e-social","tag-bndes","tag-cleverson-aroeira","tag-concessoes","tag-estruturacao","tag-estruturacao-de-projetos","tag-parcerias-publico-privadas","tag-ppps","tag-prestacao-do-servico","tag-saneamento","tag-saneamento-basico","tag-servicos-publicos","tag-universalizacao"],"yoast_head":"<!-- This site is optimized with the Yoast SEO Premium plugin v25.4 (Yoast SEO v26.0) - https:\/\/yoast.com\/wordpress\/plugins\/seo\/ -->\n<title>Superintendente do BNDES diz que tem sobra de equipe para estruturar projetos de saneamento - Ag\u00eancia iNFRA<\/title>\n<meta name=\"robots\" content=\"index, follow, max-snippet:-1, max-image-preview:large, max-video-preview:-1\" \/>\n<link rel=\"canonical\" href=\"https:\/\/agenciainfra.com\/blog\/superintendente-do-bndes-diz-que-tem-sobra-de-equipe-para-estruturar-projetos-de-saneamento\/\" \/>\n<meta property=\"og:locale\" content=\"pt_BR\" \/>\n<meta property=\"og:type\" content=\"article\" \/>\n<meta property=\"og:title\" content=\"Superintendente do BNDES diz que tem sobra de equipe para estruturar projetos de saneamento\" \/>\n<meta property=\"og:description\" content=\"da&nbsp;Ag\u00eancia iNFRA O BNDES est\u00e1 no momento com sobra de equipes para fazer estrutura\u00e7\u00e3o de projetos de concess\u00f5es e PPPs (parcerias p\u00fablico-privadas) para a \u00e1rea de saneamento b\u00e1sico, essencialmente pela falta de interesse de\u00a0governos locais em passar \u00e0 iniciativa privada os servi\u00e7os. Foi o que revelou o superintendente de estudos e projetos do banco, Cleverson [&hellip;]\" \/>\n<meta property=\"og:url\" content=\"https:\/\/agenciainfra.com\/blog\/superintendente-do-bndes-diz-que-tem-sobra-de-equipe-para-estruturar-projetos-de-saneamento\/\" \/>\n<meta property=\"og:site_name\" content=\"Ag\u00eancia iNFRA\" \/>\n<meta property=\"article:publisher\" content=\"https:\/\/www.facebook.com\/ageninfra\" \/>\n<meta property=\"article:published_time\" content=\"2021-07-28T11:00:00+00:00\" \/>\n<meta property=\"og:image\" content=\"https:\/\/agenciainfra.com\/blog\/wp-content\/uploads\/2021\/06\/saneamento-foto-mdr.png\" \/>\n\t<meta property=\"og:image:width\" content=\"1280\" \/>\n\t<meta property=\"og:image:height\" content=\"852\" \/>\n\t<meta property=\"og:image:type\" content=\"image\/png\" \/>\n<meta name=\"author\" content=\"Ag\u00eancia iNFRA\" \/>\n<meta name=\"twitter:card\" content=\"summary_large_image\" \/>\n<meta name=\"twitter:creator\" content=\"@agencia_infra\" \/>\n<meta name=\"twitter:site\" content=\"@agencia_infra\" \/>\n<meta name=\"twitter:label1\" content=\"Escrito por\" \/>\n\t<meta name=\"twitter:data1\" content=\"Ag\u00eancia iNFRA\" \/>\n\t<meta name=\"twitter:label2\" content=\"Est. tempo de leitura\" \/>\n\t<meta name=\"twitter:data2\" content=\"3 minutos\" \/>\n<script type=\"application\/ld+json\" class=\"yoast-schema-graph\">{\"@context\":\"https:\/\/schema.org\",\"@graph\":[{\"@type\":\"Article\",\"@id\":\"https:\/\/agenciainfra.com\/blog\/superintendente-do-bndes-diz-que-tem-sobra-de-equipe-para-estruturar-projetos-de-saneamento\/#article\",\"isPartOf\":{\"@id\":\"https:\/\/agenciainfra.com\/blog\/superintendente-do-bndes-diz-que-tem-sobra-de-equipe-para-estruturar-projetos-de-saneamento\/\"},\"author\":{\"name\":\"Ag\u00eancia iNFRA\",\"@id\":\"https:\/\/agenciainfra.com\/blog\/#\/schema\/person\/34af08dff6adea4cb22b06612ba7acfa\"},\"headline\":\"Superintendente do BNDES diz que tem sobra de equipe para estruturar projetos de saneamento\",\"datePublished\":\"2021-07-28T11:00:00+00:00\",\"mainEntityOfPage\":{\"@id\":\"https:\/\/agenciainfra.com\/blog\/superintendente-do-bndes-diz-que-tem-sobra-de-equipe-para-estruturar-projetos-de-saneamento\/\"},\"wordCount\":685,\"publisher\":{\"@id\":\"https:\/\/agenciainfra.com\/blog\/#organization\"},\"image\":{\"@id\":\"https:\/\/agenciainfra.com\/blog\/superintendente-do-bndes-diz-que-tem-sobra-de-equipe-para-estruturar-projetos-de-saneamento\/#primaryimage\"},\"thumbnailUrl\":\"https:\/\/agenciainfra.com\/blog\/wp-content\/uploads\/2021\/06\/saneamento-foto-mdr-e1750671698623.png\",\"keywords\":[\"acomoda\u00e7\u00e3o legal\",\"Banco Nacional de Desenvolvimento Econ\u00f4mico e Social\",\"BNDES\",\"Cleverson Aroeira\",\"concess\u00f5es\",\"estrutura\u00e7\u00e3o\",\"estrutura\u00e7\u00e3o de projetos\",\"parcerias p\u00fablico-privadas\",\"PPPs\",\"presta\u00e7\u00e3o do servi\u00e7o\",\"saneamento\",\"Saneamento B\u00e1sico\",\"servi\u00e7os p\u00fablicos\",\"universaliza\u00e7\u00e3o\"],\"articleSection\":[\"Geral\"],\"inLanguage\":\"pt-BR\",\"copyrightYear\":\"2021\",\"copyrightHolder\":{\"@id\":\"https:\/\/agenciainfra.com\/blog\/#organization\"}},{\"@type\":\"WebPage\",\"@id\":\"https:\/\/agenciainfra.com\/blog\/superintendente-do-bndes-diz-que-tem-sobra-de-equipe-para-estruturar-projetos-de-saneamento\/\",\"url\":\"https:\/\/agenciainfra.com\/blog\/superintendente-do-bndes-diz-que-tem-sobra-de-equipe-para-estruturar-projetos-de-saneamento\/\",\"name\":\"Superintendente do BNDES diz que tem sobra de equipe para estruturar projetos de saneamento - Ag\u00eancia iNFRA\",\"isPartOf\":{\"@id\":\"https:\/\/agenciainfra.com\/blog\/#website\"},\"primaryImageOfPage\":{\"@id\":\"https:\/\/agenciainfra.com\/blog\/superintendente-do-bndes-diz-que-tem-sobra-de-equipe-para-estruturar-projetos-de-saneamento\/#primaryimage\"},\"image\":{\"@id\":\"https:\/\/agenciainfra.com\/blog\/superintendente-do-bndes-diz-que-tem-sobra-de-equipe-para-estruturar-projetos-de-saneamento\/#primaryimage\"},\"thumbnailUrl\":\"https:\/\/agenciainfra.com\/blog\/wp-content\/uploads\/2021\/06\/saneamento-foto-mdr-e1750671698623.png\",\"datePublished\":\"2021-07-28T11:00:00+00:00\",\"breadcrumb\":{\"@id\":\"https:\/\/agenciainfra.com\/blog\/superintendente-do-bndes-diz-que-tem-sobra-de-equipe-para-estruturar-projetos-de-saneamento\/#breadcrumb\"},\"inLanguage\":\"pt-BR\",\"potentialAction\":[{\"@type\":\"ReadAction\",\"target\":[\"https:\/\/agenciainfra.com\/blog\/superintendente-do-bndes-diz-que-tem-sobra-de-equipe-para-estruturar-projetos-de-saneamento\/\"]}]},{\"@type\":\"ImageObject\",\"inLanguage\":\"pt-BR\",\"@id\":\"https:\/\/agenciainfra.com\/blog\/superintendente-do-bndes-diz-que-tem-sobra-de-equipe-para-estruturar-projetos-de-saneamento\/#primaryimage\",\"url\":\"https:\/\/agenciainfra.com\/blog\/wp-content\/uploads\/2021\/06\/saneamento-foto-mdr-e1750671698623.png\",\"contentUrl\":\"https:\/\/agenciainfra.com\/blog\/wp-content\/uploads\/2021\/06\/saneamento-foto-mdr-e1750671698623.png\",\"width\":1280,\"height\":774},{\"@type\":\"BreadcrumbList\",\"@id\":\"https:\/\/agenciainfra.com\/blog\/superintendente-do-bndes-diz-que-tem-sobra-de-equipe-para-estruturar-projetos-de-saneamento\/#breadcrumb\",\"itemListElement\":[{\"@type\":\"ListItem\",\"position\":1,\"name\":\"In\u00edcio\",\"item\":\"https:\/\/agenciainfra.com\/blog\/\"},{\"@type\":\"ListItem\",\"position\":2,\"name\":\"Superintendente do BNDES diz que tem sobra de equipe para estruturar projetos de saneamento\"}]},{\"@type\":\"WebSite\",\"@id\":\"https:\/\/agenciainfra.com\/blog\/#website\",\"url\":\"https:\/\/agenciainfra.com\/blog\/\",\"name\":\"Ag\u00eancia iNFRA\",\"description\":\"Multiplataforma de informa\u00e7\u00e3o jornal\u00edstica refer\u00eancia na \u00e1rea de infraestrutura no Brasil!\",\"publisher\":{\"@id\":\"https:\/\/agenciainfra.com\/blog\/#organization\"},\"potentialAction\":[{\"@type\":\"SearchAction\",\"target\":{\"@type\":\"EntryPoint\",\"urlTemplate\":\"https:\/\/agenciainfra.com\/blog\/?s={search_term_string}\"},\"query-input\":{\"@type\":\"PropertyValueSpecification\",\"valueRequired\":true,\"valueName\":\"search_term_string\"}}],\"inLanguage\":\"pt-BR\"},{\"@type\":\"Organization\",\"@id\":\"https:\/\/agenciainfra.com\/blog\/#organization\",\"name\":\"Ag\u00eancia iNFRA\",\"url\":\"https:\/\/agenciainfra.com\/blog\/\",\"logo\":{\"@type\":\"ImageObject\",\"inLanguage\":\"pt-BR\",\"@id\":\"https:\/\/agenciainfra.com\/blog\/#\/schema\/logo\/image\/\",\"url\":\"https:\/\/agenciainfra.com\/blog\/wp-content\/uploads\/2023\/09\/iNFRA_5-e1761735885940.png\",\"contentUrl\":\"https:\/\/agenciainfra.com\/blog\/wp-content\/uploads\/2023\/09\/iNFRA_5-e1761735885940.png\",\"width\":1672,\"height\":454,\"caption\":\"Ag\u00eancia iNFRA\"},\"image\":{\"@id\":\"https:\/\/agenciainfra.com\/blog\/#\/schema\/logo\/image\/\"},\"sameAs\":[\"https:\/\/www.facebook.com\/ageninfra\",\"https:\/\/x.com\/agencia_infra\",\"https:\/\/www.linkedin.com\/company\/ag\u00eanciainfra\/\",\"https:\/\/www.instagram.com\/agenciainfra\/\"]},{\"@type\":\"Person\",\"@id\":\"https:\/\/agenciainfra.com\/blog\/#\/schema\/person\/34af08dff6adea4cb22b06612ba7acfa\",\"name\":\"Ag\u00eancia iNFRA\",\"image\":{\"@type\":\"ImageObject\",\"inLanguage\":\"pt-BR\",\"@id\":\"https:\/\/agenciainfra.com\/blog\/#\/schema\/person\/image\/\",\"url\":\"https:\/\/secure.gravatar.com\/avatar\/d189e01678f06d8eb84d4e01f08eb848b3fffe3f8443818d3c356c66892f5be8?s=96&d=mm&r=g\",\"contentUrl\":\"https:\/\/secure.gravatar.com\/avatar\/d189e01678f06d8eb84d4e01f08eb848b3fffe3f8443818d3c356c66892f5be8?s=96&d=mm&r=g\",\"caption\":\"Ag\u00eancia iNFRA\"},\"url\":\"https:\/\/agenciainfra.com\/blog\/author\/admin\/\"}]}<\/script>\n<!-- \/ Yoast SEO Premium plugin. -->","yoast_head_json":{"title":"Superintendente do BNDES diz que tem sobra de equipe para estruturar projetos de saneamento - Ag\u00eancia iNFRA","robots":{"index":"index","follow":"follow","max-snippet":"max-snippet:-1","max-image-preview":"max-image-preview:large","max-video-preview":"max-video-preview:-1"},"canonical":"https:\/\/agenciainfra.com\/blog\/superintendente-do-bndes-diz-que-tem-sobra-de-equipe-para-estruturar-projetos-de-saneamento\/","og_locale":"pt_BR","og_type":"article","og_title":"Superintendente do BNDES diz que tem sobra de equipe para estruturar projetos de saneamento","og_description":"da&nbsp;Ag\u00eancia iNFRA O BNDES est\u00e1 no momento com sobra de equipes para fazer estrutura\u00e7\u00e3o de projetos de concess\u00f5es e PPPs (parcerias p\u00fablico-privadas) para a \u00e1rea de saneamento b\u00e1sico, essencialmente pela falta de interesse de\u00a0governos locais em passar \u00e0 iniciativa privada os servi\u00e7os. Foi o que revelou o superintendente de estudos e projetos do banco, Cleverson [&hellip;]","og_url":"https:\/\/agenciainfra.com\/blog\/superintendente-do-bndes-diz-que-tem-sobra-de-equipe-para-estruturar-projetos-de-saneamento\/","og_site_name":"Ag\u00eancia iNFRA","article_publisher":"https:\/\/www.facebook.com\/ageninfra","article_published_time":"2021-07-28T11:00:00+00:00","og_image":[{"width":1280,"height":852,"url":"https:\/\/agenciainfra.com\/blog\/wp-content\/uploads\/2021\/06\/saneamento-foto-mdr.png","type":"image\/png"}],"author":"Ag\u00eancia iNFRA","twitter_card":"summary_large_image","twitter_creator":"@agencia_infra","twitter_site":"@agencia_infra","twitter_misc":{"Escrito por":"Ag\u00eancia iNFRA","Est. tempo de leitura":"3 minutos"},"schema":{"@context":"https:\/\/schema.org","@graph":[{"@type":"Article","@id":"https:\/\/agenciainfra.com\/blog\/superintendente-do-bndes-diz-que-tem-sobra-de-equipe-para-estruturar-projetos-de-saneamento\/#article","isPartOf":{"@id":"https:\/\/agenciainfra.com\/blog\/superintendente-do-bndes-diz-que-tem-sobra-de-equipe-para-estruturar-projetos-de-saneamento\/"},"author":{"name":"Ag\u00eancia iNFRA","@id":"https:\/\/agenciainfra.com\/blog\/#\/schema\/person\/34af08dff6adea4cb22b06612ba7acfa"},"headline":"Superintendente do BNDES diz que tem sobra de equipe para estruturar projetos de saneamento","datePublished":"2021-07-28T11:00:00+00:00","mainEntityOfPage":{"@id":"https:\/\/agenciainfra.com\/blog\/superintendente-do-bndes-diz-que-tem-sobra-de-equipe-para-estruturar-projetos-de-saneamento\/"},"wordCount":685,"publisher":{"@id":"https:\/\/agenciainfra.com\/blog\/#organization"},"image":{"@id":"https:\/\/agenciainfra.com\/blog\/superintendente-do-bndes-diz-que-tem-sobra-de-equipe-para-estruturar-projetos-de-saneamento\/#primaryimage"},"thumbnailUrl":"https:\/\/agenciainfra.com\/blog\/wp-content\/uploads\/2021\/06\/saneamento-foto-mdr-e1750671698623.png","keywords":["acomoda\u00e7\u00e3o legal","Banco Nacional de Desenvolvimento Econ\u00f4mico e Social","BNDES","Cleverson Aroeira","concess\u00f5es","estrutura\u00e7\u00e3o","estrutura\u00e7\u00e3o de projetos","parcerias p\u00fablico-privadas","PPPs","presta\u00e7\u00e3o do servi\u00e7o","saneamento","Saneamento B\u00e1sico","servi\u00e7os p\u00fablicos","universaliza\u00e7\u00e3o"],"articleSection":["Geral"],"inLanguage":"pt-BR","copyrightYear":"2021","copyrightHolder":{"@id":"https:\/\/agenciainfra.com\/blog\/#organization"}},{"@type":"WebPage","@id":"https:\/\/agenciainfra.com\/blog\/superintendente-do-bndes-diz-que-tem-sobra-de-equipe-para-estruturar-projetos-de-saneamento\/","url":"https:\/\/agenciainfra.com\/blog\/superintendente-do-bndes-diz-que-tem-sobra-de-equipe-para-estruturar-projetos-de-saneamento\/","name":"Superintendente do BNDES diz que tem sobra de equipe para estruturar projetos de saneamento - Ag\u00eancia iNFRA","isPartOf":{"@id":"https:\/\/agenciainfra.com\/blog\/#website"},"primaryImageOfPage":{"@id":"https:\/\/agenciainfra.com\/blog\/superintendente-do-bndes-diz-que-tem-sobra-de-equipe-para-estruturar-projetos-de-saneamento\/#primaryimage"},"image":{"@id":"https:\/\/agenciainfra.com\/blog\/superintendente-do-bndes-diz-que-tem-sobra-de-equipe-para-estruturar-projetos-de-saneamento\/#primaryimage"},"thumbnailUrl":"https:\/\/agenciainfra.com\/blog\/wp-content\/uploads\/2021\/06\/saneamento-foto-mdr-e1750671698623.png","datePublished":"2021-07-28T11:00:00+00:00","breadcrumb":{"@id":"https:\/\/agenciainfra.com\/blog\/superintendente-do-bndes-diz-que-tem-sobra-de-equipe-para-estruturar-projetos-de-saneamento\/#breadcrumb"},"inLanguage":"pt-BR","potentialAction":[{"@type":"ReadAction","target":["https:\/\/agenciainfra.com\/blog\/superintendente-do-bndes-diz-que-tem-sobra-de-equipe-para-estruturar-projetos-de-saneamento\/"]}]},{"@type":"ImageObject","inLanguage":"pt-BR","@id":"https:\/\/agenciainfra.com\/blog\/superintendente-do-bndes-diz-que-tem-sobra-de-equipe-para-estruturar-projetos-de-saneamento\/#primaryimage","url":"https:\/\/agenciainfra.com\/blog\/wp-content\/uploads\/2021\/06\/saneamento-foto-mdr-e1750671698623.png","contentUrl":"https:\/\/agenciainfra.com\/blog\/wp-content\/uploads\/2021\/06\/saneamento-foto-mdr-e1750671698623.png","width":1280,"height":774},{"@type":"BreadcrumbList","@id":"https:\/\/agenciainfra.com\/blog\/superintendente-do-bndes-diz-que-tem-sobra-de-equipe-para-estruturar-projetos-de-saneamento\/#breadcrumb","itemListElement":[{"@type":"ListItem","position":1,"name":"In\u00edcio","item":"https:\/\/agenciainfra.com\/blog\/"},{"@type":"ListItem","position":2,"name":"Superintendente do BNDES diz que tem sobra de equipe para estruturar projetos de saneamento"}]},{"@type":"WebSite","@id":"https:\/\/agenciainfra.com\/blog\/#website","url":"https:\/\/agenciainfra.com\/blog\/","name":"Ag\u00eancia iNFRA","description":"Multiplataforma de informa\u00e7\u00e3o jornal\u00edstica refer\u00eancia na \u00e1rea de infraestrutura no Brasil!","publisher":{"@id":"https:\/\/agenciainfra.com\/blog\/#organization"},"potentialAction":[{"@type":"SearchAction","target":{"@type":"EntryPoint","urlTemplate":"https:\/\/agenciainfra.com\/blog\/?s={search_term_string}"},"query-input":{"@type":"PropertyValueSpecification","valueRequired":true,"valueName":"search_term_string"}}],"inLanguage":"pt-BR"},{"@type":"Organization","@id":"https:\/\/agenciainfra.com\/blog\/#organization","name":"Ag\u00eancia iNFRA","url":"https:\/\/agenciainfra.com\/blog\/","logo":{"@type":"ImageObject","inLanguage":"pt-BR","@id":"https:\/\/agenciainfra.com\/blog\/#\/schema\/logo\/image\/","url":"https:\/\/agenciainfra.com\/blog\/wp-content\/uploads\/2023\/09\/iNFRA_5-e1761735885940.png","contentUrl":"https:\/\/agenciainfra.com\/blog\/wp-content\/uploads\/2023\/09\/iNFRA_5-e1761735885940.png","width":1672,"height":454,"caption":"Ag\u00eancia iNFRA"},"image":{"@id":"https:\/\/agenciainfra.com\/blog\/#\/schema\/logo\/image\/"},"sameAs":["https:\/\/www.facebook.com\/ageninfra","https:\/\/x.com\/agencia_infra","https:\/\/www.linkedin.com\/company\/ag\u00eanciainfra\/","https:\/\/www.instagram.com\/agenciainfra\/"]},{"@type":"Person","@id":"https:\/\/agenciainfra.com\/blog\/#\/schema\/person\/34af08dff6adea4cb22b06612ba7acfa","name":"Ag\u00eancia iNFRA","image":{"@type":"ImageObject","inLanguage":"pt-BR","@id":"https:\/\/agenciainfra.com\/blog\/#\/schema\/person\/image\/","url":"https:\/\/secure.gravatar.com\/avatar\/d189e01678f06d8eb84d4e01f08eb848b3fffe3f8443818d3c356c66892f5be8?s=96&d=mm&r=g","contentUrl":"https:\/\/secure.gravatar.com\/avatar\/d189e01678f06d8eb84d4e01f08eb848b3fffe3f8443818d3c356c66892f5be8?s=96&d=mm&r=g","caption":"Ag\u00eancia iNFRA"},"url":"https:\/\/agenciainfra.com\/blog\/author\/admin\/"}]}},"_links":{"self":[{"href":"https:\/\/agenciainfra.com\/blog\/wp-json\/wp\/v2\/posts\/7784","targetHints":{"allow":["GET"]}}],"collection":[{"href":"https:\/\/agenciainfra.com\/blog\/wp-json\/wp\/v2\/posts"}],"about":[{"href":"https:\/\/agenciainfra.com\/blog\/wp-json\/wp\/v2\/types\/post"}],"author":[{"embeddable":true,"href":"https:\/\/agenciainfra.com\/blog\/wp-json\/wp\/v2\/users\/1"}],"replies":[{"embeddable":true,"href":"https:\/\/agenciainfra.com\/blog\/wp-json\/wp\/v2\/comments?post=7784"}],"version-history":[{"count":0,"href":"https:\/\/agenciainfra.com\/blog\/wp-json\/wp\/v2\/posts\/7784\/revisions"}],"wp:featuredmedia":[{"embeddable":true,"href":"https:\/\/agenciainfra.com\/blog\/wp-json\/wp\/v2\/media\/7389"}],"wp:attachment":[{"href":"https:\/\/agenciainfra.com\/blog\/wp-json\/wp\/v2\/media?parent=7784"}],"wp:term":[{"taxonomy":"category","embeddable":true,"href":"https:\/\/agenciainfra.com\/blog\/wp-json\/wp\/v2\/categories?post=7784"},{"taxonomy":"post_tag","embeddable":true,"href":"https:\/\/agenciainfra.com\/blog\/wp-json\/wp\/v2\/tags?post=7784"}],"curies":[{"name":"wp","href":"https:\/\/api.w.org\/{rel}","templated":true}]}}