{"id":7855,"date":"2021-08-02T10:00:00","date_gmt":"2021-08-02T13:00:00","guid":{"rendered":"https:\/\/www.agenciainfra.com\/blog\/?p=7855"},"modified":"2021-08-02T09:56:28","modified_gmt":"2021-08-02T12:56:28","slug":"analise-crise-de-energia-aumenta-a-gravidade-em-agosto","status":"publish","type":"post","link":"https:\/\/agenciainfra.com\/blog\/analise-crise-de-energia-aumenta-a-gravidade-em-agosto\/","title":{"rendered":"An\u00e1lise: crise de energia aumenta a gravidade em agosto"},"content":{"rendered":"\n<p class=\"has-text-align-right\"><strong>Roberto Rockmann<\/strong>*<\/p>\n\n\n\n<p>Na semana passada, distribuidoras enviaram comunicados a grandes consumidores da classe A2 requisitando que eles tenham um plano de corte manual de cargas correspondente a 35% da demanda, \u201cde forma a evitar um colapso no controle de tens\u00e3o, viola\u00e7\u00e3o de limites de equipamentos ou linhas de transmiss\u00e3o remanescentes\u201d.<\/p>\n\n\n\n<p>O comunicado deixou industriais apreensivos com o temor de piora do cen\u00e1rio h\u00eddrico e el\u00e9trico no per\u00edodo seco, ainda em seu in\u00edcio. Neste m\u00eas, a Petrobras faz uma parada programada de 30 dias para manuten\u00e7\u00e3o da plataforma de Mexilh\u00e3o e do gasoduto Rota 1, interrompendo o fornecimento de g\u00e1s para termel\u00e9tricas.<\/p>\n\n\n\n<p>Especialistas no setor el\u00e9trico veem o comunicado das distribuidoras como algo normal, dentro de um cen\u00e1rio que inspira cada vez mais preocupa\u00e7\u00f5es sobre blecautes neste ano e o abastecimento em 2022. \u201cEsses procedimentos de gest\u00e3o de corte j\u00e1 existem, mas \u00e9 um sinal de que o operador vai esticar a corda na opera\u00e7\u00e3o de 2021\u201d, segundo um atento observador.<\/p>\n\n\n\n<p>Nos Estados Unidos, o operador da Calif\u00f3rnia j\u00e1 enviou neste ano seis alertas para os consumidores reduzirem suas cargas, para evitar a implementa\u00e7\u00e3o de um corte de carga rotativo. \u201cEst\u00e1 se buscando tudo para n\u00e3o faltar energia, o maior desafio \u00e9 em outubro e novembro, mas ainda estou otimista e acho que passaremos raspando\u201d, afirma outro.<\/p>\n\n\n\n<p>A crise de energia subiu um tom em agosto. Na \u00faltima semana de julho, uma comercializadora do interior de S\u00e3o Paulo j\u00e1 anunciou a clientes que est\u00e1 com problemas de cumprir seus contratos porque seu supridor n\u00e3o poder\u00e1 entregar a energia contratada.<\/p>\n\n\n\n<p>As chuvas foram fracas em julho e a hidrologia continua pessimista para agosto. A primeira semana se inicia com um Custo Marginal de Opera\u00e7\u00e3o de R$ 2.540,18\/MWh. Os encargos dever\u00e3o bater recordes neste ano e em 2022, assim como as bandeiras tarif\u00e1rias vermelhas n\u00edvel 2.<\/p>\n\n\n\n<p>Mas o clima nos minist\u00e9rios da Economia e de Minas e Energia \u00e9 de tranquilidade. V\u00ea-se que o maior estresse poder\u00e1 ser em outubro e novembro, mas as medidas atuais, como a gest\u00e3o da vaz\u00e3o dos reservat\u00f3rios e maior transfer\u00eancia entre regi\u00f5es, devem evitar problemas maiores.&nbsp;<\/p>\n\n\n\n<p>A crise h\u00eddrica est\u00e1 apenas no come\u00e7o. N\u00e3o se sabe como os reservat\u00f3rios encerrar\u00e3o o ano e como ser\u00e1 a esta\u00e7\u00e3o chuvosa do pr\u00f3ximo ver\u00e3o. Gest\u00e3o e comunica\u00e7\u00e3o ser\u00e3o dois alicerces importantes para atravessar os pr\u00f3ximos meses secos, em que os reservat\u00f3rios tendem a perder at\u00e9 4 pontos percentuais mensais.<\/p>\n\n\n\n<p>Saber se comunicar com a popula\u00e7\u00e3o e as empresas ser\u00e1 essencial, seja para pedir economia, seja para evitar que ru\u00eddos ganhem propor\u00e7\u00f5es maiores.<\/p>\n\n\n\n<p>Em maio de 2001, ao assumir a C\u00e2mara de Gest\u00e3o da Crise de Energia, os marqueteiros sugeriram ao ministro Pedro Parente que ele tirasse a palavra \u201ccrise\u201d do nome do grupo. Parente insistiu para manter por entender que, se o objetivo era fazer a popula\u00e7\u00e3o colaborar, seria essencial deixar clara a gravidade do problema.<\/p>\n\n\n\n<h6 class=\"wp-block-heading\" id=\"block-f323f59b-51bf-4eed-b17b-3c7d3b917007\">*Roberto Rockmann \u00e9 escritor e jornalista. Coautor do livro \u201cCurto-Circuito, quando o Brasil quase ficou \u00e0s escuras\u201d e produtor do podcast quinzenal \u201cGiro Energia\u201d sobre o setor el\u00e9trico. Organizou em 2018 o livro de 20 anos do mercado livre de energia el\u00e9trica, editado pela CCEE (C\u00e2mara de Comercializa\u00e7\u00e3o de Energia El\u00e9trica), al\u00e9m de v\u00e1rios outros livros e trabalhos premiados.<\/h6>\n\n\n\n<h5 class=\"wp-block-heading\" id=\"block-5ef42db3-2ed1-4178-8ab5-7a7f312ba102\">As opini\u00f5es dos autores n\u00e3o refletem necessariamente o pensamento da Ag\u00eancia iNFRA, sendo de total responsabilidade do autor as informa\u00e7\u00f5es, ju\u00edzos de valor e conceitos descritos no texto.<\/h5>\n","protected":false},"excerpt":{"rendered":"<p>Roberto Rockmann* Na semana passada, distribuidoras enviaram comunicados a grandes consumidores da classe A2 requisitando que eles tenham um plano de corte manual de cargas correspondente a 35% da demanda, \u201cde forma a evitar um colapso no controle de tens\u00e3o, viola\u00e7\u00e3o de limites de equipamentos ou linhas de transmiss\u00e3o remanescentes\u201d. O comunicado deixou industriais apreensivos [&hellip;]<\/p>\n","protected":false},"author":1,"featured_media":1907,"comment_status":"closed","ping_status":"closed","sticky":false,"template":"","format":"standard","meta":{"_monsterinsights_skip_tracking":false,"_monsterinsights_sitenote_active":false,"_monsterinsights_sitenote_note":"","_monsterinsights_sitenote_category":0,"footnotes":""},"categories":[1],"tags":[3199,4857,4855,4379,3487,3460,491,25,3201,4854,4645,766,96,3366,143,1819,4488,54],"class_list":["post-7855","post","type-post","status-publish","format-standard","has-post-thumbnail","hentry","category-geral","tag-abastecimento","tag-camara-de-gestao-da-crise-de-energia","tag-corte-de-carga","tag-crise-energetica","tag-crise-hidrica","tag-crise-hidrologica","tag-distribuidoras-de-energia","tag-energia","tag-falta-de-chuva","tag-gestao-de-cortes","tag-gestao-hidroenergetica","tag-ministerio-da-economia","tag-ministerio-de-minas-e-energia","tag-pedro-parente","tag-petrobras","tag-reservatorios","tag-roberto-rockmann","tag-setor-eletrico"],"yoast_head":"<!-- This site is optimized with the Yoast SEO Premium plugin v25.4 (Yoast SEO v26.0) - https:\/\/yoast.com\/wordpress\/plugins\/seo\/ -->\n<title>An\u00e1lise: crise de energia aumenta a gravidade em agosto - Ag\u00eancia iNFRA<\/title>\n<meta name=\"robots\" content=\"index, follow, max-snippet:-1, max-image-preview:large, max-video-preview:-1\" \/>\n<link rel=\"canonical\" href=\"https:\/\/agenciainfra.com\/blog\/analise-crise-de-energia-aumenta-a-gravidade-em-agosto\/\" \/>\n<meta property=\"og:locale\" content=\"pt_BR\" \/>\n<meta property=\"og:type\" content=\"article\" \/>\n<meta property=\"og:title\" content=\"An\u00e1lise: crise de energia aumenta a gravidade em agosto\" \/>\n<meta property=\"og:description\" content=\"Roberto Rockmann* Na semana passada, distribuidoras enviaram comunicados a grandes consumidores da classe A2 requisitando que eles tenham um plano de corte manual de cargas correspondente a 35% da demanda, \u201cde forma a evitar um colapso no controle de tens\u00e3o, viola\u00e7\u00e3o de limites de equipamentos ou linhas de transmiss\u00e3o remanescentes\u201d. O comunicado deixou industriais apreensivos [&hellip;]\" \/>\n<meta property=\"og:url\" content=\"https:\/\/agenciainfra.com\/blog\/analise-crise-de-energia-aumenta-a-gravidade-em-agosto\/\" \/>\n<meta property=\"og:site_name\" content=\"Ag\u00eancia iNFRA\" \/>\n<meta property=\"article:publisher\" content=\"https:\/\/www.facebook.com\/ageninfra\" \/>\n<meta property=\"article:published_time\" content=\"2021-08-02T13:00:00+00:00\" \/>\n<meta property=\"og:image\" content=\"https:\/\/agenciainfra.com\/blog\/wp-content\/uploads\/2018\/06\/energia-_uhe_-paulo_-afonso_III-_-eletrobras_-chesf-1024x680.jpg\" \/>\n\t<meta property=\"og:image:width\" content=\"1024\" \/>\n\t<meta property=\"og:image:height\" content=\"680\" \/>\n\t<meta property=\"og:image:type\" content=\"image\/jpeg\" \/>\n<meta name=\"author\" content=\"Ag\u00eancia iNFRA\" \/>\n<meta name=\"twitter:card\" content=\"summary_large_image\" \/>\n<meta name=\"twitter:creator\" content=\"@agencia_infra\" \/>\n<meta name=\"twitter:site\" content=\"@agencia_infra\" \/>\n<meta name=\"twitter:label1\" content=\"Escrito por\" \/>\n\t<meta name=\"twitter:data1\" content=\"Ag\u00eancia iNFRA\" \/>\n\t<meta name=\"twitter:label2\" content=\"Est. tempo de leitura\" \/>\n\t<meta name=\"twitter:data2\" content=\"3 minutos\" \/>\n<script type=\"application\/ld+json\" class=\"yoast-schema-graph\">{\"@context\":\"https:\/\/schema.org\",\"@graph\":[{\"@type\":\"Article\",\"@id\":\"https:\/\/agenciainfra.com\/blog\/analise-crise-de-energia-aumenta-a-gravidade-em-agosto\/#article\",\"isPartOf\":{\"@id\":\"https:\/\/agenciainfra.com\/blog\/analise-crise-de-energia-aumenta-a-gravidade-em-agosto\/\"},\"author\":{\"name\":\"Ag\u00eancia iNFRA\",\"@id\":\"https:\/\/agenciainfra.com\/blog\/#\/schema\/person\/34af08dff6adea4cb22b06612ba7acfa\"},\"headline\":\"An\u00e1lise: crise de energia aumenta a gravidade em agosto\",\"datePublished\":\"2021-08-02T13:00:00+00:00\",\"mainEntityOfPage\":{\"@id\":\"https:\/\/agenciainfra.com\/blog\/analise-crise-de-energia-aumenta-a-gravidade-em-agosto\/\"},\"wordCount\":624,\"publisher\":{\"@id\":\"https:\/\/agenciainfra.com\/blog\/#organization\"},\"image\":{\"@id\":\"https:\/\/agenciainfra.com\/blog\/analise-crise-de-energia-aumenta-a-gravidade-em-agosto\/#primaryimage\"},\"thumbnailUrl\":\"https:\/\/agenciainfra.com\/blog\/wp-content\/uploads\/2018\/06\/energia-_uhe_-paulo_-afonso_III-_-eletrobras_-chesf.jpg\",\"keywords\":[\"abastecimento\",\"C\u00e2mara de Gest\u00e3o da Crise de Energia\",\"corte de carga\",\"crise energ\u00e9tica\",\"crise h\u00eddrica\",\"crise hidrol\u00f3gica\",\"distribuidoras de energia\",\"energia\",\"falta de chuva\",\"gest\u00e3o de cortes\",\"gest\u00e3o hidroenerg\u00e9tica\",\"Minist\u00e9rio da Economia\",\"Minist\u00e9rio de Minas e Energia\",\"Pedro Parente\",\"Petrobras\",\"reservat\u00f3rios\",\"Roberto Rockmann\",\"Setor El\u00e9trico\"],\"articleSection\":[\"Geral\"],\"inLanguage\":\"pt-BR\",\"copyrightYear\":\"2021\",\"copyrightHolder\":{\"@id\":\"https:\/\/agenciainfra.com\/blog\/#organization\"}},{\"@type\":\"WebPage\",\"@id\":\"https:\/\/agenciainfra.com\/blog\/analise-crise-de-energia-aumenta-a-gravidade-em-agosto\/\",\"url\":\"https:\/\/agenciainfra.com\/blog\/analise-crise-de-energia-aumenta-a-gravidade-em-agosto\/\",\"name\":\"An\u00e1lise: crise de energia aumenta a gravidade em agosto - Ag\u00eancia iNFRA\",\"isPartOf\":{\"@id\":\"https:\/\/agenciainfra.com\/blog\/#website\"},\"primaryImageOfPage\":{\"@id\":\"https:\/\/agenciainfra.com\/blog\/analise-crise-de-energia-aumenta-a-gravidade-em-agosto\/#primaryimage\"},\"image\":{\"@id\":\"https:\/\/agenciainfra.com\/blog\/analise-crise-de-energia-aumenta-a-gravidade-em-agosto\/#primaryimage\"},\"thumbnailUrl\":\"https:\/\/agenciainfra.com\/blog\/wp-content\/uploads\/2018\/06\/energia-_uhe_-paulo_-afonso_III-_-eletrobras_-chesf.jpg\",\"datePublished\":\"2021-08-02T13:00:00+00:00\",\"breadcrumb\":{\"@id\":\"https:\/\/agenciainfra.com\/blog\/analise-crise-de-energia-aumenta-a-gravidade-em-agosto\/#breadcrumb\"},\"inLanguage\":\"pt-BR\",\"potentialAction\":[{\"@type\":\"ReadAction\",\"target\":[\"https:\/\/agenciainfra.com\/blog\/analise-crise-de-energia-aumenta-a-gravidade-em-agosto\/\"]}]},{\"@type\":\"ImageObject\",\"inLanguage\":\"pt-BR\",\"@id\":\"https:\/\/agenciainfra.com\/blog\/analise-crise-de-energia-aumenta-a-gravidade-em-agosto\/#primaryimage\",\"url\":\"https:\/\/agenciainfra.com\/blog\/wp-content\/uploads\/2018\/06\/energia-_uhe_-paulo_-afonso_III-_-eletrobras_-chesf.jpg\",\"contentUrl\":\"https:\/\/agenciainfra.com\/blog\/wp-content\/uploads\/2018\/06\/energia-_uhe_-paulo_-afonso_III-_-eletrobras_-chesf.jpg\",\"width\":4288,\"height\":2848},{\"@type\":\"BreadcrumbList\",\"@id\":\"https:\/\/agenciainfra.com\/blog\/analise-crise-de-energia-aumenta-a-gravidade-em-agosto\/#breadcrumb\",\"itemListElement\":[{\"@type\":\"ListItem\",\"position\":1,\"name\":\"In\u00edcio\",\"item\":\"https:\/\/agenciainfra.com\/blog\/\"},{\"@type\":\"ListItem\",\"position\":2,\"name\":\"An\u00e1lise: crise de energia aumenta a gravidade em agosto\"}]},{\"@type\":\"WebSite\",\"@id\":\"https:\/\/agenciainfra.com\/blog\/#website\",\"url\":\"https:\/\/agenciainfra.com\/blog\/\",\"name\":\"Ag\u00eancia iNFRA\",\"description\":\"Multiplataforma de informa\u00e7\u00e3o jornal\u00edstica refer\u00eancia na \u00e1rea de infraestrutura no Brasil!\",\"publisher\":{\"@id\":\"https:\/\/agenciainfra.com\/blog\/#organization\"},\"potentialAction\":[{\"@type\":\"SearchAction\",\"target\":{\"@type\":\"EntryPoint\",\"urlTemplate\":\"https:\/\/agenciainfra.com\/blog\/?s={search_term_string}\"},\"query-input\":{\"@type\":\"PropertyValueSpecification\",\"valueRequired\":true,\"valueName\":\"search_term_string\"}}],\"inLanguage\":\"pt-BR\"},{\"@type\":\"Organization\",\"@id\":\"https:\/\/agenciainfra.com\/blog\/#organization\",\"name\":\"Ag\u00eancia iNFRA\",\"url\":\"https:\/\/agenciainfra.com\/blog\/\",\"logo\":{\"@type\":\"ImageObject\",\"inLanguage\":\"pt-BR\",\"@id\":\"https:\/\/agenciainfra.com\/blog\/#\/schema\/logo\/image\/\",\"url\":\"https:\/\/agenciainfra.com\/blog\/wp-content\/uploads\/2023\/09\/iNFRA_5-e1761735885940.png\",\"contentUrl\":\"https:\/\/agenciainfra.com\/blog\/wp-content\/uploads\/2023\/09\/iNFRA_5-e1761735885940.png\",\"width\":1672,\"height\":454,\"caption\":\"Ag\u00eancia iNFRA\"},\"image\":{\"@id\":\"https:\/\/agenciainfra.com\/blog\/#\/schema\/logo\/image\/\"},\"sameAs\":[\"https:\/\/www.facebook.com\/ageninfra\",\"https:\/\/x.com\/agencia_infra\",\"https:\/\/www.linkedin.com\/company\/ag\u00eanciainfra\/\",\"https:\/\/www.instagram.com\/agenciainfra\/\"]},{\"@type\":\"Person\",\"@id\":\"https:\/\/agenciainfra.com\/blog\/#\/schema\/person\/34af08dff6adea4cb22b06612ba7acfa\",\"name\":\"Ag\u00eancia iNFRA\",\"image\":{\"@type\":\"ImageObject\",\"inLanguage\":\"pt-BR\",\"@id\":\"https:\/\/agenciainfra.com\/blog\/#\/schema\/person\/image\/\",\"url\":\"https:\/\/secure.gravatar.com\/avatar\/d189e01678f06d8eb84d4e01f08eb848b3fffe3f8443818d3c356c66892f5be8?s=96&d=mm&r=g\",\"contentUrl\":\"https:\/\/secure.gravatar.com\/avatar\/d189e01678f06d8eb84d4e01f08eb848b3fffe3f8443818d3c356c66892f5be8?s=96&d=mm&r=g\",\"caption\":\"Ag\u00eancia iNFRA\"},\"url\":\"https:\/\/agenciainfra.com\/blog\/author\/admin\/\"}]}<\/script>\n<!-- \/ Yoast SEO Premium plugin. -->","yoast_head_json":{"title":"An\u00e1lise: crise de energia aumenta a gravidade em agosto - Ag\u00eancia iNFRA","robots":{"index":"index","follow":"follow","max-snippet":"max-snippet:-1","max-image-preview":"max-image-preview:large","max-video-preview":"max-video-preview:-1"},"canonical":"https:\/\/agenciainfra.com\/blog\/analise-crise-de-energia-aumenta-a-gravidade-em-agosto\/","og_locale":"pt_BR","og_type":"article","og_title":"An\u00e1lise: crise de energia aumenta a gravidade em agosto","og_description":"Roberto Rockmann* Na semana passada, distribuidoras enviaram comunicados a grandes consumidores da classe A2 requisitando que eles tenham um plano de corte manual de cargas correspondente a 35% da demanda, \u201cde forma a evitar um colapso no controle de tens\u00e3o, viola\u00e7\u00e3o de limites de equipamentos ou linhas de transmiss\u00e3o remanescentes\u201d. O comunicado deixou industriais apreensivos [&hellip;]","og_url":"https:\/\/agenciainfra.com\/blog\/analise-crise-de-energia-aumenta-a-gravidade-em-agosto\/","og_site_name":"Ag\u00eancia iNFRA","article_publisher":"https:\/\/www.facebook.com\/ageninfra","article_published_time":"2021-08-02T13:00:00+00:00","og_image":[{"width":1024,"height":680,"url":"https:\/\/agenciainfra.com\/blog\/wp-content\/uploads\/2018\/06\/energia-_uhe_-paulo_-afonso_III-_-eletrobras_-chesf-1024x680.jpg","type":"image\/jpeg"}],"author":"Ag\u00eancia iNFRA","twitter_card":"summary_large_image","twitter_creator":"@agencia_infra","twitter_site":"@agencia_infra","twitter_misc":{"Escrito por":"Ag\u00eancia iNFRA","Est. tempo de leitura":"3 minutos"},"schema":{"@context":"https:\/\/schema.org","@graph":[{"@type":"Article","@id":"https:\/\/agenciainfra.com\/blog\/analise-crise-de-energia-aumenta-a-gravidade-em-agosto\/#article","isPartOf":{"@id":"https:\/\/agenciainfra.com\/blog\/analise-crise-de-energia-aumenta-a-gravidade-em-agosto\/"},"author":{"name":"Ag\u00eancia iNFRA","@id":"https:\/\/agenciainfra.com\/blog\/#\/schema\/person\/34af08dff6adea4cb22b06612ba7acfa"},"headline":"An\u00e1lise: crise de energia aumenta a gravidade em agosto","datePublished":"2021-08-02T13:00:00+00:00","mainEntityOfPage":{"@id":"https:\/\/agenciainfra.com\/blog\/analise-crise-de-energia-aumenta-a-gravidade-em-agosto\/"},"wordCount":624,"publisher":{"@id":"https:\/\/agenciainfra.com\/blog\/#organization"},"image":{"@id":"https:\/\/agenciainfra.com\/blog\/analise-crise-de-energia-aumenta-a-gravidade-em-agosto\/#primaryimage"},"thumbnailUrl":"https:\/\/agenciainfra.com\/blog\/wp-content\/uploads\/2018\/06\/energia-_uhe_-paulo_-afonso_III-_-eletrobras_-chesf.jpg","keywords":["abastecimento","C\u00e2mara de Gest\u00e3o da Crise de Energia","corte de carga","crise energ\u00e9tica","crise h\u00eddrica","crise hidrol\u00f3gica","distribuidoras de energia","energia","falta de chuva","gest\u00e3o de cortes","gest\u00e3o hidroenerg\u00e9tica","Minist\u00e9rio da Economia","Minist\u00e9rio de Minas e Energia","Pedro Parente","Petrobras","reservat\u00f3rios","Roberto Rockmann","Setor El\u00e9trico"],"articleSection":["Geral"],"inLanguage":"pt-BR","copyrightYear":"2021","copyrightHolder":{"@id":"https:\/\/agenciainfra.com\/blog\/#organization"}},{"@type":"WebPage","@id":"https:\/\/agenciainfra.com\/blog\/analise-crise-de-energia-aumenta-a-gravidade-em-agosto\/","url":"https:\/\/agenciainfra.com\/blog\/analise-crise-de-energia-aumenta-a-gravidade-em-agosto\/","name":"An\u00e1lise: crise de energia aumenta a gravidade em agosto - Ag\u00eancia iNFRA","isPartOf":{"@id":"https:\/\/agenciainfra.com\/blog\/#website"},"primaryImageOfPage":{"@id":"https:\/\/agenciainfra.com\/blog\/analise-crise-de-energia-aumenta-a-gravidade-em-agosto\/#primaryimage"},"image":{"@id":"https:\/\/agenciainfra.com\/blog\/analise-crise-de-energia-aumenta-a-gravidade-em-agosto\/#primaryimage"},"thumbnailUrl":"https:\/\/agenciainfra.com\/blog\/wp-content\/uploads\/2018\/06\/energia-_uhe_-paulo_-afonso_III-_-eletrobras_-chesf.jpg","datePublished":"2021-08-02T13:00:00+00:00","breadcrumb":{"@id":"https:\/\/agenciainfra.com\/blog\/analise-crise-de-energia-aumenta-a-gravidade-em-agosto\/#breadcrumb"},"inLanguage":"pt-BR","potentialAction":[{"@type":"ReadAction","target":["https:\/\/agenciainfra.com\/blog\/analise-crise-de-energia-aumenta-a-gravidade-em-agosto\/"]}]},{"@type":"ImageObject","inLanguage":"pt-BR","@id":"https:\/\/agenciainfra.com\/blog\/analise-crise-de-energia-aumenta-a-gravidade-em-agosto\/#primaryimage","url":"https:\/\/agenciainfra.com\/blog\/wp-content\/uploads\/2018\/06\/energia-_uhe_-paulo_-afonso_III-_-eletrobras_-chesf.jpg","contentUrl":"https:\/\/agenciainfra.com\/blog\/wp-content\/uploads\/2018\/06\/energia-_uhe_-paulo_-afonso_III-_-eletrobras_-chesf.jpg","width":4288,"height":2848},{"@type":"BreadcrumbList","@id":"https:\/\/agenciainfra.com\/blog\/analise-crise-de-energia-aumenta-a-gravidade-em-agosto\/#breadcrumb","itemListElement":[{"@type":"ListItem","position":1,"name":"In\u00edcio","item":"https:\/\/agenciainfra.com\/blog\/"},{"@type":"ListItem","position":2,"name":"An\u00e1lise: crise de energia aumenta a gravidade em agosto"}]},{"@type":"WebSite","@id":"https:\/\/agenciainfra.com\/blog\/#website","url":"https:\/\/agenciainfra.com\/blog\/","name":"Ag\u00eancia iNFRA","description":"Multiplataforma de informa\u00e7\u00e3o jornal\u00edstica refer\u00eancia na \u00e1rea de infraestrutura no Brasil!","publisher":{"@id":"https:\/\/agenciainfra.com\/blog\/#organization"},"potentialAction":[{"@type":"SearchAction","target":{"@type":"EntryPoint","urlTemplate":"https:\/\/agenciainfra.com\/blog\/?s={search_term_string}"},"query-input":{"@type":"PropertyValueSpecification","valueRequired":true,"valueName":"search_term_string"}}],"inLanguage":"pt-BR"},{"@type":"Organization","@id":"https:\/\/agenciainfra.com\/blog\/#organization","name":"Ag\u00eancia iNFRA","url":"https:\/\/agenciainfra.com\/blog\/","logo":{"@type":"ImageObject","inLanguage":"pt-BR","@id":"https:\/\/agenciainfra.com\/blog\/#\/schema\/logo\/image\/","url":"https:\/\/agenciainfra.com\/blog\/wp-content\/uploads\/2023\/09\/iNFRA_5-e1761735885940.png","contentUrl":"https:\/\/agenciainfra.com\/blog\/wp-content\/uploads\/2023\/09\/iNFRA_5-e1761735885940.png","width":1672,"height":454,"caption":"Ag\u00eancia iNFRA"},"image":{"@id":"https:\/\/agenciainfra.com\/blog\/#\/schema\/logo\/image\/"},"sameAs":["https:\/\/www.facebook.com\/ageninfra","https:\/\/x.com\/agencia_infra","https:\/\/www.linkedin.com\/company\/ag\u00eanciainfra\/","https:\/\/www.instagram.com\/agenciainfra\/"]},{"@type":"Person","@id":"https:\/\/agenciainfra.com\/blog\/#\/schema\/person\/34af08dff6adea4cb22b06612ba7acfa","name":"Ag\u00eancia iNFRA","image":{"@type":"ImageObject","inLanguage":"pt-BR","@id":"https:\/\/agenciainfra.com\/blog\/#\/schema\/person\/image\/","url":"https:\/\/secure.gravatar.com\/avatar\/d189e01678f06d8eb84d4e01f08eb848b3fffe3f8443818d3c356c66892f5be8?s=96&d=mm&r=g","contentUrl":"https:\/\/secure.gravatar.com\/avatar\/d189e01678f06d8eb84d4e01f08eb848b3fffe3f8443818d3c356c66892f5be8?s=96&d=mm&r=g","caption":"Ag\u00eancia iNFRA"},"url":"https:\/\/agenciainfra.com\/blog\/author\/admin\/"}]}},"_links":{"self":[{"href":"https:\/\/agenciainfra.com\/blog\/wp-json\/wp\/v2\/posts\/7855","targetHints":{"allow":["GET"]}}],"collection":[{"href":"https:\/\/agenciainfra.com\/blog\/wp-json\/wp\/v2\/posts"}],"about":[{"href":"https:\/\/agenciainfra.com\/blog\/wp-json\/wp\/v2\/types\/post"}],"author":[{"embeddable":true,"href":"https:\/\/agenciainfra.com\/blog\/wp-json\/wp\/v2\/users\/1"}],"replies":[{"embeddable":true,"href":"https:\/\/agenciainfra.com\/blog\/wp-json\/wp\/v2\/comments?post=7855"}],"version-history":[{"count":0,"href":"https:\/\/agenciainfra.com\/blog\/wp-json\/wp\/v2\/posts\/7855\/revisions"}],"wp:featuredmedia":[{"embeddable":true,"href":"https:\/\/agenciainfra.com\/blog\/wp-json\/wp\/v2\/media\/1907"}],"wp:attachment":[{"href":"https:\/\/agenciainfra.com\/blog\/wp-json\/wp\/v2\/media?parent=7855"}],"wp:term":[{"taxonomy":"category","embeddable":true,"href":"https:\/\/agenciainfra.com\/blog\/wp-json\/wp\/v2\/categories?post=7855"},{"taxonomy":"post_tag","embeddable":true,"href":"https:\/\/agenciainfra.com\/blog\/wp-json\/wp\/v2\/tags?post=7855"}],"curies":[{"name":"wp","href":"https:\/\/api.w.org\/{rel}","templated":true}]}}