{"id":7911,"date":"2021-08-05T08:00:00","date_gmt":"2021-08-05T11:00:00","guid":{"rendered":"https:\/\/www.agenciainfra.com\/blog\/?p=7911"},"modified":"2021-08-04T11:22:27","modified_gmt":"2021-08-04T14:22:27","slug":"condicoes-de-suprimento-de-energia-se-deterioraram-diz-psr","status":"publish","type":"post","link":"https:\/\/agenciainfra.com\/blog\/condicoes-de-suprimento-de-energia-se-deterioraram-diz-psr\/","title":{"rendered":"Condi\u00e7\u00f5es de suprimento de energia se deterioraram, diz PSR"},"content":{"rendered":"\n<p class=\"has-text-align-right\"><strong>Leila Coimbra,&nbsp;da Ag\u00eancia iNFRA<\/strong><\/p>\n\n\n\n<p>A consultoria PSR atualizou as an\u00e1lises de risco sobre a possibilidade de racionamento de energia neste in\u00edcio de agosto e concluiu que houve \u201cuma deteriora\u00e7\u00e3o significativa das condi\u00e7\u00f5es de suprimento em rela\u00e7\u00e3o \u00e0s apresentadas no m\u00eas passado\u201d.<br><br>Se nenhuma medida for tomada pelas autoridades, o consumo continuar alto e n\u00e3o ocorrer flexibiliza\u00e7\u00e3o adicional da opera\u00e7\u00e3o nem oferta adicional de energia, os riscos de racionamento aumentam para 40%, ante estimativa feita no m\u00eas passado\u00a0de 29%.<br><br>Neste cen\u00e1rio, a necessidade de corte m\u00e9dio da carga seria de 6,8% de setembro a dezembro. Os dados fazem parte do relat\u00f3rio Energy Report, enviado pela consultoria aos seus clientes.<br><br>\u201cHouve uma deteriora\u00e7\u00e3o do cen\u00e1rio, e o risco de racionamento de energia ainda em 2021 \u00e9 bastante significativo se ocorrer um crescimento de demanda da ordem de 9% no segundo semestre, mas pode ser mitigado pela flexibiliza\u00e7\u00e3o dos usos m\u00faltiplos da \u00e1gua e a entrada de nova oferta a curto prazo\u201d, disse \u00e0\u00a0<strong>Ag\u00eancia iNFRA<\/strong>\u00a0o CEO da PSR, Luiz Barroso.<br><br><strong>Problemas na ponta<\/strong><br>O relat\u00f3rio tamb\u00e9m mostra alto risco para suprimento na ponta caso o consumo se mantenha em crescimento: \u201cPara o cen\u00e1rio de demanda mais alta, as an\u00e1lises detalhadas indicam que haveria problemas significativos de atendimento \u00e0 pot\u00eancia\u201d, informa o documento.<br><br>O presidente da empresa explica: \u201cO risco de problemas potenciais de ponta, que \u00e9 operar entrando na reserva, \u00e9 bastante elevado, tanto no caso de demanda estimada pelo ONS [Operador Nacional do Sistema El\u00e9trico] para o 2\u00ba semestre como para este crescimento maior. E n\u00e3o \u00e9 adequadamente mitigada mesmo supondo que todas as a\u00e7\u00f5es de flexibiliza\u00e7\u00e3o dos usos m\u00faltiplos da \u00e1gua sejam tomadas e ocorra um aumento de 3,5 GW [gigawatts] de oferta\u201d.<br><br>Segundo o executivo, esta opera\u00e7\u00e3o &#8220;no limite&#8221; aumenta a vulnerabilidade do sistema, com\u00a0indisponibilidades no tempo real e\u00a0uma menor flexibilidade operativa das hidrel\u00e9tricas, que \u00e9 fundamental para essa gest\u00e3o. \u201cAinda, para o cen\u00e1rio de demanda mais alta, as an\u00e1lises indicam que haveria problemas de atendimento \u00e0 pot\u00eancia mesmo com as a\u00e7\u00f5es anteriores\u201d, completa o presidente da PSR.<br><br><strong>Restri\u00e7\u00f5es em grandes usinas<\/strong><br>O Energy Report informa que as an\u00e1lises de suprimento apresentadas dependem da hip\u00f3tese da ampla capacidade de modula\u00e7\u00e3o de pot\u00eancia das hidrel\u00e9tricas com reservat\u00f3rios. \u201cAs informa\u00e7\u00f5es p\u00fablicas sobre estas usinas n\u00e3o indicam que h\u00e1 restri\u00e7\u00f5es em sua flexibilidade operativa. No entanto, se essas restri\u00e7\u00f5es existirem para hidrel\u00e9tricas de porte significativo, o risco de suprimento de pot\u00eancia pode ser maior do que o apresentado\u201d, ressalva o texto.<br><br><strong>Recomenda\u00e7\u00f5es<\/strong><br>Foram feitas as seguintes recomenda\u00e7\u00f5es para mitigar a crise: 1) alternativas imediatas para redu\u00e7\u00e3o do consumo nas horas de ponta, inclusive no ambiente de contrata\u00e7\u00e3o regulada; 2) que o ONS se prepare, em termos de procedimentos operativos, recursos humanos e t\u00e9cnicos, para a gest\u00e3o de opera\u00e7\u00e3o com reduzida margem de reserva operativa; 3) contrata\u00e7\u00e3o emergencial de gera\u00e7\u00e3o, que poderia ser realizada em tranches de contratos de 2-4 anos para entrega cont\u00ednua a partir dos pr\u00f3ximos meses; 4) comunica\u00e7\u00e3o com a sociedade sobre a gravidade da crise de forma transparente e frequente.<br><br><strong>Atualiza\u00e7\u00f5es<\/strong><br>O documento salienta ainda que no cen\u00e1rio energ\u00e9tico mudan\u00e7as podem ocorrer de forma cont\u00ednua, e, por isso, \u201cas an\u00e1lises apresentadas ser\u00e3o permanentemente atualizadas e podem melhorar ou piorar, dependendo da evolu\u00e7\u00e3o futura da hidrologia, do crescimento da demanda e dos resultados das diversas medidas j\u00e1 implementadas pelo governo para a gest\u00e3o da crise\u201d.<\/p>\n","protected":false},"excerpt":{"rendered":"<p>Leila Coimbra,&nbsp;da Ag\u00eancia iNFRA A consultoria PSR atualizou as an\u00e1lises de risco sobre a possibilidade de racionamento de energia neste in\u00edcio de agosto e concluiu que houve \u201cuma deteriora\u00e7\u00e3o significativa das condi\u00e7\u00f5es de suprimento em rela\u00e7\u00e3o \u00e0s apresentadas no m\u00eas passado\u201d. Se nenhuma medida for tomada pelas autoridades, o consumo continuar alto e n\u00e3o ocorrer [&hellip;]<\/p>\n","protected":false},"author":1,"featured_media":7174,"comment_status":"closed","ping_status":"closed","sticky":false,"template":"","format":"standard","meta":{"_monsterinsights_skip_tracking":false,"_monsterinsights_sitenote_active":false,"_monsterinsights_sitenote_note":"","_monsterinsights_sitenote_category":0,"footnotes":""},"categories":[1,10],"tags":[13,4379,3487,25,4396,4475,1836,216,121,3200,4893],"class_list":["post-7911","post","type-post","status-publish","format-standard","has-post-thumbnail","hentry","category-geral","category-infraenergia","tag-consumo-de-energia","tag-crise-energetica","tag-crise-hidrica","tag-energia","tag-energy-report","tag-inflexibilidade-hidroeletrica","tag-luiz-barroso","tag-ons","tag-psr","tag-racionamento","tag-racionamento-de-energia"],"yoast_head":"<!-- This site is optimized with the Yoast SEO Premium plugin v25.4 (Yoast SEO v26.0) - https:\/\/yoast.com\/wordpress\/plugins\/seo\/ -->\n<title>Condi\u00e7\u00f5es de suprimento de energia se deterioraram, diz PSR - Ag\u00eancia iNFRA<\/title>\n<meta name=\"robots\" content=\"index, follow, max-snippet:-1, max-image-preview:large, max-video-preview:-1\" \/>\n<link rel=\"canonical\" href=\"https:\/\/agenciainfra.com\/blog\/condicoes-de-suprimento-de-energia-se-deterioraram-diz-psr\/\" \/>\n<meta property=\"og:locale\" content=\"pt_BR\" \/>\n<meta property=\"og:type\" content=\"article\" \/>\n<meta property=\"og:title\" content=\"Condi\u00e7\u00f5es de suprimento de energia se deterioraram, diz PSR\" \/>\n<meta property=\"og:description\" content=\"Leila Coimbra,&nbsp;da Ag\u00eancia iNFRA A consultoria PSR atualizou as an\u00e1lises de risco sobre a possibilidade de racionamento de energia neste in\u00edcio de agosto e concluiu que houve \u201cuma deteriora\u00e7\u00e3o significativa das condi\u00e7\u00f5es de suprimento em rela\u00e7\u00e3o \u00e0s apresentadas no m\u00eas passado\u201d. Se nenhuma medida for tomada pelas autoridades, o consumo continuar alto e n\u00e3o ocorrer [&hellip;]\" \/>\n<meta property=\"og:url\" content=\"https:\/\/agenciainfra.com\/blog\/condicoes-de-suprimento-de-energia-se-deterioraram-diz-psr\/\" \/>\n<meta property=\"og:site_name\" content=\"Ag\u00eancia iNFRA\" \/>\n<meta property=\"article:publisher\" content=\"https:\/\/www.facebook.com\/ageninfra\" \/>\n<meta property=\"article:published_time\" content=\"2021-08-05T11:00:00+00:00\" \/>\n<meta property=\"og:image\" content=\"https:\/\/agenciainfra.com\/blog\/wp-content\/uploads\/2021\/04\/lampada-luz-foto-dominio-publico.jpeg\" \/>\n\t<meta property=\"og:image:width\" content=\"1280\" \/>\n\t<meta property=\"og:image:height\" content=\"853\" \/>\n\t<meta property=\"og:image:type\" content=\"image\/jpeg\" \/>\n<meta name=\"author\" content=\"Ag\u00eancia iNFRA\" \/>\n<meta name=\"twitter:card\" content=\"summary_large_image\" \/>\n<meta name=\"twitter:creator\" content=\"@agencia_infra\" \/>\n<meta name=\"twitter:site\" content=\"@agencia_infra\" \/>\n<meta name=\"twitter:label1\" content=\"Escrito por\" \/>\n\t<meta name=\"twitter:data1\" content=\"Ag\u00eancia iNFRA\" \/>\n\t<meta name=\"twitter:label2\" content=\"Est. tempo de leitura\" \/>\n\t<meta name=\"twitter:data2\" content=\"3 minutos\" \/>\n<script type=\"application\/ld+json\" class=\"yoast-schema-graph\">{\"@context\":\"https:\/\/schema.org\",\"@graph\":[{\"@type\":\"Article\",\"@id\":\"https:\/\/agenciainfra.com\/blog\/condicoes-de-suprimento-de-energia-se-deterioraram-diz-psr\/#article\",\"isPartOf\":{\"@id\":\"https:\/\/agenciainfra.com\/blog\/condicoes-de-suprimento-de-energia-se-deterioraram-diz-psr\/\"},\"author\":{\"name\":\"Ag\u00eancia iNFRA\",\"@id\":\"https:\/\/agenciainfra.com\/blog\/#\/schema\/person\/34af08dff6adea4cb22b06612ba7acfa\"},\"headline\":\"Condi\u00e7\u00f5es de suprimento de energia se deterioraram, diz PSR\",\"datePublished\":\"2021-08-05T11:00:00+00:00\",\"mainEntityOfPage\":{\"@id\":\"https:\/\/agenciainfra.com\/blog\/condicoes-de-suprimento-de-energia-se-deterioraram-diz-psr\/\"},\"wordCount\":623,\"publisher\":{\"@id\":\"https:\/\/agenciainfra.com\/blog\/#organization\"},\"image\":{\"@id\":\"https:\/\/agenciainfra.com\/blog\/condicoes-de-suprimento-de-energia-se-deterioraram-diz-psr\/#primaryimage\"},\"thumbnailUrl\":\"https:\/\/agenciainfra.com\/blog\/wp-content\/uploads\/2021\/04\/lampada-luz-foto-dominio-publico.jpeg\",\"keywords\":[\"consumo de energia\",\"crise energ\u00e9tica\",\"crise h\u00eddrica\",\"energia\",\"Energy Report\",\"inflexibilidade hidroel\u00e9trica\",\"Luiz Barroso\",\"ONS\",\"PSR\",\"racionamento\",\"racionamento de energia\"],\"articleSection\":[\"Geral\",\"iNFRAEnergia\"],\"inLanguage\":\"pt-BR\",\"copyrightYear\":\"2021\",\"copyrightHolder\":{\"@id\":\"https:\/\/agenciainfra.com\/blog\/#organization\"}},{\"@type\":\"WebPage\",\"@id\":\"https:\/\/agenciainfra.com\/blog\/condicoes-de-suprimento-de-energia-se-deterioraram-diz-psr\/\",\"url\":\"https:\/\/agenciainfra.com\/blog\/condicoes-de-suprimento-de-energia-se-deterioraram-diz-psr\/\",\"name\":\"Condi\u00e7\u00f5es de suprimento de energia se deterioraram, diz PSR - Ag\u00eancia iNFRA\",\"isPartOf\":{\"@id\":\"https:\/\/agenciainfra.com\/blog\/#website\"},\"primaryImageOfPage\":{\"@id\":\"https:\/\/agenciainfra.com\/blog\/condicoes-de-suprimento-de-energia-se-deterioraram-diz-psr\/#primaryimage\"},\"image\":{\"@id\":\"https:\/\/agenciainfra.com\/blog\/condicoes-de-suprimento-de-energia-se-deterioraram-diz-psr\/#primaryimage\"},\"thumbnailUrl\":\"https:\/\/agenciainfra.com\/blog\/wp-content\/uploads\/2021\/04\/lampada-luz-foto-dominio-publico.jpeg\",\"datePublished\":\"2021-08-05T11:00:00+00:00\",\"breadcrumb\":{\"@id\":\"https:\/\/agenciainfra.com\/blog\/condicoes-de-suprimento-de-energia-se-deterioraram-diz-psr\/#breadcrumb\"},\"inLanguage\":\"pt-BR\",\"potentialAction\":[{\"@type\":\"ReadAction\",\"target\":[\"https:\/\/agenciainfra.com\/blog\/condicoes-de-suprimento-de-energia-se-deterioraram-diz-psr\/\"]}]},{\"@type\":\"ImageObject\",\"inLanguage\":\"pt-BR\",\"@id\":\"https:\/\/agenciainfra.com\/blog\/condicoes-de-suprimento-de-energia-se-deterioraram-diz-psr\/#primaryimage\",\"url\":\"https:\/\/agenciainfra.com\/blog\/wp-content\/uploads\/2021\/04\/lampada-luz-foto-dominio-publico.jpeg\",\"contentUrl\":\"https:\/\/agenciainfra.com\/blog\/wp-content\/uploads\/2021\/04\/lampada-luz-foto-dominio-publico.jpeg\",\"width\":1280,\"height\":853,\"caption\":\"Foto: Dom\u00ednio p\u00fablico\"},{\"@type\":\"BreadcrumbList\",\"@id\":\"https:\/\/agenciainfra.com\/blog\/condicoes-de-suprimento-de-energia-se-deterioraram-diz-psr\/#breadcrumb\",\"itemListElement\":[{\"@type\":\"ListItem\",\"position\":1,\"name\":\"In\u00edcio\",\"item\":\"https:\/\/agenciainfra.com\/blog\/\"},{\"@type\":\"ListItem\",\"position\":2,\"name\":\"Condi\u00e7\u00f5es de suprimento de energia se deterioraram, diz PSR\"}]},{\"@type\":\"WebSite\",\"@id\":\"https:\/\/agenciainfra.com\/blog\/#website\",\"url\":\"https:\/\/agenciainfra.com\/blog\/\",\"name\":\"Ag\u00eancia iNFRA\",\"description\":\"Multiplataforma de informa\u00e7\u00e3o jornal\u00edstica refer\u00eancia na \u00e1rea de infraestrutura no Brasil!\",\"publisher\":{\"@id\":\"https:\/\/agenciainfra.com\/blog\/#organization\"},\"potentialAction\":[{\"@type\":\"SearchAction\",\"target\":{\"@type\":\"EntryPoint\",\"urlTemplate\":\"https:\/\/agenciainfra.com\/blog\/?s={search_term_string}\"},\"query-input\":{\"@type\":\"PropertyValueSpecification\",\"valueRequired\":true,\"valueName\":\"search_term_string\"}}],\"inLanguage\":\"pt-BR\"},{\"@type\":\"Organization\",\"@id\":\"https:\/\/agenciainfra.com\/blog\/#organization\",\"name\":\"Ag\u00eancia iNFRA\",\"url\":\"https:\/\/agenciainfra.com\/blog\/\",\"logo\":{\"@type\":\"ImageObject\",\"inLanguage\":\"pt-BR\",\"@id\":\"https:\/\/agenciainfra.com\/blog\/#\/schema\/logo\/image\/\",\"url\":\"https:\/\/agenciainfra.com\/blog\/wp-content\/uploads\/2023\/09\/iNFRA_5-e1761735885940.png\",\"contentUrl\":\"https:\/\/agenciainfra.com\/blog\/wp-content\/uploads\/2023\/09\/iNFRA_5-e1761735885940.png\",\"width\":1672,\"height\":454,\"caption\":\"Ag\u00eancia iNFRA\"},\"image\":{\"@id\":\"https:\/\/agenciainfra.com\/blog\/#\/schema\/logo\/image\/\"},\"sameAs\":[\"https:\/\/www.facebook.com\/ageninfra\",\"https:\/\/x.com\/agencia_infra\",\"https:\/\/www.linkedin.com\/company\/ag\u00eanciainfra\/\",\"https:\/\/www.instagram.com\/agenciainfra\/\"]},{\"@type\":\"Person\",\"@id\":\"https:\/\/agenciainfra.com\/blog\/#\/schema\/person\/34af08dff6adea4cb22b06612ba7acfa\",\"name\":\"Ag\u00eancia iNFRA\",\"image\":{\"@type\":\"ImageObject\",\"inLanguage\":\"pt-BR\",\"@id\":\"https:\/\/agenciainfra.com\/blog\/#\/schema\/person\/image\/\",\"url\":\"https:\/\/secure.gravatar.com\/avatar\/d189e01678f06d8eb84d4e01f08eb848b3fffe3f8443818d3c356c66892f5be8?s=96&d=mm&r=g\",\"contentUrl\":\"https:\/\/secure.gravatar.com\/avatar\/d189e01678f06d8eb84d4e01f08eb848b3fffe3f8443818d3c356c66892f5be8?s=96&d=mm&r=g\",\"caption\":\"Ag\u00eancia iNFRA\"},\"url\":\"https:\/\/agenciainfra.com\/blog\/author\/admin\/\"}]}<\/script>\n<!-- \/ Yoast SEO Premium plugin. -->","yoast_head_json":{"title":"Condi\u00e7\u00f5es de suprimento de energia se deterioraram, diz PSR - Ag\u00eancia iNFRA","robots":{"index":"index","follow":"follow","max-snippet":"max-snippet:-1","max-image-preview":"max-image-preview:large","max-video-preview":"max-video-preview:-1"},"canonical":"https:\/\/agenciainfra.com\/blog\/condicoes-de-suprimento-de-energia-se-deterioraram-diz-psr\/","og_locale":"pt_BR","og_type":"article","og_title":"Condi\u00e7\u00f5es de suprimento de energia se deterioraram, diz PSR","og_description":"Leila Coimbra,&nbsp;da Ag\u00eancia iNFRA A consultoria PSR atualizou as an\u00e1lises de risco sobre a possibilidade de racionamento de energia neste in\u00edcio de agosto e concluiu que houve \u201cuma deteriora\u00e7\u00e3o significativa das condi\u00e7\u00f5es de suprimento em rela\u00e7\u00e3o \u00e0s apresentadas no m\u00eas passado\u201d. Se nenhuma medida for tomada pelas autoridades, o consumo continuar alto e n\u00e3o ocorrer [&hellip;]","og_url":"https:\/\/agenciainfra.com\/blog\/condicoes-de-suprimento-de-energia-se-deterioraram-diz-psr\/","og_site_name":"Ag\u00eancia iNFRA","article_publisher":"https:\/\/www.facebook.com\/ageninfra","article_published_time":"2021-08-05T11:00:00+00:00","og_image":[{"width":1280,"height":853,"url":"https:\/\/agenciainfra.com\/blog\/wp-content\/uploads\/2021\/04\/lampada-luz-foto-dominio-publico.jpeg","type":"image\/jpeg"}],"author":"Ag\u00eancia iNFRA","twitter_card":"summary_large_image","twitter_creator":"@agencia_infra","twitter_site":"@agencia_infra","twitter_misc":{"Escrito por":"Ag\u00eancia iNFRA","Est. tempo de leitura":"3 minutos"},"schema":{"@context":"https:\/\/schema.org","@graph":[{"@type":"Article","@id":"https:\/\/agenciainfra.com\/blog\/condicoes-de-suprimento-de-energia-se-deterioraram-diz-psr\/#article","isPartOf":{"@id":"https:\/\/agenciainfra.com\/blog\/condicoes-de-suprimento-de-energia-se-deterioraram-diz-psr\/"},"author":{"name":"Ag\u00eancia iNFRA","@id":"https:\/\/agenciainfra.com\/blog\/#\/schema\/person\/34af08dff6adea4cb22b06612ba7acfa"},"headline":"Condi\u00e7\u00f5es de suprimento de energia se deterioraram, diz PSR","datePublished":"2021-08-05T11:00:00+00:00","mainEntityOfPage":{"@id":"https:\/\/agenciainfra.com\/blog\/condicoes-de-suprimento-de-energia-se-deterioraram-diz-psr\/"},"wordCount":623,"publisher":{"@id":"https:\/\/agenciainfra.com\/blog\/#organization"},"image":{"@id":"https:\/\/agenciainfra.com\/blog\/condicoes-de-suprimento-de-energia-se-deterioraram-diz-psr\/#primaryimage"},"thumbnailUrl":"https:\/\/agenciainfra.com\/blog\/wp-content\/uploads\/2021\/04\/lampada-luz-foto-dominio-publico.jpeg","keywords":["consumo de energia","crise energ\u00e9tica","crise h\u00eddrica","energia","Energy Report","inflexibilidade hidroel\u00e9trica","Luiz Barroso","ONS","PSR","racionamento","racionamento de energia"],"articleSection":["Geral","iNFRAEnergia"],"inLanguage":"pt-BR","copyrightYear":"2021","copyrightHolder":{"@id":"https:\/\/agenciainfra.com\/blog\/#organization"}},{"@type":"WebPage","@id":"https:\/\/agenciainfra.com\/blog\/condicoes-de-suprimento-de-energia-se-deterioraram-diz-psr\/","url":"https:\/\/agenciainfra.com\/blog\/condicoes-de-suprimento-de-energia-se-deterioraram-diz-psr\/","name":"Condi\u00e7\u00f5es de suprimento de energia se deterioraram, diz PSR - Ag\u00eancia iNFRA","isPartOf":{"@id":"https:\/\/agenciainfra.com\/blog\/#website"},"primaryImageOfPage":{"@id":"https:\/\/agenciainfra.com\/blog\/condicoes-de-suprimento-de-energia-se-deterioraram-diz-psr\/#primaryimage"},"image":{"@id":"https:\/\/agenciainfra.com\/blog\/condicoes-de-suprimento-de-energia-se-deterioraram-diz-psr\/#primaryimage"},"thumbnailUrl":"https:\/\/agenciainfra.com\/blog\/wp-content\/uploads\/2021\/04\/lampada-luz-foto-dominio-publico.jpeg","datePublished":"2021-08-05T11:00:00+00:00","breadcrumb":{"@id":"https:\/\/agenciainfra.com\/blog\/condicoes-de-suprimento-de-energia-se-deterioraram-diz-psr\/#breadcrumb"},"inLanguage":"pt-BR","potentialAction":[{"@type":"ReadAction","target":["https:\/\/agenciainfra.com\/blog\/condicoes-de-suprimento-de-energia-se-deterioraram-diz-psr\/"]}]},{"@type":"ImageObject","inLanguage":"pt-BR","@id":"https:\/\/agenciainfra.com\/blog\/condicoes-de-suprimento-de-energia-se-deterioraram-diz-psr\/#primaryimage","url":"https:\/\/agenciainfra.com\/blog\/wp-content\/uploads\/2021\/04\/lampada-luz-foto-dominio-publico.jpeg","contentUrl":"https:\/\/agenciainfra.com\/blog\/wp-content\/uploads\/2021\/04\/lampada-luz-foto-dominio-publico.jpeg","width":1280,"height":853,"caption":"Foto: Dom\u00ednio p\u00fablico"},{"@type":"BreadcrumbList","@id":"https:\/\/agenciainfra.com\/blog\/condicoes-de-suprimento-de-energia-se-deterioraram-diz-psr\/#breadcrumb","itemListElement":[{"@type":"ListItem","position":1,"name":"In\u00edcio","item":"https:\/\/agenciainfra.com\/blog\/"},{"@type":"ListItem","position":2,"name":"Condi\u00e7\u00f5es de suprimento de energia se deterioraram, diz PSR"}]},{"@type":"WebSite","@id":"https:\/\/agenciainfra.com\/blog\/#website","url":"https:\/\/agenciainfra.com\/blog\/","name":"Ag\u00eancia iNFRA","description":"Multiplataforma de informa\u00e7\u00e3o jornal\u00edstica refer\u00eancia na \u00e1rea de infraestrutura no Brasil!","publisher":{"@id":"https:\/\/agenciainfra.com\/blog\/#organization"},"potentialAction":[{"@type":"SearchAction","target":{"@type":"EntryPoint","urlTemplate":"https:\/\/agenciainfra.com\/blog\/?s={search_term_string}"},"query-input":{"@type":"PropertyValueSpecification","valueRequired":true,"valueName":"search_term_string"}}],"inLanguage":"pt-BR"},{"@type":"Organization","@id":"https:\/\/agenciainfra.com\/blog\/#organization","name":"Ag\u00eancia iNFRA","url":"https:\/\/agenciainfra.com\/blog\/","logo":{"@type":"ImageObject","inLanguage":"pt-BR","@id":"https:\/\/agenciainfra.com\/blog\/#\/schema\/logo\/image\/","url":"https:\/\/agenciainfra.com\/blog\/wp-content\/uploads\/2023\/09\/iNFRA_5-e1761735885940.png","contentUrl":"https:\/\/agenciainfra.com\/blog\/wp-content\/uploads\/2023\/09\/iNFRA_5-e1761735885940.png","width":1672,"height":454,"caption":"Ag\u00eancia iNFRA"},"image":{"@id":"https:\/\/agenciainfra.com\/blog\/#\/schema\/logo\/image\/"},"sameAs":["https:\/\/www.facebook.com\/ageninfra","https:\/\/x.com\/agencia_infra","https:\/\/www.linkedin.com\/company\/ag\u00eanciainfra\/","https:\/\/www.instagram.com\/agenciainfra\/"]},{"@type":"Person","@id":"https:\/\/agenciainfra.com\/blog\/#\/schema\/person\/34af08dff6adea4cb22b06612ba7acfa","name":"Ag\u00eancia iNFRA","image":{"@type":"ImageObject","inLanguage":"pt-BR","@id":"https:\/\/agenciainfra.com\/blog\/#\/schema\/person\/image\/","url":"https:\/\/secure.gravatar.com\/avatar\/d189e01678f06d8eb84d4e01f08eb848b3fffe3f8443818d3c356c66892f5be8?s=96&d=mm&r=g","contentUrl":"https:\/\/secure.gravatar.com\/avatar\/d189e01678f06d8eb84d4e01f08eb848b3fffe3f8443818d3c356c66892f5be8?s=96&d=mm&r=g","caption":"Ag\u00eancia iNFRA"},"url":"https:\/\/agenciainfra.com\/blog\/author\/admin\/"}]}},"_links":{"self":[{"href":"https:\/\/agenciainfra.com\/blog\/wp-json\/wp\/v2\/posts\/7911","targetHints":{"allow":["GET"]}}],"collection":[{"href":"https:\/\/agenciainfra.com\/blog\/wp-json\/wp\/v2\/posts"}],"about":[{"href":"https:\/\/agenciainfra.com\/blog\/wp-json\/wp\/v2\/types\/post"}],"author":[{"embeddable":true,"href":"https:\/\/agenciainfra.com\/blog\/wp-json\/wp\/v2\/users\/1"}],"replies":[{"embeddable":true,"href":"https:\/\/agenciainfra.com\/blog\/wp-json\/wp\/v2\/comments?post=7911"}],"version-history":[{"count":0,"href":"https:\/\/agenciainfra.com\/blog\/wp-json\/wp\/v2\/posts\/7911\/revisions"}],"wp:featuredmedia":[{"embeddable":true,"href":"https:\/\/agenciainfra.com\/blog\/wp-json\/wp\/v2\/media\/7174"}],"wp:attachment":[{"href":"https:\/\/agenciainfra.com\/blog\/wp-json\/wp\/v2\/media?parent=7911"}],"wp:term":[{"taxonomy":"category","embeddable":true,"href":"https:\/\/agenciainfra.com\/blog\/wp-json\/wp\/v2\/categories?post=7911"},{"taxonomy":"post_tag","embeddable":true,"href":"https:\/\/agenciainfra.com\/blog\/wp-json\/wp\/v2\/tags?post=7911"}],"curies":[{"name":"wp","href":"https:\/\/api.w.org\/{rel}","templated":true}]}}