{"id":7941,"date":"2021-08-09T11:00:00","date_gmt":"2021-08-09T14:00:00","guid":{"rendered":"https:\/\/www.agenciainfra.com\/blog\/?p=7941"},"modified":"2021-08-06T11:37:51","modified_gmt":"2021-08-06T14:37:51","slug":"o-credenciamento-e-a-lei-federal-n-o-14-133-2021","status":"publish","type":"post","link":"https:\/\/agenciainfra.com\/blog\/o-credenciamento-e-a-lei-federal-n-o-14-133-2021\/","title":{"rendered":"O Credenciamento e a Lei Federal 14.133\/2021"},"content":{"rendered":"\n<p class=\"has-text-align-right\"><strong>Thays Chrystina Munhoz de Freitas*<\/strong><\/p>\n\n\n\n<p>A Lei Federal n.\u00ba 14.133\/2021 foi editada com o intuito de implementar um regime geral de contrata\u00e7\u00e3o p\u00fablica, uniformizando as regras aplic\u00e1veis a modalidades de licita\u00e7\u00f5es e regimes de contrata\u00e7\u00f5es p\u00fablicas praticadas por meio de leis esparsas, como o Preg\u00e3o e o RDC (Regime Diferenciado de Contrata\u00e7\u00e3o). Al\u00e9m disso, a Lei trouxe inova\u00e7\u00f5es em rela\u00e7\u00e3o a modelos e institutos ainda n\u00e3o experimentados e utilizados no Brasil, buscando moderniza\u00e7\u00e3o e aprimoramento do planejamento da gest\u00e3o p\u00fablica no que concerne \u00e0s contrata\u00e7\u00f5es p\u00fablicas.<\/p>\n\n\n\n<p>Outro ponto da Lei refere-se \u00e0 positiva\u00e7\u00e3o e regulamenta\u00e7\u00e3o de temas que surgiram ao longo dos quase 30 anos da vig\u00eancia da Lei n.\u00ba 8.666\/93, os quais, em grande medida, extra\u00eddos de discuss\u00f5es encerradas no \u00e2mbito dos \u00f3rg\u00e3os de controle e do Poder Judici\u00e1rio a respeito da aplica\u00e7\u00e3o dos dispositivos da citada lei<sup>1<\/sup>.<\/p>\n\n\n\n<p>Nesse sentido, verifica-se que os artigos 6\u00ba, XLIII, e 79, da nova Lei, igualmente, cuidou de positivar e regulamentar o Credenciamento, cuja utiliza\u00e7\u00e3o se difundiu ao longo da vig\u00eancia da Lei n\u00ba 8.666\/93, sem que nela houvesse qualquer previs\u00e3o espec\u00edfica a respeito do tema.<\/p>\n\n\n\n<p>Com efeito, o Credenciamento teve os seus contornos definidos a partir das orienta\u00e7\u00f5es dos \u00f3rg\u00e3os de controle, em especial dos Tribunais de Contas, que indicam que o referido modelo de contrata\u00e7\u00e3o decorre da impossibilidade de competi\u00e7\u00e3o que permitiria \u00e0 Administra\u00e7\u00e3o a escolha da proposta mais vantajosa, acomodando-se \u00e0 situa\u00e7\u00e3o de inexigibilidade de licita\u00e7\u00e3o, regulamentada pelo artigo 25 da Lei n\u00ba 8.666\/93.<\/p>\n\n\n\n<p>Nesse sentido, analisando casos concretos extrai-se situa\u00e7\u00f5es de impossibilidade de competi\u00e7\u00e3o, na busca da melhor t\u00e9cnica ou da melhor qualidade, tendo em vista que tais requisitos s\u00e3o estipulados pela Administra\u00e7\u00e3o por meio do ato convocat\u00f3rio, para os quais existia interesse desta na contrata\u00e7\u00e3o de todo o universo de interessados, por pre\u00e7o certo e prefixado.<\/p>\n\n\n\n<p>O TCU (Tribunal de Contas da Uni\u00e3o) ao apreciar a mat\u00e9ria posicionou-se favoravelmente \u00e0 ado\u00e7\u00e3o do Credenciamento como hip\u00f3tese de inexigibilidade de licita\u00e7\u00e3o, para a contrata\u00e7\u00e3o de servi\u00e7os m\u00e9dico-hospitalares e odontol\u00f3gicos para atendimento de demanda dos servidores p\u00fablicos federais (Decis\u00e3o n.\u00ba 656\/1995), oportunidade em que cuidou de delinear alguns aspectos essenciais voltados \u00e0 sua caracteriza\u00e7\u00e3o e, ainda, de forma a assegurar sua adequada ado\u00e7\u00e3o pela Administra\u00e7\u00e3o P\u00fablica<sup>2<\/sup>.<\/p>\n\n\n\n<p>Al\u00e9m disso, verificou-se a edi\u00e7\u00e3o de leis, normas e pareceres por entes e \u00f3rg\u00e3os administrativos<sup>3<\/sup> objetivando a regulamenta\u00e7\u00e3o da utiliza\u00e7\u00e3o desta contrata\u00e7\u00e3o no \u00e2mbito de suas compet\u00eancias, os quais, se apropriaram das orienta\u00e7\u00f5es tra\u00e7adas pelo TCU, fixando outros requisitos voltados ao aperfei\u00e7oamento de sua utiliza\u00e7\u00e3o, como por exemplo, a necessidade de o respectivo processo administrativo contemplar parecer com justificativas para a ado\u00e7\u00e3o da inexigibilidade de licita\u00e7\u00e3o, a submiss\u00e3o da minuta de contrato \u00e0 an\u00e1lise da Procuradoria Jur\u00eddica, a impossibilidade de fixa\u00e7\u00e3o de crit\u00e9rios restritivos para a distribui\u00e7\u00e3o da demanda, a necessidade de observ\u00e2ncia de crit\u00e9rios objetivos de credenciamento que n\u00e3o atentem contra a isonomia e a restri\u00e7\u00e3o do universo de interessados.<\/p>\n\n\n\n<p>Diante da exist\u00eancia de entendimentos distintos, voltados \u00e0 fixar hip\u00f3teses de sua utiliza\u00e7\u00e3o e regulamenta\u00e7\u00e3o do Credenciamento, ensejando, muitas vezes, a aus\u00eancia de uniformidade na aplica\u00e7\u00e3o de regras e aspectos voltados \u00e0 sua implementa\u00e7\u00e3o, conclui-se que a Lei Federal n.\u00ba 14.133\/2021 caminhou bem ao positivar a mat\u00e9ria, confirmando ser hip\u00f3tese de inexigibilidade (art. 74, IV), viabilizando a sua utiliza\u00e7\u00e3o, tamb\u00e9m, para fornecimento de bens, e trazendo em seus artigos 6\u00ba, XLIII, IV, 78, I, e 79, conceito e regras aplic\u00e1veis ao Credenciamento.<\/p>\n\n\n\n<p>Em que pese a previs\u00e3o sobre a necess\u00e1ria regulamenta\u00e7\u00e3o do Credenciamento, as disposi\u00e7\u00f5es da nova Lei ao lhe atribuir conceito, enquadrando-o como procedimento auxiliar de contrata\u00e7\u00e3o e, principalmente, ao fixar as hip\u00f3teses<sup>4<\/sup> e regras fundamentais que dever\u00e3o nortear a sua utiliza\u00e7\u00e3o, conferiram maior seguran\u00e7a jur\u00eddica \u00e0 Administra\u00e7\u00e3o P\u00fablica e aos particulares que adotam\/atuam nesse modelo de contrata\u00e7\u00e3o.<\/p>\n\n\n\n<p>Nesse sentido espera-se que a regulamenta\u00e7\u00e3o do Credenciamento traga luz para outros pontos e aspectos debatidos ao longo da ado\u00e7\u00e3o do instituto, como por exemplo, a indica\u00e7\u00e3o do(s) instrumento(s) necess\u00e1rio(s) \u00e0 formaliza\u00e7\u00e3o da rela\u00e7\u00e3o jur\u00eddica dele decorrente, fixando-os a partir da natureza e caracter\u00edsticas do objeto a ser disponibilizado (bens, servi\u00e7os de car\u00e1ter continuado ou presta\u00e7\u00e3o sob demanda), identificando as normas a eles aplic\u00e1veis, de modo a preencher lacunas evidenciadas decorrente de sua utiliza\u00e7\u00e3o a partir de constru\u00e7\u00e3o de entendimentos n\u00e3o refletidos pela legisla\u00e7\u00e3o p\u00e1tria.<\/p>\n\n\n\n<p>Sobre este ponto espec\u00edfico, a expectativa \u00e9 que a norma regulamentadora traga maior compreens\u00e3o sobre o formato de contrata\u00e7\u00e3o extra\u00edda a partir da convoca\u00e7\u00e3o do particular para a execu\u00e7\u00e3o do servi\u00e7o ou fornecimento pretendido, delineado, a partir de sua natureza e caracter\u00edsticas, de maneira mais clara os direitos e obriga\u00e7\u00f5es deles derivados.&nbsp;<\/p>\n\n\n\n<p>Exemplificando o tema, mostra-se necess\u00e1rio identificar de forma clara se a convoca\u00e7\u00e3o determinar\u00e1 a formaliza\u00e7\u00e3o da rela\u00e7\u00e3o a partir de um contrato administrativo, atraindo para o caso as disposi\u00e7\u00f5es relacionadas a prazos de vig\u00eancia, direito ao reajuste de pre\u00e7os e, ainda, condi\u00e7\u00f5es de execu\u00e7\u00e3o dos servi\u00e7os e fornecimento, ou de instrumento substitutivo (nota de empenho, ordem de servi\u00e7o etc.), para os quais h\u00e1 orienta\u00e7\u00f5es e normas distintas para as obriga\u00e7\u00f5es e direitos assumidos de parte a parte.<\/p>\n\n\n\n<p>Muito embora existam aspectos que ainda devem ser melhor delineados a respeito dos contratos derivados do Credenciamento e o indicativo de que outras discuss\u00f5es se encerrar\u00e3o em torno do instituto \u2013 o que se mostra natural diante de toda e qualquer altera\u00e7\u00e3o legislativa, seja para inaugurar ou consolidar conceitos no ordenamento jur\u00eddico \u2013, por ora, a Lei n.\u00ba 14.133\/2021 enfrenta de forma adequada o instituto, mostrando-se como instrumento h\u00e1bil a endere\u00e7ar as discuss\u00f5es que vir\u00e3o pela frente.<\/p>\n\n\n\n<h6 class=\"wp-block-heading\" id=\"block-0ad831ad-cd23-417f-b06a-95588097a0b7\">1 Como, por exemplo, defini\u00e7\u00e3o de percentual para identifica\u00e7\u00e3o das parcelas de maior relev\u00e2ncia t\u00e9cnica ou de valor significativo para efeito de elei\u00e7\u00e3o de exig\u00eancias de qualifica\u00e7\u00e3o t\u00e9cnica (artigo 67, \u00a71\u00ba), limita\u00e7\u00e3o de quantitativos exig\u00edveis para comprova\u00e7\u00e3o de qualifica\u00e7\u00e3o t\u00e9cnica (artigo 67, \u00a72\u00ba), crit\u00e9rios para aferi\u00e7\u00e3o de qualifica\u00e7\u00e3o t\u00e9cnica mediante apresenta\u00e7\u00e3o de atestados t\u00e9cnicos emitidos em favor de Cons\u00f3rcio de empresas (art. 67, \u00a710, incisos I e II).<\/h6>\n\n\n\n<h6 class=\"wp-block-heading\" id=\"block-0ad831ad-cd23-417f-b06a-95588097a0b7\">2 Os crit\u00e9rios e requisitos elencados pelo TCU podem ser resumidos da seguintes forma: (i) ampla divulga\u00e7\u00e3o e publicidade do ato convocat\u00f3rio, de forma a ampliar o universo de interessados e credenciados; (ii) fixa\u00e7\u00e3o dos crit\u00e9rios e exig\u00eancias m\u00ednimas para credenciamento dos interessados, garantindo-se bom atendimento e adequada presta\u00e7\u00e3o dos servi\u00e7os; (iii) fixar de forma criteriosa a tabela que remunerar\u00e1 os diversos itens de servi\u00e7os prestados, crit\u00e9rios de reajuste, condi\u00e7\u00f5es e prazos de pagamento; (iv)veda\u00e7\u00e3o de pagamento de sobretaxa em rela\u00e7\u00e3o \u00e0 tabela utilizada para a remunera\u00e7\u00e3o dos servi\u00e7os; (v) fixa\u00e7\u00e3o de hip\u00f3teses de credenciamento em caso de n\u00e3o atendimento das regras e condi\u00e7\u00f5es fixadas no Edital para o atendimento dos usu\u00e1rios; (vi) permiss\u00e3o de credenciamento a qualquer tempo, desde que preenchidas as condi\u00e7\u00f5es m\u00ednimas exigidas; (vii) previs\u00e3o da possibilidade de den\u00fancia do ajuste, a qualquer tempo, mediante notifica\u00e7\u00e3o da Administra\u00e7\u00e3o P\u00fablica, com anteced\u00eancia m\u00ednima, de acordo com prazo fixado do ato convocat\u00f3rio; (viii) possibilidade de os usu\u00e1rios denunciarem qualquer irregularidade verificada na presta\u00e7\u00e3o de servi\u00e7os e\/ou faturamento; (ix) fixa\u00e7\u00e3o das regras que devem ser observadas pelo credenciado no atendimento dos usu\u00e1rios.<\/h6>\n\n\n\n<h6 class=\"wp-block-heading\" id=\"block-0ad831ad-cd23-417f-b06a-95588097a0b7\">3 A t\u00edtulo de exemplo, a Lei n.\u00ba 16.920\/2010, do estado de Goi\u00e1s; a Lei n.\u00ba 9.433\/2005 do estado da Bahia, a Lei n.\u00ba 15.608\/2007 do estado do Paran\u00e1; o Parecer n.\u00ba 0003\/2017\/CNU\/CGU\/AGU.<\/h6>\n\n\n\n<h6 class=\"wp-block-heading\" id=\"block-0ad831ad-cd23-417f-b06a-95588097a0b7\">4 \u201cArt. 79. O credenciamento poder\u00e1 ser usado nas seguintes hip\u00f3teses de contrata\u00e7\u00e3o:<br>I &#8211; paralela e n\u00e3o excludente: caso em que \u00e9 vi\u00e1vel e vantajosa para a Administra\u00e7\u00e3o a realiza\u00e7\u00e3o de contrata\u00e7\u00f5es simult\u00e2neas em condi\u00e7\u00f5es padronizadas;<br>II &#8211; com sele\u00e7\u00e3o a crit\u00e9rio de terceiros: caso em que a sele\u00e7\u00e3o do contratado est\u00e1 a cargo do benefici\u00e1rio direto da presta\u00e7\u00e3o;<br>III &#8211; em mercados fluidos: caso em que a flutua\u00e7\u00e3o constante do valor da presta\u00e7\u00e3o e das condi\u00e7\u00f5es de contrata\u00e7\u00e3o inviabiliza a sele\u00e7\u00e3o de agente por meio de processo de licita\u00e7\u00e3o.\u201d<\/h6>\n\n\n\n<h6 class=\"wp-block-heading\" id=\"block-0ad831ad-cd23-417f-b06a-95588097a0b7\">*Thays Chrystina Munhoz de Freitas \u00e9 advogada graduada pelo Centro Universit\u00e1rio de S\u00e3o Paulo e especializada em Direito Administrativo pela PUC-SP (Pontif\u00edcia Universidade Cat\u00f3lica de S\u00e3o Paulo). P\u00f3s-graduanda em Direito Administrativo pela FGVlaw\/SP.<\/h6>\n\n\n\n<h5 class=\"wp-block-heading\" id=\"block-d67878ff-7627-4f15-b175-8f58269174ff\">As opini\u00f5es dos autores n\u00e3o refletem necessariamente o pensamento da Ag\u00eancia iNFRA, sendo de total responsabilidade do autor as informa\u00e7\u00f5es, ju\u00edzos de valor e conceitos descritos no texto.<\/h5>\n","protected":false},"excerpt":{"rendered":"<p>Thays Chrystina Munhoz de Freitas* A Lei Federal n.\u00ba 14.133\/2021 foi editada com o intuito de implementar um regime geral de contrata\u00e7\u00e3o p\u00fablica, uniformizando as regras aplic\u00e1veis a modalidades de licita\u00e7\u00f5es e regimes de contrata\u00e7\u00f5es p\u00fablicas praticadas por meio de leis esparsas, como o Preg\u00e3o e o RDC (Regime Diferenciado de Contrata\u00e7\u00e3o). Al\u00e9m disso, a [&hellip;]<\/p>\n","protected":false},"author":1,"featured_media":7940,"comment_status":"closed","ping_status":"closed","sticky":false,"template":"","format":"standard","meta":{"_monsterinsights_skip_tracking":false,"_monsterinsights_sitenote_active":false,"_monsterinsights_sitenote_note":"","_monsterinsights_sitenote_category":0,"footnotes":""},"categories":[1],"tags":[290,4903,3953,287,2574,18],"class_list":["post-7941","post","type-post","status-publish","format-standard","has-post-thumbnail","hentry","category-geral","tag-contratacoes-publicas","tag-credenciamento","tag-lei-14-133-2021","tag-licitacoes","tag-orgaos-de-controle","tag-tcu"],"yoast_head":"<!-- This site is optimized with the Yoast SEO Premium plugin v25.4 (Yoast SEO v26.0) - https:\/\/yoast.com\/wordpress\/plugins\/seo\/ -->\n<title>O Credenciamento e a Lei Federal 14.133\/2021 - Ag\u00eancia iNFRA<\/title>\n<meta name=\"robots\" content=\"index, follow, max-snippet:-1, max-image-preview:large, max-video-preview:-1\" \/>\n<link rel=\"canonical\" href=\"https:\/\/agenciainfra.com\/blog\/o-credenciamento-e-a-lei-federal-n-o-14-133-2021\/\" \/>\n<meta property=\"og:locale\" content=\"pt_BR\" \/>\n<meta property=\"og:type\" content=\"article\" \/>\n<meta property=\"og:title\" content=\"O Credenciamento e a Lei Federal 14.133\/2021\" \/>\n<meta property=\"og:description\" content=\"Thays Chrystina Munhoz de Freitas* A Lei Federal n.\u00ba 14.133\/2021 foi editada com o intuito de implementar um regime geral de contrata\u00e7\u00e3o p\u00fablica, uniformizando as regras aplic\u00e1veis a modalidades de licita\u00e7\u00f5es e regimes de contrata\u00e7\u00f5es p\u00fablicas praticadas por meio de leis esparsas, como o Preg\u00e3o e o RDC (Regime Diferenciado de Contrata\u00e7\u00e3o). Al\u00e9m disso, a [&hellip;]\" \/>\n<meta property=\"og:url\" content=\"https:\/\/agenciainfra.com\/blog\/o-credenciamento-e-a-lei-federal-n-o-14-133-2021\/\" \/>\n<meta property=\"og:site_name\" content=\"Ag\u00eancia iNFRA\" \/>\n<meta property=\"article:publisher\" content=\"https:\/\/www.facebook.com\/ageninfra\" \/>\n<meta property=\"article:published_time\" content=\"2021-08-09T14:00:00+00:00\" \/>\n<meta property=\"og:image\" content=\"https:\/\/agenciainfra.com\/blog\/wp-content\/uploads\/2021\/08\/thays-chrystina-munhoz-de-freitas-foto-giamundo-neto-advogados.png\" \/>\n\t<meta property=\"og:image:width\" content=\"1280\" \/>\n\t<meta property=\"og:image:height\" content=\"871\" \/>\n\t<meta property=\"og:image:type\" content=\"image\/png\" \/>\n<meta name=\"author\" content=\"Ag\u00eancia iNFRA\" \/>\n<meta name=\"twitter:card\" content=\"summary_large_image\" \/>\n<meta name=\"twitter:creator\" content=\"@agencia_infra\" \/>\n<meta name=\"twitter:site\" content=\"@agencia_infra\" \/>\n<meta name=\"twitter:label1\" content=\"Escrito por\" \/>\n\t<meta name=\"twitter:data1\" content=\"Ag\u00eancia iNFRA\" \/>\n\t<meta name=\"twitter:label2\" content=\"Est. tempo de leitura\" \/>\n\t<meta name=\"twitter:data2\" content=\"6 minutos\" \/>\n<script type=\"application\/ld+json\" class=\"yoast-schema-graph\">{\"@context\":\"https:\/\/schema.org\",\"@graph\":[{\"@type\":\"Article\",\"@id\":\"https:\/\/agenciainfra.com\/blog\/o-credenciamento-e-a-lei-federal-n-o-14-133-2021\/#article\",\"isPartOf\":{\"@id\":\"https:\/\/agenciainfra.com\/blog\/o-credenciamento-e-a-lei-federal-n-o-14-133-2021\/\"},\"author\":{\"name\":\"Ag\u00eancia iNFRA\",\"@id\":\"https:\/\/agenciainfra.com\/blog\/#\/schema\/person\/34af08dff6adea4cb22b06612ba7acfa\"},\"headline\":\"O Credenciamento e a Lei Federal 14.133\/2021\",\"datePublished\":\"2021-08-09T14:00:00+00:00\",\"mainEntityOfPage\":{\"@id\":\"https:\/\/agenciainfra.com\/blog\/o-credenciamento-e-a-lei-federal-n-o-14-133-2021\/\"},\"wordCount\":1556,\"publisher\":{\"@id\":\"https:\/\/agenciainfra.com\/blog\/#organization\"},\"image\":{\"@id\":\"https:\/\/agenciainfra.com\/blog\/o-credenciamento-e-a-lei-federal-n-o-14-133-2021\/#primaryimage\"},\"thumbnailUrl\":\"https:\/\/agenciainfra.com\/blog\/wp-content\/uploads\/2021\/08\/thays-chrystina-munhoz-de-freitas-foto-giamundo-neto-advogados.png\",\"keywords\":[\"contrata\u00e7\u00f5es p\u00fablicas\",\"Credenciamento\",\"Lei 14.133\/2021\",\"licita\u00e7\u00f5es\",\"\u00f3rg\u00e3os de controle\",\"TCU\"],\"articleSection\":[\"Geral\"],\"inLanguage\":\"pt-BR\",\"copyrightYear\":\"2021\",\"copyrightHolder\":{\"@id\":\"https:\/\/agenciainfra.com\/blog\/#organization\"}},{\"@type\":\"WebPage\",\"@id\":\"https:\/\/agenciainfra.com\/blog\/o-credenciamento-e-a-lei-federal-n-o-14-133-2021\/\",\"url\":\"https:\/\/agenciainfra.com\/blog\/o-credenciamento-e-a-lei-federal-n-o-14-133-2021\/\",\"name\":\"O Credenciamento e a Lei Federal 14.133\/2021 - Ag\u00eancia iNFRA\",\"isPartOf\":{\"@id\":\"https:\/\/agenciainfra.com\/blog\/#website\"},\"primaryImageOfPage\":{\"@id\":\"https:\/\/agenciainfra.com\/blog\/o-credenciamento-e-a-lei-federal-n-o-14-133-2021\/#primaryimage\"},\"image\":{\"@id\":\"https:\/\/agenciainfra.com\/blog\/o-credenciamento-e-a-lei-federal-n-o-14-133-2021\/#primaryimage\"},\"thumbnailUrl\":\"https:\/\/agenciainfra.com\/blog\/wp-content\/uploads\/2021\/08\/thays-chrystina-munhoz-de-freitas-foto-giamundo-neto-advogados.png\",\"datePublished\":\"2021-08-09T14:00:00+00:00\",\"breadcrumb\":{\"@id\":\"https:\/\/agenciainfra.com\/blog\/o-credenciamento-e-a-lei-federal-n-o-14-133-2021\/#breadcrumb\"},\"inLanguage\":\"pt-BR\",\"potentialAction\":[{\"@type\":\"ReadAction\",\"target\":[\"https:\/\/agenciainfra.com\/blog\/o-credenciamento-e-a-lei-federal-n-o-14-133-2021\/\"]}]},{\"@type\":\"ImageObject\",\"inLanguage\":\"pt-BR\",\"@id\":\"https:\/\/agenciainfra.com\/blog\/o-credenciamento-e-a-lei-federal-n-o-14-133-2021\/#primaryimage\",\"url\":\"https:\/\/agenciainfra.com\/blog\/wp-content\/uploads\/2021\/08\/thays-chrystina-munhoz-de-freitas-foto-giamundo-neto-advogados.png\",\"contentUrl\":\"https:\/\/agenciainfra.com\/blog\/wp-content\/uploads\/2021\/08\/thays-chrystina-munhoz-de-freitas-foto-giamundo-neto-advogados.png\",\"width\":1280,\"height\":871},{\"@type\":\"BreadcrumbList\",\"@id\":\"https:\/\/agenciainfra.com\/blog\/o-credenciamento-e-a-lei-federal-n-o-14-133-2021\/#breadcrumb\",\"itemListElement\":[{\"@type\":\"ListItem\",\"position\":1,\"name\":\"In\u00edcio\",\"item\":\"https:\/\/agenciainfra.com\/blog\/\"},{\"@type\":\"ListItem\",\"position\":2,\"name\":\"O Credenciamento e a Lei Federal 14.133\/2021\"}]},{\"@type\":\"WebSite\",\"@id\":\"https:\/\/agenciainfra.com\/blog\/#website\",\"url\":\"https:\/\/agenciainfra.com\/blog\/\",\"name\":\"Ag\u00eancia iNFRA\",\"description\":\"Multiplataforma de informa\u00e7\u00e3o jornal\u00edstica refer\u00eancia na \u00e1rea de infraestrutura no Brasil!\",\"publisher\":{\"@id\":\"https:\/\/agenciainfra.com\/blog\/#organization\"},\"potentialAction\":[{\"@type\":\"SearchAction\",\"target\":{\"@type\":\"EntryPoint\",\"urlTemplate\":\"https:\/\/agenciainfra.com\/blog\/?s={search_term_string}\"},\"query-input\":{\"@type\":\"PropertyValueSpecification\",\"valueRequired\":true,\"valueName\":\"search_term_string\"}}],\"inLanguage\":\"pt-BR\"},{\"@type\":\"Organization\",\"@id\":\"https:\/\/agenciainfra.com\/blog\/#organization\",\"name\":\"Ag\u00eancia iNFRA\",\"url\":\"https:\/\/agenciainfra.com\/blog\/\",\"logo\":{\"@type\":\"ImageObject\",\"inLanguage\":\"pt-BR\",\"@id\":\"https:\/\/agenciainfra.com\/blog\/#\/schema\/logo\/image\/\",\"url\":\"https:\/\/agenciainfra.com\/blog\/wp-content\/uploads\/2023\/09\/iNFRA_5-e1761735885940.png\",\"contentUrl\":\"https:\/\/agenciainfra.com\/blog\/wp-content\/uploads\/2023\/09\/iNFRA_5-e1761735885940.png\",\"width\":1672,\"height\":454,\"caption\":\"Ag\u00eancia iNFRA\"},\"image\":{\"@id\":\"https:\/\/agenciainfra.com\/blog\/#\/schema\/logo\/image\/\"},\"sameAs\":[\"https:\/\/www.facebook.com\/ageninfra\",\"https:\/\/x.com\/agencia_infra\",\"https:\/\/www.linkedin.com\/company\/ag\u00eanciainfra\/\",\"https:\/\/www.instagram.com\/agenciainfra\/\"]},{\"@type\":\"Person\",\"@id\":\"https:\/\/agenciainfra.com\/blog\/#\/schema\/person\/34af08dff6adea4cb22b06612ba7acfa\",\"name\":\"Ag\u00eancia iNFRA\",\"image\":{\"@type\":\"ImageObject\",\"inLanguage\":\"pt-BR\",\"@id\":\"https:\/\/agenciainfra.com\/blog\/#\/schema\/person\/image\/\",\"url\":\"https:\/\/secure.gravatar.com\/avatar\/d189e01678f06d8eb84d4e01f08eb848b3fffe3f8443818d3c356c66892f5be8?s=96&d=mm&r=g\",\"contentUrl\":\"https:\/\/secure.gravatar.com\/avatar\/d189e01678f06d8eb84d4e01f08eb848b3fffe3f8443818d3c356c66892f5be8?s=96&d=mm&r=g\",\"caption\":\"Ag\u00eancia iNFRA\"},\"url\":\"https:\/\/agenciainfra.com\/blog\/author\/admin\/\"}]}<\/script>\n<!-- \/ Yoast SEO Premium plugin. -->","yoast_head_json":{"title":"O Credenciamento e a Lei Federal 14.133\/2021 - Ag\u00eancia iNFRA","robots":{"index":"index","follow":"follow","max-snippet":"max-snippet:-1","max-image-preview":"max-image-preview:large","max-video-preview":"max-video-preview:-1"},"canonical":"https:\/\/agenciainfra.com\/blog\/o-credenciamento-e-a-lei-federal-n-o-14-133-2021\/","og_locale":"pt_BR","og_type":"article","og_title":"O Credenciamento e a Lei Federal 14.133\/2021","og_description":"Thays Chrystina Munhoz de Freitas* A Lei Federal n.\u00ba 14.133\/2021 foi editada com o intuito de implementar um regime geral de contrata\u00e7\u00e3o p\u00fablica, uniformizando as regras aplic\u00e1veis a modalidades de licita\u00e7\u00f5es e regimes de contrata\u00e7\u00f5es p\u00fablicas praticadas por meio de leis esparsas, como o Preg\u00e3o e o RDC (Regime Diferenciado de Contrata\u00e7\u00e3o). Al\u00e9m disso, a [&hellip;]","og_url":"https:\/\/agenciainfra.com\/blog\/o-credenciamento-e-a-lei-federal-n-o-14-133-2021\/","og_site_name":"Ag\u00eancia iNFRA","article_publisher":"https:\/\/www.facebook.com\/ageninfra","article_published_time":"2021-08-09T14:00:00+00:00","og_image":[{"width":1280,"height":871,"url":"https:\/\/agenciainfra.com\/blog\/wp-content\/uploads\/2021\/08\/thays-chrystina-munhoz-de-freitas-foto-giamundo-neto-advogados.png","type":"image\/png"}],"author":"Ag\u00eancia iNFRA","twitter_card":"summary_large_image","twitter_creator":"@agencia_infra","twitter_site":"@agencia_infra","twitter_misc":{"Escrito por":"Ag\u00eancia iNFRA","Est. tempo de leitura":"6 minutos"},"schema":{"@context":"https:\/\/schema.org","@graph":[{"@type":"Article","@id":"https:\/\/agenciainfra.com\/blog\/o-credenciamento-e-a-lei-federal-n-o-14-133-2021\/#article","isPartOf":{"@id":"https:\/\/agenciainfra.com\/blog\/o-credenciamento-e-a-lei-federal-n-o-14-133-2021\/"},"author":{"name":"Ag\u00eancia iNFRA","@id":"https:\/\/agenciainfra.com\/blog\/#\/schema\/person\/34af08dff6adea4cb22b06612ba7acfa"},"headline":"O Credenciamento e a Lei Federal 14.133\/2021","datePublished":"2021-08-09T14:00:00+00:00","mainEntityOfPage":{"@id":"https:\/\/agenciainfra.com\/blog\/o-credenciamento-e-a-lei-federal-n-o-14-133-2021\/"},"wordCount":1556,"publisher":{"@id":"https:\/\/agenciainfra.com\/blog\/#organization"},"image":{"@id":"https:\/\/agenciainfra.com\/blog\/o-credenciamento-e-a-lei-federal-n-o-14-133-2021\/#primaryimage"},"thumbnailUrl":"https:\/\/agenciainfra.com\/blog\/wp-content\/uploads\/2021\/08\/thays-chrystina-munhoz-de-freitas-foto-giamundo-neto-advogados.png","keywords":["contrata\u00e7\u00f5es p\u00fablicas","Credenciamento","Lei 14.133\/2021","licita\u00e7\u00f5es","\u00f3rg\u00e3os de controle","TCU"],"articleSection":["Geral"],"inLanguage":"pt-BR","copyrightYear":"2021","copyrightHolder":{"@id":"https:\/\/agenciainfra.com\/blog\/#organization"}},{"@type":"WebPage","@id":"https:\/\/agenciainfra.com\/blog\/o-credenciamento-e-a-lei-federal-n-o-14-133-2021\/","url":"https:\/\/agenciainfra.com\/blog\/o-credenciamento-e-a-lei-federal-n-o-14-133-2021\/","name":"O Credenciamento e a Lei Federal 14.133\/2021 - Ag\u00eancia iNFRA","isPartOf":{"@id":"https:\/\/agenciainfra.com\/blog\/#website"},"primaryImageOfPage":{"@id":"https:\/\/agenciainfra.com\/blog\/o-credenciamento-e-a-lei-federal-n-o-14-133-2021\/#primaryimage"},"image":{"@id":"https:\/\/agenciainfra.com\/blog\/o-credenciamento-e-a-lei-federal-n-o-14-133-2021\/#primaryimage"},"thumbnailUrl":"https:\/\/agenciainfra.com\/blog\/wp-content\/uploads\/2021\/08\/thays-chrystina-munhoz-de-freitas-foto-giamundo-neto-advogados.png","datePublished":"2021-08-09T14:00:00+00:00","breadcrumb":{"@id":"https:\/\/agenciainfra.com\/blog\/o-credenciamento-e-a-lei-federal-n-o-14-133-2021\/#breadcrumb"},"inLanguage":"pt-BR","potentialAction":[{"@type":"ReadAction","target":["https:\/\/agenciainfra.com\/blog\/o-credenciamento-e-a-lei-federal-n-o-14-133-2021\/"]}]},{"@type":"ImageObject","inLanguage":"pt-BR","@id":"https:\/\/agenciainfra.com\/blog\/o-credenciamento-e-a-lei-federal-n-o-14-133-2021\/#primaryimage","url":"https:\/\/agenciainfra.com\/blog\/wp-content\/uploads\/2021\/08\/thays-chrystina-munhoz-de-freitas-foto-giamundo-neto-advogados.png","contentUrl":"https:\/\/agenciainfra.com\/blog\/wp-content\/uploads\/2021\/08\/thays-chrystina-munhoz-de-freitas-foto-giamundo-neto-advogados.png","width":1280,"height":871},{"@type":"BreadcrumbList","@id":"https:\/\/agenciainfra.com\/blog\/o-credenciamento-e-a-lei-federal-n-o-14-133-2021\/#breadcrumb","itemListElement":[{"@type":"ListItem","position":1,"name":"In\u00edcio","item":"https:\/\/agenciainfra.com\/blog\/"},{"@type":"ListItem","position":2,"name":"O Credenciamento e a Lei Federal 14.133\/2021"}]},{"@type":"WebSite","@id":"https:\/\/agenciainfra.com\/blog\/#website","url":"https:\/\/agenciainfra.com\/blog\/","name":"Ag\u00eancia iNFRA","description":"Multiplataforma de informa\u00e7\u00e3o jornal\u00edstica refer\u00eancia na \u00e1rea de infraestrutura no Brasil!","publisher":{"@id":"https:\/\/agenciainfra.com\/blog\/#organization"},"potentialAction":[{"@type":"SearchAction","target":{"@type":"EntryPoint","urlTemplate":"https:\/\/agenciainfra.com\/blog\/?s={search_term_string}"},"query-input":{"@type":"PropertyValueSpecification","valueRequired":true,"valueName":"search_term_string"}}],"inLanguage":"pt-BR"},{"@type":"Organization","@id":"https:\/\/agenciainfra.com\/blog\/#organization","name":"Ag\u00eancia iNFRA","url":"https:\/\/agenciainfra.com\/blog\/","logo":{"@type":"ImageObject","inLanguage":"pt-BR","@id":"https:\/\/agenciainfra.com\/blog\/#\/schema\/logo\/image\/","url":"https:\/\/agenciainfra.com\/blog\/wp-content\/uploads\/2023\/09\/iNFRA_5-e1761735885940.png","contentUrl":"https:\/\/agenciainfra.com\/blog\/wp-content\/uploads\/2023\/09\/iNFRA_5-e1761735885940.png","width":1672,"height":454,"caption":"Ag\u00eancia iNFRA"},"image":{"@id":"https:\/\/agenciainfra.com\/blog\/#\/schema\/logo\/image\/"},"sameAs":["https:\/\/www.facebook.com\/ageninfra","https:\/\/x.com\/agencia_infra","https:\/\/www.linkedin.com\/company\/ag\u00eanciainfra\/","https:\/\/www.instagram.com\/agenciainfra\/"]},{"@type":"Person","@id":"https:\/\/agenciainfra.com\/blog\/#\/schema\/person\/34af08dff6adea4cb22b06612ba7acfa","name":"Ag\u00eancia iNFRA","image":{"@type":"ImageObject","inLanguage":"pt-BR","@id":"https:\/\/agenciainfra.com\/blog\/#\/schema\/person\/image\/","url":"https:\/\/secure.gravatar.com\/avatar\/d189e01678f06d8eb84d4e01f08eb848b3fffe3f8443818d3c356c66892f5be8?s=96&d=mm&r=g","contentUrl":"https:\/\/secure.gravatar.com\/avatar\/d189e01678f06d8eb84d4e01f08eb848b3fffe3f8443818d3c356c66892f5be8?s=96&d=mm&r=g","caption":"Ag\u00eancia iNFRA"},"url":"https:\/\/agenciainfra.com\/blog\/author\/admin\/"}]}},"_links":{"self":[{"href":"https:\/\/agenciainfra.com\/blog\/wp-json\/wp\/v2\/posts\/7941","targetHints":{"allow":["GET"]}}],"collection":[{"href":"https:\/\/agenciainfra.com\/blog\/wp-json\/wp\/v2\/posts"}],"about":[{"href":"https:\/\/agenciainfra.com\/blog\/wp-json\/wp\/v2\/types\/post"}],"author":[{"embeddable":true,"href":"https:\/\/agenciainfra.com\/blog\/wp-json\/wp\/v2\/users\/1"}],"replies":[{"embeddable":true,"href":"https:\/\/agenciainfra.com\/blog\/wp-json\/wp\/v2\/comments?post=7941"}],"version-history":[{"count":0,"href":"https:\/\/agenciainfra.com\/blog\/wp-json\/wp\/v2\/posts\/7941\/revisions"}],"wp:featuredmedia":[{"embeddable":true,"href":"https:\/\/agenciainfra.com\/blog\/wp-json\/wp\/v2\/media\/7940"}],"wp:attachment":[{"href":"https:\/\/agenciainfra.com\/blog\/wp-json\/wp\/v2\/media?parent=7941"}],"wp:term":[{"taxonomy":"category","embeddable":true,"href":"https:\/\/agenciainfra.com\/blog\/wp-json\/wp\/v2\/categories?post=7941"},{"taxonomy":"post_tag","embeddable":true,"href":"https:\/\/agenciainfra.com\/blog\/wp-json\/wp\/v2\/tags?post=7941"}],"curies":[{"name":"wp","href":"https:\/\/api.w.org\/{rel}","templated":true}]}}