{"id":7998,"date":"2021-08-16T08:00:00","date_gmt":"2021-08-16T11:00:00","guid":{"rendered":"https:\/\/www.agenciainfra.com\/blog\/?p=7998"},"modified":"2021-08-13T10:50:56","modified_gmt":"2021-08-13T13:50:56","slug":"industria-pede-que-volume-minimo-do-programa-de-resposta-da-demanda-caia-de-30-mw-para-5-mw","status":"publish","type":"post","link":"https:\/\/agenciainfra.com\/blog\/industria-pede-que-volume-minimo-do-programa-de-resposta-da-demanda-caia-de-30-mw-para-5-mw\/","title":{"rendered":"Ind\u00fastria pede que volume m\u00ednimo do programa de resposta da demanda caia de 30 MW para 5 MW"},"content":{"rendered":"\n<p class=\"has-text-align-right\"><strong>Ludmylla Rocha, da&nbsp;Ag\u00eancia iNFRA<\/strong><\/p>\n\n\n\n<p>A Abrace (Associa\u00e7\u00e3o Brasileira de Grandes Consumidores Industriais de Energia e de Consumidores Livres) sugeriu ao governo que o volume m\u00ednimo exigido para participar do programa de redu\u00e7\u00e3o volunt\u00e1ria de consumo seja reduzido em 83%. A associa\u00e7\u00e3o pede que a limita\u00e7\u00e3o seja de 5 MW (megawatts) m\u00e9dios e n\u00e3o de 30 MW m\u00e9dios, como prop\u00f4s o Minist\u00e9rio de Minas e Energia.<\/p>\n\n\n\n<p>Em consulta p\u00fablica finalizada na \u00faltima segunda-feira (9), a Abrace apresentou um levantamento que mostra que apenas 84 dos 11.746 CNPJs (Cadastro Nacional da Pessoa Jur\u00eddica) listados na CCEE (C\u00e2mara de Comercializa\u00e7\u00e3o de Energia El\u00e9trica) possuem consumo maior que 30 MW m\u00e9dios.<\/p>\n\n\n\n<p><strong>De 84 para 620 empresas<\/strong><br>\u201cS\u00f3 1% dos CNPJs conseguiriam atender isso individualmente, ent\u00e3o \u00e9 uma barreira de participa\u00e7\u00e3o. N\u00e3o \u00e9 razo\u00e1vel. [&#8230;] Colocando em 5 MW, voc\u00ea j\u00e1 aumenta pra 620 CNPJs poss\u00edveis\u201d, explica o diretor t\u00e9cnico da Abrace, Fillipe Soares.<\/p>\n\n\n\n<p>A associa\u00e7\u00e3o n\u00e3o foi a \u00fanica a solicitar essa redu\u00e7\u00e3o. Institui\u00e7\u00f5es como Anace (Associa\u00e7\u00e3o Nacional dos Consumidores de Energia), Fiesp (Federa\u00e7\u00e3o das Ind\u00fastrias do Estado de S\u00e3o Paulo) e Unica (Uni\u00e3o da Ind\u00fastria de Cana-de-A\u00e7\u00facar), al\u00e9m de empresas como a Enel e a Neoenergia, fizeram a mesma demanda. J\u00e1 grupos como o movimento Uni\u00e3o pela Energia, Instituto A\u00e7o Brasil e Fiemg (Federa\u00e7\u00e3o das Ind\u00fastrias do Estado de Minas Gerais) pediram um volume m\u00ednimo ainda menor, de 1 MW m\u00e9dio.<\/p>\n\n\n\n<p><strong>ONS sugere 10 MW m\u00e9dios<\/strong><br>O ONS (Operador Nacional do Sistema El\u00e9trico) tamb\u00e9m se manifestou. O \u00f3rg\u00e3o sugeriu que o volume m\u00ednimo seja reduzido para 10 MW m\u00e9dios \u201ccomo limite m\u00ednimo das ofertas a serem realizadas de forma direta ou via agregador, a fim de incentivar a participa\u00e7\u00e3o dos consumidores\u201d.<\/p>\n\n\n\n<p>A&nbsp;<strong>Ag\u00eancia iNFRA<\/strong>&nbsp;apurou que o pr\u00f3prio ONS havia sugerido o volume m\u00ednimo inicial de 30 MW m\u00e9dios para facilitar a opera\u00e7\u00e3o. No entanto, a pouca abrang\u00eancia da proposta fez com que o governo reavaliasse a iniciativa. Ainda n\u00e3o est\u00e1 claro, por\u00e9m, qual ser\u00e1 a escolha feita pelo Minist\u00e9rio de Minas e Energia.<\/p>\n\n\n\n<p>Na \u00faltima quinta-feira (12), o ministro de Minas e Energia, Bento Albuquerque, disse que pretende apresentar o programa at\u00e9 o fim do m\u00eas. &#8220;Entendemos que teremos maior seguran\u00e7a energ\u00e9tica e tamb\u00e9m uma energia com menor custo\u201d, declarou depois de um evento na Fiemg, em Minas Gerais.<\/p>\n\n\n\n<p><strong>Outros pedidos de altera\u00e7\u00e3o<\/strong><br>Os grandes consumidores pediram tamb\u00e9m que seja reconsiderada a limita\u00e7\u00e3o de horas de economia que, na proposta do governo, \u00e9 de quatro a sete horas. \u201cSer\u00e1 que n\u00e3o seria interessante voc\u00ea ficar com um produto de 24 horas? \u00c0s vezes, se voc\u00ea tem produtos que permitam o desligamento de um dia, voc\u00ea consegue at\u00e9 otimizar melhor o seu turno de produ\u00e7\u00e3o\u201d, sugeriu Soares.<\/p>\n\n\n\n<p>Outro ponto de aten\u00e7\u00e3o \u00e9 que seja inclu\u00edda uma rampa de entrada, para que o participante do programa tenha um determinado per\u00edodo para reduzir o consumo at\u00e9 atingir a oferta feita ao programa. \u201cO problema \u00e9 que dependendo da tecnologia&nbsp;de cada f\u00e1brica, voc\u00ea tem uma rampa, n\u00e3o \u00e9 instant\u00e2neo\u201d, aponta.<\/p>\n\n\n\n<p>A associa\u00e7\u00e3o sugeriu ainda que a linha base (consumo m\u00e9dio que ser\u00e1 usado como refer\u00eancia para determinar a redu\u00e7\u00e3o) seja informada pelo pr\u00f3prio consumidor e aferida pela CCEE para confirma\u00e7\u00e3o. O objetivo \u00e9 que eventuais quedas de consumo causadas, por exemplo, por uma manuten\u00e7\u00e3o n\u00e3o causem desequil\u00edbrio na medi\u00e7\u00e3o. A proposta do governo n\u00e3o definiu um c\u00e1lculo, afirmando que \u201cser\u00e1 definida conjuntamente pela CCEE e pelo ONS\u201d e detalhada \u201cnos procedimentos e regras provis\u00f3rios\u201d.<\/p>\n","protected":false},"excerpt":{"rendered":"<p>Ludmylla Rocha, da&nbsp;Ag\u00eancia iNFRA A Abrace (Associa\u00e7\u00e3o Brasileira de Grandes Consumidores Industriais de Energia e de Consumidores Livres) sugeriu ao governo que o volume m\u00ednimo exigido para participar do programa de redu\u00e7\u00e3o volunt\u00e1ria de consumo seja reduzido em 83%. A associa\u00e7\u00e3o pede que a limita\u00e7\u00e3o seja de 5 MW (megawatts) m\u00e9dios e n\u00e3o de 30 [&hellip;]<\/p>\n","protected":false},"author":1,"featured_media":8001,"comment_status":"closed","ping_status":"closed","sticky":false,"template":"","format":"standard","meta":{"_monsterinsights_skip_tracking":false,"_monsterinsights_sitenote_active":false,"_monsterinsights_sitenote_note":"","_monsterinsights_sitenote_category":0,"footnotes":""},"categories":[1,10],"tags":[41,14,13,282,71,216,4875,3554],"class_list":["post-7998","post","type-post","status-publish","format-standard","has-post-thumbnail","hentry","category-geral","category-infraenergia","tag-abrace","tag-ccee","tag-consumo-de-energia","tag-energia-eletrica","tag-mme","tag-ons","tag-reducao-voluntaria-de-demanda-de-energia-eletrica","tag-seguranca-energetica"],"yoast_head":"<!-- This site is optimized with the Yoast SEO Premium plugin v25.4 (Yoast SEO v26.0) - https:\/\/yoast.com\/wordpress\/plugins\/seo\/ -->\n<title>Ind\u00fastria pede que volume m\u00ednimo do programa de resposta da demanda caia de 30 MW para 5 MW - Ag\u00eancia iNFRA<\/title>\n<meta name=\"robots\" content=\"index, follow, max-snippet:-1, max-image-preview:large, max-video-preview:-1\" \/>\n<link rel=\"canonical\" href=\"https:\/\/agenciainfra.com\/blog\/industria-pede-que-volume-minimo-do-programa-de-resposta-da-demanda-caia-de-30-mw-para-5-mw\/\" \/>\n<meta property=\"og:locale\" content=\"pt_BR\" \/>\n<meta property=\"og:type\" content=\"article\" \/>\n<meta property=\"og:title\" content=\"Ind\u00fastria pede que volume m\u00ednimo do programa de resposta da demanda caia de 30 MW para 5 MW\" \/>\n<meta property=\"og:description\" content=\"Ludmylla Rocha, da&nbsp;Ag\u00eancia iNFRA A Abrace (Associa\u00e7\u00e3o Brasileira de Grandes Consumidores Industriais de Energia e de Consumidores Livres) sugeriu ao governo que o volume m\u00ednimo exigido para participar do programa de redu\u00e7\u00e3o volunt\u00e1ria de consumo seja reduzido em 83%. A associa\u00e7\u00e3o pede que a limita\u00e7\u00e3o seja de 5 MW (megawatts) m\u00e9dios e n\u00e3o de 30 [&hellip;]\" \/>\n<meta property=\"og:url\" content=\"https:\/\/agenciainfra.com\/blog\/industria-pede-que-volume-minimo-do-programa-de-resposta-da-demanda-caia-de-30-mw-para-5-mw\/\" \/>\n<meta property=\"og:site_name\" content=\"Ag\u00eancia iNFRA\" \/>\n<meta property=\"article:publisher\" content=\"https:\/\/www.facebook.com\/ageninfra\" \/>\n<meta property=\"article:published_time\" content=\"2021-08-16T11:00:00+00:00\" \/>\n<meta property=\"og:image\" content=\"https:\/\/agenciainfra.com\/blog\/wp-content\/uploads\/2021\/08\/industria-foto-dominio-publico.jpeg\" \/>\n\t<meta property=\"og:image:width\" content=\"1280\" \/>\n\t<meta property=\"og:image:height\" content=\"857\" \/>\n\t<meta property=\"og:image:type\" content=\"image\/jpeg\" \/>\n<meta name=\"author\" content=\"Ag\u00eancia iNFRA\" \/>\n<meta name=\"twitter:card\" content=\"summary_large_image\" \/>\n<meta name=\"twitter:creator\" content=\"@agencia_infra\" \/>\n<meta name=\"twitter:site\" content=\"@agencia_infra\" \/>\n<meta name=\"twitter:label1\" content=\"Escrito por\" \/>\n\t<meta name=\"twitter:data1\" content=\"Ag\u00eancia iNFRA\" \/>\n\t<meta name=\"twitter:label2\" content=\"Est. tempo de leitura\" \/>\n\t<meta name=\"twitter:data2\" content=\"3 minutos\" \/>\n<script type=\"application\/ld+json\" class=\"yoast-schema-graph\">{\"@context\":\"https:\/\/schema.org\",\"@graph\":[{\"@type\":\"Article\",\"@id\":\"https:\/\/agenciainfra.com\/blog\/industria-pede-que-volume-minimo-do-programa-de-resposta-da-demanda-caia-de-30-mw-para-5-mw\/#article\",\"isPartOf\":{\"@id\":\"https:\/\/agenciainfra.com\/blog\/industria-pede-que-volume-minimo-do-programa-de-resposta-da-demanda-caia-de-30-mw-para-5-mw\/\"},\"author\":{\"name\":\"Ag\u00eancia iNFRA\",\"@id\":\"https:\/\/agenciainfra.com\/blog\/#\/schema\/person\/34af08dff6adea4cb22b06612ba7acfa\"},\"headline\":\"Ind\u00fastria pede que volume m\u00ednimo do programa de resposta da demanda caia de 30 MW para 5 MW\",\"datePublished\":\"2021-08-16T11:00:00+00:00\",\"mainEntityOfPage\":{\"@id\":\"https:\/\/agenciainfra.com\/blog\/industria-pede-que-volume-minimo-do-programa-de-resposta-da-demanda-caia-de-30-mw-para-5-mw\/\"},\"wordCount\":653,\"publisher\":{\"@id\":\"https:\/\/agenciainfra.com\/blog\/#organization\"},\"image\":{\"@id\":\"https:\/\/agenciainfra.com\/blog\/industria-pede-que-volume-minimo-do-programa-de-resposta-da-demanda-caia-de-30-mw-para-5-mw\/#primaryimage\"},\"thumbnailUrl\":\"https:\/\/agenciainfra.com\/blog\/wp-content\/uploads\/2021\/08\/industria-foto-dominio-publico.jpeg\",\"keywords\":[\"Abrace\",\"ccee\",\"consumo de energia\",\"energia el\u00e9trica\",\"MME\",\"ONS\",\"Redu\u00e7\u00e3o Volunt\u00e1ria de Demanda de Energia El\u00e9trica\",\"seguran\u00e7a energ\u00e9tica\"],\"articleSection\":[\"Geral\",\"iNFRAEnergia\"],\"inLanguage\":\"pt-BR\",\"copyrightYear\":\"2021\",\"copyrightHolder\":{\"@id\":\"https:\/\/agenciainfra.com\/blog\/#organization\"}},{\"@type\":\"WebPage\",\"@id\":\"https:\/\/agenciainfra.com\/blog\/industria-pede-que-volume-minimo-do-programa-de-resposta-da-demanda-caia-de-30-mw-para-5-mw\/\",\"url\":\"https:\/\/agenciainfra.com\/blog\/industria-pede-que-volume-minimo-do-programa-de-resposta-da-demanda-caia-de-30-mw-para-5-mw\/\",\"name\":\"Ind\u00fastria pede que volume m\u00ednimo do programa de resposta da demanda caia de 30 MW para 5 MW - Ag\u00eancia iNFRA\",\"isPartOf\":{\"@id\":\"https:\/\/agenciainfra.com\/blog\/#website\"},\"primaryImageOfPage\":{\"@id\":\"https:\/\/agenciainfra.com\/blog\/industria-pede-que-volume-minimo-do-programa-de-resposta-da-demanda-caia-de-30-mw-para-5-mw\/#primaryimage\"},\"image\":{\"@id\":\"https:\/\/agenciainfra.com\/blog\/industria-pede-que-volume-minimo-do-programa-de-resposta-da-demanda-caia-de-30-mw-para-5-mw\/#primaryimage\"},\"thumbnailUrl\":\"https:\/\/agenciainfra.com\/blog\/wp-content\/uploads\/2021\/08\/industria-foto-dominio-publico.jpeg\",\"datePublished\":\"2021-08-16T11:00:00+00:00\",\"breadcrumb\":{\"@id\":\"https:\/\/agenciainfra.com\/blog\/industria-pede-que-volume-minimo-do-programa-de-resposta-da-demanda-caia-de-30-mw-para-5-mw\/#breadcrumb\"},\"inLanguage\":\"pt-BR\",\"potentialAction\":[{\"@type\":\"ReadAction\",\"target\":[\"https:\/\/agenciainfra.com\/blog\/industria-pede-que-volume-minimo-do-programa-de-resposta-da-demanda-caia-de-30-mw-para-5-mw\/\"]}]},{\"@type\":\"ImageObject\",\"inLanguage\":\"pt-BR\",\"@id\":\"https:\/\/agenciainfra.com\/blog\/industria-pede-que-volume-minimo-do-programa-de-resposta-da-demanda-caia-de-30-mw-para-5-mw\/#primaryimage\",\"url\":\"https:\/\/agenciainfra.com\/blog\/wp-content\/uploads\/2021\/08\/industria-foto-dominio-publico.jpeg\",\"contentUrl\":\"https:\/\/agenciainfra.com\/blog\/wp-content\/uploads\/2021\/08\/industria-foto-dominio-publico.jpeg\",\"width\":1280,\"height\":857},{\"@type\":\"BreadcrumbList\",\"@id\":\"https:\/\/agenciainfra.com\/blog\/industria-pede-que-volume-minimo-do-programa-de-resposta-da-demanda-caia-de-30-mw-para-5-mw\/#breadcrumb\",\"itemListElement\":[{\"@type\":\"ListItem\",\"position\":1,\"name\":\"In\u00edcio\",\"item\":\"https:\/\/agenciainfra.com\/blog\/\"},{\"@type\":\"ListItem\",\"position\":2,\"name\":\"Ind\u00fastria pede que volume m\u00ednimo do programa de resposta da demanda caia de 30 MW para 5 MW\"}]},{\"@type\":\"WebSite\",\"@id\":\"https:\/\/agenciainfra.com\/blog\/#website\",\"url\":\"https:\/\/agenciainfra.com\/blog\/\",\"name\":\"Ag\u00eancia iNFRA\",\"description\":\"Multiplataforma de informa\u00e7\u00e3o jornal\u00edstica refer\u00eancia na \u00e1rea de infraestrutura no Brasil!\",\"publisher\":{\"@id\":\"https:\/\/agenciainfra.com\/blog\/#organization\"},\"potentialAction\":[{\"@type\":\"SearchAction\",\"target\":{\"@type\":\"EntryPoint\",\"urlTemplate\":\"https:\/\/agenciainfra.com\/blog\/?s={search_term_string}\"},\"query-input\":{\"@type\":\"PropertyValueSpecification\",\"valueRequired\":true,\"valueName\":\"search_term_string\"}}],\"inLanguage\":\"pt-BR\"},{\"@type\":\"Organization\",\"@id\":\"https:\/\/agenciainfra.com\/blog\/#organization\",\"name\":\"Ag\u00eancia iNFRA\",\"url\":\"https:\/\/agenciainfra.com\/blog\/\",\"logo\":{\"@type\":\"ImageObject\",\"inLanguage\":\"pt-BR\",\"@id\":\"https:\/\/agenciainfra.com\/blog\/#\/schema\/logo\/image\/\",\"url\":\"https:\/\/agenciainfra.com\/blog\/wp-content\/uploads\/2023\/09\/iNFRA_5-e1761735885940.png\",\"contentUrl\":\"https:\/\/agenciainfra.com\/blog\/wp-content\/uploads\/2023\/09\/iNFRA_5-e1761735885940.png\",\"width\":1672,\"height\":454,\"caption\":\"Ag\u00eancia iNFRA\"},\"image\":{\"@id\":\"https:\/\/agenciainfra.com\/blog\/#\/schema\/logo\/image\/\"},\"sameAs\":[\"https:\/\/www.facebook.com\/ageninfra\",\"https:\/\/x.com\/agencia_infra\",\"https:\/\/www.linkedin.com\/company\/ag\u00eanciainfra\/\",\"https:\/\/www.instagram.com\/agenciainfra\/\"]},{\"@type\":\"Person\",\"@id\":\"https:\/\/agenciainfra.com\/blog\/#\/schema\/person\/34af08dff6adea4cb22b06612ba7acfa\",\"name\":\"Ag\u00eancia iNFRA\",\"image\":{\"@type\":\"ImageObject\",\"inLanguage\":\"pt-BR\",\"@id\":\"https:\/\/agenciainfra.com\/blog\/#\/schema\/person\/image\/\",\"url\":\"https:\/\/secure.gravatar.com\/avatar\/d189e01678f06d8eb84d4e01f08eb848b3fffe3f8443818d3c356c66892f5be8?s=96&d=mm&r=g\",\"contentUrl\":\"https:\/\/secure.gravatar.com\/avatar\/d189e01678f06d8eb84d4e01f08eb848b3fffe3f8443818d3c356c66892f5be8?s=96&d=mm&r=g\",\"caption\":\"Ag\u00eancia iNFRA\"},\"url\":\"https:\/\/agenciainfra.com\/blog\/author\/admin\/\"}]}<\/script>\n<!-- \/ Yoast SEO Premium plugin. -->","yoast_head_json":{"title":"Ind\u00fastria pede que volume m\u00ednimo do programa de resposta da demanda caia de 30 MW para 5 MW - Ag\u00eancia iNFRA","robots":{"index":"index","follow":"follow","max-snippet":"max-snippet:-1","max-image-preview":"max-image-preview:large","max-video-preview":"max-video-preview:-1"},"canonical":"https:\/\/agenciainfra.com\/blog\/industria-pede-que-volume-minimo-do-programa-de-resposta-da-demanda-caia-de-30-mw-para-5-mw\/","og_locale":"pt_BR","og_type":"article","og_title":"Ind\u00fastria pede que volume m\u00ednimo do programa de resposta da demanda caia de 30 MW para 5 MW","og_description":"Ludmylla Rocha, da&nbsp;Ag\u00eancia iNFRA A Abrace (Associa\u00e7\u00e3o Brasileira de Grandes Consumidores Industriais de Energia e de Consumidores Livres) sugeriu ao governo que o volume m\u00ednimo exigido para participar do programa de redu\u00e7\u00e3o volunt\u00e1ria de consumo seja reduzido em 83%. A associa\u00e7\u00e3o pede que a limita\u00e7\u00e3o seja de 5 MW (megawatts) m\u00e9dios e n\u00e3o de 30 [&hellip;]","og_url":"https:\/\/agenciainfra.com\/blog\/industria-pede-que-volume-minimo-do-programa-de-resposta-da-demanda-caia-de-30-mw-para-5-mw\/","og_site_name":"Ag\u00eancia iNFRA","article_publisher":"https:\/\/www.facebook.com\/ageninfra","article_published_time":"2021-08-16T11:00:00+00:00","og_image":[{"width":1280,"height":857,"url":"https:\/\/agenciainfra.com\/blog\/wp-content\/uploads\/2021\/08\/industria-foto-dominio-publico.jpeg","type":"image\/jpeg"}],"author":"Ag\u00eancia iNFRA","twitter_card":"summary_large_image","twitter_creator":"@agencia_infra","twitter_site":"@agencia_infra","twitter_misc":{"Escrito por":"Ag\u00eancia iNFRA","Est. tempo de leitura":"3 minutos"},"schema":{"@context":"https:\/\/schema.org","@graph":[{"@type":"Article","@id":"https:\/\/agenciainfra.com\/blog\/industria-pede-que-volume-minimo-do-programa-de-resposta-da-demanda-caia-de-30-mw-para-5-mw\/#article","isPartOf":{"@id":"https:\/\/agenciainfra.com\/blog\/industria-pede-que-volume-minimo-do-programa-de-resposta-da-demanda-caia-de-30-mw-para-5-mw\/"},"author":{"name":"Ag\u00eancia iNFRA","@id":"https:\/\/agenciainfra.com\/blog\/#\/schema\/person\/34af08dff6adea4cb22b06612ba7acfa"},"headline":"Ind\u00fastria pede que volume m\u00ednimo do programa de resposta da demanda caia de 30 MW para 5 MW","datePublished":"2021-08-16T11:00:00+00:00","mainEntityOfPage":{"@id":"https:\/\/agenciainfra.com\/blog\/industria-pede-que-volume-minimo-do-programa-de-resposta-da-demanda-caia-de-30-mw-para-5-mw\/"},"wordCount":653,"publisher":{"@id":"https:\/\/agenciainfra.com\/blog\/#organization"},"image":{"@id":"https:\/\/agenciainfra.com\/blog\/industria-pede-que-volume-minimo-do-programa-de-resposta-da-demanda-caia-de-30-mw-para-5-mw\/#primaryimage"},"thumbnailUrl":"https:\/\/agenciainfra.com\/blog\/wp-content\/uploads\/2021\/08\/industria-foto-dominio-publico.jpeg","keywords":["Abrace","ccee","consumo de energia","energia el\u00e9trica","MME","ONS","Redu\u00e7\u00e3o Volunt\u00e1ria de Demanda de Energia El\u00e9trica","seguran\u00e7a energ\u00e9tica"],"articleSection":["Geral","iNFRAEnergia"],"inLanguage":"pt-BR","copyrightYear":"2021","copyrightHolder":{"@id":"https:\/\/agenciainfra.com\/blog\/#organization"}},{"@type":"WebPage","@id":"https:\/\/agenciainfra.com\/blog\/industria-pede-que-volume-minimo-do-programa-de-resposta-da-demanda-caia-de-30-mw-para-5-mw\/","url":"https:\/\/agenciainfra.com\/blog\/industria-pede-que-volume-minimo-do-programa-de-resposta-da-demanda-caia-de-30-mw-para-5-mw\/","name":"Ind\u00fastria pede que volume m\u00ednimo do programa de resposta da demanda caia de 30 MW para 5 MW - Ag\u00eancia iNFRA","isPartOf":{"@id":"https:\/\/agenciainfra.com\/blog\/#website"},"primaryImageOfPage":{"@id":"https:\/\/agenciainfra.com\/blog\/industria-pede-que-volume-minimo-do-programa-de-resposta-da-demanda-caia-de-30-mw-para-5-mw\/#primaryimage"},"image":{"@id":"https:\/\/agenciainfra.com\/blog\/industria-pede-que-volume-minimo-do-programa-de-resposta-da-demanda-caia-de-30-mw-para-5-mw\/#primaryimage"},"thumbnailUrl":"https:\/\/agenciainfra.com\/blog\/wp-content\/uploads\/2021\/08\/industria-foto-dominio-publico.jpeg","datePublished":"2021-08-16T11:00:00+00:00","breadcrumb":{"@id":"https:\/\/agenciainfra.com\/blog\/industria-pede-que-volume-minimo-do-programa-de-resposta-da-demanda-caia-de-30-mw-para-5-mw\/#breadcrumb"},"inLanguage":"pt-BR","potentialAction":[{"@type":"ReadAction","target":["https:\/\/agenciainfra.com\/blog\/industria-pede-que-volume-minimo-do-programa-de-resposta-da-demanda-caia-de-30-mw-para-5-mw\/"]}]},{"@type":"ImageObject","inLanguage":"pt-BR","@id":"https:\/\/agenciainfra.com\/blog\/industria-pede-que-volume-minimo-do-programa-de-resposta-da-demanda-caia-de-30-mw-para-5-mw\/#primaryimage","url":"https:\/\/agenciainfra.com\/blog\/wp-content\/uploads\/2021\/08\/industria-foto-dominio-publico.jpeg","contentUrl":"https:\/\/agenciainfra.com\/blog\/wp-content\/uploads\/2021\/08\/industria-foto-dominio-publico.jpeg","width":1280,"height":857},{"@type":"BreadcrumbList","@id":"https:\/\/agenciainfra.com\/blog\/industria-pede-que-volume-minimo-do-programa-de-resposta-da-demanda-caia-de-30-mw-para-5-mw\/#breadcrumb","itemListElement":[{"@type":"ListItem","position":1,"name":"In\u00edcio","item":"https:\/\/agenciainfra.com\/blog\/"},{"@type":"ListItem","position":2,"name":"Ind\u00fastria pede que volume m\u00ednimo do programa de resposta da demanda caia de 30 MW para 5 MW"}]},{"@type":"WebSite","@id":"https:\/\/agenciainfra.com\/blog\/#website","url":"https:\/\/agenciainfra.com\/blog\/","name":"Ag\u00eancia iNFRA","description":"Multiplataforma de informa\u00e7\u00e3o jornal\u00edstica refer\u00eancia na \u00e1rea de infraestrutura no Brasil!","publisher":{"@id":"https:\/\/agenciainfra.com\/blog\/#organization"},"potentialAction":[{"@type":"SearchAction","target":{"@type":"EntryPoint","urlTemplate":"https:\/\/agenciainfra.com\/blog\/?s={search_term_string}"},"query-input":{"@type":"PropertyValueSpecification","valueRequired":true,"valueName":"search_term_string"}}],"inLanguage":"pt-BR"},{"@type":"Organization","@id":"https:\/\/agenciainfra.com\/blog\/#organization","name":"Ag\u00eancia iNFRA","url":"https:\/\/agenciainfra.com\/blog\/","logo":{"@type":"ImageObject","inLanguage":"pt-BR","@id":"https:\/\/agenciainfra.com\/blog\/#\/schema\/logo\/image\/","url":"https:\/\/agenciainfra.com\/blog\/wp-content\/uploads\/2023\/09\/iNFRA_5-e1761735885940.png","contentUrl":"https:\/\/agenciainfra.com\/blog\/wp-content\/uploads\/2023\/09\/iNFRA_5-e1761735885940.png","width":1672,"height":454,"caption":"Ag\u00eancia iNFRA"},"image":{"@id":"https:\/\/agenciainfra.com\/blog\/#\/schema\/logo\/image\/"},"sameAs":["https:\/\/www.facebook.com\/ageninfra","https:\/\/x.com\/agencia_infra","https:\/\/www.linkedin.com\/company\/ag\u00eanciainfra\/","https:\/\/www.instagram.com\/agenciainfra\/"]},{"@type":"Person","@id":"https:\/\/agenciainfra.com\/blog\/#\/schema\/person\/34af08dff6adea4cb22b06612ba7acfa","name":"Ag\u00eancia iNFRA","image":{"@type":"ImageObject","inLanguage":"pt-BR","@id":"https:\/\/agenciainfra.com\/blog\/#\/schema\/person\/image\/","url":"https:\/\/secure.gravatar.com\/avatar\/d189e01678f06d8eb84d4e01f08eb848b3fffe3f8443818d3c356c66892f5be8?s=96&d=mm&r=g","contentUrl":"https:\/\/secure.gravatar.com\/avatar\/d189e01678f06d8eb84d4e01f08eb848b3fffe3f8443818d3c356c66892f5be8?s=96&d=mm&r=g","caption":"Ag\u00eancia iNFRA"},"url":"https:\/\/agenciainfra.com\/blog\/author\/admin\/"}]}},"_links":{"self":[{"href":"https:\/\/agenciainfra.com\/blog\/wp-json\/wp\/v2\/posts\/7998","targetHints":{"allow":["GET"]}}],"collection":[{"href":"https:\/\/agenciainfra.com\/blog\/wp-json\/wp\/v2\/posts"}],"about":[{"href":"https:\/\/agenciainfra.com\/blog\/wp-json\/wp\/v2\/types\/post"}],"author":[{"embeddable":true,"href":"https:\/\/agenciainfra.com\/blog\/wp-json\/wp\/v2\/users\/1"}],"replies":[{"embeddable":true,"href":"https:\/\/agenciainfra.com\/blog\/wp-json\/wp\/v2\/comments?post=7998"}],"version-history":[{"count":0,"href":"https:\/\/agenciainfra.com\/blog\/wp-json\/wp\/v2\/posts\/7998\/revisions"}],"wp:featuredmedia":[{"embeddable":true,"href":"https:\/\/agenciainfra.com\/blog\/wp-json\/wp\/v2\/media\/8001"}],"wp:attachment":[{"href":"https:\/\/agenciainfra.com\/blog\/wp-json\/wp\/v2\/media?parent=7998"}],"wp:term":[{"taxonomy":"category","embeddable":true,"href":"https:\/\/agenciainfra.com\/blog\/wp-json\/wp\/v2\/categories?post=7998"},{"taxonomy":"post_tag","embeddable":true,"href":"https:\/\/agenciainfra.com\/blog\/wp-json\/wp\/v2\/tags?post=7998"}],"curies":[{"name":"wp","href":"https:\/\/api.w.org\/{rel}","templated":true}]}}