{"id":8011,"date":"2021-08-18T08:00:00","date_gmt":"2021-08-18T11:00:00","guid":{"rendered":"https:\/\/www.agenciainfra.com\/blog\/?p=8011"},"modified":"2021-08-16T10:55:25","modified_gmt":"2021-08-16T13:55:25","slug":"antaq-abre-consulta-para-novo-terminal-em-area-do-porto-de-santos-sp-em-disputa","status":"publish","type":"post","link":"https:\/\/agenciainfra.com\/blog\/antaq-abre-consulta-para-novo-terminal-em-area-do-porto-de-santos-sp-em-disputa\/","title":{"rendered":"ANTAQ abre consulta para novo terminal em \u00e1rea do Porto de Santos em disputa"},"content":{"rendered":"\n<p class=\"has-text-align-right\"><strong>Dimmi Amora e Luana Dorigon, da&nbsp;Ag\u00eancia iNFRA<\/strong><\/p>\n\n\n\n<p>A ANTAQ (Ag\u00eancia Nacional de Transportes Aquavi\u00e1rios) abre nesta semana audi\u00eancia p\u00fablica para a licita\u00e7\u00e3o do terminal&nbsp;STS53, destinado \u00e0 movimenta\u00e7\u00e3o de fertilizantes no Porto de Santos (SP).&nbsp;<\/p>\n\n\n\n<p>Parece mais uma das dezenas de concorr\u00eancias para \u00e1reas em portos p\u00fablicos no pa\u00eds, mas \u00e9 uma das mais complexas e relevantes. A \u00e1rea, na regi\u00e3o de Outeirinhos, \u00e9 onde hoje est\u00e3o localizados dois terminais portu\u00e1rios que disputam com a SPA (Autoridade Portu\u00e1ria de Santos) a perman\u00eancia.&nbsp;<\/p>\n\n\n\n<p>Um deles, o\u00a0terminal retroalfandegado de cont\u00eaineres da Marimex, iniciou uma batalha jur\u00eddico-administrativa\u00a0e conseguiu uma decis\u00e3o relativamente favor\u00e1vel no TCU (Tribunal de Contas da Uni\u00e3o), que determinou que ele s\u00f3 pode ser retirado quando o Minist\u00e9rio da Infraestrutura terminar o contrato com a atual operadora ferrovi\u00e1ria do porto (que vai at\u00e9 2025). A reportagem que explica o imbr\u00f3glio est\u00e1\u00a0<a rel=\"noreferrer noopener\" href=\"https:\/\/agenciainfra.us14.list-manage.com\/track\/click?u=d460dd1bcf9ba0ae040e1fc0f&amp;id=33c44b99d1&amp;e=3cd2fde004\" target=\"_blank\">neste link<\/a>.\u00a0<\/p>\n\n\n\n<p>O plano do governo \u00e9 usar uma parte do terminal da Marimex para a ferrovia e a outra parte para esse terminal de fertilizantes. Apesar de ter recorrido da decis\u00e3o do TCU para poder fazer contratos de transi\u00e7\u00e3o com a Marimex \u2013&nbsp;ou seja, somente at\u00e9 licitar a \u00e1rea para o terminal de fertilizantes \u2013, o minist\u00e9rio decidiu antecipar a licita\u00e7\u00e3o da \u00e1rea para STS53.&nbsp;<\/p>\n\n\n\n<p><strong>Cronograma<\/strong><br>A seguir o cronograma, o novo terminal de fertilizantes seria licitado em 2022. No plano do minist\u00e9rio, ele j\u00e1 poderia operar logo ap\u00f3s a assinatura do contrato porque ocupa tamb\u00e9m uma outra \u00e1rea, atualmente o terminal da Bandeirantes, na mesma regi\u00e3o.&nbsp;<\/p>\n\n\n\n<p>Nos c\u00e1lculos do minist\u00e9rio, mesmo que a decis\u00e3o do TCU seja mantida e a SPA s\u00f3 tenha a \u00e1rea da Marimex ao fim do contrato com a operadora ferrovi\u00e1ria, o que pode ocorrer em&nbsp;2025 ou antes, ainda assim o terminal STS53 teria viabilidade econ\u00f4mica, funcionando somente na \u00e1rea da Bandeirantes nesse per\u00edodo.&nbsp;<\/p>\n\n\n\n<p>As contribui\u00e7\u00f5es para a proposta poder\u00e3o ser enviadas entre 18 de agosto e 1\u00ba de outubro no site da ANTAQ. Ainda n\u00e3o foi marcada data para sess\u00e3o presencial ou telepresencial, conforme informa o aviso da&nbsp;<a rel=\"noreferrer noopener\" href=\"https:\/\/agenciainfra.us14.list-manage.com\/track\/click?u=d460dd1bcf9ba0ae040e1fc0f&amp;id=ebde46c604&amp;e=3cd2fde004\" target=\"_blank\">Audi\u00eancia Publica&nbsp;18\/2021<\/a>.&nbsp;<\/p>\n\n\n\n<p>Mas o precedente que o TCU abriu ao determinar que a Marimex tenha seu contrato prorrogado com prazo (n\u00e3o aceitando o instrumento usual, o contrato de transi\u00e7\u00e3o, que vai se renovando a cada seis meses at\u00e9 que se tenha um novo operador) pode levar a contesta\u00e7\u00f5es de outros agentes, inclusive da Bandeirantes, o que j\u00e1 \u00e9 uma preocupa\u00e7\u00e3o do governo. A Bandeirantes tem contrato vencido desde 2020 e funciona por efeito de liminar.&nbsp;<\/p>\n\n\n\n<p>Outra preocupa\u00e7\u00e3o \u00e9 com judicializa\u00e7\u00e3o sobre a \u00e1rea, especialmente na quest\u00e3o ambiental. Mesmo com a \u00e1rea j\u00e1 tendo movimentado, ao longo de v\u00e1rios anos, cargas perigosas, incluindo fertilizantes, as empresas t\u00eam usado o acidente que ocorreu no porto de Beirute, no L\u00edbano, como exemplo de perigo para a licita\u00e7\u00e3o dessa\u00a0\u00e1rea para essa finalidade.<\/p>\n","protected":false},"excerpt":{"rendered":"<p>Dimmi Amora e Luana Dorigon, da&nbsp;Ag\u00eancia iNFRA A ANTAQ (Ag\u00eancia Nacional de Transportes Aquavi\u00e1rios) abre nesta semana audi\u00eancia p\u00fablica para a licita\u00e7\u00e3o do terminal&nbsp;STS53, destinado \u00e0 movimenta\u00e7\u00e3o de fertilizantes no Porto de Santos (SP).&nbsp; Parece mais uma das dezenas de concorr\u00eancias para \u00e1reas em portos p\u00fablicos no pa\u00eds, mas \u00e9 uma das mais complexas e [&hellip;]<\/p>\n","protected":false},"author":1,"featured_media":6040,"comment_status":"closed","ping_status":"closed","sticky":false,"template":"","format":"standard","meta":{"_monsterinsights_skip_tracking":false,"_monsterinsights_sitenote_active":false,"_monsterinsights_sitenote_note":"","_monsterinsights_sitenote_category":0,"footnotes":""},"categories":[1,7],"tags":[86,717,260,1246,1941,4929,90,617],"class_list":["post-8011","post","type-post","status-publish","format-standard","has-post-thumbnail","hentry","category-geral","category-infratransporte","tag-antaq","tag-exportacao","tag-porto-de-santos","tag-secretaria-de-portos-e-transportes-aquaviarios","tag-spa","tag-sts53","tag-terminal-portuario","tag-transporte"],"yoast_head":"<!-- This site is optimized with the Yoast SEO Premium plugin v25.4 (Yoast SEO v26.0) - https:\/\/yoast.com\/wordpress\/plugins\/seo\/ -->\n<title>ANTAQ abre consulta para novo terminal em \u00e1rea do Porto de Santos em disputa - Ag\u00eancia iNFRA<\/title>\n<meta name=\"robots\" content=\"index, follow, max-snippet:-1, max-image-preview:large, max-video-preview:-1\" \/>\n<link rel=\"canonical\" href=\"https:\/\/agenciainfra.com\/blog\/antaq-abre-consulta-para-novo-terminal-em-area-do-porto-de-santos-sp-em-disputa\/\" \/>\n<meta property=\"og:locale\" content=\"pt_BR\" \/>\n<meta property=\"og:type\" content=\"article\" \/>\n<meta property=\"og:title\" content=\"ANTAQ abre consulta para novo terminal em \u00e1rea do Porto de Santos em disputa\" \/>\n<meta property=\"og:description\" content=\"Dimmi Amora e Luana Dorigon, da&nbsp;Ag\u00eancia iNFRA A ANTAQ (Ag\u00eancia Nacional de Transportes Aquavi\u00e1rios) abre nesta semana audi\u00eancia p\u00fablica para a licita\u00e7\u00e3o do terminal&nbsp;STS53, destinado \u00e0 movimenta\u00e7\u00e3o de fertilizantes no Porto de Santos (SP).&nbsp; Parece mais uma das dezenas de concorr\u00eancias para \u00e1reas em portos p\u00fablicos no pa\u00eds, mas \u00e9 uma das mais complexas e [&hellip;]\" \/>\n<meta property=\"og:url\" content=\"https:\/\/agenciainfra.com\/blog\/antaq-abre-consulta-para-novo-terminal-em-area-do-porto-de-santos-sp-em-disputa\/\" \/>\n<meta property=\"og:site_name\" content=\"Ag\u00eancia iNFRA\" \/>\n<meta property=\"article:publisher\" content=\"https:\/\/www.facebook.com\/ageninfra\" \/>\n<meta property=\"article:published_time\" content=\"2021-08-18T11:00:00+00:00\" \/>\n<meta property=\"og:image\" content=\"https:\/\/agenciainfra.com\/blog\/wp-content\/uploads\/2020\/10\/porto-de-santos-foto-spa.jpg\" \/>\n\t<meta property=\"og:image:width\" content=\"1280\" \/>\n\t<meta property=\"og:image:height\" content=\"859\" \/>\n\t<meta property=\"og:image:type\" content=\"image\/jpeg\" \/>\n<meta name=\"author\" content=\"Ag\u00eancia iNFRA\" \/>\n<meta name=\"twitter:card\" content=\"summary_large_image\" \/>\n<meta name=\"twitter:creator\" content=\"@agencia_infra\" \/>\n<meta name=\"twitter:site\" content=\"@agencia_infra\" \/>\n<meta name=\"twitter:label1\" content=\"Escrito por\" \/>\n\t<meta name=\"twitter:data1\" content=\"Ag\u00eancia iNFRA\" \/>\n\t<meta name=\"twitter:label2\" content=\"Est. tempo de leitura\" \/>\n\t<meta name=\"twitter:data2\" content=\"3 minutos\" \/>\n<script type=\"application\/ld+json\" class=\"yoast-schema-graph\">{\"@context\":\"https:\/\/schema.org\",\"@graph\":[{\"@type\":\"Article\",\"@id\":\"https:\/\/agenciainfra.com\/blog\/antaq-abre-consulta-para-novo-terminal-em-area-do-porto-de-santos-sp-em-disputa\/#article\",\"isPartOf\":{\"@id\":\"https:\/\/agenciainfra.com\/blog\/antaq-abre-consulta-para-novo-terminal-em-area-do-porto-de-santos-sp-em-disputa\/\"},\"author\":{\"name\":\"Ag\u00eancia iNFRA\",\"@id\":\"https:\/\/agenciainfra.com\/blog\/#\/schema\/person\/34af08dff6adea4cb22b06612ba7acfa\"},\"headline\":\"ANTAQ abre consulta para novo terminal em \u00e1rea do Porto de Santos em disputa\",\"datePublished\":\"2021-08-18T11:00:00+00:00\",\"mainEntityOfPage\":{\"@id\":\"https:\/\/agenciainfra.com\/blog\/antaq-abre-consulta-para-novo-terminal-em-area-do-porto-de-santos-sp-em-disputa\/\"},\"wordCount\":535,\"publisher\":{\"@id\":\"https:\/\/agenciainfra.com\/blog\/#organization\"},\"image\":{\"@id\":\"https:\/\/agenciainfra.com\/blog\/antaq-abre-consulta-para-novo-terminal-em-area-do-porto-de-santos-sp-em-disputa\/#primaryimage\"},\"thumbnailUrl\":\"https:\/\/agenciainfra.com\/blog\/wp-content\/uploads\/2020\/10\/porto-de-santos-foto-spa.jpg\",\"keywords\":[\"ANTAQ\",\"exporta\u00e7\u00e3o\",\"Porto de Santos\",\"Secretaria de Portos e Transportes Aquavi\u00e1rios\",\"SPA\",\"STS53\",\"TERMINAL PORTU\u00c1RIO\",\"transporte\"],\"articleSection\":[\"Geral\",\"iNFRATransporte\"],\"inLanguage\":\"pt-BR\",\"copyrightYear\":\"2021\",\"copyrightHolder\":{\"@id\":\"https:\/\/agenciainfra.com\/blog\/#organization\"}},{\"@type\":\"WebPage\",\"@id\":\"https:\/\/agenciainfra.com\/blog\/antaq-abre-consulta-para-novo-terminal-em-area-do-porto-de-santos-sp-em-disputa\/\",\"url\":\"https:\/\/agenciainfra.com\/blog\/antaq-abre-consulta-para-novo-terminal-em-area-do-porto-de-santos-sp-em-disputa\/\",\"name\":\"ANTAQ abre consulta para novo terminal em \u00e1rea do Porto de Santos em disputa - Ag\u00eancia iNFRA\",\"isPartOf\":{\"@id\":\"https:\/\/agenciainfra.com\/blog\/#website\"},\"primaryImageOfPage\":{\"@id\":\"https:\/\/agenciainfra.com\/blog\/antaq-abre-consulta-para-novo-terminal-em-area-do-porto-de-santos-sp-em-disputa\/#primaryimage\"},\"image\":{\"@id\":\"https:\/\/agenciainfra.com\/blog\/antaq-abre-consulta-para-novo-terminal-em-area-do-porto-de-santos-sp-em-disputa\/#primaryimage\"},\"thumbnailUrl\":\"https:\/\/agenciainfra.com\/blog\/wp-content\/uploads\/2020\/10\/porto-de-santos-foto-spa.jpg\",\"datePublished\":\"2021-08-18T11:00:00+00:00\",\"breadcrumb\":{\"@id\":\"https:\/\/agenciainfra.com\/blog\/antaq-abre-consulta-para-novo-terminal-em-area-do-porto-de-santos-sp-em-disputa\/#breadcrumb\"},\"inLanguage\":\"pt-BR\",\"potentialAction\":[{\"@type\":\"ReadAction\",\"target\":[\"https:\/\/agenciainfra.com\/blog\/antaq-abre-consulta-para-novo-terminal-em-area-do-porto-de-santos-sp-em-disputa\/\"]}]},{\"@type\":\"ImageObject\",\"inLanguage\":\"pt-BR\",\"@id\":\"https:\/\/agenciainfra.com\/blog\/antaq-abre-consulta-para-novo-terminal-em-area-do-porto-de-santos-sp-em-disputa\/#primaryimage\",\"url\":\"https:\/\/agenciainfra.com\/blog\/wp-content\/uploads\/2020\/10\/porto-de-santos-foto-spa.jpg\",\"contentUrl\":\"https:\/\/agenciainfra.com\/blog\/wp-content\/uploads\/2020\/10\/porto-de-santos-foto-spa.jpg\",\"width\":1280,\"height\":859,\"caption\":\"Foto: APS\"},{\"@type\":\"BreadcrumbList\",\"@id\":\"https:\/\/agenciainfra.com\/blog\/antaq-abre-consulta-para-novo-terminal-em-area-do-porto-de-santos-sp-em-disputa\/#breadcrumb\",\"itemListElement\":[{\"@type\":\"ListItem\",\"position\":1,\"name\":\"In\u00edcio\",\"item\":\"https:\/\/agenciainfra.com\/blog\/\"},{\"@type\":\"ListItem\",\"position\":2,\"name\":\"ANTAQ abre consulta para novo terminal em \u00e1rea do Porto de Santos em disputa\"}]},{\"@type\":\"WebSite\",\"@id\":\"https:\/\/agenciainfra.com\/blog\/#website\",\"url\":\"https:\/\/agenciainfra.com\/blog\/\",\"name\":\"Ag\u00eancia iNFRA\",\"description\":\"Multiplataforma de informa\u00e7\u00e3o jornal\u00edstica refer\u00eancia na \u00e1rea de infraestrutura no Brasil!\",\"publisher\":{\"@id\":\"https:\/\/agenciainfra.com\/blog\/#organization\"},\"potentialAction\":[{\"@type\":\"SearchAction\",\"target\":{\"@type\":\"EntryPoint\",\"urlTemplate\":\"https:\/\/agenciainfra.com\/blog\/?s={search_term_string}\"},\"query-input\":{\"@type\":\"PropertyValueSpecification\",\"valueRequired\":true,\"valueName\":\"search_term_string\"}}],\"inLanguage\":\"pt-BR\"},{\"@type\":\"Organization\",\"@id\":\"https:\/\/agenciainfra.com\/blog\/#organization\",\"name\":\"Ag\u00eancia iNFRA\",\"url\":\"https:\/\/agenciainfra.com\/blog\/\",\"logo\":{\"@type\":\"ImageObject\",\"inLanguage\":\"pt-BR\",\"@id\":\"https:\/\/agenciainfra.com\/blog\/#\/schema\/logo\/image\/\",\"url\":\"https:\/\/agenciainfra.com\/blog\/wp-content\/uploads\/2023\/09\/iNFRA_5-e1761735885940.png\",\"contentUrl\":\"https:\/\/agenciainfra.com\/blog\/wp-content\/uploads\/2023\/09\/iNFRA_5-e1761735885940.png\",\"width\":1672,\"height\":454,\"caption\":\"Ag\u00eancia iNFRA\"},\"image\":{\"@id\":\"https:\/\/agenciainfra.com\/blog\/#\/schema\/logo\/image\/\"},\"sameAs\":[\"https:\/\/www.facebook.com\/ageninfra\",\"https:\/\/x.com\/agencia_infra\",\"https:\/\/www.linkedin.com\/company\/ag\u00eanciainfra\/\",\"https:\/\/www.instagram.com\/agenciainfra\/\"]},{\"@type\":\"Person\",\"@id\":\"https:\/\/agenciainfra.com\/blog\/#\/schema\/person\/34af08dff6adea4cb22b06612ba7acfa\",\"name\":\"Ag\u00eancia iNFRA\",\"image\":{\"@type\":\"ImageObject\",\"inLanguage\":\"pt-BR\",\"@id\":\"https:\/\/agenciainfra.com\/blog\/#\/schema\/person\/image\/\",\"url\":\"https:\/\/secure.gravatar.com\/avatar\/d189e01678f06d8eb84d4e01f08eb848b3fffe3f8443818d3c356c66892f5be8?s=96&d=mm&r=g\",\"contentUrl\":\"https:\/\/secure.gravatar.com\/avatar\/d189e01678f06d8eb84d4e01f08eb848b3fffe3f8443818d3c356c66892f5be8?s=96&d=mm&r=g\",\"caption\":\"Ag\u00eancia iNFRA\"},\"url\":\"https:\/\/agenciainfra.com\/blog\/author\/admin\/\"}]}<\/script>\n<!-- \/ Yoast SEO Premium plugin. -->","yoast_head_json":{"title":"ANTAQ abre consulta para novo terminal em \u00e1rea do Porto de Santos em disputa - Ag\u00eancia iNFRA","robots":{"index":"index","follow":"follow","max-snippet":"max-snippet:-1","max-image-preview":"max-image-preview:large","max-video-preview":"max-video-preview:-1"},"canonical":"https:\/\/agenciainfra.com\/blog\/antaq-abre-consulta-para-novo-terminal-em-area-do-porto-de-santos-sp-em-disputa\/","og_locale":"pt_BR","og_type":"article","og_title":"ANTAQ abre consulta para novo terminal em \u00e1rea do Porto de Santos em disputa","og_description":"Dimmi Amora e Luana Dorigon, da&nbsp;Ag\u00eancia iNFRA A ANTAQ (Ag\u00eancia Nacional de Transportes Aquavi\u00e1rios) abre nesta semana audi\u00eancia p\u00fablica para a licita\u00e7\u00e3o do terminal&nbsp;STS53, destinado \u00e0 movimenta\u00e7\u00e3o de fertilizantes no Porto de Santos (SP).&nbsp; Parece mais uma das dezenas de concorr\u00eancias para \u00e1reas em portos p\u00fablicos no pa\u00eds, mas \u00e9 uma das mais complexas e [&hellip;]","og_url":"https:\/\/agenciainfra.com\/blog\/antaq-abre-consulta-para-novo-terminal-em-area-do-porto-de-santos-sp-em-disputa\/","og_site_name":"Ag\u00eancia iNFRA","article_publisher":"https:\/\/www.facebook.com\/ageninfra","article_published_time":"2021-08-18T11:00:00+00:00","og_image":[{"width":1280,"height":859,"url":"https:\/\/agenciainfra.com\/blog\/wp-content\/uploads\/2020\/10\/porto-de-santos-foto-spa.jpg","type":"image\/jpeg"}],"author":"Ag\u00eancia iNFRA","twitter_card":"summary_large_image","twitter_creator":"@agencia_infra","twitter_site":"@agencia_infra","twitter_misc":{"Escrito por":"Ag\u00eancia iNFRA","Est. tempo de leitura":"3 minutos"},"schema":{"@context":"https:\/\/schema.org","@graph":[{"@type":"Article","@id":"https:\/\/agenciainfra.com\/blog\/antaq-abre-consulta-para-novo-terminal-em-area-do-porto-de-santos-sp-em-disputa\/#article","isPartOf":{"@id":"https:\/\/agenciainfra.com\/blog\/antaq-abre-consulta-para-novo-terminal-em-area-do-porto-de-santos-sp-em-disputa\/"},"author":{"name":"Ag\u00eancia iNFRA","@id":"https:\/\/agenciainfra.com\/blog\/#\/schema\/person\/34af08dff6adea4cb22b06612ba7acfa"},"headline":"ANTAQ abre consulta para novo terminal em \u00e1rea do Porto de Santos em disputa","datePublished":"2021-08-18T11:00:00+00:00","mainEntityOfPage":{"@id":"https:\/\/agenciainfra.com\/blog\/antaq-abre-consulta-para-novo-terminal-em-area-do-porto-de-santos-sp-em-disputa\/"},"wordCount":535,"publisher":{"@id":"https:\/\/agenciainfra.com\/blog\/#organization"},"image":{"@id":"https:\/\/agenciainfra.com\/blog\/antaq-abre-consulta-para-novo-terminal-em-area-do-porto-de-santos-sp-em-disputa\/#primaryimage"},"thumbnailUrl":"https:\/\/agenciainfra.com\/blog\/wp-content\/uploads\/2020\/10\/porto-de-santos-foto-spa.jpg","keywords":["ANTAQ","exporta\u00e7\u00e3o","Porto de Santos","Secretaria de Portos e Transportes Aquavi\u00e1rios","SPA","STS53","TERMINAL PORTU\u00c1RIO","transporte"],"articleSection":["Geral","iNFRATransporte"],"inLanguage":"pt-BR","copyrightYear":"2021","copyrightHolder":{"@id":"https:\/\/agenciainfra.com\/blog\/#organization"}},{"@type":"WebPage","@id":"https:\/\/agenciainfra.com\/blog\/antaq-abre-consulta-para-novo-terminal-em-area-do-porto-de-santos-sp-em-disputa\/","url":"https:\/\/agenciainfra.com\/blog\/antaq-abre-consulta-para-novo-terminal-em-area-do-porto-de-santos-sp-em-disputa\/","name":"ANTAQ abre consulta para novo terminal em \u00e1rea do Porto de Santos em disputa - Ag\u00eancia iNFRA","isPartOf":{"@id":"https:\/\/agenciainfra.com\/blog\/#website"},"primaryImageOfPage":{"@id":"https:\/\/agenciainfra.com\/blog\/antaq-abre-consulta-para-novo-terminal-em-area-do-porto-de-santos-sp-em-disputa\/#primaryimage"},"image":{"@id":"https:\/\/agenciainfra.com\/blog\/antaq-abre-consulta-para-novo-terminal-em-area-do-porto-de-santos-sp-em-disputa\/#primaryimage"},"thumbnailUrl":"https:\/\/agenciainfra.com\/blog\/wp-content\/uploads\/2020\/10\/porto-de-santos-foto-spa.jpg","datePublished":"2021-08-18T11:00:00+00:00","breadcrumb":{"@id":"https:\/\/agenciainfra.com\/blog\/antaq-abre-consulta-para-novo-terminal-em-area-do-porto-de-santos-sp-em-disputa\/#breadcrumb"},"inLanguage":"pt-BR","potentialAction":[{"@type":"ReadAction","target":["https:\/\/agenciainfra.com\/blog\/antaq-abre-consulta-para-novo-terminal-em-area-do-porto-de-santos-sp-em-disputa\/"]}]},{"@type":"ImageObject","inLanguage":"pt-BR","@id":"https:\/\/agenciainfra.com\/blog\/antaq-abre-consulta-para-novo-terminal-em-area-do-porto-de-santos-sp-em-disputa\/#primaryimage","url":"https:\/\/agenciainfra.com\/blog\/wp-content\/uploads\/2020\/10\/porto-de-santos-foto-spa.jpg","contentUrl":"https:\/\/agenciainfra.com\/blog\/wp-content\/uploads\/2020\/10\/porto-de-santos-foto-spa.jpg","width":1280,"height":859,"caption":"Foto: APS"},{"@type":"BreadcrumbList","@id":"https:\/\/agenciainfra.com\/blog\/antaq-abre-consulta-para-novo-terminal-em-area-do-porto-de-santos-sp-em-disputa\/#breadcrumb","itemListElement":[{"@type":"ListItem","position":1,"name":"In\u00edcio","item":"https:\/\/agenciainfra.com\/blog\/"},{"@type":"ListItem","position":2,"name":"ANTAQ abre consulta para novo terminal em \u00e1rea do Porto de Santos em disputa"}]},{"@type":"WebSite","@id":"https:\/\/agenciainfra.com\/blog\/#website","url":"https:\/\/agenciainfra.com\/blog\/","name":"Ag\u00eancia iNFRA","description":"Multiplataforma de informa\u00e7\u00e3o jornal\u00edstica refer\u00eancia na \u00e1rea de infraestrutura no Brasil!","publisher":{"@id":"https:\/\/agenciainfra.com\/blog\/#organization"},"potentialAction":[{"@type":"SearchAction","target":{"@type":"EntryPoint","urlTemplate":"https:\/\/agenciainfra.com\/blog\/?s={search_term_string}"},"query-input":{"@type":"PropertyValueSpecification","valueRequired":true,"valueName":"search_term_string"}}],"inLanguage":"pt-BR"},{"@type":"Organization","@id":"https:\/\/agenciainfra.com\/blog\/#organization","name":"Ag\u00eancia iNFRA","url":"https:\/\/agenciainfra.com\/blog\/","logo":{"@type":"ImageObject","inLanguage":"pt-BR","@id":"https:\/\/agenciainfra.com\/blog\/#\/schema\/logo\/image\/","url":"https:\/\/agenciainfra.com\/blog\/wp-content\/uploads\/2023\/09\/iNFRA_5-e1761735885940.png","contentUrl":"https:\/\/agenciainfra.com\/blog\/wp-content\/uploads\/2023\/09\/iNFRA_5-e1761735885940.png","width":1672,"height":454,"caption":"Ag\u00eancia iNFRA"},"image":{"@id":"https:\/\/agenciainfra.com\/blog\/#\/schema\/logo\/image\/"},"sameAs":["https:\/\/www.facebook.com\/ageninfra","https:\/\/x.com\/agencia_infra","https:\/\/www.linkedin.com\/company\/ag\u00eanciainfra\/","https:\/\/www.instagram.com\/agenciainfra\/"]},{"@type":"Person","@id":"https:\/\/agenciainfra.com\/blog\/#\/schema\/person\/34af08dff6adea4cb22b06612ba7acfa","name":"Ag\u00eancia iNFRA","image":{"@type":"ImageObject","inLanguage":"pt-BR","@id":"https:\/\/agenciainfra.com\/blog\/#\/schema\/person\/image\/","url":"https:\/\/secure.gravatar.com\/avatar\/d189e01678f06d8eb84d4e01f08eb848b3fffe3f8443818d3c356c66892f5be8?s=96&d=mm&r=g","contentUrl":"https:\/\/secure.gravatar.com\/avatar\/d189e01678f06d8eb84d4e01f08eb848b3fffe3f8443818d3c356c66892f5be8?s=96&d=mm&r=g","caption":"Ag\u00eancia iNFRA"},"url":"https:\/\/agenciainfra.com\/blog\/author\/admin\/"}]}},"_links":{"self":[{"href":"https:\/\/agenciainfra.com\/blog\/wp-json\/wp\/v2\/posts\/8011","targetHints":{"allow":["GET"]}}],"collection":[{"href":"https:\/\/agenciainfra.com\/blog\/wp-json\/wp\/v2\/posts"}],"about":[{"href":"https:\/\/agenciainfra.com\/blog\/wp-json\/wp\/v2\/types\/post"}],"author":[{"embeddable":true,"href":"https:\/\/agenciainfra.com\/blog\/wp-json\/wp\/v2\/users\/1"}],"replies":[{"embeddable":true,"href":"https:\/\/agenciainfra.com\/blog\/wp-json\/wp\/v2\/comments?post=8011"}],"version-history":[{"count":0,"href":"https:\/\/agenciainfra.com\/blog\/wp-json\/wp\/v2\/posts\/8011\/revisions"}],"wp:featuredmedia":[{"embeddable":true,"href":"https:\/\/agenciainfra.com\/blog\/wp-json\/wp\/v2\/media\/6040"}],"wp:attachment":[{"href":"https:\/\/agenciainfra.com\/blog\/wp-json\/wp\/v2\/media?parent=8011"}],"wp:term":[{"taxonomy":"category","embeddable":true,"href":"https:\/\/agenciainfra.com\/blog\/wp-json\/wp\/v2\/categories?post=8011"},{"taxonomy":"post_tag","embeddable":true,"href":"https:\/\/agenciainfra.com\/blog\/wp-json\/wp\/v2\/tags?post=8011"}],"curies":[{"name":"wp","href":"https:\/\/api.w.org\/{rel}","templated":true}]}}