{"id":8065,"date":"2021-08-19T11:00:00","date_gmt":"2021-08-19T14:00:00","guid":{"rendered":"https:\/\/www.agenciainfra.com\/blog\/?p=8065"},"modified":"2021-08-19T11:19:26","modified_gmt":"2021-08-19T14:19:26","slug":"infradebate-debentures-incentivadas-em-energia-presenca-marcante-por-ora","status":"publish","type":"post","link":"https:\/\/agenciainfra.com\/blog\/infradebate-debentures-incentivadas-em-energia-presenca-marcante-por-ora\/","title":{"rendered":"iNFRADebate: Deb\u00eantures incentivadas em energia \u2013 presen\u00e7a marcante (por ora)"},"content":{"rendered":"\n<p class=\"has-text-align-right\"><strong>Marina Zago e Rodrigo Rodi<\/strong>*<\/p>\n\n\n\n<p>Mais um <a href=\"https:\/\/www.gov.br\/economia\/pt-br\/centrais-de-conteudo\/publicacoes\/boletins\/boletim-de-debentures-incentivadas\/2021\/edicoes-2021\">Boletim de Deb\u00eantures Incentivadas<\/a> foi divulgado em 21 de julho pela SPE\/ME (Secretaria de Pol\u00edtica Econ\u00f4mica do Minist\u00e9rio da Economia) e \u00e9 imposs\u00edvel n\u00e3o notar a presen\u00e7a relevante dos projetos nos setores de energia.<\/p>\n\n\n\n<p>As deb\u00eantures de infraestrutura incentivadas s\u00e3o t\u00edtulos muito bem aceitos no mercado e que v\u00eam sendo, cada vez mais, utilizados para financiar projetos de infraestrutura. Pela Lei 12.431\/2011, os projetos precisam ser enquadrados como priorit\u00e1rios para emitirem os t\u00edtulos incentivados.<\/p>\n\n\n\n<p><strong>Deb\u00eantures incentivas no setor de energia<\/strong><br>O setor de energia el\u00e9trica \u00e9 o mais abundante em quantidade de emiss\u00f5es e de volume de recursos para investimento captados via deb\u00eantures incentivadas de infraestrutura.<\/p>\n\n\n\n<p>J\u00e1 s\u00e3o mais de 1260 projetos priorit\u00e1rios aprovados pelo MME (Minist\u00e9rio de Minas e Energia) para o setor (de acordo com o <a href=\"https:\/\/www.gov.br\/mme\/pt-br\/assuntos\/secretarias\/secretaria-executiva\/projetos-prioritarios-1\">relat\u00f3rio<\/a> atualizado at\u00e9 9 de agosto de 2021). Conforme <a href=\"https:\/\/www.gov.br\/mme\/pt-br\/assuntos\/noticias\/mme-aprova-88-projetos-de-energia-eletrica-como-prioritarios-nos-primeiros-seis-meses-de-2021\">noticiado<\/a>, o MME aprovou 88 projetos de energia el\u00e9trica como priorit\u00e1rios s\u00f3 no primeiro semestre de 2021.<\/p>\n\n\n\n<p>Olhando os dados das emiss\u00f5es de deb\u00eantures incentivadas ap\u00f3s a publica\u00e7\u00e3o da Lei 12.431\/2011, v\u00ea-se que os projetos de energia s\u00e3o respons\u00e1veis por 1.141 das 1.286 portarias vigentes (Boletim de Deb\u00eantures Incentivadas SPE\/ME \u2013 junho\/2021, 91\u00aa edi\u00e7\u00e3o). Os projetos autorizados em valor do CAPEX representam R$ 406 milh\u00f5es dos quase R$ 590 milh\u00f5es, n\u00famero esse que inclui o total dos setores envolvidos que emitiram e que n\u00e3o emitiram deb\u00eantures. No primeiro semestre de 2021, o setor de energia tem quase R$ 5 milh\u00f5es, ficando atr\u00e1s apenas do setor de telecomunica\u00e7\u00f5es, com R$ 8 milh\u00f5es.<\/p>\n\n\n\n<p>Essa marca expressiva n\u00e3o foi atingida ao acaso: projetos de energia, sejam eles p\u00fablicos ou privados, possuem papel de destaque na infraestrutura nacional, seja porque s\u00e3o essenciais para o desenvolvimento socioecon\u00f4mico, seja pelo potencial de se tornarem alavancadores da sustentabilidade por meio da t\u00e3o aclamada (e esperada) transi\u00e7\u00e3o energ\u00e9tica.<\/p>\n\n\n\n<p><strong>Avan\u00e7os na regulamenta\u00e7\u00e3o de deb\u00eantures em vista da sustentabilidade<\/strong><br>H\u00e1 pouco mais de um ano, o Decreto 10.387\/2020 alterou o Decreto 8.874\/2016, visando a expandir a abrang\u00eancia do que se considera \u201cprojetos priorit\u00e1rios\u201d. Passou-se a alcan\u00e7ar projetos \u201c<em>que proporcionem benef\u00edcios ambientais ou sociais relevantes<\/em>\u201d, o que consolidou o incentivo regulat\u00f3rio aos t\u00edtulos verdes incentivados, privilegiando o enquadramento de projetos sustent\u00e1veis.&nbsp;<\/p>\n\n\n\n<p>A mudan\u00e7a no regulamento explicitou o que se entende por projetos que proporcionam relevantes benef\u00edcios ambientais ou sociais. Al\u00e9m disso, definiu crit\u00e9rios para projetos de energia serem enquadrados como priorit\u00e1rios para que esses possam se beneficiar dos t\u00edtulos incentivados para capta\u00e7\u00e3o de recursos.<\/p>\n\n\n\n<p><strong>Outros setores em busca de investimentos<\/strong><br>No Brasil, boa parte dos projetos de energia se enquadravam com facilidade nos crit\u00e9rios tanto de ESG, como para a emiss\u00e3o das deb\u00eantures incentivadas. Isso conferia uma vantagem competitiva na capta\u00e7\u00e3o de recursos para esses projetos \u2013 que podem envolver infraestruturas de g\u00e1s natural (energ\u00e9tico de transi\u00e7\u00e3o) e de gera\u00e7\u00e3o el\u00e9trica a partir de fontes renov\u00e1veis.<\/p>\n\n\n\n<p>Recentemente, em fevereiro de 2021, por meio da Portaria 265\/2021 do MDR (Minist\u00e9rio do Desenvolvimento Regional), projetos e obras de amplia\u00e7\u00e3o, manuten\u00e7\u00e3o, adequa\u00e7\u00e3o e moderniza\u00e7\u00e3o de sistemas de ilumina\u00e7\u00e3o p\u00fablica passaram a poder ser enquadrados como priorit\u00e1rios para se valerem da emiss\u00e3o de deb\u00eantures incentivadas como forma de financiamento. Em julho, pela primeira vez, tivemos o enquadramento de projetos de ilumina\u00e7\u00e3o p\u00fablica aprovados por meio das Portarias MDR <a href=\"https:\/\/www.in.gov.br\/en\/web\/dou\/-\/portaria-n-1.376-de-6-de-julho-de-2021-330636676\">1.376\/2021<\/a> e <a href=\"https:\/\/www.in.gov.br\/en\/web\/dou\/-\/portaria-n-1.377-de-6-de-julho-de-2021-330639475\">1.377\/2021<\/a>.<\/p>\n\n\n\n<p>Mas h\u00e1 v\u00e1rios outros setores que podem se beneficiar da emiss\u00e3o de deb\u00eantures incentivadas. O Decreto 8.874\/2016 autoriza o enquadramento de projetos tais como log\u00edstica e transporte (rodovias, ferrovias, avia\u00e7\u00e3o civil e portos), mobilidade urbana, telecomunica\u00e7\u00f5es e radiodifus\u00e3o, saneamento b\u00e1sico e irriga\u00e7\u00e3o.<\/p>\n\n\n\n<p>Est\u00e1 mais do que claro o interesse dos desenvolvedores de projetos pela emiss\u00e3o de deb\u00eantures incentivadas em uma pluralidade de setores. Os energ\u00e9ticos n\u00e3o est\u00e3o sozinhos nessa \u201ccorrida\u201d por sustentabilidade \u2013 que est\u00e1 mais para uma maratona de f\u00f4lego (ou triatlo E-S-G) do que para 100 metros rasos.<\/p>\n\n\n\n<p><strong>Pr\u00f3ximos (quil\u00f4)metros da corrida<\/strong><br>Avan\u00e7os na regulamenta\u00e7\u00e3o das deb\u00eantures incentivadas (e, claro, outros mecanismos de financiamento de infraestrutura) s\u00e3o sempre bem-vindos para facilitar os procedimentos para enquadramento e aprova\u00e7\u00e3o de projetos. Al\u00e9m disso, \u00e9 poss\u00edvel intensificar ainda mais os benef\u00edcios que essas deb\u00eantures podem gerar, como est\u00e1 sendo proposto no <a href=\"https:\/\/www.camara.leg.br\/proposicoesWeb\/fichadetramitacao?idProposicao=2252649\">Projeto de Lei 2.646\/2020<\/a>, de relatoria do deputado Arnaldo Jardim (Cidadania-SP) e que conta com a previs\u00e3o expressa dos chamados \u201c<em>green bonds<\/em>\u201d. A cria\u00e7\u00e3o das deb\u00eantures verdes incentivadas traz a perspectiva de amplia\u00e7\u00e3o das modalidades de fomento aos t\u00edtulos verdes.<\/p>\n\n\n\n<p>\u00c9 importante lembrar que, na atual realidade dos investimentos privados, \u00e9 praticamente imposs\u00edvel se afastar dos par\u00e2metros ambientais, sociais e de governan\u00e7a.&nbsp;<\/p>\n\n\n\n<p>Projetos de energia que privilegiam a transi\u00e7\u00e3o energ\u00e9tica t\u00eam enquadramento perfeito para mecanismos que facilitam e barateiam a capta\u00e7\u00e3o de recursos, tais como as deb\u00eantures incentivadas. A preocupa\u00e7\u00e3o com impactos ambientais j\u00e1 \u00e9 presente no setor, com discuss\u00f5es mais avan\u00e7adas. Cumpre, agora, colocar tamb\u00e9m no centro da pauta a preocupa\u00e7\u00e3o com a intensifica\u00e7\u00e3o de um <em>compliance<\/em> com crit\u00e9rios sociais e de governan\u00e7a.<\/p>\n\n\n\n<p>Diante disso, o setor energ\u00e9tico ter\u00e1 que se apressar: todos j\u00e1 deram a largada para a corrida ESG e projetos dos mais diversos est\u00e3o correndo para se adequar a novos padr\u00f5es de investimentos. Com isso, passaram a concorrer com os projetos de energia, que at\u00e9 ent\u00e3o surfavam com vantagens no universo geral de projetos de infraestrutura.<\/p>\n\n\n\n<h6 class=\"wp-block-heading\" id=\"block-aa9ff8cf-f9c2-435f-85ff-56a599c37bc9\">*<strong>Marina Zago e Rodrigo Rodi s\u00e3o advogados da Manesco Advogados<\/strong>.<\/h6>\n\n\n\n<h5 class=\"wp-block-heading\" id=\"block-d67878ff-7627-4f15-b175-8f58269174ff\">O iNFRADebate \u00e9 o espa\u00e7o de artigos da Ag\u00eancia iNFRA com opini\u00f5es de seus atores que n\u00e3o refletem necessariamente o pensamento da Ag\u00eancia iNFRA, sendo de total responsabilidade do autor as informa\u00e7\u00f5es, ju\u00edzos de valor e conceitos descritos no texto.<\/h5>\n","protected":false},"excerpt":{"rendered":"<p>Marina Zago e Rodrigo Rodi* Mais um Boletim de Deb\u00eantures Incentivadas foi divulgado em 21 de julho pela SPE\/ME (Secretaria de Pol\u00edtica Econ\u00f4mica do Minist\u00e9rio da Economia) e \u00e9 imposs\u00edvel n\u00e3o notar a presen\u00e7a relevante dos projetos nos setores de energia. As deb\u00eantures de infraestrutura incentivadas s\u00e3o t\u00edtulos muito bem aceitos no mercado e que [&hellip;]<\/p>\n","protected":false},"author":1,"featured_media":6049,"comment_status":"closed","ping_status":"closed","sticky":false,"template":"","format":"standard","meta":{"_monsterinsights_skip_tracking":false,"_monsterinsights_sitenote_active":false,"_monsterinsights_sitenote_note":"","_monsterinsights_sitenote_category":0,"footnotes":""},"categories":[1,11],"tags":[4338,4941,25,1275,2805,2803,34,826,71,1573],"class_list":["post-8065","post","type-post","status-publish","format-standard","has-post-thumbnail","hentry","category-geral","category-infradebate","tag-debentures-incentivadas","tag-debentures-verdes","tag-energia","tag-energia-eolica","tag-esg","tag-geracao-de-energia","tag-infraestrutura","tag-linhas-de-transmissao","tag-mme","tag-sustentabilidade"],"yoast_head":"<!-- This site is optimized with the Yoast SEO Premium plugin v25.4 (Yoast SEO v26.0) - https:\/\/yoast.com\/wordpress\/plugins\/seo\/ -->\n<title>iNFRADebate: Deb\u00eantures incentivadas em energia \u2013 presen\u00e7a marcante (por ora) - Ag\u00eancia iNFRA<\/title>\n<meta name=\"robots\" content=\"index, follow, max-snippet:-1, max-image-preview:large, max-video-preview:-1\" \/>\n<link rel=\"canonical\" href=\"https:\/\/agenciainfra.com\/blog\/infradebate-debentures-incentivadas-em-energia-presenca-marcante-por-ora\/\" \/>\n<meta property=\"og:locale\" content=\"pt_BR\" \/>\n<meta property=\"og:type\" content=\"article\" \/>\n<meta property=\"og:title\" content=\"iNFRADebate: Deb\u00eantures incentivadas em energia \u2013 presen\u00e7a marcante (por ora)\" \/>\n<meta property=\"og:description\" content=\"Marina Zago e Rodrigo Rodi* Mais um Boletim de Deb\u00eantures Incentivadas foi divulgado em 21 de julho pela SPE\/ME (Secretaria de Pol\u00edtica Econ\u00f4mica do Minist\u00e9rio da Economia) e \u00e9 imposs\u00edvel n\u00e3o notar a presen\u00e7a relevante dos projetos nos setores de energia. As deb\u00eantures de infraestrutura incentivadas s\u00e3o t\u00edtulos muito bem aceitos no mercado e que [&hellip;]\" \/>\n<meta property=\"og:url\" content=\"https:\/\/agenciainfra.com\/blog\/infradebate-debentures-incentivadas-em-energia-presenca-marcante-por-ora\/\" \/>\n<meta property=\"og:site_name\" content=\"Ag\u00eancia iNFRA\" \/>\n<meta property=\"article:publisher\" content=\"https:\/\/www.facebook.com\/ageninfra\" \/>\n<meta property=\"article:published_time\" content=\"2021-08-19T14:00:00+00:00\" \/>\n<meta property=\"article:modified_time\" content=\"2021-08-19T14:19:26+00:00\" \/>\n<meta property=\"og:image\" content=\"https:\/\/agenciainfra.com\/blog\/wp-content\/uploads\/2020\/10\/energia-eolica-foto-dominio-publico.jpg\" \/>\n\t<meta property=\"og:image:width\" content=\"1280\" \/>\n\t<meta property=\"og:image:height\" content=\"719\" \/>\n\t<meta property=\"og:image:type\" content=\"image\/jpeg\" \/>\n<meta name=\"author\" content=\"Ag\u00eancia iNFRA\" \/>\n<meta name=\"twitter:card\" content=\"summary_large_image\" \/>\n<meta name=\"twitter:creator\" content=\"@agencia_infra\" \/>\n<meta name=\"twitter:site\" content=\"@agencia_infra\" \/>\n<meta name=\"twitter:label1\" content=\"Escrito por\" \/>\n\t<meta name=\"twitter:data1\" content=\"Ag\u00eancia iNFRA\" \/>\n\t<meta name=\"twitter:label2\" content=\"Est. tempo de leitura\" \/>\n\t<meta name=\"twitter:data2\" content=\"5 minutos\" \/>\n<script type=\"application\/ld+json\" class=\"yoast-schema-graph\">{\"@context\":\"https:\/\/schema.org\",\"@graph\":[{\"@type\":\"Article\",\"@id\":\"https:\/\/agenciainfra.com\/blog\/infradebate-debentures-incentivadas-em-energia-presenca-marcante-por-ora\/#article\",\"isPartOf\":{\"@id\":\"https:\/\/agenciainfra.com\/blog\/infradebate-debentures-incentivadas-em-energia-presenca-marcante-por-ora\/\"},\"author\":{\"name\":\"Ag\u00eancia iNFRA\",\"@id\":\"https:\/\/agenciainfra.com\/blog\/#\/schema\/person\/34af08dff6adea4cb22b06612ba7acfa\"},\"headline\":\"iNFRADebate: Deb\u00eantures incentivadas em energia \u2013 presen\u00e7a marcante (por ora)\",\"datePublished\":\"2021-08-19T14:00:00+00:00\",\"dateModified\":\"2021-08-19T14:19:26+00:00\",\"mainEntityOfPage\":{\"@id\":\"https:\/\/agenciainfra.com\/blog\/infradebate-debentures-incentivadas-em-energia-presenca-marcante-por-ora\/\"},\"wordCount\":1036,\"publisher\":{\"@id\":\"https:\/\/agenciainfra.com\/blog\/#organization\"},\"image\":{\"@id\":\"https:\/\/agenciainfra.com\/blog\/infradebate-debentures-incentivadas-em-energia-presenca-marcante-por-ora\/#primaryimage\"},\"thumbnailUrl\":\"https:\/\/agenciainfra.com\/blog\/wp-content\/uploads\/2020\/10\/energia-eolica-foto-dominio-publico.jpg\",\"keywords\":[\"deb\u00eantures incentivadas\",\"deb\u00eantures verdes\",\"energia\",\"energia e\u00f3lica\",\"ESG\",\"gera\u00e7\u00e3o de energia\",\"Infraestrutura\",\"Linhas de Transmiss\u00e3o\",\"MME\",\"sustentabilidade\"],\"articleSection\":[\"Geral\",\"iNFRADebate\"],\"inLanguage\":\"pt-BR\",\"copyrightYear\":\"2021\",\"copyrightHolder\":{\"@id\":\"https:\/\/agenciainfra.com\/blog\/#organization\"}},{\"@type\":\"WebPage\",\"@id\":\"https:\/\/agenciainfra.com\/blog\/infradebate-debentures-incentivadas-em-energia-presenca-marcante-por-ora\/\",\"url\":\"https:\/\/agenciainfra.com\/blog\/infradebate-debentures-incentivadas-em-energia-presenca-marcante-por-ora\/\",\"name\":\"iNFRADebate: Deb\u00eantures incentivadas em energia \u2013 presen\u00e7a marcante (por ora) - Ag\u00eancia iNFRA\",\"isPartOf\":{\"@id\":\"https:\/\/agenciainfra.com\/blog\/#website\"},\"primaryImageOfPage\":{\"@id\":\"https:\/\/agenciainfra.com\/blog\/infradebate-debentures-incentivadas-em-energia-presenca-marcante-por-ora\/#primaryimage\"},\"image\":{\"@id\":\"https:\/\/agenciainfra.com\/blog\/infradebate-debentures-incentivadas-em-energia-presenca-marcante-por-ora\/#primaryimage\"},\"thumbnailUrl\":\"https:\/\/agenciainfra.com\/blog\/wp-content\/uploads\/2020\/10\/energia-eolica-foto-dominio-publico.jpg\",\"datePublished\":\"2021-08-19T14:00:00+00:00\",\"dateModified\":\"2021-08-19T14:19:26+00:00\",\"breadcrumb\":{\"@id\":\"https:\/\/agenciainfra.com\/blog\/infradebate-debentures-incentivadas-em-energia-presenca-marcante-por-ora\/#breadcrumb\"},\"inLanguage\":\"pt-BR\",\"potentialAction\":[{\"@type\":\"ReadAction\",\"target\":[\"https:\/\/agenciainfra.com\/blog\/infradebate-debentures-incentivadas-em-energia-presenca-marcante-por-ora\/\"]}]},{\"@type\":\"ImageObject\",\"inLanguage\":\"pt-BR\",\"@id\":\"https:\/\/agenciainfra.com\/blog\/infradebate-debentures-incentivadas-em-energia-presenca-marcante-por-ora\/#primaryimage\",\"url\":\"https:\/\/agenciainfra.com\/blog\/wp-content\/uploads\/2020\/10\/energia-eolica-foto-dominio-publico.jpg\",\"contentUrl\":\"https:\/\/agenciainfra.com\/blog\/wp-content\/uploads\/2020\/10\/energia-eolica-foto-dominio-publico.jpg\",\"width\":1280,\"height\":719,\"caption\":\"Foto: Dom\u00ednio P\u00fablico\"},{\"@type\":\"BreadcrumbList\",\"@id\":\"https:\/\/agenciainfra.com\/blog\/infradebate-debentures-incentivadas-em-energia-presenca-marcante-por-ora\/#breadcrumb\",\"itemListElement\":[{\"@type\":\"ListItem\",\"position\":1,\"name\":\"In\u00edcio\",\"item\":\"https:\/\/agenciainfra.com\/blog\/\"},{\"@type\":\"ListItem\",\"position\":2,\"name\":\"iNFRADebate: Deb\u00eantures incentivadas em energia \u2013 presen\u00e7a marcante (por ora)\"}]},{\"@type\":\"WebSite\",\"@id\":\"https:\/\/agenciainfra.com\/blog\/#website\",\"url\":\"https:\/\/agenciainfra.com\/blog\/\",\"name\":\"Ag\u00eancia iNFRA\",\"description\":\"Multiplataforma de informa\u00e7\u00e3o jornal\u00edstica refer\u00eancia na \u00e1rea de infraestrutura no Brasil!\",\"publisher\":{\"@id\":\"https:\/\/agenciainfra.com\/blog\/#organization\"},\"potentialAction\":[{\"@type\":\"SearchAction\",\"target\":{\"@type\":\"EntryPoint\",\"urlTemplate\":\"https:\/\/agenciainfra.com\/blog\/?s={search_term_string}\"},\"query-input\":{\"@type\":\"PropertyValueSpecification\",\"valueRequired\":true,\"valueName\":\"search_term_string\"}}],\"inLanguage\":\"pt-BR\"},{\"@type\":\"Organization\",\"@id\":\"https:\/\/agenciainfra.com\/blog\/#organization\",\"name\":\"Ag\u00eancia iNFRA\",\"url\":\"https:\/\/agenciainfra.com\/blog\/\",\"logo\":{\"@type\":\"ImageObject\",\"inLanguage\":\"pt-BR\",\"@id\":\"https:\/\/agenciainfra.com\/blog\/#\/schema\/logo\/image\/\",\"url\":\"https:\/\/agenciainfra.com\/blog\/wp-content\/uploads\/2023\/09\/iNFRA_5-e1761735885940.png\",\"contentUrl\":\"https:\/\/agenciainfra.com\/blog\/wp-content\/uploads\/2023\/09\/iNFRA_5-e1761735885940.png\",\"width\":1672,\"height\":454,\"caption\":\"Ag\u00eancia iNFRA\"},\"image\":{\"@id\":\"https:\/\/agenciainfra.com\/blog\/#\/schema\/logo\/image\/\"},\"sameAs\":[\"https:\/\/www.facebook.com\/ageninfra\",\"https:\/\/x.com\/agencia_infra\",\"https:\/\/www.linkedin.com\/company\/ag\u00eanciainfra\/\",\"https:\/\/www.instagram.com\/agenciainfra\/\"]},{\"@type\":\"Person\",\"@id\":\"https:\/\/agenciainfra.com\/blog\/#\/schema\/person\/34af08dff6adea4cb22b06612ba7acfa\",\"name\":\"Ag\u00eancia iNFRA\",\"image\":{\"@type\":\"ImageObject\",\"inLanguage\":\"pt-BR\",\"@id\":\"https:\/\/agenciainfra.com\/blog\/#\/schema\/person\/image\/\",\"url\":\"https:\/\/secure.gravatar.com\/avatar\/d189e01678f06d8eb84d4e01f08eb848b3fffe3f8443818d3c356c66892f5be8?s=96&d=mm&r=g\",\"contentUrl\":\"https:\/\/secure.gravatar.com\/avatar\/d189e01678f06d8eb84d4e01f08eb848b3fffe3f8443818d3c356c66892f5be8?s=96&d=mm&r=g\",\"caption\":\"Ag\u00eancia iNFRA\"},\"url\":\"https:\/\/agenciainfra.com\/blog\/author\/admin\/\"}]}<\/script>\n<!-- \/ Yoast SEO Premium plugin. -->","yoast_head_json":{"title":"iNFRADebate: Deb\u00eantures incentivadas em energia \u2013 presen\u00e7a marcante (por ora) - Ag\u00eancia iNFRA","robots":{"index":"index","follow":"follow","max-snippet":"max-snippet:-1","max-image-preview":"max-image-preview:large","max-video-preview":"max-video-preview:-1"},"canonical":"https:\/\/agenciainfra.com\/blog\/infradebate-debentures-incentivadas-em-energia-presenca-marcante-por-ora\/","og_locale":"pt_BR","og_type":"article","og_title":"iNFRADebate: Deb\u00eantures incentivadas em energia \u2013 presen\u00e7a marcante (por ora)","og_description":"Marina Zago e Rodrigo Rodi* Mais um Boletim de Deb\u00eantures Incentivadas foi divulgado em 21 de julho pela SPE\/ME (Secretaria de Pol\u00edtica Econ\u00f4mica do Minist\u00e9rio da Economia) e \u00e9 imposs\u00edvel n\u00e3o notar a presen\u00e7a relevante dos projetos nos setores de energia. As deb\u00eantures de infraestrutura incentivadas s\u00e3o t\u00edtulos muito bem aceitos no mercado e que [&hellip;]","og_url":"https:\/\/agenciainfra.com\/blog\/infradebate-debentures-incentivadas-em-energia-presenca-marcante-por-ora\/","og_site_name":"Ag\u00eancia iNFRA","article_publisher":"https:\/\/www.facebook.com\/ageninfra","article_published_time":"2021-08-19T14:00:00+00:00","article_modified_time":"2021-08-19T14:19:26+00:00","og_image":[{"width":1280,"height":719,"url":"https:\/\/agenciainfra.com\/blog\/wp-content\/uploads\/2020\/10\/energia-eolica-foto-dominio-publico.jpg","type":"image\/jpeg"}],"author":"Ag\u00eancia iNFRA","twitter_card":"summary_large_image","twitter_creator":"@agencia_infra","twitter_site":"@agencia_infra","twitter_misc":{"Escrito por":"Ag\u00eancia iNFRA","Est. tempo de leitura":"5 minutos"},"schema":{"@context":"https:\/\/schema.org","@graph":[{"@type":"Article","@id":"https:\/\/agenciainfra.com\/blog\/infradebate-debentures-incentivadas-em-energia-presenca-marcante-por-ora\/#article","isPartOf":{"@id":"https:\/\/agenciainfra.com\/blog\/infradebate-debentures-incentivadas-em-energia-presenca-marcante-por-ora\/"},"author":{"name":"Ag\u00eancia iNFRA","@id":"https:\/\/agenciainfra.com\/blog\/#\/schema\/person\/34af08dff6adea4cb22b06612ba7acfa"},"headline":"iNFRADebate: Deb\u00eantures incentivadas em energia \u2013 presen\u00e7a marcante (por ora)","datePublished":"2021-08-19T14:00:00+00:00","dateModified":"2021-08-19T14:19:26+00:00","mainEntityOfPage":{"@id":"https:\/\/agenciainfra.com\/blog\/infradebate-debentures-incentivadas-em-energia-presenca-marcante-por-ora\/"},"wordCount":1036,"publisher":{"@id":"https:\/\/agenciainfra.com\/blog\/#organization"},"image":{"@id":"https:\/\/agenciainfra.com\/blog\/infradebate-debentures-incentivadas-em-energia-presenca-marcante-por-ora\/#primaryimage"},"thumbnailUrl":"https:\/\/agenciainfra.com\/blog\/wp-content\/uploads\/2020\/10\/energia-eolica-foto-dominio-publico.jpg","keywords":["deb\u00eantures incentivadas","deb\u00eantures verdes","energia","energia e\u00f3lica","ESG","gera\u00e7\u00e3o de energia","Infraestrutura","Linhas de Transmiss\u00e3o","MME","sustentabilidade"],"articleSection":["Geral","iNFRADebate"],"inLanguage":"pt-BR","copyrightYear":"2021","copyrightHolder":{"@id":"https:\/\/agenciainfra.com\/blog\/#organization"}},{"@type":"WebPage","@id":"https:\/\/agenciainfra.com\/blog\/infradebate-debentures-incentivadas-em-energia-presenca-marcante-por-ora\/","url":"https:\/\/agenciainfra.com\/blog\/infradebate-debentures-incentivadas-em-energia-presenca-marcante-por-ora\/","name":"iNFRADebate: Deb\u00eantures incentivadas em energia \u2013 presen\u00e7a marcante (por ora) - Ag\u00eancia iNFRA","isPartOf":{"@id":"https:\/\/agenciainfra.com\/blog\/#website"},"primaryImageOfPage":{"@id":"https:\/\/agenciainfra.com\/blog\/infradebate-debentures-incentivadas-em-energia-presenca-marcante-por-ora\/#primaryimage"},"image":{"@id":"https:\/\/agenciainfra.com\/blog\/infradebate-debentures-incentivadas-em-energia-presenca-marcante-por-ora\/#primaryimage"},"thumbnailUrl":"https:\/\/agenciainfra.com\/blog\/wp-content\/uploads\/2020\/10\/energia-eolica-foto-dominio-publico.jpg","datePublished":"2021-08-19T14:00:00+00:00","dateModified":"2021-08-19T14:19:26+00:00","breadcrumb":{"@id":"https:\/\/agenciainfra.com\/blog\/infradebate-debentures-incentivadas-em-energia-presenca-marcante-por-ora\/#breadcrumb"},"inLanguage":"pt-BR","potentialAction":[{"@type":"ReadAction","target":["https:\/\/agenciainfra.com\/blog\/infradebate-debentures-incentivadas-em-energia-presenca-marcante-por-ora\/"]}]},{"@type":"ImageObject","inLanguage":"pt-BR","@id":"https:\/\/agenciainfra.com\/blog\/infradebate-debentures-incentivadas-em-energia-presenca-marcante-por-ora\/#primaryimage","url":"https:\/\/agenciainfra.com\/blog\/wp-content\/uploads\/2020\/10\/energia-eolica-foto-dominio-publico.jpg","contentUrl":"https:\/\/agenciainfra.com\/blog\/wp-content\/uploads\/2020\/10\/energia-eolica-foto-dominio-publico.jpg","width":1280,"height":719,"caption":"Foto: Dom\u00ednio P\u00fablico"},{"@type":"BreadcrumbList","@id":"https:\/\/agenciainfra.com\/blog\/infradebate-debentures-incentivadas-em-energia-presenca-marcante-por-ora\/#breadcrumb","itemListElement":[{"@type":"ListItem","position":1,"name":"In\u00edcio","item":"https:\/\/agenciainfra.com\/blog\/"},{"@type":"ListItem","position":2,"name":"iNFRADebate: Deb\u00eantures incentivadas em energia \u2013 presen\u00e7a marcante (por ora)"}]},{"@type":"WebSite","@id":"https:\/\/agenciainfra.com\/blog\/#website","url":"https:\/\/agenciainfra.com\/blog\/","name":"Ag\u00eancia iNFRA","description":"Multiplataforma de informa\u00e7\u00e3o jornal\u00edstica refer\u00eancia na \u00e1rea de infraestrutura no Brasil!","publisher":{"@id":"https:\/\/agenciainfra.com\/blog\/#organization"},"potentialAction":[{"@type":"SearchAction","target":{"@type":"EntryPoint","urlTemplate":"https:\/\/agenciainfra.com\/blog\/?s={search_term_string}"},"query-input":{"@type":"PropertyValueSpecification","valueRequired":true,"valueName":"search_term_string"}}],"inLanguage":"pt-BR"},{"@type":"Organization","@id":"https:\/\/agenciainfra.com\/blog\/#organization","name":"Ag\u00eancia iNFRA","url":"https:\/\/agenciainfra.com\/blog\/","logo":{"@type":"ImageObject","inLanguage":"pt-BR","@id":"https:\/\/agenciainfra.com\/blog\/#\/schema\/logo\/image\/","url":"https:\/\/agenciainfra.com\/blog\/wp-content\/uploads\/2023\/09\/iNFRA_5-e1761735885940.png","contentUrl":"https:\/\/agenciainfra.com\/blog\/wp-content\/uploads\/2023\/09\/iNFRA_5-e1761735885940.png","width":1672,"height":454,"caption":"Ag\u00eancia iNFRA"},"image":{"@id":"https:\/\/agenciainfra.com\/blog\/#\/schema\/logo\/image\/"},"sameAs":["https:\/\/www.facebook.com\/ageninfra","https:\/\/x.com\/agencia_infra","https:\/\/www.linkedin.com\/company\/ag\u00eanciainfra\/","https:\/\/www.instagram.com\/agenciainfra\/"]},{"@type":"Person","@id":"https:\/\/agenciainfra.com\/blog\/#\/schema\/person\/34af08dff6adea4cb22b06612ba7acfa","name":"Ag\u00eancia iNFRA","image":{"@type":"ImageObject","inLanguage":"pt-BR","@id":"https:\/\/agenciainfra.com\/blog\/#\/schema\/person\/image\/","url":"https:\/\/secure.gravatar.com\/avatar\/d189e01678f06d8eb84d4e01f08eb848b3fffe3f8443818d3c356c66892f5be8?s=96&d=mm&r=g","contentUrl":"https:\/\/secure.gravatar.com\/avatar\/d189e01678f06d8eb84d4e01f08eb848b3fffe3f8443818d3c356c66892f5be8?s=96&d=mm&r=g","caption":"Ag\u00eancia iNFRA"},"url":"https:\/\/agenciainfra.com\/blog\/author\/admin\/"}]}},"_links":{"self":[{"href":"https:\/\/agenciainfra.com\/blog\/wp-json\/wp\/v2\/posts\/8065","targetHints":{"allow":["GET"]}}],"collection":[{"href":"https:\/\/agenciainfra.com\/blog\/wp-json\/wp\/v2\/posts"}],"about":[{"href":"https:\/\/agenciainfra.com\/blog\/wp-json\/wp\/v2\/types\/post"}],"author":[{"embeddable":true,"href":"https:\/\/agenciainfra.com\/blog\/wp-json\/wp\/v2\/users\/1"}],"replies":[{"embeddable":true,"href":"https:\/\/agenciainfra.com\/blog\/wp-json\/wp\/v2\/comments?post=8065"}],"version-history":[{"count":0,"href":"https:\/\/agenciainfra.com\/blog\/wp-json\/wp\/v2\/posts\/8065\/revisions"}],"wp:featuredmedia":[{"embeddable":true,"href":"https:\/\/agenciainfra.com\/blog\/wp-json\/wp\/v2\/media\/6049"}],"wp:attachment":[{"href":"https:\/\/agenciainfra.com\/blog\/wp-json\/wp\/v2\/media?parent=8065"}],"wp:term":[{"taxonomy":"category","embeddable":true,"href":"https:\/\/agenciainfra.com\/blog\/wp-json\/wp\/v2\/categories?post=8065"},{"taxonomy":"post_tag","embeddable":true,"href":"https:\/\/agenciainfra.com\/blog\/wp-json\/wp\/v2\/tags?post=8065"}],"curies":[{"name":"wp","href":"https:\/\/api.w.org\/{rel}","templated":true}]}}