{"id":8082,"date":"2021-08-23T08:00:00","date_gmt":"2021-08-23T11:00:00","guid":{"rendered":"https:\/\/www.agenciainfra.com\/blog\/?p=8082"},"modified":"2021-08-20T11:09:44","modified_gmt":"2021-08-20T14:09:44","slug":"abraceel-e-ccee-veem-normalidade-na-inadimplencia-de-junho-mas-mercado-desconfia","status":"publish","type":"post","link":"https:\/\/agenciainfra.com\/blog\/abraceel-e-ccee-veem-normalidade-na-inadimplencia-de-junho-mas-mercado-desconfia\/","title":{"rendered":"Abraceel e CCEE veem normalidade na inadimpl\u00eancia de junho, mas mercado desconfia"},"content":{"rendered":"\n<p class=\"has-text-align-right\"><strong>Ludmylla Rocha e Leila Coimbra, da&nbsp;Ag\u00eancia iNFRA<\/strong><\/p>\n\n\n\n<p>A CCEE (C\u00e2mara de Comercializa\u00e7\u00e3o de Energia El\u00e9trica) divulgou\u00a0a\u00a0<a href=\"https:\/\/mcusercontent.com\/d460dd1bcf9ba0ae040e1fc0f\/files\/b3d81c2b-a276-85b7-cc56-6d8c478fa83d\/Lista_MCP_e_Penalidades.pdf?utm_source=ASSINANTES+-+Servi%C3%A7o+de+Not%C3%ADcias&amp;utm_campaign=d60e37aa59-Agencia_Infra_13_de_julho_de_2017_1_COPY_01&amp;utm_medium=email&amp;utm_term=0_5d515f4787-d60e37aa59-96608696\" data-type=\"URL\" data-id=\"https:\/\/mcusercontent.com\/d460dd1bcf9ba0ae040e1fc0f\/files\/b3d81c2b-a276-85b7-cc56-6d8c478fa83d\/Lista_MCP_e_Penalidades.pdf?utm_source=ASSINANTES+-+Servi%C3%A7o+de+Not%C3%ADcias&amp;utm_campaign=d60e37aa59-Agencia_Infra_13_de_julho_de_2017_1_COPY_01&amp;utm_medium=email&amp;utm_term=0_5d515f4787-d60e37aa59-96608696\" target=\"_blank\" rel=\"noreferrer noopener\">lista<\/a>\u00a0com 30 agentes que n\u00e3o pagaram seus d\u00e9bitos relativos \u00e0 liquida\u00e7\u00e3o financeira do Mercado de Curto Prazo e de penalidades no m\u00eas de\u00a0junho. Na avalia\u00e7\u00e3o da institui\u00e7\u00e3o, o processo foi \u201cum dos melhores dos \u00faltimos anos&#8221;, uma vez que a opera\u00e7\u00e3o do per\u00edodo movimentou R$ 4,3 bilh\u00f5es, com inadimpl\u00eancia de 0,1%.<\/p>\n\n\n\n<p>Ainda assim, fontes do setor consultadas pela&nbsp;<strong>Ag\u00eancia iNFRA<\/strong>&nbsp;veem com preocupa\u00e7\u00e3o o balan\u00e7o. O entendimento \u00e9 que&nbsp;a liquida\u00e7\u00e3o do sexto m\u00eas do ano ainda n\u00e3o reflete o cen\u00e1rio atual, que j\u00e1 piorou e pode piorar mais, com a crise h\u00eddrica e a alta dos pre\u00e7os da energia.<\/p>\n\n\n\n<p>O boletim de seguran\u00e7a da CCEE, com informa\u00e7\u00f5es sobre ajustes de contratos e n\u00e3o aporte de garantias na liquida\u00e7\u00e3o financeira do mercado de curto prazo, \u00e9 divulgado mensalmente cerca de dois meses depois das opera\u00e7\u00f5es. Num m\u00eas as opera\u00e7\u00f5es s\u00e3o feitas, no seguinte contabilizadas pela C\u00e2mara de Energia e, no pr\u00f3ximo, liquidadas ou n\u00e3o. No \u00faltimo caso, as empresas s\u00e3o listadas como inadimplentes.<\/p>\n\n\n\n<p>Frederico Rodrigues, vice-presidente de Energia da Abraceel (Associa\u00e7\u00e3o Brasileira dos Comercializadores de Energia El\u00e9trica), afirma que n\u00e3o \u00e9 poss\u00edvel dizer como ser\u00e3o os pr\u00f3ximos boletins, mas que h\u00e1 mecanismos que garantam a lisura do mercado.<\/p>\n\n\n\n<p>Ele cita, por exemplo, a cobran\u00e7a de garantia financeira feita no momento da contabiliza\u00e7\u00e3o. \u201cSe o agente n\u00e3o aportar garantia financeira para isso [contrato da opera\u00e7\u00e3o], esse contrato de venda que ele fez n\u00e3o \u00e9 registrado. O que ia receber esse contrato esse fica exposto e, normalmente, \u00e9 chamado para cobrir aquela opera\u00e7\u00e3o porque sen\u00e3o ela fica descoberta\u201c, argumenta.<\/p>\n\n\n\n<p>O representante da associa\u00e7\u00e3o afirma que h\u00e1 sim problemas bilaterais entre vendedores e compradores, mas que isso n\u00e3o afeta o mercado como um todo. \u201cEventualmente algumas empresas quebram, como tivemos not\u00edcias a\u00ed pelos jornais de uma que entrou em recupera\u00e7\u00e3o judicial. Isso \u00e9 normal em qualquer mercado. Empresa quebra toda hora no Brasil\u201d, disse. A&nbsp;Argon foi a comercializadora que entrou em recupera\u00e7\u00e3o judicial.<\/p>\n\n\n\n<p>O executivo avalia, por\u00e9m, que o \u201calarde\u201d dos casos pela imprensa e eventuais declara\u00e7\u00f5es feitas por membros da ANEEL (Ag\u00eancia Nacional de Energia El\u00e9trica) colocam \u201cfogo no parquinho\u201d. \u201cNo momento que voc\u00ea divulga isso na imprensa, todo mundo sabe: a coisa atinge outras dimens\u00f5es. Imagina se o Banco Central botar amanh\u00e3 no jornal que o banco XPTO est\u00e1 sendo monitorado. No dia seguinte, todo mundo que tem dinheiro nesse banco tira de l\u00e1 e o banco quebra porque perde credibilidade. Isso acontece bastante com os agentes de mercado. Essa \u00e9 a nossa preocupa\u00e7\u00e3o\u201d, lamentou.<\/p>\n\n\n\n<p><strong>Casos preocupam mercado<\/strong><br>A&nbsp;<strong>Ag\u00eancia iNFRA<\/strong>&nbsp;mostrou na edi\u00e7\u00e3o 883, de 23 de julho, que duas comercializadoras de energia, a Brasil Energia e a Argon, haviam come\u00e7ado a notificar seus clientes sobre a impossibilidade de cumprir integralmente com seus contratos diante da alta do PLD (Pre\u00e7o de Liquida\u00e7\u00e3o das Diferen\u00e7as).<\/p>\n\n\n\n<p>Os acordos com os compradores s\u00e3o bilaterais e s\u00f3 os envolvidos tomaram conhecimento na ocasi\u00e3o. Caso a opera\u00e7\u00e3o n\u00e3o seja renegociada, deve aparecer no pr\u00f3ximo boletim referente ao m\u00eas de julho.<\/p>\n\n\n\n<p>Fontes disseram que as pr\u00f3ximas listas de inadimpl\u00eancia da CCEE tendem a ser maiores, j\u00e1 que a tend\u00eancia do PLD \u00e9 se manter em alta&nbsp;e n\u00e3o h\u00e1 sobra de energia no mercado. Os contratos a descoberto s\u00f3 ser\u00e3o repostos com energia muito cara, explicaram.&nbsp;<\/p>\n\n\n\n<p>A CCEE informou que est\u00e1&nbsp;empenhada no processamento da contabiliza\u00e7\u00e3o de julho &#8220;e, at\u00e9 o momento, n\u00e3o h\u00e1 como avaliar a possibilidade de descumprimentos de obriga\u00e7\u00f5es financeiras&#8221;. A C\u00e2mara disse ainda que segue atenta \u00e0s rela\u00e7\u00f5es bilaterais do mercado, monitorando a situa\u00e7\u00e3o e tratando o assunto com transpar\u00eancia.<\/p>\n","protected":false},"excerpt":{"rendered":"<p>Ludmylla Rocha e Leila Coimbra, da&nbsp;Ag\u00eancia iNFRA A CCEE (C\u00e2mara de Comercializa\u00e7\u00e3o de Energia El\u00e9trica) divulgou\u00a0a\u00a0lista\u00a0com 30 agentes que n\u00e3o pagaram seus d\u00e9bitos relativos \u00e0 liquida\u00e7\u00e3o financeira do Mercado de Curto Prazo e de penalidades no m\u00eas de\u00a0junho. Na avalia\u00e7\u00e3o da institui\u00e7\u00e3o, o processo foi \u201cum dos melhores dos \u00faltimos anos&#8221;, uma vez que a [&hellip;]<\/p>\n","protected":false},"author":1,"featured_media":8083,"comment_status":"closed","ping_status":"closed","sticky":false,"template":"","format":"standard","meta":{"_monsterinsights_skip_tracking":false,"_monsterinsights_sitenote_active":false,"_monsterinsights_sitenote_note":"","_monsterinsights_sitenote_category":0,"footnotes":""},"categories":[1,10],"tags":[40,53,14,3487,335,4947,924,834],"class_list":["post-8082","post","type-post","status-publish","format-standard","has-post-thumbnail","hentry","category-geral","category-infraenergia","tag-abraceel","tag-aneel","tag-ccee","tag-crise-hidrica","tag-inadimplencia","tag-liquidacao-financeira","tag-mercado-livre-de-energia","tag-preco-de-liquidacao-de-diferencas"],"yoast_head":"<!-- This site is optimized with the Yoast SEO Premium plugin v25.4 (Yoast SEO v26.0) - https:\/\/yoast.com\/wordpress\/plugins\/seo\/ -->\n<title>Abraceel e CCEE veem normalidade na inadimpl\u00eancia de junho, mas mercado desconfia - Ag\u00eancia iNFRA<\/title>\n<meta name=\"robots\" content=\"index, follow, max-snippet:-1, max-image-preview:large, max-video-preview:-1\" \/>\n<link rel=\"canonical\" href=\"https:\/\/agenciainfra.com\/blog\/abraceel-e-ccee-veem-normalidade-na-inadimplencia-de-junho-mas-mercado-desconfia\/\" \/>\n<meta property=\"og:locale\" content=\"pt_BR\" \/>\n<meta property=\"og:type\" content=\"article\" \/>\n<meta property=\"og:title\" content=\"Abraceel e CCEE veem normalidade na inadimpl\u00eancia de junho, mas mercado desconfia\" \/>\n<meta property=\"og:description\" content=\"Ludmylla Rocha e Leila Coimbra, da&nbsp;Ag\u00eancia iNFRA A CCEE (C\u00e2mara de Comercializa\u00e7\u00e3o de Energia El\u00e9trica) divulgou\u00a0a\u00a0lista\u00a0com 30 agentes que n\u00e3o pagaram seus d\u00e9bitos relativos \u00e0 liquida\u00e7\u00e3o financeira do Mercado de Curto Prazo e de penalidades no m\u00eas de\u00a0junho. Na avalia\u00e7\u00e3o da institui\u00e7\u00e3o, o processo foi \u201cum dos melhores dos \u00faltimos anos&#8221;, uma vez que a [&hellip;]\" \/>\n<meta property=\"og:url\" content=\"https:\/\/agenciainfra.com\/blog\/abraceel-e-ccee-veem-normalidade-na-inadimplencia-de-junho-mas-mercado-desconfia\/\" \/>\n<meta property=\"og:site_name\" content=\"Ag\u00eancia iNFRA\" \/>\n<meta property=\"article:publisher\" content=\"https:\/\/www.facebook.com\/ageninfra\" \/>\n<meta property=\"article:published_time\" content=\"2021-08-23T11:00:00+00:00\" \/>\n<meta property=\"og:image\" content=\"https:\/\/agenciainfra.com\/blog\/wp-content\/uploads\/2021\/08\/energia-foto-dominio-publico.jpeg\" \/>\n\t<meta property=\"og:image:width\" content=\"1280\" \/>\n\t<meta property=\"og:image:height\" content=\"720\" \/>\n\t<meta property=\"og:image:type\" content=\"image\/jpeg\" \/>\n<meta name=\"author\" content=\"Ag\u00eancia iNFRA\" \/>\n<meta name=\"twitter:card\" content=\"summary_large_image\" \/>\n<meta name=\"twitter:creator\" content=\"@agencia_infra\" \/>\n<meta name=\"twitter:site\" content=\"@agencia_infra\" \/>\n<meta name=\"twitter:label1\" content=\"Escrito por\" \/>\n\t<meta name=\"twitter:data1\" content=\"Ag\u00eancia iNFRA\" \/>\n\t<meta name=\"twitter:label2\" content=\"Est. tempo de leitura\" \/>\n\t<meta name=\"twitter:data2\" content=\"3 minutos\" \/>\n<script type=\"application\/ld+json\" class=\"yoast-schema-graph\">{\"@context\":\"https:\/\/schema.org\",\"@graph\":[{\"@type\":\"Article\",\"@id\":\"https:\/\/agenciainfra.com\/blog\/abraceel-e-ccee-veem-normalidade-na-inadimplencia-de-junho-mas-mercado-desconfia\/#article\",\"isPartOf\":{\"@id\":\"https:\/\/agenciainfra.com\/blog\/abraceel-e-ccee-veem-normalidade-na-inadimplencia-de-junho-mas-mercado-desconfia\/\"},\"author\":{\"name\":\"Ag\u00eancia iNFRA\",\"@id\":\"https:\/\/agenciainfra.com\/blog\/#\/schema\/person\/34af08dff6adea4cb22b06612ba7acfa\"},\"headline\":\"Abraceel e CCEE veem normalidade na inadimpl\u00eancia de junho, mas mercado desconfia\",\"datePublished\":\"2021-08-23T11:00:00+00:00\",\"mainEntityOfPage\":{\"@id\":\"https:\/\/agenciainfra.com\/blog\/abraceel-e-ccee-veem-normalidade-na-inadimplencia-de-junho-mas-mercado-desconfia\/\"},\"wordCount\":701,\"publisher\":{\"@id\":\"https:\/\/agenciainfra.com\/blog\/#organization\"},\"image\":{\"@id\":\"https:\/\/agenciainfra.com\/blog\/abraceel-e-ccee-veem-normalidade-na-inadimplencia-de-junho-mas-mercado-desconfia\/#primaryimage\"},\"thumbnailUrl\":\"https:\/\/agenciainfra.com\/blog\/wp-content\/uploads\/2021\/08\/energia-foto-dominio-publico.jpeg\",\"keywords\":[\"Abraceel\",\"ANEEL\",\"ccee\",\"crise h\u00eddrica\",\"inadimpl\u00eancia\",\"liquida\u00e7\u00e3o financeira\",\"mercado livre de energia\",\"Pre\u00e7o de Liquida\u00e7\u00e3o de Diferen\u00e7as\"],\"articleSection\":[\"Geral\",\"iNFRAEnergia\"],\"inLanguage\":\"pt-BR\",\"copyrightYear\":\"2021\",\"copyrightHolder\":{\"@id\":\"https:\/\/agenciainfra.com\/blog\/#organization\"}},{\"@type\":\"WebPage\",\"@id\":\"https:\/\/agenciainfra.com\/blog\/abraceel-e-ccee-veem-normalidade-na-inadimplencia-de-junho-mas-mercado-desconfia\/\",\"url\":\"https:\/\/agenciainfra.com\/blog\/abraceel-e-ccee-veem-normalidade-na-inadimplencia-de-junho-mas-mercado-desconfia\/\",\"name\":\"Abraceel e CCEE veem normalidade na inadimpl\u00eancia de junho, mas mercado desconfia - Ag\u00eancia iNFRA\",\"isPartOf\":{\"@id\":\"https:\/\/agenciainfra.com\/blog\/#website\"},\"primaryImageOfPage\":{\"@id\":\"https:\/\/agenciainfra.com\/blog\/abraceel-e-ccee-veem-normalidade-na-inadimplencia-de-junho-mas-mercado-desconfia\/#primaryimage\"},\"image\":{\"@id\":\"https:\/\/agenciainfra.com\/blog\/abraceel-e-ccee-veem-normalidade-na-inadimplencia-de-junho-mas-mercado-desconfia\/#primaryimage\"},\"thumbnailUrl\":\"https:\/\/agenciainfra.com\/blog\/wp-content\/uploads\/2021\/08\/energia-foto-dominio-publico.jpeg\",\"datePublished\":\"2021-08-23T11:00:00+00:00\",\"breadcrumb\":{\"@id\":\"https:\/\/agenciainfra.com\/blog\/abraceel-e-ccee-veem-normalidade-na-inadimplencia-de-junho-mas-mercado-desconfia\/#breadcrumb\"},\"inLanguage\":\"pt-BR\",\"potentialAction\":[{\"@type\":\"ReadAction\",\"target\":[\"https:\/\/agenciainfra.com\/blog\/abraceel-e-ccee-veem-normalidade-na-inadimplencia-de-junho-mas-mercado-desconfia\/\"]}]},{\"@type\":\"ImageObject\",\"inLanguage\":\"pt-BR\",\"@id\":\"https:\/\/agenciainfra.com\/blog\/abraceel-e-ccee-veem-normalidade-na-inadimplencia-de-junho-mas-mercado-desconfia\/#primaryimage\",\"url\":\"https:\/\/agenciainfra.com\/blog\/wp-content\/uploads\/2021\/08\/energia-foto-dominio-publico.jpeg\",\"contentUrl\":\"https:\/\/agenciainfra.com\/blog\/wp-content\/uploads\/2021\/08\/energia-foto-dominio-publico.jpeg\",\"width\":1280,\"height\":720,\"caption\":\"Foto: Dom\u00ednio P\u00fablico\"},{\"@type\":\"BreadcrumbList\",\"@id\":\"https:\/\/agenciainfra.com\/blog\/abraceel-e-ccee-veem-normalidade-na-inadimplencia-de-junho-mas-mercado-desconfia\/#breadcrumb\",\"itemListElement\":[{\"@type\":\"ListItem\",\"position\":1,\"name\":\"In\u00edcio\",\"item\":\"https:\/\/agenciainfra.com\/blog\/\"},{\"@type\":\"ListItem\",\"position\":2,\"name\":\"Abraceel e CCEE veem normalidade na inadimpl\u00eancia de junho, mas mercado desconfia\"}]},{\"@type\":\"WebSite\",\"@id\":\"https:\/\/agenciainfra.com\/blog\/#website\",\"url\":\"https:\/\/agenciainfra.com\/blog\/\",\"name\":\"Ag\u00eancia iNFRA\",\"description\":\"Multiplataforma de informa\u00e7\u00e3o jornal\u00edstica refer\u00eancia na \u00e1rea de infraestrutura no Brasil!\",\"publisher\":{\"@id\":\"https:\/\/agenciainfra.com\/blog\/#organization\"},\"potentialAction\":[{\"@type\":\"SearchAction\",\"target\":{\"@type\":\"EntryPoint\",\"urlTemplate\":\"https:\/\/agenciainfra.com\/blog\/?s={search_term_string}\"},\"query-input\":{\"@type\":\"PropertyValueSpecification\",\"valueRequired\":true,\"valueName\":\"search_term_string\"}}],\"inLanguage\":\"pt-BR\"},{\"@type\":\"Organization\",\"@id\":\"https:\/\/agenciainfra.com\/blog\/#organization\",\"name\":\"Ag\u00eancia iNFRA\",\"url\":\"https:\/\/agenciainfra.com\/blog\/\",\"logo\":{\"@type\":\"ImageObject\",\"inLanguage\":\"pt-BR\",\"@id\":\"https:\/\/agenciainfra.com\/blog\/#\/schema\/logo\/image\/\",\"url\":\"https:\/\/agenciainfra.com\/blog\/wp-content\/uploads\/2023\/09\/iNFRA_5-e1761735885940.png\",\"contentUrl\":\"https:\/\/agenciainfra.com\/blog\/wp-content\/uploads\/2023\/09\/iNFRA_5-e1761735885940.png\",\"width\":1672,\"height\":454,\"caption\":\"Ag\u00eancia iNFRA\"},\"image\":{\"@id\":\"https:\/\/agenciainfra.com\/blog\/#\/schema\/logo\/image\/\"},\"sameAs\":[\"https:\/\/www.facebook.com\/ageninfra\",\"https:\/\/x.com\/agencia_infra\",\"https:\/\/www.linkedin.com\/company\/ag\u00eanciainfra\/\",\"https:\/\/www.instagram.com\/agenciainfra\/\"]},{\"@type\":\"Person\",\"@id\":\"https:\/\/agenciainfra.com\/blog\/#\/schema\/person\/34af08dff6adea4cb22b06612ba7acfa\",\"name\":\"Ag\u00eancia iNFRA\",\"image\":{\"@type\":\"ImageObject\",\"inLanguage\":\"pt-BR\",\"@id\":\"https:\/\/agenciainfra.com\/blog\/#\/schema\/person\/image\/\",\"url\":\"https:\/\/secure.gravatar.com\/avatar\/d189e01678f06d8eb84d4e01f08eb848b3fffe3f8443818d3c356c66892f5be8?s=96&d=mm&r=g\",\"contentUrl\":\"https:\/\/secure.gravatar.com\/avatar\/d189e01678f06d8eb84d4e01f08eb848b3fffe3f8443818d3c356c66892f5be8?s=96&d=mm&r=g\",\"caption\":\"Ag\u00eancia iNFRA\"},\"url\":\"https:\/\/agenciainfra.com\/blog\/author\/admin\/\"}]}<\/script>\n<!-- \/ Yoast SEO Premium plugin. -->","yoast_head_json":{"title":"Abraceel e CCEE veem normalidade na inadimpl\u00eancia de junho, mas mercado desconfia - Ag\u00eancia iNFRA","robots":{"index":"index","follow":"follow","max-snippet":"max-snippet:-1","max-image-preview":"max-image-preview:large","max-video-preview":"max-video-preview:-1"},"canonical":"https:\/\/agenciainfra.com\/blog\/abraceel-e-ccee-veem-normalidade-na-inadimplencia-de-junho-mas-mercado-desconfia\/","og_locale":"pt_BR","og_type":"article","og_title":"Abraceel e CCEE veem normalidade na inadimpl\u00eancia de junho, mas mercado desconfia","og_description":"Ludmylla Rocha e Leila Coimbra, da&nbsp;Ag\u00eancia iNFRA A CCEE (C\u00e2mara de Comercializa\u00e7\u00e3o de Energia El\u00e9trica) divulgou\u00a0a\u00a0lista\u00a0com 30 agentes que n\u00e3o pagaram seus d\u00e9bitos relativos \u00e0 liquida\u00e7\u00e3o financeira do Mercado de Curto Prazo e de penalidades no m\u00eas de\u00a0junho. Na avalia\u00e7\u00e3o da institui\u00e7\u00e3o, o processo foi \u201cum dos melhores dos \u00faltimos anos&#8221;, uma vez que a [&hellip;]","og_url":"https:\/\/agenciainfra.com\/blog\/abraceel-e-ccee-veem-normalidade-na-inadimplencia-de-junho-mas-mercado-desconfia\/","og_site_name":"Ag\u00eancia iNFRA","article_publisher":"https:\/\/www.facebook.com\/ageninfra","article_published_time":"2021-08-23T11:00:00+00:00","og_image":[{"width":1280,"height":720,"url":"https:\/\/agenciainfra.com\/blog\/wp-content\/uploads\/2021\/08\/energia-foto-dominio-publico.jpeg","type":"image\/jpeg"}],"author":"Ag\u00eancia iNFRA","twitter_card":"summary_large_image","twitter_creator":"@agencia_infra","twitter_site":"@agencia_infra","twitter_misc":{"Escrito por":"Ag\u00eancia iNFRA","Est. tempo de leitura":"3 minutos"},"schema":{"@context":"https:\/\/schema.org","@graph":[{"@type":"Article","@id":"https:\/\/agenciainfra.com\/blog\/abraceel-e-ccee-veem-normalidade-na-inadimplencia-de-junho-mas-mercado-desconfia\/#article","isPartOf":{"@id":"https:\/\/agenciainfra.com\/blog\/abraceel-e-ccee-veem-normalidade-na-inadimplencia-de-junho-mas-mercado-desconfia\/"},"author":{"name":"Ag\u00eancia iNFRA","@id":"https:\/\/agenciainfra.com\/blog\/#\/schema\/person\/34af08dff6adea4cb22b06612ba7acfa"},"headline":"Abraceel e CCEE veem normalidade na inadimpl\u00eancia de junho, mas mercado desconfia","datePublished":"2021-08-23T11:00:00+00:00","mainEntityOfPage":{"@id":"https:\/\/agenciainfra.com\/blog\/abraceel-e-ccee-veem-normalidade-na-inadimplencia-de-junho-mas-mercado-desconfia\/"},"wordCount":701,"publisher":{"@id":"https:\/\/agenciainfra.com\/blog\/#organization"},"image":{"@id":"https:\/\/agenciainfra.com\/blog\/abraceel-e-ccee-veem-normalidade-na-inadimplencia-de-junho-mas-mercado-desconfia\/#primaryimage"},"thumbnailUrl":"https:\/\/agenciainfra.com\/blog\/wp-content\/uploads\/2021\/08\/energia-foto-dominio-publico.jpeg","keywords":["Abraceel","ANEEL","ccee","crise h\u00eddrica","inadimpl\u00eancia","liquida\u00e7\u00e3o financeira","mercado livre de energia","Pre\u00e7o de Liquida\u00e7\u00e3o de Diferen\u00e7as"],"articleSection":["Geral","iNFRAEnergia"],"inLanguage":"pt-BR","copyrightYear":"2021","copyrightHolder":{"@id":"https:\/\/agenciainfra.com\/blog\/#organization"}},{"@type":"WebPage","@id":"https:\/\/agenciainfra.com\/blog\/abraceel-e-ccee-veem-normalidade-na-inadimplencia-de-junho-mas-mercado-desconfia\/","url":"https:\/\/agenciainfra.com\/blog\/abraceel-e-ccee-veem-normalidade-na-inadimplencia-de-junho-mas-mercado-desconfia\/","name":"Abraceel e CCEE veem normalidade na inadimpl\u00eancia de junho, mas mercado desconfia - Ag\u00eancia iNFRA","isPartOf":{"@id":"https:\/\/agenciainfra.com\/blog\/#website"},"primaryImageOfPage":{"@id":"https:\/\/agenciainfra.com\/blog\/abraceel-e-ccee-veem-normalidade-na-inadimplencia-de-junho-mas-mercado-desconfia\/#primaryimage"},"image":{"@id":"https:\/\/agenciainfra.com\/blog\/abraceel-e-ccee-veem-normalidade-na-inadimplencia-de-junho-mas-mercado-desconfia\/#primaryimage"},"thumbnailUrl":"https:\/\/agenciainfra.com\/blog\/wp-content\/uploads\/2021\/08\/energia-foto-dominio-publico.jpeg","datePublished":"2021-08-23T11:00:00+00:00","breadcrumb":{"@id":"https:\/\/agenciainfra.com\/blog\/abraceel-e-ccee-veem-normalidade-na-inadimplencia-de-junho-mas-mercado-desconfia\/#breadcrumb"},"inLanguage":"pt-BR","potentialAction":[{"@type":"ReadAction","target":["https:\/\/agenciainfra.com\/blog\/abraceel-e-ccee-veem-normalidade-na-inadimplencia-de-junho-mas-mercado-desconfia\/"]}]},{"@type":"ImageObject","inLanguage":"pt-BR","@id":"https:\/\/agenciainfra.com\/blog\/abraceel-e-ccee-veem-normalidade-na-inadimplencia-de-junho-mas-mercado-desconfia\/#primaryimage","url":"https:\/\/agenciainfra.com\/blog\/wp-content\/uploads\/2021\/08\/energia-foto-dominio-publico.jpeg","contentUrl":"https:\/\/agenciainfra.com\/blog\/wp-content\/uploads\/2021\/08\/energia-foto-dominio-publico.jpeg","width":1280,"height":720,"caption":"Foto: Dom\u00ednio P\u00fablico"},{"@type":"BreadcrumbList","@id":"https:\/\/agenciainfra.com\/blog\/abraceel-e-ccee-veem-normalidade-na-inadimplencia-de-junho-mas-mercado-desconfia\/#breadcrumb","itemListElement":[{"@type":"ListItem","position":1,"name":"In\u00edcio","item":"https:\/\/agenciainfra.com\/blog\/"},{"@type":"ListItem","position":2,"name":"Abraceel e CCEE veem normalidade na inadimpl\u00eancia de junho, mas mercado desconfia"}]},{"@type":"WebSite","@id":"https:\/\/agenciainfra.com\/blog\/#website","url":"https:\/\/agenciainfra.com\/blog\/","name":"Ag\u00eancia iNFRA","description":"Multiplataforma de informa\u00e7\u00e3o jornal\u00edstica refer\u00eancia na \u00e1rea de infraestrutura no Brasil!","publisher":{"@id":"https:\/\/agenciainfra.com\/blog\/#organization"},"potentialAction":[{"@type":"SearchAction","target":{"@type":"EntryPoint","urlTemplate":"https:\/\/agenciainfra.com\/blog\/?s={search_term_string}"},"query-input":{"@type":"PropertyValueSpecification","valueRequired":true,"valueName":"search_term_string"}}],"inLanguage":"pt-BR"},{"@type":"Organization","@id":"https:\/\/agenciainfra.com\/blog\/#organization","name":"Ag\u00eancia iNFRA","url":"https:\/\/agenciainfra.com\/blog\/","logo":{"@type":"ImageObject","inLanguage":"pt-BR","@id":"https:\/\/agenciainfra.com\/blog\/#\/schema\/logo\/image\/","url":"https:\/\/agenciainfra.com\/blog\/wp-content\/uploads\/2023\/09\/iNFRA_5-e1761735885940.png","contentUrl":"https:\/\/agenciainfra.com\/blog\/wp-content\/uploads\/2023\/09\/iNFRA_5-e1761735885940.png","width":1672,"height":454,"caption":"Ag\u00eancia iNFRA"},"image":{"@id":"https:\/\/agenciainfra.com\/blog\/#\/schema\/logo\/image\/"},"sameAs":["https:\/\/www.facebook.com\/ageninfra","https:\/\/x.com\/agencia_infra","https:\/\/www.linkedin.com\/company\/ag\u00eanciainfra\/","https:\/\/www.instagram.com\/agenciainfra\/"]},{"@type":"Person","@id":"https:\/\/agenciainfra.com\/blog\/#\/schema\/person\/34af08dff6adea4cb22b06612ba7acfa","name":"Ag\u00eancia iNFRA","image":{"@type":"ImageObject","inLanguage":"pt-BR","@id":"https:\/\/agenciainfra.com\/blog\/#\/schema\/person\/image\/","url":"https:\/\/secure.gravatar.com\/avatar\/d189e01678f06d8eb84d4e01f08eb848b3fffe3f8443818d3c356c66892f5be8?s=96&d=mm&r=g","contentUrl":"https:\/\/secure.gravatar.com\/avatar\/d189e01678f06d8eb84d4e01f08eb848b3fffe3f8443818d3c356c66892f5be8?s=96&d=mm&r=g","caption":"Ag\u00eancia iNFRA"},"url":"https:\/\/agenciainfra.com\/blog\/author\/admin\/"}]}},"_links":{"self":[{"href":"https:\/\/agenciainfra.com\/blog\/wp-json\/wp\/v2\/posts\/8082","targetHints":{"allow":["GET"]}}],"collection":[{"href":"https:\/\/agenciainfra.com\/blog\/wp-json\/wp\/v2\/posts"}],"about":[{"href":"https:\/\/agenciainfra.com\/blog\/wp-json\/wp\/v2\/types\/post"}],"author":[{"embeddable":true,"href":"https:\/\/agenciainfra.com\/blog\/wp-json\/wp\/v2\/users\/1"}],"replies":[{"embeddable":true,"href":"https:\/\/agenciainfra.com\/blog\/wp-json\/wp\/v2\/comments?post=8082"}],"version-history":[{"count":0,"href":"https:\/\/agenciainfra.com\/blog\/wp-json\/wp\/v2\/posts\/8082\/revisions"}],"wp:featuredmedia":[{"embeddable":true,"href":"https:\/\/agenciainfra.com\/blog\/wp-json\/wp\/v2\/media\/8083"}],"wp:attachment":[{"href":"https:\/\/agenciainfra.com\/blog\/wp-json\/wp\/v2\/media?parent=8082"}],"wp:term":[{"taxonomy":"category","embeddable":true,"href":"https:\/\/agenciainfra.com\/blog\/wp-json\/wp\/v2\/categories?post=8082"},{"taxonomy":"post_tag","embeddable":true,"href":"https:\/\/agenciainfra.com\/blog\/wp-json\/wp\/v2\/tags?post=8082"}],"curies":[{"name":"wp","href":"https:\/\/api.w.org\/{rel}","templated":true}]}}