{"id":8108,"date":"2021-08-23T09:00:00","date_gmt":"2021-08-23T12:00:00","guid":{"rendered":"https:\/\/www.agenciainfra.com\/blog\/?p=8108"},"modified":"2021-08-23T11:16:47","modified_gmt":"2021-08-23T14:16:47","slug":"infradebate-o-regime-de-autorizacao-nao-e-a-panaceia-do-setor-ferroviario","status":"publish","type":"post","link":"https:\/\/agenciainfra.com\/blog\/infradebate-o-regime-de-autorizacao-nao-e-a-panaceia-do-setor-ferroviario\/","title":{"rendered":"iNFRADebate: O regime de autoriza\u00e7\u00e3o n\u00e3o \u00e9 a panaceia do setor ferrovi\u00e1rio"},"content":{"rendered":"\n<p class=\"has-text-align-right\"><strong>Jairo Misson Cordeiro*<\/strong><\/p>\n\n\n\n<p>Investimentos em ferrovias n\u00e3o se improvisam. A implanta\u00e7\u00e3o de uma nova linha f\u00e9rrea representa um significativo custo afundado sem possibilidade de redestina\u00e7\u00e3o, cercado de incertezas de toda ordem e com retorno apenas no longo prazo. O universo de investidores dispostos a dar esse passo, por si s\u00f3, j\u00e1 \u00e9 bastante limitado, praticamente restrito \u00e0s empresas produtoras e\/ou transportadoras de <em>commodities<\/em> em volumes elevados. Essa situa\u00e7\u00e3o \u00e9 ainda mais complicada se n\u00e3o houver nenhum tipo de patroc\u00ednio ou garantia estatal, quando os pr\u00eamios de risco devem ser ainda maiores.<\/p>\n\n\n\n<p>Dificilmente a migra\u00e7\u00e3o do regime de \u201cconcess\u00e3o\u201d para \u201cautoriza\u00e7\u00e3o\u201d na explora\u00e7\u00e3o de ferrovias ir\u00e1 produzir o mesmo <em>boom<\/em> que se verificou no setor portu\u00e1rio a partir da edi\u00e7\u00e3o da Lei dos Portos de 2013, sem que sejam enfrentados outros grandes desafios que travam a expans\u00e3o dos trilhos no pa\u00eds. Basta lembrar que a implanta\u00e7\u00e3o de um TUP (terminal de uso privado) \u00e9 mais simples, pode ser faseada e apresenta possibilidade de <em>paybacks <\/em>mais r\u00e1pidos, em compara\u00e7\u00e3o com a constru\u00e7\u00e3o de uma nova via f\u00e9rrea. E, n\u00e3o se pode esquecer, os meios de transporte mar\u00edtimo n\u00e3o t\u00eam um substituto que seja economicamente vi\u00e1vel, ao contr\u00e1rio do comboio ferrovi\u00e1rio que, na grande maioria dos casos, pode ser trocado por uma frota de caminh\u00f5es. Ainda que a movimenta\u00e7\u00e3o de cargas pesadas em grandes dist\u00e2ncias nas rodovias seja desaconselh\u00e1vel sob v\u00e1rios aspectos \u2013 econ\u00f4mico, ambiental, de seguran\u00e7a \u2013, quando as incertezas futuras come\u00e7am a pesar, a escolha pelo caminh\u00e3o sempre fica mais f\u00e1cil.\u00a0<\/p>\n\n\n\n<p>Ainda que o mecanismo de autoriza\u00e7\u00e3o possa viabilizar a constru\u00e7\u00e3o de <em>shortlines<\/em> (ramais alimentadores dos troncos j\u00e1 existentes), provavelmente esse dispositivo teria um alcance circunscrito \u00e0s concession\u00e1rias que j\u00e1 est\u00e3o instaladas ou \u00e0s transportadoras que a elas se associarem. Deve-se lembrar que, na atualidade, apesar da legisla\u00e7\u00e3o e da regula\u00e7\u00e3o n\u00e3o vedarem, a mera previs\u00e3o jur\u00eddica n\u00e3o tem sido suficiente para atrair operadores independentes para o sistema. Portanto, se hoje n\u00e3o h\u00e1 empresas, desvinculadas das concession\u00e1rias, que estejam dispostas a assumir o risco de adquirir locomotivas e vag\u00f5es para trafegarem por meio de direito de passagem na malha ferrovi\u00e1ria, afigura-se pouco prov\u00e1vel que a simples previs\u00e3o de autoriza\u00e7\u00e3o para constru\u00e7\u00e3o de linhas seria suficiente para atrair novos <em>players <\/em>ao mercado ferrovi\u00e1rio brasileiro.&nbsp;<\/p>\n\n\n\n<p>Um dos principais problemas que o modal ferrovi\u00e1rio enfrenta no Brasil \u00e9 a defasagem da sua regula\u00e7\u00e3o, que \u00e9 primariamente atribu\u00edda \u00e0 ANTT (Ag\u00eancia Nacional de Transportes Terrestres). Medidas regulamentadoras simples que hoje n\u00e3o existem no pa\u00eds, como classificar as vias conforme suas caracter\u00edsticas construtivas e estabelecer requisitos de performance de acordo com o porte das operadoras, teriam potencial de trazer benef\u00edcios muito maiores para o setor do que altera\u00e7\u00f5es legislativas complexas.&nbsp;<\/p>\n\n\n\n<p>Alguns poucos temas b\u00e1sicos \u2013 estratifica\u00e7\u00e3o das empresas, regras de acesso e de compartilhamento da malha, defini\u00e7\u00e3o de corredores de escoamento, diretrizes para a competi\u00e7\u00e3o intramodal \u2013, s\u00e3o fundamentais para a reativa\u00e7\u00e3o de ferrovias que hoje est\u00e3o abandonadas e para a capilariza\u00e7\u00e3o do sistema. Entretanto, \u00e9 f\u00e1cil constatar que nos \u00faltimos vinte anos a regula\u00e7\u00e3o das ferrovias n\u00e3o teve quase nenhum avan\u00e7o. \u00c9 sintom\u00e1tico que o regulamento que baliza o transporte ferrovi\u00e1rio vige inalterado desde 1996, quando a concep\u00e7\u00e3o das malhas ainda era outra. Esse \u201cabandono\u201d se deve, em grande medida, ao fato de a ag\u00eancia estar permanentemente ocupada de outros assuntos \u2013 diga-se de passagem tamb\u00e9m importantes \u2013 referentes ao setor rodovi\u00e1rio.<\/p>\n\n\n\n<p>Na natureza, quando um animal precisa alimentar v\u00e1rios filhotes famintos e h\u00e1 um limite para atender a todas as demandas, escolhas dif\u00edceis precisam ser feitas. Em geral, aquelas crias que choram mais alto ou com mais frequ\u00eancia acabam sendo priorizadas e recebendo mais aten\u00e7\u00e3o. Dado que a matriz de transporte no Brasil encontra-se majoritariamente assentada em rodovias, \u00e9 natural que os <em>lobbies<\/em> que gravitam sobre esse modal \u2013 que v\u00e3o desde a ind\u00fastria automobil\u00edstica, passando pelas concession\u00e1rias de estradas de rodagem, empresas de \u00f4nibus, transportadoras de cargas rodovi\u00e1rias, associa\u00e7\u00f5es de usu\u00e1rios e abarcam at\u00e9 os motociclistas \u2013, ocupar\u00e3o muito mais espa\u00e7o nos corredores da ANTT do que os poucos representantes do setor ferrovi\u00e1rio. Devido ao fato de ser pulverizado por todo o pa\u00eds, e tamb\u00e9m por ser socialmente mais sens\u00edvel, naturalmente o transporte sobre pneus ir\u00e1 dominar a agenda.<\/p>\n\n\n\n<p>Logo, manter os dois modais (rodovi\u00e1rio e ferrovi\u00e1rio) sendo tratados na mesma ag\u00eancia reguladora significa dedicar para as estradas de ferro um n\u00edvel de aten\u00e7\u00e3o \u2013 na melhor das hip\u00f3teses \u2013 secund\u00e1rio.\u00a0<\/p>\n\n\n\n<p>Essa situa\u00e7\u00e3o n\u00e3o tem passado despercebida para os estados que comp\u00f5em a Federa\u00e7\u00e3o. Ao n\u00e3o encontrarem, no n\u00edvel da Uni\u00e3o, a quem levar iniciativas de desenvolvimento das malhas regionais e com quem discuti-las, est\u00e3o partindo para a estrutura\u00e7\u00e3o de secretarias e ag\u00eancias pr\u00f3prias. Minas Gerais, Mato Grosso, S\u00e3o Paulo e Par\u00e1 j\u00e1 se encontram mais adiantados, tocando projetos aut\u00f3ctones de expans\u00e3o ferrovi\u00e1ria. Pernambuco tamb\u00e9m est\u00e1 sendo \u201cempurrado\u201d para esse time, e possivelmente Santa Catarina e Maranh\u00e3o ir\u00e3o aderir \u00e0 ideia em breve. Esse movimento pode acelerar a expans\u00e3o do setor, mas tamb\u00e9m pode gerar dificuldades de integra\u00e7\u00e3o das malhas no futuro, tanto f\u00edsica (largura da bitola, capacidade de suporte da via, gabarito de t\u00faneis etc.), quanto jur\u00eddico-regulat\u00f3ria (direito de passagem, regras de compartilhamento, responsabilidade em caso de acidentes etc.).<\/p>\n\n\n\n<p>O pa\u00eds disp\u00f5e de profissionais qualificados em temas de engenharia ferrovi\u00e1ria, log\u00edstica e regula\u00e7\u00e3o para compor uma entidade que consolide uma Autoridade Nacional de transporte sobre trilhos, que possa permanentemente se dedicar ao que de mais avan\u00e7ado existe no cen\u00e1rio internacional, em aspectos t\u00e9cnicos, regulat\u00f3rios e mercadol\u00f3gicos, e adaptar \u00e0 realidade brasileira. Quem imagina que a estrutura\u00e7\u00e3o dessa entidade iria onerar sobremaneira os cofres p\u00fablicos, deve verificar o quanto se investe anualmente com a contrata\u00e7\u00e3o de consultorias para o setor ferrovi\u00e1rio. Na maioria das vezes, quando esses trabalhos chegam a termo, os problemas a que visavam atacar j\u00e1 s\u00e3o outros ou, quando surgem boas ideias, n\u00e3o h\u00e1 quem as leve para frente, pois as demandas do setor rodovi\u00e1rio s\u00e3o mais numerosas e urgentes.<\/p>\n\n\n\n<p>Concluindo, n\u00e3o \u00e9 s\u00f3 o t\u00edtulo no cabe\u00e7alho do contrato que ir\u00e1 atrair investidores para o mercado ferrovi\u00e1rio, mas tamb\u00e9m a seguran\u00e7a de que, caso apare\u00e7a mais \u00e0 frente alguma quest\u00e3o t\u00e9cnica ou regulat\u00f3ria que eventualmente precise ser discutida, os pleitos ser\u00e3o tratados com a devida prioridade por agentes voltados para o desenvolvimento do transporte terrestre <strong>sobre trilhos<\/strong>.<\/p>\n\n\n\n<h6 class=\"wp-block-heading\" id=\"block-aa9ff8cf-f9c2-435f-85ff-56a599c37bc9\">*<strong><strong>Jairo Misson Cordeiro<\/strong><\/strong> \u00e9 engenheiro civil com especializa\u00e7\u00e3o em controle e governan\u00e7a da regula\u00e7\u00e3o de infraestrutura e auditor do Tribunal de Contas da Uni\u00e3o. O artigo expressa uma opini\u00e3o pessoal, n\u00e3o necessariamente representa o posicionamento do TCU ou de seus integrantes.<\/h6>\n\n\n\n<h5 class=\"wp-block-heading\" id=\"block-d67878ff-7627-4f15-b175-8f58269174ff\">O iNFRADebate \u00e9 o espa\u00e7o de artigos da Ag\u00eancia iNFRA com opini\u00f5es de seus atores que n\u00e3o refletem necessariamente o pensamento da Ag\u00eancia iNFRA, sendo de total responsabilidade do autor as informa\u00e7\u00f5es, ju\u00edzos de valor e conceitos descritos no texto.<\/h5>\n","protected":false},"excerpt":{"rendered":"<p>Jairo Misson Cordeiro* Investimentos em ferrovias n\u00e3o se improvisam. A implanta\u00e7\u00e3o de uma nova linha f\u00e9rrea representa um significativo custo afundado sem possibilidade de redestina\u00e7\u00e3o, cercado de incertezas de toda ordem e com retorno apenas no longo prazo. O universo de investidores dispostos a dar esse passo, por si s\u00f3, j\u00e1 \u00e9 bastante limitado, praticamente [&hellip;]<\/p>\n","protected":false},"author":1,"featured_media":6721,"comment_status":"closed","ping_status":"closed","sticky":false,"template":"","format":"standard","meta":{"_monsterinsights_skip_tracking":false,"_monsterinsights_sitenote_active":false,"_monsterinsights_sitenote_note":"","_monsterinsights_sitenote_category":0,"footnotes":""},"categories":[1,11],"tags":[19,120,32,4948,4897,2943,1059,1033,105],"class_list":["post-8108","post","type-post","status-publish","format-standard","has-post-thumbnail","hentry","category-geral","category-infradebate","tag-antt","tag-ferrovias","tag-investimentos","tag-linhas-ferreas","tag-mercado-ferroviario","tag-regime-de-autorizacao","tag-transporte-de-cargas","tag-transporte-ferroviario","tag-tup"],"yoast_head":"<!-- This site is optimized with the Yoast SEO Premium plugin v25.4 (Yoast SEO v26.0) - https:\/\/yoast.com\/wordpress\/plugins\/seo\/ -->\n<title>iNFRADebate: O regime de autoriza\u00e7\u00e3o n\u00e3o \u00e9 a panaceia do setor ferrovi\u00e1rio - Ag\u00eancia iNFRA<\/title>\n<meta name=\"robots\" content=\"index, follow, max-snippet:-1, max-image-preview:large, max-video-preview:-1\" \/>\n<link rel=\"canonical\" href=\"https:\/\/agenciainfra.com\/blog\/infradebate-o-regime-de-autorizacao-nao-e-a-panaceia-do-setor-ferroviario\/\" \/>\n<meta property=\"og:locale\" content=\"pt_BR\" \/>\n<meta property=\"og:type\" content=\"article\" \/>\n<meta property=\"og:title\" content=\"iNFRADebate: O regime de autoriza\u00e7\u00e3o n\u00e3o \u00e9 a panaceia do setor ferrovi\u00e1rio\" \/>\n<meta property=\"og:description\" content=\"Jairo Misson Cordeiro* Investimentos em ferrovias n\u00e3o se improvisam. A implanta\u00e7\u00e3o de uma nova linha f\u00e9rrea representa um significativo custo afundado sem possibilidade de redestina\u00e7\u00e3o, cercado de incertezas de toda ordem e com retorno apenas no longo prazo. O universo de investidores dispostos a dar esse passo, por si s\u00f3, j\u00e1 \u00e9 bastante limitado, praticamente [&hellip;]\" \/>\n<meta property=\"og:url\" content=\"https:\/\/agenciainfra.com\/blog\/infradebate-o-regime-de-autorizacao-nao-e-a-panaceia-do-setor-ferroviario\/\" \/>\n<meta property=\"og:site_name\" content=\"Ag\u00eancia iNFRA\" \/>\n<meta property=\"article:publisher\" content=\"https:\/\/www.facebook.com\/ageninfra\" \/>\n<meta property=\"article:published_time\" content=\"2021-08-23T12:00:00+00:00\" \/>\n<meta property=\"article:modified_time\" content=\"2021-08-23T14:16:47+00:00\" \/>\n<meta property=\"og:image\" content=\"https:\/\/agenciainfra.com\/blog\/wp-content\/uploads\/2021\/02\/trilho-trem-ferrovia-foto-dominio-publico.jpg\" \/>\n\t<meta property=\"og:image:width\" content=\"1280\" \/>\n\t<meta property=\"og:image:height\" content=\"853\" \/>\n\t<meta property=\"og:image:type\" content=\"image\/jpeg\" \/>\n<meta name=\"author\" content=\"Ag\u00eancia iNFRA\" \/>\n<meta name=\"twitter:card\" content=\"summary_large_image\" \/>\n<meta name=\"twitter:creator\" content=\"@agencia_infra\" \/>\n<meta name=\"twitter:site\" content=\"@agencia_infra\" \/>\n<meta name=\"twitter:label1\" content=\"Escrito por\" \/>\n\t<meta name=\"twitter:data1\" content=\"Ag\u00eancia iNFRA\" \/>\n\t<meta name=\"twitter:label2\" content=\"Est. tempo de leitura\" \/>\n\t<meta name=\"twitter:data2\" content=\"6 minutos\" \/>\n<script type=\"application\/ld+json\" class=\"yoast-schema-graph\">{\"@context\":\"https:\/\/schema.org\",\"@graph\":[{\"@type\":\"Article\",\"@id\":\"https:\/\/agenciainfra.com\/blog\/infradebate-o-regime-de-autorizacao-nao-e-a-panaceia-do-setor-ferroviario\/#article\",\"isPartOf\":{\"@id\":\"https:\/\/agenciainfra.com\/blog\/infradebate-o-regime-de-autorizacao-nao-e-a-panaceia-do-setor-ferroviario\/\"},\"author\":{\"name\":\"Ag\u00eancia iNFRA\",\"@id\":\"https:\/\/agenciainfra.com\/blog\/#\/schema\/person\/34af08dff6adea4cb22b06612ba7acfa\"},\"headline\":\"iNFRADebate: O regime de autoriza\u00e7\u00e3o n\u00e3o \u00e9 a panaceia do setor ferrovi\u00e1rio\",\"datePublished\":\"2021-08-23T12:00:00+00:00\",\"dateModified\":\"2021-08-23T14:16:47+00:00\",\"mainEntityOfPage\":{\"@id\":\"https:\/\/agenciainfra.com\/blog\/infradebate-o-regime-de-autorizacao-nao-e-a-panaceia-do-setor-ferroviario\/\"},\"wordCount\":1284,\"publisher\":{\"@id\":\"https:\/\/agenciainfra.com\/blog\/#organization\"},\"image\":{\"@id\":\"https:\/\/agenciainfra.com\/blog\/infradebate-o-regime-de-autorizacao-nao-e-a-panaceia-do-setor-ferroviario\/#primaryimage\"},\"thumbnailUrl\":\"https:\/\/agenciainfra.com\/blog\/wp-content\/uploads\/2021\/02\/trilho-trem-ferrovia-foto-dominio-publico-e1747995180871.jpg\",\"keywords\":[\"ANTT\",\"Ferrovias\",\"Investimentos\",\"linhas f\u00e9rreas\",\"mercado ferrovi\u00e1rio\",\"regime de autoriza\u00e7\u00e3o\",\"transporte de cargas\",\"transporte ferrovi\u00e1rio\",\"TUP\"],\"articleSection\":[\"Geral\",\"iNFRADebate\"],\"inLanguage\":\"pt-BR\",\"copyrightYear\":\"2021\",\"copyrightHolder\":{\"@id\":\"https:\/\/agenciainfra.com\/blog\/#organization\"}},{\"@type\":\"WebPage\",\"@id\":\"https:\/\/agenciainfra.com\/blog\/infradebate-o-regime-de-autorizacao-nao-e-a-panaceia-do-setor-ferroviario\/\",\"url\":\"https:\/\/agenciainfra.com\/blog\/infradebate-o-regime-de-autorizacao-nao-e-a-panaceia-do-setor-ferroviario\/\",\"name\":\"iNFRADebate: O regime de autoriza\u00e7\u00e3o n\u00e3o \u00e9 a panaceia do setor ferrovi\u00e1rio - Ag\u00eancia iNFRA\",\"isPartOf\":{\"@id\":\"https:\/\/agenciainfra.com\/blog\/#website\"},\"primaryImageOfPage\":{\"@id\":\"https:\/\/agenciainfra.com\/blog\/infradebate-o-regime-de-autorizacao-nao-e-a-panaceia-do-setor-ferroviario\/#primaryimage\"},\"image\":{\"@id\":\"https:\/\/agenciainfra.com\/blog\/infradebate-o-regime-de-autorizacao-nao-e-a-panaceia-do-setor-ferroviario\/#primaryimage\"},\"thumbnailUrl\":\"https:\/\/agenciainfra.com\/blog\/wp-content\/uploads\/2021\/02\/trilho-trem-ferrovia-foto-dominio-publico-e1747995180871.jpg\",\"datePublished\":\"2021-08-23T12:00:00+00:00\",\"dateModified\":\"2021-08-23T14:16:47+00:00\",\"breadcrumb\":{\"@id\":\"https:\/\/agenciainfra.com\/blog\/infradebate-o-regime-de-autorizacao-nao-e-a-panaceia-do-setor-ferroviario\/#breadcrumb\"},\"inLanguage\":\"pt-BR\",\"potentialAction\":[{\"@type\":\"ReadAction\",\"target\":[\"https:\/\/agenciainfra.com\/blog\/infradebate-o-regime-de-autorizacao-nao-e-a-panaceia-do-setor-ferroviario\/\"]}]},{\"@type\":\"ImageObject\",\"inLanguage\":\"pt-BR\",\"@id\":\"https:\/\/agenciainfra.com\/blog\/infradebate-o-regime-de-autorizacao-nao-e-a-panaceia-do-setor-ferroviario\/#primaryimage\",\"url\":\"https:\/\/agenciainfra.com\/blog\/wp-content\/uploads\/2021\/02\/trilho-trem-ferrovia-foto-dominio-publico-e1747995180871.jpg\",\"contentUrl\":\"https:\/\/agenciainfra.com\/blog\/wp-content\/uploads\/2021\/02\/trilho-trem-ferrovia-foto-dominio-publico-e1747995180871.jpg\",\"width\":1280,\"height\":755,\"caption\":\"Foto: Dom\u00ednio P\u00fablico\"},{\"@type\":\"BreadcrumbList\",\"@id\":\"https:\/\/agenciainfra.com\/blog\/infradebate-o-regime-de-autorizacao-nao-e-a-panaceia-do-setor-ferroviario\/#breadcrumb\",\"itemListElement\":[{\"@type\":\"ListItem\",\"position\":1,\"name\":\"In\u00edcio\",\"item\":\"https:\/\/agenciainfra.com\/blog\/\"},{\"@type\":\"ListItem\",\"position\":2,\"name\":\"iNFRADebate: O regime de autoriza\u00e7\u00e3o n\u00e3o \u00e9 a panaceia do setor ferrovi\u00e1rio\"}]},{\"@type\":\"WebSite\",\"@id\":\"https:\/\/agenciainfra.com\/blog\/#website\",\"url\":\"https:\/\/agenciainfra.com\/blog\/\",\"name\":\"Ag\u00eancia iNFRA\",\"description\":\"Multiplataforma de informa\u00e7\u00e3o jornal\u00edstica refer\u00eancia na \u00e1rea de infraestrutura no Brasil!\",\"publisher\":{\"@id\":\"https:\/\/agenciainfra.com\/blog\/#organization\"},\"potentialAction\":[{\"@type\":\"SearchAction\",\"target\":{\"@type\":\"EntryPoint\",\"urlTemplate\":\"https:\/\/agenciainfra.com\/blog\/?s={search_term_string}\"},\"query-input\":{\"@type\":\"PropertyValueSpecification\",\"valueRequired\":true,\"valueName\":\"search_term_string\"}}],\"inLanguage\":\"pt-BR\"},{\"@type\":\"Organization\",\"@id\":\"https:\/\/agenciainfra.com\/blog\/#organization\",\"name\":\"Ag\u00eancia iNFRA\",\"url\":\"https:\/\/agenciainfra.com\/blog\/\",\"logo\":{\"@type\":\"ImageObject\",\"inLanguage\":\"pt-BR\",\"@id\":\"https:\/\/agenciainfra.com\/blog\/#\/schema\/logo\/image\/\",\"url\":\"https:\/\/agenciainfra.com\/blog\/wp-content\/uploads\/2023\/09\/iNFRA_5-e1761735885940.png\",\"contentUrl\":\"https:\/\/agenciainfra.com\/blog\/wp-content\/uploads\/2023\/09\/iNFRA_5-e1761735885940.png\",\"width\":1672,\"height\":454,\"caption\":\"Ag\u00eancia iNFRA\"},\"image\":{\"@id\":\"https:\/\/agenciainfra.com\/blog\/#\/schema\/logo\/image\/\"},\"sameAs\":[\"https:\/\/www.facebook.com\/ageninfra\",\"https:\/\/x.com\/agencia_infra\",\"https:\/\/www.linkedin.com\/company\/ag\u00eanciainfra\/\",\"https:\/\/www.instagram.com\/agenciainfra\/\"]},{\"@type\":\"Person\",\"@id\":\"https:\/\/agenciainfra.com\/blog\/#\/schema\/person\/34af08dff6adea4cb22b06612ba7acfa\",\"name\":\"Ag\u00eancia iNFRA\",\"image\":{\"@type\":\"ImageObject\",\"inLanguage\":\"pt-BR\",\"@id\":\"https:\/\/agenciainfra.com\/blog\/#\/schema\/person\/image\/\",\"url\":\"https:\/\/secure.gravatar.com\/avatar\/d189e01678f06d8eb84d4e01f08eb848b3fffe3f8443818d3c356c66892f5be8?s=96&d=mm&r=g\",\"contentUrl\":\"https:\/\/secure.gravatar.com\/avatar\/d189e01678f06d8eb84d4e01f08eb848b3fffe3f8443818d3c356c66892f5be8?s=96&d=mm&r=g\",\"caption\":\"Ag\u00eancia iNFRA\"},\"url\":\"https:\/\/agenciainfra.com\/blog\/author\/admin\/\"}]}<\/script>\n<!-- \/ Yoast SEO Premium plugin. -->","yoast_head_json":{"title":"iNFRADebate: O regime de autoriza\u00e7\u00e3o n\u00e3o \u00e9 a panaceia do setor ferrovi\u00e1rio - Ag\u00eancia iNFRA","robots":{"index":"index","follow":"follow","max-snippet":"max-snippet:-1","max-image-preview":"max-image-preview:large","max-video-preview":"max-video-preview:-1"},"canonical":"https:\/\/agenciainfra.com\/blog\/infradebate-o-regime-de-autorizacao-nao-e-a-panaceia-do-setor-ferroviario\/","og_locale":"pt_BR","og_type":"article","og_title":"iNFRADebate: O regime de autoriza\u00e7\u00e3o n\u00e3o \u00e9 a panaceia do setor ferrovi\u00e1rio","og_description":"Jairo Misson Cordeiro* Investimentos em ferrovias n\u00e3o se improvisam. A implanta\u00e7\u00e3o de uma nova linha f\u00e9rrea representa um significativo custo afundado sem possibilidade de redestina\u00e7\u00e3o, cercado de incertezas de toda ordem e com retorno apenas no longo prazo. O universo de investidores dispostos a dar esse passo, por si s\u00f3, j\u00e1 \u00e9 bastante limitado, praticamente [&hellip;]","og_url":"https:\/\/agenciainfra.com\/blog\/infradebate-o-regime-de-autorizacao-nao-e-a-panaceia-do-setor-ferroviario\/","og_site_name":"Ag\u00eancia iNFRA","article_publisher":"https:\/\/www.facebook.com\/ageninfra","article_published_time":"2021-08-23T12:00:00+00:00","article_modified_time":"2021-08-23T14:16:47+00:00","og_image":[{"width":1280,"height":853,"url":"https:\/\/agenciainfra.com\/blog\/wp-content\/uploads\/2021\/02\/trilho-trem-ferrovia-foto-dominio-publico.jpg","type":"image\/jpeg"}],"author":"Ag\u00eancia iNFRA","twitter_card":"summary_large_image","twitter_creator":"@agencia_infra","twitter_site":"@agencia_infra","twitter_misc":{"Escrito por":"Ag\u00eancia iNFRA","Est. tempo de leitura":"6 minutos"},"schema":{"@context":"https:\/\/schema.org","@graph":[{"@type":"Article","@id":"https:\/\/agenciainfra.com\/blog\/infradebate-o-regime-de-autorizacao-nao-e-a-panaceia-do-setor-ferroviario\/#article","isPartOf":{"@id":"https:\/\/agenciainfra.com\/blog\/infradebate-o-regime-de-autorizacao-nao-e-a-panaceia-do-setor-ferroviario\/"},"author":{"name":"Ag\u00eancia iNFRA","@id":"https:\/\/agenciainfra.com\/blog\/#\/schema\/person\/34af08dff6adea4cb22b06612ba7acfa"},"headline":"iNFRADebate: O regime de autoriza\u00e7\u00e3o n\u00e3o \u00e9 a panaceia do setor ferrovi\u00e1rio","datePublished":"2021-08-23T12:00:00+00:00","dateModified":"2021-08-23T14:16:47+00:00","mainEntityOfPage":{"@id":"https:\/\/agenciainfra.com\/blog\/infradebate-o-regime-de-autorizacao-nao-e-a-panaceia-do-setor-ferroviario\/"},"wordCount":1284,"publisher":{"@id":"https:\/\/agenciainfra.com\/blog\/#organization"},"image":{"@id":"https:\/\/agenciainfra.com\/blog\/infradebate-o-regime-de-autorizacao-nao-e-a-panaceia-do-setor-ferroviario\/#primaryimage"},"thumbnailUrl":"https:\/\/agenciainfra.com\/blog\/wp-content\/uploads\/2021\/02\/trilho-trem-ferrovia-foto-dominio-publico-e1747995180871.jpg","keywords":["ANTT","Ferrovias","Investimentos","linhas f\u00e9rreas","mercado ferrovi\u00e1rio","regime de autoriza\u00e7\u00e3o","transporte de cargas","transporte ferrovi\u00e1rio","TUP"],"articleSection":["Geral","iNFRADebate"],"inLanguage":"pt-BR","copyrightYear":"2021","copyrightHolder":{"@id":"https:\/\/agenciainfra.com\/blog\/#organization"}},{"@type":"WebPage","@id":"https:\/\/agenciainfra.com\/blog\/infradebate-o-regime-de-autorizacao-nao-e-a-panaceia-do-setor-ferroviario\/","url":"https:\/\/agenciainfra.com\/blog\/infradebate-o-regime-de-autorizacao-nao-e-a-panaceia-do-setor-ferroviario\/","name":"iNFRADebate: O regime de autoriza\u00e7\u00e3o n\u00e3o \u00e9 a panaceia do setor ferrovi\u00e1rio - Ag\u00eancia iNFRA","isPartOf":{"@id":"https:\/\/agenciainfra.com\/blog\/#website"},"primaryImageOfPage":{"@id":"https:\/\/agenciainfra.com\/blog\/infradebate-o-regime-de-autorizacao-nao-e-a-panaceia-do-setor-ferroviario\/#primaryimage"},"image":{"@id":"https:\/\/agenciainfra.com\/blog\/infradebate-o-regime-de-autorizacao-nao-e-a-panaceia-do-setor-ferroviario\/#primaryimage"},"thumbnailUrl":"https:\/\/agenciainfra.com\/blog\/wp-content\/uploads\/2021\/02\/trilho-trem-ferrovia-foto-dominio-publico-e1747995180871.jpg","datePublished":"2021-08-23T12:00:00+00:00","dateModified":"2021-08-23T14:16:47+00:00","breadcrumb":{"@id":"https:\/\/agenciainfra.com\/blog\/infradebate-o-regime-de-autorizacao-nao-e-a-panaceia-do-setor-ferroviario\/#breadcrumb"},"inLanguage":"pt-BR","potentialAction":[{"@type":"ReadAction","target":["https:\/\/agenciainfra.com\/blog\/infradebate-o-regime-de-autorizacao-nao-e-a-panaceia-do-setor-ferroviario\/"]}]},{"@type":"ImageObject","inLanguage":"pt-BR","@id":"https:\/\/agenciainfra.com\/blog\/infradebate-o-regime-de-autorizacao-nao-e-a-panaceia-do-setor-ferroviario\/#primaryimage","url":"https:\/\/agenciainfra.com\/blog\/wp-content\/uploads\/2021\/02\/trilho-trem-ferrovia-foto-dominio-publico-e1747995180871.jpg","contentUrl":"https:\/\/agenciainfra.com\/blog\/wp-content\/uploads\/2021\/02\/trilho-trem-ferrovia-foto-dominio-publico-e1747995180871.jpg","width":1280,"height":755,"caption":"Foto: Dom\u00ednio P\u00fablico"},{"@type":"BreadcrumbList","@id":"https:\/\/agenciainfra.com\/blog\/infradebate-o-regime-de-autorizacao-nao-e-a-panaceia-do-setor-ferroviario\/#breadcrumb","itemListElement":[{"@type":"ListItem","position":1,"name":"In\u00edcio","item":"https:\/\/agenciainfra.com\/blog\/"},{"@type":"ListItem","position":2,"name":"iNFRADebate: O regime de autoriza\u00e7\u00e3o n\u00e3o \u00e9 a panaceia do setor ferrovi\u00e1rio"}]},{"@type":"WebSite","@id":"https:\/\/agenciainfra.com\/blog\/#website","url":"https:\/\/agenciainfra.com\/blog\/","name":"Ag\u00eancia iNFRA","description":"Multiplataforma de informa\u00e7\u00e3o jornal\u00edstica refer\u00eancia na \u00e1rea de infraestrutura no Brasil!","publisher":{"@id":"https:\/\/agenciainfra.com\/blog\/#organization"},"potentialAction":[{"@type":"SearchAction","target":{"@type":"EntryPoint","urlTemplate":"https:\/\/agenciainfra.com\/blog\/?s={search_term_string}"},"query-input":{"@type":"PropertyValueSpecification","valueRequired":true,"valueName":"search_term_string"}}],"inLanguage":"pt-BR"},{"@type":"Organization","@id":"https:\/\/agenciainfra.com\/blog\/#organization","name":"Ag\u00eancia iNFRA","url":"https:\/\/agenciainfra.com\/blog\/","logo":{"@type":"ImageObject","inLanguage":"pt-BR","@id":"https:\/\/agenciainfra.com\/blog\/#\/schema\/logo\/image\/","url":"https:\/\/agenciainfra.com\/blog\/wp-content\/uploads\/2023\/09\/iNFRA_5-e1761735885940.png","contentUrl":"https:\/\/agenciainfra.com\/blog\/wp-content\/uploads\/2023\/09\/iNFRA_5-e1761735885940.png","width":1672,"height":454,"caption":"Ag\u00eancia iNFRA"},"image":{"@id":"https:\/\/agenciainfra.com\/blog\/#\/schema\/logo\/image\/"},"sameAs":["https:\/\/www.facebook.com\/ageninfra","https:\/\/x.com\/agencia_infra","https:\/\/www.linkedin.com\/company\/ag\u00eanciainfra\/","https:\/\/www.instagram.com\/agenciainfra\/"]},{"@type":"Person","@id":"https:\/\/agenciainfra.com\/blog\/#\/schema\/person\/34af08dff6adea4cb22b06612ba7acfa","name":"Ag\u00eancia iNFRA","image":{"@type":"ImageObject","inLanguage":"pt-BR","@id":"https:\/\/agenciainfra.com\/blog\/#\/schema\/person\/image\/","url":"https:\/\/secure.gravatar.com\/avatar\/d189e01678f06d8eb84d4e01f08eb848b3fffe3f8443818d3c356c66892f5be8?s=96&d=mm&r=g","contentUrl":"https:\/\/secure.gravatar.com\/avatar\/d189e01678f06d8eb84d4e01f08eb848b3fffe3f8443818d3c356c66892f5be8?s=96&d=mm&r=g","caption":"Ag\u00eancia iNFRA"},"url":"https:\/\/agenciainfra.com\/blog\/author\/admin\/"}]}},"_links":{"self":[{"href":"https:\/\/agenciainfra.com\/blog\/wp-json\/wp\/v2\/posts\/8108","targetHints":{"allow":["GET"]}}],"collection":[{"href":"https:\/\/agenciainfra.com\/blog\/wp-json\/wp\/v2\/posts"}],"about":[{"href":"https:\/\/agenciainfra.com\/blog\/wp-json\/wp\/v2\/types\/post"}],"author":[{"embeddable":true,"href":"https:\/\/agenciainfra.com\/blog\/wp-json\/wp\/v2\/users\/1"}],"replies":[{"embeddable":true,"href":"https:\/\/agenciainfra.com\/blog\/wp-json\/wp\/v2\/comments?post=8108"}],"version-history":[{"count":0,"href":"https:\/\/agenciainfra.com\/blog\/wp-json\/wp\/v2\/posts\/8108\/revisions"}],"wp:featuredmedia":[{"embeddable":true,"href":"https:\/\/agenciainfra.com\/blog\/wp-json\/wp\/v2\/media\/6721"}],"wp:attachment":[{"href":"https:\/\/agenciainfra.com\/blog\/wp-json\/wp\/v2\/media?parent=8108"}],"wp:term":[{"taxonomy":"category","embeddable":true,"href":"https:\/\/agenciainfra.com\/blog\/wp-json\/wp\/v2\/categories?post=8108"},{"taxonomy":"post_tag","embeddable":true,"href":"https:\/\/agenciainfra.com\/blog\/wp-json\/wp\/v2\/tags?post=8108"}],"curies":[{"name":"wp","href":"https:\/\/api.w.org\/{rel}","templated":true}]}}