{"id":8121,"date":"2021-08-25T08:00:00","date_gmt":"2021-08-25T11:00:00","guid":{"rendered":"https:\/\/www.agenciainfra.com\/blog\/?p=8121"},"modified":"2021-08-25T16:48:48","modified_gmt":"2021-08-25T19:48:48","slug":"firjan-defende-coordenacao-administrativa-entre-galeao-e-santos-dumont","status":"publish","type":"post","link":"https:\/\/agenciainfra.com\/blog\/firjan-defende-coordenacao-administrativa-entre-galeao-e-santos-dumont\/","title":{"rendered":"Firjan defende coordena\u00e7\u00e3o administrativa entre Gale\u00e3o e Santos Dumont"},"content":{"rendered":"\n<p class=\"has-text-align-right\"><strong>Jenifer Ribeiro, da&nbsp;Ag\u00eancia iNFRA<\/strong><\/p>\n\n\n\n<p>O consenso entre as administra\u00e7\u00f5es dos aeroportos do Gale\u00e3o e Santos Dumont poderia levar a uma inje\u00e7\u00e3o de R$ 4,5 bilh\u00f5es na economia do Rio de Janeiro. A uni\u00e3o das duas unidades foi a principal ideia defendida pelos participantes do evento \u201cHub Econ\u00f4mico: Reconectando o Rio com o Brasil e o Mundo\u201d, promovido pela Firjan na \u00faltima sexta-feira (20).<\/p>\n\n\n\n<p>Com a expectativa da 7\u00aa Rodada de Concess\u00f5es Aeroportu\u00e1rias \u2013 que engloba o Santos Dumont, Congonhas (SP)&nbsp;e mais 14 aeroportos \u2013 acontecer em 2022, a discuss\u00e3o acerca de como manter ambos os aer\u00f3dromos na cidade do Rio de Janeiro competitivos e atraentes&nbsp;tornou-se mais presente.<\/p>\n\n\n\n<p>O Gale\u00e3o est\u00e1 sob administra\u00e7\u00e3o privada desde 2013, que passa por dificuldades. Os governos locais defendem que a concess\u00e3o do Santos Dumont para outro grupo tende a piorar ainda mais a situa\u00e7\u00e3o econ\u00f4mica e inviabilizar o aeroporto internacional do estado. O governo federal n\u00e3o quer mudar seu modelo de concess\u00e3o, como mostram&nbsp;<a href=\"https:\/\/agenciainfra.us14.list-manage.com\/track\/click?u=d460dd1bcf9ba0ae040e1fc0f&amp;id=3cd1072859&amp;e=3cd2fde004\" target=\"_blank\" rel=\"noreferrer noopener\">reportagens<\/a>&nbsp;da&nbsp;<strong>Ag\u00eancia iNFRA<\/strong>.&nbsp;<\/p>\n\n\n\n<p>O presidente da Firjan, Eduardo Eugenio Gouv\u00eaa Vieira, defendeu a transfer\u00eancia administrativa do Santos Dumont. \u201cO que somos radicalmente contra&nbsp;\u00e9 que se estabele\u00e7a um modelo de concess\u00e3o desse aeroporto que n\u00e3o leve em considera\u00e7\u00e3o a vis\u00e3o conjunta dos dois ativos\u201d, afirmou Vieira.<\/p>\n\n\n\n<p>Levantamento da Firjan aponta que, se a administra\u00e7\u00e3o do Santos Dumont e a do Gale\u00e3o entrarem em acordo, h\u00e1 a possibilidade dos aeroportos injetarem R$ 4,5 bilh\u00f5es por ano no PIB (produto interno bruto) do estado do Rio de Janeiro. A previs\u00e3o de investimentos da concess\u00e3o do Bloco RJ-MG como um todo \u00e9 de R$ 2,5 bilh\u00f5es.<\/p>\n\n\n\n<p>O deputado federal Otavio Leite (PSDB-RJ) afirmou que uma coordena\u00e7\u00e3o s\u00f3 acontecer\u00e1 se os deputados, senadores, empres\u00e1rios, chefes de estado do Rio de Janeiro e outros se organizarem para chegar em um discurso \u00fanico. O governador do estado, Cl\u00e1udio Castro (PL), chegou a comentar que os dois aeroportos deveriam pertencer ao mesmo grupo.<\/p>\n\n\n\n<p><strong>Demanda de voos<\/strong><br>Durante o encontro, o vice-presidente da Firjan e presidente da GE Celma, Julio Talon, afirmou que a quantidade de voos dos aeroportos cariocas afeta os percentuais de importa\u00e7\u00f5es e exporta\u00e7\u00f5es do estado e que os voos de passageiros s\u00e3o parte essencial no processo de com\u00e9rcio exterior.<\/p>\n\n\n\n<p>Por sua vez, o fundador do Instituto-E e da Osklen, Oskar Metsavaht, defendeu que para aumentar o n\u00famero de voos de passageiros no Rio de Janeiro \u00e9 preciso investir em turismo. Para isso, o estado poderia, por exemplo, criar um calend\u00e1rio de eventos voltado para visitantes da China, Oriente M\u00e9dio e R\u00fassia.<\/p>\n\n\n\n<p>Tamb\u00e9m na sexta-feira, em audi\u00eancia p\u00fablica na Comiss\u00e3o do Turismo da C\u00e2mara dos Deputados para tratar da compra da Latam pela Azul, o secret\u00e1rio nacional de Avia\u00e7\u00e3o Civil, Ronei Glanzmann, disse que o n\u00famero de voos dom\u00e9sticos deve alcan\u00e7ar os patamares pr\u00e9-pandemia em dezembro\/janeiro e que os voos internacionais v\u00e3o demorar mais para se recuperar devido \u00e0s restri\u00e7\u00f5es e barreiras sanit\u00e1rias.<\/p>\n\n\n\n<p><em>Corre\u00e7\u00e3o: O t\u00edtulo anterior da reportagem foi alterado porque estava impreciso. A Firjan n\u00e3o defendeu durante o encontro que os aeroportos ficassem com um mesmo operador, mas uma coordena\u00e7\u00e3o entre eles, como informa o t\u00edtulo atual e o texto.<\/em><\/p>\n","protected":false},"excerpt":{"rendered":"<p>Jenifer Ribeiro, da&nbsp;Ag\u00eancia iNFRA O consenso entre as administra\u00e7\u00f5es dos aeroportos do Gale\u00e3o e Santos Dumont poderia levar a uma inje\u00e7\u00e3o de R$ 4,5 bilh\u00f5es na economia do Rio de Janeiro. A uni\u00e3o das duas unidades foi a principal ideia defendida pelos participantes do evento \u201cHub Econ\u00f4mico: Reconectando o Rio com o Brasil e o [&hellip;]<\/p>\n","protected":false},"author":1,"featured_media":6445,"comment_status":"closed","ping_status":"closed","sticky":false,"template":"","format":"standard","meta":{"_monsterinsights_skip_tracking":false,"_monsterinsights_sitenote_active":false,"_monsterinsights_sitenote_note":"","_monsterinsights_sitenote_category":0,"footnotes":""},"categories":[1,7],"tags":[2128,3068,599,2684,2614,1654,362,3228],"class_list":["post-8121","post","type-post","status-publish","format-standard","has-post-thumbnail","hentry","category-geral","category-infratransporte","tag-aeroporto-do-galeao","tag-aeroporto-santos-dumont","tag-aviacao-civil","tag-concessoes-aeroportuarias","tag-firjan","tag-rio-de-janeiro","tag-transporte-aereo","tag-turismo"],"yoast_head":"<!-- This site is optimized with the Yoast SEO Premium plugin v25.4 (Yoast SEO v26.0) - https:\/\/yoast.com\/wordpress\/plugins\/seo\/ -->\n<title>Firjan defende coordena\u00e7\u00e3o administrativa entre Gale\u00e3o e Santos Dumont - Ag\u00eancia iNFRA<\/title>\n<meta name=\"robots\" content=\"index, follow, max-snippet:-1, max-image-preview:large, max-video-preview:-1\" \/>\n<link rel=\"canonical\" href=\"https:\/\/agenciainfra.com\/blog\/firjan-defende-coordenacao-administrativa-entre-galeao-e-santos-dumont\/\" \/>\n<meta property=\"og:locale\" content=\"pt_BR\" \/>\n<meta property=\"og:type\" content=\"article\" \/>\n<meta property=\"og:title\" content=\"Firjan defende coordena\u00e7\u00e3o administrativa entre Gale\u00e3o e Santos Dumont\" \/>\n<meta property=\"og:description\" content=\"Jenifer Ribeiro, da&nbsp;Ag\u00eancia iNFRA O consenso entre as administra\u00e7\u00f5es dos aeroportos do Gale\u00e3o e Santos Dumont poderia levar a uma inje\u00e7\u00e3o de R$ 4,5 bilh\u00f5es na economia do Rio de Janeiro. A uni\u00e3o das duas unidades foi a principal ideia defendida pelos participantes do evento \u201cHub Econ\u00f4mico: Reconectando o Rio com o Brasil e o [&hellip;]\" \/>\n<meta property=\"og:url\" content=\"https:\/\/agenciainfra.com\/blog\/firjan-defende-coordenacao-administrativa-entre-galeao-e-santos-dumont\/\" \/>\n<meta property=\"og:site_name\" content=\"Ag\u00eancia iNFRA\" \/>\n<meta property=\"article:publisher\" content=\"https:\/\/www.facebook.com\/ageninfra\" \/>\n<meta property=\"article:published_time\" content=\"2021-08-25T11:00:00+00:00\" \/>\n<meta property=\"article:modified_time\" content=\"2021-08-25T19:48:48+00:00\" \/>\n<meta property=\"og:image\" content=\"https:\/\/agenciainfra.com\/blog\/wp-content\/uploads\/2020\/11\/aeroporto-galeao-foto-fernando-frazao-agencia-brasil.jpg\" \/>\n\t<meta property=\"og:image:width\" content=\"1280\" \/>\n\t<meta property=\"og:image:height\" content=\"716\" \/>\n\t<meta property=\"og:image:type\" content=\"image\/jpeg\" \/>\n<meta name=\"author\" content=\"Ag\u00eancia iNFRA\" \/>\n<meta name=\"twitter:card\" content=\"summary_large_image\" \/>\n<meta name=\"twitter:creator\" content=\"@agencia_infra\" \/>\n<meta name=\"twitter:site\" content=\"@agencia_infra\" \/>\n<meta name=\"twitter:label1\" content=\"Escrito por\" \/>\n\t<meta name=\"twitter:data1\" content=\"Ag\u00eancia iNFRA\" \/>\n\t<meta name=\"twitter:label2\" content=\"Est. tempo de leitura\" \/>\n\t<meta name=\"twitter:data2\" content=\"3 minutos\" \/>\n<script type=\"application\/ld+json\" class=\"yoast-schema-graph\">{\"@context\":\"https:\/\/schema.org\",\"@graph\":[{\"@type\":\"Article\",\"@id\":\"https:\/\/agenciainfra.com\/blog\/firjan-defende-coordenacao-administrativa-entre-galeao-e-santos-dumont\/#article\",\"isPartOf\":{\"@id\":\"https:\/\/agenciainfra.com\/blog\/firjan-defende-coordenacao-administrativa-entre-galeao-e-santos-dumont\/\"},\"author\":{\"name\":\"Ag\u00eancia iNFRA\",\"@id\":\"https:\/\/agenciainfra.com\/blog\/#\/schema\/person\/34af08dff6adea4cb22b06612ba7acfa\"},\"headline\":\"Firjan defende coordena\u00e7\u00e3o administrativa entre Gale\u00e3o e Santos Dumont\",\"datePublished\":\"2021-08-25T11:00:00+00:00\",\"dateModified\":\"2021-08-25T19:48:48+00:00\",\"mainEntityOfPage\":{\"@id\":\"https:\/\/agenciainfra.com\/blog\/firjan-defende-coordenacao-administrativa-entre-galeao-e-santos-dumont\/\"},\"wordCount\":589,\"publisher\":{\"@id\":\"https:\/\/agenciainfra.com\/blog\/#organization\"},\"image\":{\"@id\":\"https:\/\/agenciainfra.com\/blog\/firjan-defende-coordenacao-administrativa-entre-galeao-e-santos-dumont\/#primaryimage\"},\"thumbnailUrl\":\"https:\/\/agenciainfra.com\/blog\/wp-content\/uploads\/2020\/11\/aeroporto-galeao-foto-fernando-frazao-agencia-brasil.jpg\",\"keywords\":[\"Aeroporto do Gale\u00e3o\",\"Aeroporto Santos Dumont\",\"avia\u00e7\u00e3o civil\",\"concess\u00f5es aeroportu\u00e1rias\",\"Firjan\",\"Rio de Janeiro\",\"transporte a\u00e9reo\",\"turismo\"],\"articleSection\":[\"Geral\",\"iNFRATransporte\"],\"inLanguage\":\"pt-BR\",\"copyrightYear\":\"2021\",\"copyrightHolder\":{\"@id\":\"https:\/\/agenciainfra.com\/blog\/#organization\"}},{\"@type\":\"WebPage\",\"@id\":\"https:\/\/agenciainfra.com\/blog\/firjan-defende-coordenacao-administrativa-entre-galeao-e-santos-dumont\/\",\"url\":\"https:\/\/agenciainfra.com\/blog\/firjan-defende-coordenacao-administrativa-entre-galeao-e-santos-dumont\/\",\"name\":\"Firjan defende coordena\u00e7\u00e3o administrativa entre Gale\u00e3o e Santos Dumont - Ag\u00eancia iNFRA\",\"isPartOf\":{\"@id\":\"https:\/\/agenciainfra.com\/blog\/#website\"},\"primaryImageOfPage\":{\"@id\":\"https:\/\/agenciainfra.com\/blog\/firjan-defende-coordenacao-administrativa-entre-galeao-e-santos-dumont\/#primaryimage\"},\"image\":{\"@id\":\"https:\/\/agenciainfra.com\/blog\/firjan-defende-coordenacao-administrativa-entre-galeao-e-santos-dumont\/#primaryimage\"},\"thumbnailUrl\":\"https:\/\/agenciainfra.com\/blog\/wp-content\/uploads\/2020\/11\/aeroporto-galeao-foto-fernando-frazao-agencia-brasil.jpg\",\"datePublished\":\"2021-08-25T11:00:00+00:00\",\"dateModified\":\"2021-08-25T19:48:48+00:00\",\"breadcrumb\":{\"@id\":\"https:\/\/agenciainfra.com\/blog\/firjan-defende-coordenacao-administrativa-entre-galeao-e-santos-dumont\/#breadcrumb\"},\"inLanguage\":\"pt-BR\",\"potentialAction\":[{\"@type\":\"ReadAction\",\"target\":[\"https:\/\/agenciainfra.com\/blog\/firjan-defende-coordenacao-administrativa-entre-galeao-e-santos-dumont\/\"]}]},{\"@type\":\"ImageObject\",\"inLanguage\":\"pt-BR\",\"@id\":\"https:\/\/agenciainfra.com\/blog\/firjan-defende-coordenacao-administrativa-entre-galeao-e-santos-dumont\/#primaryimage\",\"url\":\"https:\/\/agenciainfra.com\/blog\/wp-content\/uploads\/2020\/11\/aeroporto-galeao-foto-fernando-frazao-agencia-brasil.jpg\",\"contentUrl\":\"https:\/\/agenciainfra.com\/blog\/wp-content\/uploads\/2020\/11\/aeroporto-galeao-foto-fernando-frazao-agencia-brasil.jpg\",\"width\":1280,\"height\":716},{\"@type\":\"BreadcrumbList\",\"@id\":\"https:\/\/agenciainfra.com\/blog\/firjan-defende-coordenacao-administrativa-entre-galeao-e-santos-dumont\/#breadcrumb\",\"itemListElement\":[{\"@type\":\"ListItem\",\"position\":1,\"name\":\"In\u00edcio\",\"item\":\"https:\/\/agenciainfra.com\/blog\/\"},{\"@type\":\"ListItem\",\"position\":2,\"name\":\"Firjan defende coordena\u00e7\u00e3o administrativa entre Gale\u00e3o e Santos Dumont\"}]},{\"@type\":\"WebSite\",\"@id\":\"https:\/\/agenciainfra.com\/blog\/#website\",\"url\":\"https:\/\/agenciainfra.com\/blog\/\",\"name\":\"Ag\u00eancia iNFRA\",\"description\":\"Multiplataforma de informa\u00e7\u00e3o jornal\u00edstica refer\u00eancia na \u00e1rea de infraestrutura no Brasil!\",\"publisher\":{\"@id\":\"https:\/\/agenciainfra.com\/blog\/#organization\"},\"potentialAction\":[{\"@type\":\"SearchAction\",\"target\":{\"@type\":\"EntryPoint\",\"urlTemplate\":\"https:\/\/agenciainfra.com\/blog\/?s={search_term_string}\"},\"query-input\":{\"@type\":\"PropertyValueSpecification\",\"valueRequired\":true,\"valueName\":\"search_term_string\"}}],\"inLanguage\":\"pt-BR\"},{\"@type\":\"Organization\",\"@id\":\"https:\/\/agenciainfra.com\/blog\/#organization\",\"name\":\"Ag\u00eancia iNFRA\",\"url\":\"https:\/\/agenciainfra.com\/blog\/\",\"logo\":{\"@type\":\"ImageObject\",\"inLanguage\":\"pt-BR\",\"@id\":\"https:\/\/agenciainfra.com\/blog\/#\/schema\/logo\/image\/\",\"url\":\"https:\/\/agenciainfra.com\/blog\/wp-content\/uploads\/2023\/09\/iNFRA_5-e1761735885940.png\",\"contentUrl\":\"https:\/\/agenciainfra.com\/blog\/wp-content\/uploads\/2023\/09\/iNFRA_5-e1761735885940.png\",\"width\":1672,\"height\":454,\"caption\":\"Ag\u00eancia iNFRA\"},\"image\":{\"@id\":\"https:\/\/agenciainfra.com\/blog\/#\/schema\/logo\/image\/\"},\"sameAs\":[\"https:\/\/www.facebook.com\/ageninfra\",\"https:\/\/x.com\/agencia_infra\",\"https:\/\/www.linkedin.com\/company\/ag\u00eanciainfra\/\",\"https:\/\/www.instagram.com\/agenciainfra\/\"]},{\"@type\":\"Person\",\"@id\":\"https:\/\/agenciainfra.com\/blog\/#\/schema\/person\/34af08dff6adea4cb22b06612ba7acfa\",\"name\":\"Ag\u00eancia iNFRA\",\"image\":{\"@type\":\"ImageObject\",\"inLanguage\":\"pt-BR\",\"@id\":\"https:\/\/agenciainfra.com\/blog\/#\/schema\/person\/image\/\",\"url\":\"https:\/\/secure.gravatar.com\/avatar\/d189e01678f06d8eb84d4e01f08eb848b3fffe3f8443818d3c356c66892f5be8?s=96&d=mm&r=g\",\"contentUrl\":\"https:\/\/secure.gravatar.com\/avatar\/d189e01678f06d8eb84d4e01f08eb848b3fffe3f8443818d3c356c66892f5be8?s=96&d=mm&r=g\",\"caption\":\"Ag\u00eancia iNFRA\"},\"url\":\"https:\/\/agenciainfra.com\/blog\/author\/admin\/\"}]}<\/script>\n<!-- \/ Yoast SEO Premium plugin. -->","yoast_head_json":{"title":"Firjan defende coordena\u00e7\u00e3o administrativa entre Gale\u00e3o e Santos Dumont - Ag\u00eancia iNFRA","robots":{"index":"index","follow":"follow","max-snippet":"max-snippet:-1","max-image-preview":"max-image-preview:large","max-video-preview":"max-video-preview:-1"},"canonical":"https:\/\/agenciainfra.com\/blog\/firjan-defende-coordenacao-administrativa-entre-galeao-e-santos-dumont\/","og_locale":"pt_BR","og_type":"article","og_title":"Firjan defende coordena\u00e7\u00e3o administrativa entre Gale\u00e3o e Santos Dumont","og_description":"Jenifer Ribeiro, da&nbsp;Ag\u00eancia iNFRA O consenso entre as administra\u00e7\u00f5es dos aeroportos do Gale\u00e3o e Santos Dumont poderia levar a uma inje\u00e7\u00e3o de R$ 4,5 bilh\u00f5es na economia do Rio de Janeiro. A uni\u00e3o das duas unidades foi a principal ideia defendida pelos participantes do evento \u201cHub Econ\u00f4mico: Reconectando o Rio com o Brasil e o [&hellip;]","og_url":"https:\/\/agenciainfra.com\/blog\/firjan-defende-coordenacao-administrativa-entre-galeao-e-santos-dumont\/","og_site_name":"Ag\u00eancia iNFRA","article_publisher":"https:\/\/www.facebook.com\/ageninfra","article_published_time":"2021-08-25T11:00:00+00:00","article_modified_time":"2021-08-25T19:48:48+00:00","og_image":[{"width":1280,"height":716,"url":"https:\/\/agenciainfra.com\/blog\/wp-content\/uploads\/2020\/11\/aeroporto-galeao-foto-fernando-frazao-agencia-brasil.jpg","type":"image\/jpeg"}],"author":"Ag\u00eancia iNFRA","twitter_card":"summary_large_image","twitter_creator":"@agencia_infra","twitter_site":"@agencia_infra","twitter_misc":{"Escrito por":"Ag\u00eancia iNFRA","Est. tempo de leitura":"3 minutos"},"schema":{"@context":"https:\/\/schema.org","@graph":[{"@type":"Article","@id":"https:\/\/agenciainfra.com\/blog\/firjan-defende-coordenacao-administrativa-entre-galeao-e-santos-dumont\/#article","isPartOf":{"@id":"https:\/\/agenciainfra.com\/blog\/firjan-defende-coordenacao-administrativa-entre-galeao-e-santos-dumont\/"},"author":{"name":"Ag\u00eancia iNFRA","@id":"https:\/\/agenciainfra.com\/blog\/#\/schema\/person\/34af08dff6adea4cb22b06612ba7acfa"},"headline":"Firjan defende coordena\u00e7\u00e3o administrativa entre Gale\u00e3o e Santos Dumont","datePublished":"2021-08-25T11:00:00+00:00","dateModified":"2021-08-25T19:48:48+00:00","mainEntityOfPage":{"@id":"https:\/\/agenciainfra.com\/blog\/firjan-defende-coordenacao-administrativa-entre-galeao-e-santos-dumont\/"},"wordCount":589,"publisher":{"@id":"https:\/\/agenciainfra.com\/blog\/#organization"},"image":{"@id":"https:\/\/agenciainfra.com\/blog\/firjan-defende-coordenacao-administrativa-entre-galeao-e-santos-dumont\/#primaryimage"},"thumbnailUrl":"https:\/\/agenciainfra.com\/blog\/wp-content\/uploads\/2020\/11\/aeroporto-galeao-foto-fernando-frazao-agencia-brasil.jpg","keywords":["Aeroporto do Gale\u00e3o","Aeroporto Santos Dumont","avia\u00e7\u00e3o civil","concess\u00f5es aeroportu\u00e1rias","Firjan","Rio de Janeiro","transporte a\u00e9reo","turismo"],"articleSection":["Geral","iNFRATransporte"],"inLanguage":"pt-BR","copyrightYear":"2021","copyrightHolder":{"@id":"https:\/\/agenciainfra.com\/blog\/#organization"}},{"@type":"WebPage","@id":"https:\/\/agenciainfra.com\/blog\/firjan-defende-coordenacao-administrativa-entre-galeao-e-santos-dumont\/","url":"https:\/\/agenciainfra.com\/blog\/firjan-defende-coordenacao-administrativa-entre-galeao-e-santos-dumont\/","name":"Firjan defende coordena\u00e7\u00e3o administrativa entre Gale\u00e3o e Santos Dumont - Ag\u00eancia iNFRA","isPartOf":{"@id":"https:\/\/agenciainfra.com\/blog\/#website"},"primaryImageOfPage":{"@id":"https:\/\/agenciainfra.com\/blog\/firjan-defende-coordenacao-administrativa-entre-galeao-e-santos-dumont\/#primaryimage"},"image":{"@id":"https:\/\/agenciainfra.com\/blog\/firjan-defende-coordenacao-administrativa-entre-galeao-e-santos-dumont\/#primaryimage"},"thumbnailUrl":"https:\/\/agenciainfra.com\/blog\/wp-content\/uploads\/2020\/11\/aeroporto-galeao-foto-fernando-frazao-agencia-brasil.jpg","datePublished":"2021-08-25T11:00:00+00:00","dateModified":"2021-08-25T19:48:48+00:00","breadcrumb":{"@id":"https:\/\/agenciainfra.com\/blog\/firjan-defende-coordenacao-administrativa-entre-galeao-e-santos-dumont\/#breadcrumb"},"inLanguage":"pt-BR","potentialAction":[{"@type":"ReadAction","target":["https:\/\/agenciainfra.com\/blog\/firjan-defende-coordenacao-administrativa-entre-galeao-e-santos-dumont\/"]}]},{"@type":"ImageObject","inLanguage":"pt-BR","@id":"https:\/\/agenciainfra.com\/blog\/firjan-defende-coordenacao-administrativa-entre-galeao-e-santos-dumont\/#primaryimage","url":"https:\/\/agenciainfra.com\/blog\/wp-content\/uploads\/2020\/11\/aeroporto-galeao-foto-fernando-frazao-agencia-brasil.jpg","contentUrl":"https:\/\/agenciainfra.com\/blog\/wp-content\/uploads\/2020\/11\/aeroporto-galeao-foto-fernando-frazao-agencia-brasil.jpg","width":1280,"height":716},{"@type":"BreadcrumbList","@id":"https:\/\/agenciainfra.com\/blog\/firjan-defende-coordenacao-administrativa-entre-galeao-e-santos-dumont\/#breadcrumb","itemListElement":[{"@type":"ListItem","position":1,"name":"In\u00edcio","item":"https:\/\/agenciainfra.com\/blog\/"},{"@type":"ListItem","position":2,"name":"Firjan defende coordena\u00e7\u00e3o administrativa entre Gale\u00e3o e Santos Dumont"}]},{"@type":"WebSite","@id":"https:\/\/agenciainfra.com\/blog\/#website","url":"https:\/\/agenciainfra.com\/blog\/","name":"Ag\u00eancia iNFRA","description":"Multiplataforma de informa\u00e7\u00e3o jornal\u00edstica refer\u00eancia na \u00e1rea de infraestrutura no Brasil!","publisher":{"@id":"https:\/\/agenciainfra.com\/blog\/#organization"},"potentialAction":[{"@type":"SearchAction","target":{"@type":"EntryPoint","urlTemplate":"https:\/\/agenciainfra.com\/blog\/?s={search_term_string}"},"query-input":{"@type":"PropertyValueSpecification","valueRequired":true,"valueName":"search_term_string"}}],"inLanguage":"pt-BR"},{"@type":"Organization","@id":"https:\/\/agenciainfra.com\/blog\/#organization","name":"Ag\u00eancia iNFRA","url":"https:\/\/agenciainfra.com\/blog\/","logo":{"@type":"ImageObject","inLanguage":"pt-BR","@id":"https:\/\/agenciainfra.com\/blog\/#\/schema\/logo\/image\/","url":"https:\/\/agenciainfra.com\/blog\/wp-content\/uploads\/2023\/09\/iNFRA_5-e1761735885940.png","contentUrl":"https:\/\/agenciainfra.com\/blog\/wp-content\/uploads\/2023\/09\/iNFRA_5-e1761735885940.png","width":1672,"height":454,"caption":"Ag\u00eancia iNFRA"},"image":{"@id":"https:\/\/agenciainfra.com\/blog\/#\/schema\/logo\/image\/"},"sameAs":["https:\/\/www.facebook.com\/ageninfra","https:\/\/x.com\/agencia_infra","https:\/\/www.linkedin.com\/company\/ag\u00eanciainfra\/","https:\/\/www.instagram.com\/agenciainfra\/"]},{"@type":"Person","@id":"https:\/\/agenciainfra.com\/blog\/#\/schema\/person\/34af08dff6adea4cb22b06612ba7acfa","name":"Ag\u00eancia iNFRA","image":{"@type":"ImageObject","inLanguage":"pt-BR","@id":"https:\/\/agenciainfra.com\/blog\/#\/schema\/person\/image\/","url":"https:\/\/secure.gravatar.com\/avatar\/d189e01678f06d8eb84d4e01f08eb848b3fffe3f8443818d3c356c66892f5be8?s=96&d=mm&r=g","contentUrl":"https:\/\/secure.gravatar.com\/avatar\/d189e01678f06d8eb84d4e01f08eb848b3fffe3f8443818d3c356c66892f5be8?s=96&d=mm&r=g","caption":"Ag\u00eancia iNFRA"},"url":"https:\/\/agenciainfra.com\/blog\/author\/admin\/"}]}},"_links":{"self":[{"href":"https:\/\/agenciainfra.com\/blog\/wp-json\/wp\/v2\/posts\/8121","targetHints":{"allow":["GET"]}}],"collection":[{"href":"https:\/\/agenciainfra.com\/blog\/wp-json\/wp\/v2\/posts"}],"about":[{"href":"https:\/\/agenciainfra.com\/blog\/wp-json\/wp\/v2\/types\/post"}],"author":[{"embeddable":true,"href":"https:\/\/agenciainfra.com\/blog\/wp-json\/wp\/v2\/users\/1"}],"replies":[{"embeddable":true,"href":"https:\/\/agenciainfra.com\/blog\/wp-json\/wp\/v2\/comments?post=8121"}],"version-history":[{"count":0,"href":"https:\/\/agenciainfra.com\/blog\/wp-json\/wp\/v2\/posts\/8121\/revisions"}],"wp:featuredmedia":[{"embeddable":true,"href":"https:\/\/agenciainfra.com\/blog\/wp-json\/wp\/v2\/media\/6445"}],"wp:attachment":[{"href":"https:\/\/agenciainfra.com\/blog\/wp-json\/wp\/v2\/media?parent=8121"}],"wp:term":[{"taxonomy":"category","embeddable":true,"href":"https:\/\/agenciainfra.com\/blog\/wp-json\/wp\/v2\/categories?post=8121"},{"taxonomy":"post_tag","embeddable":true,"href":"https:\/\/agenciainfra.com\/blog\/wp-json\/wp\/v2\/tags?post=8121"}],"curies":[{"name":"wp","href":"https:\/\/api.w.org\/{rel}","templated":true}]}}