{"id":8135,"date":"2021-08-27T08:00:00","date_gmt":"2021-08-27T11:00:00","guid":{"rendered":"https:\/\/www.agenciainfra.com\/blog\/?p=8135"},"modified":"2021-08-25T10:06:18","modified_gmt":"2021-08-25T13:06:18","slug":"concessionario-do-porto-de-santos-sp-precisara-desenvolver-novas-areas","status":"publish","type":"post","link":"https:\/\/agenciainfra.com\/blog\/concessionario-do-porto-de-santos-sp-precisara-desenvolver-novas-areas\/","title":{"rendered":"Concession\u00e1rio do Porto de Santos precisar\u00e1 desenvolver novas \u00e1reas"},"content":{"rendered":"\n<p class=\"has-text-align-right\"><strong>Tales Silveira, da&nbsp;Ag\u00eancia iNFRA<\/strong><\/p>\n\n\n\n<p>O diretor-presidente da SPA (Santos Port Authority), Fernando Biral, afirmou que o modelo de desestatiza\u00e7\u00e3o do Porto de Santos (SP) prev\u00ea que o futuro concession\u00e1rio ser\u00e1 o respons\u00e1vel por desenvolver a \u00e1rea do\u00a0fundo do canal do porto.<br>\u00a0<br>A afirma\u00e7\u00e3o foi feita\u00a0durante apresenta\u00e7\u00e3o no Santos Export, encontro realizado na \u00faltima ter\u00e7a-feira (24), no Guaruj\u00e1 (SP).\u00a0Segundo Biral, o conceito de porto-ind\u00fastria, formado por clusters industriais pr\u00f3ximos aos portos, pode ser implementado. Contudo, a maior preocupa\u00e7\u00e3o atual da SPA \u00e9 o desenvolvimento do fundo do canal portu\u00e1rio.<br>\u00a0<br>\u201cO porto pode ser futuramente entendido como porto-ind\u00fastria. Mas n\u00e3o tem como colocar ind\u00fastrias l\u00e1 dentro agora porque toda a \u00e1rea, que \u00e9 pequena, j\u00e1 est\u00e1 arrendada. O grande desafio neste momento \u00e9 desenvolver [a \u00e1rea do] fundo do canal, o que dever\u00e1 ser uma obriga\u00e7\u00e3o a ser passada para o futuro concession\u00e1rio\u201d, disse.<br>\u00a0<br>Ainda de acordo com o diretor-presidente, o contrato ter\u00e1 gatilhos para que o futuro landlord deva desenvolver novos locais.\u00a0O objetivo \u00e9 que o porto possa atender futuros aumentos nas demandas.<br>\u00a0<br>\u201cNo modelo de desestatiza\u00e7\u00e3o, provavelmente teremos gatilho para a necessidade de novos investimentos, a fim de que n\u00e3o haja estrangulamento do porto de Santos. O concession\u00e1rio ter\u00e1 que materializar uma nova \u00e1rea para que n\u00e3o haja esse problema. A ideia \u00e9 n\u00e3o ter de reduzir espa\u00e7os, o que aumentaria os custos dos produtos\u201d, informou o presidente da estatal.<br>\u00a0<br>Biral respondeu tamb\u00e9m sobre preocupa\u00e7\u00f5es dos atuais arrendat\u00e1rios de \u00e1reas no porto\u00a0acerca das renova\u00e7\u00f5es de contratos, defendendo que o modelo privado oferece mais facilidades nas renova\u00e7\u00f5es, uma vez que o modelo p\u00fablico demanda novos processos de licita\u00e7\u00e3o para as \u00e1reas.<br>\u00a0<br><strong>Dessincronia<\/strong><br>No debate sobre o PDZ (Plano de Desenvolvimento e Zoneamento) e da clusteriza\u00e7\u00e3o do Porto de Santos, o consultor da Katalysis, Frederico Bussinger,\u00a0apontou que n\u00e3o h\u00e1 sincronia entre os planos de desenvolvimento do porto e os planos para renova\u00e7\u00e3o dos contratos da Rumo e da MRS no porto.<br>\u00a0<br>&#8220;Analisei o PDZ, o plano mestre, as autoriza\u00e7\u00f5es vigentes e a renova\u00e7\u00e3o da Malha Paulista e da MRS. Se tudo for implantado, o d\u00e9ficit de capacidade ferrovi\u00e1ria ser\u00e1 o dobro do que existe hoje. H\u00e1 uma dessincronia entre os planos. \u00c9 preciso refazer as contas\u201d, disse.<br>\u00a0<br><strong>Ferrovia pronta<\/strong><br>Momentos depois, em outro painel, o diretor-executivo da ANTF (Ag\u00eancia Nacional de Transportes Ferrovi\u00e1rios), Fernando Paes, rebateu as afirma\u00e7\u00f5es trazidas por Bussinger. Ele apontou que as renova\u00e7\u00f5es contratuais das tr\u00eas ferrovias que operam no Porto de Santos (Rumo, MRS e FCA) trar\u00e3o condi\u00e7\u00f5es para realizar o escoamento de carga.<br>\u00a0<br>\u201cA Rumo, com a sua renova\u00e7\u00e3o, vai mais que dobrar a capacidade da Malha Paulista. A MRS tem toda a condi\u00e7\u00e3o de fazer os investimentos necess\u00e1rios na ferradura e de diversificar a carga.\u00a0A ferradura j\u00e1 aumentou de cinco\u00a0para 50 milh\u00f5es de toneladas de capacidade. No plano de neg\u00f3cios, est\u00e1 previsto investimento para que esse n\u00famero chegue a 100 milh\u00f5es de toneladas.\u00a0A FCA vai ampliar os acessos \u00e0 baixada\u201d, explicou.<br>\u00a0<br><strong>Mais rodovia<\/strong><br>O segundo painel contou ainda com o diretor de Concess\u00f5es Rodovi\u00e1rias do Grupo EcoRodovias, Rui Klein. Ele relatou que a rodovia est\u00e1 capacitada para aguentar o aumento no n\u00famero de carga a ser transportada pela rodovia. Mas pontuou que novos projetos para aumentar os escoamentos devem ser discutidos com o governo.<br>\u00a0<br>\u201cO n\u00famero que ir\u00e1 ser incrementado n\u00f3s aguentamos, mas com uma opera\u00e7\u00e3o mais delicada. Entendemos que h\u00e1 de se trabalhar novos projetos\u201d, comentou.<br>\u00a0<br><strong>Perdas<\/strong><br>O diretor-executivo da Centronave (Centro Nacional de Navega\u00e7\u00e3o Transatl\u00e2ntica), Cl\u00e1udio Loureiro, apontou que, atualmente, o calado de acesso ao Porto afeta a embarca\u00e7\u00e3o de carga nos navios.\u00a0<br>\u00a0<br>\u201cEm um navio que hoje frequenta Santos, a cada cent\u00edmetro\u00a0de perda de calado eu deixo de embarcar 110, 120 toneladas de carga. Isso d\u00e1 em torno de 8 a 12 cont\u00eaineres, dependendo do peso m\u00e9dio da carga. S\u00e3o 500 mil TEUs ano. Perda de 15% de produtividade. Tamb\u00e9m precisamos cuidar de todos os acessos de forma hol\u00edstica. Caso isso n\u00e3o aconte\u00e7a, n\u00e3o conseguiremos aumentar a produtividade global de opera\u00e7\u00e3o\u201d, disse.<\/p>\n","protected":false},"excerpt":{"rendered":"<p>Tales Silveira, da&nbsp;Ag\u00eancia iNFRA O diretor-presidente da SPA (Santos Port Authority), Fernando Biral, afirmou que o modelo de desestatiza\u00e7\u00e3o do Porto de Santos (SP) prev\u00ea que o futuro concession\u00e1rio ser\u00e1 o respons\u00e1vel por desenvolver a \u00e1rea do\u00a0fundo do canal do porto.\u00a0A afirma\u00e7\u00e3o foi feita\u00a0durante apresenta\u00e7\u00e3o no Santos Export, encontro realizado na \u00faltima ter\u00e7a-feira (24), no [&hellip;]<\/p>\n","protected":false},"author":1,"featured_media":6321,"comment_status":"closed","ping_status":"closed","sticky":false,"template":"","format":"standard","meta":{"_monsterinsights_skip_tracking":false,"_monsterinsights_sitenote_active":false,"_monsterinsights_sitenote_note":"","_monsterinsights_sitenote_category":0,"footnotes":""},"categories":[1,7],"tags":[4952,244,4840,192,120,2229,260,126,1941,617],"class_list":["post-8135","post","type-post","status-publish","format-standard","has-post-thumbnail","hentry","category-geral","category-infratransporte","tag-canal-portuario","tag-concessionarias","tag-contratos-de-concessao","tag-desestatizacao","tag-ferrovias","tag-pdz","tag-porto-de-santos","tag-rodovias","tag-spa","tag-transporte"],"yoast_head":"<!-- This site is optimized with the Yoast SEO Premium plugin v25.4 (Yoast SEO v26.0) - https:\/\/yoast.com\/wordpress\/plugins\/seo\/ -->\n<title>Concession\u00e1rio do Porto de Santos precisar\u00e1 desenvolver novas \u00e1reas - Ag\u00eancia iNFRA<\/title>\n<meta name=\"robots\" content=\"index, follow, max-snippet:-1, max-image-preview:large, max-video-preview:-1\" \/>\n<link rel=\"canonical\" href=\"https:\/\/agenciainfra.com\/blog\/concessionario-do-porto-de-santos-sp-precisara-desenvolver-novas-areas\/\" \/>\n<meta property=\"og:locale\" content=\"pt_BR\" \/>\n<meta property=\"og:type\" content=\"article\" \/>\n<meta property=\"og:title\" content=\"Concession\u00e1rio do Porto de Santos precisar\u00e1 desenvolver novas \u00e1reas\" \/>\n<meta property=\"og:description\" content=\"Tales Silveira, da&nbsp;Ag\u00eancia iNFRA O diretor-presidente da SPA (Santos Port Authority), Fernando Biral, afirmou que o modelo de desestatiza\u00e7\u00e3o do Porto de Santos (SP) prev\u00ea que o futuro concession\u00e1rio ser\u00e1 o respons\u00e1vel por desenvolver a \u00e1rea do\u00a0fundo do canal do porto.\u00a0A afirma\u00e7\u00e3o foi feita\u00a0durante apresenta\u00e7\u00e3o no Santos Export, encontro realizado na \u00faltima ter\u00e7a-feira (24), no [&hellip;]\" \/>\n<meta property=\"og:url\" content=\"https:\/\/agenciainfra.com\/blog\/concessionario-do-porto-de-santos-sp-precisara-desenvolver-novas-areas\/\" \/>\n<meta property=\"og:site_name\" content=\"Ag\u00eancia iNFRA\" \/>\n<meta property=\"article:publisher\" content=\"https:\/\/www.facebook.com\/ageninfra\" \/>\n<meta property=\"article:published_time\" content=\"2021-08-27T11:00:00+00:00\" \/>\n<meta property=\"og:image\" content=\"https:\/\/agenciainfra.com\/blog\/wp-content\/uploads\/2020\/11\/terminal-portuario-santos-foto-ppi-1024x682.png\" \/>\n\t<meta property=\"og:image:width\" content=\"1024\" \/>\n\t<meta property=\"og:image:height\" content=\"682\" \/>\n\t<meta property=\"og:image:type\" content=\"image\/png\" \/>\n<meta name=\"author\" content=\"Ag\u00eancia iNFRA\" \/>\n<meta name=\"twitter:card\" content=\"summary_large_image\" \/>\n<meta name=\"twitter:creator\" content=\"@agencia_infra\" \/>\n<meta name=\"twitter:site\" content=\"@agencia_infra\" \/>\n<meta name=\"twitter:label1\" content=\"Escrito por\" \/>\n\t<meta name=\"twitter:data1\" content=\"Ag\u00eancia iNFRA\" \/>\n\t<meta name=\"twitter:label2\" content=\"Est. tempo de leitura\" \/>\n\t<meta name=\"twitter:data2\" content=\"4 minutos\" \/>\n<script type=\"application\/ld+json\" class=\"yoast-schema-graph\">{\"@context\":\"https:\/\/schema.org\",\"@graph\":[{\"@type\":\"Article\",\"@id\":\"https:\/\/agenciainfra.com\/blog\/concessionario-do-porto-de-santos-sp-precisara-desenvolver-novas-areas\/#article\",\"isPartOf\":{\"@id\":\"https:\/\/agenciainfra.com\/blog\/concessionario-do-porto-de-santos-sp-precisara-desenvolver-novas-areas\/\"},\"author\":{\"name\":\"Ag\u00eancia iNFRA\",\"@id\":\"https:\/\/agenciainfra.com\/blog\/#\/schema\/person\/34af08dff6adea4cb22b06612ba7acfa\"},\"headline\":\"Concession\u00e1rio do Porto de Santos precisar\u00e1 desenvolver novas \u00e1reas\",\"datePublished\":\"2021-08-27T11:00:00+00:00\",\"mainEntityOfPage\":{\"@id\":\"https:\/\/agenciainfra.com\/blog\/concessionario-do-porto-de-santos-sp-precisara-desenvolver-novas-areas\/\"},\"wordCount\":735,\"publisher\":{\"@id\":\"https:\/\/agenciainfra.com\/blog\/#organization\"},\"image\":{\"@id\":\"https:\/\/agenciainfra.com\/blog\/concessionario-do-porto-de-santos-sp-precisara-desenvolver-novas-areas\/#primaryimage\"},\"thumbnailUrl\":\"https:\/\/agenciainfra.com\/blog\/wp-content\/uploads\/2020\/11\/terminal-portuario-santos-foto-ppi.png\",\"keywords\":[\"canal portu\u00e1rio\",\"concession\u00e1rias\",\"contratos de concess\u00e3o\",\"desestatiza\u00e7\u00e3o\",\"Ferrovias\",\"PDZ\",\"Porto de Santos\",\"rodovias\",\"SPA\",\"transporte\"],\"articleSection\":[\"Geral\",\"iNFRATransporte\"],\"inLanguage\":\"pt-BR\",\"copyrightYear\":\"2021\",\"copyrightHolder\":{\"@id\":\"https:\/\/agenciainfra.com\/blog\/#organization\"}},{\"@type\":\"WebPage\",\"@id\":\"https:\/\/agenciainfra.com\/blog\/concessionario-do-porto-de-santos-sp-precisara-desenvolver-novas-areas\/\",\"url\":\"https:\/\/agenciainfra.com\/blog\/concessionario-do-porto-de-santos-sp-precisara-desenvolver-novas-areas\/\",\"name\":\"Concession\u00e1rio do Porto de Santos precisar\u00e1 desenvolver novas \u00e1reas - Ag\u00eancia iNFRA\",\"isPartOf\":{\"@id\":\"https:\/\/agenciainfra.com\/blog\/#website\"},\"primaryImageOfPage\":{\"@id\":\"https:\/\/agenciainfra.com\/blog\/concessionario-do-porto-de-santos-sp-precisara-desenvolver-novas-areas\/#primaryimage\"},\"image\":{\"@id\":\"https:\/\/agenciainfra.com\/blog\/concessionario-do-porto-de-santos-sp-precisara-desenvolver-novas-areas\/#primaryimage\"},\"thumbnailUrl\":\"https:\/\/agenciainfra.com\/blog\/wp-content\/uploads\/2020\/11\/terminal-portuario-santos-foto-ppi.png\",\"datePublished\":\"2021-08-27T11:00:00+00:00\",\"breadcrumb\":{\"@id\":\"https:\/\/agenciainfra.com\/blog\/concessionario-do-porto-de-santos-sp-precisara-desenvolver-novas-areas\/#breadcrumb\"},\"inLanguage\":\"pt-BR\",\"potentialAction\":[{\"@type\":\"ReadAction\",\"target\":[\"https:\/\/agenciainfra.com\/blog\/concessionario-do-porto-de-santos-sp-precisara-desenvolver-novas-areas\/\"]}]},{\"@type\":\"ImageObject\",\"inLanguage\":\"pt-BR\",\"@id\":\"https:\/\/agenciainfra.com\/blog\/concessionario-do-porto-de-santos-sp-precisara-desenvolver-novas-areas\/#primaryimage\",\"url\":\"https:\/\/agenciainfra.com\/blog\/wp-content\/uploads\/2020\/11\/terminal-portuario-santos-foto-ppi.png\",\"contentUrl\":\"https:\/\/agenciainfra.com\/blog\/wp-content\/uploads\/2020\/11\/terminal-portuario-santos-foto-ppi.png\",\"width\":1280,\"height\":853},{\"@type\":\"BreadcrumbList\",\"@id\":\"https:\/\/agenciainfra.com\/blog\/concessionario-do-porto-de-santos-sp-precisara-desenvolver-novas-areas\/#breadcrumb\",\"itemListElement\":[{\"@type\":\"ListItem\",\"position\":1,\"name\":\"In\u00edcio\",\"item\":\"https:\/\/agenciainfra.com\/blog\/\"},{\"@type\":\"ListItem\",\"position\":2,\"name\":\"Concession\u00e1rio do Porto de Santos precisar\u00e1 desenvolver novas \u00e1reas\"}]},{\"@type\":\"WebSite\",\"@id\":\"https:\/\/agenciainfra.com\/blog\/#website\",\"url\":\"https:\/\/agenciainfra.com\/blog\/\",\"name\":\"Ag\u00eancia iNFRA\",\"description\":\"Multiplataforma de informa\u00e7\u00e3o jornal\u00edstica refer\u00eancia na \u00e1rea de infraestrutura no Brasil!\",\"publisher\":{\"@id\":\"https:\/\/agenciainfra.com\/blog\/#organization\"},\"potentialAction\":[{\"@type\":\"SearchAction\",\"target\":{\"@type\":\"EntryPoint\",\"urlTemplate\":\"https:\/\/agenciainfra.com\/blog\/?s={search_term_string}\"},\"query-input\":{\"@type\":\"PropertyValueSpecification\",\"valueRequired\":true,\"valueName\":\"search_term_string\"}}],\"inLanguage\":\"pt-BR\"},{\"@type\":\"Organization\",\"@id\":\"https:\/\/agenciainfra.com\/blog\/#organization\",\"name\":\"Ag\u00eancia iNFRA\",\"url\":\"https:\/\/agenciainfra.com\/blog\/\",\"logo\":{\"@type\":\"ImageObject\",\"inLanguage\":\"pt-BR\",\"@id\":\"https:\/\/agenciainfra.com\/blog\/#\/schema\/logo\/image\/\",\"url\":\"https:\/\/agenciainfra.com\/blog\/wp-content\/uploads\/2023\/09\/iNFRA_5-e1761735885940.png\",\"contentUrl\":\"https:\/\/agenciainfra.com\/blog\/wp-content\/uploads\/2023\/09\/iNFRA_5-e1761735885940.png\",\"width\":1672,\"height\":454,\"caption\":\"Ag\u00eancia iNFRA\"},\"image\":{\"@id\":\"https:\/\/agenciainfra.com\/blog\/#\/schema\/logo\/image\/\"},\"sameAs\":[\"https:\/\/www.facebook.com\/ageninfra\",\"https:\/\/x.com\/agencia_infra\",\"https:\/\/www.linkedin.com\/company\/ag\u00eanciainfra\/\",\"https:\/\/www.instagram.com\/agenciainfra\/\"]},{\"@type\":\"Person\",\"@id\":\"https:\/\/agenciainfra.com\/blog\/#\/schema\/person\/34af08dff6adea4cb22b06612ba7acfa\",\"name\":\"Ag\u00eancia iNFRA\",\"image\":{\"@type\":\"ImageObject\",\"inLanguage\":\"pt-BR\",\"@id\":\"https:\/\/agenciainfra.com\/blog\/#\/schema\/person\/image\/\",\"url\":\"https:\/\/secure.gravatar.com\/avatar\/d189e01678f06d8eb84d4e01f08eb848b3fffe3f8443818d3c356c66892f5be8?s=96&d=mm&r=g\",\"contentUrl\":\"https:\/\/secure.gravatar.com\/avatar\/d189e01678f06d8eb84d4e01f08eb848b3fffe3f8443818d3c356c66892f5be8?s=96&d=mm&r=g\",\"caption\":\"Ag\u00eancia iNFRA\"},\"url\":\"https:\/\/agenciainfra.com\/blog\/author\/admin\/\"}]}<\/script>\n<!-- \/ Yoast SEO Premium plugin. -->","yoast_head_json":{"title":"Concession\u00e1rio do Porto de Santos precisar\u00e1 desenvolver novas \u00e1reas - Ag\u00eancia iNFRA","robots":{"index":"index","follow":"follow","max-snippet":"max-snippet:-1","max-image-preview":"max-image-preview:large","max-video-preview":"max-video-preview:-1"},"canonical":"https:\/\/agenciainfra.com\/blog\/concessionario-do-porto-de-santos-sp-precisara-desenvolver-novas-areas\/","og_locale":"pt_BR","og_type":"article","og_title":"Concession\u00e1rio do Porto de Santos precisar\u00e1 desenvolver novas \u00e1reas","og_description":"Tales Silveira, da&nbsp;Ag\u00eancia iNFRA O diretor-presidente da SPA (Santos Port Authority), Fernando Biral, afirmou que o modelo de desestatiza\u00e7\u00e3o do Porto de Santos (SP) prev\u00ea que o futuro concession\u00e1rio ser\u00e1 o respons\u00e1vel por desenvolver a \u00e1rea do\u00a0fundo do canal do porto.\u00a0A afirma\u00e7\u00e3o foi feita\u00a0durante apresenta\u00e7\u00e3o no Santos Export, encontro realizado na \u00faltima ter\u00e7a-feira (24), no [&hellip;]","og_url":"https:\/\/agenciainfra.com\/blog\/concessionario-do-porto-de-santos-sp-precisara-desenvolver-novas-areas\/","og_site_name":"Ag\u00eancia iNFRA","article_publisher":"https:\/\/www.facebook.com\/ageninfra","article_published_time":"2021-08-27T11:00:00+00:00","og_image":[{"width":1024,"height":682,"url":"https:\/\/agenciainfra.com\/blog\/wp-content\/uploads\/2020\/11\/terminal-portuario-santos-foto-ppi-1024x682.png","type":"image\/png"}],"author":"Ag\u00eancia iNFRA","twitter_card":"summary_large_image","twitter_creator":"@agencia_infra","twitter_site":"@agencia_infra","twitter_misc":{"Escrito por":"Ag\u00eancia iNFRA","Est. tempo de leitura":"4 minutos"},"schema":{"@context":"https:\/\/schema.org","@graph":[{"@type":"Article","@id":"https:\/\/agenciainfra.com\/blog\/concessionario-do-porto-de-santos-sp-precisara-desenvolver-novas-areas\/#article","isPartOf":{"@id":"https:\/\/agenciainfra.com\/blog\/concessionario-do-porto-de-santos-sp-precisara-desenvolver-novas-areas\/"},"author":{"name":"Ag\u00eancia iNFRA","@id":"https:\/\/agenciainfra.com\/blog\/#\/schema\/person\/34af08dff6adea4cb22b06612ba7acfa"},"headline":"Concession\u00e1rio do Porto de Santos precisar\u00e1 desenvolver novas \u00e1reas","datePublished":"2021-08-27T11:00:00+00:00","mainEntityOfPage":{"@id":"https:\/\/agenciainfra.com\/blog\/concessionario-do-porto-de-santos-sp-precisara-desenvolver-novas-areas\/"},"wordCount":735,"publisher":{"@id":"https:\/\/agenciainfra.com\/blog\/#organization"},"image":{"@id":"https:\/\/agenciainfra.com\/blog\/concessionario-do-porto-de-santos-sp-precisara-desenvolver-novas-areas\/#primaryimage"},"thumbnailUrl":"https:\/\/agenciainfra.com\/blog\/wp-content\/uploads\/2020\/11\/terminal-portuario-santos-foto-ppi.png","keywords":["canal portu\u00e1rio","concession\u00e1rias","contratos de concess\u00e3o","desestatiza\u00e7\u00e3o","Ferrovias","PDZ","Porto de Santos","rodovias","SPA","transporte"],"articleSection":["Geral","iNFRATransporte"],"inLanguage":"pt-BR","copyrightYear":"2021","copyrightHolder":{"@id":"https:\/\/agenciainfra.com\/blog\/#organization"}},{"@type":"WebPage","@id":"https:\/\/agenciainfra.com\/blog\/concessionario-do-porto-de-santos-sp-precisara-desenvolver-novas-areas\/","url":"https:\/\/agenciainfra.com\/blog\/concessionario-do-porto-de-santos-sp-precisara-desenvolver-novas-areas\/","name":"Concession\u00e1rio do Porto de Santos precisar\u00e1 desenvolver novas \u00e1reas - Ag\u00eancia iNFRA","isPartOf":{"@id":"https:\/\/agenciainfra.com\/blog\/#website"},"primaryImageOfPage":{"@id":"https:\/\/agenciainfra.com\/blog\/concessionario-do-porto-de-santos-sp-precisara-desenvolver-novas-areas\/#primaryimage"},"image":{"@id":"https:\/\/agenciainfra.com\/blog\/concessionario-do-porto-de-santos-sp-precisara-desenvolver-novas-areas\/#primaryimage"},"thumbnailUrl":"https:\/\/agenciainfra.com\/blog\/wp-content\/uploads\/2020\/11\/terminal-portuario-santos-foto-ppi.png","datePublished":"2021-08-27T11:00:00+00:00","breadcrumb":{"@id":"https:\/\/agenciainfra.com\/blog\/concessionario-do-porto-de-santos-sp-precisara-desenvolver-novas-areas\/#breadcrumb"},"inLanguage":"pt-BR","potentialAction":[{"@type":"ReadAction","target":["https:\/\/agenciainfra.com\/blog\/concessionario-do-porto-de-santos-sp-precisara-desenvolver-novas-areas\/"]}]},{"@type":"ImageObject","inLanguage":"pt-BR","@id":"https:\/\/agenciainfra.com\/blog\/concessionario-do-porto-de-santos-sp-precisara-desenvolver-novas-areas\/#primaryimage","url":"https:\/\/agenciainfra.com\/blog\/wp-content\/uploads\/2020\/11\/terminal-portuario-santos-foto-ppi.png","contentUrl":"https:\/\/agenciainfra.com\/blog\/wp-content\/uploads\/2020\/11\/terminal-portuario-santos-foto-ppi.png","width":1280,"height":853},{"@type":"BreadcrumbList","@id":"https:\/\/agenciainfra.com\/blog\/concessionario-do-porto-de-santos-sp-precisara-desenvolver-novas-areas\/#breadcrumb","itemListElement":[{"@type":"ListItem","position":1,"name":"In\u00edcio","item":"https:\/\/agenciainfra.com\/blog\/"},{"@type":"ListItem","position":2,"name":"Concession\u00e1rio do Porto de Santos precisar\u00e1 desenvolver novas \u00e1reas"}]},{"@type":"WebSite","@id":"https:\/\/agenciainfra.com\/blog\/#website","url":"https:\/\/agenciainfra.com\/blog\/","name":"Ag\u00eancia iNFRA","description":"Multiplataforma de informa\u00e7\u00e3o jornal\u00edstica refer\u00eancia na \u00e1rea de infraestrutura no Brasil!","publisher":{"@id":"https:\/\/agenciainfra.com\/blog\/#organization"},"potentialAction":[{"@type":"SearchAction","target":{"@type":"EntryPoint","urlTemplate":"https:\/\/agenciainfra.com\/blog\/?s={search_term_string}"},"query-input":{"@type":"PropertyValueSpecification","valueRequired":true,"valueName":"search_term_string"}}],"inLanguage":"pt-BR"},{"@type":"Organization","@id":"https:\/\/agenciainfra.com\/blog\/#organization","name":"Ag\u00eancia iNFRA","url":"https:\/\/agenciainfra.com\/blog\/","logo":{"@type":"ImageObject","inLanguage":"pt-BR","@id":"https:\/\/agenciainfra.com\/blog\/#\/schema\/logo\/image\/","url":"https:\/\/agenciainfra.com\/blog\/wp-content\/uploads\/2023\/09\/iNFRA_5-e1761735885940.png","contentUrl":"https:\/\/agenciainfra.com\/blog\/wp-content\/uploads\/2023\/09\/iNFRA_5-e1761735885940.png","width":1672,"height":454,"caption":"Ag\u00eancia iNFRA"},"image":{"@id":"https:\/\/agenciainfra.com\/blog\/#\/schema\/logo\/image\/"},"sameAs":["https:\/\/www.facebook.com\/ageninfra","https:\/\/x.com\/agencia_infra","https:\/\/www.linkedin.com\/company\/ag\u00eanciainfra\/","https:\/\/www.instagram.com\/agenciainfra\/"]},{"@type":"Person","@id":"https:\/\/agenciainfra.com\/blog\/#\/schema\/person\/34af08dff6adea4cb22b06612ba7acfa","name":"Ag\u00eancia iNFRA","image":{"@type":"ImageObject","inLanguage":"pt-BR","@id":"https:\/\/agenciainfra.com\/blog\/#\/schema\/person\/image\/","url":"https:\/\/secure.gravatar.com\/avatar\/d189e01678f06d8eb84d4e01f08eb848b3fffe3f8443818d3c356c66892f5be8?s=96&d=mm&r=g","contentUrl":"https:\/\/secure.gravatar.com\/avatar\/d189e01678f06d8eb84d4e01f08eb848b3fffe3f8443818d3c356c66892f5be8?s=96&d=mm&r=g","caption":"Ag\u00eancia iNFRA"},"url":"https:\/\/agenciainfra.com\/blog\/author\/admin\/"}]}},"_links":{"self":[{"href":"https:\/\/agenciainfra.com\/blog\/wp-json\/wp\/v2\/posts\/8135","targetHints":{"allow":["GET"]}}],"collection":[{"href":"https:\/\/agenciainfra.com\/blog\/wp-json\/wp\/v2\/posts"}],"about":[{"href":"https:\/\/agenciainfra.com\/blog\/wp-json\/wp\/v2\/types\/post"}],"author":[{"embeddable":true,"href":"https:\/\/agenciainfra.com\/blog\/wp-json\/wp\/v2\/users\/1"}],"replies":[{"embeddable":true,"href":"https:\/\/agenciainfra.com\/blog\/wp-json\/wp\/v2\/comments?post=8135"}],"version-history":[{"count":0,"href":"https:\/\/agenciainfra.com\/blog\/wp-json\/wp\/v2\/posts\/8135\/revisions"}],"wp:featuredmedia":[{"embeddable":true,"href":"https:\/\/agenciainfra.com\/blog\/wp-json\/wp\/v2\/media\/6321"}],"wp:attachment":[{"href":"https:\/\/agenciainfra.com\/blog\/wp-json\/wp\/v2\/media?parent=8135"}],"wp:term":[{"taxonomy":"category","embeddable":true,"href":"https:\/\/agenciainfra.com\/blog\/wp-json\/wp\/v2\/categories?post=8135"},{"taxonomy":"post_tag","embeddable":true,"href":"https:\/\/agenciainfra.com\/blog\/wp-json\/wp\/v2\/tags?post=8135"}],"curies":[{"name":"wp","href":"https:\/\/api.w.org\/{rel}","templated":true}]}}