{"id":8145,"date":"2021-08-26T11:00:00","date_gmt":"2021-08-26T14:00:00","guid":{"rendered":"https:\/\/www.agenciainfra.com\/blog\/?p=8145"},"modified":"2021-08-26T10:41:56","modified_gmt":"2021-08-26T13:41:56","slug":"deja-vu-os-desafios-da-gestao-de-crise-de-2021","status":"publish","type":"post","link":"https:\/\/agenciainfra.com\/blog\/deja-vu-os-desafios-da-gestao-de-crise-de-2021\/","title":{"rendered":"D\u00e9ja v\u00f9: Os desafios da gest\u00e3o de crise de 2021"},"content":{"rendered":"\n<p class=\"has-text-align-right\"><strong>Roberto Rockmann*<\/strong><\/p>\n\n\n\n<p>Ap\u00f3s meses de idas e vindas, em 8 de maio de 2001, na segunda reuni\u00e3o da hist\u00f3ria do CNPE (Conselho Nacional de Pol\u00edtica Energ\u00e9tica), o governo FHC descobriu o real tamanho da crise de energia. Menos de 72 horas depois, foi criada a C\u00e2mara de Gest\u00e3o de Crise, com poderes terminativos, e sua lideran\u00e7a dada ao ministro da Casa Civil, Pedro Parente. Dez dias ap\u00f3s, em 18 de maio, foi anunciado o plano de racionamento.<\/p>\n\n\n\n<p>Em 5 maio de 2021, o governo atual tornou p\u00fablica a crise h\u00eddrica ap\u00f3s a divulga\u00e7\u00e3o da ata da reuni\u00e3o do CMSE. (Comit\u00ea de Monitoramento do Setor El\u00e9trico).&nbsp;No encontro, inclusive uma das a\u00e7\u00f5es discutidas foi a estrutura\u00e7\u00e3o de \u201cuma campanha de conscientiza\u00e7\u00e3o do uso eficiente da energia el\u00e9trica, bem como indicar a fonte de recursos e prazo para iniciar a campanha e apresentar ao CMSE\u201d.<\/p>\n\n\n\n<p>Tr\u00eas meses e meio depois, anunciaram um plano de redu\u00e7\u00e3o de pr\u00e9dios p\u00fablicos, um programa de redu\u00e7\u00e3o volunt\u00e1ria para a ind\u00fastria e a inten\u00e7\u00e3o de uma iniciativa para premiar com b\u00f4nus a diminui\u00e7\u00e3o do consumo do mercado regulado. Mas o detalhamento da \u00faltima medida e os recursos para banc\u00e1-la ainda s\u00e3o cercados de incertezas, mesmo a dias do in\u00edcio do m\u00eas de setembro. Tamb\u00e9m n\u00e3o se sabe se ser\u00e1 v\u00e1lida para todo o pa\u00eds ou apenas para o Sul e Sudeste.<\/p>\n\n\n\n<p>Simbolicamente, uma diferen\u00e7a visual de quem se sentou \u00e0 mesa para anunciar o plano em 2001 e as medidas desta quarta-feira (25) \u00e9 que h\u00e1 20 anos n\u00e3o existia nem a EPE (Empresa de Pesquisa Energ\u00e9tica) nem a CCEE (C\u00e2mara de Comercializa\u00e7\u00e3o de Energia El\u00e9trica). O mercado livre respondia por menos de 5% da carga no in\u00edcio dos anos 2000. Hoje responde por um ter\u00e7o. J\u00e1 no racionamento de 2001 o planejamento vivia um v\u00e1cuo. Agora a tarefa de planejar est\u00e1 na EPE, mas que h\u00e1 anos sofre o contingenciamento de recursos fiscais.<\/p>\n\n\n\n<p>Em 2001, as pesquisas p\u00fablicas apontaram que a crise era culpa do governo, mas a popula\u00e7\u00e3o e a m\u00eddia compraram a ideia da economia e ajudaram nos primeiros meses a redu\u00e7\u00e3o do consumo se aproximar da meta de 20% ao m\u00eas. Vinte anos depois, o mundo e o Brasil mudaram: a polariza\u00e7\u00e3o, as redes sociais, as fake news, o mau desempenho na pandemia tornaram o cen\u00e1rio muito mais complexo.<\/p>\n\n\n\n<p>Comunica\u00e7\u00e3o, transpar\u00eancia e gest\u00e3o far\u00e3o a diferen\u00e7a de uma crise \u00e0 beira de um ano eleitoral que trar\u00e1 uma pergunta: os custos ser\u00e3o alocados para as tarifas agora ou para o pr\u00f3ximo governo? A coletiva desta quarta n\u00e3o foi um bom sinal.<\/p>\n\n\n\n<h6 class=\"wp-block-heading\" id=\"block-f323f59b-51bf-4eed-b17b-3c7d3b917007\">*Roberto Rockmann \u00e9 escritor e jornalista. Coautor do livro \u201cCurto-Circuito, quando o Brasil quase ficou \u00e0s escuras\u201d e produtor do podcast quinzenal \u201cGiro Energia\u201d sobre o setor el\u00e9trico. Organizou em 2018 o livro de 20 anos do mercado livre de energia el\u00e9trica, editado pela CCEE (C\u00e2mara de Comercializa\u00e7\u00e3o de Energia El\u00e9trica), al\u00e9m de v\u00e1rios outros livros e trabalhos premiados.<\/h6>\n\n\n\n<h5 class=\"wp-block-heading\" id=\"block-5ef42db3-2ed1-4178-8ab5-7a7f312ba102\">As opini\u00f5es dos autores n\u00e3o refletem necessariamente o pensamento da Ag\u00eancia iNFRA, sendo de total responsabilidade do autor as informa\u00e7\u00f5es, ju\u00edzos de valor e conceitos descritos no texto.<\/h5>\n","protected":false},"excerpt":{"rendered":"<p>Roberto Rockmann* Ap\u00f3s meses de idas e vindas, em 8 de maio de 2001, na segunda reuni\u00e3o da hist\u00f3ria do CNPE (Conselho Nacional de Pol\u00edtica Energ\u00e9tica), o governo FHC descobriu o real tamanho da crise de energia. Menos de 72 horas depois, foi criada a C\u00e2mara de Gest\u00e3o de Crise, com poderes terminativos, e sua [&hellip;]<\/p>\n","protected":false},"author":1,"featured_media":0,"comment_status":"closed","ping_status":"closed","sticky":false,"template":"","format":"standard","meta":{"_monsterinsights_skip_tracking":false,"_monsterinsights_sitenote_active":false,"_monsterinsights_sitenote_note":"","_monsterinsights_sitenote_category":0,"footnotes":""},"categories":[1],"tags":[4857,14,792,3004,4379,3487,731,12,1936,4953],"class_list":["post-8145","post","type-post","status-publish","format-standard","hentry","category-geral","tag-camara-de-gestao-da-crise-de-energia","tag-ccee","tag-cmse","tag-cnpe","tag-crise-energetica","tag-crise-hidrica","tag-economia","tag-epe","tag-pandemia","tag-politica-energetica"],"yoast_head":"<!-- This site is optimized with the Yoast SEO Premium plugin v25.4 (Yoast SEO v26.0) - https:\/\/yoast.com\/wordpress\/plugins\/seo\/ -->\n<title>D\u00e9ja v\u00f9: Os desafios da gest\u00e3o de crise de 2021 - Ag\u00eancia iNFRA<\/title>\n<meta name=\"robots\" content=\"index, follow, max-snippet:-1, max-image-preview:large, max-video-preview:-1\" \/>\n<link rel=\"canonical\" href=\"https:\/\/agenciainfra.com\/blog\/deja-vu-os-desafios-da-gestao-de-crise-de-2021\/\" \/>\n<meta property=\"og:locale\" content=\"pt_BR\" \/>\n<meta property=\"og:type\" content=\"article\" \/>\n<meta property=\"og:title\" content=\"D\u00e9ja v\u00f9: Os desafios da gest\u00e3o de crise de 2021\" \/>\n<meta property=\"og:description\" content=\"Roberto Rockmann* Ap\u00f3s meses de idas e vindas, em 8 de maio de 2001, na segunda reuni\u00e3o da hist\u00f3ria do CNPE (Conselho Nacional de Pol\u00edtica Energ\u00e9tica), o governo FHC descobriu o real tamanho da crise de energia. Menos de 72 horas depois, foi criada a C\u00e2mara de Gest\u00e3o de Crise, com poderes terminativos, e sua [&hellip;]\" \/>\n<meta property=\"og:url\" content=\"https:\/\/agenciainfra.com\/blog\/deja-vu-os-desafios-da-gestao-de-crise-de-2021\/\" \/>\n<meta property=\"og:site_name\" content=\"Ag\u00eancia iNFRA\" \/>\n<meta property=\"article:publisher\" content=\"https:\/\/www.facebook.com\/ageninfra\" \/>\n<meta property=\"article:published_time\" content=\"2021-08-26T14:00:00+00:00\" \/>\n<meta property=\"og:image\" content=\"https:\/\/agenciainfra.com\/blog\/wp-content\/uploads\/2020\/11\/distribuicao-energia-foto-dominio-publico.jpg\" \/>\n\t<meta property=\"og:image:width\" content=\"1280\" \/>\n\t<meta property=\"og:image:height\" content=\"703\" \/>\n\t<meta property=\"og:image:type\" content=\"image\/jpeg\" \/>\n<meta name=\"author\" content=\"Ag\u00eancia iNFRA\" \/>\n<meta name=\"twitter:card\" content=\"summary_large_image\" \/>\n<meta name=\"twitter:creator\" content=\"@agencia_infra\" \/>\n<meta name=\"twitter:site\" content=\"@agencia_infra\" \/>\n<meta name=\"twitter:label1\" content=\"Escrito por\" \/>\n\t<meta name=\"twitter:data1\" content=\"Ag\u00eancia iNFRA\" \/>\n\t<meta name=\"twitter:label2\" content=\"Est. tempo de leitura\" \/>\n\t<meta name=\"twitter:data2\" content=\"3 minutos\" \/>\n<script type=\"application\/ld+json\" class=\"yoast-schema-graph\">{\"@context\":\"https:\/\/schema.org\",\"@graph\":[{\"@type\":\"Article\",\"@id\":\"https:\/\/agenciainfra.com\/blog\/deja-vu-os-desafios-da-gestao-de-crise-de-2021\/#article\",\"isPartOf\":{\"@id\":\"https:\/\/agenciainfra.com\/blog\/deja-vu-os-desafios-da-gestao-de-crise-de-2021\/\"},\"author\":{\"name\":\"Ag\u00eancia iNFRA\",\"@id\":\"https:\/\/agenciainfra.com\/blog\/#\/schema\/person\/34af08dff6adea4cb22b06612ba7acfa\"},\"headline\":\"D\u00e9ja v\u00f9: Os desafios da gest\u00e3o de crise de 2021\",\"datePublished\":\"2021-08-26T14:00:00+00:00\",\"mainEntityOfPage\":{\"@id\":\"https:\/\/agenciainfra.com\/blog\/deja-vu-os-desafios-da-gestao-de-crise-de-2021\/\"},\"wordCount\":580,\"publisher\":{\"@id\":\"https:\/\/agenciainfra.com\/blog\/#organization\"},\"keywords\":[\"C\u00e2mara de Gest\u00e3o da Crise de Energia\",\"ccee\",\"CMSE\",\"CNPE\",\"crise energ\u00e9tica\",\"crise h\u00eddrica\",\"economia\",\"epe\",\"pandemia\",\"pol\u00edtica energ\u00e9tica\"],\"articleSection\":[\"Geral\"],\"inLanguage\":\"pt-BR\",\"copyrightYear\":\"2021\",\"copyrightHolder\":{\"@id\":\"https:\/\/agenciainfra.com\/blog\/#organization\"}},{\"@type\":\"WebPage\",\"@id\":\"https:\/\/agenciainfra.com\/blog\/deja-vu-os-desafios-da-gestao-de-crise-de-2021\/\",\"url\":\"https:\/\/agenciainfra.com\/blog\/deja-vu-os-desafios-da-gestao-de-crise-de-2021\/\",\"name\":\"D\u00e9ja v\u00f9: Os desafios da gest\u00e3o de crise de 2021 - Ag\u00eancia iNFRA\",\"isPartOf\":{\"@id\":\"https:\/\/agenciainfra.com\/blog\/#website\"},\"datePublished\":\"2021-08-26T14:00:00+00:00\",\"breadcrumb\":{\"@id\":\"https:\/\/agenciainfra.com\/blog\/deja-vu-os-desafios-da-gestao-de-crise-de-2021\/#breadcrumb\"},\"inLanguage\":\"pt-BR\",\"potentialAction\":[{\"@type\":\"ReadAction\",\"target\":[\"https:\/\/agenciainfra.com\/blog\/deja-vu-os-desafios-da-gestao-de-crise-de-2021\/\"]}]},{\"@type\":\"BreadcrumbList\",\"@id\":\"https:\/\/agenciainfra.com\/blog\/deja-vu-os-desafios-da-gestao-de-crise-de-2021\/#breadcrumb\",\"itemListElement\":[{\"@type\":\"ListItem\",\"position\":1,\"name\":\"In\u00edcio\",\"item\":\"https:\/\/agenciainfra.com\/blog\/\"},{\"@type\":\"ListItem\",\"position\":2,\"name\":\"D\u00e9ja v\u00f9: Os desafios da gest\u00e3o de crise de 2021\"}]},{\"@type\":\"WebSite\",\"@id\":\"https:\/\/agenciainfra.com\/blog\/#website\",\"url\":\"https:\/\/agenciainfra.com\/blog\/\",\"name\":\"Ag\u00eancia iNFRA\",\"description\":\"Multiplataforma de informa\u00e7\u00e3o jornal\u00edstica refer\u00eancia na \u00e1rea de infraestrutura no Brasil!\",\"publisher\":{\"@id\":\"https:\/\/agenciainfra.com\/blog\/#organization\"},\"potentialAction\":[{\"@type\":\"SearchAction\",\"target\":{\"@type\":\"EntryPoint\",\"urlTemplate\":\"https:\/\/agenciainfra.com\/blog\/?s={search_term_string}\"},\"query-input\":{\"@type\":\"PropertyValueSpecification\",\"valueRequired\":true,\"valueName\":\"search_term_string\"}}],\"inLanguage\":\"pt-BR\"},{\"@type\":\"Organization\",\"@id\":\"https:\/\/agenciainfra.com\/blog\/#organization\",\"name\":\"Ag\u00eancia iNFRA\",\"url\":\"https:\/\/agenciainfra.com\/blog\/\",\"logo\":{\"@type\":\"ImageObject\",\"inLanguage\":\"pt-BR\",\"@id\":\"https:\/\/agenciainfra.com\/blog\/#\/schema\/logo\/image\/\",\"url\":\"https:\/\/agenciainfra.com\/blog\/wp-content\/uploads\/2023\/09\/iNFRA_5-e1761735885940.png\",\"contentUrl\":\"https:\/\/agenciainfra.com\/blog\/wp-content\/uploads\/2023\/09\/iNFRA_5-e1761735885940.png\",\"width\":1672,\"height\":454,\"caption\":\"Ag\u00eancia iNFRA\"},\"image\":{\"@id\":\"https:\/\/agenciainfra.com\/blog\/#\/schema\/logo\/image\/\"},\"sameAs\":[\"https:\/\/www.facebook.com\/ageninfra\",\"https:\/\/x.com\/agencia_infra\",\"https:\/\/www.linkedin.com\/company\/ag\u00eanciainfra\/\",\"https:\/\/www.instagram.com\/agenciainfra\/\"]},{\"@type\":\"Person\",\"@id\":\"https:\/\/agenciainfra.com\/blog\/#\/schema\/person\/34af08dff6adea4cb22b06612ba7acfa\",\"name\":\"Ag\u00eancia iNFRA\",\"image\":{\"@type\":\"ImageObject\",\"inLanguage\":\"pt-BR\",\"@id\":\"https:\/\/agenciainfra.com\/blog\/#\/schema\/person\/image\/\",\"url\":\"https:\/\/secure.gravatar.com\/avatar\/d189e01678f06d8eb84d4e01f08eb848b3fffe3f8443818d3c356c66892f5be8?s=96&d=mm&r=g\",\"contentUrl\":\"https:\/\/secure.gravatar.com\/avatar\/d189e01678f06d8eb84d4e01f08eb848b3fffe3f8443818d3c356c66892f5be8?s=96&d=mm&r=g\",\"caption\":\"Ag\u00eancia iNFRA\"},\"url\":\"https:\/\/agenciainfra.com\/blog\/author\/admin\/\"}]}<\/script>\n<!-- \/ Yoast SEO Premium plugin. -->","yoast_head_json":{"title":"D\u00e9ja v\u00f9: Os desafios da gest\u00e3o de crise de 2021 - Ag\u00eancia iNFRA","robots":{"index":"index","follow":"follow","max-snippet":"max-snippet:-1","max-image-preview":"max-image-preview:large","max-video-preview":"max-video-preview:-1"},"canonical":"https:\/\/agenciainfra.com\/blog\/deja-vu-os-desafios-da-gestao-de-crise-de-2021\/","og_locale":"pt_BR","og_type":"article","og_title":"D\u00e9ja v\u00f9: Os desafios da gest\u00e3o de crise de 2021","og_description":"Roberto Rockmann* Ap\u00f3s meses de idas e vindas, em 8 de maio de 2001, na segunda reuni\u00e3o da hist\u00f3ria do CNPE (Conselho Nacional de Pol\u00edtica Energ\u00e9tica), o governo FHC descobriu o real tamanho da crise de energia. Menos de 72 horas depois, foi criada a C\u00e2mara de Gest\u00e3o de Crise, com poderes terminativos, e sua [&hellip;]","og_url":"https:\/\/agenciainfra.com\/blog\/deja-vu-os-desafios-da-gestao-de-crise-de-2021\/","og_site_name":"Ag\u00eancia iNFRA","article_publisher":"https:\/\/www.facebook.com\/ageninfra","article_published_time":"2021-08-26T14:00:00+00:00","og_image":[{"width":1280,"height":703,"url":"https:\/\/agenciainfra.com\/blog\/wp-content\/uploads\/2020\/11\/distribuicao-energia-foto-dominio-publico.jpg","type":"image\/jpeg"}],"author":"Ag\u00eancia iNFRA","twitter_card":"summary_large_image","twitter_creator":"@agencia_infra","twitter_site":"@agencia_infra","twitter_misc":{"Escrito por":"Ag\u00eancia iNFRA","Est. tempo de leitura":"3 minutos"},"schema":{"@context":"https:\/\/schema.org","@graph":[{"@type":"Article","@id":"https:\/\/agenciainfra.com\/blog\/deja-vu-os-desafios-da-gestao-de-crise-de-2021\/#article","isPartOf":{"@id":"https:\/\/agenciainfra.com\/blog\/deja-vu-os-desafios-da-gestao-de-crise-de-2021\/"},"author":{"name":"Ag\u00eancia iNFRA","@id":"https:\/\/agenciainfra.com\/blog\/#\/schema\/person\/34af08dff6adea4cb22b06612ba7acfa"},"headline":"D\u00e9ja v\u00f9: Os desafios da gest\u00e3o de crise de 2021","datePublished":"2021-08-26T14:00:00+00:00","mainEntityOfPage":{"@id":"https:\/\/agenciainfra.com\/blog\/deja-vu-os-desafios-da-gestao-de-crise-de-2021\/"},"wordCount":580,"publisher":{"@id":"https:\/\/agenciainfra.com\/blog\/#organization"},"keywords":["C\u00e2mara de Gest\u00e3o da Crise de Energia","ccee","CMSE","CNPE","crise energ\u00e9tica","crise h\u00eddrica","economia","epe","pandemia","pol\u00edtica energ\u00e9tica"],"articleSection":["Geral"],"inLanguage":"pt-BR","copyrightYear":"2021","copyrightHolder":{"@id":"https:\/\/agenciainfra.com\/blog\/#organization"}},{"@type":"WebPage","@id":"https:\/\/agenciainfra.com\/blog\/deja-vu-os-desafios-da-gestao-de-crise-de-2021\/","url":"https:\/\/agenciainfra.com\/blog\/deja-vu-os-desafios-da-gestao-de-crise-de-2021\/","name":"D\u00e9ja v\u00f9: Os desafios da gest\u00e3o de crise de 2021 - Ag\u00eancia iNFRA","isPartOf":{"@id":"https:\/\/agenciainfra.com\/blog\/#website"},"datePublished":"2021-08-26T14:00:00+00:00","breadcrumb":{"@id":"https:\/\/agenciainfra.com\/blog\/deja-vu-os-desafios-da-gestao-de-crise-de-2021\/#breadcrumb"},"inLanguage":"pt-BR","potentialAction":[{"@type":"ReadAction","target":["https:\/\/agenciainfra.com\/blog\/deja-vu-os-desafios-da-gestao-de-crise-de-2021\/"]}]},{"@type":"BreadcrumbList","@id":"https:\/\/agenciainfra.com\/blog\/deja-vu-os-desafios-da-gestao-de-crise-de-2021\/#breadcrumb","itemListElement":[{"@type":"ListItem","position":1,"name":"In\u00edcio","item":"https:\/\/agenciainfra.com\/blog\/"},{"@type":"ListItem","position":2,"name":"D\u00e9ja v\u00f9: Os desafios da gest\u00e3o de crise de 2021"}]},{"@type":"WebSite","@id":"https:\/\/agenciainfra.com\/blog\/#website","url":"https:\/\/agenciainfra.com\/blog\/","name":"Ag\u00eancia iNFRA","description":"Multiplataforma de informa\u00e7\u00e3o jornal\u00edstica refer\u00eancia na \u00e1rea de infraestrutura no Brasil!","publisher":{"@id":"https:\/\/agenciainfra.com\/blog\/#organization"},"potentialAction":[{"@type":"SearchAction","target":{"@type":"EntryPoint","urlTemplate":"https:\/\/agenciainfra.com\/blog\/?s={search_term_string}"},"query-input":{"@type":"PropertyValueSpecification","valueRequired":true,"valueName":"search_term_string"}}],"inLanguage":"pt-BR"},{"@type":"Organization","@id":"https:\/\/agenciainfra.com\/blog\/#organization","name":"Ag\u00eancia iNFRA","url":"https:\/\/agenciainfra.com\/blog\/","logo":{"@type":"ImageObject","inLanguage":"pt-BR","@id":"https:\/\/agenciainfra.com\/blog\/#\/schema\/logo\/image\/","url":"https:\/\/agenciainfra.com\/blog\/wp-content\/uploads\/2023\/09\/iNFRA_5-e1761735885940.png","contentUrl":"https:\/\/agenciainfra.com\/blog\/wp-content\/uploads\/2023\/09\/iNFRA_5-e1761735885940.png","width":1672,"height":454,"caption":"Ag\u00eancia iNFRA"},"image":{"@id":"https:\/\/agenciainfra.com\/blog\/#\/schema\/logo\/image\/"},"sameAs":["https:\/\/www.facebook.com\/ageninfra","https:\/\/x.com\/agencia_infra","https:\/\/www.linkedin.com\/company\/ag\u00eanciainfra\/","https:\/\/www.instagram.com\/agenciainfra\/"]},{"@type":"Person","@id":"https:\/\/agenciainfra.com\/blog\/#\/schema\/person\/34af08dff6adea4cb22b06612ba7acfa","name":"Ag\u00eancia iNFRA","image":{"@type":"ImageObject","inLanguage":"pt-BR","@id":"https:\/\/agenciainfra.com\/blog\/#\/schema\/person\/image\/","url":"https:\/\/secure.gravatar.com\/avatar\/d189e01678f06d8eb84d4e01f08eb848b3fffe3f8443818d3c356c66892f5be8?s=96&d=mm&r=g","contentUrl":"https:\/\/secure.gravatar.com\/avatar\/d189e01678f06d8eb84d4e01f08eb848b3fffe3f8443818d3c356c66892f5be8?s=96&d=mm&r=g","caption":"Ag\u00eancia iNFRA"},"url":"https:\/\/agenciainfra.com\/blog\/author\/admin\/"}]}},"_links":{"self":[{"href":"https:\/\/agenciainfra.com\/blog\/wp-json\/wp\/v2\/posts\/8145","targetHints":{"allow":["GET"]}}],"collection":[{"href":"https:\/\/agenciainfra.com\/blog\/wp-json\/wp\/v2\/posts"}],"about":[{"href":"https:\/\/agenciainfra.com\/blog\/wp-json\/wp\/v2\/types\/post"}],"author":[{"embeddable":true,"href":"https:\/\/agenciainfra.com\/blog\/wp-json\/wp\/v2\/users\/1"}],"replies":[{"embeddable":true,"href":"https:\/\/agenciainfra.com\/blog\/wp-json\/wp\/v2\/comments?post=8145"}],"version-history":[{"count":0,"href":"https:\/\/agenciainfra.com\/blog\/wp-json\/wp\/v2\/posts\/8145\/revisions"}],"wp:attachment":[{"href":"https:\/\/agenciainfra.com\/blog\/wp-json\/wp\/v2\/media?parent=8145"}],"wp:term":[{"taxonomy":"category","embeddable":true,"href":"https:\/\/agenciainfra.com\/blog\/wp-json\/wp\/v2\/categories?post=8145"},{"taxonomy":"post_tag","embeddable":true,"href":"https:\/\/agenciainfra.com\/blog\/wp-json\/wp\/v2\/tags?post=8145"}],"curies":[{"name":"wp","href":"https:\/\/api.w.org\/{rel}","templated":true}]}}