{"id":8148,"date":"2021-08-28T08:00:00","date_gmt":"2021-08-28T11:00:00","guid":{"rendered":"https:\/\/www.agenciainfra.com\/blog\/?p=8148"},"modified":"2021-08-26T10:33:32","modified_gmt":"2021-08-26T13:33:32","slug":"ppi-qualifica-relicitacao-da-br-060-153-262-df-go-mg-e-tres-mil-km-de-rodovias-catarinenses","status":"publish","type":"post","link":"https:\/\/agenciainfra.com\/blog\/ppi-qualifica-relicitacao-da-br-060-153-262-df-go-mg-e-tres-mil-km-de-rodovias-catarinenses\/","title":{"rendered":"PPI qualifica relicita\u00e7\u00e3o da BR-060-153-262\/DF-GO-MG e tr\u00eas mil km de rodovias catarinenses"},"content":{"rendered":"\n<p class=\"has-text-align-right\"><strong>Tales Silveira, da&nbsp;Ag\u00eancia iNFRA<\/strong><\/p>\n\n\n\n<p>O PPI (Programa de Parcerias de Investimentos) qualificou, na \u00faltima quarta-feira (25), a relicita\u00e7\u00e3o da concess\u00e3o da Rodovia BR-060-153-262\/DF-GO-MG. O an\u00fancio ocorreu logo ap\u00f3s a 17\u00aa reuni\u00e3o do CPPI (Conselho do Programa de Parcerias de Investimentos), realizada no mesmo dia.<br><br>A proposta de relicita\u00e7\u00e3o j\u00e1 havia sido aprovada pela ANTT (Ag\u00eancia Nacional de Transportes Terrestres) no fim de junho. A BR-060-153-262\/DF-GO-MG \u2013 que possui 1.176,5 km de extens\u00e3o \u2013 atualmente \u00e9 administrada pela Concebra S\/A, do Grupo Triunfo Participa\u00e7\u00f5es e Investimentos S\/A. A concession\u00e1ria solicitou a devolu\u00e7\u00e3o do ativo em abril do ano passado.<br><br>No meio deste ano, o Minist\u00e9rio da Infraestrutura determinou que a EPL (Empresa de Planejamento e Log\u00edstica) realizasse os estudos para uma nova concess\u00e3o da rodovia. A Concebra faz parte de um grupo de seis concess\u00f5es rodovi\u00e1rias licitadas em 2013, a chamada 3\u00aa Etapa de concess\u00f5es. Dessas, apenas uma segue normalmente no contrato.<\/p>\n\n\n\n<p>Das outras cinco, uma teve a caducidade declarada, tr\u00eas pediram devolu\u00e7\u00e3o e uma est\u00e1 em processo de reequil\u00edbrio com a troca do acionista para que possa fazer os investimentos previstos em novas bases. As duas primeiras relicita\u00e7\u00f5es de rodovias qualificadas no PPI, da BR-040\/DF-GO-MG e da BR-163\/MS, est\u00e3o em estudos. A \u00fanica relicitada, a BR-153\/GO-TO, foi a que teve a caducidade do contrato declarada e foi retomada do concession\u00e1rio pelo poder p\u00fablico.<br><br><strong>Santa Catarina<\/strong><br>O CPPI informou ainda que qualificou tr\u00eas mil quil\u00f4metros de rodovias no estado de Santa Catarina. De acordo com a secret\u00e1ria de Fomento, Planejamento e Parcerias do Minist\u00e9rio da Infraestrutura, Nat\u00e1lia Marcassa,&nbsp;a ideia \u00e9 que seja realizado um modelo de concess\u00e3o em conjunto de rodovias federais e estaduais.<\/p>\n\n\n\n<p>Elas dever\u00e3o seguir o modelo de parceria dos 4,5 mil quil\u00f4metros de rodovias federais e estaduais do Paran\u00e1, que j\u00e1 est\u00e1 em andamento.&nbsp;De acordo com a apresenta\u00e7\u00e3o, os estudos ser\u00e3o conduzidos pela EPL e a publica\u00e7\u00e3o do edital est\u00e1 prevista para o segundo semestre de 2023.<br><br>\u201cA ideia \u00e9 montarmos blocos que tragam viabilidade para que os ped\u00e1gios sejam m\u00f3dicos e para que consigamos trazer uma grande quantidade de investimentos\u201d, disse.<br><br><strong>Primeira hidrovia<\/strong><br>Na mesma reuni\u00e3o foi qualificada a primeira hidrovia no PND (Programa&nbsp;Nacional de Desestatiza\u00e7\u00e3o), o projeto da Lagoa do Mirim e Canal de S\u00e3o Gon\u00e7alo (RS). Segundo Marcassa, os estudos partiram de um pedido do Uruguai e ser\u00e3o realizados por meio do Minist\u00e9rio da Infraestrutura.<br><br>Segundo o PPI, o objetivo \u00e9 que seja feito o aprofundamento e a manuten\u00e7\u00e3o do canal de navega\u00e7\u00e3o, garantindo o tr\u00e1fego de embarca\u00e7\u00f5es durante todo o ano. J\u00e1 os investimentos ser\u00e3o relacionados a dragagem e sinaliza\u00e7\u00e3o.<br><br><strong>Portos<\/strong><br>O PPI qualificou ainda sete novas \u00e1reas portu\u00e1rias em sua carteira de arrendamentos. Destaque para o terminal portu\u00e1rio STS53 (dedicado \u00e0 armazenagem de gran\u00e9is minerais no Porto de Santos, em S\u00e3o Paulo, j\u00e1 com audi\u00eancia p\u00fablica iniciada). Tamb\u00e9m foram qualificados dois terminais no Porto do Rio de Janeiro (RJ). S\u00e3o eles os terminais RDJ06 e RDJ06A. Ambos s\u00e3o dedicados \u00e0 movimenta\u00e7\u00e3o e armazenagem de gran\u00e9is l\u00edquidos.<br><br>Outros terminais qualificados s\u00e3o: SSD04 (dedicado \u00e0 movimenta\u00e7\u00e3o de cont\u00eainer e carga geral no Porto de Salvador\/BA); ILH01 (terminal m\u00faltiplo uso dedicado \u00e0 movimenta\u00e7\u00e3o de passageiros, gran\u00e9is vegetais no Ilh\u00e9us\/BA), MUC 03 (dedicado \u00e0 movimenta\u00e7\u00e3o de granel s\u00f3lido no Porto do Mucuripe\/CE); e IQI 14 (dedicado \u00e0 movimenta\u00e7\u00e3o e armazenagem de gran\u00e9is l\u00edquidos combust\u00edveis no Porto do Itaqui\/MA).<br><br>Tamb\u00e9m foram aprovadas as condi\u00e7\u00f5es e a modelagem de desestatiza\u00e7\u00e3o da Codesa (Companhia Docas do Esp\u00edrito Santo), que est\u00e1 atualmente em avalia\u00e7\u00e3o pelo TCU&nbsp;(Tribunal de Contas da Uni\u00e3o), e o governo espera que o leil\u00e3o aconte\u00e7a j\u00e1 no in\u00edcio do ano que vem.<br><br><strong>Emgea e Casa da Moeda<\/strong><br>Outra modelagem de desestatiza\u00e7\u00e3o inclu\u00edda foi a da Emgea (Empresa Gestora de Ativos). Segundo a secret\u00e1ria de Fomento, a ideia \u00e9 vender todas as carteiras da estatal existentes e, a partir de julho de 2022, iniciar a liquida\u00e7\u00e3o da companhia.<br><br>Tamb\u00e9m foi informado que o governo decidiu retirar a Casa da Moeda do PND. O motivo foi a perda de validade da MP (Medida Provis\u00f3ria) 902\/2019 \u2013 que alterava a lei de cria\u00e7\u00e3o da empresa para retirar a exclusividade na fabrica\u00e7\u00e3o de papel moeda.<br><br>De acordo com o documento, \u201cDiante da aus\u00eancia de um instrumento legal que determine as condi\u00e7\u00f5es essenciais para a desestatiza\u00e7\u00e3o da CMB, a perman\u00eancia da empresa no PND e no PPI, neste momento, n\u00e3o se justifica\u201d.<\/p>\n","protected":false},"excerpt":{"rendered":"<p>Tales Silveira, da&nbsp;Ag\u00eancia iNFRA O PPI (Programa de Parcerias de Investimentos) qualificou, na \u00faltima quarta-feira (25), a relicita\u00e7\u00e3o da concess\u00e3o da Rodovia BR-060-153-262\/DF-GO-MG. O an\u00fancio ocorreu logo ap\u00f3s a 17\u00aa reuni\u00e3o do CPPI (Conselho do Programa de Parcerias de Investimentos), realizada no mesmo dia. A proposta de relicita\u00e7\u00e3o j\u00e1 havia sido aprovada pela ANTT (Ag\u00eancia [&hellip;]<\/p>\n","protected":false},"author":1,"featured_media":4138,"comment_status":"closed","ping_status":"closed","sticky":false,"template":"","format":"standard","meta":{"_monsterinsights_skip_tracking":false,"_monsterinsights_sitenote_active":false,"_monsterinsights_sitenote_note":"","_monsterinsights_sitenote_category":0,"footnotes":""},"categories":[1,7],"tags":[19,4533,1224,176,252,355,310,36,1027,668],"class_list":["post-8148","post","type-post","status-publish","format-standard","has-post-thumbnail","hentry","category-geral","category-infratransporte","tag-antt","tag-br-060-153-262-df-go-mg","tag-concebra","tag-concessoes-rodoviarias","tag-epl","tag-hidrovias","tag-portos","tag-ppi","tag-relicitacao","tag-santa-catarina"],"yoast_head":"<!-- This site is optimized with the Yoast SEO Premium plugin v25.4 (Yoast SEO v26.0) - https:\/\/yoast.com\/wordpress\/plugins\/seo\/ -->\n<title>PPI qualifica relicita\u00e7\u00e3o da BR-060-153-262\/DF-GO-MG e tr\u00eas mil km de rodovias catarinenses - Ag\u00eancia iNFRA<\/title>\n<meta name=\"robots\" content=\"index, follow, max-snippet:-1, max-image-preview:large, max-video-preview:-1\" \/>\n<link rel=\"canonical\" href=\"https:\/\/agenciainfra.com\/blog\/ppi-qualifica-relicitacao-da-br-060-153-262-df-go-mg-e-tres-mil-km-de-rodovias-catarinenses\/\" \/>\n<meta property=\"og:locale\" content=\"pt_BR\" \/>\n<meta property=\"og:type\" content=\"article\" \/>\n<meta property=\"og:title\" content=\"PPI qualifica relicita\u00e7\u00e3o da BR-060-153-262\/DF-GO-MG e tr\u00eas mil km de rodovias catarinenses\" \/>\n<meta property=\"og:description\" content=\"Tales Silveira, da&nbsp;Ag\u00eancia iNFRA O PPI (Programa de Parcerias de Investimentos) qualificou, na \u00faltima quarta-feira (25), a relicita\u00e7\u00e3o da concess\u00e3o da Rodovia BR-060-153-262\/DF-GO-MG. O an\u00fancio ocorreu logo ap\u00f3s a 17\u00aa reuni\u00e3o do CPPI (Conselho do Programa de Parcerias de Investimentos), realizada no mesmo dia. A proposta de relicita\u00e7\u00e3o j\u00e1 havia sido aprovada pela ANTT (Ag\u00eancia [&hellip;]\" \/>\n<meta property=\"og:url\" content=\"https:\/\/agenciainfra.com\/blog\/ppi-qualifica-relicitacao-da-br-060-153-262-df-go-mg-e-tres-mil-km-de-rodovias-catarinenses\/\" \/>\n<meta property=\"og:site_name\" content=\"Ag\u00eancia iNFRA\" \/>\n<meta property=\"article:publisher\" content=\"https:\/\/www.facebook.com\/ageninfra\" \/>\n<meta property=\"article:published_time\" content=\"2021-08-28T11:00:00+00:00\" \/>\n<meta property=\"og:image\" content=\"https:\/\/agenciainfra.com\/blog\/wp-content\/uploads\/2019\/12\/br-060-foto-edsom-leite-minfra.jpg\" \/>\n\t<meta property=\"og:image:width\" content=\"1280\" \/>\n\t<meta property=\"og:image:height\" content=\"732\" \/>\n\t<meta property=\"og:image:type\" content=\"image\/jpeg\" \/>\n<meta name=\"author\" content=\"Ag\u00eancia iNFRA\" \/>\n<meta name=\"twitter:card\" content=\"summary_large_image\" \/>\n<meta name=\"twitter:creator\" content=\"@agencia_infra\" \/>\n<meta name=\"twitter:site\" content=\"@agencia_infra\" \/>\n<meta name=\"twitter:label1\" content=\"Escrito por\" \/>\n\t<meta name=\"twitter:data1\" content=\"Ag\u00eancia iNFRA\" \/>\n\t<meta name=\"twitter:label2\" content=\"Est. tempo de leitura\" \/>\n\t<meta name=\"twitter:data2\" content=\"4 minutos\" \/>\n<script type=\"application\/ld+json\" class=\"yoast-schema-graph\">{\"@context\":\"https:\/\/schema.org\",\"@graph\":[{\"@type\":\"Article\",\"@id\":\"https:\/\/agenciainfra.com\/blog\/ppi-qualifica-relicitacao-da-br-060-153-262-df-go-mg-e-tres-mil-km-de-rodovias-catarinenses\/#article\",\"isPartOf\":{\"@id\":\"https:\/\/agenciainfra.com\/blog\/ppi-qualifica-relicitacao-da-br-060-153-262-df-go-mg-e-tres-mil-km-de-rodovias-catarinenses\/\"},\"author\":{\"name\":\"Ag\u00eancia iNFRA\",\"@id\":\"https:\/\/agenciainfra.com\/blog\/#\/schema\/person\/34af08dff6adea4cb22b06612ba7acfa\"},\"headline\":\"PPI qualifica relicita\u00e7\u00e3o da BR-060-153-262\/DF-GO-MG e tr\u00eas mil km de rodovias catarinenses\",\"datePublished\":\"2021-08-28T11:00:00+00:00\",\"mainEntityOfPage\":{\"@id\":\"https:\/\/agenciainfra.com\/blog\/ppi-qualifica-relicitacao-da-br-060-153-262-df-go-mg-e-tres-mil-km-de-rodovias-catarinenses\/\"},\"wordCount\":834,\"publisher\":{\"@id\":\"https:\/\/agenciainfra.com\/blog\/#organization\"},\"image\":{\"@id\":\"https:\/\/agenciainfra.com\/blog\/ppi-qualifica-relicitacao-da-br-060-153-262-df-go-mg-e-tres-mil-km-de-rodovias-catarinenses\/#primaryimage\"},\"thumbnailUrl\":\"https:\/\/agenciainfra.com\/blog\/wp-content\/uploads\/2019\/12\/br-060-foto-edsom-leite-minfra.jpg\",\"keywords\":[\"ANTT\",\"BR-060-153-262\/DF-GO-MG\",\"Concebra\",\"concess\u00f5es rodovi\u00e1rias\",\"EPL\",\"hidrovias\",\"portos\",\"PPI\",\"relicita\u00e7\u00e3o\",\"Santa Catarina\"],\"articleSection\":[\"Geral\",\"iNFRATransporte\"],\"inLanguage\":\"pt-BR\",\"copyrightYear\":\"2021\",\"copyrightHolder\":{\"@id\":\"https:\/\/agenciainfra.com\/blog\/#organization\"}},{\"@type\":\"WebPage\",\"@id\":\"https:\/\/agenciainfra.com\/blog\/ppi-qualifica-relicitacao-da-br-060-153-262-df-go-mg-e-tres-mil-km-de-rodovias-catarinenses\/\",\"url\":\"https:\/\/agenciainfra.com\/blog\/ppi-qualifica-relicitacao-da-br-060-153-262-df-go-mg-e-tres-mil-km-de-rodovias-catarinenses\/\",\"name\":\"PPI qualifica relicita\u00e7\u00e3o da BR-060-153-262\/DF-GO-MG e tr\u00eas mil km de rodovias catarinenses - Ag\u00eancia iNFRA\",\"isPartOf\":{\"@id\":\"https:\/\/agenciainfra.com\/blog\/#website\"},\"primaryImageOfPage\":{\"@id\":\"https:\/\/agenciainfra.com\/blog\/ppi-qualifica-relicitacao-da-br-060-153-262-df-go-mg-e-tres-mil-km-de-rodovias-catarinenses\/#primaryimage\"},\"image\":{\"@id\":\"https:\/\/agenciainfra.com\/blog\/ppi-qualifica-relicitacao-da-br-060-153-262-df-go-mg-e-tres-mil-km-de-rodovias-catarinenses\/#primaryimage\"},\"thumbnailUrl\":\"https:\/\/agenciainfra.com\/blog\/wp-content\/uploads\/2019\/12\/br-060-foto-edsom-leite-minfra.jpg\",\"datePublished\":\"2021-08-28T11:00:00+00:00\",\"breadcrumb\":{\"@id\":\"https:\/\/agenciainfra.com\/blog\/ppi-qualifica-relicitacao-da-br-060-153-262-df-go-mg-e-tres-mil-km-de-rodovias-catarinenses\/#breadcrumb\"},\"inLanguage\":\"pt-BR\",\"potentialAction\":[{\"@type\":\"ReadAction\",\"target\":[\"https:\/\/agenciainfra.com\/blog\/ppi-qualifica-relicitacao-da-br-060-153-262-df-go-mg-e-tres-mil-km-de-rodovias-catarinenses\/\"]}]},{\"@type\":\"ImageObject\",\"inLanguage\":\"pt-BR\",\"@id\":\"https:\/\/agenciainfra.com\/blog\/ppi-qualifica-relicitacao-da-br-060-153-262-df-go-mg-e-tres-mil-km-de-rodovias-catarinenses\/#primaryimage\",\"url\":\"https:\/\/agenciainfra.com\/blog\/wp-content\/uploads\/2019\/12\/br-060-foto-edsom-leite-minfra.jpg\",\"contentUrl\":\"https:\/\/agenciainfra.com\/blog\/wp-content\/uploads\/2019\/12\/br-060-foto-edsom-leite-minfra.jpg\",\"width\":1280,\"height\":732,\"caption\":\"Foto: Edson Leite\"},{\"@type\":\"BreadcrumbList\",\"@id\":\"https:\/\/agenciainfra.com\/blog\/ppi-qualifica-relicitacao-da-br-060-153-262-df-go-mg-e-tres-mil-km-de-rodovias-catarinenses\/#breadcrumb\",\"itemListElement\":[{\"@type\":\"ListItem\",\"position\":1,\"name\":\"In\u00edcio\",\"item\":\"https:\/\/agenciainfra.com\/blog\/\"},{\"@type\":\"ListItem\",\"position\":2,\"name\":\"PPI qualifica relicita\u00e7\u00e3o da BR-060-153-262\/DF-GO-MG e tr\u00eas mil km de rodovias catarinenses\"}]},{\"@type\":\"WebSite\",\"@id\":\"https:\/\/agenciainfra.com\/blog\/#website\",\"url\":\"https:\/\/agenciainfra.com\/blog\/\",\"name\":\"Ag\u00eancia iNFRA\",\"description\":\"Multiplataforma de informa\u00e7\u00e3o jornal\u00edstica refer\u00eancia na \u00e1rea de infraestrutura no Brasil!\",\"publisher\":{\"@id\":\"https:\/\/agenciainfra.com\/blog\/#organization\"},\"potentialAction\":[{\"@type\":\"SearchAction\",\"target\":{\"@type\":\"EntryPoint\",\"urlTemplate\":\"https:\/\/agenciainfra.com\/blog\/?s={search_term_string}\"},\"query-input\":{\"@type\":\"PropertyValueSpecification\",\"valueRequired\":true,\"valueName\":\"search_term_string\"}}],\"inLanguage\":\"pt-BR\"},{\"@type\":\"Organization\",\"@id\":\"https:\/\/agenciainfra.com\/blog\/#organization\",\"name\":\"Ag\u00eancia iNFRA\",\"url\":\"https:\/\/agenciainfra.com\/blog\/\",\"logo\":{\"@type\":\"ImageObject\",\"inLanguage\":\"pt-BR\",\"@id\":\"https:\/\/agenciainfra.com\/blog\/#\/schema\/logo\/image\/\",\"url\":\"https:\/\/agenciainfra.com\/blog\/wp-content\/uploads\/2023\/09\/iNFRA_5-e1761735885940.png\",\"contentUrl\":\"https:\/\/agenciainfra.com\/blog\/wp-content\/uploads\/2023\/09\/iNFRA_5-e1761735885940.png\",\"width\":1672,\"height\":454,\"caption\":\"Ag\u00eancia iNFRA\"},\"image\":{\"@id\":\"https:\/\/agenciainfra.com\/blog\/#\/schema\/logo\/image\/\"},\"sameAs\":[\"https:\/\/www.facebook.com\/ageninfra\",\"https:\/\/x.com\/agencia_infra\",\"https:\/\/www.linkedin.com\/company\/ag\u00eanciainfra\/\",\"https:\/\/www.instagram.com\/agenciainfra\/\"]},{\"@type\":\"Person\",\"@id\":\"https:\/\/agenciainfra.com\/blog\/#\/schema\/person\/34af08dff6adea4cb22b06612ba7acfa\",\"name\":\"Ag\u00eancia iNFRA\",\"image\":{\"@type\":\"ImageObject\",\"inLanguage\":\"pt-BR\",\"@id\":\"https:\/\/agenciainfra.com\/blog\/#\/schema\/person\/image\/\",\"url\":\"https:\/\/secure.gravatar.com\/avatar\/d189e01678f06d8eb84d4e01f08eb848b3fffe3f8443818d3c356c66892f5be8?s=96&d=mm&r=g\",\"contentUrl\":\"https:\/\/secure.gravatar.com\/avatar\/d189e01678f06d8eb84d4e01f08eb848b3fffe3f8443818d3c356c66892f5be8?s=96&d=mm&r=g\",\"caption\":\"Ag\u00eancia iNFRA\"},\"url\":\"https:\/\/agenciainfra.com\/blog\/author\/admin\/\"}]}<\/script>\n<!-- \/ Yoast SEO Premium plugin. -->","yoast_head_json":{"title":"PPI qualifica relicita\u00e7\u00e3o da BR-060-153-262\/DF-GO-MG e tr\u00eas mil km de rodovias catarinenses - Ag\u00eancia iNFRA","robots":{"index":"index","follow":"follow","max-snippet":"max-snippet:-1","max-image-preview":"max-image-preview:large","max-video-preview":"max-video-preview:-1"},"canonical":"https:\/\/agenciainfra.com\/blog\/ppi-qualifica-relicitacao-da-br-060-153-262-df-go-mg-e-tres-mil-km-de-rodovias-catarinenses\/","og_locale":"pt_BR","og_type":"article","og_title":"PPI qualifica relicita\u00e7\u00e3o da BR-060-153-262\/DF-GO-MG e tr\u00eas mil km de rodovias catarinenses","og_description":"Tales Silveira, da&nbsp;Ag\u00eancia iNFRA O PPI (Programa de Parcerias de Investimentos) qualificou, na \u00faltima quarta-feira (25), a relicita\u00e7\u00e3o da concess\u00e3o da Rodovia BR-060-153-262\/DF-GO-MG. O an\u00fancio ocorreu logo ap\u00f3s a 17\u00aa reuni\u00e3o do CPPI (Conselho do Programa de Parcerias de Investimentos), realizada no mesmo dia. A proposta de relicita\u00e7\u00e3o j\u00e1 havia sido aprovada pela ANTT (Ag\u00eancia [&hellip;]","og_url":"https:\/\/agenciainfra.com\/blog\/ppi-qualifica-relicitacao-da-br-060-153-262-df-go-mg-e-tres-mil-km-de-rodovias-catarinenses\/","og_site_name":"Ag\u00eancia iNFRA","article_publisher":"https:\/\/www.facebook.com\/ageninfra","article_published_time":"2021-08-28T11:00:00+00:00","og_image":[{"width":1280,"height":732,"url":"https:\/\/agenciainfra.com\/blog\/wp-content\/uploads\/2019\/12\/br-060-foto-edsom-leite-minfra.jpg","type":"image\/jpeg"}],"author":"Ag\u00eancia iNFRA","twitter_card":"summary_large_image","twitter_creator":"@agencia_infra","twitter_site":"@agencia_infra","twitter_misc":{"Escrito por":"Ag\u00eancia iNFRA","Est. tempo de leitura":"4 minutos"},"schema":{"@context":"https:\/\/schema.org","@graph":[{"@type":"Article","@id":"https:\/\/agenciainfra.com\/blog\/ppi-qualifica-relicitacao-da-br-060-153-262-df-go-mg-e-tres-mil-km-de-rodovias-catarinenses\/#article","isPartOf":{"@id":"https:\/\/agenciainfra.com\/blog\/ppi-qualifica-relicitacao-da-br-060-153-262-df-go-mg-e-tres-mil-km-de-rodovias-catarinenses\/"},"author":{"name":"Ag\u00eancia iNFRA","@id":"https:\/\/agenciainfra.com\/blog\/#\/schema\/person\/34af08dff6adea4cb22b06612ba7acfa"},"headline":"PPI qualifica relicita\u00e7\u00e3o da BR-060-153-262\/DF-GO-MG e tr\u00eas mil km de rodovias catarinenses","datePublished":"2021-08-28T11:00:00+00:00","mainEntityOfPage":{"@id":"https:\/\/agenciainfra.com\/blog\/ppi-qualifica-relicitacao-da-br-060-153-262-df-go-mg-e-tres-mil-km-de-rodovias-catarinenses\/"},"wordCount":834,"publisher":{"@id":"https:\/\/agenciainfra.com\/blog\/#organization"},"image":{"@id":"https:\/\/agenciainfra.com\/blog\/ppi-qualifica-relicitacao-da-br-060-153-262-df-go-mg-e-tres-mil-km-de-rodovias-catarinenses\/#primaryimage"},"thumbnailUrl":"https:\/\/agenciainfra.com\/blog\/wp-content\/uploads\/2019\/12\/br-060-foto-edsom-leite-minfra.jpg","keywords":["ANTT","BR-060-153-262\/DF-GO-MG","Concebra","concess\u00f5es rodovi\u00e1rias","EPL","hidrovias","portos","PPI","relicita\u00e7\u00e3o","Santa Catarina"],"articleSection":["Geral","iNFRATransporte"],"inLanguage":"pt-BR","copyrightYear":"2021","copyrightHolder":{"@id":"https:\/\/agenciainfra.com\/blog\/#organization"}},{"@type":"WebPage","@id":"https:\/\/agenciainfra.com\/blog\/ppi-qualifica-relicitacao-da-br-060-153-262-df-go-mg-e-tres-mil-km-de-rodovias-catarinenses\/","url":"https:\/\/agenciainfra.com\/blog\/ppi-qualifica-relicitacao-da-br-060-153-262-df-go-mg-e-tres-mil-km-de-rodovias-catarinenses\/","name":"PPI qualifica relicita\u00e7\u00e3o da BR-060-153-262\/DF-GO-MG e tr\u00eas mil km de rodovias catarinenses - Ag\u00eancia iNFRA","isPartOf":{"@id":"https:\/\/agenciainfra.com\/blog\/#website"},"primaryImageOfPage":{"@id":"https:\/\/agenciainfra.com\/blog\/ppi-qualifica-relicitacao-da-br-060-153-262-df-go-mg-e-tres-mil-km-de-rodovias-catarinenses\/#primaryimage"},"image":{"@id":"https:\/\/agenciainfra.com\/blog\/ppi-qualifica-relicitacao-da-br-060-153-262-df-go-mg-e-tres-mil-km-de-rodovias-catarinenses\/#primaryimage"},"thumbnailUrl":"https:\/\/agenciainfra.com\/blog\/wp-content\/uploads\/2019\/12\/br-060-foto-edsom-leite-minfra.jpg","datePublished":"2021-08-28T11:00:00+00:00","breadcrumb":{"@id":"https:\/\/agenciainfra.com\/blog\/ppi-qualifica-relicitacao-da-br-060-153-262-df-go-mg-e-tres-mil-km-de-rodovias-catarinenses\/#breadcrumb"},"inLanguage":"pt-BR","potentialAction":[{"@type":"ReadAction","target":["https:\/\/agenciainfra.com\/blog\/ppi-qualifica-relicitacao-da-br-060-153-262-df-go-mg-e-tres-mil-km-de-rodovias-catarinenses\/"]}]},{"@type":"ImageObject","inLanguage":"pt-BR","@id":"https:\/\/agenciainfra.com\/blog\/ppi-qualifica-relicitacao-da-br-060-153-262-df-go-mg-e-tres-mil-km-de-rodovias-catarinenses\/#primaryimage","url":"https:\/\/agenciainfra.com\/blog\/wp-content\/uploads\/2019\/12\/br-060-foto-edsom-leite-minfra.jpg","contentUrl":"https:\/\/agenciainfra.com\/blog\/wp-content\/uploads\/2019\/12\/br-060-foto-edsom-leite-minfra.jpg","width":1280,"height":732,"caption":"Foto: Edson Leite"},{"@type":"BreadcrumbList","@id":"https:\/\/agenciainfra.com\/blog\/ppi-qualifica-relicitacao-da-br-060-153-262-df-go-mg-e-tres-mil-km-de-rodovias-catarinenses\/#breadcrumb","itemListElement":[{"@type":"ListItem","position":1,"name":"In\u00edcio","item":"https:\/\/agenciainfra.com\/blog\/"},{"@type":"ListItem","position":2,"name":"PPI qualifica relicita\u00e7\u00e3o da BR-060-153-262\/DF-GO-MG e tr\u00eas mil km de rodovias catarinenses"}]},{"@type":"WebSite","@id":"https:\/\/agenciainfra.com\/blog\/#website","url":"https:\/\/agenciainfra.com\/blog\/","name":"Ag\u00eancia iNFRA","description":"Multiplataforma de informa\u00e7\u00e3o jornal\u00edstica refer\u00eancia na \u00e1rea de infraestrutura no Brasil!","publisher":{"@id":"https:\/\/agenciainfra.com\/blog\/#organization"},"potentialAction":[{"@type":"SearchAction","target":{"@type":"EntryPoint","urlTemplate":"https:\/\/agenciainfra.com\/blog\/?s={search_term_string}"},"query-input":{"@type":"PropertyValueSpecification","valueRequired":true,"valueName":"search_term_string"}}],"inLanguage":"pt-BR"},{"@type":"Organization","@id":"https:\/\/agenciainfra.com\/blog\/#organization","name":"Ag\u00eancia iNFRA","url":"https:\/\/agenciainfra.com\/blog\/","logo":{"@type":"ImageObject","inLanguage":"pt-BR","@id":"https:\/\/agenciainfra.com\/blog\/#\/schema\/logo\/image\/","url":"https:\/\/agenciainfra.com\/blog\/wp-content\/uploads\/2023\/09\/iNFRA_5-e1761735885940.png","contentUrl":"https:\/\/agenciainfra.com\/blog\/wp-content\/uploads\/2023\/09\/iNFRA_5-e1761735885940.png","width":1672,"height":454,"caption":"Ag\u00eancia iNFRA"},"image":{"@id":"https:\/\/agenciainfra.com\/blog\/#\/schema\/logo\/image\/"},"sameAs":["https:\/\/www.facebook.com\/ageninfra","https:\/\/x.com\/agencia_infra","https:\/\/www.linkedin.com\/company\/ag\u00eanciainfra\/","https:\/\/www.instagram.com\/agenciainfra\/"]},{"@type":"Person","@id":"https:\/\/agenciainfra.com\/blog\/#\/schema\/person\/34af08dff6adea4cb22b06612ba7acfa","name":"Ag\u00eancia iNFRA","image":{"@type":"ImageObject","inLanguage":"pt-BR","@id":"https:\/\/agenciainfra.com\/blog\/#\/schema\/person\/image\/","url":"https:\/\/secure.gravatar.com\/avatar\/d189e01678f06d8eb84d4e01f08eb848b3fffe3f8443818d3c356c66892f5be8?s=96&d=mm&r=g","contentUrl":"https:\/\/secure.gravatar.com\/avatar\/d189e01678f06d8eb84d4e01f08eb848b3fffe3f8443818d3c356c66892f5be8?s=96&d=mm&r=g","caption":"Ag\u00eancia iNFRA"},"url":"https:\/\/agenciainfra.com\/blog\/author\/admin\/"}]}},"_links":{"self":[{"href":"https:\/\/agenciainfra.com\/blog\/wp-json\/wp\/v2\/posts\/8148","targetHints":{"allow":["GET"]}}],"collection":[{"href":"https:\/\/agenciainfra.com\/blog\/wp-json\/wp\/v2\/posts"}],"about":[{"href":"https:\/\/agenciainfra.com\/blog\/wp-json\/wp\/v2\/types\/post"}],"author":[{"embeddable":true,"href":"https:\/\/agenciainfra.com\/blog\/wp-json\/wp\/v2\/users\/1"}],"replies":[{"embeddable":true,"href":"https:\/\/agenciainfra.com\/blog\/wp-json\/wp\/v2\/comments?post=8148"}],"version-history":[{"count":0,"href":"https:\/\/agenciainfra.com\/blog\/wp-json\/wp\/v2\/posts\/8148\/revisions"}],"wp:featuredmedia":[{"embeddable":true,"href":"https:\/\/agenciainfra.com\/blog\/wp-json\/wp\/v2\/media\/4138"}],"wp:attachment":[{"href":"https:\/\/agenciainfra.com\/blog\/wp-json\/wp\/v2\/media?parent=8148"}],"wp:term":[{"taxonomy":"category","embeddable":true,"href":"https:\/\/agenciainfra.com\/blog\/wp-json\/wp\/v2\/categories?post=8148"},{"taxonomy":"post_tag","embeddable":true,"href":"https:\/\/agenciainfra.com\/blog\/wp-json\/wp\/v2\/tags?post=8148"}],"curies":[{"name":"wp","href":"https:\/\/api.w.org\/{rel}","templated":true}]}}