{"id":8155,"date":"2021-08-27T13:00:00","date_gmt":"2021-08-27T16:00:00","guid":{"rendered":"https:\/\/www.agenciainfra.com\/blog\/?p=8155"},"modified":"2021-08-27T12:59:46","modified_gmt":"2021-08-27T15:59:46","slug":"nenhuma-fonte-e-capaz-de-aumentar-em-55-gw-a-geracao-imediatamente-diz-abeeolica","status":"publish","type":"post","link":"https:\/\/agenciainfra.com\/blog\/nenhuma-fonte-e-capaz-de-aumentar-em-55-gw-a-geracao-imediatamente-diz-abeeolica\/","title":{"rendered":"Nenhuma fonte \u00e9 capaz de aumentar em 5,5 GW a gera\u00e7\u00e3o imediatamente, diz ABEE\u00f3lica"},"content":{"rendered":"\n<p class=\"has-text-align-right\"><strong>Ludmylla Rocha, da&nbsp;Ag\u00eancia iNFRA<\/strong><\/p>\n\n\n\n<p>A presidente-executiva da ABEE\u00f3lica (Associa\u00e7\u00e3o Brasileira de Energia E\u00f3lica), \u00c9lbia Gannoum, afirmou em entrevista \u00e0&nbsp;<strong>Ag\u00eancia iNFRA<\/strong>&nbsp;que nenhuma das fontes de gera\u00e7\u00e3o de energia dispon\u00edveis consegue aumentar a produ\u00e7\u00e3o em t\u00e3o curto prazo, conforme necessidade descrita&nbsp;em estudo divulgado na \u00faltima quarta-feira (25) pelo ONS (Operador Nacional do Sistema El\u00e9trico).<br><br>\u201cNenhuma fonte tem capacidade de responder isso agora a n\u00e3o ser que eles consigam mais t\u00e9rmicas\u201d, ponderou. No relat\u00f3rio, o ONS afirma que \u00e9 \u201cimprescind\u00edvel para o atendimento energ\u00e9tico assegurar o aumento da oferta em cerca de 5,5 GWmed (gigawatts-m\u00e9dios) a partir de setembro\u201d.&nbsp;<a rel=\"noreferrer noopener\" href=\"https:\/\/agenciainfra.us14.list-manage.com\/track\/click?u=d460dd1bcf9ba0ae040e1fc0f&amp;id=e62450c039&amp;e=3cd2fde004\" target=\"_blank\">Leia aqui<\/a>. Na quarta-feira (25), a carga gerada pelo SIN (Sistema Interligado Nacional) foi de 73,35 GWmed.&nbsp;<br><br>Diante deste cen\u00e1rio, a executiva acredita que as a\u00e7\u00f5es do governo do lado da demanda est\u00e3o corretas. O MME (Minist\u00e9rio de Minas e Energia) lan\u00e7ou o programa de incentivo \u00e0 redu\u00e7\u00e3o&nbsp;do consumo pelas ind\u00fastrias, chamado de Resposta Volunt\u00e1ria da&nbsp;Demanda, determinou o corte de at\u00e9 20% dos gastos com energia nos pr\u00e9dios p\u00fablicos federais e tamb\u00e9m anunciou um plano&nbsp;de bonifica\u00e7\u00e3o para os consumidores de pequeno porte que diminu\u00edrem seu consumo.<br><br>Como sugest\u00e3o para alcan\u00e7ar tal aumento da oferta, o ONS cita medidas como adiamento de manuten\u00e7\u00f5es programadas, importa\u00e7\u00e3o de energia, garantia de disponibilidade das usinas merchant (sem contrato), viabilizar o terceiro navio regaseificador em Pec\u00e9m, no Cear\u00e1, flexibiliza\u00e7\u00f5es dos n\u00edveis m\u00ednimos nos reservat\u00f3rios das usinas de Ilha Solteira e Tr\u00eas Irm\u00e3os, entre outras.<br><br>Refor\u00e7a-se ainda a necessidade de flexibiliza\u00e7\u00e3o dos crit\u00e9rios de seguran\u00e7a de N-2 para N-1 para interc\u00e2mbio de energia entre os subsistemas, \u201ccomo recurso para atendimento energ\u00e9tico e de pot\u00eancia\u201d. A medida foi citada pelo diretor-geral do ONS, Luiz Carlos Ciocchi, em coletiva de imprensa realizada na quarta-feira (25) para tratar das medidas adotadas para mitigar os efeitos da crise h\u00eddrica.<br><br>Na ocasi\u00e3o, ele explicou que, a despeito das chuvas terem tido menor intensidade do que o esperado na regi\u00e3o Sul, o Nordeste tem tido desempenho \u201cespetacular\u201d na gera\u00e7\u00e3o de energia e\u00f3lica, que est\u00e3o \u201cbatendo recordes atr\u00e1s de recordes\u201d.<br><br><strong>E\u00f3lica produzir\u00e1 20% da carga do SIN<\/strong><br>Segundo Gannoum, a tend\u00eancia \u00e9 que os recordes se renovem ano a ano. \u201cA capacidade instalada a cada ano est\u00e1 crescendo em torno de 15%. A cada ano a gente coloca 2,5 GW (gigawatt) e, neste ano de 2021, em especial, a gente vai colocar 3 GW\u201d, explicou. Com isso, a fonte deve ser respons\u00e1vel pela primeira vez considerando a m\u00e9dia do segundo semestre por 20% da produ\u00e7\u00e3o no SIN.<br><br>\u201cA gente at\u00e9 chegou no ano passado num momento de pico de atender 20%, mas \u00e0s 20h de um dia X. Mas esse n\u00famero m\u00e9dio de 20% nesse per\u00edodo, que \u00e9 o segundo semestre, ele \u00e9 in\u00e9dito. A gente tinha chegado no ano passado a 16% e agora&nbsp;estamos chegando a 20%\u201d, explicou.<br><br>A presidente-executiva afirmou ainda que, no curto prazo, n\u00e3o v\u00ea gargalos para esse desempenho, mas ressaltou a import\u00e2ncia da expans\u00e3o de rede de transmiss\u00e3o para garantir o escoamento da energia gerada. Ela afirmou que tem realizado reuni\u00f5es com o MME sobre o tema e que a associa\u00e7\u00e3o faz estudos para acompanhamento que s\u00e3o compartilhados com a EPE (Empresa de Pesquisa Energ\u00e9tica).<br><br>Ela cita como exemplo o leil\u00e3o A-5 aprovado nesta semana pela ANEEL (Ag\u00eancia Nacional de Energia El\u00e9trica). \u201cSaiu o estudo de margem de escoamento para esse leil\u00e3o A-5 e a gente est\u00e1 com pouqu\u00edssima margem de escoamento na Bahia e no Rio Grande do Norte, por exemplo. N\u00e3o \u00e9 a transmiss\u00e3o do Nordeste para o Sudeste como um todo, mas s\u00e3o as transmiss\u00f5es intrasubmercado e \u00e9 isso que indica que \u2018olha, planejador, tem que fazer mais transmiss\u00e3o aqui\u2019\u201d, citou.<br><br><strong>600 MW&nbsp;antecipados<\/strong><br>Gannoum afirmou tamb\u00e9m que o setor antecipou a entrada de opera\u00e7\u00e3o de cerca de 600 MW (megawatts) em capacidade instalada. Projetos que entrariam em funcionamento mais para o fim do ano foram sendo adiantados em aproximadamente dois meses.<br><br>\u201c600 MW num momento em que o custo marginal de opera\u00e7\u00e3o est\u00e1 em torno de R$ 3.000 \u00e9 um n\u00famero muito relevante\u201d, opinou.<\/p>\n","protected":false},"excerpt":{"rendered":"<p>Ludmylla Rocha, da&nbsp;Ag\u00eancia iNFRA A presidente-executiva da ABEE\u00f3lica (Associa\u00e7\u00e3o Brasileira de Energia E\u00f3lica), \u00c9lbia Gannoum, afirmou em entrevista \u00e0&nbsp;Ag\u00eancia iNFRA&nbsp;que nenhuma das fontes de gera\u00e7\u00e3o de energia dispon\u00edveis consegue aumentar a produ\u00e7\u00e3o em t\u00e3o curto prazo, conforme necessidade descrita&nbsp;em estudo divulgado na \u00faltima quarta-feira (25) pelo ONS (Operador Nacional do Sistema El\u00e9trico). \u201cNenhuma fonte tem [&hellip;]<\/p>\n","protected":false},"author":1,"featured_media":8167,"comment_status":"closed","ping_status":"closed","sticky":false,"template":"","format":"standard","meta":{"_monsterinsights_skip_tracking":false,"_monsterinsights_sitenote_active":false,"_monsterinsights_sitenote_note":"","_monsterinsights_sitenote_category":0,"footnotes":""},"categories":[1,10],"tags":[2215,53,4379,4954,3210,12,2803,71,216,631],"class_list":["post-8155","post","type-post","status-publish","format-standard","has-post-thumbnail","hentry","category-geral","category-infraenergia","tag-abeeolica-2","tag-aneel","tag-crise-energetica","tag-elbia-gannoum-2","tag-eolicas","tag-epe","tag-geracao-de-energia","tag-mme","tag-ons","tag-termicas"],"yoast_head":"<!-- This site is optimized with the Yoast SEO Premium plugin v25.4 (Yoast SEO v26.0) - https:\/\/yoast.com\/wordpress\/plugins\/seo\/ -->\n<title>Nenhuma fonte \u00e9 capaz de aumentar em 5,5 GW a gera\u00e7\u00e3o imediatamente, diz ABEE\u00f3lica - Ag\u00eancia iNFRA<\/title>\n<meta name=\"robots\" content=\"index, follow, max-snippet:-1, max-image-preview:large, max-video-preview:-1\" \/>\n<link rel=\"canonical\" href=\"https:\/\/agenciainfra.com\/blog\/nenhuma-fonte-e-capaz-de-aumentar-em-55-gw-a-geracao-imediatamente-diz-abeeolica\/\" \/>\n<meta property=\"og:locale\" content=\"pt_BR\" \/>\n<meta property=\"og:type\" content=\"article\" \/>\n<meta property=\"og:title\" content=\"Nenhuma fonte \u00e9 capaz de aumentar em 5,5 GW a gera\u00e7\u00e3o imediatamente, diz ABEE\u00f3lica\" \/>\n<meta property=\"og:description\" content=\"Ludmylla Rocha, da&nbsp;Ag\u00eancia iNFRA A presidente-executiva da ABEE\u00f3lica (Associa\u00e7\u00e3o Brasileira de Energia E\u00f3lica), \u00c9lbia Gannoum, afirmou em entrevista \u00e0&nbsp;Ag\u00eancia iNFRA&nbsp;que nenhuma das fontes de gera\u00e7\u00e3o de energia dispon\u00edveis consegue aumentar a produ\u00e7\u00e3o em t\u00e3o curto prazo, conforme necessidade descrita&nbsp;em estudo divulgado na \u00faltima quarta-feira (25) pelo ONS (Operador Nacional do Sistema El\u00e9trico). \u201cNenhuma fonte tem [&hellip;]\" \/>\n<meta property=\"og:url\" content=\"https:\/\/agenciainfra.com\/blog\/nenhuma-fonte-e-capaz-de-aumentar-em-55-gw-a-geracao-imediatamente-diz-abeeolica\/\" \/>\n<meta property=\"og:site_name\" content=\"Ag\u00eancia iNFRA\" \/>\n<meta property=\"article:publisher\" content=\"https:\/\/www.facebook.com\/ageninfra\" \/>\n<meta property=\"article:published_time\" content=\"2021-08-27T16:00:00+00:00\" \/>\n<meta property=\"og:image\" content=\"https:\/\/agenciainfra.com\/blog\/wp-content\/uploads\/2021\/08\/energia-eolica-foto-dominio-publico.jpeg\" \/>\n\t<meta property=\"og:image:width\" content=\"1280\" \/>\n\t<meta property=\"og:image:height\" content=\"854\" \/>\n\t<meta property=\"og:image:type\" content=\"image\/jpeg\" \/>\n<meta name=\"author\" content=\"Ag\u00eancia iNFRA\" \/>\n<meta name=\"twitter:card\" content=\"summary_large_image\" \/>\n<meta name=\"twitter:creator\" content=\"@agencia_infra\" \/>\n<meta name=\"twitter:site\" content=\"@agencia_infra\" \/>\n<meta name=\"twitter:label1\" content=\"Escrito por\" \/>\n\t<meta name=\"twitter:data1\" content=\"Ag\u00eancia iNFRA\" \/>\n\t<meta name=\"twitter:label2\" content=\"Est. tempo de leitura\" \/>\n\t<meta name=\"twitter:data2\" content=\"4 minutos\" \/>\n<script type=\"application\/ld+json\" class=\"yoast-schema-graph\">{\"@context\":\"https:\/\/schema.org\",\"@graph\":[{\"@type\":\"Article\",\"@id\":\"https:\/\/agenciainfra.com\/blog\/nenhuma-fonte-e-capaz-de-aumentar-em-55-gw-a-geracao-imediatamente-diz-abeeolica\/#article\",\"isPartOf\":{\"@id\":\"https:\/\/agenciainfra.com\/blog\/nenhuma-fonte-e-capaz-de-aumentar-em-55-gw-a-geracao-imediatamente-diz-abeeolica\/\"},\"author\":{\"name\":\"Ag\u00eancia iNFRA\",\"@id\":\"https:\/\/agenciainfra.com\/blog\/#\/schema\/person\/34af08dff6adea4cb22b06612ba7acfa\"},\"headline\":\"Nenhuma fonte \u00e9 capaz de aumentar em 5,5 GW a gera\u00e7\u00e3o imediatamente, diz ABEE\u00f3lica\",\"datePublished\":\"2021-08-27T16:00:00+00:00\",\"mainEntityOfPage\":{\"@id\":\"https:\/\/agenciainfra.com\/blog\/nenhuma-fonte-e-capaz-de-aumentar-em-55-gw-a-geracao-imediatamente-diz-abeeolica\/\"},\"wordCount\":755,\"publisher\":{\"@id\":\"https:\/\/agenciainfra.com\/blog\/#organization\"},\"image\":{\"@id\":\"https:\/\/agenciainfra.com\/blog\/nenhuma-fonte-e-capaz-de-aumentar-em-55-gw-a-geracao-imediatamente-diz-abeeolica\/#primaryimage\"},\"thumbnailUrl\":\"https:\/\/agenciainfra.com\/blog\/wp-content\/uploads\/2021\/08\/energia-eolica-foto-dominio-publico.jpeg\",\"keywords\":[\"Abee\u00f3lica\",\"ANEEL\",\"crise energ\u00e9tica\",\"\u00c9lbia Gannoum\",\"e\u00f3licas\",\"epe\",\"gera\u00e7\u00e3o de energia\",\"MME\",\"ONS\",\"t\u00e9rmicas\"],\"articleSection\":[\"Geral\",\"iNFRAEnergia\"],\"inLanguage\":\"pt-BR\",\"copyrightYear\":\"2021\",\"copyrightHolder\":{\"@id\":\"https:\/\/agenciainfra.com\/blog\/#organization\"}},{\"@type\":\"WebPage\",\"@id\":\"https:\/\/agenciainfra.com\/blog\/nenhuma-fonte-e-capaz-de-aumentar-em-55-gw-a-geracao-imediatamente-diz-abeeolica\/\",\"url\":\"https:\/\/agenciainfra.com\/blog\/nenhuma-fonte-e-capaz-de-aumentar-em-55-gw-a-geracao-imediatamente-diz-abeeolica\/\",\"name\":\"Nenhuma fonte \u00e9 capaz de aumentar em 5,5 GW a gera\u00e7\u00e3o imediatamente, diz ABEE\u00f3lica - Ag\u00eancia iNFRA\",\"isPartOf\":{\"@id\":\"https:\/\/agenciainfra.com\/blog\/#website\"},\"primaryImageOfPage\":{\"@id\":\"https:\/\/agenciainfra.com\/blog\/nenhuma-fonte-e-capaz-de-aumentar-em-55-gw-a-geracao-imediatamente-diz-abeeolica\/#primaryimage\"},\"image\":{\"@id\":\"https:\/\/agenciainfra.com\/blog\/nenhuma-fonte-e-capaz-de-aumentar-em-55-gw-a-geracao-imediatamente-diz-abeeolica\/#primaryimage\"},\"thumbnailUrl\":\"https:\/\/agenciainfra.com\/blog\/wp-content\/uploads\/2021\/08\/energia-eolica-foto-dominio-publico.jpeg\",\"datePublished\":\"2021-08-27T16:00:00+00:00\",\"breadcrumb\":{\"@id\":\"https:\/\/agenciainfra.com\/blog\/nenhuma-fonte-e-capaz-de-aumentar-em-55-gw-a-geracao-imediatamente-diz-abeeolica\/#breadcrumb\"},\"inLanguage\":\"pt-BR\",\"potentialAction\":[{\"@type\":\"ReadAction\",\"target\":[\"https:\/\/agenciainfra.com\/blog\/nenhuma-fonte-e-capaz-de-aumentar-em-55-gw-a-geracao-imediatamente-diz-abeeolica\/\"]}]},{\"@type\":\"ImageObject\",\"inLanguage\":\"pt-BR\",\"@id\":\"https:\/\/agenciainfra.com\/blog\/nenhuma-fonte-e-capaz-de-aumentar-em-55-gw-a-geracao-imediatamente-diz-abeeolica\/#primaryimage\",\"url\":\"https:\/\/agenciainfra.com\/blog\/wp-content\/uploads\/2021\/08\/energia-eolica-foto-dominio-publico.jpeg\",\"contentUrl\":\"https:\/\/agenciainfra.com\/blog\/wp-content\/uploads\/2021\/08\/energia-eolica-foto-dominio-publico.jpeg\",\"width\":1280,\"height\":854,\"caption\":\"Foto: Dom\u00ednio p\u00fablico\"},{\"@type\":\"BreadcrumbList\",\"@id\":\"https:\/\/agenciainfra.com\/blog\/nenhuma-fonte-e-capaz-de-aumentar-em-55-gw-a-geracao-imediatamente-diz-abeeolica\/#breadcrumb\",\"itemListElement\":[{\"@type\":\"ListItem\",\"position\":1,\"name\":\"In\u00edcio\",\"item\":\"https:\/\/agenciainfra.com\/blog\/\"},{\"@type\":\"ListItem\",\"position\":2,\"name\":\"Nenhuma fonte \u00e9 capaz de aumentar em 5,5 GW a gera\u00e7\u00e3o imediatamente, diz ABEE\u00f3lica\"}]},{\"@type\":\"WebSite\",\"@id\":\"https:\/\/agenciainfra.com\/blog\/#website\",\"url\":\"https:\/\/agenciainfra.com\/blog\/\",\"name\":\"Ag\u00eancia iNFRA\",\"description\":\"Multiplataforma de informa\u00e7\u00e3o jornal\u00edstica refer\u00eancia na \u00e1rea de infraestrutura no Brasil!\",\"publisher\":{\"@id\":\"https:\/\/agenciainfra.com\/blog\/#organization\"},\"potentialAction\":[{\"@type\":\"SearchAction\",\"target\":{\"@type\":\"EntryPoint\",\"urlTemplate\":\"https:\/\/agenciainfra.com\/blog\/?s={search_term_string}\"},\"query-input\":{\"@type\":\"PropertyValueSpecification\",\"valueRequired\":true,\"valueName\":\"search_term_string\"}}],\"inLanguage\":\"pt-BR\"},{\"@type\":\"Organization\",\"@id\":\"https:\/\/agenciainfra.com\/blog\/#organization\",\"name\":\"Ag\u00eancia iNFRA\",\"url\":\"https:\/\/agenciainfra.com\/blog\/\",\"logo\":{\"@type\":\"ImageObject\",\"inLanguage\":\"pt-BR\",\"@id\":\"https:\/\/agenciainfra.com\/blog\/#\/schema\/logo\/image\/\",\"url\":\"https:\/\/agenciainfra.com\/blog\/wp-content\/uploads\/2023\/09\/iNFRA_5-e1761735885940.png\",\"contentUrl\":\"https:\/\/agenciainfra.com\/blog\/wp-content\/uploads\/2023\/09\/iNFRA_5-e1761735885940.png\",\"width\":1672,\"height\":454,\"caption\":\"Ag\u00eancia iNFRA\"},\"image\":{\"@id\":\"https:\/\/agenciainfra.com\/blog\/#\/schema\/logo\/image\/\"},\"sameAs\":[\"https:\/\/www.facebook.com\/ageninfra\",\"https:\/\/x.com\/agencia_infra\",\"https:\/\/www.linkedin.com\/company\/ag\u00eanciainfra\/\",\"https:\/\/www.instagram.com\/agenciainfra\/\"]},{\"@type\":\"Person\",\"@id\":\"https:\/\/agenciainfra.com\/blog\/#\/schema\/person\/34af08dff6adea4cb22b06612ba7acfa\",\"name\":\"Ag\u00eancia iNFRA\",\"image\":{\"@type\":\"ImageObject\",\"inLanguage\":\"pt-BR\",\"@id\":\"https:\/\/agenciainfra.com\/blog\/#\/schema\/person\/image\/\",\"url\":\"https:\/\/secure.gravatar.com\/avatar\/d189e01678f06d8eb84d4e01f08eb848b3fffe3f8443818d3c356c66892f5be8?s=96&d=mm&r=g\",\"contentUrl\":\"https:\/\/secure.gravatar.com\/avatar\/d189e01678f06d8eb84d4e01f08eb848b3fffe3f8443818d3c356c66892f5be8?s=96&d=mm&r=g\",\"caption\":\"Ag\u00eancia iNFRA\"},\"url\":\"https:\/\/agenciainfra.com\/blog\/author\/admin\/\"}]}<\/script>\n<!-- \/ Yoast SEO Premium plugin. -->","yoast_head_json":{"title":"Nenhuma fonte \u00e9 capaz de aumentar em 5,5 GW a gera\u00e7\u00e3o imediatamente, diz ABEE\u00f3lica - Ag\u00eancia iNFRA","robots":{"index":"index","follow":"follow","max-snippet":"max-snippet:-1","max-image-preview":"max-image-preview:large","max-video-preview":"max-video-preview:-1"},"canonical":"https:\/\/agenciainfra.com\/blog\/nenhuma-fonte-e-capaz-de-aumentar-em-55-gw-a-geracao-imediatamente-diz-abeeolica\/","og_locale":"pt_BR","og_type":"article","og_title":"Nenhuma fonte \u00e9 capaz de aumentar em 5,5 GW a gera\u00e7\u00e3o imediatamente, diz ABEE\u00f3lica","og_description":"Ludmylla Rocha, da&nbsp;Ag\u00eancia iNFRA A presidente-executiva da ABEE\u00f3lica (Associa\u00e7\u00e3o Brasileira de Energia E\u00f3lica), \u00c9lbia Gannoum, afirmou em entrevista \u00e0&nbsp;Ag\u00eancia iNFRA&nbsp;que nenhuma das fontes de gera\u00e7\u00e3o de energia dispon\u00edveis consegue aumentar a produ\u00e7\u00e3o em t\u00e3o curto prazo, conforme necessidade descrita&nbsp;em estudo divulgado na \u00faltima quarta-feira (25) pelo ONS (Operador Nacional do Sistema El\u00e9trico). \u201cNenhuma fonte tem [&hellip;]","og_url":"https:\/\/agenciainfra.com\/blog\/nenhuma-fonte-e-capaz-de-aumentar-em-55-gw-a-geracao-imediatamente-diz-abeeolica\/","og_site_name":"Ag\u00eancia iNFRA","article_publisher":"https:\/\/www.facebook.com\/ageninfra","article_published_time":"2021-08-27T16:00:00+00:00","og_image":[{"width":1280,"height":854,"url":"https:\/\/agenciainfra.com\/blog\/wp-content\/uploads\/2021\/08\/energia-eolica-foto-dominio-publico.jpeg","type":"image\/jpeg"}],"author":"Ag\u00eancia iNFRA","twitter_card":"summary_large_image","twitter_creator":"@agencia_infra","twitter_site":"@agencia_infra","twitter_misc":{"Escrito por":"Ag\u00eancia iNFRA","Est. tempo de leitura":"4 minutos"},"schema":{"@context":"https:\/\/schema.org","@graph":[{"@type":"Article","@id":"https:\/\/agenciainfra.com\/blog\/nenhuma-fonte-e-capaz-de-aumentar-em-55-gw-a-geracao-imediatamente-diz-abeeolica\/#article","isPartOf":{"@id":"https:\/\/agenciainfra.com\/blog\/nenhuma-fonte-e-capaz-de-aumentar-em-55-gw-a-geracao-imediatamente-diz-abeeolica\/"},"author":{"name":"Ag\u00eancia iNFRA","@id":"https:\/\/agenciainfra.com\/blog\/#\/schema\/person\/34af08dff6adea4cb22b06612ba7acfa"},"headline":"Nenhuma fonte \u00e9 capaz de aumentar em 5,5 GW a gera\u00e7\u00e3o imediatamente, diz ABEE\u00f3lica","datePublished":"2021-08-27T16:00:00+00:00","mainEntityOfPage":{"@id":"https:\/\/agenciainfra.com\/blog\/nenhuma-fonte-e-capaz-de-aumentar-em-55-gw-a-geracao-imediatamente-diz-abeeolica\/"},"wordCount":755,"publisher":{"@id":"https:\/\/agenciainfra.com\/blog\/#organization"},"image":{"@id":"https:\/\/agenciainfra.com\/blog\/nenhuma-fonte-e-capaz-de-aumentar-em-55-gw-a-geracao-imediatamente-diz-abeeolica\/#primaryimage"},"thumbnailUrl":"https:\/\/agenciainfra.com\/blog\/wp-content\/uploads\/2021\/08\/energia-eolica-foto-dominio-publico.jpeg","keywords":["Abee\u00f3lica","ANEEL","crise energ\u00e9tica","\u00c9lbia Gannoum","e\u00f3licas","epe","gera\u00e7\u00e3o de energia","MME","ONS","t\u00e9rmicas"],"articleSection":["Geral","iNFRAEnergia"],"inLanguage":"pt-BR","copyrightYear":"2021","copyrightHolder":{"@id":"https:\/\/agenciainfra.com\/blog\/#organization"}},{"@type":"WebPage","@id":"https:\/\/agenciainfra.com\/blog\/nenhuma-fonte-e-capaz-de-aumentar-em-55-gw-a-geracao-imediatamente-diz-abeeolica\/","url":"https:\/\/agenciainfra.com\/blog\/nenhuma-fonte-e-capaz-de-aumentar-em-55-gw-a-geracao-imediatamente-diz-abeeolica\/","name":"Nenhuma fonte \u00e9 capaz de aumentar em 5,5 GW a gera\u00e7\u00e3o imediatamente, diz ABEE\u00f3lica - Ag\u00eancia iNFRA","isPartOf":{"@id":"https:\/\/agenciainfra.com\/blog\/#website"},"primaryImageOfPage":{"@id":"https:\/\/agenciainfra.com\/blog\/nenhuma-fonte-e-capaz-de-aumentar-em-55-gw-a-geracao-imediatamente-diz-abeeolica\/#primaryimage"},"image":{"@id":"https:\/\/agenciainfra.com\/blog\/nenhuma-fonte-e-capaz-de-aumentar-em-55-gw-a-geracao-imediatamente-diz-abeeolica\/#primaryimage"},"thumbnailUrl":"https:\/\/agenciainfra.com\/blog\/wp-content\/uploads\/2021\/08\/energia-eolica-foto-dominio-publico.jpeg","datePublished":"2021-08-27T16:00:00+00:00","breadcrumb":{"@id":"https:\/\/agenciainfra.com\/blog\/nenhuma-fonte-e-capaz-de-aumentar-em-55-gw-a-geracao-imediatamente-diz-abeeolica\/#breadcrumb"},"inLanguage":"pt-BR","potentialAction":[{"@type":"ReadAction","target":["https:\/\/agenciainfra.com\/blog\/nenhuma-fonte-e-capaz-de-aumentar-em-55-gw-a-geracao-imediatamente-diz-abeeolica\/"]}]},{"@type":"ImageObject","inLanguage":"pt-BR","@id":"https:\/\/agenciainfra.com\/blog\/nenhuma-fonte-e-capaz-de-aumentar-em-55-gw-a-geracao-imediatamente-diz-abeeolica\/#primaryimage","url":"https:\/\/agenciainfra.com\/blog\/wp-content\/uploads\/2021\/08\/energia-eolica-foto-dominio-publico.jpeg","contentUrl":"https:\/\/agenciainfra.com\/blog\/wp-content\/uploads\/2021\/08\/energia-eolica-foto-dominio-publico.jpeg","width":1280,"height":854,"caption":"Foto: Dom\u00ednio p\u00fablico"},{"@type":"BreadcrumbList","@id":"https:\/\/agenciainfra.com\/blog\/nenhuma-fonte-e-capaz-de-aumentar-em-55-gw-a-geracao-imediatamente-diz-abeeolica\/#breadcrumb","itemListElement":[{"@type":"ListItem","position":1,"name":"In\u00edcio","item":"https:\/\/agenciainfra.com\/blog\/"},{"@type":"ListItem","position":2,"name":"Nenhuma fonte \u00e9 capaz de aumentar em 5,5 GW a gera\u00e7\u00e3o imediatamente, diz ABEE\u00f3lica"}]},{"@type":"WebSite","@id":"https:\/\/agenciainfra.com\/blog\/#website","url":"https:\/\/agenciainfra.com\/blog\/","name":"Ag\u00eancia iNFRA","description":"Multiplataforma de informa\u00e7\u00e3o jornal\u00edstica refer\u00eancia na \u00e1rea de infraestrutura no Brasil!","publisher":{"@id":"https:\/\/agenciainfra.com\/blog\/#organization"},"potentialAction":[{"@type":"SearchAction","target":{"@type":"EntryPoint","urlTemplate":"https:\/\/agenciainfra.com\/blog\/?s={search_term_string}"},"query-input":{"@type":"PropertyValueSpecification","valueRequired":true,"valueName":"search_term_string"}}],"inLanguage":"pt-BR"},{"@type":"Organization","@id":"https:\/\/agenciainfra.com\/blog\/#organization","name":"Ag\u00eancia iNFRA","url":"https:\/\/agenciainfra.com\/blog\/","logo":{"@type":"ImageObject","inLanguage":"pt-BR","@id":"https:\/\/agenciainfra.com\/blog\/#\/schema\/logo\/image\/","url":"https:\/\/agenciainfra.com\/blog\/wp-content\/uploads\/2023\/09\/iNFRA_5-e1761735885940.png","contentUrl":"https:\/\/agenciainfra.com\/blog\/wp-content\/uploads\/2023\/09\/iNFRA_5-e1761735885940.png","width":1672,"height":454,"caption":"Ag\u00eancia iNFRA"},"image":{"@id":"https:\/\/agenciainfra.com\/blog\/#\/schema\/logo\/image\/"},"sameAs":["https:\/\/www.facebook.com\/ageninfra","https:\/\/x.com\/agencia_infra","https:\/\/www.linkedin.com\/company\/ag\u00eanciainfra\/","https:\/\/www.instagram.com\/agenciainfra\/"]},{"@type":"Person","@id":"https:\/\/agenciainfra.com\/blog\/#\/schema\/person\/34af08dff6adea4cb22b06612ba7acfa","name":"Ag\u00eancia iNFRA","image":{"@type":"ImageObject","inLanguage":"pt-BR","@id":"https:\/\/agenciainfra.com\/blog\/#\/schema\/person\/image\/","url":"https:\/\/secure.gravatar.com\/avatar\/d189e01678f06d8eb84d4e01f08eb848b3fffe3f8443818d3c356c66892f5be8?s=96&d=mm&r=g","contentUrl":"https:\/\/secure.gravatar.com\/avatar\/d189e01678f06d8eb84d4e01f08eb848b3fffe3f8443818d3c356c66892f5be8?s=96&d=mm&r=g","caption":"Ag\u00eancia iNFRA"},"url":"https:\/\/agenciainfra.com\/blog\/author\/admin\/"}]}},"_links":{"self":[{"href":"https:\/\/agenciainfra.com\/blog\/wp-json\/wp\/v2\/posts\/8155","targetHints":{"allow":["GET"]}}],"collection":[{"href":"https:\/\/agenciainfra.com\/blog\/wp-json\/wp\/v2\/posts"}],"about":[{"href":"https:\/\/agenciainfra.com\/blog\/wp-json\/wp\/v2\/types\/post"}],"author":[{"embeddable":true,"href":"https:\/\/agenciainfra.com\/blog\/wp-json\/wp\/v2\/users\/1"}],"replies":[{"embeddable":true,"href":"https:\/\/agenciainfra.com\/blog\/wp-json\/wp\/v2\/comments?post=8155"}],"version-history":[{"count":0,"href":"https:\/\/agenciainfra.com\/blog\/wp-json\/wp\/v2\/posts\/8155\/revisions"}],"wp:featuredmedia":[{"embeddable":true,"href":"https:\/\/agenciainfra.com\/blog\/wp-json\/wp\/v2\/media\/8167"}],"wp:attachment":[{"href":"https:\/\/agenciainfra.com\/blog\/wp-json\/wp\/v2\/media?parent=8155"}],"wp:term":[{"taxonomy":"category","embeddable":true,"href":"https:\/\/agenciainfra.com\/blog\/wp-json\/wp\/v2\/categories?post=8155"},{"taxonomy":"post_tag","embeddable":true,"href":"https:\/\/agenciainfra.com\/blog\/wp-json\/wp\/v2\/tags?post=8155"}],"curies":[{"name":"wp","href":"https:\/\/api.w.org\/{rel}","templated":true}]}}