{"id":8159,"date":"2021-08-30T08:00:00","date_gmt":"2021-08-30T11:00:00","guid":{"rendered":"https:\/\/www.agenciainfra.com\/blog\/?p=8159"},"modified":"2021-08-27T11:45:48","modified_gmt":"2021-08-27T14:45:48","slug":"frente-parlamentar-pelo-brasil-competitivo-quer-apoiar-projetos-com-impacto-em-infraestrutura","status":"publish","type":"post","link":"https:\/\/agenciainfra.com\/blog\/frente-parlamentar-pelo-brasil-competitivo-quer-apoiar-projetos-com-impacto-em-infraestrutura\/","title":{"rendered":"Frente Parlamentar pelo Brasil Competitivo quer apoiar projetos com impacto em infraestrutura"},"content":{"rendered":"\n<p class=\"has-text-align-right\"><strong>Dimmi Amora, da&nbsp;Ag\u00eancia iNFRA<\/strong><\/p>\n\n\n\n<p>A Frente Parlamentar pelo Brasil Competitivo vai atuar no Congresso pela aprova\u00e7\u00e3o de ao menos cinco propostas legislativas que est\u00e3o tramitando na Casa como forma de ampliar a competitividade do setor de infraestrutura, considerado um dos gargalos \u00e0 produtividade do pa\u00eds.<\/p>\n\n\n\n<p>Nos c\u00e1lculos do grupo, que tem o apoiamento de 200 parlamentares, a indisponibilidade de infraestrutura gera perdas entre R$ 190 bilh\u00f5es e R$ 230 bilh\u00f5es ao pa\u00eds por ano. Esse valor \u00e9 parte do R$ 1,5 trilh\u00e3o que o pa\u00eds teria no chamado Custo Brasil, nos c\u00e1lculos feitos por MBC (Movimento Brasil Competitivo) e CNI (Confedera\u00e7\u00e3o Nacional da Ind\u00fastria),&nbsp;que d\u00e3o&nbsp;suporte \u00e0 frente.<\/p>\n\n\n\n<p>A frente tem como diagn\u00f3stico que os gargalos de infraestrutura s\u00e3o gerados por &#8220;elevados custos e baixa qualidade log\u00edstica; imprecis\u00e3o e baixa efetividade da regula\u00e7\u00e3o ambiental; insuficiente infraestrutura de telecom; defici\u00eancia na rede de saneamento; limita\u00e7\u00f5es da infraestrutura de mobilidade urbana&#8221;. O estudo com o diagn\u00f3stico est\u00e1 dispon\u00edvel&nbsp;<a href=\"https:\/\/agenciainfra.us14.list-manage.com\/track\/click?u=d460dd1bcf9ba0ae040e1fc0f&amp;id=d9f84b290a&amp;e=3cd2fde004\" target=\"_blank\" rel=\"noreferrer noopener\">neste link<\/a>.<\/p>\n\n\n\n<p>Presidida pelo deputado Alexis Fonteyne (Novo-SP), a frente elegeu cinco projetos em que haver\u00e1 uma atua\u00e7\u00e3o mais destacada. S\u00e3o eles o PL 4.199\/2020, o BR do Mar; o 2.646\/2020, o projeto de Deb\u00eantures em Infraestrutura; o PLS 261\/2018, o marco legal das ferrovias; o PL 2.149\/2015, que trata de seguran\u00e7a no tr\u00e1fego aquavi\u00e1rio; e o PL 7.063\/2017, novo marco legal de concess\u00f5es e PPPs (parcerias p\u00fablico-privadas).<\/p>\n\n\n\n<p><strong>Cortar todo dia<\/strong><br>Segundo Fonteyne, a ideia da frente surgiu ap\u00f3s o mapeamento feito de quanto custam os gargalos em v\u00e1rios setores da economia, incluindo a infraestrutura, tornando poss\u00edvel ir atr\u00e1s da redu\u00e7\u00e3o ponto a ponto do chamado&nbsp;Custo Brasil, que ele brinca dizendo ser como unha.<\/p>\n\n\n\n<p>&#8220;Voc\u00ea tem que cortar todo dia&#8221;, disse o parlamentar.<\/p>\n\n\n\n<p>Ele afirmou que a ideia da frente \u00e9 ir buscar solu\u00e7\u00e3o para os problemas fundamentais da falta de competitividade das empresas brasileiras, como forma de evitar o discurso de que \u00e9 preciso prote\u00e7\u00e3o para as empresas nacionais sobreviverem.&nbsp;<\/p>\n\n\n\n<p>Segundo o parlamentar, a partir de demandas de entidades ligadas ao setor produtivo, a frente quer produzir eventos para levar parlamentares e ampliar a defesa na aprova\u00e7\u00e3o de marcos legais, inclusive os ligados ao setor de infraestrutura. Ele afirmou que as proposta do PL das Deb\u00eantures e do marco de ferrovias dever\u00e3o ter encontros ainda neste ano para tratar desses temas.<\/p>\n\n\n\n<p>Al\u00e9m da defesa de projetos espec\u00edficos, Fonteyne afirmou ainda que a ideia \u00e9 apoiar os processos de desestatiza\u00e7\u00e3o do pa\u00eds, incluindo o das autoridades portu\u00e1rias, que est\u00e1 em andamento pelo atual governo. A agenda legislativa da frente deve ser anunciada nas pr\u00f3ximas semanas.<\/p>\n","protected":false},"excerpt":{"rendered":"<p>Dimmi Amora, da&nbsp;Ag\u00eancia iNFRA A Frente Parlamentar pelo Brasil Competitivo vai atuar no Congresso pela aprova\u00e7\u00e3o de ao menos cinco propostas legislativas que est\u00e3o tramitando na Casa como forma de ampliar a competitividade do setor de infraestrutura, considerado um dos gargalos \u00e0 produtividade do pa\u00eds. Nos c\u00e1lculos do grupo, que tem o apoiamento de 200 [&hellip;]<\/p>\n","protected":false},"author":1,"featured_media":4009,"comment_status":"closed","ping_status":"closed","sticky":false,"template":"","format":"standard","meta":{"_monsterinsights_skip_tracking":false,"_monsterinsights_sitenote_active":false,"_monsterinsights_sitenote_note":"","_monsterinsights_sitenote_category":0,"footnotes":""},"categories":[1,7],"tags":[350,3165,192,4955,34,4957,2348,4337,4956,617],"class_list":["post-8159","post","type-post","status-publish","format-standard","has-post-thumbnail","hentry","category-geral","category-infratransporte","tag-cni","tag-competitividade","tag-desestatizacao","tag-frente-parlamentar-pelo-brasil-competitivo","tag-infraestrutura","tag-marco-de-ferrovias","tag-movimento-brasil-competitivo","tag-pl-das-debentures","tag-projetos-de-lei","tag-transporte"],"yoast_head":"<!-- This site is optimized with the Yoast SEO Premium plugin v25.4 (Yoast SEO v26.0) - https:\/\/yoast.com\/wordpress\/plugins\/seo\/ -->\n<title>Frente Parlamentar pelo Brasil Competitivo quer apoiar projetos com impacto em infraestrutura - Ag\u00eancia iNFRA<\/title>\n<meta name=\"robots\" content=\"index, follow, max-snippet:-1, max-image-preview:large, max-video-preview:-1\" \/>\n<link rel=\"canonical\" href=\"https:\/\/agenciainfra.com\/blog\/frente-parlamentar-pelo-brasil-competitivo-quer-apoiar-projetos-com-impacto-em-infraestrutura\/\" \/>\n<meta property=\"og:locale\" content=\"pt_BR\" \/>\n<meta property=\"og:type\" content=\"article\" \/>\n<meta property=\"og:title\" content=\"Frente Parlamentar pelo Brasil Competitivo quer apoiar projetos com impacto em infraestrutura\" \/>\n<meta property=\"og:description\" content=\"Dimmi Amora, da&nbsp;Ag\u00eancia iNFRA A Frente Parlamentar pelo Brasil Competitivo vai atuar no Congresso pela aprova\u00e7\u00e3o de ao menos cinco propostas legislativas que est\u00e3o tramitando na Casa como forma de ampliar a competitividade do setor de infraestrutura, considerado um dos gargalos \u00e0 produtividade do pa\u00eds. Nos c\u00e1lculos do grupo, que tem o apoiamento de 200 [&hellip;]\" \/>\n<meta property=\"og:url\" content=\"https:\/\/agenciainfra.com\/blog\/frente-parlamentar-pelo-brasil-competitivo-quer-apoiar-projetos-com-impacto-em-infraestrutura\/\" \/>\n<meta property=\"og:site_name\" content=\"Ag\u00eancia iNFRA\" \/>\n<meta property=\"article:publisher\" content=\"https:\/\/www.facebook.com\/ageninfra\" \/>\n<meta property=\"article:published_time\" content=\"2021-08-30T11:00:00+00:00\" \/>\n<meta property=\"og:image\" content=\"https:\/\/agenciainfra.com\/blog\/wp-content\/uploads\/2019\/11\/ferrovia-trilho-dominio-publico.jpg\" \/>\n\t<meta property=\"og:image:width\" content=\"1200\" \/>\n\t<meta property=\"og:image:height\" content=\"900\" \/>\n\t<meta property=\"og:image:type\" content=\"image\/jpeg\" \/>\n<meta name=\"author\" content=\"Ag\u00eancia iNFRA\" \/>\n<meta name=\"twitter:card\" content=\"summary_large_image\" \/>\n<meta name=\"twitter:creator\" content=\"@agencia_infra\" \/>\n<meta name=\"twitter:site\" content=\"@agencia_infra\" \/>\n<meta name=\"twitter:label1\" content=\"Escrito por\" \/>\n\t<meta name=\"twitter:data1\" content=\"Ag\u00eancia iNFRA\" \/>\n\t<meta name=\"twitter:label2\" content=\"Est. tempo de leitura\" \/>\n\t<meta name=\"twitter:data2\" content=\"2 minutos\" \/>\n<script type=\"application\/ld+json\" class=\"yoast-schema-graph\">{\"@context\":\"https:\/\/schema.org\",\"@graph\":[{\"@type\":\"Article\",\"@id\":\"https:\/\/agenciainfra.com\/blog\/frente-parlamentar-pelo-brasil-competitivo-quer-apoiar-projetos-com-impacto-em-infraestrutura\/#article\",\"isPartOf\":{\"@id\":\"https:\/\/agenciainfra.com\/blog\/frente-parlamentar-pelo-brasil-competitivo-quer-apoiar-projetos-com-impacto-em-infraestrutura\/\"},\"author\":{\"name\":\"Ag\u00eancia iNFRA\",\"@id\":\"https:\/\/agenciainfra.com\/blog\/#\/schema\/person\/34af08dff6adea4cb22b06612ba7acfa\"},\"headline\":\"Frente Parlamentar pelo Brasil Competitivo quer apoiar projetos com impacto em infraestrutura\",\"datePublished\":\"2021-08-30T11:00:00+00:00\",\"mainEntityOfPage\":{\"@id\":\"https:\/\/agenciainfra.com\/blog\/frente-parlamentar-pelo-brasil-competitivo-quer-apoiar-projetos-com-impacto-em-infraestrutura\/\"},\"wordCount\":474,\"publisher\":{\"@id\":\"https:\/\/agenciainfra.com\/blog\/#organization\"},\"image\":{\"@id\":\"https:\/\/agenciainfra.com\/blog\/frente-parlamentar-pelo-brasil-competitivo-quer-apoiar-projetos-com-impacto-em-infraestrutura\/#primaryimage\"},\"thumbnailUrl\":\"https:\/\/agenciainfra.com\/blog\/wp-content\/uploads\/2019\/11\/ferrovia-trilho-dominio-publico.jpg\",\"keywords\":[\"CNI\",\"competitividade\",\"desestatiza\u00e7\u00e3o\",\"Frente Parlamentar pelo Brasil Competitivo\",\"Infraestrutura\",\"marco de ferrovias\",\"Movimento Brasil Competitivo\",\"PL das Deb\u00eantures\",\"projetos de lei\",\"transporte\"],\"articleSection\":[\"Geral\",\"iNFRATransporte\"],\"inLanguage\":\"pt-BR\",\"copyrightYear\":\"2021\",\"copyrightHolder\":{\"@id\":\"https:\/\/agenciainfra.com\/blog\/#organization\"}},{\"@type\":\"WebPage\",\"@id\":\"https:\/\/agenciainfra.com\/blog\/frente-parlamentar-pelo-brasil-competitivo-quer-apoiar-projetos-com-impacto-em-infraestrutura\/\",\"url\":\"https:\/\/agenciainfra.com\/blog\/frente-parlamentar-pelo-brasil-competitivo-quer-apoiar-projetos-com-impacto-em-infraestrutura\/\",\"name\":\"Frente Parlamentar pelo Brasil Competitivo quer apoiar projetos com impacto em infraestrutura - Ag\u00eancia iNFRA\",\"isPartOf\":{\"@id\":\"https:\/\/agenciainfra.com\/blog\/#website\"},\"primaryImageOfPage\":{\"@id\":\"https:\/\/agenciainfra.com\/blog\/frente-parlamentar-pelo-brasil-competitivo-quer-apoiar-projetos-com-impacto-em-infraestrutura\/#primaryimage\"},\"image\":{\"@id\":\"https:\/\/agenciainfra.com\/blog\/frente-parlamentar-pelo-brasil-competitivo-quer-apoiar-projetos-com-impacto-em-infraestrutura\/#primaryimage\"},\"thumbnailUrl\":\"https:\/\/agenciainfra.com\/blog\/wp-content\/uploads\/2019\/11\/ferrovia-trilho-dominio-publico.jpg\",\"datePublished\":\"2021-08-30T11:00:00+00:00\",\"breadcrumb\":{\"@id\":\"https:\/\/agenciainfra.com\/blog\/frente-parlamentar-pelo-brasil-competitivo-quer-apoiar-projetos-com-impacto-em-infraestrutura\/#breadcrumb\"},\"inLanguage\":\"pt-BR\",\"potentialAction\":[{\"@type\":\"ReadAction\",\"target\":[\"https:\/\/agenciainfra.com\/blog\/frente-parlamentar-pelo-brasil-competitivo-quer-apoiar-projetos-com-impacto-em-infraestrutura\/\"]}]},{\"@type\":\"ImageObject\",\"inLanguage\":\"pt-BR\",\"@id\":\"https:\/\/agenciainfra.com\/blog\/frente-parlamentar-pelo-brasil-competitivo-quer-apoiar-projetos-com-impacto-em-infraestrutura\/#primaryimage\",\"url\":\"https:\/\/agenciainfra.com\/blog\/wp-content\/uploads\/2019\/11\/ferrovia-trilho-dominio-publico.jpg\",\"contentUrl\":\"https:\/\/agenciainfra.com\/blog\/wp-content\/uploads\/2019\/11\/ferrovia-trilho-dominio-publico.jpg\",\"width\":1200,\"height\":900,\"caption\":\"Foto: Dom\u00ednio P\u00fablico\"},{\"@type\":\"BreadcrumbList\",\"@id\":\"https:\/\/agenciainfra.com\/blog\/frente-parlamentar-pelo-brasil-competitivo-quer-apoiar-projetos-com-impacto-em-infraestrutura\/#breadcrumb\",\"itemListElement\":[{\"@type\":\"ListItem\",\"position\":1,\"name\":\"In\u00edcio\",\"item\":\"https:\/\/agenciainfra.com\/blog\/\"},{\"@type\":\"ListItem\",\"position\":2,\"name\":\"Frente Parlamentar pelo Brasil Competitivo quer apoiar projetos com impacto em infraestrutura\"}]},{\"@type\":\"WebSite\",\"@id\":\"https:\/\/agenciainfra.com\/blog\/#website\",\"url\":\"https:\/\/agenciainfra.com\/blog\/\",\"name\":\"Ag\u00eancia iNFRA\",\"description\":\"Multiplataforma de informa\u00e7\u00e3o jornal\u00edstica refer\u00eancia na \u00e1rea de infraestrutura no Brasil!\",\"publisher\":{\"@id\":\"https:\/\/agenciainfra.com\/blog\/#organization\"},\"potentialAction\":[{\"@type\":\"SearchAction\",\"target\":{\"@type\":\"EntryPoint\",\"urlTemplate\":\"https:\/\/agenciainfra.com\/blog\/?s={search_term_string}\"},\"query-input\":{\"@type\":\"PropertyValueSpecification\",\"valueRequired\":true,\"valueName\":\"search_term_string\"}}],\"inLanguage\":\"pt-BR\"},{\"@type\":\"Organization\",\"@id\":\"https:\/\/agenciainfra.com\/blog\/#organization\",\"name\":\"Ag\u00eancia iNFRA\",\"url\":\"https:\/\/agenciainfra.com\/blog\/\",\"logo\":{\"@type\":\"ImageObject\",\"inLanguage\":\"pt-BR\",\"@id\":\"https:\/\/agenciainfra.com\/blog\/#\/schema\/logo\/image\/\",\"url\":\"https:\/\/agenciainfra.com\/blog\/wp-content\/uploads\/2023\/09\/iNFRA_5-e1761735885940.png\",\"contentUrl\":\"https:\/\/agenciainfra.com\/blog\/wp-content\/uploads\/2023\/09\/iNFRA_5-e1761735885940.png\",\"width\":1672,\"height\":454,\"caption\":\"Ag\u00eancia iNFRA\"},\"image\":{\"@id\":\"https:\/\/agenciainfra.com\/blog\/#\/schema\/logo\/image\/\"},\"sameAs\":[\"https:\/\/www.facebook.com\/ageninfra\",\"https:\/\/x.com\/agencia_infra\",\"https:\/\/www.linkedin.com\/company\/ag\u00eanciainfra\/\",\"https:\/\/www.instagram.com\/agenciainfra\/\"]},{\"@type\":\"Person\",\"@id\":\"https:\/\/agenciainfra.com\/blog\/#\/schema\/person\/34af08dff6adea4cb22b06612ba7acfa\",\"name\":\"Ag\u00eancia iNFRA\",\"image\":{\"@type\":\"ImageObject\",\"inLanguage\":\"pt-BR\",\"@id\":\"https:\/\/agenciainfra.com\/blog\/#\/schema\/person\/image\/\",\"url\":\"https:\/\/secure.gravatar.com\/avatar\/d189e01678f06d8eb84d4e01f08eb848b3fffe3f8443818d3c356c66892f5be8?s=96&d=mm&r=g\",\"contentUrl\":\"https:\/\/secure.gravatar.com\/avatar\/d189e01678f06d8eb84d4e01f08eb848b3fffe3f8443818d3c356c66892f5be8?s=96&d=mm&r=g\",\"caption\":\"Ag\u00eancia iNFRA\"},\"url\":\"https:\/\/agenciainfra.com\/blog\/author\/admin\/\"}]}<\/script>\n<!-- \/ Yoast SEO Premium plugin. -->","yoast_head_json":{"title":"Frente Parlamentar pelo Brasil Competitivo quer apoiar projetos com impacto em infraestrutura - Ag\u00eancia iNFRA","robots":{"index":"index","follow":"follow","max-snippet":"max-snippet:-1","max-image-preview":"max-image-preview:large","max-video-preview":"max-video-preview:-1"},"canonical":"https:\/\/agenciainfra.com\/blog\/frente-parlamentar-pelo-brasil-competitivo-quer-apoiar-projetos-com-impacto-em-infraestrutura\/","og_locale":"pt_BR","og_type":"article","og_title":"Frente Parlamentar pelo Brasil Competitivo quer apoiar projetos com impacto em infraestrutura","og_description":"Dimmi Amora, da&nbsp;Ag\u00eancia iNFRA A Frente Parlamentar pelo Brasil Competitivo vai atuar no Congresso pela aprova\u00e7\u00e3o de ao menos cinco propostas legislativas que est\u00e3o tramitando na Casa como forma de ampliar a competitividade do setor de infraestrutura, considerado um dos gargalos \u00e0 produtividade do pa\u00eds. Nos c\u00e1lculos do grupo, que tem o apoiamento de 200 [&hellip;]","og_url":"https:\/\/agenciainfra.com\/blog\/frente-parlamentar-pelo-brasil-competitivo-quer-apoiar-projetos-com-impacto-em-infraestrutura\/","og_site_name":"Ag\u00eancia iNFRA","article_publisher":"https:\/\/www.facebook.com\/ageninfra","article_published_time":"2021-08-30T11:00:00+00:00","og_image":[{"width":1200,"height":900,"url":"https:\/\/agenciainfra.com\/blog\/wp-content\/uploads\/2019\/11\/ferrovia-trilho-dominio-publico.jpg","type":"image\/jpeg"}],"author":"Ag\u00eancia iNFRA","twitter_card":"summary_large_image","twitter_creator":"@agencia_infra","twitter_site":"@agencia_infra","twitter_misc":{"Escrito por":"Ag\u00eancia iNFRA","Est. tempo de leitura":"2 minutos"},"schema":{"@context":"https:\/\/schema.org","@graph":[{"@type":"Article","@id":"https:\/\/agenciainfra.com\/blog\/frente-parlamentar-pelo-brasil-competitivo-quer-apoiar-projetos-com-impacto-em-infraestrutura\/#article","isPartOf":{"@id":"https:\/\/agenciainfra.com\/blog\/frente-parlamentar-pelo-brasil-competitivo-quer-apoiar-projetos-com-impacto-em-infraestrutura\/"},"author":{"name":"Ag\u00eancia iNFRA","@id":"https:\/\/agenciainfra.com\/blog\/#\/schema\/person\/34af08dff6adea4cb22b06612ba7acfa"},"headline":"Frente Parlamentar pelo Brasil Competitivo quer apoiar projetos com impacto em infraestrutura","datePublished":"2021-08-30T11:00:00+00:00","mainEntityOfPage":{"@id":"https:\/\/agenciainfra.com\/blog\/frente-parlamentar-pelo-brasil-competitivo-quer-apoiar-projetos-com-impacto-em-infraestrutura\/"},"wordCount":474,"publisher":{"@id":"https:\/\/agenciainfra.com\/blog\/#organization"},"image":{"@id":"https:\/\/agenciainfra.com\/blog\/frente-parlamentar-pelo-brasil-competitivo-quer-apoiar-projetos-com-impacto-em-infraestrutura\/#primaryimage"},"thumbnailUrl":"https:\/\/agenciainfra.com\/blog\/wp-content\/uploads\/2019\/11\/ferrovia-trilho-dominio-publico.jpg","keywords":["CNI","competitividade","desestatiza\u00e7\u00e3o","Frente Parlamentar pelo Brasil Competitivo","Infraestrutura","marco de ferrovias","Movimento Brasil Competitivo","PL das Deb\u00eantures","projetos de lei","transporte"],"articleSection":["Geral","iNFRATransporte"],"inLanguage":"pt-BR","copyrightYear":"2021","copyrightHolder":{"@id":"https:\/\/agenciainfra.com\/blog\/#organization"}},{"@type":"WebPage","@id":"https:\/\/agenciainfra.com\/blog\/frente-parlamentar-pelo-brasil-competitivo-quer-apoiar-projetos-com-impacto-em-infraestrutura\/","url":"https:\/\/agenciainfra.com\/blog\/frente-parlamentar-pelo-brasil-competitivo-quer-apoiar-projetos-com-impacto-em-infraestrutura\/","name":"Frente Parlamentar pelo Brasil Competitivo quer apoiar projetos com impacto em infraestrutura - Ag\u00eancia iNFRA","isPartOf":{"@id":"https:\/\/agenciainfra.com\/blog\/#website"},"primaryImageOfPage":{"@id":"https:\/\/agenciainfra.com\/blog\/frente-parlamentar-pelo-brasil-competitivo-quer-apoiar-projetos-com-impacto-em-infraestrutura\/#primaryimage"},"image":{"@id":"https:\/\/agenciainfra.com\/blog\/frente-parlamentar-pelo-brasil-competitivo-quer-apoiar-projetos-com-impacto-em-infraestrutura\/#primaryimage"},"thumbnailUrl":"https:\/\/agenciainfra.com\/blog\/wp-content\/uploads\/2019\/11\/ferrovia-trilho-dominio-publico.jpg","datePublished":"2021-08-30T11:00:00+00:00","breadcrumb":{"@id":"https:\/\/agenciainfra.com\/blog\/frente-parlamentar-pelo-brasil-competitivo-quer-apoiar-projetos-com-impacto-em-infraestrutura\/#breadcrumb"},"inLanguage":"pt-BR","potentialAction":[{"@type":"ReadAction","target":["https:\/\/agenciainfra.com\/blog\/frente-parlamentar-pelo-brasil-competitivo-quer-apoiar-projetos-com-impacto-em-infraestrutura\/"]}]},{"@type":"ImageObject","inLanguage":"pt-BR","@id":"https:\/\/agenciainfra.com\/blog\/frente-parlamentar-pelo-brasil-competitivo-quer-apoiar-projetos-com-impacto-em-infraestrutura\/#primaryimage","url":"https:\/\/agenciainfra.com\/blog\/wp-content\/uploads\/2019\/11\/ferrovia-trilho-dominio-publico.jpg","contentUrl":"https:\/\/agenciainfra.com\/blog\/wp-content\/uploads\/2019\/11\/ferrovia-trilho-dominio-publico.jpg","width":1200,"height":900,"caption":"Foto: Dom\u00ednio P\u00fablico"},{"@type":"BreadcrumbList","@id":"https:\/\/agenciainfra.com\/blog\/frente-parlamentar-pelo-brasil-competitivo-quer-apoiar-projetos-com-impacto-em-infraestrutura\/#breadcrumb","itemListElement":[{"@type":"ListItem","position":1,"name":"In\u00edcio","item":"https:\/\/agenciainfra.com\/blog\/"},{"@type":"ListItem","position":2,"name":"Frente Parlamentar pelo Brasil Competitivo quer apoiar projetos com impacto em infraestrutura"}]},{"@type":"WebSite","@id":"https:\/\/agenciainfra.com\/blog\/#website","url":"https:\/\/agenciainfra.com\/blog\/","name":"Ag\u00eancia iNFRA","description":"Multiplataforma de informa\u00e7\u00e3o jornal\u00edstica refer\u00eancia na \u00e1rea de infraestrutura no Brasil!","publisher":{"@id":"https:\/\/agenciainfra.com\/blog\/#organization"},"potentialAction":[{"@type":"SearchAction","target":{"@type":"EntryPoint","urlTemplate":"https:\/\/agenciainfra.com\/blog\/?s={search_term_string}"},"query-input":{"@type":"PropertyValueSpecification","valueRequired":true,"valueName":"search_term_string"}}],"inLanguage":"pt-BR"},{"@type":"Organization","@id":"https:\/\/agenciainfra.com\/blog\/#organization","name":"Ag\u00eancia iNFRA","url":"https:\/\/agenciainfra.com\/blog\/","logo":{"@type":"ImageObject","inLanguage":"pt-BR","@id":"https:\/\/agenciainfra.com\/blog\/#\/schema\/logo\/image\/","url":"https:\/\/agenciainfra.com\/blog\/wp-content\/uploads\/2023\/09\/iNFRA_5-e1761735885940.png","contentUrl":"https:\/\/agenciainfra.com\/blog\/wp-content\/uploads\/2023\/09\/iNFRA_5-e1761735885940.png","width":1672,"height":454,"caption":"Ag\u00eancia iNFRA"},"image":{"@id":"https:\/\/agenciainfra.com\/blog\/#\/schema\/logo\/image\/"},"sameAs":["https:\/\/www.facebook.com\/ageninfra","https:\/\/x.com\/agencia_infra","https:\/\/www.linkedin.com\/company\/ag\u00eanciainfra\/","https:\/\/www.instagram.com\/agenciainfra\/"]},{"@type":"Person","@id":"https:\/\/agenciainfra.com\/blog\/#\/schema\/person\/34af08dff6adea4cb22b06612ba7acfa","name":"Ag\u00eancia iNFRA","image":{"@type":"ImageObject","inLanguage":"pt-BR","@id":"https:\/\/agenciainfra.com\/blog\/#\/schema\/person\/image\/","url":"https:\/\/secure.gravatar.com\/avatar\/d189e01678f06d8eb84d4e01f08eb848b3fffe3f8443818d3c356c66892f5be8?s=96&d=mm&r=g","contentUrl":"https:\/\/secure.gravatar.com\/avatar\/d189e01678f06d8eb84d4e01f08eb848b3fffe3f8443818d3c356c66892f5be8?s=96&d=mm&r=g","caption":"Ag\u00eancia iNFRA"},"url":"https:\/\/agenciainfra.com\/blog\/author\/admin\/"}]}},"_links":{"self":[{"href":"https:\/\/agenciainfra.com\/blog\/wp-json\/wp\/v2\/posts\/8159","targetHints":{"allow":["GET"]}}],"collection":[{"href":"https:\/\/agenciainfra.com\/blog\/wp-json\/wp\/v2\/posts"}],"about":[{"href":"https:\/\/agenciainfra.com\/blog\/wp-json\/wp\/v2\/types\/post"}],"author":[{"embeddable":true,"href":"https:\/\/agenciainfra.com\/blog\/wp-json\/wp\/v2\/users\/1"}],"replies":[{"embeddable":true,"href":"https:\/\/agenciainfra.com\/blog\/wp-json\/wp\/v2\/comments?post=8159"}],"version-history":[{"count":0,"href":"https:\/\/agenciainfra.com\/blog\/wp-json\/wp\/v2\/posts\/8159\/revisions"}],"wp:featuredmedia":[{"embeddable":true,"href":"https:\/\/agenciainfra.com\/blog\/wp-json\/wp\/v2\/media\/4009"}],"wp:attachment":[{"href":"https:\/\/agenciainfra.com\/blog\/wp-json\/wp\/v2\/media?parent=8159"}],"wp:term":[{"taxonomy":"category","embeddable":true,"href":"https:\/\/agenciainfra.com\/blog\/wp-json\/wp\/v2\/categories?post=8159"},{"taxonomy":"post_tag","embeddable":true,"href":"https:\/\/agenciainfra.com\/blog\/wp-json\/wp\/v2\/tags?post=8159"}],"curies":[{"name":"wp","href":"https:\/\/api.w.org\/{rel}","templated":true}]}}