{"id":8178,"date":"2021-09-01T08:00:00","date_gmt":"2021-09-01T11:00:00","guid":{"rendered":"https:\/\/www.agenciainfra.com\/blog\/?p=8178"},"modified":"2021-08-30T10:45:24","modified_gmt":"2021-08-30T13:45:24","slug":"ministro-do-tcu-suspende-tramitacao-do-1o-processo-de-relicitacao-e-quer-encontro-de-contas-completo","status":"publish","type":"post","link":"https:\/\/agenciainfra.com\/blog\/ministro-do-tcu-suspende-tramitacao-do-1o-processo-de-relicitacao-e-quer-encontro-de-contas-completo\/","title":{"rendered":"Ministro do TCU suspende tramita\u00e7\u00e3o do 1\u00ba processo de relicita\u00e7\u00e3o e quer encontro de contas completo"},"content":{"rendered":"\n<p class=\"has-text-align-right\"><strong>Dimmi Amora, da&nbsp;Ag\u00eancia iNFRA<\/strong><\/p>\n\n\n\n<p>O primeiro processo de relicita\u00e7\u00e3o de infraestruturas do setor de transportes foi paralisado pelo TCU (Tribunal de Contas da Uni\u00e3o) na \u00faltima sexta-feira (27) e s\u00f3 ser\u00e1 reiniciado quando o governo encaminhar documenta\u00e7\u00e3o que possa garantir os valores exatos de quanto a concession\u00e1ria que pediu para devolver o bem p\u00fablico tem a pagar ou receber.<\/p>\n\n\n\n<p>O despacho do ministro do TCU Aroldo Cedraz acolheu pedido da SeinfraRodoviaAvia\u00e7\u00e3o, \u00f3rg\u00e3o do tribunal respons\u00e1vel pela an\u00e1lise do processo para a relicita\u00e7\u00e3o do Asga (Aeroporto de S\u00e3o Gon\u00e7alo do Amarante), no Rio Grande do Norte, que \u00e9 concessionado para a Infram\u00e9rica.<\/p>\n\n\n\n<p>O processo de relicita\u00e7\u00e3o foi encaminhado em 2 de julho pela ANAC (Ag\u00eancia Nacional de Avia\u00e7\u00e3o Civil) para o \u00f3rg\u00e3o de controle, ap\u00f3s processo que analisou o pedido de devolu\u00e7\u00e3o pela concession\u00e1ria. Mas a pr\u00f3pria ag\u00eancia informou que a proposta&nbsp;iria sem a conclus\u00e3o sobre os chamados haveres e deveres da concession\u00e1ria.<\/p>\n\n\n\n<p>Segundo explicou a ag\u00eancia,\u00a0at\u00e9 a relicita\u00e7\u00e3o do bem, seria feita\u00a0uma apura\u00e7\u00e3o pr\u00e9via dos chamados valores incontroversos, ou seja, aqueles que tanto a ag\u00eancia como a concession\u00e1ria n\u00e3o discutem. Essa parte seria indenizada pela nova concession\u00e1ria antes da sa\u00edda da Infram\u00e9rica.<\/p>\n\n\n\n<p>J\u00e1 a parte controversa ficaria para ser apurada numa arbitragem e, quando solucionada, seria paga pelo lado que tivesse a indenizar o outro, governo ou concession\u00e1ria, com recursos pr\u00f3prios.<\/p>\n\n\n\n<p>A apura\u00e7\u00e3o da&nbsp;<strong>Ag\u00eancia iNFRA<\/strong>&nbsp;\u00e9 que essa solu\u00e7\u00e3o n\u00e3o foi aceita pelo \u00f3rg\u00e3o de controle porque contraria o que est\u00e1 expresso na Lei 13.448\/2017, que regulamenta a chamada devolu\u00e7\u00e3o amig\u00e1vel das concess\u00f5es e sua relicita\u00e7\u00e3o.<\/p>\n\n\n\n<p>A indica\u00e7\u00e3o da Seinfra, com a qual o ministro concordou, \u00e9 que a celebra\u00e7\u00e3o de novo contrato s\u00f3 pode se dar com a quita\u00e7\u00e3o total dos valores apurados e que eles precisam estar apurados e auditados. Somente ap\u00f3s cumprida essa etapa \u00e9 que o TCU pretende, portanto, voltar \u00e0 an\u00e1lise do processo, caso a decis\u00e3o seja mantida.<\/p>\n\n\n\n<p><strong>Fortalecimento do processo<\/strong><br>A decis\u00e3o lembra ainda que, caso o governo tenha que indenizar a concession\u00e1ria pelos bens n\u00e3o amortizados, ou seja, a conta seja em favor da concession\u00e1ria, ser\u00e1 necess\u00e1rio ainda que o processo passe por outras \u00e1reas para que o pagamento seja inclu\u00eddo no or\u00e7amento geral da Uni\u00e3o e seja calculado dentro do chamado teto de gastos.<\/p>\n\n\n\n<p>Consultado pela&nbsp;<strong>Ag\u00eancia iNFRA<\/strong>, o Minist\u00e9rio da Infraestrutura disse n\u00e3o ter sido oficialmente comunicado sobre o despacho. Informou que h\u00e1 entendimento entre a pasta e a ANAC sobre o encontro de contas que ser\u00e1 apresentado ao ministro relator.<\/p>\n\n\n\n<p>&#8220;Por se tratar do primeiro caso de relicita\u00e7\u00e3o aeroportu\u00e1ria \u00e9 natural \u2013 e saud\u00e1vel \u2013 que questionamentos como este surjam durante a an\u00e1lise do Tribunal de Contas, o que tornar\u00e1 todo o processo ainda mais fortalecido do ponto de vista da regula\u00e7\u00e3o&#8221;, informou o minist\u00e9rio.<\/p>\n\n\n\n<p><strong>Processo modelo<\/strong><br>Por ser o primeiro processo de relicita\u00e7\u00e3o dentro da Lei 13.448\/2017 que chega \u00e0 etapa de an\u00e1lise do TCU, o Asga pode ser considerado uma esp\u00e9cie de modelo para um projeto que \u00e9 caro ao Minist\u00e9rio da Infraestrutura desde o in\u00edcio da gest\u00e3o.<\/p>\n\n\n\n<p>Al\u00e9m do Asga, o minist\u00e9rio quer solucionar dentro dessa modalidade outras concess\u00f5es que apresentam problemas de inadimpl\u00eancia como o Aeroporto de Viracopos (SP); e as concess\u00f5es de&nbsp;rodovias BR-040\/DF-GO-MG, BR-163\/MS e BR-060-153-262\/DF-GO-MG.<\/p>\n\n\n\n<p>Todas j\u00e1 foram inclu\u00eddas no PPI (Programa de Parcerias de Investimentos) com previs\u00e3o de relicita\u00e7\u00e3o at\u00e9 o pr\u00f3ximo ano. Em nenhum dos quatro casos h\u00e1 um processo adiantado de arbitragem que possa efetivamente mostrar a conta de quando ser\u00e1 devido para cada uma das partes, e as disputas sobre o que cada um deve ou n\u00e3o pagar s\u00e3o complexas, desde o in\u00edcio.&nbsp;<\/p>\n\n\n\n<p><strong>Boa rela\u00e7\u00e3o<\/strong><br>No caso da Infram\u00e9rica no Asga, a rela\u00e7\u00e3o \u00e9 mais tranquila desde o in\u00edcio. A concession\u00e1ria pediu a devolu\u00e7\u00e3o mesmo estando adimplente com o contrato. A alega\u00e7\u00e3o \u00e9 que o contrato se tornou insustent\u00e1vel pelas regras com as quais&nbsp;ele foi licitado (Asga foi a primeira experi\u00eancia de concess\u00e3o aeroportu\u00e1ria do pa\u00eds, em 2011, e serviu de modelo para o processo que segue at\u00e9 hoje).<\/p>\n\n\n\n<p>Essas arbitragens s\u00e3o estimadas&nbsp;entre um e dois anos. Pela lei, as concession\u00e1rias t\u00eam direito a receber indeniza\u00e7\u00e3o por bens n\u00e3o amortizados. J\u00e1 o governo tem que cobrar multas, indeniza\u00e7\u00f5es e outros tipos de puni\u00e7\u00f5es previstas pela inadimpl\u00eancia dos contratos. A arbitragem foi a solu\u00e7\u00e3o encontrada para que o processo seja menos moroso que o de uma decis\u00e3o judicial sobre o tema.<\/p>\n","protected":false},"excerpt":{"rendered":"<p>Dimmi Amora, da&nbsp;Ag\u00eancia iNFRA O primeiro processo de relicita\u00e7\u00e3o de infraestruturas do setor de transportes foi paralisado pelo TCU (Tribunal de Contas da Uni\u00e3o) na \u00faltima sexta-feira (27) e s\u00f3 ser\u00e1 reiniciado quando o governo encaminhar documenta\u00e7\u00e3o que possa garantir os valores exatos de quanto a concession\u00e1ria que pediu para devolver o bem p\u00fablico tem [&hellip;]<\/p>\n","protected":false},"author":1,"featured_media":6895,"comment_status":"closed","ping_status":"closed","sticky":false,"template":"","format":"standard","meta":{"_monsterinsights_skip_tracking":false,"_monsterinsights_sitenote_active":false,"_monsterinsights_sitenote_note":"","_monsterinsights_sitenote_category":0,"footnotes":""},"categories":[1,7],"tags":[3256,242,1205,2684,525,775,1027,217,18,70],"class_list":["post-8178","post","type-post","status-publish","format-standard","has-post-thumbnail","hentry","category-geral","category-infratransporte","tag-aeroporto-de-sao-goncalo-do-amarante","tag-anac","tag-aroldo-cedraz","tag-concessoes-aeroportuarias","tag-lei-13-448-2017","tag-ministerio-da-infraestrutura","tag-relicitacao","tag-seinfrarodoviasaviacao","tag-tcu","tag-transportes"],"yoast_head":"<!-- This site is optimized with the Yoast SEO Premium plugin v25.4 (Yoast SEO v26.0) - https:\/\/yoast.com\/wordpress\/plugins\/seo\/ -->\n<title>Ministro do TCU suspende tramita\u00e7\u00e3o do 1\u00ba processo de relicita\u00e7\u00e3o e quer encontro de contas completo - Ag\u00eancia iNFRA<\/title>\n<meta name=\"robots\" content=\"index, follow, max-snippet:-1, max-image-preview:large, max-video-preview:-1\" \/>\n<link rel=\"canonical\" href=\"https:\/\/agenciainfra.com\/blog\/ministro-do-tcu-suspende-tramitacao-do-1o-processo-de-relicitacao-e-quer-encontro-de-contas-completo\/\" \/>\n<meta property=\"og:locale\" content=\"pt_BR\" \/>\n<meta property=\"og:type\" content=\"article\" \/>\n<meta property=\"og:title\" content=\"Ministro do TCU suspende tramita\u00e7\u00e3o do 1\u00ba processo de relicita\u00e7\u00e3o e quer encontro de contas completo\" \/>\n<meta property=\"og:description\" content=\"Dimmi Amora, da&nbsp;Ag\u00eancia iNFRA O primeiro processo de relicita\u00e7\u00e3o de infraestruturas do setor de transportes foi paralisado pelo TCU (Tribunal de Contas da Uni\u00e3o) na \u00faltima sexta-feira (27) e s\u00f3 ser\u00e1 reiniciado quando o governo encaminhar documenta\u00e7\u00e3o que possa garantir os valores exatos de quanto a concession\u00e1ria que pediu para devolver o bem p\u00fablico tem [&hellip;]\" \/>\n<meta property=\"og:url\" content=\"https:\/\/agenciainfra.com\/blog\/ministro-do-tcu-suspende-tramitacao-do-1o-processo-de-relicitacao-e-quer-encontro-de-contas-completo\/\" \/>\n<meta property=\"og:site_name\" content=\"Ag\u00eancia iNFRA\" \/>\n<meta property=\"article:publisher\" content=\"https:\/\/www.facebook.com\/ageninfra\" \/>\n<meta property=\"article:published_time\" content=\"2021-09-01T11:00:00+00:00\" \/>\n<meta property=\"og:image\" content=\"https:\/\/agenciainfra.com\/blog\/wp-content\/uploads\/2021\/03\/aeroporto-sao-goncalo-do-amarante-foto-prefeitura-sao-goncalo-do-amarante.jpeg\" \/>\n\t<meta property=\"og:image:width\" content=\"1280\" \/>\n\t<meta property=\"og:image:height\" content=\"854\" \/>\n\t<meta property=\"og:image:type\" content=\"image\/jpeg\" \/>\n<meta name=\"author\" content=\"Ag\u00eancia iNFRA\" \/>\n<meta name=\"twitter:card\" content=\"summary_large_image\" \/>\n<meta name=\"twitter:creator\" content=\"@agencia_infra\" \/>\n<meta name=\"twitter:site\" content=\"@agencia_infra\" \/>\n<meta name=\"twitter:label1\" content=\"Escrito por\" \/>\n\t<meta name=\"twitter:data1\" content=\"Ag\u00eancia iNFRA\" \/>\n\t<meta name=\"twitter:label2\" content=\"Est. tempo de leitura\" \/>\n\t<meta name=\"twitter:data2\" content=\"4 minutos\" \/>\n<script type=\"application\/ld+json\" class=\"yoast-schema-graph\">{\"@context\":\"https:\/\/schema.org\",\"@graph\":[{\"@type\":\"Article\",\"@id\":\"https:\/\/agenciainfra.com\/blog\/ministro-do-tcu-suspende-tramitacao-do-1o-processo-de-relicitacao-e-quer-encontro-de-contas-completo\/#article\",\"isPartOf\":{\"@id\":\"https:\/\/agenciainfra.com\/blog\/ministro-do-tcu-suspende-tramitacao-do-1o-processo-de-relicitacao-e-quer-encontro-de-contas-completo\/\"},\"author\":{\"name\":\"Ag\u00eancia iNFRA\",\"@id\":\"https:\/\/agenciainfra.com\/blog\/#\/schema\/person\/34af08dff6adea4cb22b06612ba7acfa\"},\"headline\":\"Ministro do TCU suspende tramita\u00e7\u00e3o do 1\u00ba processo de relicita\u00e7\u00e3o e quer encontro de contas completo\",\"datePublished\":\"2021-09-01T11:00:00+00:00\",\"mainEntityOfPage\":{\"@id\":\"https:\/\/agenciainfra.com\/blog\/ministro-do-tcu-suspende-tramitacao-do-1o-processo-de-relicitacao-e-quer-encontro-de-contas-completo\/\"},\"wordCount\":851,\"publisher\":{\"@id\":\"https:\/\/agenciainfra.com\/blog\/#organization\"},\"image\":{\"@id\":\"https:\/\/agenciainfra.com\/blog\/ministro-do-tcu-suspende-tramitacao-do-1o-processo-de-relicitacao-e-quer-encontro-de-contas-completo\/#primaryimage\"},\"thumbnailUrl\":\"https:\/\/agenciainfra.com\/blog\/wp-content\/uploads\/2021\/03\/aeroporto-sao-goncalo-do-amarante-foto-prefeitura-sao-goncalo-do-amarante.jpeg\",\"keywords\":[\"Aeroporto de S\u00e3o Gon\u00e7alo do Amarante\",\"ANAC\",\"Aroldo Cedraz\",\"concess\u00f5es aeroportu\u00e1rias\",\"Lei 13.448\/2017\",\"Minist\u00e9rio da Infraestrutura\",\"relicita\u00e7\u00e3o\",\"SeinfraRodoviasAvia\u00e7\u00e3o\",\"TCU\",\"transportes\"],\"articleSection\":[\"Geral\",\"iNFRATransporte\"],\"inLanguage\":\"pt-BR\",\"copyrightYear\":\"2021\",\"copyrightHolder\":{\"@id\":\"https:\/\/agenciainfra.com\/blog\/#organization\"}},{\"@type\":\"WebPage\",\"@id\":\"https:\/\/agenciainfra.com\/blog\/ministro-do-tcu-suspende-tramitacao-do-1o-processo-de-relicitacao-e-quer-encontro-de-contas-completo\/\",\"url\":\"https:\/\/agenciainfra.com\/blog\/ministro-do-tcu-suspende-tramitacao-do-1o-processo-de-relicitacao-e-quer-encontro-de-contas-completo\/\",\"name\":\"Ministro do TCU suspende tramita\u00e7\u00e3o do 1\u00ba processo de relicita\u00e7\u00e3o e quer encontro de contas completo - Ag\u00eancia iNFRA\",\"isPartOf\":{\"@id\":\"https:\/\/agenciainfra.com\/blog\/#website\"},\"primaryImageOfPage\":{\"@id\":\"https:\/\/agenciainfra.com\/blog\/ministro-do-tcu-suspende-tramitacao-do-1o-processo-de-relicitacao-e-quer-encontro-de-contas-completo\/#primaryimage\"},\"image\":{\"@id\":\"https:\/\/agenciainfra.com\/blog\/ministro-do-tcu-suspende-tramitacao-do-1o-processo-de-relicitacao-e-quer-encontro-de-contas-completo\/#primaryimage\"},\"thumbnailUrl\":\"https:\/\/agenciainfra.com\/blog\/wp-content\/uploads\/2021\/03\/aeroporto-sao-goncalo-do-amarante-foto-prefeitura-sao-goncalo-do-amarante.jpeg\",\"datePublished\":\"2021-09-01T11:00:00+00:00\",\"breadcrumb\":{\"@id\":\"https:\/\/agenciainfra.com\/blog\/ministro-do-tcu-suspende-tramitacao-do-1o-processo-de-relicitacao-e-quer-encontro-de-contas-completo\/#breadcrumb\"},\"inLanguage\":\"pt-BR\",\"potentialAction\":[{\"@type\":\"ReadAction\",\"target\":[\"https:\/\/agenciainfra.com\/blog\/ministro-do-tcu-suspende-tramitacao-do-1o-processo-de-relicitacao-e-quer-encontro-de-contas-completo\/\"]}]},{\"@type\":\"ImageObject\",\"inLanguage\":\"pt-BR\",\"@id\":\"https:\/\/agenciainfra.com\/blog\/ministro-do-tcu-suspende-tramitacao-do-1o-processo-de-relicitacao-e-quer-encontro-de-contas-completo\/#primaryimage\",\"url\":\"https:\/\/agenciainfra.com\/blog\/wp-content\/uploads\/2021\/03\/aeroporto-sao-goncalo-do-amarante-foto-prefeitura-sao-goncalo-do-amarante.jpeg\",\"contentUrl\":\"https:\/\/agenciainfra.com\/blog\/wp-content\/uploads\/2021\/03\/aeroporto-sao-goncalo-do-amarante-foto-prefeitura-sao-goncalo-do-amarante.jpeg\",\"width\":1280,\"height\":854,\"caption\":\"Foto: Prefeitura de S\u00e3o Gon\u00e7alo do Amarante\"},{\"@type\":\"BreadcrumbList\",\"@id\":\"https:\/\/agenciainfra.com\/blog\/ministro-do-tcu-suspende-tramitacao-do-1o-processo-de-relicitacao-e-quer-encontro-de-contas-completo\/#breadcrumb\",\"itemListElement\":[{\"@type\":\"ListItem\",\"position\":1,\"name\":\"In\u00edcio\",\"item\":\"https:\/\/agenciainfra.com\/blog\/\"},{\"@type\":\"ListItem\",\"position\":2,\"name\":\"Ministro do TCU suspende tramita\u00e7\u00e3o do 1\u00ba processo de relicita\u00e7\u00e3o e quer encontro de contas completo\"}]},{\"@type\":\"WebSite\",\"@id\":\"https:\/\/agenciainfra.com\/blog\/#website\",\"url\":\"https:\/\/agenciainfra.com\/blog\/\",\"name\":\"Ag\u00eancia iNFRA\",\"description\":\"Multiplataforma de informa\u00e7\u00e3o jornal\u00edstica refer\u00eancia na \u00e1rea de infraestrutura no Brasil!\",\"publisher\":{\"@id\":\"https:\/\/agenciainfra.com\/blog\/#organization\"},\"potentialAction\":[{\"@type\":\"SearchAction\",\"target\":{\"@type\":\"EntryPoint\",\"urlTemplate\":\"https:\/\/agenciainfra.com\/blog\/?s={search_term_string}\"},\"query-input\":{\"@type\":\"PropertyValueSpecification\",\"valueRequired\":true,\"valueName\":\"search_term_string\"}}],\"inLanguage\":\"pt-BR\"},{\"@type\":\"Organization\",\"@id\":\"https:\/\/agenciainfra.com\/blog\/#organization\",\"name\":\"Ag\u00eancia iNFRA\",\"url\":\"https:\/\/agenciainfra.com\/blog\/\",\"logo\":{\"@type\":\"ImageObject\",\"inLanguage\":\"pt-BR\",\"@id\":\"https:\/\/agenciainfra.com\/blog\/#\/schema\/logo\/image\/\",\"url\":\"https:\/\/agenciainfra.com\/blog\/wp-content\/uploads\/2023\/09\/iNFRA_5-e1761735885940.png\",\"contentUrl\":\"https:\/\/agenciainfra.com\/blog\/wp-content\/uploads\/2023\/09\/iNFRA_5-e1761735885940.png\",\"width\":1672,\"height\":454,\"caption\":\"Ag\u00eancia iNFRA\"},\"image\":{\"@id\":\"https:\/\/agenciainfra.com\/blog\/#\/schema\/logo\/image\/\"},\"sameAs\":[\"https:\/\/www.facebook.com\/ageninfra\",\"https:\/\/x.com\/agencia_infra\",\"https:\/\/www.linkedin.com\/company\/ag\u00eanciainfra\/\",\"https:\/\/www.instagram.com\/agenciainfra\/\"]},{\"@type\":\"Person\",\"@id\":\"https:\/\/agenciainfra.com\/blog\/#\/schema\/person\/34af08dff6adea4cb22b06612ba7acfa\",\"name\":\"Ag\u00eancia iNFRA\",\"image\":{\"@type\":\"ImageObject\",\"inLanguage\":\"pt-BR\",\"@id\":\"https:\/\/agenciainfra.com\/blog\/#\/schema\/person\/image\/\",\"url\":\"https:\/\/secure.gravatar.com\/avatar\/d189e01678f06d8eb84d4e01f08eb848b3fffe3f8443818d3c356c66892f5be8?s=96&d=mm&r=g\",\"contentUrl\":\"https:\/\/secure.gravatar.com\/avatar\/d189e01678f06d8eb84d4e01f08eb848b3fffe3f8443818d3c356c66892f5be8?s=96&d=mm&r=g\",\"caption\":\"Ag\u00eancia iNFRA\"},\"url\":\"https:\/\/agenciainfra.com\/blog\/author\/admin\/\"}]}<\/script>\n<!-- \/ Yoast SEO Premium plugin. -->","yoast_head_json":{"title":"Ministro do TCU suspende tramita\u00e7\u00e3o do 1\u00ba processo de relicita\u00e7\u00e3o e quer encontro de contas completo - Ag\u00eancia iNFRA","robots":{"index":"index","follow":"follow","max-snippet":"max-snippet:-1","max-image-preview":"max-image-preview:large","max-video-preview":"max-video-preview:-1"},"canonical":"https:\/\/agenciainfra.com\/blog\/ministro-do-tcu-suspende-tramitacao-do-1o-processo-de-relicitacao-e-quer-encontro-de-contas-completo\/","og_locale":"pt_BR","og_type":"article","og_title":"Ministro do TCU suspende tramita\u00e7\u00e3o do 1\u00ba processo de relicita\u00e7\u00e3o e quer encontro de contas completo","og_description":"Dimmi Amora, da&nbsp;Ag\u00eancia iNFRA O primeiro processo de relicita\u00e7\u00e3o de infraestruturas do setor de transportes foi paralisado pelo TCU (Tribunal de Contas da Uni\u00e3o) na \u00faltima sexta-feira (27) e s\u00f3 ser\u00e1 reiniciado quando o governo encaminhar documenta\u00e7\u00e3o que possa garantir os valores exatos de quanto a concession\u00e1ria que pediu para devolver o bem p\u00fablico tem [&hellip;]","og_url":"https:\/\/agenciainfra.com\/blog\/ministro-do-tcu-suspende-tramitacao-do-1o-processo-de-relicitacao-e-quer-encontro-de-contas-completo\/","og_site_name":"Ag\u00eancia iNFRA","article_publisher":"https:\/\/www.facebook.com\/ageninfra","article_published_time":"2021-09-01T11:00:00+00:00","og_image":[{"width":1280,"height":854,"url":"https:\/\/agenciainfra.com\/blog\/wp-content\/uploads\/2021\/03\/aeroporto-sao-goncalo-do-amarante-foto-prefeitura-sao-goncalo-do-amarante.jpeg","type":"image\/jpeg"}],"author":"Ag\u00eancia iNFRA","twitter_card":"summary_large_image","twitter_creator":"@agencia_infra","twitter_site":"@agencia_infra","twitter_misc":{"Escrito por":"Ag\u00eancia iNFRA","Est. tempo de leitura":"4 minutos"},"schema":{"@context":"https:\/\/schema.org","@graph":[{"@type":"Article","@id":"https:\/\/agenciainfra.com\/blog\/ministro-do-tcu-suspende-tramitacao-do-1o-processo-de-relicitacao-e-quer-encontro-de-contas-completo\/#article","isPartOf":{"@id":"https:\/\/agenciainfra.com\/blog\/ministro-do-tcu-suspende-tramitacao-do-1o-processo-de-relicitacao-e-quer-encontro-de-contas-completo\/"},"author":{"name":"Ag\u00eancia iNFRA","@id":"https:\/\/agenciainfra.com\/blog\/#\/schema\/person\/34af08dff6adea4cb22b06612ba7acfa"},"headline":"Ministro do TCU suspende tramita\u00e7\u00e3o do 1\u00ba processo de relicita\u00e7\u00e3o e quer encontro de contas completo","datePublished":"2021-09-01T11:00:00+00:00","mainEntityOfPage":{"@id":"https:\/\/agenciainfra.com\/blog\/ministro-do-tcu-suspende-tramitacao-do-1o-processo-de-relicitacao-e-quer-encontro-de-contas-completo\/"},"wordCount":851,"publisher":{"@id":"https:\/\/agenciainfra.com\/blog\/#organization"},"image":{"@id":"https:\/\/agenciainfra.com\/blog\/ministro-do-tcu-suspende-tramitacao-do-1o-processo-de-relicitacao-e-quer-encontro-de-contas-completo\/#primaryimage"},"thumbnailUrl":"https:\/\/agenciainfra.com\/blog\/wp-content\/uploads\/2021\/03\/aeroporto-sao-goncalo-do-amarante-foto-prefeitura-sao-goncalo-do-amarante.jpeg","keywords":["Aeroporto de S\u00e3o Gon\u00e7alo do Amarante","ANAC","Aroldo Cedraz","concess\u00f5es aeroportu\u00e1rias","Lei 13.448\/2017","Minist\u00e9rio da Infraestrutura","relicita\u00e7\u00e3o","SeinfraRodoviasAvia\u00e7\u00e3o","TCU","transportes"],"articleSection":["Geral","iNFRATransporte"],"inLanguage":"pt-BR","copyrightYear":"2021","copyrightHolder":{"@id":"https:\/\/agenciainfra.com\/blog\/#organization"}},{"@type":"WebPage","@id":"https:\/\/agenciainfra.com\/blog\/ministro-do-tcu-suspende-tramitacao-do-1o-processo-de-relicitacao-e-quer-encontro-de-contas-completo\/","url":"https:\/\/agenciainfra.com\/blog\/ministro-do-tcu-suspende-tramitacao-do-1o-processo-de-relicitacao-e-quer-encontro-de-contas-completo\/","name":"Ministro do TCU suspende tramita\u00e7\u00e3o do 1\u00ba processo de relicita\u00e7\u00e3o e quer encontro de contas completo - Ag\u00eancia iNFRA","isPartOf":{"@id":"https:\/\/agenciainfra.com\/blog\/#website"},"primaryImageOfPage":{"@id":"https:\/\/agenciainfra.com\/blog\/ministro-do-tcu-suspende-tramitacao-do-1o-processo-de-relicitacao-e-quer-encontro-de-contas-completo\/#primaryimage"},"image":{"@id":"https:\/\/agenciainfra.com\/blog\/ministro-do-tcu-suspende-tramitacao-do-1o-processo-de-relicitacao-e-quer-encontro-de-contas-completo\/#primaryimage"},"thumbnailUrl":"https:\/\/agenciainfra.com\/blog\/wp-content\/uploads\/2021\/03\/aeroporto-sao-goncalo-do-amarante-foto-prefeitura-sao-goncalo-do-amarante.jpeg","datePublished":"2021-09-01T11:00:00+00:00","breadcrumb":{"@id":"https:\/\/agenciainfra.com\/blog\/ministro-do-tcu-suspende-tramitacao-do-1o-processo-de-relicitacao-e-quer-encontro-de-contas-completo\/#breadcrumb"},"inLanguage":"pt-BR","potentialAction":[{"@type":"ReadAction","target":["https:\/\/agenciainfra.com\/blog\/ministro-do-tcu-suspende-tramitacao-do-1o-processo-de-relicitacao-e-quer-encontro-de-contas-completo\/"]}]},{"@type":"ImageObject","inLanguage":"pt-BR","@id":"https:\/\/agenciainfra.com\/blog\/ministro-do-tcu-suspende-tramitacao-do-1o-processo-de-relicitacao-e-quer-encontro-de-contas-completo\/#primaryimage","url":"https:\/\/agenciainfra.com\/blog\/wp-content\/uploads\/2021\/03\/aeroporto-sao-goncalo-do-amarante-foto-prefeitura-sao-goncalo-do-amarante.jpeg","contentUrl":"https:\/\/agenciainfra.com\/blog\/wp-content\/uploads\/2021\/03\/aeroporto-sao-goncalo-do-amarante-foto-prefeitura-sao-goncalo-do-amarante.jpeg","width":1280,"height":854,"caption":"Foto: Prefeitura de S\u00e3o Gon\u00e7alo do Amarante"},{"@type":"BreadcrumbList","@id":"https:\/\/agenciainfra.com\/blog\/ministro-do-tcu-suspende-tramitacao-do-1o-processo-de-relicitacao-e-quer-encontro-de-contas-completo\/#breadcrumb","itemListElement":[{"@type":"ListItem","position":1,"name":"In\u00edcio","item":"https:\/\/agenciainfra.com\/blog\/"},{"@type":"ListItem","position":2,"name":"Ministro do TCU suspende tramita\u00e7\u00e3o do 1\u00ba processo de relicita\u00e7\u00e3o e quer encontro de contas completo"}]},{"@type":"WebSite","@id":"https:\/\/agenciainfra.com\/blog\/#website","url":"https:\/\/agenciainfra.com\/blog\/","name":"Ag\u00eancia iNFRA","description":"Multiplataforma de informa\u00e7\u00e3o jornal\u00edstica refer\u00eancia na \u00e1rea de infraestrutura no Brasil!","publisher":{"@id":"https:\/\/agenciainfra.com\/blog\/#organization"},"potentialAction":[{"@type":"SearchAction","target":{"@type":"EntryPoint","urlTemplate":"https:\/\/agenciainfra.com\/blog\/?s={search_term_string}"},"query-input":{"@type":"PropertyValueSpecification","valueRequired":true,"valueName":"search_term_string"}}],"inLanguage":"pt-BR"},{"@type":"Organization","@id":"https:\/\/agenciainfra.com\/blog\/#organization","name":"Ag\u00eancia iNFRA","url":"https:\/\/agenciainfra.com\/blog\/","logo":{"@type":"ImageObject","inLanguage":"pt-BR","@id":"https:\/\/agenciainfra.com\/blog\/#\/schema\/logo\/image\/","url":"https:\/\/agenciainfra.com\/blog\/wp-content\/uploads\/2023\/09\/iNFRA_5-e1761735885940.png","contentUrl":"https:\/\/agenciainfra.com\/blog\/wp-content\/uploads\/2023\/09\/iNFRA_5-e1761735885940.png","width":1672,"height":454,"caption":"Ag\u00eancia iNFRA"},"image":{"@id":"https:\/\/agenciainfra.com\/blog\/#\/schema\/logo\/image\/"},"sameAs":["https:\/\/www.facebook.com\/ageninfra","https:\/\/x.com\/agencia_infra","https:\/\/www.linkedin.com\/company\/ag\u00eanciainfra\/","https:\/\/www.instagram.com\/agenciainfra\/"]},{"@type":"Person","@id":"https:\/\/agenciainfra.com\/blog\/#\/schema\/person\/34af08dff6adea4cb22b06612ba7acfa","name":"Ag\u00eancia iNFRA","image":{"@type":"ImageObject","inLanguage":"pt-BR","@id":"https:\/\/agenciainfra.com\/blog\/#\/schema\/person\/image\/","url":"https:\/\/secure.gravatar.com\/avatar\/d189e01678f06d8eb84d4e01f08eb848b3fffe3f8443818d3c356c66892f5be8?s=96&d=mm&r=g","contentUrl":"https:\/\/secure.gravatar.com\/avatar\/d189e01678f06d8eb84d4e01f08eb848b3fffe3f8443818d3c356c66892f5be8?s=96&d=mm&r=g","caption":"Ag\u00eancia iNFRA"},"url":"https:\/\/agenciainfra.com\/blog\/author\/admin\/"}]}},"_links":{"self":[{"href":"https:\/\/agenciainfra.com\/blog\/wp-json\/wp\/v2\/posts\/8178","targetHints":{"allow":["GET"]}}],"collection":[{"href":"https:\/\/agenciainfra.com\/blog\/wp-json\/wp\/v2\/posts"}],"about":[{"href":"https:\/\/agenciainfra.com\/blog\/wp-json\/wp\/v2\/types\/post"}],"author":[{"embeddable":true,"href":"https:\/\/agenciainfra.com\/blog\/wp-json\/wp\/v2\/users\/1"}],"replies":[{"embeddable":true,"href":"https:\/\/agenciainfra.com\/blog\/wp-json\/wp\/v2\/comments?post=8178"}],"version-history":[{"count":0,"href":"https:\/\/agenciainfra.com\/blog\/wp-json\/wp\/v2\/posts\/8178\/revisions"}],"wp:featuredmedia":[{"embeddable":true,"href":"https:\/\/agenciainfra.com\/blog\/wp-json\/wp\/v2\/media\/6895"}],"wp:attachment":[{"href":"https:\/\/agenciainfra.com\/blog\/wp-json\/wp\/v2\/media?parent=8178"}],"wp:term":[{"taxonomy":"category","embeddable":true,"href":"https:\/\/agenciainfra.com\/blog\/wp-json\/wp\/v2\/categories?post=8178"},{"taxonomy":"post_tag","embeddable":true,"href":"https:\/\/agenciainfra.com\/blog\/wp-json\/wp\/v2\/tags?post=8178"}],"curies":[{"name":"wp","href":"https:\/\/api.w.org\/{rel}","templated":true}]}}