{"id":8201,"date":"2021-09-02T08:00:00","date_gmt":"2021-09-02T11:00:00","guid":{"rendered":"https:\/\/www.agenciainfra.com\/blog\/?p=8201"},"modified":"2021-09-01T11:19:39","modified_gmt":"2021-09-01T14:19:39","slug":"concessionaria-de-ferrovia-que-aumentar-capacidade-pode-migrar-para-regime-de-autorizacao","status":"publish","type":"post","link":"https:\/\/agenciainfra.com\/blog\/concessionaria-de-ferrovia-que-aumentar-capacidade-pode-migrar-para-regime-de-autorizacao\/","title":{"rendered":"Concession\u00e1ria de ferrovia que aumentar capacidade pode migrar para regime de autoriza\u00e7\u00e3o"},"content":{"rendered":"\n<p class=\"has-text-align-right\"><strong>Dimmi Amora, da&nbsp;Ag\u00eancia iNFRA<\/strong><\/p>\n\n\n\n<p>A\u00a0<a rel=\"noreferrer noopener\" href=\"https:\/\/agenciainfra.us14.list-manage.com\/track\/click?u=d460dd1bcf9ba0ae040e1fc0f&amp;id=645ad72be5&amp;e=3cd2fde004\" target=\"_blank\">Medida Provis\u00f3ria 1.065<\/a>, editada na \u00faltima segunda-feira (30) pelo governo federal, permite que as atuais concession\u00e1rias de ferrovias do pa\u00eds possam migrar para o regime de autoriza\u00e7\u00e3o se ampliar a capacidade ou extens\u00e3o em mais de 50%. Outra possibilidade de migra\u00e7\u00e3o ser\u00e1\u00a0quando\u00a0um concorrente for autorizado a entrar no mesmo mercado.<\/p>\n\n\n\n<p>A mudan\u00e7a para o novo regime vai depender de autoriza\u00e7\u00e3o de \u00f3rg\u00e3os dos minist\u00e9rios da Infraestrutura e da Economia, al\u00e9m de cumprimento de algumas regras que estavam estabelecidas no contrato anterior, especialmente as de atendimento a clientes.<\/p>\n\n\n\n<p>O novo concession\u00e1rio tamb\u00e9m poder\u00e1 pedir reequil\u00edbrio de seu contrato em caso de haver autoriza\u00e7\u00e3o para uma nova ferrovia que seja concorrente, operando no novo regime criado pela MP, a autoriza\u00e7\u00e3o ferrovi\u00e1ria.<\/p>\n\n\n\n<p>Al\u00e9m de criar as regras para esse novo modelo de parceria com a iniciativa privada, que torna teoricamente mais simples o investimento em ferrovias, a medida provis\u00f3ria tamb\u00e9m implementa forma para que os trechos que as atuais concession\u00e1rias devolverem ao governo possam ser assumidos por outras empresas de forma simplificada, atrav\u00e9s de um chamamento p\u00fablico para autoriza\u00e7\u00e3o.<\/p>\n\n\n\n<p><strong>&#8220;Bar\u00e3o de Mau\u00e1&#8221;<\/strong><br>A MP tem outras regras que tentam facilitar a implanta\u00e7\u00e3o de ferrovias no pa\u00eds, como por exemplo a cria\u00e7\u00e3o de um modelo de autorregula\u00e7\u00e3o das autorizadas e mais facilidades para o pedido de OFI (Operador Ferrovi\u00e1rio Independente).<\/p>\n\n\n\n<p>Tamb\u00e9m foi institu\u00eddo est\u00edmulo para que fundos de investimento imobili\u00e1rio possam apoiar o desenvolvimento de&nbsp;ferrovias em \u00e1reas urbanas, com a inten\u00e7\u00e3o de tentar viabilizar especialmente linhas de passageiros, que dependem na maior parte das vezes de opera\u00e7\u00f5es urbanas para serem sustent\u00e1veis economicamente.<\/p>\n\n\n\n<p>Em nota do Minist\u00e9rio da Infraestrutura, o ministro Tarc\u00edsio de Freitas disse que &#8220;chegou a hora de darmos o maior salto no setor desde o Bar\u00e3o de Mau\u00e1&#8221;.&nbsp;Em entrevista \u00e0&nbsp;<strong>Ag\u00eancia iNFRA<\/strong>, o ministro Tarc\u00edsio de Freitas explicou que a inten\u00e7\u00e3o do projeto foi criar incentivos para que possa haver mais investimentos ferrovi\u00e1rios no pa\u00eds, inclusive com a permiss\u00e3o para que as atuais ferrovias possam migrar para a autoriza\u00e7\u00e3o, e evitar assimetrias regulat\u00f3rias entre os dois regimes.<\/p>\n\n\n\n<p><strong>Reuni\u00e3o com a Casa Civil<\/strong><br>A decis\u00e3o de publicar a MP 1.065 saiu ap\u00f3s uma reuni\u00e3o na segunda-feira (30) entre os ministros da Casa Civil, da Economia e da Infraestrutura. O texto vem sendo costurado&nbsp;desde junho, conforme adiantou a&nbsp;<a href=\"https:\/\/agenciainfra.us14.list-manage.com\/track\/click?u=d460dd1bcf9ba0ae040e1fc0f&amp;id=41f6f1e5b9&amp;e=3cd2fde004\" target=\"_blank\" rel=\"noreferrer noopener\">edi\u00e7\u00e3o 1.051<\/a>&nbsp;da&nbsp;<strong>Ag\u00eancia iNFRA<\/strong>, em 22 de junho.<\/p>\n\n\n\n<p>Al\u00e9m de chegarem a um consenso sobre diverg\u00eancias t\u00e9cnicas na parte concorrencial, havia uma decis\u00e3o pol\u00edtica a se tomar, j\u00e1 que tramita no Senado o Projeto de Lei 261\/2018, que trata do mesmo tema e tem o apoiamento do governo desde 2019.<\/p>\n\n\n\n<p>Como o projeto est\u00e1 com dificuldade de tramita\u00e7\u00e3o por oposi\u00e7\u00e3o de uma parte dos senadores, a decis\u00e3o foi por publicar a medida provis\u00f3ria, sob o argumento de que h\u00e1 mais de R$ 30 bilh\u00f5es em investimentos esperados no setor que dependeriam dessa medida, o que a tornaria urgente.<\/p>\n\n\n\n<p>Mas, praticamente no mesmo hor\u00e1rio que o governo editou a MP, o relator da proposta na Comiss\u00e3o de Infraestrutura do Senado, senador Jean Paul Prates (PT-RN), publicou um novo relat\u00f3rio ao PLS 261\/2018, que pode ser lido&nbsp;<a href=\"https:\/\/agenciainfra.us14.list-manage.com\/track\/click?u=d460dd1bcf9ba0ae040e1fc0f&amp;id=87db7f9d55&amp;e=3cd2fde004\" target=\"_blank\" rel=\"noreferrer noopener\">neste link<\/a>.<\/p>\n\n\n\n<p>O ministro Tarc\u00edsio de Freitas afirmou que avisou ao senador Prates sobre a MP e relembrou que pediu que ele seja o relator no Senado da proposta. Freitas disse&nbsp;ainda que a medida provis\u00f3ria&nbsp;\u00e9 baseada na proposta original do senador Jos\u00e9 Serra (PSDB-SP) e no&nbsp;relat\u00f3rio do senador Prates, e que as diferen\u00e7as s\u00e3o porque a proposta dele est\u00e1&nbsp;mais minuciosa em rela\u00e7\u00e3o \u00e0 regula\u00e7\u00e3o.<\/p>\n\n\n\n<p><strong>Delega\u00e7\u00e3o aos estados<\/strong><br>Freitas afirmou ainda que o governo manteve tudo o que est\u00e1 previsto na lei, sem criar qualquer inova\u00e7\u00e3o,&nbsp;em rela\u00e7\u00e3o \u00e0 compet\u00eancia dos estados para outorgar&nbsp;ferrovias. Pelo menos quatro&nbsp;estados j\u00e1 est\u00e3o com seus projetos de autoriza\u00e7\u00e3o ferrovi\u00e1ria aprovados, e alguns, como Mato Grosso e Minas Gerais, pr\u00f3ximos de permitir ferrovias.<\/p>\n\n\n\n<p>Em audi\u00eancia p\u00fablica recentemente no Senado, o senador Jayme Campos (PSD-MT) reclamou da possibilidade de haver restri\u00e7\u00e3o na MP que o governo preparava, dizendo que era contra a Constitui\u00e7\u00e3o. Mas o senador Jean Paul&nbsp;Prates afirmou que as autoriza\u00e7\u00f5es estaduais s\u00f3 eram constitucionais se houvesse a delega\u00e7\u00e3o federal.<\/p>\n\n\n\n<p>Segundo Freitas, pela MP, os projetos estaduais s\u00e3o v\u00e1lidos e as ferrovias que ser\u00e3o autorizadas por eles s\u00e3o legais, sem a necessidade de qualquer submiss\u00e3o ou permiss\u00e3o ao governo federal.<\/p>\n\n\n\n<p>&#8220;O&nbsp;que queremos \u00e9 agregar ferrovia e n\u00e3o queremos criar qualquer&nbsp;imped\u00e2ncia com estado nenhum. Nosso projeto \u00e9 ter muita ferrovia&#8221;,&nbsp;afirmou o ministro.<\/p>\n\n\n\n<p><strong>Pedidos de autoriza\u00e7\u00e3o em breve<\/strong><br>O ministro disse tamb\u00e9m&nbsp;que acredita ser poss\u00edvel que a pasta receba ainda durante a tramita\u00e7\u00e3o da medida provis\u00f3ria os primeiros pedidos de autoriza\u00e7\u00e3o para implanta\u00e7\u00e3o de novas ferrovias.<\/p>\n\n\n\n<p>Ele lembrou que tem conversado com potenciais investidores que t\u00eam levado proposta para a pasta e acredita que seja poss\u00edvel fazer a autoriza\u00e7\u00e3o das primeiras, o que estimularia a novos pedidos.<\/p>\n\n\n\n<p>Em maio, o ministro pediu para que os \u00f3rg\u00e3os vinculados iniciassem os estudos sobre a regula\u00e7\u00e3o&nbsp;para autoriza\u00e7\u00e3o de ferrovias, indicando haver&nbsp;seis novas ferrovias com inten\u00e7\u00e3o de pedir a autoriza\u00e7\u00e3o, conforme antecipou a&nbsp;<strong>Ag\u00eancia iNFRA<\/strong>, em reportagem dispon\u00edvel&nbsp;<a href=\"https:\/\/agenciainfra.us14.list-manage.com\/track\/click?u=d460dd1bcf9ba0ae040e1fc0f&amp;id=6549b5b27f&amp;e=3cd2fde004\" target=\"_blank\" rel=\"noreferrer noopener\">neste link<\/a>.<\/p>\n","protected":false},"excerpt":{"rendered":"<p>Dimmi Amora, da&nbsp;Ag\u00eancia iNFRA A\u00a0Medida Provis\u00f3ria 1.065, editada na \u00faltima segunda-feira (30) pelo governo federal, permite que as atuais concession\u00e1rias de ferrovias do pa\u00eds possam migrar para o regime de autoriza\u00e7\u00e3o se ampliar a capacidade ou extens\u00e3o em mais de 50%. Outra possibilidade de migra\u00e7\u00e3o ser\u00e1\u00a0quando\u00a0um concorrente for autorizado a entrar no mesmo mercado. A [&hellip;]<\/p>\n","protected":false},"author":1,"featured_media":3045,"comment_status":"closed","ping_status":"closed","sticky":false,"template":"","format":"standard","meta":{"_monsterinsights_skip_tracking":false,"_monsterinsights_sitenote_active":false,"_monsterinsights_sitenote_note":"","_monsterinsights_sitenote_category":0,"footnotes":""},"categories":[1,7],"tags":[3878,244,120,1351,4970,3378,1035,2943,448,70],"class_list":["post-8201","post","type-post","status-publish","format-standard","has-post-thumbnail","hentry","category-geral","category-infratransporte","tag-capacidade-ferroviaria","tag-concessionarias","tag-ferrovias","tag-jean-paul-prates","tag-mp-1-065","tag-ofi","tag-pls-261-2018","tag-regime-de-autorizacao","tag-tarcisio-de-freitas","tag-transportes"],"yoast_head":"<!-- This site is optimized with the Yoast SEO Premium plugin v25.4 (Yoast SEO v26.0) - https:\/\/yoast.com\/wordpress\/plugins\/seo\/ -->\n<title>Concession\u00e1ria de ferrovia que aumentar capacidade pode migrar para regime de autoriza\u00e7\u00e3o - Ag\u00eancia iNFRA<\/title>\n<meta name=\"robots\" content=\"index, follow, max-snippet:-1, max-image-preview:large, max-video-preview:-1\" \/>\n<link rel=\"canonical\" href=\"https:\/\/agenciainfra.com\/blog\/concessionaria-de-ferrovia-que-aumentar-capacidade-pode-migrar-para-regime-de-autorizacao\/\" \/>\n<meta property=\"og:locale\" content=\"pt_BR\" \/>\n<meta property=\"og:type\" content=\"article\" \/>\n<meta property=\"og:title\" content=\"Concession\u00e1ria de ferrovia que aumentar capacidade pode migrar para regime de autoriza\u00e7\u00e3o\" \/>\n<meta property=\"og:description\" content=\"Dimmi Amora, da&nbsp;Ag\u00eancia iNFRA A\u00a0Medida Provis\u00f3ria 1.065, editada na \u00faltima segunda-feira (30) pelo governo federal, permite que as atuais concession\u00e1rias de ferrovias do pa\u00eds possam migrar para o regime de autoriza\u00e7\u00e3o se ampliar a capacidade ou extens\u00e3o em mais de 50%. Outra possibilidade de migra\u00e7\u00e3o ser\u00e1\u00a0quando\u00a0um concorrente for autorizado a entrar no mesmo mercado. A [&hellip;]\" \/>\n<meta property=\"og:url\" content=\"https:\/\/agenciainfra.com\/blog\/concessionaria-de-ferrovia-que-aumentar-capacidade-pode-migrar-para-regime-de-autorizacao\/\" \/>\n<meta property=\"og:site_name\" content=\"Ag\u00eancia iNFRA\" \/>\n<meta property=\"article:publisher\" content=\"https:\/\/www.facebook.com\/ageninfra\" \/>\n<meta property=\"article:published_time\" content=\"2021-09-02T11:00:00+00:00\" \/>\n<meta property=\"og:image\" content=\"https:\/\/agenciainfra.com\/blog\/wp-content\/uploads\/2019\/03\/ferrovia-foto-carlos-neto-valec-1024x683.jpg\" \/>\n\t<meta property=\"og:image:width\" content=\"1024\" \/>\n\t<meta property=\"og:image:height\" content=\"683\" \/>\n\t<meta property=\"og:image:type\" content=\"image\/jpeg\" \/>\n<meta name=\"author\" content=\"Ag\u00eancia iNFRA\" \/>\n<meta name=\"twitter:card\" content=\"summary_large_image\" \/>\n<meta name=\"twitter:creator\" content=\"@agencia_infra\" \/>\n<meta name=\"twitter:site\" content=\"@agencia_infra\" \/>\n<meta name=\"twitter:label1\" content=\"Escrito por\" \/>\n\t<meta name=\"twitter:data1\" content=\"Ag\u00eancia iNFRA\" \/>\n\t<meta name=\"twitter:label2\" content=\"Est. tempo de leitura\" \/>\n\t<meta name=\"twitter:data2\" content=\"5 minutos\" \/>\n<script type=\"application\/ld+json\" class=\"yoast-schema-graph\">{\"@context\":\"https:\/\/schema.org\",\"@graph\":[{\"@type\":\"Article\",\"@id\":\"https:\/\/agenciainfra.com\/blog\/concessionaria-de-ferrovia-que-aumentar-capacidade-pode-migrar-para-regime-de-autorizacao\/#article\",\"isPartOf\":{\"@id\":\"https:\/\/agenciainfra.com\/blog\/concessionaria-de-ferrovia-que-aumentar-capacidade-pode-migrar-para-regime-de-autorizacao\/\"},\"author\":{\"name\":\"Ag\u00eancia iNFRA\",\"@id\":\"https:\/\/agenciainfra.com\/blog\/#\/schema\/person\/34af08dff6adea4cb22b06612ba7acfa\"},\"headline\":\"Concession\u00e1ria de ferrovia que aumentar capacidade pode migrar para regime de autoriza\u00e7\u00e3o\",\"datePublished\":\"2021-09-02T11:00:00+00:00\",\"mainEntityOfPage\":{\"@id\":\"https:\/\/agenciainfra.com\/blog\/concessionaria-de-ferrovia-que-aumentar-capacidade-pode-migrar-para-regime-de-autorizacao\/\"},\"wordCount\":988,\"publisher\":{\"@id\":\"https:\/\/agenciainfra.com\/blog\/#organization\"},\"image\":{\"@id\":\"https:\/\/agenciainfra.com\/blog\/concessionaria-de-ferrovia-que-aumentar-capacidade-pode-migrar-para-regime-de-autorizacao\/#primaryimage\"},\"thumbnailUrl\":\"https:\/\/agenciainfra.com\/blog\/wp-content\/uploads\/2019\/03\/ferrovia-foto-carlos-neto-valec-e1753352455726.jpg\",\"keywords\":[\"capacidade ferrovi\u00e1ria\",\"concession\u00e1rias\",\"Ferrovias\",\"Jean Paul Prates\",\"MP 1.065\",\"OFI\",\"PLS 261\/2018\",\"regime de autoriza\u00e7\u00e3o\",\"Tarc\u00edsio de Freitas\",\"transportes\"],\"articleSection\":[\"Geral\",\"iNFRATransporte\"],\"inLanguage\":\"pt-BR\",\"copyrightYear\":\"2021\",\"copyrightHolder\":{\"@id\":\"https:\/\/agenciainfra.com\/blog\/#organization\"}},{\"@type\":\"WebPage\",\"@id\":\"https:\/\/agenciainfra.com\/blog\/concessionaria-de-ferrovia-que-aumentar-capacidade-pode-migrar-para-regime-de-autorizacao\/\",\"url\":\"https:\/\/agenciainfra.com\/blog\/concessionaria-de-ferrovia-que-aumentar-capacidade-pode-migrar-para-regime-de-autorizacao\/\",\"name\":\"Concession\u00e1ria de ferrovia que aumentar capacidade pode migrar para regime de autoriza\u00e7\u00e3o - Ag\u00eancia iNFRA\",\"isPartOf\":{\"@id\":\"https:\/\/agenciainfra.com\/blog\/#website\"},\"primaryImageOfPage\":{\"@id\":\"https:\/\/agenciainfra.com\/blog\/concessionaria-de-ferrovia-que-aumentar-capacidade-pode-migrar-para-regime-de-autorizacao\/#primaryimage\"},\"image\":{\"@id\":\"https:\/\/agenciainfra.com\/blog\/concessionaria-de-ferrovia-que-aumentar-capacidade-pode-migrar-para-regime-de-autorizacao\/#primaryimage\"},\"thumbnailUrl\":\"https:\/\/agenciainfra.com\/blog\/wp-content\/uploads\/2019\/03\/ferrovia-foto-carlos-neto-valec-e1753352455726.jpg\",\"datePublished\":\"2021-09-02T11:00:00+00:00\",\"breadcrumb\":{\"@id\":\"https:\/\/agenciainfra.com\/blog\/concessionaria-de-ferrovia-que-aumentar-capacidade-pode-migrar-para-regime-de-autorizacao\/#breadcrumb\"},\"inLanguage\":\"pt-BR\",\"potentialAction\":[{\"@type\":\"ReadAction\",\"target\":[\"https:\/\/agenciainfra.com\/blog\/concessionaria-de-ferrovia-que-aumentar-capacidade-pode-migrar-para-regime-de-autorizacao\/\"]}]},{\"@type\":\"ImageObject\",\"inLanguage\":\"pt-BR\",\"@id\":\"https:\/\/agenciainfra.com\/blog\/concessionaria-de-ferrovia-que-aumentar-capacidade-pode-migrar-para-regime-de-autorizacao\/#primaryimage\",\"url\":\"https:\/\/agenciainfra.com\/blog\/wp-content\/uploads\/2019\/03\/ferrovia-foto-carlos-neto-valec-e1753352455726.jpg\",\"contentUrl\":\"https:\/\/agenciainfra.com\/blog\/wp-content\/uploads\/2019\/03\/ferrovia-foto-carlos-neto-valec-e1753352455726.jpg\",\"width\":1280,\"height\":853,\"caption\":\"Foto: Carlos Neto\/Valec\"},{\"@type\":\"BreadcrumbList\",\"@id\":\"https:\/\/agenciainfra.com\/blog\/concessionaria-de-ferrovia-que-aumentar-capacidade-pode-migrar-para-regime-de-autorizacao\/#breadcrumb\",\"itemListElement\":[{\"@type\":\"ListItem\",\"position\":1,\"name\":\"In\u00edcio\",\"item\":\"https:\/\/agenciainfra.com\/blog\/\"},{\"@type\":\"ListItem\",\"position\":2,\"name\":\"Concession\u00e1ria de ferrovia que aumentar capacidade pode migrar para regime de autoriza\u00e7\u00e3o\"}]},{\"@type\":\"WebSite\",\"@id\":\"https:\/\/agenciainfra.com\/blog\/#website\",\"url\":\"https:\/\/agenciainfra.com\/blog\/\",\"name\":\"Ag\u00eancia iNFRA\",\"description\":\"Multiplataforma de informa\u00e7\u00e3o jornal\u00edstica refer\u00eancia na \u00e1rea de infraestrutura no Brasil!\",\"publisher\":{\"@id\":\"https:\/\/agenciainfra.com\/blog\/#organization\"},\"potentialAction\":[{\"@type\":\"SearchAction\",\"target\":{\"@type\":\"EntryPoint\",\"urlTemplate\":\"https:\/\/agenciainfra.com\/blog\/?s={search_term_string}\"},\"query-input\":{\"@type\":\"PropertyValueSpecification\",\"valueRequired\":true,\"valueName\":\"search_term_string\"}}],\"inLanguage\":\"pt-BR\"},{\"@type\":\"Organization\",\"@id\":\"https:\/\/agenciainfra.com\/blog\/#organization\",\"name\":\"Ag\u00eancia iNFRA\",\"url\":\"https:\/\/agenciainfra.com\/blog\/\",\"logo\":{\"@type\":\"ImageObject\",\"inLanguage\":\"pt-BR\",\"@id\":\"https:\/\/agenciainfra.com\/blog\/#\/schema\/logo\/image\/\",\"url\":\"https:\/\/agenciainfra.com\/blog\/wp-content\/uploads\/2023\/09\/iNFRA_5-e1761735885940.png\",\"contentUrl\":\"https:\/\/agenciainfra.com\/blog\/wp-content\/uploads\/2023\/09\/iNFRA_5-e1761735885940.png\",\"width\":1672,\"height\":454,\"caption\":\"Ag\u00eancia iNFRA\"},\"image\":{\"@id\":\"https:\/\/agenciainfra.com\/blog\/#\/schema\/logo\/image\/\"},\"sameAs\":[\"https:\/\/www.facebook.com\/ageninfra\",\"https:\/\/x.com\/agencia_infra\",\"https:\/\/www.linkedin.com\/company\/ag\u00eanciainfra\/\",\"https:\/\/www.instagram.com\/agenciainfra\/\"]},{\"@type\":\"Person\",\"@id\":\"https:\/\/agenciainfra.com\/blog\/#\/schema\/person\/34af08dff6adea4cb22b06612ba7acfa\",\"name\":\"Ag\u00eancia iNFRA\",\"image\":{\"@type\":\"ImageObject\",\"inLanguage\":\"pt-BR\",\"@id\":\"https:\/\/agenciainfra.com\/blog\/#\/schema\/person\/image\/\",\"url\":\"https:\/\/secure.gravatar.com\/avatar\/d189e01678f06d8eb84d4e01f08eb848b3fffe3f8443818d3c356c66892f5be8?s=96&d=mm&r=g\",\"contentUrl\":\"https:\/\/secure.gravatar.com\/avatar\/d189e01678f06d8eb84d4e01f08eb848b3fffe3f8443818d3c356c66892f5be8?s=96&d=mm&r=g\",\"caption\":\"Ag\u00eancia iNFRA\"},\"url\":\"https:\/\/agenciainfra.com\/blog\/author\/admin\/\"}]}<\/script>\n<!-- \/ Yoast SEO Premium plugin. -->","yoast_head_json":{"title":"Concession\u00e1ria de ferrovia que aumentar capacidade pode migrar para regime de autoriza\u00e7\u00e3o - Ag\u00eancia iNFRA","robots":{"index":"index","follow":"follow","max-snippet":"max-snippet:-1","max-image-preview":"max-image-preview:large","max-video-preview":"max-video-preview:-1"},"canonical":"https:\/\/agenciainfra.com\/blog\/concessionaria-de-ferrovia-que-aumentar-capacidade-pode-migrar-para-regime-de-autorizacao\/","og_locale":"pt_BR","og_type":"article","og_title":"Concession\u00e1ria de ferrovia que aumentar capacidade pode migrar para regime de autoriza\u00e7\u00e3o","og_description":"Dimmi Amora, da&nbsp;Ag\u00eancia iNFRA A\u00a0Medida Provis\u00f3ria 1.065, editada na \u00faltima segunda-feira (30) pelo governo federal, permite que as atuais concession\u00e1rias de ferrovias do pa\u00eds possam migrar para o regime de autoriza\u00e7\u00e3o se ampliar a capacidade ou extens\u00e3o em mais de 50%. Outra possibilidade de migra\u00e7\u00e3o ser\u00e1\u00a0quando\u00a0um concorrente for autorizado a entrar no mesmo mercado. A [&hellip;]","og_url":"https:\/\/agenciainfra.com\/blog\/concessionaria-de-ferrovia-que-aumentar-capacidade-pode-migrar-para-regime-de-autorizacao\/","og_site_name":"Ag\u00eancia iNFRA","article_publisher":"https:\/\/www.facebook.com\/ageninfra","article_published_time":"2021-09-02T11:00:00+00:00","og_image":[{"width":1024,"height":683,"url":"https:\/\/agenciainfra.com\/blog\/wp-content\/uploads\/2019\/03\/ferrovia-foto-carlos-neto-valec-1024x683.jpg","type":"image\/jpeg"}],"author":"Ag\u00eancia iNFRA","twitter_card":"summary_large_image","twitter_creator":"@agencia_infra","twitter_site":"@agencia_infra","twitter_misc":{"Escrito por":"Ag\u00eancia iNFRA","Est. tempo de leitura":"5 minutos"},"schema":{"@context":"https:\/\/schema.org","@graph":[{"@type":"Article","@id":"https:\/\/agenciainfra.com\/blog\/concessionaria-de-ferrovia-que-aumentar-capacidade-pode-migrar-para-regime-de-autorizacao\/#article","isPartOf":{"@id":"https:\/\/agenciainfra.com\/blog\/concessionaria-de-ferrovia-que-aumentar-capacidade-pode-migrar-para-regime-de-autorizacao\/"},"author":{"name":"Ag\u00eancia iNFRA","@id":"https:\/\/agenciainfra.com\/blog\/#\/schema\/person\/34af08dff6adea4cb22b06612ba7acfa"},"headline":"Concession\u00e1ria de ferrovia que aumentar capacidade pode migrar para regime de autoriza\u00e7\u00e3o","datePublished":"2021-09-02T11:00:00+00:00","mainEntityOfPage":{"@id":"https:\/\/agenciainfra.com\/blog\/concessionaria-de-ferrovia-que-aumentar-capacidade-pode-migrar-para-regime-de-autorizacao\/"},"wordCount":988,"publisher":{"@id":"https:\/\/agenciainfra.com\/blog\/#organization"},"image":{"@id":"https:\/\/agenciainfra.com\/blog\/concessionaria-de-ferrovia-que-aumentar-capacidade-pode-migrar-para-regime-de-autorizacao\/#primaryimage"},"thumbnailUrl":"https:\/\/agenciainfra.com\/blog\/wp-content\/uploads\/2019\/03\/ferrovia-foto-carlos-neto-valec-e1753352455726.jpg","keywords":["capacidade ferrovi\u00e1ria","concession\u00e1rias","Ferrovias","Jean Paul Prates","MP 1.065","OFI","PLS 261\/2018","regime de autoriza\u00e7\u00e3o","Tarc\u00edsio de Freitas","transportes"],"articleSection":["Geral","iNFRATransporte"],"inLanguage":"pt-BR","copyrightYear":"2021","copyrightHolder":{"@id":"https:\/\/agenciainfra.com\/blog\/#organization"}},{"@type":"WebPage","@id":"https:\/\/agenciainfra.com\/blog\/concessionaria-de-ferrovia-que-aumentar-capacidade-pode-migrar-para-regime-de-autorizacao\/","url":"https:\/\/agenciainfra.com\/blog\/concessionaria-de-ferrovia-que-aumentar-capacidade-pode-migrar-para-regime-de-autorizacao\/","name":"Concession\u00e1ria de ferrovia que aumentar capacidade pode migrar para regime de autoriza\u00e7\u00e3o - Ag\u00eancia iNFRA","isPartOf":{"@id":"https:\/\/agenciainfra.com\/blog\/#website"},"primaryImageOfPage":{"@id":"https:\/\/agenciainfra.com\/blog\/concessionaria-de-ferrovia-que-aumentar-capacidade-pode-migrar-para-regime-de-autorizacao\/#primaryimage"},"image":{"@id":"https:\/\/agenciainfra.com\/blog\/concessionaria-de-ferrovia-que-aumentar-capacidade-pode-migrar-para-regime-de-autorizacao\/#primaryimage"},"thumbnailUrl":"https:\/\/agenciainfra.com\/blog\/wp-content\/uploads\/2019\/03\/ferrovia-foto-carlos-neto-valec-e1753352455726.jpg","datePublished":"2021-09-02T11:00:00+00:00","breadcrumb":{"@id":"https:\/\/agenciainfra.com\/blog\/concessionaria-de-ferrovia-que-aumentar-capacidade-pode-migrar-para-regime-de-autorizacao\/#breadcrumb"},"inLanguage":"pt-BR","potentialAction":[{"@type":"ReadAction","target":["https:\/\/agenciainfra.com\/blog\/concessionaria-de-ferrovia-que-aumentar-capacidade-pode-migrar-para-regime-de-autorizacao\/"]}]},{"@type":"ImageObject","inLanguage":"pt-BR","@id":"https:\/\/agenciainfra.com\/blog\/concessionaria-de-ferrovia-que-aumentar-capacidade-pode-migrar-para-regime-de-autorizacao\/#primaryimage","url":"https:\/\/agenciainfra.com\/blog\/wp-content\/uploads\/2019\/03\/ferrovia-foto-carlos-neto-valec-e1753352455726.jpg","contentUrl":"https:\/\/agenciainfra.com\/blog\/wp-content\/uploads\/2019\/03\/ferrovia-foto-carlos-neto-valec-e1753352455726.jpg","width":1280,"height":853,"caption":"Foto: Carlos Neto\/Valec"},{"@type":"BreadcrumbList","@id":"https:\/\/agenciainfra.com\/blog\/concessionaria-de-ferrovia-que-aumentar-capacidade-pode-migrar-para-regime-de-autorizacao\/#breadcrumb","itemListElement":[{"@type":"ListItem","position":1,"name":"In\u00edcio","item":"https:\/\/agenciainfra.com\/blog\/"},{"@type":"ListItem","position":2,"name":"Concession\u00e1ria de ferrovia que aumentar capacidade pode migrar para regime de autoriza\u00e7\u00e3o"}]},{"@type":"WebSite","@id":"https:\/\/agenciainfra.com\/blog\/#website","url":"https:\/\/agenciainfra.com\/blog\/","name":"Ag\u00eancia iNFRA","description":"Multiplataforma de informa\u00e7\u00e3o jornal\u00edstica refer\u00eancia na \u00e1rea de infraestrutura no Brasil!","publisher":{"@id":"https:\/\/agenciainfra.com\/blog\/#organization"},"potentialAction":[{"@type":"SearchAction","target":{"@type":"EntryPoint","urlTemplate":"https:\/\/agenciainfra.com\/blog\/?s={search_term_string}"},"query-input":{"@type":"PropertyValueSpecification","valueRequired":true,"valueName":"search_term_string"}}],"inLanguage":"pt-BR"},{"@type":"Organization","@id":"https:\/\/agenciainfra.com\/blog\/#organization","name":"Ag\u00eancia iNFRA","url":"https:\/\/agenciainfra.com\/blog\/","logo":{"@type":"ImageObject","inLanguage":"pt-BR","@id":"https:\/\/agenciainfra.com\/blog\/#\/schema\/logo\/image\/","url":"https:\/\/agenciainfra.com\/blog\/wp-content\/uploads\/2023\/09\/iNFRA_5-e1761735885940.png","contentUrl":"https:\/\/agenciainfra.com\/blog\/wp-content\/uploads\/2023\/09\/iNFRA_5-e1761735885940.png","width":1672,"height":454,"caption":"Ag\u00eancia iNFRA"},"image":{"@id":"https:\/\/agenciainfra.com\/blog\/#\/schema\/logo\/image\/"},"sameAs":["https:\/\/www.facebook.com\/ageninfra","https:\/\/x.com\/agencia_infra","https:\/\/www.linkedin.com\/company\/ag\u00eanciainfra\/","https:\/\/www.instagram.com\/agenciainfra\/"]},{"@type":"Person","@id":"https:\/\/agenciainfra.com\/blog\/#\/schema\/person\/34af08dff6adea4cb22b06612ba7acfa","name":"Ag\u00eancia iNFRA","image":{"@type":"ImageObject","inLanguage":"pt-BR","@id":"https:\/\/agenciainfra.com\/blog\/#\/schema\/person\/image\/","url":"https:\/\/secure.gravatar.com\/avatar\/d189e01678f06d8eb84d4e01f08eb848b3fffe3f8443818d3c356c66892f5be8?s=96&d=mm&r=g","contentUrl":"https:\/\/secure.gravatar.com\/avatar\/d189e01678f06d8eb84d4e01f08eb848b3fffe3f8443818d3c356c66892f5be8?s=96&d=mm&r=g","caption":"Ag\u00eancia iNFRA"},"url":"https:\/\/agenciainfra.com\/blog\/author\/admin\/"}]}},"_links":{"self":[{"href":"https:\/\/agenciainfra.com\/blog\/wp-json\/wp\/v2\/posts\/8201","targetHints":{"allow":["GET"]}}],"collection":[{"href":"https:\/\/agenciainfra.com\/blog\/wp-json\/wp\/v2\/posts"}],"about":[{"href":"https:\/\/agenciainfra.com\/blog\/wp-json\/wp\/v2\/types\/post"}],"author":[{"embeddable":true,"href":"https:\/\/agenciainfra.com\/blog\/wp-json\/wp\/v2\/users\/1"}],"replies":[{"embeddable":true,"href":"https:\/\/agenciainfra.com\/blog\/wp-json\/wp\/v2\/comments?post=8201"}],"version-history":[{"count":0,"href":"https:\/\/agenciainfra.com\/blog\/wp-json\/wp\/v2\/posts\/8201\/revisions"}],"wp:featuredmedia":[{"embeddable":true,"href":"https:\/\/agenciainfra.com\/blog\/wp-json\/wp\/v2\/media\/3045"}],"wp:attachment":[{"href":"https:\/\/agenciainfra.com\/blog\/wp-json\/wp\/v2\/media?parent=8201"}],"wp:term":[{"taxonomy":"category","embeddable":true,"href":"https:\/\/agenciainfra.com\/blog\/wp-json\/wp\/v2\/categories?post=8201"},{"taxonomy":"post_tag","embeddable":true,"href":"https:\/\/agenciainfra.com\/blog\/wp-json\/wp\/v2\/tags?post=8201"}],"curies":[{"name":"wp","href":"https:\/\/api.w.org\/{rel}","templated":true}]}}