{"id":8225,"date":"2021-09-08T11:00:00","date_gmt":"2021-09-08T14:00:00","guid":{"rendered":"https:\/\/www.agenciainfra.com\/blog\/?p=8225"},"modified":"2021-09-08T11:30:49","modified_gmt":"2021-09-08T14:30:49","slug":"analise-consumidor-cativo-paga-pelas-ineficiencias-do-setor-eletrico","status":"publish","type":"post","link":"https:\/\/agenciainfra.com\/blog\/analise-consumidor-cativo-paga-pelas-ineficiencias-do-setor-eletrico\/","title":{"rendered":"An\u00e1lise: Consumidor cativo paga pelas inefici\u00eancias do setor el\u00e9trico"},"content":{"rendered":"\n<p class=\"has-text-align-right\"><strong>Roberto Rockmann, colunista da&nbsp;Ag\u00eancia iNFRA<\/strong><\/p>\n\n\n\n<p>Ano passado, quando as distribuidoras celebravam os acertos finais da Conta-Covid, criada para atenuar os impactos da pandemia sobre o fluxo de caixa do setor, empres\u00e1rios da \u00e1rea rodovi\u00e1ria reclamavam que a celeridade que o governo tinha para resolver problemas do setor el\u00e9trico n\u00e3o era a mesma dada \u00e0s rodovias.<\/p>\n\n\n\n<p>Um dos resultados do racionamento de 2001 foi que distribuidoras, geradoras, transmissoras, produtores independentes, grandes consumidores ganharam poder e proximidade para discutir e aprovar pontos favor\u00e1veis ao setor.<\/p>\n\n\n\n<p>A exce\u00e7\u00e3o \u00e0 regra \u00e9 o consumidor cativo. Esse de longe \u00e9 o menos representado nas discuss\u00f5es e o que tem mais sido afetado por regula\u00e7\u00f5es recentes e pela opera\u00e7\u00e3o cada vez mais cara do sistema \u00e0 beira de uma nova crise hist\u00f3rica.<\/p>\n\n\n\n<p>No debate sobre o novo marco regulat\u00f3rio da gera\u00e7\u00e3o distribu\u00edda, analistas apontaram que as regras aprovadas na C\u00e2mara s\u00e3o excelentes para a ind\u00fastria solar, \u00f3timas para as distribuidoras e ruins para os consumidores cativos.<\/p>\n\n\n\n<p>O Idec (Instituto Brasileiro de Defesa do Consumidor) tamb\u00e9m enxergou o mesmo problema. \u201cO projeto regulamenta a microgera\u00e7\u00e3o distribu\u00edda solar mantendo o subs\u00eddio e repassando custos para os consumidores que n\u00e3o disp\u00f5em desses sistemas por meio da Conta de Desenvolvimento Energ\u00e9tico\u201d, diz o coordenador da \u00e1rea de energia, Clauber Leite, que frisa que o impacto pode chegar a R$ 3 bilh\u00f5es por ano.<\/p>\n\n\n\n<p>Isso se combina \u00e0 crise atual, que ir\u00e1 fazer encargos e subs\u00eddios explodirem. \u201c\u00c9 preciso equil\u00edbrio e aloca\u00e7\u00e3o adequada de custos porque o consumidor residencial est\u00e1 pagando todos, como o acionamento das t\u00e9rmicas.\u201d<\/p>\n\n\n\n<p>A estrutura tarif\u00e1ria, que j\u00e1 era uma das mais caras do mundo, ficar\u00e1 ainda mais. Isso tende a provocar um duplo efeito para fugir desse aperto tarif\u00e1rio: press\u00e3o por amplia\u00e7\u00e3o do mercado livre e acelera\u00e7\u00e3o do movimento em gera\u00e7\u00e3o distribu\u00edda solar, o que traz amea\u00e7as.<\/p>\n\n\n\n<p>Uma conta paira sobre o setor: os contratos legados. Hoje existem 48 GW contratados no mercado regulado. Quanto mais se amplia o mercado livre, maior fica a conta para quem se mant\u00e9m no ambiente regulado.<\/p>\n\n\n\n<p>A conta salgada poder\u00e1 elevar a inadimpl\u00eancia, enquanto os custos de opera\u00e7\u00e3o j\u00e1 come\u00e7am a respingar em outros segmentos. O pagamento dos b\u00f4nus de redu\u00e7\u00e3o do consumo para os clientes cativos ser\u00e1 pago via ESS, encargo que tamb\u00e9m cai nos bolsos dos grandes consumidores.<\/p>\n\n\n\n<p>Entre 2010 e julho de 2021, a tarifa de energia residencial quase dobrou. A meses de uma nova elei\u00e7\u00e3o presidencial, fica a pergunta: o consumidor cativo continuar\u00e1 pagando a maior parte da conta de driblar o racionamento? H\u00e1 consultorias que estimam impacto de 1% na infla\u00e7\u00e3o neste ano e em 2022 com a crise de energia.<\/p>\n","protected":false},"excerpt":{"rendered":"<p>Roberto Rockmann, colunista da&nbsp;Ag\u00eancia iNFRA Ano passado, quando as distribuidoras celebravam os acertos finais da Conta-Covid, criada para atenuar os impactos da pandemia sobre o fluxo de caixa do setor, empres\u00e1rios da \u00e1rea rodovi\u00e1ria reclamavam que a celeridade que o governo tinha para resolver problemas do setor el\u00e9trico n\u00e3o era a mesma dada \u00e0s rodovias. [&hellip;]<\/p>\n","protected":false},"author":1,"featured_media":6718,"comment_status":"closed","ping_status":"closed","sticky":false,"template":"","format":"standard","meta":{"_monsterinsights_skip_tracking":false,"_monsterinsights_sitenote_active":false,"_monsterinsights_sitenote_note":"","_monsterinsights_sitenote_category":0,"footnotes":""},"categories":[1],"tags":[13,1949,4198,924,3200,54,1386],"class_list":["post-8225","post","type-post","status-publish","format-standard","has-post-thumbnail","hentry","category-geral","tag-consumo-de-energia","tag-conta-covid","tag-marco-regulatorio","tag-mercado-livre-de-energia","tag-racionamento","tag-setor-eletrico","tag-tarifas-de-energia"],"yoast_head":"<!-- This site is optimized with the Yoast SEO Premium plugin v25.4 (Yoast SEO v26.0) - https:\/\/yoast.com\/wordpress\/plugins\/seo\/ -->\n<title>An\u00e1lise: Consumidor cativo paga pelas inefici\u00eancias do setor el\u00e9trico - Ag\u00eancia iNFRA<\/title>\n<meta name=\"robots\" content=\"index, follow, max-snippet:-1, max-image-preview:large, max-video-preview:-1\" \/>\n<link rel=\"canonical\" href=\"https:\/\/agenciainfra.com\/blog\/analise-consumidor-cativo-paga-pelas-ineficiencias-do-setor-eletrico\/\" \/>\n<meta property=\"og:locale\" content=\"pt_BR\" \/>\n<meta property=\"og:type\" content=\"article\" \/>\n<meta property=\"og:title\" content=\"An\u00e1lise: Consumidor cativo paga pelas inefici\u00eancias do setor el\u00e9trico\" \/>\n<meta property=\"og:description\" content=\"Roberto Rockmann, colunista da&nbsp;Ag\u00eancia iNFRA Ano passado, quando as distribuidoras celebravam os acertos finais da Conta-Covid, criada para atenuar os impactos da pandemia sobre o fluxo de caixa do setor, empres\u00e1rios da \u00e1rea rodovi\u00e1ria reclamavam que a celeridade que o governo tinha para resolver problemas do setor el\u00e9trico n\u00e3o era a mesma dada \u00e0s rodovias. [&hellip;]\" \/>\n<meta property=\"og:url\" content=\"https:\/\/agenciainfra.com\/blog\/analise-consumidor-cativo-paga-pelas-ineficiencias-do-setor-eletrico\/\" \/>\n<meta property=\"og:site_name\" content=\"Ag\u00eancia iNFRA\" \/>\n<meta property=\"article:publisher\" content=\"https:\/\/www.facebook.com\/ageninfra\" \/>\n<meta property=\"article:published_time\" content=\"2021-09-08T14:00:00+00:00\" \/>\n<meta property=\"article:modified_time\" content=\"2021-09-08T14:30:49+00:00\" \/>\n<meta property=\"og:image\" content=\"https:\/\/agenciainfra.com\/blog\/wp-content\/uploads\/2021\/02\/energia-eletrica-foto-dominio-publico.jpg\" \/>\n\t<meta property=\"og:image:width\" content=\"1280\" \/>\n\t<meta property=\"og:image:height\" content=\"720\" \/>\n\t<meta property=\"og:image:type\" content=\"image\/jpeg\" \/>\n<meta name=\"author\" content=\"Ag\u00eancia iNFRA\" \/>\n<meta name=\"twitter:card\" content=\"summary_large_image\" \/>\n<meta name=\"twitter:creator\" content=\"@agencia_infra\" \/>\n<meta name=\"twitter:site\" content=\"@agencia_infra\" \/>\n<meta name=\"twitter:label1\" content=\"Escrito por\" \/>\n\t<meta name=\"twitter:data1\" content=\"Ag\u00eancia iNFRA\" \/>\n\t<meta name=\"twitter:label2\" content=\"Est. tempo de leitura\" \/>\n\t<meta name=\"twitter:data2\" content=\"2 minutos\" \/>\n<script type=\"application\/ld+json\" class=\"yoast-schema-graph\">{\"@context\":\"https:\/\/schema.org\",\"@graph\":[{\"@type\":\"Article\",\"@id\":\"https:\/\/agenciainfra.com\/blog\/analise-consumidor-cativo-paga-pelas-ineficiencias-do-setor-eletrico\/#article\",\"isPartOf\":{\"@id\":\"https:\/\/agenciainfra.com\/blog\/analise-consumidor-cativo-paga-pelas-ineficiencias-do-setor-eletrico\/\"},\"author\":{\"name\":\"Ag\u00eancia iNFRA\",\"@id\":\"https:\/\/agenciainfra.com\/blog\/#\/schema\/person\/34af08dff6adea4cb22b06612ba7acfa\"},\"headline\":\"An\u00e1lise: Consumidor cativo paga pelas inefici\u00eancias do setor el\u00e9trico\",\"datePublished\":\"2021-09-08T14:00:00+00:00\",\"dateModified\":\"2021-09-08T14:30:49+00:00\",\"mainEntityOfPage\":{\"@id\":\"https:\/\/agenciainfra.com\/blog\/analise-consumidor-cativo-paga-pelas-ineficiencias-do-setor-eletrico\/\"},\"wordCount\":483,\"publisher\":{\"@id\":\"https:\/\/agenciainfra.com\/blog\/#organization\"},\"image\":{\"@id\":\"https:\/\/agenciainfra.com\/blog\/analise-consumidor-cativo-paga-pelas-ineficiencias-do-setor-eletrico\/#primaryimage\"},\"thumbnailUrl\":\"https:\/\/agenciainfra.com\/blog\/wp-content\/uploads\/2021\/02\/energia-eletrica-foto-dominio-publico.jpg\",\"keywords\":[\"consumo de energia\",\"Conta-Covid\",\"marco regulat\u00f3rio\",\"mercado livre de energia\",\"racionamento\",\"Setor El\u00e9trico\",\"tarifas de energia\"],\"articleSection\":[\"Geral\"],\"inLanguage\":\"pt-BR\",\"copyrightYear\":\"2021\",\"copyrightHolder\":{\"@id\":\"https:\/\/agenciainfra.com\/blog\/#organization\"}},{\"@type\":\"WebPage\",\"@id\":\"https:\/\/agenciainfra.com\/blog\/analise-consumidor-cativo-paga-pelas-ineficiencias-do-setor-eletrico\/\",\"url\":\"https:\/\/agenciainfra.com\/blog\/analise-consumidor-cativo-paga-pelas-ineficiencias-do-setor-eletrico\/\",\"name\":\"An\u00e1lise: Consumidor cativo paga pelas inefici\u00eancias do setor el\u00e9trico - Ag\u00eancia iNFRA\",\"isPartOf\":{\"@id\":\"https:\/\/agenciainfra.com\/blog\/#website\"},\"primaryImageOfPage\":{\"@id\":\"https:\/\/agenciainfra.com\/blog\/analise-consumidor-cativo-paga-pelas-ineficiencias-do-setor-eletrico\/#primaryimage\"},\"image\":{\"@id\":\"https:\/\/agenciainfra.com\/blog\/analise-consumidor-cativo-paga-pelas-ineficiencias-do-setor-eletrico\/#primaryimage\"},\"thumbnailUrl\":\"https:\/\/agenciainfra.com\/blog\/wp-content\/uploads\/2021\/02\/energia-eletrica-foto-dominio-publico.jpg\",\"datePublished\":\"2021-09-08T14:00:00+00:00\",\"dateModified\":\"2021-09-08T14:30:49+00:00\",\"breadcrumb\":{\"@id\":\"https:\/\/agenciainfra.com\/blog\/analise-consumidor-cativo-paga-pelas-ineficiencias-do-setor-eletrico\/#breadcrumb\"},\"inLanguage\":\"pt-BR\",\"potentialAction\":[{\"@type\":\"ReadAction\",\"target\":[\"https:\/\/agenciainfra.com\/blog\/analise-consumidor-cativo-paga-pelas-ineficiencias-do-setor-eletrico\/\"]}]},{\"@type\":\"ImageObject\",\"inLanguage\":\"pt-BR\",\"@id\":\"https:\/\/agenciainfra.com\/blog\/analise-consumidor-cativo-paga-pelas-ineficiencias-do-setor-eletrico\/#primaryimage\",\"url\":\"https:\/\/agenciainfra.com\/blog\/wp-content\/uploads\/2021\/02\/energia-eletrica-foto-dominio-publico.jpg\",\"contentUrl\":\"https:\/\/agenciainfra.com\/blog\/wp-content\/uploads\/2021\/02\/energia-eletrica-foto-dominio-publico.jpg\",\"width\":1280,\"height\":720,\"caption\":\"Foto: Dom\u00ednio P\u00fablico\"},{\"@type\":\"BreadcrumbList\",\"@id\":\"https:\/\/agenciainfra.com\/blog\/analise-consumidor-cativo-paga-pelas-ineficiencias-do-setor-eletrico\/#breadcrumb\",\"itemListElement\":[{\"@type\":\"ListItem\",\"position\":1,\"name\":\"In\u00edcio\",\"item\":\"https:\/\/agenciainfra.com\/blog\/\"},{\"@type\":\"ListItem\",\"position\":2,\"name\":\"An\u00e1lise: Consumidor cativo paga pelas inefici\u00eancias do setor el\u00e9trico\"}]},{\"@type\":\"WebSite\",\"@id\":\"https:\/\/agenciainfra.com\/blog\/#website\",\"url\":\"https:\/\/agenciainfra.com\/blog\/\",\"name\":\"Ag\u00eancia iNFRA\",\"description\":\"Multiplataforma de informa\u00e7\u00e3o jornal\u00edstica refer\u00eancia na \u00e1rea de infraestrutura no Brasil!\",\"publisher\":{\"@id\":\"https:\/\/agenciainfra.com\/blog\/#organization\"},\"potentialAction\":[{\"@type\":\"SearchAction\",\"target\":{\"@type\":\"EntryPoint\",\"urlTemplate\":\"https:\/\/agenciainfra.com\/blog\/?s={search_term_string}\"},\"query-input\":{\"@type\":\"PropertyValueSpecification\",\"valueRequired\":true,\"valueName\":\"search_term_string\"}}],\"inLanguage\":\"pt-BR\"},{\"@type\":\"Organization\",\"@id\":\"https:\/\/agenciainfra.com\/blog\/#organization\",\"name\":\"Ag\u00eancia iNFRA\",\"url\":\"https:\/\/agenciainfra.com\/blog\/\",\"logo\":{\"@type\":\"ImageObject\",\"inLanguage\":\"pt-BR\",\"@id\":\"https:\/\/agenciainfra.com\/blog\/#\/schema\/logo\/image\/\",\"url\":\"https:\/\/agenciainfra.com\/blog\/wp-content\/uploads\/2023\/09\/iNFRA_5-e1761735885940.png\",\"contentUrl\":\"https:\/\/agenciainfra.com\/blog\/wp-content\/uploads\/2023\/09\/iNFRA_5-e1761735885940.png\",\"width\":1672,\"height\":454,\"caption\":\"Ag\u00eancia iNFRA\"},\"image\":{\"@id\":\"https:\/\/agenciainfra.com\/blog\/#\/schema\/logo\/image\/\"},\"sameAs\":[\"https:\/\/www.facebook.com\/ageninfra\",\"https:\/\/x.com\/agencia_infra\",\"https:\/\/www.linkedin.com\/company\/ag\u00eanciainfra\/\",\"https:\/\/www.instagram.com\/agenciainfra\/\"]},{\"@type\":\"Person\",\"@id\":\"https:\/\/agenciainfra.com\/blog\/#\/schema\/person\/34af08dff6adea4cb22b06612ba7acfa\",\"name\":\"Ag\u00eancia iNFRA\",\"image\":{\"@type\":\"ImageObject\",\"inLanguage\":\"pt-BR\",\"@id\":\"https:\/\/agenciainfra.com\/blog\/#\/schema\/person\/image\/\",\"url\":\"https:\/\/secure.gravatar.com\/avatar\/d189e01678f06d8eb84d4e01f08eb848b3fffe3f8443818d3c356c66892f5be8?s=96&d=mm&r=g\",\"contentUrl\":\"https:\/\/secure.gravatar.com\/avatar\/d189e01678f06d8eb84d4e01f08eb848b3fffe3f8443818d3c356c66892f5be8?s=96&d=mm&r=g\",\"caption\":\"Ag\u00eancia iNFRA\"},\"url\":\"https:\/\/agenciainfra.com\/blog\/author\/admin\/\"}]}<\/script>\n<!-- \/ Yoast SEO Premium plugin. -->","yoast_head_json":{"title":"An\u00e1lise: Consumidor cativo paga pelas inefici\u00eancias do setor el\u00e9trico - Ag\u00eancia iNFRA","robots":{"index":"index","follow":"follow","max-snippet":"max-snippet:-1","max-image-preview":"max-image-preview:large","max-video-preview":"max-video-preview:-1"},"canonical":"https:\/\/agenciainfra.com\/blog\/analise-consumidor-cativo-paga-pelas-ineficiencias-do-setor-eletrico\/","og_locale":"pt_BR","og_type":"article","og_title":"An\u00e1lise: Consumidor cativo paga pelas inefici\u00eancias do setor el\u00e9trico","og_description":"Roberto Rockmann, colunista da&nbsp;Ag\u00eancia iNFRA Ano passado, quando as distribuidoras celebravam os acertos finais da Conta-Covid, criada para atenuar os impactos da pandemia sobre o fluxo de caixa do setor, empres\u00e1rios da \u00e1rea rodovi\u00e1ria reclamavam que a celeridade que o governo tinha para resolver problemas do setor el\u00e9trico n\u00e3o era a mesma dada \u00e0s rodovias. [&hellip;]","og_url":"https:\/\/agenciainfra.com\/blog\/analise-consumidor-cativo-paga-pelas-ineficiencias-do-setor-eletrico\/","og_site_name":"Ag\u00eancia iNFRA","article_publisher":"https:\/\/www.facebook.com\/ageninfra","article_published_time":"2021-09-08T14:00:00+00:00","article_modified_time":"2021-09-08T14:30:49+00:00","og_image":[{"width":1280,"height":720,"url":"https:\/\/agenciainfra.com\/blog\/wp-content\/uploads\/2021\/02\/energia-eletrica-foto-dominio-publico.jpg","type":"image\/jpeg"}],"author":"Ag\u00eancia iNFRA","twitter_card":"summary_large_image","twitter_creator":"@agencia_infra","twitter_site":"@agencia_infra","twitter_misc":{"Escrito por":"Ag\u00eancia iNFRA","Est. tempo de leitura":"2 minutos"},"schema":{"@context":"https:\/\/schema.org","@graph":[{"@type":"Article","@id":"https:\/\/agenciainfra.com\/blog\/analise-consumidor-cativo-paga-pelas-ineficiencias-do-setor-eletrico\/#article","isPartOf":{"@id":"https:\/\/agenciainfra.com\/blog\/analise-consumidor-cativo-paga-pelas-ineficiencias-do-setor-eletrico\/"},"author":{"name":"Ag\u00eancia iNFRA","@id":"https:\/\/agenciainfra.com\/blog\/#\/schema\/person\/34af08dff6adea4cb22b06612ba7acfa"},"headline":"An\u00e1lise: Consumidor cativo paga pelas inefici\u00eancias do setor el\u00e9trico","datePublished":"2021-09-08T14:00:00+00:00","dateModified":"2021-09-08T14:30:49+00:00","mainEntityOfPage":{"@id":"https:\/\/agenciainfra.com\/blog\/analise-consumidor-cativo-paga-pelas-ineficiencias-do-setor-eletrico\/"},"wordCount":483,"publisher":{"@id":"https:\/\/agenciainfra.com\/blog\/#organization"},"image":{"@id":"https:\/\/agenciainfra.com\/blog\/analise-consumidor-cativo-paga-pelas-ineficiencias-do-setor-eletrico\/#primaryimage"},"thumbnailUrl":"https:\/\/agenciainfra.com\/blog\/wp-content\/uploads\/2021\/02\/energia-eletrica-foto-dominio-publico.jpg","keywords":["consumo de energia","Conta-Covid","marco regulat\u00f3rio","mercado livre de energia","racionamento","Setor El\u00e9trico","tarifas de energia"],"articleSection":["Geral"],"inLanguage":"pt-BR","copyrightYear":"2021","copyrightHolder":{"@id":"https:\/\/agenciainfra.com\/blog\/#organization"}},{"@type":"WebPage","@id":"https:\/\/agenciainfra.com\/blog\/analise-consumidor-cativo-paga-pelas-ineficiencias-do-setor-eletrico\/","url":"https:\/\/agenciainfra.com\/blog\/analise-consumidor-cativo-paga-pelas-ineficiencias-do-setor-eletrico\/","name":"An\u00e1lise: Consumidor cativo paga pelas inefici\u00eancias do setor el\u00e9trico - Ag\u00eancia iNFRA","isPartOf":{"@id":"https:\/\/agenciainfra.com\/blog\/#website"},"primaryImageOfPage":{"@id":"https:\/\/agenciainfra.com\/blog\/analise-consumidor-cativo-paga-pelas-ineficiencias-do-setor-eletrico\/#primaryimage"},"image":{"@id":"https:\/\/agenciainfra.com\/blog\/analise-consumidor-cativo-paga-pelas-ineficiencias-do-setor-eletrico\/#primaryimage"},"thumbnailUrl":"https:\/\/agenciainfra.com\/blog\/wp-content\/uploads\/2021\/02\/energia-eletrica-foto-dominio-publico.jpg","datePublished":"2021-09-08T14:00:00+00:00","dateModified":"2021-09-08T14:30:49+00:00","breadcrumb":{"@id":"https:\/\/agenciainfra.com\/blog\/analise-consumidor-cativo-paga-pelas-ineficiencias-do-setor-eletrico\/#breadcrumb"},"inLanguage":"pt-BR","potentialAction":[{"@type":"ReadAction","target":["https:\/\/agenciainfra.com\/blog\/analise-consumidor-cativo-paga-pelas-ineficiencias-do-setor-eletrico\/"]}]},{"@type":"ImageObject","inLanguage":"pt-BR","@id":"https:\/\/agenciainfra.com\/blog\/analise-consumidor-cativo-paga-pelas-ineficiencias-do-setor-eletrico\/#primaryimage","url":"https:\/\/agenciainfra.com\/blog\/wp-content\/uploads\/2021\/02\/energia-eletrica-foto-dominio-publico.jpg","contentUrl":"https:\/\/agenciainfra.com\/blog\/wp-content\/uploads\/2021\/02\/energia-eletrica-foto-dominio-publico.jpg","width":1280,"height":720,"caption":"Foto: Dom\u00ednio P\u00fablico"},{"@type":"BreadcrumbList","@id":"https:\/\/agenciainfra.com\/blog\/analise-consumidor-cativo-paga-pelas-ineficiencias-do-setor-eletrico\/#breadcrumb","itemListElement":[{"@type":"ListItem","position":1,"name":"In\u00edcio","item":"https:\/\/agenciainfra.com\/blog\/"},{"@type":"ListItem","position":2,"name":"An\u00e1lise: Consumidor cativo paga pelas inefici\u00eancias do setor el\u00e9trico"}]},{"@type":"WebSite","@id":"https:\/\/agenciainfra.com\/blog\/#website","url":"https:\/\/agenciainfra.com\/blog\/","name":"Ag\u00eancia iNFRA","description":"Multiplataforma de informa\u00e7\u00e3o jornal\u00edstica refer\u00eancia na \u00e1rea de infraestrutura no Brasil!","publisher":{"@id":"https:\/\/agenciainfra.com\/blog\/#organization"},"potentialAction":[{"@type":"SearchAction","target":{"@type":"EntryPoint","urlTemplate":"https:\/\/agenciainfra.com\/blog\/?s={search_term_string}"},"query-input":{"@type":"PropertyValueSpecification","valueRequired":true,"valueName":"search_term_string"}}],"inLanguage":"pt-BR"},{"@type":"Organization","@id":"https:\/\/agenciainfra.com\/blog\/#organization","name":"Ag\u00eancia iNFRA","url":"https:\/\/agenciainfra.com\/blog\/","logo":{"@type":"ImageObject","inLanguage":"pt-BR","@id":"https:\/\/agenciainfra.com\/blog\/#\/schema\/logo\/image\/","url":"https:\/\/agenciainfra.com\/blog\/wp-content\/uploads\/2023\/09\/iNFRA_5-e1761735885940.png","contentUrl":"https:\/\/agenciainfra.com\/blog\/wp-content\/uploads\/2023\/09\/iNFRA_5-e1761735885940.png","width":1672,"height":454,"caption":"Ag\u00eancia iNFRA"},"image":{"@id":"https:\/\/agenciainfra.com\/blog\/#\/schema\/logo\/image\/"},"sameAs":["https:\/\/www.facebook.com\/ageninfra","https:\/\/x.com\/agencia_infra","https:\/\/www.linkedin.com\/company\/ag\u00eanciainfra\/","https:\/\/www.instagram.com\/agenciainfra\/"]},{"@type":"Person","@id":"https:\/\/agenciainfra.com\/blog\/#\/schema\/person\/34af08dff6adea4cb22b06612ba7acfa","name":"Ag\u00eancia iNFRA","image":{"@type":"ImageObject","inLanguage":"pt-BR","@id":"https:\/\/agenciainfra.com\/blog\/#\/schema\/person\/image\/","url":"https:\/\/secure.gravatar.com\/avatar\/d189e01678f06d8eb84d4e01f08eb848b3fffe3f8443818d3c356c66892f5be8?s=96&d=mm&r=g","contentUrl":"https:\/\/secure.gravatar.com\/avatar\/d189e01678f06d8eb84d4e01f08eb848b3fffe3f8443818d3c356c66892f5be8?s=96&d=mm&r=g","caption":"Ag\u00eancia iNFRA"},"url":"https:\/\/agenciainfra.com\/blog\/author\/admin\/"}]}},"_links":{"self":[{"href":"https:\/\/agenciainfra.com\/blog\/wp-json\/wp\/v2\/posts\/8225","targetHints":{"allow":["GET"]}}],"collection":[{"href":"https:\/\/agenciainfra.com\/blog\/wp-json\/wp\/v2\/posts"}],"about":[{"href":"https:\/\/agenciainfra.com\/blog\/wp-json\/wp\/v2\/types\/post"}],"author":[{"embeddable":true,"href":"https:\/\/agenciainfra.com\/blog\/wp-json\/wp\/v2\/users\/1"}],"replies":[{"embeddable":true,"href":"https:\/\/agenciainfra.com\/blog\/wp-json\/wp\/v2\/comments?post=8225"}],"version-history":[{"count":0,"href":"https:\/\/agenciainfra.com\/blog\/wp-json\/wp\/v2\/posts\/8225\/revisions"}],"wp:featuredmedia":[{"embeddable":true,"href":"https:\/\/agenciainfra.com\/blog\/wp-json\/wp\/v2\/media\/6718"}],"wp:attachment":[{"href":"https:\/\/agenciainfra.com\/blog\/wp-json\/wp\/v2\/media?parent=8225"}],"wp:term":[{"taxonomy":"category","embeddable":true,"href":"https:\/\/agenciainfra.com\/blog\/wp-json\/wp\/v2\/categories?post=8225"},{"taxonomy":"post_tag","embeddable":true,"href":"https:\/\/agenciainfra.com\/blog\/wp-json\/wp\/v2\/tags?post=8225"}],"curies":[{"name":"wp","href":"https:\/\/api.w.org\/{rel}","templated":true}]}}