{"id":8249,"date":"2021-09-09T11:00:00","date_gmt":"2021-09-09T14:00:00","guid":{"rendered":"https:\/\/www.agenciainfra.com\/blog\/?p=8249"},"modified":"2021-09-09T10:48:53","modified_gmt":"2021-09-09T13:48:53","slug":"dados-sao-uma-nova-frente-do-setor-de-infraestrutura","status":"publish","type":"post","link":"https:\/\/agenciainfra.com\/blog\/dados-sao-uma-nova-frente-do-setor-de-infraestrutura\/","title":{"rendered":"Dados s\u00e3o uma nova frente do setor de infraestrutura"},"content":{"rendered":"\n<p class=\"has-text-align-right\"><strong>Luiz Ugeda*<\/strong><\/p>\n\n\n\n<p>A j\u00e1 massificada mensagem de que os dados s\u00e3o o petr\u00f3leo do s\u00e9culo 21 traz consigo algumas caracter\u00edsticas menos \u00f3bvias em suas entrelinhas. Ela imp\u00f5e um realinhamento geopol\u00edtico dos pa\u00edses, que lan\u00e7am sat\u00e9lites e buscam controlar os movimentos da sociedade com a mesma avidez que faziam ao procurar o ouro negro no subsolo. Conceitos como <em>Big Data, smart grid, smart cities<\/em> demonstram uma busca geoecon\u00f4mica para ressignificar a sociedade, de forma algor\u00edtmica e digital, trazendo novos instrumentos para os fluxos monet\u00e1rios.<\/p>\n\n\n\n<p>Os dados sempre foram tratados como uma infraestrutura para o desenvolvimento de qualquer pol\u00edtica p\u00fablica. Se considerarmos o conceito de infraestrutura disseminado nos dicion\u00e1rios \u2013 base necess\u00e1ria e indispens\u00e1vel a uma edifica\u00e7\u00e3o ou mesmo a parte inferior, geralmente invis\u00edvel, de qualquer constru\u00e7\u00e3o ou estrutura \u2013, dados j\u00e1 eram infraestrutura na Babil\u00f4nia em 3.800 a.C., quando h\u00e1 o primeiro registro de uma contagem de pessoas, animais, quantidade de manteiga, mel, leite, l\u00e3 e legumes para efeito de tributa\u00e7\u00e3o e pol\u00edticas p\u00fablicas.<br><br>O que se desenvolveu de l\u00e1 para c\u00e1 foi usar o dado como infraestrutura de sustenta\u00e7\u00e3o do alicerce nacional, seja na China confuciana de 500 a.C., que gerava dados da popula\u00e7\u00e3o chinesa, mas tamb\u00e9m informa\u00e7\u00e3o agr\u00edcola, industrial e comercial; na Roma antiga, que cunhou a express\u00e3o \u201ccensus\u201d; no <em>Domesday Book <\/em>de 1085, que criou na Inglaterra o maior comp\u00eandio de todas as propriedades rurais da \u00e9poca; no <em>quipu <\/em>inca que, por meio de cordas, operava um sofisticado m\u00e9todo de c\u00e1lculo e de organiza\u00e7\u00e3o social com o objetivo de ordenar o territ\u00f3rio, ou mesmo nos mapas portugueses e castelhanos que buscavam as melhores rotas mar\u00edtimas no s\u00e9culo 15.<br><br>A reinven\u00e7\u00e3o desses dados enquanto infraestrutura encontra alguns marcos jur\u00eddicos recentes. O item 7.33 da Agenda 21 j\u00e1 enunciava que todos os pa\u00edses devem obter acesso \u00e0s t\u00e9cnicas modernas de manejo dos recursos terrestres, como sistemas de informa\u00e7\u00f5es geogr\u00e1ficas, imagens\/fotografias feitas por sat\u00e9lite e outras tecnologias de sensoriamento remoto. Por sua vez, o item 17.18 da Agenda 2030 ressalta a import\u00e2ncia de se aumentar significativamente a disponibilidade de dados de alta qualidade, atuais e fidedignos, desagregados ao n\u00edvel do rendimento, g\u00eanero, idade, ra\u00e7a, etnia, estatuto migrat\u00f3rio, defici\u00eancia, localiza\u00e7\u00e3o geogr\u00e1fica e outras caracter\u00edsticas relevantes em contextos nacionais.<br><br>E esta base pode ser desmembrada em pelo menos tr\u00eas frentes: (i) uma p\u00fablica e milenar fomentada no sistema estat\u00edstico, que forma dados p\u00fablicos para o desenvolvimento de diversas iniciativas governamentais e que no Brasil \u00e9 capitaneada pela Funda\u00e7\u00e3o IBGE (Instituto Brasileiro de Geografia e Estat\u00edstica); (ii) outra privada, baseada principalmente no fen\u00f4meno disruptivo da prolifera\u00e7\u00e3o de <em>smartphones<\/em> e que encontra na rec\u00e9m-criada ANPD (Autoridade Nacional de Prote\u00e7\u00e3o de Dados) o \u00f3rg\u00e3o federal respons\u00e1vel por fiscalizar e aplicar a LGPD (Lei Geral da Prote\u00e7\u00e3o de Dados); e, n\u00e3o menos importante (iii) a locacional, que faz com que um conjunto de mapas forme uma infraestrutura de dados espaciais, tratada por diversos pa\u00edses como uma <em>essential facility<\/em> e que deve ser regulada por uma ag\u00eancia reguladora. Este \u00faltimo item n\u00e3o est\u00e1 regulamentado no Brasil, em que pese haver base constitucional para tanto.<\/p>\n\n\n\n<p>A infraestrutura de dados \u00e9 um enorme mercado ainda por explorar e seu potencial econ\u00f4mico ainda n\u00e3o est\u00e1 devidamente mensurado. Apenas para mostrarmos algumas repercuss\u00f5es poss\u00edveis, os Pa\u00edses Baixos empregam em torno de 15 mil pessoas no setor de Infraestrutura de Dados Espaciais produzindo cerca de \u20ac$ 1,5 bilh\u00e3o por ano. Estudos da Goldman Sachs afirmam que s\u00f3 o mercado do mapeamento para carros aut\u00f4nomos deve gerar US$ 25 bilh\u00f5es em 2040.&nbsp;<\/p>\n\n\n\n<p>A iniciativa da <strong>Ag\u00eancia iNFRA<\/strong> em trazer essa vis\u00e3o para o conjunto da infraestrutura nacional \u00e9 de grande valia. Ela contribui para tornar vis\u00edveis dados que, por natureza, tendem \u00e0 invisibilidade. Afinal, essa \u00e9 uma infraestrutura que n\u00e3o usa concreto, a\u00e7o ou outras ligas met\u00e1licas. N\u00e3o \u00e9 feita por engenheiros eletricistas, civis, metal\u00fargicos, de produ\u00e7\u00e3o, mas, basicamente, por estat\u00edsticos, ge\u00f3grafos, engenheiros cart\u00f3grafos, economistas, top\u00f3grafos, agrimensores e, principalmente, por cada um de n\u00f3s, de uma maneira completamente nova.,<br><br>Assim, quinzenalmente, traremos o melhor do que temos produzido no portal Geocracia sobre a infraestrutura de dados, incluindo artigos de opini\u00e3o e entrevistas com profissionais que, seja no Brasil ou no exterior, est\u00e3o na linha de frente dessa nova e promissora atividade da gera\u00e7\u00e3o de dados. Vida longa \u00e0 InfraData!<\/p>\n\n\n\n<p class=\"has-small-font-size\"><strong>*Luiz Ugeda \u00e9 p\u00f3s-doutor em Direito (UFMG), doutor em Geografia (UnB) e fundador da Geocracia (www.geocracia.com).<\/strong><\/p>\n\n\n\n<p><strong>As opini\u00f5es dos autores n\u00e3o refletem necessariamente o pensamento da Ag\u00eancia iNFRA, sendo de total responsabilidade do autor as informa\u00e7\u00f5es, ju\u00edzos de valor e conceitos descritos no texto.<\/strong><\/p>\n","protected":false},"excerpt":{"rendered":"<p>Luiz Ugeda* A j\u00e1 massificada mensagem de que os dados s\u00e3o o petr\u00f3leo do s\u00e9culo 21 traz consigo algumas caracter\u00edsticas menos \u00f3bvias em suas entrelinhas. Ela imp\u00f5e um realinhamento geopol\u00edtico dos pa\u00edses, que lan\u00e7am sat\u00e9lites e buscam controlar os movimentos da sociedade com a mesma avidez que faziam ao procurar o ouro negro no subsolo. [&hellip;]<\/p>\n","protected":false},"author":1,"featured_media":8251,"comment_status":"closed","ping_status":"closed","sticky":false,"template":"","format":"standard","meta":{"_monsterinsights_skip_tracking":false,"_monsterinsights_sitenote_active":false,"_monsterinsights_sitenote_note":"","_monsterinsights_sitenote_category":0,"footnotes":""},"categories":[1],"tags":[4985,2545,4984,731,1054,34,4986,2553,2552],"class_list":["post-8249","post","type-post","status-publish","format-standard","has-post-thumbnail","hentry","category-geral","tag-anpd","tag-dados","tag-dados-publicos","tag-economia","tag-ibge","tag-infraestrutura","tag-infraestrutura-de-dados","tag-lgpd","tag-protecao-de-dados"],"yoast_head":"<!-- This site is optimized with the Yoast SEO Premium plugin v25.4 (Yoast SEO v26.0) - https:\/\/yoast.com\/wordpress\/plugins\/seo\/ -->\n<title>Dados s\u00e3o uma nova frente do setor de infraestrutura - Ag\u00eancia iNFRA<\/title>\n<meta name=\"robots\" content=\"index, follow, max-snippet:-1, max-image-preview:large, max-video-preview:-1\" \/>\n<link rel=\"canonical\" href=\"https:\/\/agenciainfra.com\/blog\/dados-sao-uma-nova-frente-do-setor-de-infraestrutura\/\" \/>\n<meta property=\"og:locale\" content=\"pt_BR\" \/>\n<meta property=\"og:type\" content=\"article\" \/>\n<meta property=\"og:title\" content=\"Dados s\u00e3o uma nova frente do setor de infraestrutura\" \/>\n<meta property=\"og:description\" content=\"Luiz Ugeda* A j\u00e1 massificada mensagem de que os dados s\u00e3o o petr\u00f3leo do s\u00e9culo 21 traz consigo algumas caracter\u00edsticas menos \u00f3bvias em suas entrelinhas. Ela imp\u00f5e um realinhamento geopol\u00edtico dos pa\u00edses, que lan\u00e7am sat\u00e9lites e buscam controlar os movimentos da sociedade com a mesma avidez que faziam ao procurar o ouro negro no subsolo. [&hellip;]\" \/>\n<meta property=\"og:url\" content=\"https:\/\/agenciainfra.com\/blog\/dados-sao-uma-nova-frente-do-setor-de-infraestrutura\/\" \/>\n<meta property=\"og:site_name\" content=\"Ag\u00eancia iNFRA\" \/>\n<meta property=\"article:publisher\" content=\"https:\/\/www.facebook.com\/ageninfra\" \/>\n<meta property=\"article:published_time\" content=\"2021-09-09T14:00:00+00:00\" \/>\n<meta property=\"og:image\" content=\"https:\/\/agenciainfra.com\/blog\/wp-content\/uploads\/2021\/09\/luiz-ugeda-foto-arquivo-pessoal.png\" \/>\n\t<meta property=\"og:image:width\" content=\"1280\" \/>\n\t<meta property=\"og:image:height\" content=\"833\" \/>\n\t<meta property=\"og:image:type\" content=\"image\/png\" \/>\n<meta name=\"author\" content=\"Ag\u00eancia iNFRA\" \/>\n<meta name=\"twitter:card\" content=\"summary_large_image\" \/>\n<meta name=\"twitter:creator\" content=\"@agencia_infra\" \/>\n<meta name=\"twitter:site\" content=\"@agencia_infra\" \/>\n<meta name=\"twitter:label1\" content=\"Escrito por\" \/>\n\t<meta name=\"twitter:data1\" content=\"Ag\u00eancia iNFRA\" \/>\n\t<meta name=\"twitter:label2\" content=\"Est. tempo de leitura\" \/>\n\t<meta name=\"twitter:data2\" content=\"4 minutos\" \/>\n<script type=\"application\/ld+json\" class=\"yoast-schema-graph\">{\"@context\":\"https:\/\/schema.org\",\"@graph\":[{\"@type\":\"Article\",\"@id\":\"https:\/\/agenciainfra.com\/blog\/dados-sao-uma-nova-frente-do-setor-de-infraestrutura\/#article\",\"isPartOf\":{\"@id\":\"https:\/\/agenciainfra.com\/blog\/dados-sao-uma-nova-frente-do-setor-de-infraestrutura\/\"},\"author\":{\"name\":\"Ag\u00eancia iNFRA\",\"@id\":\"https:\/\/agenciainfra.com\/blog\/#\/schema\/person\/34af08dff6adea4cb22b06612ba7acfa\"},\"headline\":\"Dados s\u00e3o uma nova frente do setor de infraestrutura\",\"datePublished\":\"2021-09-09T14:00:00+00:00\",\"mainEntityOfPage\":{\"@id\":\"https:\/\/agenciainfra.com\/blog\/dados-sao-uma-nova-frente-do-setor-de-infraestrutura\/\"},\"wordCount\":842,\"publisher\":{\"@id\":\"https:\/\/agenciainfra.com\/blog\/#organization\"},\"image\":{\"@id\":\"https:\/\/agenciainfra.com\/blog\/dados-sao-uma-nova-frente-do-setor-de-infraestrutura\/#primaryimage\"},\"thumbnailUrl\":\"https:\/\/agenciainfra.com\/blog\/wp-content\/uploads\/2021\/09\/luiz-ugeda-foto-arquivo-pessoal.png\",\"keywords\":[\"ANPD\",\"dados\",\"dados p\u00fablicos\",\"economia\",\"IBGE\",\"Infraestrutura\",\"infraestrutura de dados\",\"LGPD\",\"prote\u00e7\u00e3o de dados\"],\"articleSection\":[\"Geral\"],\"inLanguage\":\"pt-BR\",\"copyrightYear\":\"2021\",\"copyrightHolder\":{\"@id\":\"https:\/\/agenciainfra.com\/blog\/#organization\"}},{\"@type\":\"WebPage\",\"@id\":\"https:\/\/agenciainfra.com\/blog\/dados-sao-uma-nova-frente-do-setor-de-infraestrutura\/\",\"url\":\"https:\/\/agenciainfra.com\/blog\/dados-sao-uma-nova-frente-do-setor-de-infraestrutura\/\",\"name\":\"Dados s\u00e3o uma nova frente do setor de infraestrutura - Ag\u00eancia iNFRA\",\"isPartOf\":{\"@id\":\"https:\/\/agenciainfra.com\/blog\/#website\"},\"primaryImageOfPage\":{\"@id\":\"https:\/\/agenciainfra.com\/blog\/dados-sao-uma-nova-frente-do-setor-de-infraestrutura\/#primaryimage\"},\"image\":{\"@id\":\"https:\/\/agenciainfra.com\/blog\/dados-sao-uma-nova-frente-do-setor-de-infraestrutura\/#primaryimage\"},\"thumbnailUrl\":\"https:\/\/agenciainfra.com\/blog\/wp-content\/uploads\/2021\/09\/luiz-ugeda-foto-arquivo-pessoal.png\",\"datePublished\":\"2021-09-09T14:00:00+00:00\",\"breadcrumb\":{\"@id\":\"https:\/\/agenciainfra.com\/blog\/dados-sao-uma-nova-frente-do-setor-de-infraestrutura\/#breadcrumb\"},\"inLanguage\":\"pt-BR\",\"potentialAction\":[{\"@type\":\"ReadAction\",\"target\":[\"https:\/\/agenciainfra.com\/blog\/dados-sao-uma-nova-frente-do-setor-de-infraestrutura\/\"]}]},{\"@type\":\"ImageObject\",\"inLanguage\":\"pt-BR\",\"@id\":\"https:\/\/agenciainfra.com\/blog\/dados-sao-uma-nova-frente-do-setor-de-infraestrutura\/#primaryimage\",\"url\":\"https:\/\/agenciainfra.com\/blog\/wp-content\/uploads\/2021\/09\/luiz-ugeda-foto-arquivo-pessoal.png\",\"contentUrl\":\"https:\/\/agenciainfra.com\/blog\/wp-content\/uploads\/2021\/09\/luiz-ugeda-foto-arquivo-pessoal.png\",\"width\":1280,\"height\":833},{\"@type\":\"BreadcrumbList\",\"@id\":\"https:\/\/agenciainfra.com\/blog\/dados-sao-uma-nova-frente-do-setor-de-infraestrutura\/#breadcrumb\",\"itemListElement\":[{\"@type\":\"ListItem\",\"position\":1,\"name\":\"In\u00edcio\",\"item\":\"https:\/\/agenciainfra.com\/blog\/\"},{\"@type\":\"ListItem\",\"position\":2,\"name\":\"Dados s\u00e3o uma nova frente do setor de infraestrutura\"}]},{\"@type\":\"WebSite\",\"@id\":\"https:\/\/agenciainfra.com\/blog\/#website\",\"url\":\"https:\/\/agenciainfra.com\/blog\/\",\"name\":\"Ag\u00eancia iNFRA\",\"description\":\"Multiplataforma de informa\u00e7\u00e3o jornal\u00edstica refer\u00eancia na \u00e1rea de infraestrutura no Brasil!\",\"publisher\":{\"@id\":\"https:\/\/agenciainfra.com\/blog\/#organization\"},\"potentialAction\":[{\"@type\":\"SearchAction\",\"target\":{\"@type\":\"EntryPoint\",\"urlTemplate\":\"https:\/\/agenciainfra.com\/blog\/?s={search_term_string}\"},\"query-input\":{\"@type\":\"PropertyValueSpecification\",\"valueRequired\":true,\"valueName\":\"search_term_string\"}}],\"inLanguage\":\"pt-BR\"},{\"@type\":\"Organization\",\"@id\":\"https:\/\/agenciainfra.com\/blog\/#organization\",\"name\":\"Ag\u00eancia iNFRA\",\"url\":\"https:\/\/agenciainfra.com\/blog\/\",\"logo\":{\"@type\":\"ImageObject\",\"inLanguage\":\"pt-BR\",\"@id\":\"https:\/\/agenciainfra.com\/blog\/#\/schema\/logo\/image\/\",\"url\":\"https:\/\/agenciainfra.com\/blog\/wp-content\/uploads\/2023\/09\/iNFRA_5-e1761735885940.png\",\"contentUrl\":\"https:\/\/agenciainfra.com\/blog\/wp-content\/uploads\/2023\/09\/iNFRA_5-e1761735885940.png\",\"width\":1672,\"height\":454,\"caption\":\"Ag\u00eancia iNFRA\"},\"image\":{\"@id\":\"https:\/\/agenciainfra.com\/blog\/#\/schema\/logo\/image\/\"},\"sameAs\":[\"https:\/\/www.facebook.com\/ageninfra\",\"https:\/\/x.com\/agencia_infra\",\"https:\/\/www.linkedin.com\/company\/ag\u00eanciainfra\/\",\"https:\/\/www.instagram.com\/agenciainfra\/\"]},{\"@type\":\"Person\",\"@id\":\"https:\/\/agenciainfra.com\/blog\/#\/schema\/person\/34af08dff6adea4cb22b06612ba7acfa\",\"name\":\"Ag\u00eancia iNFRA\",\"image\":{\"@type\":\"ImageObject\",\"inLanguage\":\"pt-BR\",\"@id\":\"https:\/\/agenciainfra.com\/blog\/#\/schema\/person\/image\/\",\"url\":\"https:\/\/secure.gravatar.com\/avatar\/d189e01678f06d8eb84d4e01f08eb848b3fffe3f8443818d3c356c66892f5be8?s=96&d=mm&r=g\",\"contentUrl\":\"https:\/\/secure.gravatar.com\/avatar\/d189e01678f06d8eb84d4e01f08eb848b3fffe3f8443818d3c356c66892f5be8?s=96&d=mm&r=g\",\"caption\":\"Ag\u00eancia iNFRA\"},\"url\":\"https:\/\/agenciainfra.com\/blog\/author\/admin\/\"}]}<\/script>\n<!-- \/ Yoast SEO Premium plugin. -->","yoast_head_json":{"title":"Dados s\u00e3o uma nova frente do setor de infraestrutura - Ag\u00eancia iNFRA","robots":{"index":"index","follow":"follow","max-snippet":"max-snippet:-1","max-image-preview":"max-image-preview:large","max-video-preview":"max-video-preview:-1"},"canonical":"https:\/\/agenciainfra.com\/blog\/dados-sao-uma-nova-frente-do-setor-de-infraestrutura\/","og_locale":"pt_BR","og_type":"article","og_title":"Dados s\u00e3o uma nova frente do setor de infraestrutura","og_description":"Luiz Ugeda* A j\u00e1 massificada mensagem de que os dados s\u00e3o o petr\u00f3leo do s\u00e9culo 21 traz consigo algumas caracter\u00edsticas menos \u00f3bvias em suas entrelinhas. Ela imp\u00f5e um realinhamento geopol\u00edtico dos pa\u00edses, que lan\u00e7am sat\u00e9lites e buscam controlar os movimentos da sociedade com a mesma avidez que faziam ao procurar o ouro negro no subsolo. [&hellip;]","og_url":"https:\/\/agenciainfra.com\/blog\/dados-sao-uma-nova-frente-do-setor-de-infraestrutura\/","og_site_name":"Ag\u00eancia iNFRA","article_publisher":"https:\/\/www.facebook.com\/ageninfra","article_published_time":"2021-09-09T14:00:00+00:00","og_image":[{"width":1280,"height":833,"url":"https:\/\/agenciainfra.com\/blog\/wp-content\/uploads\/2021\/09\/luiz-ugeda-foto-arquivo-pessoal.png","type":"image\/png"}],"author":"Ag\u00eancia iNFRA","twitter_card":"summary_large_image","twitter_creator":"@agencia_infra","twitter_site":"@agencia_infra","twitter_misc":{"Escrito por":"Ag\u00eancia iNFRA","Est. tempo de leitura":"4 minutos"},"schema":{"@context":"https:\/\/schema.org","@graph":[{"@type":"Article","@id":"https:\/\/agenciainfra.com\/blog\/dados-sao-uma-nova-frente-do-setor-de-infraestrutura\/#article","isPartOf":{"@id":"https:\/\/agenciainfra.com\/blog\/dados-sao-uma-nova-frente-do-setor-de-infraestrutura\/"},"author":{"name":"Ag\u00eancia iNFRA","@id":"https:\/\/agenciainfra.com\/blog\/#\/schema\/person\/34af08dff6adea4cb22b06612ba7acfa"},"headline":"Dados s\u00e3o uma nova frente do setor de infraestrutura","datePublished":"2021-09-09T14:00:00+00:00","mainEntityOfPage":{"@id":"https:\/\/agenciainfra.com\/blog\/dados-sao-uma-nova-frente-do-setor-de-infraestrutura\/"},"wordCount":842,"publisher":{"@id":"https:\/\/agenciainfra.com\/blog\/#organization"},"image":{"@id":"https:\/\/agenciainfra.com\/blog\/dados-sao-uma-nova-frente-do-setor-de-infraestrutura\/#primaryimage"},"thumbnailUrl":"https:\/\/agenciainfra.com\/blog\/wp-content\/uploads\/2021\/09\/luiz-ugeda-foto-arquivo-pessoal.png","keywords":["ANPD","dados","dados p\u00fablicos","economia","IBGE","Infraestrutura","infraestrutura de dados","LGPD","prote\u00e7\u00e3o de dados"],"articleSection":["Geral"],"inLanguage":"pt-BR","copyrightYear":"2021","copyrightHolder":{"@id":"https:\/\/agenciainfra.com\/blog\/#organization"}},{"@type":"WebPage","@id":"https:\/\/agenciainfra.com\/blog\/dados-sao-uma-nova-frente-do-setor-de-infraestrutura\/","url":"https:\/\/agenciainfra.com\/blog\/dados-sao-uma-nova-frente-do-setor-de-infraestrutura\/","name":"Dados s\u00e3o uma nova frente do setor de infraestrutura - Ag\u00eancia iNFRA","isPartOf":{"@id":"https:\/\/agenciainfra.com\/blog\/#website"},"primaryImageOfPage":{"@id":"https:\/\/agenciainfra.com\/blog\/dados-sao-uma-nova-frente-do-setor-de-infraestrutura\/#primaryimage"},"image":{"@id":"https:\/\/agenciainfra.com\/blog\/dados-sao-uma-nova-frente-do-setor-de-infraestrutura\/#primaryimage"},"thumbnailUrl":"https:\/\/agenciainfra.com\/blog\/wp-content\/uploads\/2021\/09\/luiz-ugeda-foto-arquivo-pessoal.png","datePublished":"2021-09-09T14:00:00+00:00","breadcrumb":{"@id":"https:\/\/agenciainfra.com\/blog\/dados-sao-uma-nova-frente-do-setor-de-infraestrutura\/#breadcrumb"},"inLanguage":"pt-BR","potentialAction":[{"@type":"ReadAction","target":["https:\/\/agenciainfra.com\/blog\/dados-sao-uma-nova-frente-do-setor-de-infraestrutura\/"]}]},{"@type":"ImageObject","inLanguage":"pt-BR","@id":"https:\/\/agenciainfra.com\/blog\/dados-sao-uma-nova-frente-do-setor-de-infraestrutura\/#primaryimage","url":"https:\/\/agenciainfra.com\/blog\/wp-content\/uploads\/2021\/09\/luiz-ugeda-foto-arquivo-pessoal.png","contentUrl":"https:\/\/agenciainfra.com\/blog\/wp-content\/uploads\/2021\/09\/luiz-ugeda-foto-arquivo-pessoal.png","width":1280,"height":833},{"@type":"BreadcrumbList","@id":"https:\/\/agenciainfra.com\/blog\/dados-sao-uma-nova-frente-do-setor-de-infraestrutura\/#breadcrumb","itemListElement":[{"@type":"ListItem","position":1,"name":"In\u00edcio","item":"https:\/\/agenciainfra.com\/blog\/"},{"@type":"ListItem","position":2,"name":"Dados s\u00e3o uma nova frente do setor de infraestrutura"}]},{"@type":"WebSite","@id":"https:\/\/agenciainfra.com\/blog\/#website","url":"https:\/\/agenciainfra.com\/blog\/","name":"Ag\u00eancia iNFRA","description":"Multiplataforma de informa\u00e7\u00e3o jornal\u00edstica refer\u00eancia na \u00e1rea de infraestrutura no Brasil!","publisher":{"@id":"https:\/\/agenciainfra.com\/blog\/#organization"},"potentialAction":[{"@type":"SearchAction","target":{"@type":"EntryPoint","urlTemplate":"https:\/\/agenciainfra.com\/blog\/?s={search_term_string}"},"query-input":{"@type":"PropertyValueSpecification","valueRequired":true,"valueName":"search_term_string"}}],"inLanguage":"pt-BR"},{"@type":"Organization","@id":"https:\/\/agenciainfra.com\/blog\/#organization","name":"Ag\u00eancia iNFRA","url":"https:\/\/agenciainfra.com\/blog\/","logo":{"@type":"ImageObject","inLanguage":"pt-BR","@id":"https:\/\/agenciainfra.com\/blog\/#\/schema\/logo\/image\/","url":"https:\/\/agenciainfra.com\/blog\/wp-content\/uploads\/2023\/09\/iNFRA_5-e1761735885940.png","contentUrl":"https:\/\/agenciainfra.com\/blog\/wp-content\/uploads\/2023\/09\/iNFRA_5-e1761735885940.png","width":1672,"height":454,"caption":"Ag\u00eancia iNFRA"},"image":{"@id":"https:\/\/agenciainfra.com\/blog\/#\/schema\/logo\/image\/"},"sameAs":["https:\/\/www.facebook.com\/ageninfra","https:\/\/x.com\/agencia_infra","https:\/\/www.linkedin.com\/company\/ag\u00eanciainfra\/","https:\/\/www.instagram.com\/agenciainfra\/"]},{"@type":"Person","@id":"https:\/\/agenciainfra.com\/blog\/#\/schema\/person\/34af08dff6adea4cb22b06612ba7acfa","name":"Ag\u00eancia iNFRA","image":{"@type":"ImageObject","inLanguage":"pt-BR","@id":"https:\/\/agenciainfra.com\/blog\/#\/schema\/person\/image\/","url":"https:\/\/secure.gravatar.com\/avatar\/d189e01678f06d8eb84d4e01f08eb848b3fffe3f8443818d3c356c66892f5be8?s=96&d=mm&r=g","contentUrl":"https:\/\/secure.gravatar.com\/avatar\/d189e01678f06d8eb84d4e01f08eb848b3fffe3f8443818d3c356c66892f5be8?s=96&d=mm&r=g","caption":"Ag\u00eancia iNFRA"},"url":"https:\/\/agenciainfra.com\/blog\/author\/admin\/"}]}},"_links":{"self":[{"href":"https:\/\/agenciainfra.com\/blog\/wp-json\/wp\/v2\/posts\/8249","targetHints":{"allow":["GET"]}}],"collection":[{"href":"https:\/\/agenciainfra.com\/blog\/wp-json\/wp\/v2\/posts"}],"about":[{"href":"https:\/\/agenciainfra.com\/blog\/wp-json\/wp\/v2\/types\/post"}],"author":[{"embeddable":true,"href":"https:\/\/agenciainfra.com\/blog\/wp-json\/wp\/v2\/users\/1"}],"replies":[{"embeddable":true,"href":"https:\/\/agenciainfra.com\/blog\/wp-json\/wp\/v2\/comments?post=8249"}],"version-history":[{"count":0,"href":"https:\/\/agenciainfra.com\/blog\/wp-json\/wp\/v2\/posts\/8249\/revisions"}],"wp:featuredmedia":[{"embeddable":true,"href":"https:\/\/agenciainfra.com\/blog\/wp-json\/wp\/v2\/media\/8251"}],"wp:attachment":[{"href":"https:\/\/agenciainfra.com\/blog\/wp-json\/wp\/v2\/media?parent=8249"}],"wp:term":[{"taxonomy":"category","embeddable":true,"href":"https:\/\/agenciainfra.com\/blog\/wp-json\/wp\/v2\/categories?post=8249"},{"taxonomy":"post_tag","embeddable":true,"href":"https:\/\/agenciainfra.com\/blog\/wp-json\/wp\/v2\/tags?post=8249"}],"curies":[{"name":"wp","href":"https:\/\/api.w.org\/{rel}","templated":true}]}}