{"id":8262,"date":"2021-09-14T08:00:00","date_gmt":"2021-09-14T11:00:00","guid":{"rendered":"https:\/\/www.agenciainfra.com\/blog\/?p=8262"},"modified":"2021-09-10T12:06:07","modified_gmt":"2021-09-10T15:06:07","slug":"antt-da-aval-para-inicio-de-mais-um-processo-de-relicitacao-do-rodovias","status":"publish","type":"post","link":"https:\/\/agenciainfra.com\/blog\/antt-da-aval-para-inicio-de-mais-um-processo-de-relicitacao-do-rodovias\/","title":{"rendered":"ANTT d\u00e1 aval para in\u00edcio de mais um processo de relicita\u00e7\u00e3o de rodovias"},"content":{"rendered":"\n<p class=\"has-text-align-right\"><strong>Gabriel Tabatcheik, para a&nbsp;Ag\u00eancia iNFRA<\/strong><\/p>\n\n\n\n<p>A diretoria da ANTT (Ag\u00eancia Nacional de Transportes Terrestres) verificou e admitiu o cumprimento dos requisitos relativos \u00e0 viabilidade t\u00e9cnica e jur\u00eddica ao requerimento de relicita\u00e7\u00e3o formulado pela Concession\u00e1ria Autopista Fluminense, do Grupo Arteris.<\/p>\n\n\n\n<p>A empresa administra 320 km da BR-101 entre Niter\u00f3i (RJ) e a divisa com o estado do Esp\u00edrito Santo, rodovia concedida na chamada 2\u00aa etapa de concess\u00f5es, em 2007. A decis\u00e3o se deu durante a reuni\u00e3o deliberativa do colegiado, na \u00faltima quinta-feira (9). A delibera\u00e7\u00e3o foi publicada na sexta-feira (10) no Di\u00e1rio Oficial da Uni\u00e3o (<a rel=\"noreferrer noopener\" href=\"https:\/\/agenciainfra.us14.list-manage.com\/track\/click?u=d460dd1bcf9ba0ae040e1fc0f&amp;id=2b333b4faf&amp;e=c099169394\" target=\"_blank\">neste link<\/a>).<\/p>\n\n\n\n<p>De acordo com o diretor relator, F\u00e1bio Rog\u00e9rio, \u00e9 a primeira vez que a ag\u00eancia se depara com um pedido de relicita\u00e7\u00e3o baseado no argumento de incapacidade de adimplir o contrato por problemas financeiros. A empresa alegou que houve queda brusca no tr\u00e1fego da rodovia causada por quest\u00f5es macroecon\u00f4micas, agravadas por aspectos socioecon\u00f4micos do estado do Rio de Janeiro.<\/p>\n\n\n\n<p>Declarou ainda que a receita tarif\u00e1ria n\u00e3o \u00e9 mais suficiente para fazer frente \u00e0s despesas da concess\u00e3o, especialmente a execu\u00e7\u00e3o de obras e presta\u00e7\u00e3o de servi\u00e7os. A gera\u00e7\u00e3o de caixa da concess\u00e3o, em 2019, foi de R$ 86,4 milh\u00f5es. Com esse desempenho, segundo a firma, \u00e9 imposs\u00edvel investir R$ 2,4 bilh\u00f5es at\u00e9 2032, sendo que, pelo contrato, R$ 1,7 bilh\u00e3o seria para os pr\u00f3ximos cinco anos.<\/p>\n\n\n\n<p>&#8220;Demonstra-se que a concession\u00e1ria tem saldos inferiores aos montantes necess\u00e1rios para a viabiliza\u00e7\u00e3o de investimentos combinados, o que encaminha para uma inexecu\u00e7\u00e3o contratual. Configurada a situa\u00e7\u00e3o de insustentabilidade financeira desse contrato, n\u00e3o parece razo\u00e1vel aguardar a deteriora\u00e7\u00e3o da qualidade dos servi\u00e7os prestados para enquadrar a concession\u00e1ria em relicita\u00e7\u00e3o&#8221;, ponderou o relator.<\/p>\n\n\n\n<p>F\u00e1bio Rog\u00e9rio destacou ainda a necessidade do \u201cadequado emprego desse mecanismo legal\u201d, uma vez que a relicita\u00e7\u00e3o deve ser compreendida \u00e0 luz de suas consequ\u00eancias pr\u00e1ticas, a fim de evitar &#8220;uma trivializa\u00e7\u00e3o desse instituto&#8221;.<\/p>\n\n\n\n<p><strong>Relicita\u00e7\u00e3o<\/strong><br>O processo de relicita\u00e7\u00e3o segue o exposto na Lei&nbsp;<a href=\"https:\/\/agenciainfra.us14.list-manage.com\/track\/click?u=d460dd1bcf9ba0ae040e1fc0f&amp;id=b2294251ce&amp;e=c099169394\" target=\"_blank\" rel=\"noreferrer noopener\">13.448\/2017<\/a>&nbsp;e no Decreto&nbsp;<a href=\"https:\/\/agenciainfra.us14.list-manage.com\/track\/click?u=d460dd1bcf9ba0ae040e1fc0f&amp;id=eddcd7d0f5&amp;e=c099169394\" target=\"_blank\" rel=\"noreferrer noopener\">9.957\/2019<\/a>, al\u00e9m de normas acess\u00f3rias, e possui seis etapas. A primeira \u00e9 a verifica\u00e7\u00e3o, por parte da ag\u00eancia, das condi\u00e7\u00f5es de admissibilidade. Em seguida, vai ao Minfra (Minist\u00e9rio da Infraestrutura), que analisa aspectos da pol\u00edtica setorial de transportes e a repercuss\u00e3o que a devolu\u00e7\u00e3o do ativo traz.<\/p>\n\n\n\n<p>Se aprovado no Minfra, \u00e9 submetido ao CPPI (Conselho do Programa de Parcerias de Investimentos), passando pelo processo de qualifica\u00e7\u00e3o. Ap\u00f3s isso, \u00e9 necess\u00e1rio um decreto do presidente da Rep\u00fablica, situa\u00e7\u00e3o em que se passa para a negocia\u00e7\u00e3o de um termo aditivo. At\u00e9 chegar, enfim, \u00e0 celebra\u00e7\u00e3o do termo aditivo, que \u00e9 a materializa\u00e7\u00e3o em si do processo de relicita\u00e7\u00e3o.<\/p>\n\n\n\n<p>Os processos que foram admitidos pela ANTT, da BR-040\/DF-GO-MG,&nbsp;da BR-163\/MS e da BR-060-153-262\/DF-GO-MG, j\u00e1 foram qualificados pelo PPI. No caso dos dois primeiros j\u00e1 houve o decreto que d\u00e1 a permiss\u00e3o para a assinatura do termo aditivo, no qual se come\u00e7a a contar o prazo para que seja feita a relicita\u00e7\u00e3o. O governo conta em relicitar essas rodovias em 2022.<\/p>\n\n\n\n<p><strong>Processo em aeroporto<\/strong><br>No entanto, uma decis\u00e3o recente do ministro Aroldo Cedraz, do TCU (Tribunal de Contas da Uni\u00e3o), no processo de relicita\u00e7\u00e3o de um aeroporto, o de S\u00e3o Gon\u00e7alo do Amarante (RN), pode ter impacto nos processos rodovi\u00e1rios.<\/p>\n\n\n\n<p>A pedido da secretaria de infraestrutura do tribunal, o ministro suspendeu a tramita\u00e7\u00e3o do processo alegando que \u00e9 necess\u00e1rio que seja encerrado o que ficou conhecido como procedimento de encontro de contas, o que apura quanto a concession\u00e1ria tem a receber pelos chamados investimentos n\u00e3o amortizados e o governo tem a receber por descumprimentos e penaliza\u00e7\u00f5es.<\/p>\n\n\n\n<p>A ANAC (Ag\u00eancia Nacional de Avia\u00e7\u00e3o Civil) encaminhou o processo ao \u00f3rg\u00e3o de controle indicando uma separa\u00e7\u00e3o entre itens que ela chama de incontroversos, que t\u00eam o aceite das duas partes e seriam pagos pelo futuro concession\u00e1rio que ganhar a licita\u00e7\u00e3o; e controversos, que fariam parte de uma arbitragem para pagamento&nbsp;futuro.<\/p>\n\n\n\n<p>Mas o ministro atendeu ao pedido dos t\u00e9cnicos, que indicaram que o encontro de contas deve estar finalizado para se dar prosseguimento ao processo de relicita\u00e7\u00e3o, entendendo que \u00e9 o que prev\u00ea a legisla\u00e7\u00e3o. Reportagem da&nbsp;<strong>Ag\u00eancia iNFRA<\/strong>&nbsp;sobre a decis\u00e3o est\u00e1&nbsp;<a href=\"https:\/\/agenciainfra.us14.list-manage.com\/track\/click?u=d460dd1bcf9ba0ae040e1fc0f&amp;id=5284144a00&amp;e=c099169394\" target=\"_blank\" rel=\"noreferrer noopener\">neste link<\/a>.<\/p>\n\n\n\n<p><strong>Corre\u00e7\u00e3o<\/strong><br>Na \u00faltima quarta-feira (8), a&nbsp;<strong>Ag\u00eancia iNFRA<\/strong>&nbsp;informou erroneamente que o relator do processo era o diretor Davi Barreto. Na verdade, o caso \u00e9 relatado pelo diretor F\u00e1bio Rog\u00e9rio.<\/p>\n","protected":false},"excerpt":{"rendered":"<p>Gabriel Tabatcheik, para a&nbsp;Ag\u00eancia iNFRA A diretoria da ANTT (Ag\u00eancia Nacional de Transportes Terrestres) verificou e admitiu o cumprimento dos requisitos relativos \u00e0 viabilidade t\u00e9cnica e jur\u00eddica ao requerimento de relicita\u00e7\u00e3o formulado pela Concession\u00e1ria Autopista Fluminense, do Grupo Arteris. A empresa administra 320 km da BR-101 entre Niter\u00f3i (RJ) e a divisa com o estado [&hellip;]<\/p>\n","protected":false},"author":1,"featured_media":8275,"comment_status":"closed","ping_status":"closed","sticky":false,"template":"","format":"standard","meta":{"_monsterinsights_skip_tracking":false,"_monsterinsights_sitenote_active":false,"_monsterinsights_sitenote_note":"","_monsterinsights_sitenote_category":0,"footnotes":""},"categories":[1,2052],"tags":[242,19,435,176,525,3882,36,1027,126,362],"class_list":["post-8262","post","type-post","status-publish","format-standard","has-post-thumbnail","hentry","category-geral","category-infra-transicao","tag-anac","tag-antt","tag-br-101","tag-concessoes-rodoviarias","tag-lei-13-448-2017","tag-minfra","tag-ppi","tag-relicitacao","tag-rodovias","tag-transporte-aereo"],"yoast_head":"<!-- This site is optimized with the Yoast SEO Premium plugin v25.4 (Yoast SEO v26.0) - https:\/\/yoast.com\/wordpress\/plugins\/seo\/ -->\n<title>ANTT d\u00e1 aval para in\u00edcio de mais um processo de relicita\u00e7\u00e3o de rodovias - Ag\u00eancia iNFRA<\/title>\n<meta name=\"robots\" content=\"index, follow, max-snippet:-1, max-image-preview:large, max-video-preview:-1\" \/>\n<link rel=\"canonical\" href=\"https:\/\/agenciainfra.com\/blog\/antt-da-aval-para-inicio-de-mais-um-processo-de-relicitacao-do-rodovias\/\" \/>\n<meta property=\"og:locale\" content=\"pt_BR\" \/>\n<meta property=\"og:type\" content=\"article\" \/>\n<meta property=\"og:title\" content=\"ANTT d\u00e1 aval para in\u00edcio de mais um processo de relicita\u00e7\u00e3o de rodovias\" \/>\n<meta property=\"og:description\" content=\"Gabriel Tabatcheik, para a&nbsp;Ag\u00eancia iNFRA A diretoria da ANTT (Ag\u00eancia Nacional de Transportes Terrestres) verificou e admitiu o cumprimento dos requisitos relativos \u00e0 viabilidade t\u00e9cnica e jur\u00eddica ao requerimento de relicita\u00e7\u00e3o formulado pela Concession\u00e1ria Autopista Fluminense, do Grupo Arteris. A empresa administra 320 km da BR-101 entre Niter\u00f3i (RJ) e a divisa com o estado [&hellip;]\" \/>\n<meta property=\"og:url\" content=\"https:\/\/agenciainfra.com\/blog\/antt-da-aval-para-inicio-de-mais-um-processo-de-relicitacao-do-rodovias\/\" \/>\n<meta property=\"og:site_name\" content=\"Ag\u00eancia iNFRA\" \/>\n<meta property=\"article:publisher\" content=\"https:\/\/www.facebook.com\/ageninfra\" \/>\n<meta property=\"article:published_time\" content=\"2021-09-14T11:00:00+00:00\" \/>\n<meta property=\"og:image\" content=\"https:\/\/agenciainfra.com\/blog\/wp-content\/uploads\/2021\/09\/br-101-arteris-fluminense-foto-arteris.png\" \/>\n\t<meta property=\"og:image:width\" content=\"1280\" \/>\n\t<meta property=\"og:image:height\" content=\"744\" \/>\n\t<meta property=\"og:image:type\" content=\"image\/png\" \/>\n<meta name=\"author\" content=\"Ag\u00eancia iNFRA\" \/>\n<meta name=\"twitter:card\" content=\"summary_large_image\" \/>\n<meta name=\"twitter:creator\" content=\"@agencia_infra\" \/>\n<meta name=\"twitter:site\" content=\"@agencia_infra\" \/>\n<meta name=\"twitter:label1\" content=\"Escrito por\" \/>\n\t<meta name=\"twitter:data1\" content=\"Ag\u00eancia iNFRA\" \/>\n\t<meta name=\"twitter:label2\" content=\"Est. tempo de leitura\" \/>\n\t<meta name=\"twitter:data2\" content=\"4 minutos\" \/>\n<script type=\"application\/ld+json\" class=\"yoast-schema-graph\">{\"@context\":\"https:\/\/schema.org\",\"@graph\":[{\"@type\":\"Article\",\"@id\":\"https:\/\/agenciainfra.com\/blog\/antt-da-aval-para-inicio-de-mais-um-processo-de-relicitacao-do-rodovias\/#article\",\"isPartOf\":{\"@id\":\"https:\/\/agenciainfra.com\/blog\/antt-da-aval-para-inicio-de-mais-um-processo-de-relicitacao-do-rodovias\/\"},\"author\":{\"name\":\"Ag\u00eancia iNFRA\",\"@id\":\"https:\/\/agenciainfra.com\/blog\/#\/schema\/person\/34af08dff6adea4cb22b06612ba7acfa\"},\"headline\":\"ANTT d\u00e1 aval para in\u00edcio de mais um processo de relicita\u00e7\u00e3o de rodovias\",\"datePublished\":\"2021-09-14T11:00:00+00:00\",\"mainEntityOfPage\":{\"@id\":\"https:\/\/agenciainfra.com\/blog\/antt-da-aval-para-inicio-de-mais-um-processo-de-relicitacao-do-rodovias\/\"},\"wordCount\":816,\"publisher\":{\"@id\":\"https:\/\/agenciainfra.com\/blog\/#organization\"},\"image\":{\"@id\":\"https:\/\/agenciainfra.com\/blog\/antt-da-aval-para-inicio-de-mais-um-processo-de-relicitacao-do-rodovias\/#primaryimage\"},\"thumbnailUrl\":\"https:\/\/agenciainfra.com\/blog\/wp-content\/uploads\/2021\/09\/br-101-arteris-fluminense-foto-arteris.png\",\"keywords\":[\"ANAC\",\"ANTT\",\"BR-101\",\"concess\u00f5es rodovi\u00e1rias\",\"Lei 13.448\/2017\",\"Minfra\",\"PPI\",\"relicita\u00e7\u00e3o\",\"rodovias\",\"transporte a\u00e9reo\"],\"articleSection\":[\"Geral\",\"iNFRA Na Transi\u00e7\u00e3o\"],\"inLanguage\":\"pt-BR\",\"copyrightYear\":\"2021\",\"copyrightHolder\":{\"@id\":\"https:\/\/agenciainfra.com\/blog\/#organization\"}},{\"@type\":\"WebPage\",\"@id\":\"https:\/\/agenciainfra.com\/blog\/antt-da-aval-para-inicio-de-mais-um-processo-de-relicitacao-do-rodovias\/\",\"url\":\"https:\/\/agenciainfra.com\/blog\/antt-da-aval-para-inicio-de-mais-um-processo-de-relicitacao-do-rodovias\/\",\"name\":\"ANTT d\u00e1 aval para in\u00edcio de mais um processo de relicita\u00e7\u00e3o de rodovias - Ag\u00eancia iNFRA\",\"isPartOf\":{\"@id\":\"https:\/\/agenciainfra.com\/blog\/#website\"},\"primaryImageOfPage\":{\"@id\":\"https:\/\/agenciainfra.com\/blog\/antt-da-aval-para-inicio-de-mais-um-processo-de-relicitacao-do-rodovias\/#primaryimage\"},\"image\":{\"@id\":\"https:\/\/agenciainfra.com\/blog\/antt-da-aval-para-inicio-de-mais-um-processo-de-relicitacao-do-rodovias\/#primaryimage\"},\"thumbnailUrl\":\"https:\/\/agenciainfra.com\/blog\/wp-content\/uploads\/2021\/09\/br-101-arteris-fluminense-foto-arteris.png\",\"datePublished\":\"2021-09-14T11:00:00+00:00\",\"breadcrumb\":{\"@id\":\"https:\/\/agenciainfra.com\/blog\/antt-da-aval-para-inicio-de-mais-um-processo-de-relicitacao-do-rodovias\/#breadcrumb\"},\"inLanguage\":\"pt-BR\",\"potentialAction\":[{\"@type\":\"ReadAction\",\"target\":[\"https:\/\/agenciainfra.com\/blog\/antt-da-aval-para-inicio-de-mais-um-processo-de-relicitacao-do-rodovias\/\"]}]},{\"@type\":\"ImageObject\",\"inLanguage\":\"pt-BR\",\"@id\":\"https:\/\/agenciainfra.com\/blog\/antt-da-aval-para-inicio-de-mais-um-processo-de-relicitacao-do-rodovias\/#primaryimage\",\"url\":\"https:\/\/agenciainfra.com\/blog\/wp-content\/uploads\/2021\/09\/br-101-arteris-fluminense-foto-arteris.png\",\"contentUrl\":\"https:\/\/agenciainfra.com\/blog\/wp-content\/uploads\/2021\/09\/br-101-arteris-fluminense-foto-arteris.png\",\"width\":1280,\"height\":744,\"caption\":\"Foto: Arteris Fluminense\"},{\"@type\":\"BreadcrumbList\",\"@id\":\"https:\/\/agenciainfra.com\/blog\/antt-da-aval-para-inicio-de-mais-um-processo-de-relicitacao-do-rodovias\/#breadcrumb\",\"itemListElement\":[{\"@type\":\"ListItem\",\"position\":1,\"name\":\"In\u00edcio\",\"item\":\"https:\/\/agenciainfra.com\/blog\/\"},{\"@type\":\"ListItem\",\"position\":2,\"name\":\"ANTT d\u00e1 aval para in\u00edcio de mais um processo de relicita\u00e7\u00e3o de rodovias\"}]},{\"@type\":\"WebSite\",\"@id\":\"https:\/\/agenciainfra.com\/blog\/#website\",\"url\":\"https:\/\/agenciainfra.com\/blog\/\",\"name\":\"Ag\u00eancia iNFRA\",\"description\":\"Multiplataforma de informa\u00e7\u00e3o jornal\u00edstica refer\u00eancia na \u00e1rea de infraestrutura no Brasil!\",\"publisher\":{\"@id\":\"https:\/\/agenciainfra.com\/blog\/#organization\"},\"potentialAction\":[{\"@type\":\"SearchAction\",\"target\":{\"@type\":\"EntryPoint\",\"urlTemplate\":\"https:\/\/agenciainfra.com\/blog\/?s={search_term_string}\"},\"query-input\":{\"@type\":\"PropertyValueSpecification\",\"valueRequired\":true,\"valueName\":\"search_term_string\"}}],\"inLanguage\":\"pt-BR\"},{\"@type\":\"Organization\",\"@id\":\"https:\/\/agenciainfra.com\/blog\/#organization\",\"name\":\"Ag\u00eancia iNFRA\",\"url\":\"https:\/\/agenciainfra.com\/blog\/\",\"logo\":{\"@type\":\"ImageObject\",\"inLanguage\":\"pt-BR\",\"@id\":\"https:\/\/agenciainfra.com\/blog\/#\/schema\/logo\/image\/\",\"url\":\"https:\/\/agenciainfra.com\/blog\/wp-content\/uploads\/2023\/09\/iNFRA_5-e1761735885940.png\",\"contentUrl\":\"https:\/\/agenciainfra.com\/blog\/wp-content\/uploads\/2023\/09\/iNFRA_5-e1761735885940.png\",\"width\":1672,\"height\":454,\"caption\":\"Ag\u00eancia iNFRA\"},\"image\":{\"@id\":\"https:\/\/agenciainfra.com\/blog\/#\/schema\/logo\/image\/\"},\"sameAs\":[\"https:\/\/www.facebook.com\/ageninfra\",\"https:\/\/x.com\/agencia_infra\",\"https:\/\/www.linkedin.com\/company\/ag\u00eanciainfra\/\",\"https:\/\/www.instagram.com\/agenciainfra\/\"]},{\"@type\":\"Person\",\"@id\":\"https:\/\/agenciainfra.com\/blog\/#\/schema\/person\/34af08dff6adea4cb22b06612ba7acfa\",\"name\":\"Ag\u00eancia iNFRA\",\"image\":{\"@type\":\"ImageObject\",\"inLanguage\":\"pt-BR\",\"@id\":\"https:\/\/agenciainfra.com\/blog\/#\/schema\/person\/image\/\",\"url\":\"https:\/\/secure.gravatar.com\/avatar\/d189e01678f06d8eb84d4e01f08eb848b3fffe3f8443818d3c356c66892f5be8?s=96&d=mm&r=g\",\"contentUrl\":\"https:\/\/secure.gravatar.com\/avatar\/d189e01678f06d8eb84d4e01f08eb848b3fffe3f8443818d3c356c66892f5be8?s=96&d=mm&r=g\",\"caption\":\"Ag\u00eancia iNFRA\"},\"url\":\"https:\/\/agenciainfra.com\/blog\/author\/admin\/\"}]}<\/script>\n<!-- \/ Yoast SEO Premium plugin. -->","yoast_head_json":{"title":"ANTT d\u00e1 aval para in\u00edcio de mais um processo de relicita\u00e7\u00e3o de rodovias - Ag\u00eancia iNFRA","robots":{"index":"index","follow":"follow","max-snippet":"max-snippet:-1","max-image-preview":"max-image-preview:large","max-video-preview":"max-video-preview:-1"},"canonical":"https:\/\/agenciainfra.com\/blog\/antt-da-aval-para-inicio-de-mais-um-processo-de-relicitacao-do-rodovias\/","og_locale":"pt_BR","og_type":"article","og_title":"ANTT d\u00e1 aval para in\u00edcio de mais um processo de relicita\u00e7\u00e3o de rodovias","og_description":"Gabriel Tabatcheik, para a&nbsp;Ag\u00eancia iNFRA A diretoria da ANTT (Ag\u00eancia Nacional de Transportes Terrestres) verificou e admitiu o cumprimento dos requisitos relativos \u00e0 viabilidade t\u00e9cnica e jur\u00eddica ao requerimento de relicita\u00e7\u00e3o formulado pela Concession\u00e1ria Autopista Fluminense, do Grupo Arteris. A empresa administra 320 km da BR-101 entre Niter\u00f3i (RJ) e a divisa com o estado [&hellip;]","og_url":"https:\/\/agenciainfra.com\/blog\/antt-da-aval-para-inicio-de-mais-um-processo-de-relicitacao-do-rodovias\/","og_site_name":"Ag\u00eancia iNFRA","article_publisher":"https:\/\/www.facebook.com\/ageninfra","article_published_time":"2021-09-14T11:00:00+00:00","og_image":[{"width":1280,"height":744,"url":"https:\/\/agenciainfra.com\/blog\/wp-content\/uploads\/2021\/09\/br-101-arteris-fluminense-foto-arteris.png","type":"image\/png"}],"author":"Ag\u00eancia iNFRA","twitter_card":"summary_large_image","twitter_creator":"@agencia_infra","twitter_site":"@agencia_infra","twitter_misc":{"Escrito por":"Ag\u00eancia iNFRA","Est. tempo de leitura":"4 minutos"},"schema":{"@context":"https:\/\/schema.org","@graph":[{"@type":"Article","@id":"https:\/\/agenciainfra.com\/blog\/antt-da-aval-para-inicio-de-mais-um-processo-de-relicitacao-do-rodovias\/#article","isPartOf":{"@id":"https:\/\/agenciainfra.com\/blog\/antt-da-aval-para-inicio-de-mais-um-processo-de-relicitacao-do-rodovias\/"},"author":{"name":"Ag\u00eancia iNFRA","@id":"https:\/\/agenciainfra.com\/blog\/#\/schema\/person\/34af08dff6adea4cb22b06612ba7acfa"},"headline":"ANTT d\u00e1 aval para in\u00edcio de mais um processo de relicita\u00e7\u00e3o de rodovias","datePublished":"2021-09-14T11:00:00+00:00","mainEntityOfPage":{"@id":"https:\/\/agenciainfra.com\/blog\/antt-da-aval-para-inicio-de-mais-um-processo-de-relicitacao-do-rodovias\/"},"wordCount":816,"publisher":{"@id":"https:\/\/agenciainfra.com\/blog\/#organization"},"image":{"@id":"https:\/\/agenciainfra.com\/blog\/antt-da-aval-para-inicio-de-mais-um-processo-de-relicitacao-do-rodovias\/#primaryimage"},"thumbnailUrl":"https:\/\/agenciainfra.com\/blog\/wp-content\/uploads\/2021\/09\/br-101-arteris-fluminense-foto-arteris.png","keywords":["ANAC","ANTT","BR-101","concess\u00f5es rodovi\u00e1rias","Lei 13.448\/2017","Minfra","PPI","relicita\u00e7\u00e3o","rodovias","transporte a\u00e9reo"],"articleSection":["Geral","iNFRA Na Transi\u00e7\u00e3o"],"inLanguage":"pt-BR","copyrightYear":"2021","copyrightHolder":{"@id":"https:\/\/agenciainfra.com\/blog\/#organization"}},{"@type":"WebPage","@id":"https:\/\/agenciainfra.com\/blog\/antt-da-aval-para-inicio-de-mais-um-processo-de-relicitacao-do-rodovias\/","url":"https:\/\/agenciainfra.com\/blog\/antt-da-aval-para-inicio-de-mais-um-processo-de-relicitacao-do-rodovias\/","name":"ANTT d\u00e1 aval para in\u00edcio de mais um processo de relicita\u00e7\u00e3o de rodovias - Ag\u00eancia iNFRA","isPartOf":{"@id":"https:\/\/agenciainfra.com\/blog\/#website"},"primaryImageOfPage":{"@id":"https:\/\/agenciainfra.com\/blog\/antt-da-aval-para-inicio-de-mais-um-processo-de-relicitacao-do-rodovias\/#primaryimage"},"image":{"@id":"https:\/\/agenciainfra.com\/blog\/antt-da-aval-para-inicio-de-mais-um-processo-de-relicitacao-do-rodovias\/#primaryimage"},"thumbnailUrl":"https:\/\/agenciainfra.com\/blog\/wp-content\/uploads\/2021\/09\/br-101-arteris-fluminense-foto-arteris.png","datePublished":"2021-09-14T11:00:00+00:00","breadcrumb":{"@id":"https:\/\/agenciainfra.com\/blog\/antt-da-aval-para-inicio-de-mais-um-processo-de-relicitacao-do-rodovias\/#breadcrumb"},"inLanguage":"pt-BR","potentialAction":[{"@type":"ReadAction","target":["https:\/\/agenciainfra.com\/blog\/antt-da-aval-para-inicio-de-mais-um-processo-de-relicitacao-do-rodovias\/"]}]},{"@type":"ImageObject","inLanguage":"pt-BR","@id":"https:\/\/agenciainfra.com\/blog\/antt-da-aval-para-inicio-de-mais-um-processo-de-relicitacao-do-rodovias\/#primaryimage","url":"https:\/\/agenciainfra.com\/blog\/wp-content\/uploads\/2021\/09\/br-101-arteris-fluminense-foto-arteris.png","contentUrl":"https:\/\/agenciainfra.com\/blog\/wp-content\/uploads\/2021\/09\/br-101-arteris-fluminense-foto-arteris.png","width":1280,"height":744,"caption":"Foto: Arteris Fluminense"},{"@type":"BreadcrumbList","@id":"https:\/\/agenciainfra.com\/blog\/antt-da-aval-para-inicio-de-mais-um-processo-de-relicitacao-do-rodovias\/#breadcrumb","itemListElement":[{"@type":"ListItem","position":1,"name":"In\u00edcio","item":"https:\/\/agenciainfra.com\/blog\/"},{"@type":"ListItem","position":2,"name":"ANTT d\u00e1 aval para in\u00edcio de mais um processo de relicita\u00e7\u00e3o de rodovias"}]},{"@type":"WebSite","@id":"https:\/\/agenciainfra.com\/blog\/#website","url":"https:\/\/agenciainfra.com\/blog\/","name":"Ag\u00eancia iNFRA","description":"Multiplataforma de informa\u00e7\u00e3o jornal\u00edstica refer\u00eancia na \u00e1rea de infraestrutura no Brasil!","publisher":{"@id":"https:\/\/agenciainfra.com\/blog\/#organization"},"potentialAction":[{"@type":"SearchAction","target":{"@type":"EntryPoint","urlTemplate":"https:\/\/agenciainfra.com\/blog\/?s={search_term_string}"},"query-input":{"@type":"PropertyValueSpecification","valueRequired":true,"valueName":"search_term_string"}}],"inLanguage":"pt-BR"},{"@type":"Organization","@id":"https:\/\/agenciainfra.com\/blog\/#organization","name":"Ag\u00eancia iNFRA","url":"https:\/\/agenciainfra.com\/blog\/","logo":{"@type":"ImageObject","inLanguage":"pt-BR","@id":"https:\/\/agenciainfra.com\/blog\/#\/schema\/logo\/image\/","url":"https:\/\/agenciainfra.com\/blog\/wp-content\/uploads\/2023\/09\/iNFRA_5-e1761735885940.png","contentUrl":"https:\/\/agenciainfra.com\/blog\/wp-content\/uploads\/2023\/09\/iNFRA_5-e1761735885940.png","width":1672,"height":454,"caption":"Ag\u00eancia iNFRA"},"image":{"@id":"https:\/\/agenciainfra.com\/blog\/#\/schema\/logo\/image\/"},"sameAs":["https:\/\/www.facebook.com\/ageninfra","https:\/\/x.com\/agencia_infra","https:\/\/www.linkedin.com\/company\/ag\u00eanciainfra\/","https:\/\/www.instagram.com\/agenciainfra\/"]},{"@type":"Person","@id":"https:\/\/agenciainfra.com\/blog\/#\/schema\/person\/34af08dff6adea4cb22b06612ba7acfa","name":"Ag\u00eancia iNFRA","image":{"@type":"ImageObject","inLanguage":"pt-BR","@id":"https:\/\/agenciainfra.com\/blog\/#\/schema\/person\/image\/","url":"https:\/\/secure.gravatar.com\/avatar\/d189e01678f06d8eb84d4e01f08eb848b3fffe3f8443818d3c356c66892f5be8?s=96&d=mm&r=g","contentUrl":"https:\/\/secure.gravatar.com\/avatar\/d189e01678f06d8eb84d4e01f08eb848b3fffe3f8443818d3c356c66892f5be8?s=96&d=mm&r=g","caption":"Ag\u00eancia iNFRA"},"url":"https:\/\/agenciainfra.com\/blog\/author\/admin\/"}]}},"_links":{"self":[{"href":"https:\/\/agenciainfra.com\/blog\/wp-json\/wp\/v2\/posts\/8262","targetHints":{"allow":["GET"]}}],"collection":[{"href":"https:\/\/agenciainfra.com\/blog\/wp-json\/wp\/v2\/posts"}],"about":[{"href":"https:\/\/agenciainfra.com\/blog\/wp-json\/wp\/v2\/types\/post"}],"author":[{"embeddable":true,"href":"https:\/\/agenciainfra.com\/blog\/wp-json\/wp\/v2\/users\/1"}],"replies":[{"embeddable":true,"href":"https:\/\/agenciainfra.com\/blog\/wp-json\/wp\/v2\/comments?post=8262"}],"version-history":[{"count":0,"href":"https:\/\/agenciainfra.com\/blog\/wp-json\/wp\/v2\/posts\/8262\/revisions"}],"wp:featuredmedia":[{"embeddable":true,"href":"https:\/\/agenciainfra.com\/blog\/wp-json\/wp\/v2\/media\/8275"}],"wp:attachment":[{"href":"https:\/\/agenciainfra.com\/blog\/wp-json\/wp\/v2\/media?parent=8262"}],"wp:term":[{"taxonomy":"category","embeddable":true,"href":"https:\/\/agenciainfra.com\/blog\/wp-json\/wp\/v2\/categories?post=8262"},{"taxonomy":"post_tag","embeddable":true,"href":"https:\/\/agenciainfra.com\/blog\/wp-json\/wp\/v2\/tags?post=8262"}],"curies":[{"name":"wp","href":"https:\/\/api.w.org\/{rel}","templated":true}]}}