{"id":8285,"date":"2021-09-15T08:00:00","date_gmt":"2021-09-15T11:00:00","guid":{"rendered":"https:\/\/www.agenciainfra.com\/blog\/?p=8285"},"modified":"2021-09-13T11:08:41","modified_gmt":"2021-09-13T14:08:41","slug":"retorno-alto-e-contrato-longo-foram-fatores-fundamentais-para-sucesso-na-dutra-diz-ex-dirigente","status":"publish","type":"post","link":"https:\/\/agenciainfra.com\/blog\/retorno-alto-e-contrato-longo-foram-fatores-fundamentais-para-sucesso-na-dutra-diz-ex-dirigente\/","title":{"rendered":"Retorno alto e contrato longo foram fatores fundamentais para sucesso na Dutra, diz ex-dirigente"},"content":{"rendered":"\n<p class=\"has-text-align-right\"><strong>Dimmi Amora, da&nbsp;Ag\u00eancia iNFRA<\/strong><\/p>\n\n\n\n<p>Taxas de retorno altas e um contrato de longo prazo foram os fatores fundamentais para que um dos mais bem-sucedidos projetos de infraestrutura do pa\u00eds pudesse chegar ao seu fim: a concess\u00e3o da Rodovia Presidente Dutra.<\/p>\n\n\n\n<p>A opini\u00e3o \u00e9 do advogado Massami Uyeda&nbsp;J\u00fanior, que trabalhou no Grupo CCR e na concession\u00e1ria no in\u00edcio do processo de concess\u00e3o, 26 anos atr\u00e1s.&nbsp;<\/p>\n\n\n\n<p>&#8220;Quando analis\u00e1vamos l\u00e1 no come\u00e7o, ach\u00e1vamos que os riscos eram quase insuper\u00e1veis e que ia dar tudo errado&#8221;, conta o advogado, que escreveu para a&nbsp;<strong>Ag\u00eancia iNFRA<\/strong>&nbsp;um artigo sobre o tema, dispon\u00edvel neste&nbsp;<a href=\"https:\/\/agenciainfra.us14.list-manage.com\/track\/click?u=d460dd1bcf9ba0ae040e1fc0f&amp;id=a09c38157c&amp;e=3cd2fde004\" target=\"_blank\" rel=\"noreferrer noopener\">link<\/a>.<\/p>\n\n\n\n<p>Em entrevista, ele analisa que o tempo longo do contrato foi fator essencial para que esses riscos pudessem ser assimilados e mitigados. Se o contrato fosse em prazo menor, v\u00e1rios eventos que ocorreram ao longo do tempo dificilmente n\u00e3o levariam a concess\u00e3o para preju\u00edzo.<\/p>\n\n\n\n<p>Mas, para Uyeda J\u00fanior,&nbsp;o fator fundamental para que a concess\u00e3o tenha chegado ao fim bem-sucedida foram as taxas de retorno que basearam o contrato no in\u00edcio.<\/p>\n\n\n\n<p><strong>Sem hedge cambial<\/strong><br>Na \u00e9poca, os retornos para essas primeiras concess\u00f5es foram estabelecidos na casa&nbsp;dos 20% ao ano. Era o &#8220;m\u00ednimo aceit\u00e1vel&#8221;, segundo o ex-dirigente da empresa, reproduzindo os riscos que ent\u00e3o se tinham no pa\u00eds: falta de estabilidade pol\u00edtica e econ\u00f4mica, com uma moeda rec\u00e9m-lan\u00e7ada, o real.<\/p>\n\n\n\n<p>Com a estabiliza\u00e7\u00e3o do pa\u00eds, essas taxas se mostraram &#8220;folgadas&#8221; para pagar por todos os custos do contrato, inclusive o cambial. Ele lembra que cerca de US$ 400 milh\u00f5es foram financiados em moeda estrangeira sem qualquer tipo de hedge para os investimentos iniciais do contrato.<\/p>\n\n\n\n<p>As taxas de retorno de contratos de concess\u00e3o foram caindo ao longo do tempo para valores abaixo de um d\u00edgito e, segundo Uyeda J\u00fanior,&nbsp;isso se mostrou um problema para boa parte dos contratos, que passaram a n\u00e3o admitir &#8220;desaforos&#8221;.<\/p>\n\n\n\n<p>&#8220;N\u00e3o pode ser 8 nem 80. Numa taxa de um d\u00edgito, voc\u00ea precisa de prote\u00e7\u00e3o cambial, por exemplo. O retorno n\u00e3o admite&#8221;, explicou.<\/p>\n\n\n\n<p><strong>Mudan\u00e7as no retorno<\/strong><br>O advogado diz que o aumento das taxas de juros de longo prazo no pa\u00eds indicam que ser\u00e1 necess\u00e1rio alterar as taxas de retorno dos projetos que est\u00e3o indo a leil\u00e3o, mas isso n\u00e3o ser\u00e1 poss\u00edvel para a Dutra, cujo modelo j\u00e1 est\u00e1 finalizado.<\/p>\n\n\n\n<p>Para ele, esse ser\u00e1 um fator a atrair poucos grupos para a disputa do ativo, marcada para o fim de outubro. Outro \u00e9 a grande necessidade de capital para bancar os investimentos estimados em R$ 14 bilh\u00f5es, al\u00e9m de garantias e outros compromissos do contrato.<\/p>\n\n\n\n<p>&#8220;N\u00e3o acredito em muita gente participando. Vai ter uma necessidade de balan\u00e7os fortes e robustos para entrar. Vai ser um leil\u00e3o seletivo&#8221;, apostou Uyeda J\u00fanior, que tamb\u00e9m acha dif\u00edcil que grupos estrangeiros novos venham disputar.<\/p>\n\n\n\n<p>A comunica\u00e7\u00e3o do governo sobre os projetos, segundo ele, tem sido muito mais efetiva para apresentar os projetos e com isso reduzir a percep\u00e7\u00e3o de risco de novos investidores no Brasil. Mas, segundo ele, as crises pol\u00edticas e institucionais seguem sendo um fator impeditivo para atrair esse tipo de concorrente.<\/p>\n\n\n\n<p>Ele lembra que em 2015 esteve em rodadas de apresenta\u00e7\u00f5es sobre projetos de infraestrutura do Brasil para grandes grupos estrangeiros e que ouviu deles que essas empresas conseguem quantificar os riscos econ\u00f4micos num contrato, mas que os riscos pol\u00edticos n\u00e3o teriam como ser avaliados, o que impede a entrada delas em neg\u00f3cios onde n\u00e3o est\u00e3o.<\/p>\n\n\n\n<p>&#8220;Infelizmente estamos na mesma situa\u00e7\u00e3o daquela \u00e9poca. N\u00e3o nos estabilizamos e isso continua assustando&#8221;, afirmou.<\/p>\n\n\n\n<p><strong>Risco futuro<\/strong><br>Uyeda J\u00fanior&nbsp;v\u00ea a falta de entrada de novas empresas como um risco para futuras concess\u00f5es, visto que os instrumentos de financiamento dos projetos ainda s\u00e3o insuficientes, necessitando de garantias corporativas.&nbsp;<\/p>\n\n\n\n<p>Para ele, \u00e9 preciso voltar a estimular a entrada de fundos de previd\u00eancia nacionais no neg\u00f3cio de infraestrutura, hoje praticamente afastados pelos problemas de inadimpl\u00eancia em contratos da d\u00e9cada passada e, por isso, ainda repelindo esse tipo de neg\u00f3cio.<\/p>\n\n\n\n<p>O advogado diz que a transi\u00e7\u00e3o de uma concess\u00e3o para outra&nbsp;vai refor\u00e7ar enormemente a seguran\u00e7a jur\u00eddica dos contratos de concess\u00e3o no Brasil. Ele tamb\u00e9m aponta para um fator de ganhos de tecnologia que foram absorvidos na nova concess\u00e3o, citando o monitoramento da via e a implanta\u00e7\u00e3o do modelo de cobran\u00e7a do free flow.<\/p>\n","protected":false},"excerpt":{"rendered":"<p>Dimmi Amora, da&nbsp;Ag\u00eancia iNFRA Taxas de retorno altas e um contrato de longo prazo foram os fatores fundamentais para que um dos mais bem-sucedidos projetos de infraestrutura do pa\u00eds pudesse chegar ao seu fim: a concess\u00e3o da Rodovia Presidente Dutra. A opini\u00e3o \u00e9 do advogado Massami Uyeda&nbsp;J\u00fanior, que trabalhou no Grupo CCR e na concession\u00e1ria [&hellip;]<\/p>\n","protected":false},"author":1,"featured_media":4932,"comment_status":"closed","ping_status":"closed","sticky":false,"template":"","format":"standard","meta":{"_monsterinsights_skip_tracking":false,"_monsterinsights_sitenote_active":false,"_monsterinsights_sitenote_note":"","_monsterinsights_sitenote_category":0,"footnotes":""},"categories":[1,7],"tags":[1776,176,1106,4790,3965,1576,126,902],"class_list":["post-8285","post","type-post","status-publish","format-standard","has-post-thumbnail","hentry","category-geral","category-infratransporte","tag-ccr-novadutra","tag-concessoes-rodoviarias","tag-free-flow","tag-hedges","tag-massami-uyeda","tag-rodovia-presidente-dutra","tag-rodovias","tag-transporte-rodoviario"],"yoast_head":"<!-- This site is optimized with the Yoast SEO Premium plugin v25.4 (Yoast SEO v26.0) - https:\/\/yoast.com\/wordpress\/plugins\/seo\/ -->\n<title>Retorno alto e contrato longo foram fatores fundamentais para sucesso na Dutra, diz ex-dirigente - Ag\u00eancia iNFRA<\/title>\n<meta name=\"robots\" content=\"index, follow, max-snippet:-1, max-image-preview:large, max-video-preview:-1\" \/>\n<link rel=\"canonical\" href=\"https:\/\/agenciainfra.com\/blog\/retorno-alto-e-contrato-longo-foram-fatores-fundamentais-para-sucesso-na-dutra-diz-ex-dirigente\/\" \/>\n<meta property=\"og:locale\" content=\"pt_BR\" \/>\n<meta property=\"og:type\" content=\"article\" \/>\n<meta property=\"og:title\" content=\"Retorno alto e contrato longo foram fatores fundamentais para sucesso na Dutra, diz ex-dirigente\" \/>\n<meta property=\"og:description\" content=\"Dimmi Amora, da&nbsp;Ag\u00eancia iNFRA Taxas de retorno altas e um contrato de longo prazo foram os fatores fundamentais para que um dos mais bem-sucedidos projetos de infraestrutura do pa\u00eds pudesse chegar ao seu fim: a concess\u00e3o da Rodovia Presidente Dutra. A opini\u00e3o \u00e9 do advogado Massami Uyeda&nbsp;J\u00fanior, que trabalhou no Grupo CCR e na concession\u00e1ria [&hellip;]\" \/>\n<meta property=\"og:url\" content=\"https:\/\/agenciainfra.com\/blog\/retorno-alto-e-contrato-longo-foram-fatores-fundamentais-para-sucesso-na-dutra-diz-ex-dirigente\/\" \/>\n<meta property=\"og:site_name\" content=\"Ag\u00eancia iNFRA\" \/>\n<meta property=\"article:publisher\" content=\"https:\/\/www.facebook.com\/ageninfra\" \/>\n<meta property=\"article:published_time\" content=\"2021-09-15T11:00:00+00:00\" \/>\n<meta property=\"og:image\" content=\"https:\/\/agenciainfra.com\/blog\/wp-content\/uploads\/2020\/05\/massami-uyeda-junior-foto-redes-sociais.jpg\" \/>\n\t<meta property=\"og:image:width\" content=\"1280\" \/>\n\t<meta property=\"og:image:height\" content=\"720\" \/>\n\t<meta property=\"og:image:type\" content=\"image\/jpeg\" \/>\n<meta name=\"author\" content=\"Ag\u00eancia iNFRA\" \/>\n<meta name=\"twitter:card\" content=\"summary_large_image\" \/>\n<meta name=\"twitter:creator\" content=\"@agencia_infra\" \/>\n<meta name=\"twitter:site\" content=\"@agencia_infra\" \/>\n<meta name=\"twitter:label1\" content=\"Escrito por\" \/>\n\t<meta name=\"twitter:data1\" content=\"Ag\u00eancia iNFRA\" \/>\n\t<meta name=\"twitter:label2\" content=\"Est. tempo de leitura\" \/>\n\t<meta name=\"twitter:data2\" content=\"4 minutos\" \/>\n<script type=\"application\/ld+json\" class=\"yoast-schema-graph\">{\"@context\":\"https:\/\/schema.org\",\"@graph\":[{\"@type\":\"Article\",\"@id\":\"https:\/\/agenciainfra.com\/blog\/retorno-alto-e-contrato-longo-foram-fatores-fundamentais-para-sucesso-na-dutra-diz-ex-dirigente\/#article\",\"isPartOf\":{\"@id\":\"https:\/\/agenciainfra.com\/blog\/retorno-alto-e-contrato-longo-foram-fatores-fundamentais-para-sucesso-na-dutra-diz-ex-dirigente\/\"},\"author\":{\"name\":\"Ag\u00eancia iNFRA\",\"@id\":\"https:\/\/agenciainfra.com\/blog\/#\/schema\/person\/34af08dff6adea4cb22b06612ba7acfa\"},\"headline\":\"Retorno alto e contrato longo foram fatores fundamentais para sucesso na Dutra, diz ex-dirigente\",\"datePublished\":\"2021-09-15T11:00:00+00:00\",\"mainEntityOfPage\":{\"@id\":\"https:\/\/agenciainfra.com\/blog\/retorno-alto-e-contrato-longo-foram-fatores-fundamentais-para-sucesso-na-dutra-diz-ex-dirigente\/\"},\"wordCount\":805,\"publisher\":{\"@id\":\"https:\/\/agenciainfra.com\/blog\/#organization\"},\"image\":{\"@id\":\"https:\/\/agenciainfra.com\/blog\/retorno-alto-e-contrato-longo-foram-fatores-fundamentais-para-sucesso-na-dutra-diz-ex-dirigente\/#primaryimage\"},\"thumbnailUrl\":\"https:\/\/agenciainfra.com\/blog\/wp-content\/uploads\/2020\/05\/massami-uyeda-junior-foto-redes-sociais.jpg\",\"keywords\":[\"CCR NovaDutra\",\"concess\u00f5es rodovi\u00e1rias\",\"free flow\",\"hedges\",\"Massami Uyeda\",\"Rodovia Presidente Dutra\",\"rodovias\",\"transporte rodovi\u00e1rio\"],\"articleSection\":[\"Geral\",\"iNFRATransporte\"],\"inLanguage\":\"pt-BR\",\"copyrightYear\":\"2021\",\"copyrightHolder\":{\"@id\":\"https:\/\/agenciainfra.com\/blog\/#organization\"}},{\"@type\":\"WebPage\",\"@id\":\"https:\/\/agenciainfra.com\/blog\/retorno-alto-e-contrato-longo-foram-fatores-fundamentais-para-sucesso-na-dutra-diz-ex-dirigente\/\",\"url\":\"https:\/\/agenciainfra.com\/blog\/retorno-alto-e-contrato-longo-foram-fatores-fundamentais-para-sucesso-na-dutra-diz-ex-dirigente\/\",\"name\":\"Retorno alto e contrato longo foram fatores fundamentais para sucesso na Dutra, diz ex-dirigente - Ag\u00eancia iNFRA\",\"isPartOf\":{\"@id\":\"https:\/\/agenciainfra.com\/blog\/#website\"},\"primaryImageOfPage\":{\"@id\":\"https:\/\/agenciainfra.com\/blog\/retorno-alto-e-contrato-longo-foram-fatores-fundamentais-para-sucesso-na-dutra-diz-ex-dirigente\/#primaryimage\"},\"image\":{\"@id\":\"https:\/\/agenciainfra.com\/blog\/retorno-alto-e-contrato-longo-foram-fatores-fundamentais-para-sucesso-na-dutra-diz-ex-dirigente\/#primaryimage\"},\"thumbnailUrl\":\"https:\/\/agenciainfra.com\/blog\/wp-content\/uploads\/2020\/05\/massami-uyeda-junior-foto-redes-sociais.jpg\",\"datePublished\":\"2021-09-15T11:00:00+00:00\",\"breadcrumb\":{\"@id\":\"https:\/\/agenciainfra.com\/blog\/retorno-alto-e-contrato-longo-foram-fatores-fundamentais-para-sucesso-na-dutra-diz-ex-dirigente\/#breadcrumb\"},\"inLanguage\":\"pt-BR\",\"potentialAction\":[{\"@type\":\"ReadAction\",\"target\":[\"https:\/\/agenciainfra.com\/blog\/retorno-alto-e-contrato-longo-foram-fatores-fundamentais-para-sucesso-na-dutra-diz-ex-dirigente\/\"]}]},{\"@type\":\"ImageObject\",\"inLanguage\":\"pt-BR\",\"@id\":\"https:\/\/agenciainfra.com\/blog\/retorno-alto-e-contrato-longo-foram-fatores-fundamentais-para-sucesso-na-dutra-diz-ex-dirigente\/#primaryimage\",\"url\":\"https:\/\/agenciainfra.com\/blog\/wp-content\/uploads\/2020\/05\/massami-uyeda-junior-foto-redes-sociais.jpg\",\"contentUrl\":\"https:\/\/agenciainfra.com\/blog\/wp-content\/uploads\/2020\/05\/massami-uyeda-junior-foto-redes-sociais.jpg\",\"width\":1280,\"height\":720},{\"@type\":\"BreadcrumbList\",\"@id\":\"https:\/\/agenciainfra.com\/blog\/retorno-alto-e-contrato-longo-foram-fatores-fundamentais-para-sucesso-na-dutra-diz-ex-dirigente\/#breadcrumb\",\"itemListElement\":[{\"@type\":\"ListItem\",\"position\":1,\"name\":\"In\u00edcio\",\"item\":\"https:\/\/agenciainfra.com\/blog\/\"},{\"@type\":\"ListItem\",\"position\":2,\"name\":\"Retorno alto e contrato longo foram fatores fundamentais para sucesso na Dutra, diz ex-dirigente\"}]},{\"@type\":\"WebSite\",\"@id\":\"https:\/\/agenciainfra.com\/blog\/#website\",\"url\":\"https:\/\/agenciainfra.com\/blog\/\",\"name\":\"Ag\u00eancia iNFRA\",\"description\":\"Multiplataforma de informa\u00e7\u00e3o jornal\u00edstica refer\u00eancia na \u00e1rea de infraestrutura no Brasil!\",\"publisher\":{\"@id\":\"https:\/\/agenciainfra.com\/blog\/#organization\"},\"potentialAction\":[{\"@type\":\"SearchAction\",\"target\":{\"@type\":\"EntryPoint\",\"urlTemplate\":\"https:\/\/agenciainfra.com\/blog\/?s={search_term_string}\"},\"query-input\":{\"@type\":\"PropertyValueSpecification\",\"valueRequired\":true,\"valueName\":\"search_term_string\"}}],\"inLanguage\":\"pt-BR\"},{\"@type\":\"Organization\",\"@id\":\"https:\/\/agenciainfra.com\/blog\/#organization\",\"name\":\"Ag\u00eancia iNFRA\",\"url\":\"https:\/\/agenciainfra.com\/blog\/\",\"logo\":{\"@type\":\"ImageObject\",\"inLanguage\":\"pt-BR\",\"@id\":\"https:\/\/agenciainfra.com\/blog\/#\/schema\/logo\/image\/\",\"url\":\"https:\/\/agenciainfra.com\/blog\/wp-content\/uploads\/2023\/09\/iNFRA_5-e1761735885940.png\",\"contentUrl\":\"https:\/\/agenciainfra.com\/blog\/wp-content\/uploads\/2023\/09\/iNFRA_5-e1761735885940.png\",\"width\":1672,\"height\":454,\"caption\":\"Ag\u00eancia iNFRA\"},\"image\":{\"@id\":\"https:\/\/agenciainfra.com\/blog\/#\/schema\/logo\/image\/\"},\"sameAs\":[\"https:\/\/www.facebook.com\/ageninfra\",\"https:\/\/x.com\/agencia_infra\",\"https:\/\/www.linkedin.com\/company\/ag\u00eanciainfra\/\",\"https:\/\/www.instagram.com\/agenciainfra\/\"]},{\"@type\":\"Person\",\"@id\":\"https:\/\/agenciainfra.com\/blog\/#\/schema\/person\/34af08dff6adea4cb22b06612ba7acfa\",\"name\":\"Ag\u00eancia iNFRA\",\"image\":{\"@type\":\"ImageObject\",\"inLanguage\":\"pt-BR\",\"@id\":\"https:\/\/agenciainfra.com\/blog\/#\/schema\/person\/image\/\",\"url\":\"https:\/\/secure.gravatar.com\/avatar\/d189e01678f06d8eb84d4e01f08eb848b3fffe3f8443818d3c356c66892f5be8?s=96&d=mm&r=g\",\"contentUrl\":\"https:\/\/secure.gravatar.com\/avatar\/d189e01678f06d8eb84d4e01f08eb848b3fffe3f8443818d3c356c66892f5be8?s=96&d=mm&r=g\",\"caption\":\"Ag\u00eancia iNFRA\"},\"url\":\"https:\/\/agenciainfra.com\/blog\/author\/admin\/\"}]}<\/script>\n<!-- \/ Yoast SEO Premium plugin. -->","yoast_head_json":{"title":"Retorno alto e contrato longo foram fatores fundamentais para sucesso na Dutra, diz ex-dirigente - Ag\u00eancia iNFRA","robots":{"index":"index","follow":"follow","max-snippet":"max-snippet:-1","max-image-preview":"max-image-preview:large","max-video-preview":"max-video-preview:-1"},"canonical":"https:\/\/agenciainfra.com\/blog\/retorno-alto-e-contrato-longo-foram-fatores-fundamentais-para-sucesso-na-dutra-diz-ex-dirigente\/","og_locale":"pt_BR","og_type":"article","og_title":"Retorno alto e contrato longo foram fatores fundamentais para sucesso na Dutra, diz ex-dirigente","og_description":"Dimmi Amora, da&nbsp;Ag\u00eancia iNFRA Taxas de retorno altas e um contrato de longo prazo foram os fatores fundamentais para que um dos mais bem-sucedidos projetos de infraestrutura do pa\u00eds pudesse chegar ao seu fim: a concess\u00e3o da Rodovia Presidente Dutra. A opini\u00e3o \u00e9 do advogado Massami Uyeda&nbsp;J\u00fanior, que trabalhou no Grupo CCR e na concession\u00e1ria [&hellip;]","og_url":"https:\/\/agenciainfra.com\/blog\/retorno-alto-e-contrato-longo-foram-fatores-fundamentais-para-sucesso-na-dutra-diz-ex-dirigente\/","og_site_name":"Ag\u00eancia iNFRA","article_publisher":"https:\/\/www.facebook.com\/ageninfra","article_published_time":"2021-09-15T11:00:00+00:00","og_image":[{"width":1280,"height":720,"url":"https:\/\/agenciainfra.com\/blog\/wp-content\/uploads\/2020\/05\/massami-uyeda-junior-foto-redes-sociais.jpg","type":"image\/jpeg"}],"author":"Ag\u00eancia iNFRA","twitter_card":"summary_large_image","twitter_creator":"@agencia_infra","twitter_site":"@agencia_infra","twitter_misc":{"Escrito por":"Ag\u00eancia iNFRA","Est. tempo de leitura":"4 minutos"},"schema":{"@context":"https:\/\/schema.org","@graph":[{"@type":"Article","@id":"https:\/\/agenciainfra.com\/blog\/retorno-alto-e-contrato-longo-foram-fatores-fundamentais-para-sucesso-na-dutra-diz-ex-dirigente\/#article","isPartOf":{"@id":"https:\/\/agenciainfra.com\/blog\/retorno-alto-e-contrato-longo-foram-fatores-fundamentais-para-sucesso-na-dutra-diz-ex-dirigente\/"},"author":{"name":"Ag\u00eancia iNFRA","@id":"https:\/\/agenciainfra.com\/blog\/#\/schema\/person\/34af08dff6adea4cb22b06612ba7acfa"},"headline":"Retorno alto e contrato longo foram fatores fundamentais para sucesso na Dutra, diz ex-dirigente","datePublished":"2021-09-15T11:00:00+00:00","mainEntityOfPage":{"@id":"https:\/\/agenciainfra.com\/blog\/retorno-alto-e-contrato-longo-foram-fatores-fundamentais-para-sucesso-na-dutra-diz-ex-dirigente\/"},"wordCount":805,"publisher":{"@id":"https:\/\/agenciainfra.com\/blog\/#organization"},"image":{"@id":"https:\/\/agenciainfra.com\/blog\/retorno-alto-e-contrato-longo-foram-fatores-fundamentais-para-sucesso-na-dutra-diz-ex-dirigente\/#primaryimage"},"thumbnailUrl":"https:\/\/agenciainfra.com\/blog\/wp-content\/uploads\/2020\/05\/massami-uyeda-junior-foto-redes-sociais.jpg","keywords":["CCR NovaDutra","concess\u00f5es rodovi\u00e1rias","free flow","hedges","Massami Uyeda","Rodovia Presidente Dutra","rodovias","transporte rodovi\u00e1rio"],"articleSection":["Geral","iNFRATransporte"],"inLanguage":"pt-BR","copyrightYear":"2021","copyrightHolder":{"@id":"https:\/\/agenciainfra.com\/blog\/#organization"}},{"@type":"WebPage","@id":"https:\/\/agenciainfra.com\/blog\/retorno-alto-e-contrato-longo-foram-fatores-fundamentais-para-sucesso-na-dutra-diz-ex-dirigente\/","url":"https:\/\/agenciainfra.com\/blog\/retorno-alto-e-contrato-longo-foram-fatores-fundamentais-para-sucesso-na-dutra-diz-ex-dirigente\/","name":"Retorno alto e contrato longo foram fatores fundamentais para sucesso na Dutra, diz ex-dirigente - Ag\u00eancia iNFRA","isPartOf":{"@id":"https:\/\/agenciainfra.com\/blog\/#website"},"primaryImageOfPage":{"@id":"https:\/\/agenciainfra.com\/blog\/retorno-alto-e-contrato-longo-foram-fatores-fundamentais-para-sucesso-na-dutra-diz-ex-dirigente\/#primaryimage"},"image":{"@id":"https:\/\/agenciainfra.com\/blog\/retorno-alto-e-contrato-longo-foram-fatores-fundamentais-para-sucesso-na-dutra-diz-ex-dirigente\/#primaryimage"},"thumbnailUrl":"https:\/\/agenciainfra.com\/blog\/wp-content\/uploads\/2020\/05\/massami-uyeda-junior-foto-redes-sociais.jpg","datePublished":"2021-09-15T11:00:00+00:00","breadcrumb":{"@id":"https:\/\/agenciainfra.com\/blog\/retorno-alto-e-contrato-longo-foram-fatores-fundamentais-para-sucesso-na-dutra-diz-ex-dirigente\/#breadcrumb"},"inLanguage":"pt-BR","potentialAction":[{"@type":"ReadAction","target":["https:\/\/agenciainfra.com\/blog\/retorno-alto-e-contrato-longo-foram-fatores-fundamentais-para-sucesso-na-dutra-diz-ex-dirigente\/"]}]},{"@type":"ImageObject","inLanguage":"pt-BR","@id":"https:\/\/agenciainfra.com\/blog\/retorno-alto-e-contrato-longo-foram-fatores-fundamentais-para-sucesso-na-dutra-diz-ex-dirigente\/#primaryimage","url":"https:\/\/agenciainfra.com\/blog\/wp-content\/uploads\/2020\/05\/massami-uyeda-junior-foto-redes-sociais.jpg","contentUrl":"https:\/\/agenciainfra.com\/blog\/wp-content\/uploads\/2020\/05\/massami-uyeda-junior-foto-redes-sociais.jpg","width":1280,"height":720},{"@type":"BreadcrumbList","@id":"https:\/\/agenciainfra.com\/blog\/retorno-alto-e-contrato-longo-foram-fatores-fundamentais-para-sucesso-na-dutra-diz-ex-dirigente\/#breadcrumb","itemListElement":[{"@type":"ListItem","position":1,"name":"In\u00edcio","item":"https:\/\/agenciainfra.com\/blog\/"},{"@type":"ListItem","position":2,"name":"Retorno alto e contrato longo foram fatores fundamentais para sucesso na Dutra, diz ex-dirigente"}]},{"@type":"WebSite","@id":"https:\/\/agenciainfra.com\/blog\/#website","url":"https:\/\/agenciainfra.com\/blog\/","name":"Ag\u00eancia iNFRA","description":"Multiplataforma de informa\u00e7\u00e3o jornal\u00edstica refer\u00eancia na \u00e1rea de infraestrutura no Brasil!","publisher":{"@id":"https:\/\/agenciainfra.com\/blog\/#organization"},"potentialAction":[{"@type":"SearchAction","target":{"@type":"EntryPoint","urlTemplate":"https:\/\/agenciainfra.com\/blog\/?s={search_term_string}"},"query-input":{"@type":"PropertyValueSpecification","valueRequired":true,"valueName":"search_term_string"}}],"inLanguage":"pt-BR"},{"@type":"Organization","@id":"https:\/\/agenciainfra.com\/blog\/#organization","name":"Ag\u00eancia iNFRA","url":"https:\/\/agenciainfra.com\/blog\/","logo":{"@type":"ImageObject","inLanguage":"pt-BR","@id":"https:\/\/agenciainfra.com\/blog\/#\/schema\/logo\/image\/","url":"https:\/\/agenciainfra.com\/blog\/wp-content\/uploads\/2023\/09\/iNFRA_5-e1761735885940.png","contentUrl":"https:\/\/agenciainfra.com\/blog\/wp-content\/uploads\/2023\/09\/iNFRA_5-e1761735885940.png","width":1672,"height":454,"caption":"Ag\u00eancia iNFRA"},"image":{"@id":"https:\/\/agenciainfra.com\/blog\/#\/schema\/logo\/image\/"},"sameAs":["https:\/\/www.facebook.com\/ageninfra","https:\/\/x.com\/agencia_infra","https:\/\/www.linkedin.com\/company\/ag\u00eanciainfra\/","https:\/\/www.instagram.com\/agenciainfra\/"]},{"@type":"Person","@id":"https:\/\/agenciainfra.com\/blog\/#\/schema\/person\/34af08dff6adea4cb22b06612ba7acfa","name":"Ag\u00eancia iNFRA","image":{"@type":"ImageObject","inLanguage":"pt-BR","@id":"https:\/\/agenciainfra.com\/blog\/#\/schema\/person\/image\/","url":"https:\/\/secure.gravatar.com\/avatar\/d189e01678f06d8eb84d4e01f08eb848b3fffe3f8443818d3c356c66892f5be8?s=96&d=mm&r=g","contentUrl":"https:\/\/secure.gravatar.com\/avatar\/d189e01678f06d8eb84d4e01f08eb848b3fffe3f8443818d3c356c66892f5be8?s=96&d=mm&r=g","caption":"Ag\u00eancia iNFRA"},"url":"https:\/\/agenciainfra.com\/blog\/author\/admin\/"}]}},"_links":{"self":[{"href":"https:\/\/agenciainfra.com\/blog\/wp-json\/wp\/v2\/posts\/8285","targetHints":{"allow":["GET"]}}],"collection":[{"href":"https:\/\/agenciainfra.com\/blog\/wp-json\/wp\/v2\/posts"}],"about":[{"href":"https:\/\/agenciainfra.com\/blog\/wp-json\/wp\/v2\/types\/post"}],"author":[{"embeddable":true,"href":"https:\/\/agenciainfra.com\/blog\/wp-json\/wp\/v2\/users\/1"}],"replies":[{"embeddable":true,"href":"https:\/\/agenciainfra.com\/blog\/wp-json\/wp\/v2\/comments?post=8285"}],"version-history":[{"count":0,"href":"https:\/\/agenciainfra.com\/blog\/wp-json\/wp\/v2\/posts\/8285\/revisions"}],"wp:featuredmedia":[{"embeddable":true,"href":"https:\/\/agenciainfra.com\/blog\/wp-json\/wp\/v2\/media\/4932"}],"wp:attachment":[{"href":"https:\/\/agenciainfra.com\/blog\/wp-json\/wp\/v2\/media?parent=8285"}],"wp:term":[{"taxonomy":"category","embeddable":true,"href":"https:\/\/agenciainfra.com\/blog\/wp-json\/wp\/v2\/categories?post=8285"},{"taxonomy":"post_tag","embeddable":true,"href":"https:\/\/agenciainfra.com\/blog\/wp-json\/wp\/v2\/tags?post=8285"}],"curies":[{"name":"wp","href":"https:\/\/api.w.org\/{rel}","templated":true}]}}