{"id":8338,"date":"2021-09-20T08:00:00","date_gmt":"2021-09-20T11:00:00","guid":{"rendered":"https:\/\/www.agenciainfra.com\/blog\/?p=8338"},"modified":"2021-09-17T10:07:19","modified_gmt":"2021-09-17T13:07:19","slug":"ministro-do-tcu-cita-pressa-e-suspende-aditivo-para-trem-no-aeroporto-de-guarulhos-sp","status":"publish","type":"post","link":"https:\/\/agenciainfra.com\/blog\/ministro-do-tcu-cita-pressa-e-suspende-aditivo-para-trem-no-aeroporto-de-guarulhos-sp\/","title":{"rendered":"Ministro do TCU cita pressa e suspende aditivo para trem no Aeroporto de Guarulhos"},"content":{"rendered":"\n<p class=\"has-text-align-right\"><strong>Dimmi Amora, da&nbsp;Ag\u00eancia iNFRA<\/strong><\/p>\n\n\n\n<p>O ministro Vital do R\u00eago, do TCU (Tribunal de Contas da Uni\u00e3o), determinou em medida cautelar monocr\u00e1tica a suspens\u00e3o do termo aditivo assinado entre a ANAC (Ag\u00eancia Nacional de Avia\u00e7\u00e3o Civil) e a GRU Airport, concession\u00e1ria do Aeroporto de Guarulhos (SP), para a implanta\u00e7\u00e3o de um sistema de transporte de passageiros por trem entre a unidade e a esta\u00e7\u00e3o da CPTM local.<\/p>\n\n\n\n<p>Usando termos duros no seu despacho, o ministro afirmou que o contrato foi assinado apenas tr\u00eas dias depois de a ANAC enviar documentos ao \u00f3rg\u00e3o de controle para justificar o c\u00e1lculo de custo\/benef\u00edcio da escolha do sistema de transportes, sem, portanto, tempo para a an\u00e1lise.<\/p>\n\n\n\n<p>De acordo com decis\u00e3o anterior da pr\u00f3pria ag\u00eancia, o contrato s\u00f3 seria assinado ap\u00f3s o TCU analisar se os c\u00e1lculos estavam adequados. Citando que a ag\u00eancia agiu com &#8220;pressa&#8221;, passando por cima de suas pr\u00f3prias regras para aprovar o aditivo, R\u00eago classificou a atitude como &#8220;imprudente&#8221;.<\/p>\n\n\n\n<p>&#8220;Assinalo que enviar comunica\u00e7\u00e3o informando que ir\u00e1 assinar aditivo em tr\u00eas dias, cuja formaliza\u00e7\u00e3o depende de avalia\u00e7\u00e3o deste TCU acerca de documenta\u00e7\u00e3o que comprove a viabilidade do empreendimento, sem aguardar a manifesta\u00e7\u00e3o deste Plen\u00e1rio, soa, no m\u00ednimo, imprudente.&#8221;<\/p>\n\n\n\n<p>O lan\u00e7amento do chamado People Mover fez parte do Setembro Ferrovi\u00e1rio, uma reuni\u00e3o de eventos do setor planejado pelo Minist\u00e9rio da Infraestrutura. No dia 8 de setembro foi promovido evento de apresenta\u00e7\u00e3o do projeto no aeroporto de Guarulhos, que contaria com a presen\u00e7a do ministro Tarc\u00edsio de Freitas, que acabou n\u00e3o comparecendo por causa do locaute&nbsp;de empresas se utilizando de caminh\u00f5es.<\/p>\n\n\n\n<p>O aditivo ao contrato, que permite que a concession\u00e1ria GRU Airport invista cerca de R$ 271 milh\u00f5es no projeto com recursos que deveria pagar ao Fundo Nacional de Avia\u00e7\u00e3o Civil, havia sido assinado em 6 de setembro. Para isso, a ANAC incluiu, no dia 3 de setembro, o processo numa reuni\u00e3o de diretoria virtual, o que o ministro disse n\u00e3o haver previs\u00e3o nos normativos da ag\u00eancia.<\/p>\n\n\n\n<p>Desde o ano passado o TCU vem avaliando como o governo e a concession\u00e1ria v\u00e3o realizar esse aditivo ao contrato. Numa decis\u00e3o do TCU no in\u00edcio deste ano, ficou acordado que a decis\u00e3o sobre o tipo de tecnologia a ser usada s\u00f3 seria tomada ap\u00f3s uma avalia\u00e7\u00e3o de custo benef\u00edcio e compara\u00e7\u00e3o com outras op\u00e7\u00f5es.<\/p>\n\n\n\n<p><strong>&#8220;Responsabilidade de um para o outro&#8221;<\/strong><br>A secretaria de infraestrutura do TCU, respons\u00e1vel pela fiscaliza\u00e7\u00e3o, informou ao ministro que, at\u00e9 agosto, n\u00e3o havia qualquer documento apresentado, seja pela ANAC, seja pela SAC (Secretaria de Avia\u00e7\u00e3o Civil), indicando haver um estudo conclu\u00eddo sobre o custo benef\u00edcio da solu\u00e7\u00e3o. Nem mesmo havia acordo com a concession\u00e1ria. Vital afirmou que, at\u00e9 ent\u00e3o, havia um jogo de empurra entre os \u00f3rg\u00e3os p\u00fablicos sobre esse estudo.<\/p>\n\n\n\n<p>&#8220;Compreendo que os gestores apresentar\u00e3o de forma direta a este TCU a an\u00e1lise da viabilidade global do APM, em compara\u00e7\u00e3o a alternativas, sem jogar a responsabilidade de um para o outro a todo instante, como assim procede a Anac e a SAC.&#8221;<\/p>\n\n\n\n<p><strong>&#8220;Incertezas e inconclus\u00f5es&#8221;<\/strong><br>No fim de agosto, no entanto, chegou-se ao acordo para se utilizar a solu\u00e7\u00e3o de um APM (Automatic People Mover), uma esp\u00e9cie de VLT, para ligar o aeroporto \u00e0 esta\u00e7\u00e3o da Linha 13-Jade da CPTM.<\/p>\n\n\n\n<p>Esses documentos foram entregues ao TCU no dia 3 de setembro, segundo a secretaria. Mas, ainda de acordo com o despacho do ministro, faltam dados elementares que impediriam qualquer avalia\u00e7\u00e3o sobre os custos benef\u00edcios da escolha.<\/p>\n\n\n\n<p>&#8220;Os documentos aqui entregues s\u00e3o permeados de incertezas e inconclus\u00f5es que [nem] sequer permitem avaliar se o processo estava pronto ou n\u00e3o para a devida instru\u00e7\u00e3o da unidade t\u00e9cnica&#8221;, informa o documento que determinou a suspens\u00e3o.<\/p>\n\n\n\n<p><strong>Aval da Secretaria<\/strong><br>Em resposta \u00e0&nbsp;<strong>Ag\u00eancia iNFRA<\/strong>, a ANAC informou que sempre atua em colabora\u00e7\u00e3o com os \u00f3rg\u00e3os de controle externo e &#8220;prestar\u00e1 todas as informa\u00e7\u00f5es e esclarecimentos necess\u00e1rios ao Tribunal de Contas da Uni\u00e3o, bem como j\u00e1 comunicou \u00e0 concession\u00e1ria da suspens\u00e3o do termo aditivo, enquanto a medida cautelar do Tribunal estiver vigente&#8221;.&nbsp;<\/p>\n\n\n\n<p>A nota informa ainda que a ag\u00eancia prestou informa\u00e7\u00f5es ao TCU em todas as etapas do processo e que a decis\u00e3o sobre o aditivo foi proferida &#8220;ap\u00f3s aval da Secretaria Nacional de Avia\u00e7\u00e3o Civil e concord\u00e2ncia da GRU Airport&#8221;.<br>&nbsp;O Minist\u00e9rio da Infraestrutura informou que&nbsp;&#8220;atua em total colabora\u00e7\u00e3o com os \u00f3rg\u00e3os de controle e prestar\u00e1 todos os esclarecimentos e informa\u00e7\u00f5es requeridos pelo Tribunal de Contas da Uni\u00e3o. O minist\u00e9rio entende que o maior aeroporto da Am\u00e9rica do Sul merece o projeto do people mover, que trar\u00e1 maior comodidade e seguran\u00e7a aos passageiros&#8221;.<\/p>\n\n\n\n<p><strong>VLT&nbsp;no Rio Grande do Norte<\/strong><br>Em outro processo no \u00f3rg\u00e3o de controle, o ministro Aroldo Cedraz reclassificou o status do projeto de implanta\u00e7\u00e3o de uma linha de VLT da CBTU (Companhia Brasileira de Trens Urbanos)&nbsp;em Natal (RN)&nbsp;de obra com ind\u00edcio de irregularidade grave com paralisa\u00e7\u00e3o para obra com ind\u00edcio de irregularidade grave com continuidade.<\/p>\n\n\n\n<p>Essa classifica\u00e7\u00e3o \u00e9 informada anualmente pelo TCU ao Congresso e faz com que recursos do or\u00e7amento sejam suspenso, em caso de indica\u00e7\u00e3o de paralisa\u00e7\u00e3o. Cedraz entendeu que as explica\u00e7\u00f5es dadas pela estatal e pelo Minist\u00e9rio do Desenvolvimento Regional foram suficientes para a reclassifica\u00e7\u00e3o.<\/p>\n\n\n\n<p>A proposta para tr\u00eas linhas na cidade, totalizando quase&nbsp;30 quil\u00f4metros, estimada&nbsp;em R$ 75 milh\u00f5es, est\u00e1 sendo implementada sem projeto e licenciamentos, segundo a \u00e1rea t\u00e9cnica, o que havia levado&nbsp;ao pedido de paralisa\u00e7\u00e3o. A obra \u00e9 na cidade onde o ministro da pasta, Rog\u00e9rio Marinho, tem seu reduto eleitoral.<\/p>\n","protected":false},"excerpt":{"rendered":"<p>Dimmi Amora, da&nbsp;Ag\u00eancia iNFRA O ministro Vital do R\u00eago, do TCU (Tribunal de Contas da Uni\u00e3o), determinou em medida cautelar monocr\u00e1tica a suspens\u00e3o do termo aditivo assinado entre a ANAC (Ag\u00eancia Nacional de Avia\u00e7\u00e3o Civil) e a GRU Airport, concession\u00e1ria do Aeroporto de Guarulhos (SP), para a implanta\u00e7\u00e3o de um sistema de transporte de passageiros [&hellip;]<\/p>\n","protected":false},"author":1,"featured_media":8341,"comment_status":"closed","ping_status":"closed","sticky":false,"template":"","format":"standard","meta":{"_monsterinsights_skip_tracking":false,"_monsterinsights_sitenote_active":false,"_monsterinsights_sitenote_note":"","_monsterinsights_sitenote_category":0,"footnotes":""},"categories":[1,7],"tags":[5002,242,599,2532,775,5003,18,362,2526,860],"class_list":["post-8338","post","type-post","status-publish","format-standard","has-post-thumbnail","hentry","category-geral","category-infratransporte","tag-aeroporto-de-guarulhos","tag-anac","tag-aviacao-civil","tag-cptm","tag-ministerio-da-infraestrutura","tag-people-mover","tag-tcu","tag-transporte-aereo","tag-transporte-de-passageiros","tag-vital-do-rego"],"yoast_head":"<!-- This site is optimized with the Yoast SEO Premium plugin v25.4 (Yoast SEO v26.0) - https:\/\/yoast.com\/wordpress\/plugins\/seo\/ -->\n<title>Ministro do TCU cita pressa e suspende aditivo para trem no Aeroporto de Guarulhos - Ag\u00eancia iNFRA<\/title>\n<meta name=\"robots\" content=\"index, follow, max-snippet:-1, max-image-preview:large, max-video-preview:-1\" \/>\n<link rel=\"canonical\" href=\"https:\/\/agenciainfra.com\/blog\/ministro-do-tcu-cita-pressa-e-suspende-aditivo-para-trem-no-aeroporto-de-guarulhos-sp\/\" \/>\n<meta property=\"og:locale\" content=\"pt_BR\" \/>\n<meta property=\"og:type\" content=\"article\" \/>\n<meta property=\"og:title\" content=\"Ministro do TCU cita pressa e suspende aditivo para trem no Aeroporto de Guarulhos\" \/>\n<meta property=\"og:description\" content=\"Dimmi Amora, da&nbsp;Ag\u00eancia iNFRA O ministro Vital do R\u00eago, do TCU (Tribunal de Contas da Uni\u00e3o), determinou em medida cautelar monocr\u00e1tica a suspens\u00e3o do termo aditivo assinado entre a ANAC (Ag\u00eancia Nacional de Avia\u00e7\u00e3o Civil) e a GRU Airport, concession\u00e1ria do Aeroporto de Guarulhos (SP), para a implanta\u00e7\u00e3o de um sistema de transporte de passageiros [&hellip;]\" \/>\n<meta property=\"og:url\" content=\"https:\/\/agenciainfra.com\/blog\/ministro-do-tcu-cita-pressa-e-suspende-aditivo-para-trem-no-aeroporto-de-guarulhos-sp\/\" \/>\n<meta property=\"og:site_name\" content=\"Ag\u00eancia iNFRA\" \/>\n<meta property=\"article:publisher\" content=\"https:\/\/www.facebook.com\/ageninfra\" \/>\n<meta property=\"article:published_time\" content=\"2021-09-20T11:00:00+00:00\" \/>\n<meta property=\"og:image\" content=\"https:\/\/agenciainfra.com\/blog\/wp-content\/uploads\/2021\/09\/aeroporto-de-guarulhos-foto-rovena-rosa-agencia-brasil.jpg\" \/>\n\t<meta property=\"og:image:width\" content=\"1280\" \/>\n\t<meta property=\"og:image:height\" content=\"851\" \/>\n\t<meta property=\"og:image:type\" content=\"image\/jpeg\" \/>\n<meta name=\"author\" content=\"Ag\u00eancia iNFRA\" \/>\n<meta name=\"twitter:card\" content=\"summary_large_image\" \/>\n<meta name=\"twitter:creator\" content=\"@agencia_infra\" \/>\n<meta name=\"twitter:site\" content=\"@agencia_infra\" \/>\n<meta name=\"twitter:label1\" content=\"Escrito por\" \/>\n\t<meta name=\"twitter:data1\" content=\"Ag\u00eancia iNFRA\" \/>\n\t<meta name=\"twitter:label2\" content=\"Est. tempo de leitura\" \/>\n\t<meta name=\"twitter:data2\" content=\"5 minutos\" \/>\n<script type=\"application\/ld+json\" class=\"yoast-schema-graph\">{\"@context\":\"https:\/\/schema.org\",\"@graph\":[{\"@type\":\"Article\",\"@id\":\"https:\/\/agenciainfra.com\/blog\/ministro-do-tcu-cita-pressa-e-suspende-aditivo-para-trem-no-aeroporto-de-guarulhos-sp\/#article\",\"isPartOf\":{\"@id\":\"https:\/\/agenciainfra.com\/blog\/ministro-do-tcu-cita-pressa-e-suspende-aditivo-para-trem-no-aeroporto-de-guarulhos-sp\/\"},\"author\":{\"name\":\"Ag\u00eancia iNFRA\",\"@id\":\"https:\/\/agenciainfra.com\/blog\/#\/schema\/person\/34af08dff6adea4cb22b06612ba7acfa\"},\"headline\":\"Ministro do TCU cita pressa e suspende aditivo para trem no Aeroporto de Guarulhos\",\"datePublished\":\"2021-09-20T11:00:00+00:00\",\"mainEntityOfPage\":{\"@id\":\"https:\/\/agenciainfra.com\/blog\/ministro-do-tcu-cita-pressa-e-suspende-aditivo-para-trem-no-aeroporto-de-guarulhos-sp\/\"},\"wordCount\":1039,\"publisher\":{\"@id\":\"https:\/\/agenciainfra.com\/blog\/#organization\"},\"image\":{\"@id\":\"https:\/\/agenciainfra.com\/blog\/ministro-do-tcu-cita-pressa-e-suspende-aditivo-para-trem-no-aeroporto-de-guarulhos-sp\/#primaryimage\"},\"thumbnailUrl\":\"https:\/\/agenciainfra.com\/blog\/wp-content\/uploads\/2021\/09\/aeroporto-de-guarulhos-foto-rovena-rosa-agencia-brasil.jpg\",\"keywords\":[\"Aeroporto de Guarulhos\",\"ANAC\",\"avia\u00e7\u00e3o civil\",\"CPTM\",\"Minist\u00e9rio da Infraestrutura\",\"People Mover\",\"TCU\",\"transporte a\u00e9reo\",\"transporte de passageiros\",\"Vital do R\u00eago\"],\"articleSection\":[\"Geral\",\"iNFRATransporte\"],\"inLanguage\":\"pt-BR\",\"copyrightYear\":\"2021\",\"copyrightHolder\":{\"@id\":\"https:\/\/agenciainfra.com\/blog\/#organization\"}},{\"@type\":\"WebPage\",\"@id\":\"https:\/\/agenciainfra.com\/blog\/ministro-do-tcu-cita-pressa-e-suspende-aditivo-para-trem-no-aeroporto-de-guarulhos-sp\/\",\"url\":\"https:\/\/agenciainfra.com\/blog\/ministro-do-tcu-cita-pressa-e-suspende-aditivo-para-trem-no-aeroporto-de-guarulhos-sp\/\",\"name\":\"Ministro do TCU cita pressa e suspende aditivo para trem no Aeroporto de Guarulhos - Ag\u00eancia iNFRA\",\"isPartOf\":{\"@id\":\"https:\/\/agenciainfra.com\/blog\/#website\"},\"primaryImageOfPage\":{\"@id\":\"https:\/\/agenciainfra.com\/blog\/ministro-do-tcu-cita-pressa-e-suspende-aditivo-para-trem-no-aeroporto-de-guarulhos-sp\/#primaryimage\"},\"image\":{\"@id\":\"https:\/\/agenciainfra.com\/blog\/ministro-do-tcu-cita-pressa-e-suspende-aditivo-para-trem-no-aeroporto-de-guarulhos-sp\/#primaryimage\"},\"thumbnailUrl\":\"https:\/\/agenciainfra.com\/blog\/wp-content\/uploads\/2021\/09\/aeroporto-de-guarulhos-foto-rovena-rosa-agencia-brasil.jpg\",\"datePublished\":\"2021-09-20T11:00:00+00:00\",\"breadcrumb\":{\"@id\":\"https:\/\/agenciainfra.com\/blog\/ministro-do-tcu-cita-pressa-e-suspende-aditivo-para-trem-no-aeroporto-de-guarulhos-sp\/#breadcrumb\"},\"inLanguage\":\"pt-BR\",\"potentialAction\":[{\"@type\":\"ReadAction\",\"target\":[\"https:\/\/agenciainfra.com\/blog\/ministro-do-tcu-cita-pressa-e-suspende-aditivo-para-trem-no-aeroporto-de-guarulhos-sp\/\"]}]},{\"@type\":\"ImageObject\",\"inLanguage\":\"pt-BR\",\"@id\":\"https:\/\/agenciainfra.com\/blog\/ministro-do-tcu-cita-pressa-e-suspende-aditivo-para-trem-no-aeroporto-de-guarulhos-sp\/#primaryimage\",\"url\":\"https:\/\/agenciainfra.com\/blog\/wp-content\/uploads\/2021\/09\/aeroporto-de-guarulhos-foto-rovena-rosa-agencia-brasil.jpg\",\"contentUrl\":\"https:\/\/agenciainfra.com\/blog\/wp-content\/uploads\/2021\/09\/aeroporto-de-guarulhos-foto-rovena-rosa-agencia-brasil.jpg\",\"width\":1280,\"height\":851,\"caption\":\"Foto: Rovena Rosa\/Ag\u00eancia Brasil\"},{\"@type\":\"BreadcrumbList\",\"@id\":\"https:\/\/agenciainfra.com\/blog\/ministro-do-tcu-cita-pressa-e-suspende-aditivo-para-trem-no-aeroporto-de-guarulhos-sp\/#breadcrumb\",\"itemListElement\":[{\"@type\":\"ListItem\",\"position\":1,\"name\":\"In\u00edcio\",\"item\":\"https:\/\/agenciainfra.com\/blog\/\"},{\"@type\":\"ListItem\",\"position\":2,\"name\":\"Ministro do TCU cita pressa e suspende aditivo para trem no Aeroporto de Guarulhos\"}]},{\"@type\":\"WebSite\",\"@id\":\"https:\/\/agenciainfra.com\/blog\/#website\",\"url\":\"https:\/\/agenciainfra.com\/blog\/\",\"name\":\"Ag\u00eancia iNFRA\",\"description\":\"Multiplataforma de informa\u00e7\u00e3o jornal\u00edstica refer\u00eancia na \u00e1rea de infraestrutura no Brasil!\",\"publisher\":{\"@id\":\"https:\/\/agenciainfra.com\/blog\/#organization\"},\"potentialAction\":[{\"@type\":\"SearchAction\",\"target\":{\"@type\":\"EntryPoint\",\"urlTemplate\":\"https:\/\/agenciainfra.com\/blog\/?s={search_term_string}\"},\"query-input\":{\"@type\":\"PropertyValueSpecification\",\"valueRequired\":true,\"valueName\":\"search_term_string\"}}],\"inLanguage\":\"pt-BR\"},{\"@type\":\"Organization\",\"@id\":\"https:\/\/agenciainfra.com\/blog\/#organization\",\"name\":\"Ag\u00eancia iNFRA\",\"url\":\"https:\/\/agenciainfra.com\/blog\/\",\"logo\":{\"@type\":\"ImageObject\",\"inLanguage\":\"pt-BR\",\"@id\":\"https:\/\/agenciainfra.com\/blog\/#\/schema\/logo\/image\/\",\"url\":\"https:\/\/agenciainfra.com\/blog\/wp-content\/uploads\/2023\/09\/iNFRA_5-e1761735885940.png\",\"contentUrl\":\"https:\/\/agenciainfra.com\/blog\/wp-content\/uploads\/2023\/09\/iNFRA_5-e1761735885940.png\",\"width\":1672,\"height\":454,\"caption\":\"Ag\u00eancia iNFRA\"},\"image\":{\"@id\":\"https:\/\/agenciainfra.com\/blog\/#\/schema\/logo\/image\/\"},\"sameAs\":[\"https:\/\/www.facebook.com\/ageninfra\",\"https:\/\/x.com\/agencia_infra\",\"https:\/\/www.linkedin.com\/company\/ag\u00eanciainfra\/\",\"https:\/\/www.instagram.com\/agenciainfra\/\"]},{\"@type\":\"Person\",\"@id\":\"https:\/\/agenciainfra.com\/blog\/#\/schema\/person\/34af08dff6adea4cb22b06612ba7acfa\",\"name\":\"Ag\u00eancia iNFRA\",\"image\":{\"@type\":\"ImageObject\",\"inLanguage\":\"pt-BR\",\"@id\":\"https:\/\/agenciainfra.com\/blog\/#\/schema\/person\/image\/\",\"url\":\"https:\/\/secure.gravatar.com\/avatar\/d189e01678f06d8eb84d4e01f08eb848b3fffe3f8443818d3c356c66892f5be8?s=96&d=mm&r=g\",\"contentUrl\":\"https:\/\/secure.gravatar.com\/avatar\/d189e01678f06d8eb84d4e01f08eb848b3fffe3f8443818d3c356c66892f5be8?s=96&d=mm&r=g\",\"caption\":\"Ag\u00eancia iNFRA\"},\"url\":\"https:\/\/agenciainfra.com\/blog\/author\/admin\/\"}]}<\/script>\n<!-- \/ Yoast SEO Premium plugin. -->","yoast_head_json":{"title":"Ministro do TCU cita pressa e suspende aditivo para trem no Aeroporto de Guarulhos - Ag\u00eancia iNFRA","robots":{"index":"index","follow":"follow","max-snippet":"max-snippet:-1","max-image-preview":"max-image-preview:large","max-video-preview":"max-video-preview:-1"},"canonical":"https:\/\/agenciainfra.com\/blog\/ministro-do-tcu-cita-pressa-e-suspende-aditivo-para-trem-no-aeroporto-de-guarulhos-sp\/","og_locale":"pt_BR","og_type":"article","og_title":"Ministro do TCU cita pressa e suspende aditivo para trem no Aeroporto de Guarulhos","og_description":"Dimmi Amora, da&nbsp;Ag\u00eancia iNFRA O ministro Vital do R\u00eago, do TCU (Tribunal de Contas da Uni\u00e3o), determinou em medida cautelar monocr\u00e1tica a suspens\u00e3o do termo aditivo assinado entre a ANAC (Ag\u00eancia Nacional de Avia\u00e7\u00e3o Civil) e a GRU Airport, concession\u00e1ria do Aeroporto de Guarulhos (SP), para a implanta\u00e7\u00e3o de um sistema de transporte de passageiros [&hellip;]","og_url":"https:\/\/agenciainfra.com\/blog\/ministro-do-tcu-cita-pressa-e-suspende-aditivo-para-trem-no-aeroporto-de-guarulhos-sp\/","og_site_name":"Ag\u00eancia iNFRA","article_publisher":"https:\/\/www.facebook.com\/ageninfra","article_published_time":"2021-09-20T11:00:00+00:00","og_image":[{"width":1280,"height":851,"url":"https:\/\/agenciainfra.com\/blog\/wp-content\/uploads\/2021\/09\/aeroporto-de-guarulhos-foto-rovena-rosa-agencia-brasil.jpg","type":"image\/jpeg"}],"author":"Ag\u00eancia iNFRA","twitter_card":"summary_large_image","twitter_creator":"@agencia_infra","twitter_site":"@agencia_infra","twitter_misc":{"Escrito por":"Ag\u00eancia iNFRA","Est. tempo de leitura":"5 minutos"},"schema":{"@context":"https:\/\/schema.org","@graph":[{"@type":"Article","@id":"https:\/\/agenciainfra.com\/blog\/ministro-do-tcu-cita-pressa-e-suspende-aditivo-para-trem-no-aeroporto-de-guarulhos-sp\/#article","isPartOf":{"@id":"https:\/\/agenciainfra.com\/blog\/ministro-do-tcu-cita-pressa-e-suspende-aditivo-para-trem-no-aeroporto-de-guarulhos-sp\/"},"author":{"name":"Ag\u00eancia iNFRA","@id":"https:\/\/agenciainfra.com\/blog\/#\/schema\/person\/34af08dff6adea4cb22b06612ba7acfa"},"headline":"Ministro do TCU cita pressa e suspende aditivo para trem no Aeroporto de Guarulhos","datePublished":"2021-09-20T11:00:00+00:00","mainEntityOfPage":{"@id":"https:\/\/agenciainfra.com\/blog\/ministro-do-tcu-cita-pressa-e-suspende-aditivo-para-trem-no-aeroporto-de-guarulhos-sp\/"},"wordCount":1039,"publisher":{"@id":"https:\/\/agenciainfra.com\/blog\/#organization"},"image":{"@id":"https:\/\/agenciainfra.com\/blog\/ministro-do-tcu-cita-pressa-e-suspende-aditivo-para-trem-no-aeroporto-de-guarulhos-sp\/#primaryimage"},"thumbnailUrl":"https:\/\/agenciainfra.com\/blog\/wp-content\/uploads\/2021\/09\/aeroporto-de-guarulhos-foto-rovena-rosa-agencia-brasil.jpg","keywords":["Aeroporto de Guarulhos","ANAC","avia\u00e7\u00e3o civil","CPTM","Minist\u00e9rio da Infraestrutura","People Mover","TCU","transporte a\u00e9reo","transporte de passageiros","Vital do R\u00eago"],"articleSection":["Geral","iNFRATransporte"],"inLanguage":"pt-BR","copyrightYear":"2021","copyrightHolder":{"@id":"https:\/\/agenciainfra.com\/blog\/#organization"}},{"@type":"WebPage","@id":"https:\/\/agenciainfra.com\/blog\/ministro-do-tcu-cita-pressa-e-suspende-aditivo-para-trem-no-aeroporto-de-guarulhos-sp\/","url":"https:\/\/agenciainfra.com\/blog\/ministro-do-tcu-cita-pressa-e-suspende-aditivo-para-trem-no-aeroporto-de-guarulhos-sp\/","name":"Ministro do TCU cita pressa e suspende aditivo para trem no Aeroporto de Guarulhos - Ag\u00eancia iNFRA","isPartOf":{"@id":"https:\/\/agenciainfra.com\/blog\/#website"},"primaryImageOfPage":{"@id":"https:\/\/agenciainfra.com\/blog\/ministro-do-tcu-cita-pressa-e-suspende-aditivo-para-trem-no-aeroporto-de-guarulhos-sp\/#primaryimage"},"image":{"@id":"https:\/\/agenciainfra.com\/blog\/ministro-do-tcu-cita-pressa-e-suspende-aditivo-para-trem-no-aeroporto-de-guarulhos-sp\/#primaryimage"},"thumbnailUrl":"https:\/\/agenciainfra.com\/blog\/wp-content\/uploads\/2021\/09\/aeroporto-de-guarulhos-foto-rovena-rosa-agencia-brasil.jpg","datePublished":"2021-09-20T11:00:00+00:00","breadcrumb":{"@id":"https:\/\/agenciainfra.com\/blog\/ministro-do-tcu-cita-pressa-e-suspende-aditivo-para-trem-no-aeroporto-de-guarulhos-sp\/#breadcrumb"},"inLanguage":"pt-BR","potentialAction":[{"@type":"ReadAction","target":["https:\/\/agenciainfra.com\/blog\/ministro-do-tcu-cita-pressa-e-suspende-aditivo-para-trem-no-aeroporto-de-guarulhos-sp\/"]}]},{"@type":"ImageObject","inLanguage":"pt-BR","@id":"https:\/\/agenciainfra.com\/blog\/ministro-do-tcu-cita-pressa-e-suspende-aditivo-para-trem-no-aeroporto-de-guarulhos-sp\/#primaryimage","url":"https:\/\/agenciainfra.com\/blog\/wp-content\/uploads\/2021\/09\/aeroporto-de-guarulhos-foto-rovena-rosa-agencia-brasil.jpg","contentUrl":"https:\/\/agenciainfra.com\/blog\/wp-content\/uploads\/2021\/09\/aeroporto-de-guarulhos-foto-rovena-rosa-agencia-brasil.jpg","width":1280,"height":851,"caption":"Foto: Rovena Rosa\/Ag\u00eancia Brasil"},{"@type":"BreadcrumbList","@id":"https:\/\/agenciainfra.com\/blog\/ministro-do-tcu-cita-pressa-e-suspende-aditivo-para-trem-no-aeroporto-de-guarulhos-sp\/#breadcrumb","itemListElement":[{"@type":"ListItem","position":1,"name":"In\u00edcio","item":"https:\/\/agenciainfra.com\/blog\/"},{"@type":"ListItem","position":2,"name":"Ministro do TCU cita pressa e suspende aditivo para trem no Aeroporto de Guarulhos"}]},{"@type":"WebSite","@id":"https:\/\/agenciainfra.com\/blog\/#website","url":"https:\/\/agenciainfra.com\/blog\/","name":"Ag\u00eancia iNFRA","description":"Multiplataforma de informa\u00e7\u00e3o jornal\u00edstica refer\u00eancia na \u00e1rea de infraestrutura no Brasil!","publisher":{"@id":"https:\/\/agenciainfra.com\/blog\/#organization"},"potentialAction":[{"@type":"SearchAction","target":{"@type":"EntryPoint","urlTemplate":"https:\/\/agenciainfra.com\/blog\/?s={search_term_string}"},"query-input":{"@type":"PropertyValueSpecification","valueRequired":true,"valueName":"search_term_string"}}],"inLanguage":"pt-BR"},{"@type":"Organization","@id":"https:\/\/agenciainfra.com\/blog\/#organization","name":"Ag\u00eancia iNFRA","url":"https:\/\/agenciainfra.com\/blog\/","logo":{"@type":"ImageObject","inLanguage":"pt-BR","@id":"https:\/\/agenciainfra.com\/blog\/#\/schema\/logo\/image\/","url":"https:\/\/agenciainfra.com\/blog\/wp-content\/uploads\/2023\/09\/iNFRA_5-e1761735885940.png","contentUrl":"https:\/\/agenciainfra.com\/blog\/wp-content\/uploads\/2023\/09\/iNFRA_5-e1761735885940.png","width":1672,"height":454,"caption":"Ag\u00eancia iNFRA"},"image":{"@id":"https:\/\/agenciainfra.com\/blog\/#\/schema\/logo\/image\/"},"sameAs":["https:\/\/www.facebook.com\/ageninfra","https:\/\/x.com\/agencia_infra","https:\/\/www.linkedin.com\/company\/ag\u00eanciainfra\/","https:\/\/www.instagram.com\/agenciainfra\/"]},{"@type":"Person","@id":"https:\/\/agenciainfra.com\/blog\/#\/schema\/person\/34af08dff6adea4cb22b06612ba7acfa","name":"Ag\u00eancia iNFRA","image":{"@type":"ImageObject","inLanguage":"pt-BR","@id":"https:\/\/agenciainfra.com\/blog\/#\/schema\/person\/image\/","url":"https:\/\/secure.gravatar.com\/avatar\/d189e01678f06d8eb84d4e01f08eb848b3fffe3f8443818d3c356c66892f5be8?s=96&d=mm&r=g","contentUrl":"https:\/\/secure.gravatar.com\/avatar\/d189e01678f06d8eb84d4e01f08eb848b3fffe3f8443818d3c356c66892f5be8?s=96&d=mm&r=g","caption":"Ag\u00eancia iNFRA"},"url":"https:\/\/agenciainfra.com\/blog\/author\/admin\/"}]}},"_links":{"self":[{"href":"https:\/\/agenciainfra.com\/blog\/wp-json\/wp\/v2\/posts\/8338","targetHints":{"allow":["GET"]}}],"collection":[{"href":"https:\/\/agenciainfra.com\/blog\/wp-json\/wp\/v2\/posts"}],"about":[{"href":"https:\/\/agenciainfra.com\/blog\/wp-json\/wp\/v2\/types\/post"}],"author":[{"embeddable":true,"href":"https:\/\/agenciainfra.com\/blog\/wp-json\/wp\/v2\/users\/1"}],"replies":[{"embeddable":true,"href":"https:\/\/agenciainfra.com\/blog\/wp-json\/wp\/v2\/comments?post=8338"}],"version-history":[{"count":0,"href":"https:\/\/agenciainfra.com\/blog\/wp-json\/wp\/v2\/posts\/8338\/revisions"}],"wp:featuredmedia":[{"embeddable":true,"href":"https:\/\/agenciainfra.com\/blog\/wp-json\/wp\/v2\/media\/8341"}],"wp:attachment":[{"href":"https:\/\/agenciainfra.com\/blog\/wp-json\/wp\/v2\/media?parent=8338"}],"wp:term":[{"taxonomy":"category","embeddable":true,"href":"https:\/\/agenciainfra.com\/blog\/wp-json\/wp\/v2\/categories?post=8338"},{"taxonomy":"post_tag","embeddable":true,"href":"https:\/\/agenciainfra.com\/blog\/wp-json\/wp\/v2\/tags?post=8338"}],"curies":[{"name":"wp","href":"https:\/\/api.w.org\/{rel}","templated":true}]}}