{"id":8353,"date":"2021-09-21T08:00:00","date_gmt":"2021-09-21T11:00:00","guid":{"rendered":"https:\/\/www.agenciainfra.com\/blog\/?p=8353"},"modified":"2021-09-20T11:45:40","modified_gmt":"2021-09-20T14:45:40","slug":"minfra-quer-propor-no-plenario-do-senado-mudancas-no-relatorio-do-br-do-mar","status":"publish","type":"post","link":"https:\/\/agenciainfra.com\/blog\/minfra-quer-propor-no-plenario-do-senado-mudancas-no-relatorio-do-br-do-mar\/","title":{"rendered":"Minfra quer propor no plen\u00e1rio do Senado mudan\u00e7as no relat\u00f3rio do BR do Mar"},"content":{"rendered":"\n<p class=\"has-text-align-right\"><strong>Dimmi Amora, da&nbsp;Ag\u00eancia iNFRA<\/strong><\/p>\n\n\n\n<p>O relat\u00f3rio com as altera\u00e7\u00f5es propostas pelo senador Nelsinho Trad (PSD-MS) para o PL 4.199\/2020, o BR do Mar, foi feito em acordo com o&nbsp;Minist\u00e9rio da Infraestrutura para a maior parte das mudan\u00e7as. Mas em&nbsp;dois temas a inten\u00e7\u00e3o da pasta \u00e9 tentar reverter as mudan\u00e7as: a&nbsp;altera\u00e7\u00e3o de regras da praticagem e o bloqueio a embarca\u00e7\u00f5es estrangeiras.<br><br>\u00c9 o que declarou o secret\u00e1rio de Portos e Transportes Aquavi\u00e1rios, Diogo Piloni, \u00e0&nbsp;<strong>Ag\u00eancia iNFRA<\/strong>. De acordo com o secret\u00e1rio, o relator fez o que \u00e9 necess\u00e1rio para que o projeto possa ser votado e altera\u00e7\u00f5es eram previstas desde que a proposta passou pela C\u00e2mara no fim de 2020.<br><br>Diante de um ambiente pol\u00edtico dif\u00edcil enfrentado pelo governo no momento, Piloni afirmou que Trad teve &#8220;muita habilidade&#8221; para construir uma proposta que pudesse andar na Casa legislativa e ficasse pronta para ser votada.<br><br>Piloni afirmou ainda que a pasta era contr\u00e1ria \u00e0 amplia\u00e7\u00e3o do prazo de quatro anos para mais de seis anos de&nbsp;entrada em vigor da regra que permite afretar navios estrangeiros a casco nu (sem tripula\u00e7\u00e3o estrangeira) sem a necessidade de ter navios nacionais (lastro). Mas disse que n\u00e3o haver\u00e1 oposi\u00e7\u00e3o do governo a essa&nbsp;mudan\u00e7a para que seja poss\u00edvel o consenso para aprova\u00e7\u00e3o.<br><br>J\u00e1 em rela\u00e7\u00e3o aos temas de praticagem e bloqueio a embarca\u00e7\u00f5es estrangeiras, Piloni afirmou que, dentro das possibilidades existentes nas vota\u00e7\u00f5es, o governo vai indicar que sejam destacados para vota\u00e7\u00e3o em separado e, ent\u00e3o, vai ser decidido pelos senadores se a proposta ser\u00e1 aprovada ou n\u00e3o. No processo de vota\u00e7\u00e3o, \u00e9 poss\u00edvel aprovar o proposta como foi encaminhada pelo relator e pedir que alguns temas sejam apreciados separadamente.<br><br><strong>Vista coletiva<\/strong><br>Trad apresentou sua proposta na ter\u00e7a-feira da semana passada na Comiss\u00e3o de Assuntos Econ\u00f4micos do Senado e abriu per\u00edodo de vista coletiva. O relator disse que acatou pelo menos algum ponto de todos os senadores que fizeram emendas. Na reuni\u00e3o, a maioria dos senadores apoiou a proposta.<br><br>Na \u00faltima sexta-feira (17), ele acatou parcialmente mais uma emenda da senadora K\u00e1tia Abreu (Emenda 1) e integralmente uma do senador Eduardo Braga (MDB-AM) (emenda 13). A primeira trata do chamado bloqueio a navios estrangeiros de pegar fretes na cabotagem e a segunda sobre o AFRMM (Adicional de Frete da Marinha Mercante).<br><br>Segundo Piloni, as regras que as emendas da senadora Abreu querem alterar na proposta do BR do Mar para o bloqueio a navios estrangeiros s\u00e3o prejudiciais \u00e0 proposta apresentada, que tem o intuito de ampliar a frota nacional em embarca\u00e7\u00f5es para a cabotagem. Na defesa das emendas, a senadora informa que a regra aprovada na C\u00e2mara \u201ctorna o mercado menos competitivo\u201d.<br><br><strong>Regras complexas<\/strong><br>As regras de bloqueio s\u00e3o complexas. Pela lei, s\u00f3 navios nacionais podem fazer cabotagem, exceto quando n\u00e3o houver navios nacionais para fazer o&nbsp;transporte. Para saber se n\u00e3o h\u00e1 navios nacionais, foi criado um mecanismo chamado circulariza\u00e7\u00e3o, no qual a empresa que deseja fazer um frete num navio estrangeiro informa \u00e0s nacionais. Se uma empresa disser que pode fazer com navio nacional, ent\u00e3o ocorre o bloqueio \u00e0 circulariza\u00e7\u00e3o, ou seja, o transporte da carga \u00e9 vetado ao estrangeiro.<br><br>A proposta do governo amplia a possibilidade de bloqueio. Em vez de ser somente com navios nacionais, ele tamb\u00e9m poder\u00e1 ser feito com os navios estrangeiros que forem afretados nas possibilidades existentes de afretamento que forem aprovadas no BR do Mar.<br><br>Na pr\u00e1tica, isso imporia severas restri\u00e7\u00f5es a um tipo de mercado de empresas nacionais que utilizam tamb\u00e9m de navios estrangeiros em tr\u00e2nsito pela costa para levar cargas de cabotagem. Transportar em navios estrangeiros com tripula\u00e7\u00e3o estrangeira tem custo mais baixo que o dos navios nacionais, o que reflete nos pre\u00e7os aos usu\u00e1rios.<br><br><strong>Desvirtuamento do projeto<\/strong><br>As emendas da senadora K\u00e1tia Abreu s\u00e3o no intuito de retomar as regras que permitem menos bloqueios. Foi criado um escalonamento para que navios nacionais tenham prioridade para bloquear e n\u00e3o possa haver restri\u00e7\u00e3o de tempo para que os estrangeiros fa\u00e7am fretes nessa modalidade.<br><br>Diogo Piloni diz que as altera\u00e7\u00f5es propostas pela senadora desvirtuam a inten\u00e7\u00e3o do projeto de incentivar forma\u00e7\u00e3o de frota nacional e, por isso, o governo vai tentar reverter a mudan\u00e7a na vota\u00e7\u00e3o em plen\u00e1rio.<\/p>\n\n\n\n<p>Para ele, o argumento do governo de que \u00e9 preciso refor\u00e7ar os mecanismos de incentivo \u00e0 frota nacional se refor\u00e7am no momento atual, no qual os pre\u00e7os dos fretes internacionais aumentaram mais de seis vezes e h\u00e1 falta de cont\u00eaineres no mercado.<br><br>\u201cEst\u00e1 muito claro o risco de estar submetido \u00e0 exposi\u00e7\u00e3o do mercado internacional. Temos tranquilidade que vamos conseguir explicar aos senadores esse risco\u201d, disse Piloni.<br><br><strong>Aumento dos pre\u00e7os ao consumidor<\/strong><br>Abrah\u00e3o Salom\u00e3o, diretor da associa\u00e7\u00e3o Log\u00edstica Brasil e CEO da empresa de navega\u00e7\u00e3o Posid\u00f4nia Shipping, disse que antes do envio da proposta ao Parlamento, o diretor da Secretaria de Portos, Dino Antunes, afirmou que os navios estrangeiros que fossem afretados via BR do Mar n\u00e3o poderiam fazer bloqueio e que, depois, foi feita mudan\u00e7a de entendimento por determina\u00e7\u00e3o do ministro Tarc\u00edsio de Freitas.<br><br>Segundo ele, as regras do BR do Mar j\u00e1 s\u00e3o restritivas, beneficiam as empresas que cartelizam&nbsp;mais de 90% do mercado e n\u00e3o ter\u00e3o o poder de desconcentrar o mercado. Se houver amplia\u00e7\u00e3o do bloqueio, para ele, haver\u00e1 mais preju\u00edzo para os usu\u00e1rios e aumento dos pre\u00e7os dos fretes e, por consequ\u00eancia, ao consumidor.<br><br>\u201cA proposta do senador [Trad] \u00e9 um grande avan\u00e7o. Eles [minist\u00e9rio] sempre disseram que isso nunca seria proposto. Quanto menos poder tiver na m\u00e3o do executivo, menor a possibilidade de inconstitucionalidade\u201d, disse Salom\u00e3o.<br><br><strong>Praticagem<\/strong><br>Outras regras \u00e0s quais o governo vai propor altera\u00e7\u00f5es em plen\u00e1rio s\u00e3o as relativas \u00e0s emendas do senador Lucas Barreto (PSC-AP) que fizeram altera\u00e7\u00f5es nas normas da praticagem. Na vis\u00e3o do secret\u00e1rio, as emendas ampliam o monop\u00f3lio da praticagem sem a devida possibilidade de regula\u00e7\u00e3o econ\u00f4mica dessa atividade, o que o governo \u00e9 contra.<\/p>\n\n\n\n<p>O Conselho Nacional de Praticagem informou, em nota \u00e0&nbsp;<strong>Ag\u00eancia iNFRA<\/strong>, que a praticagem foi inclu\u00edda no BR do Mar pelo pr\u00f3prio governo, na proposta aprovada na C\u00e2mara de Deputados, sendo considerada portanto pertinente ao assunto. As emendas do senador Lucas Barreto pretendem corrigir a forma equivocada como a praticagem foi inserida no projeto, garantindo seguran\u00e7a jur\u00eddica e consolidando o modelo da atividade no Brasil, que segue o padr\u00e3o mundial e privilegia a seguran\u00e7a e efici\u00eancia do tr\u00e1fego aquavi\u00e1rio.<\/p>\n","protected":false},"excerpt":{"rendered":"<p>Dimmi Amora, da&nbsp;Ag\u00eancia iNFRA O relat\u00f3rio com as altera\u00e7\u00f5es propostas pelo senador Nelsinho Trad (PSD-MS) para o PL 4.199\/2020, o BR do Mar, foi feito em acordo com o&nbsp;Minist\u00e9rio da Infraestrutura para a maior parte das mudan\u00e7as. Mas em&nbsp;dois temas a inten\u00e7\u00e3o da pasta \u00e9 tentar reverter as mudan\u00e7as: a&nbsp;altera\u00e7\u00e3o de regras da praticagem e [&hellip;]<\/p>\n","protected":false},"author":1,"featured_media":4519,"comment_status":"closed","ping_status":"closed","sticky":false,"template":"","format":"standard","meta":{"_monsterinsights_skip_tracking":false,"_monsterinsights_sitenote_active":false,"_monsterinsights_sitenote_note":"","_monsterinsights_sitenote_category":0,"footnotes":""},"categories":[1,7],"tags":[1245,811,3638,2484,1246,4354,5004,70],"class_list":["post-8353","post","type-post","status-publish","format-standard","has-post-thumbnail","hentry","category-geral","category-infratransporte","tag-br-do-mar","tag-diogo-piloni","tag-nelsinho-trad","tag-pl-4-199-2020","tag-secretaria-de-portos-e-transportes-aquaviarios","tag-senado-federal","tag-trafego-aquaviario","tag-transportes"],"yoast_head":"<!-- This site is optimized with the Yoast SEO Premium plugin v25.4 (Yoast SEO v26.0) - https:\/\/yoast.com\/wordpress\/plugins\/seo\/ -->\n<title>Minfra quer propor no plen\u00e1rio do Senado mudan\u00e7as no relat\u00f3rio do BR do Mar - Ag\u00eancia iNFRA<\/title>\n<meta name=\"robots\" content=\"index, follow, max-snippet:-1, max-image-preview:large, max-video-preview:-1\" \/>\n<link rel=\"canonical\" href=\"https:\/\/agenciainfra.com\/blog\/minfra-quer-propor-no-plenario-do-senado-mudancas-no-relatorio-do-br-do-mar\/\" \/>\n<meta property=\"og:locale\" content=\"pt_BR\" \/>\n<meta property=\"og:type\" content=\"article\" \/>\n<meta property=\"og:title\" content=\"Minfra quer propor no plen\u00e1rio do Senado mudan\u00e7as no relat\u00f3rio do BR do Mar\" \/>\n<meta property=\"og:description\" content=\"Dimmi Amora, da&nbsp;Ag\u00eancia iNFRA O relat\u00f3rio com as altera\u00e7\u00f5es propostas pelo senador Nelsinho Trad (PSD-MS) para o PL 4.199\/2020, o BR do Mar, foi feito em acordo com o&nbsp;Minist\u00e9rio da Infraestrutura para a maior parte das mudan\u00e7as. Mas em&nbsp;dois temas a inten\u00e7\u00e3o da pasta \u00e9 tentar reverter as mudan\u00e7as: a&nbsp;altera\u00e7\u00e3o de regras da praticagem e [&hellip;]\" \/>\n<meta property=\"og:url\" content=\"https:\/\/agenciainfra.com\/blog\/minfra-quer-propor-no-plenario-do-senado-mudancas-no-relatorio-do-br-do-mar\/\" \/>\n<meta property=\"og:site_name\" content=\"Ag\u00eancia iNFRA\" \/>\n<meta property=\"article:publisher\" content=\"https:\/\/www.facebook.com\/ageninfra\" \/>\n<meta property=\"article:published_time\" content=\"2021-09-21T11:00:00+00:00\" \/>\n<meta property=\"og:image\" content=\"https:\/\/agenciainfra.com\/blog\/wp-content\/uploads\/2020\/03\/navio-carga-dominio-publico.jpg\" \/>\n\t<meta property=\"og:image:width\" content=\"1280\" \/>\n\t<meta property=\"og:image:height\" content=\"852\" \/>\n\t<meta property=\"og:image:type\" content=\"image\/jpeg\" \/>\n<meta name=\"author\" content=\"Ag\u00eancia iNFRA\" \/>\n<meta name=\"twitter:card\" content=\"summary_large_image\" \/>\n<meta name=\"twitter:creator\" content=\"@agencia_infra\" \/>\n<meta name=\"twitter:site\" content=\"@agencia_infra\" \/>\n<meta name=\"twitter:label1\" content=\"Escrito por\" \/>\n\t<meta name=\"twitter:data1\" content=\"Ag\u00eancia iNFRA\" \/>\n\t<meta name=\"twitter:label2\" content=\"Est. tempo de leitura\" \/>\n\t<meta name=\"twitter:data2\" content=\"6 minutos\" \/>\n<script type=\"application\/ld+json\" class=\"yoast-schema-graph\">{\"@context\":\"https:\/\/schema.org\",\"@graph\":[{\"@type\":\"Article\",\"@id\":\"https:\/\/agenciainfra.com\/blog\/minfra-quer-propor-no-plenario-do-senado-mudancas-no-relatorio-do-br-do-mar\/#article\",\"isPartOf\":{\"@id\":\"https:\/\/agenciainfra.com\/blog\/minfra-quer-propor-no-plenario-do-senado-mudancas-no-relatorio-do-br-do-mar\/\"},\"author\":{\"name\":\"Ag\u00eancia iNFRA\",\"@id\":\"https:\/\/agenciainfra.com\/blog\/#\/schema\/person\/34af08dff6adea4cb22b06612ba7acfa\"},\"headline\":\"Minfra quer propor no plen\u00e1rio do Senado mudan\u00e7as no relat\u00f3rio do BR do Mar\",\"datePublished\":\"2021-09-21T11:00:00+00:00\",\"mainEntityOfPage\":{\"@id\":\"https:\/\/agenciainfra.com\/blog\/minfra-quer-propor-no-plenario-do-senado-mudancas-no-relatorio-do-br-do-mar\/\"},\"wordCount\":1174,\"publisher\":{\"@id\":\"https:\/\/agenciainfra.com\/blog\/#organization\"},\"image\":{\"@id\":\"https:\/\/agenciainfra.com\/blog\/minfra-quer-propor-no-plenario-do-senado-mudancas-no-relatorio-do-br-do-mar\/#primaryimage\"},\"thumbnailUrl\":\"https:\/\/agenciainfra.com\/blog\/wp-content\/uploads\/2020\/03\/navio-carga-dominio-publico.jpg\",\"keywords\":[\"BR do Mar\",\"Diogo Piloni\",\"Nelsinho Trad\",\"PL 4.199\/2020\",\"Secretaria de Portos e Transportes Aquavi\u00e1rios\",\"Senado Federal\",\"tr\u00e1fego aquavi\u00e1rio\",\"transportes\"],\"articleSection\":[\"Geral\",\"iNFRATransporte\"],\"inLanguage\":\"pt-BR\",\"copyrightYear\":\"2021\",\"copyrightHolder\":{\"@id\":\"https:\/\/agenciainfra.com\/blog\/#organization\"}},{\"@type\":\"WebPage\",\"@id\":\"https:\/\/agenciainfra.com\/blog\/minfra-quer-propor-no-plenario-do-senado-mudancas-no-relatorio-do-br-do-mar\/\",\"url\":\"https:\/\/agenciainfra.com\/blog\/minfra-quer-propor-no-plenario-do-senado-mudancas-no-relatorio-do-br-do-mar\/\",\"name\":\"Minfra quer propor no plen\u00e1rio do Senado mudan\u00e7as no relat\u00f3rio do BR do Mar - Ag\u00eancia iNFRA\",\"isPartOf\":{\"@id\":\"https:\/\/agenciainfra.com\/blog\/#website\"},\"primaryImageOfPage\":{\"@id\":\"https:\/\/agenciainfra.com\/blog\/minfra-quer-propor-no-plenario-do-senado-mudancas-no-relatorio-do-br-do-mar\/#primaryimage\"},\"image\":{\"@id\":\"https:\/\/agenciainfra.com\/blog\/minfra-quer-propor-no-plenario-do-senado-mudancas-no-relatorio-do-br-do-mar\/#primaryimage\"},\"thumbnailUrl\":\"https:\/\/agenciainfra.com\/blog\/wp-content\/uploads\/2020\/03\/navio-carga-dominio-publico.jpg\",\"datePublished\":\"2021-09-21T11:00:00+00:00\",\"breadcrumb\":{\"@id\":\"https:\/\/agenciainfra.com\/blog\/minfra-quer-propor-no-plenario-do-senado-mudancas-no-relatorio-do-br-do-mar\/#breadcrumb\"},\"inLanguage\":\"pt-BR\",\"potentialAction\":[{\"@type\":\"ReadAction\",\"target\":[\"https:\/\/agenciainfra.com\/blog\/minfra-quer-propor-no-plenario-do-senado-mudancas-no-relatorio-do-br-do-mar\/\"]}]},{\"@type\":\"ImageObject\",\"inLanguage\":\"pt-BR\",\"@id\":\"https:\/\/agenciainfra.com\/blog\/minfra-quer-propor-no-plenario-do-senado-mudancas-no-relatorio-do-br-do-mar\/#primaryimage\",\"url\":\"https:\/\/agenciainfra.com\/blog\/wp-content\/uploads\/2020\/03\/navio-carga-dominio-publico.jpg\",\"contentUrl\":\"https:\/\/agenciainfra.com\/blog\/wp-content\/uploads\/2020\/03\/navio-carga-dominio-publico.jpg\",\"width\":1280,\"height\":852},{\"@type\":\"BreadcrumbList\",\"@id\":\"https:\/\/agenciainfra.com\/blog\/minfra-quer-propor-no-plenario-do-senado-mudancas-no-relatorio-do-br-do-mar\/#breadcrumb\",\"itemListElement\":[{\"@type\":\"ListItem\",\"position\":1,\"name\":\"In\u00edcio\",\"item\":\"https:\/\/agenciainfra.com\/blog\/\"},{\"@type\":\"ListItem\",\"position\":2,\"name\":\"Minfra quer propor no plen\u00e1rio do Senado mudan\u00e7as no relat\u00f3rio do BR do Mar\"}]},{\"@type\":\"WebSite\",\"@id\":\"https:\/\/agenciainfra.com\/blog\/#website\",\"url\":\"https:\/\/agenciainfra.com\/blog\/\",\"name\":\"Ag\u00eancia iNFRA\",\"description\":\"Multiplataforma de informa\u00e7\u00e3o jornal\u00edstica refer\u00eancia na \u00e1rea de infraestrutura no Brasil!\",\"publisher\":{\"@id\":\"https:\/\/agenciainfra.com\/blog\/#organization\"},\"potentialAction\":[{\"@type\":\"SearchAction\",\"target\":{\"@type\":\"EntryPoint\",\"urlTemplate\":\"https:\/\/agenciainfra.com\/blog\/?s={search_term_string}\"},\"query-input\":{\"@type\":\"PropertyValueSpecification\",\"valueRequired\":true,\"valueName\":\"search_term_string\"}}],\"inLanguage\":\"pt-BR\"},{\"@type\":\"Organization\",\"@id\":\"https:\/\/agenciainfra.com\/blog\/#organization\",\"name\":\"Ag\u00eancia iNFRA\",\"url\":\"https:\/\/agenciainfra.com\/blog\/\",\"logo\":{\"@type\":\"ImageObject\",\"inLanguage\":\"pt-BR\",\"@id\":\"https:\/\/agenciainfra.com\/blog\/#\/schema\/logo\/image\/\",\"url\":\"https:\/\/agenciainfra.com\/blog\/wp-content\/uploads\/2023\/09\/iNFRA_5-e1761735885940.png\",\"contentUrl\":\"https:\/\/agenciainfra.com\/blog\/wp-content\/uploads\/2023\/09\/iNFRA_5-e1761735885940.png\",\"width\":1672,\"height\":454,\"caption\":\"Ag\u00eancia iNFRA\"},\"image\":{\"@id\":\"https:\/\/agenciainfra.com\/blog\/#\/schema\/logo\/image\/\"},\"sameAs\":[\"https:\/\/www.facebook.com\/ageninfra\",\"https:\/\/x.com\/agencia_infra\",\"https:\/\/www.linkedin.com\/company\/ag\u00eanciainfra\/\",\"https:\/\/www.instagram.com\/agenciainfra\/\"]},{\"@type\":\"Person\",\"@id\":\"https:\/\/agenciainfra.com\/blog\/#\/schema\/person\/34af08dff6adea4cb22b06612ba7acfa\",\"name\":\"Ag\u00eancia iNFRA\",\"image\":{\"@type\":\"ImageObject\",\"inLanguage\":\"pt-BR\",\"@id\":\"https:\/\/agenciainfra.com\/blog\/#\/schema\/person\/image\/\",\"url\":\"https:\/\/secure.gravatar.com\/avatar\/d189e01678f06d8eb84d4e01f08eb848b3fffe3f8443818d3c356c66892f5be8?s=96&d=mm&r=g\",\"contentUrl\":\"https:\/\/secure.gravatar.com\/avatar\/d189e01678f06d8eb84d4e01f08eb848b3fffe3f8443818d3c356c66892f5be8?s=96&d=mm&r=g\",\"caption\":\"Ag\u00eancia iNFRA\"},\"url\":\"https:\/\/agenciainfra.com\/blog\/author\/admin\/\"}]}<\/script>\n<!-- \/ Yoast SEO Premium plugin. -->","yoast_head_json":{"title":"Minfra quer propor no plen\u00e1rio do Senado mudan\u00e7as no relat\u00f3rio do BR do Mar - Ag\u00eancia iNFRA","robots":{"index":"index","follow":"follow","max-snippet":"max-snippet:-1","max-image-preview":"max-image-preview:large","max-video-preview":"max-video-preview:-1"},"canonical":"https:\/\/agenciainfra.com\/blog\/minfra-quer-propor-no-plenario-do-senado-mudancas-no-relatorio-do-br-do-mar\/","og_locale":"pt_BR","og_type":"article","og_title":"Minfra quer propor no plen\u00e1rio do Senado mudan\u00e7as no relat\u00f3rio do BR do Mar","og_description":"Dimmi Amora, da&nbsp;Ag\u00eancia iNFRA O relat\u00f3rio com as altera\u00e7\u00f5es propostas pelo senador Nelsinho Trad (PSD-MS) para o PL 4.199\/2020, o BR do Mar, foi feito em acordo com o&nbsp;Minist\u00e9rio da Infraestrutura para a maior parte das mudan\u00e7as. Mas em&nbsp;dois temas a inten\u00e7\u00e3o da pasta \u00e9 tentar reverter as mudan\u00e7as: a&nbsp;altera\u00e7\u00e3o de regras da praticagem e [&hellip;]","og_url":"https:\/\/agenciainfra.com\/blog\/minfra-quer-propor-no-plenario-do-senado-mudancas-no-relatorio-do-br-do-mar\/","og_site_name":"Ag\u00eancia iNFRA","article_publisher":"https:\/\/www.facebook.com\/ageninfra","article_published_time":"2021-09-21T11:00:00+00:00","og_image":[{"width":1280,"height":852,"url":"https:\/\/agenciainfra.com\/blog\/wp-content\/uploads\/2020\/03\/navio-carga-dominio-publico.jpg","type":"image\/jpeg"}],"author":"Ag\u00eancia iNFRA","twitter_card":"summary_large_image","twitter_creator":"@agencia_infra","twitter_site":"@agencia_infra","twitter_misc":{"Escrito por":"Ag\u00eancia iNFRA","Est. tempo de leitura":"6 minutos"},"schema":{"@context":"https:\/\/schema.org","@graph":[{"@type":"Article","@id":"https:\/\/agenciainfra.com\/blog\/minfra-quer-propor-no-plenario-do-senado-mudancas-no-relatorio-do-br-do-mar\/#article","isPartOf":{"@id":"https:\/\/agenciainfra.com\/blog\/minfra-quer-propor-no-plenario-do-senado-mudancas-no-relatorio-do-br-do-mar\/"},"author":{"name":"Ag\u00eancia iNFRA","@id":"https:\/\/agenciainfra.com\/blog\/#\/schema\/person\/34af08dff6adea4cb22b06612ba7acfa"},"headline":"Minfra quer propor no plen\u00e1rio do Senado mudan\u00e7as no relat\u00f3rio do BR do Mar","datePublished":"2021-09-21T11:00:00+00:00","mainEntityOfPage":{"@id":"https:\/\/agenciainfra.com\/blog\/minfra-quer-propor-no-plenario-do-senado-mudancas-no-relatorio-do-br-do-mar\/"},"wordCount":1174,"publisher":{"@id":"https:\/\/agenciainfra.com\/blog\/#organization"},"image":{"@id":"https:\/\/agenciainfra.com\/blog\/minfra-quer-propor-no-plenario-do-senado-mudancas-no-relatorio-do-br-do-mar\/#primaryimage"},"thumbnailUrl":"https:\/\/agenciainfra.com\/blog\/wp-content\/uploads\/2020\/03\/navio-carga-dominio-publico.jpg","keywords":["BR do Mar","Diogo Piloni","Nelsinho Trad","PL 4.199\/2020","Secretaria de Portos e Transportes Aquavi\u00e1rios","Senado Federal","tr\u00e1fego aquavi\u00e1rio","transportes"],"articleSection":["Geral","iNFRATransporte"],"inLanguage":"pt-BR","copyrightYear":"2021","copyrightHolder":{"@id":"https:\/\/agenciainfra.com\/blog\/#organization"}},{"@type":"WebPage","@id":"https:\/\/agenciainfra.com\/blog\/minfra-quer-propor-no-plenario-do-senado-mudancas-no-relatorio-do-br-do-mar\/","url":"https:\/\/agenciainfra.com\/blog\/minfra-quer-propor-no-plenario-do-senado-mudancas-no-relatorio-do-br-do-mar\/","name":"Minfra quer propor no plen\u00e1rio do Senado mudan\u00e7as no relat\u00f3rio do BR do Mar - Ag\u00eancia iNFRA","isPartOf":{"@id":"https:\/\/agenciainfra.com\/blog\/#website"},"primaryImageOfPage":{"@id":"https:\/\/agenciainfra.com\/blog\/minfra-quer-propor-no-plenario-do-senado-mudancas-no-relatorio-do-br-do-mar\/#primaryimage"},"image":{"@id":"https:\/\/agenciainfra.com\/blog\/minfra-quer-propor-no-plenario-do-senado-mudancas-no-relatorio-do-br-do-mar\/#primaryimage"},"thumbnailUrl":"https:\/\/agenciainfra.com\/blog\/wp-content\/uploads\/2020\/03\/navio-carga-dominio-publico.jpg","datePublished":"2021-09-21T11:00:00+00:00","breadcrumb":{"@id":"https:\/\/agenciainfra.com\/blog\/minfra-quer-propor-no-plenario-do-senado-mudancas-no-relatorio-do-br-do-mar\/#breadcrumb"},"inLanguage":"pt-BR","potentialAction":[{"@type":"ReadAction","target":["https:\/\/agenciainfra.com\/blog\/minfra-quer-propor-no-plenario-do-senado-mudancas-no-relatorio-do-br-do-mar\/"]}]},{"@type":"ImageObject","inLanguage":"pt-BR","@id":"https:\/\/agenciainfra.com\/blog\/minfra-quer-propor-no-plenario-do-senado-mudancas-no-relatorio-do-br-do-mar\/#primaryimage","url":"https:\/\/agenciainfra.com\/blog\/wp-content\/uploads\/2020\/03\/navio-carga-dominio-publico.jpg","contentUrl":"https:\/\/agenciainfra.com\/blog\/wp-content\/uploads\/2020\/03\/navio-carga-dominio-publico.jpg","width":1280,"height":852},{"@type":"BreadcrumbList","@id":"https:\/\/agenciainfra.com\/blog\/minfra-quer-propor-no-plenario-do-senado-mudancas-no-relatorio-do-br-do-mar\/#breadcrumb","itemListElement":[{"@type":"ListItem","position":1,"name":"In\u00edcio","item":"https:\/\/agenciainfra.com\/blog\/"},{"@type":"ListItem","position":2,"name":"Minfra quer propor no plen\u00e1rio do Senado mudan\u00e7as no relat\u00f3rio do BR do Mar"}]},{"@type":"WebSite","@id":"https:\/\/agenciainfra.com\/blog\/#website","url":"https:\/\/agenciainfra.com\/blog\/","name":"Ag\u00eancia iNFRA","description":"Multiplataforma de informa\u00e7\u00e3o jornal\u00edstica refer\u00eancia na \u00e1rea de infraestrutura no Brasil!","publisher":{"@id":"https:\/\/agenciainfra.com\/blog\/#organization"},"potentialAction":[{"@type":"SearchAction","target":{"@type":"EntryPoint","urlTemplate":"https:\/\/agenciainfra.com\/blog\/?s={search_term_string}"},"query-input":{"@type":"PropertyValueSpecification","valueRequired":true,"valueName":"search_term_string"}}],"inLanguage":"pt-BR"},{"@type":"Organization","@id":"https:\/\/agenciainfra.com\/blog\/#organization","name":"Ag\u00eancia iNFRA","url":"https:\/\/agenciainfra.com\/blog\/","logo":{"@type":"ImageObject","inLanguage":"pt-BR","@id":"https:\/\/agenciainfra.com\/blog\/#\/schema\/logo\/image\/","url":"https:\/\/agenciainfra.com\/blog\/wp-content\/uploads\/2023\/09\/iNFRA_5-e1761735885940.png","contentUrl":"https:\/\/agenciainfra.com\/blog\/wp-content\/uploads\/2023\/09\/iNFRA_5-e1761735885940.png","width":1672,"height":454,"caption":"Ag\u00eancia iNFRA"},"image":{"@id":"https:\/\/agenciainfra.com\/blog\/#\/schema\/logo\/image\/"},"sameAs":["https:\/\/www.facebook.com\/ageninfra","https:\/\/x.com\/agencia_infra","https:\/\/www.linkedin.com\/company\/ag\u00eanciainfra\/","https:\/\/www.instagram.com\/agenciainfra\/"]},{"@type":"Person","@id":"https:\/\/agenciainfra.com\/blog\/#\/schema\/person\/34af08dff6adea4cb22b06612ba7acfa","name":"Ag\u00eancia iNFRA","image":{"@type":"ImageObject","inLanguage":"pt-BR","@id":"https:\/\/agenciainfra.com\/blog\/#\/schema\/person\/image\/","url":"https:\/\/secure.gravatar.com\/avatar\/d189e01678f06d8eb84d4e01f08eb848b3fffe3f8443818d3c356c66892f5be8?s=96&d=mm&r=g","contentUrl":"https:\/\/secure.gravatar.com\/avatar\/d189e01678f06d8eb84d4e01f08eb848b3fffe3f8443818d3c356c66892f5be8?s=96&d=mm&r=g","caption":"Ag\u00eancia iNFRA"},"url":"https:\/\/agenciainfra.com\/blog\/author\/admin\/"}]}},"_links":{"self":[{"href":"https:\/\/agenciainfra.com\/blog\/wp-json\/wp\/v2\/posts\/8353","targetHints":{"allow":["GET"]}}],"collection":[{"href":"https:\/\/agenciainfra.com\/blog\/wp-json\/wp\/v2\/posts"}],"about":[{"href":"https:\/\/agenciainfra.com\/blog\/wp-json\/wp\/v2\/types\/post"}],"author":[{"embeddable":true,"href":"https:\/\/agenciainfra.com\/blog\/wp-json\/wp\/v2\/users\/1"}],"replies":[{"embeddable":true,"href":"https:\/\/agenciainfra.com\/blog\/wp-json\/wp\/v2\/comments?post=8353"}],"version-history":[{"count":0,"href":"https:\/\/agenciainfra.com\/blog\/wp-json\/wp\/v2\/posts\/8353\/revisions"}],"wp:featuredmedia":[{"embeddable":true,"href":"https:\/\/agenciainfra.com\/blog\/wp-json\/wp\/v2\/media\/4519"}],"wp:attachment":[{"href":"https:\/\/agenciainfra.com\/blog\/wp-json\/wp\/v2\/media?parent=8353"}],"wp:term":[{"taxonomy":"category","embeddable":true,"href":"https:\/\/agenciainfra.com\/blog\/wp-json\/wp\/v2\/categories?post=8353"},{"taxonomy":"post_tag","embeddable":true,"href":"https:\/\/agenciainfra.com\/blog\/wp-json\/wp\/v2\/tags?post=8353"}],"curies":[{"name":"wp","href":"https:\/\/api.w.org\/{rel}","templated":true}]}}