{"id":8363,"date":"2021-09-22T08:00:00","date_gmt":"2021-09-22T11:00:00","guid":{"rendered":"https:\/\/www.agenciainfra.com\/blog\/?p=8363"},"modified":"2021-09-21T10:31:30","modified_gmt":"2021-09-21T13:31:30","slug":"reservatorios-do-sudeste-podem-terminar-o-proximo-periodo-umido-com-apenas-23-diz-ata-da-creg","status":"publish","type":"post","link":"https:\/\/agenciainfra.com\/blog\/reservatorios-do-sudeste-podem-terminar-o-proximo-periodo-umido-com-apenas-23-diz-ata-da-creg\/","title":{"rendered":"Reservat\u00f3rios do Sudeste podem terminar o pr\u00f3ximo per\u00edodo \u00famido com apenas 23%, diz ata da CREG"},"content":{"rendered":"\n<p class=\"has-text-align-right\"><strong>Ludmylla Rocha,&nbsp;da&nbsp;Ag\u00eancia iNFRA<\/strong><\/p>\n\n\n\n<p>Se as chuvas do pr\u00f3ximo per\u00edodo \u00famido apresentarem o mesmo desempenho que tiveram no anterior, os reservat\u00f3rios do subsistema Sudeste\/Centro-Oeste chegar\u00e3o em abril de 2022 com n\u00edveis de armazenamento cerca de 11 pontos percentuais mais baixos do que o mesmo m\u00eas de 2021.<br>\u00a0<br>A proje\u00e7\u00e3o foi elaborada pelo ONS (Operador Nacional do Sistema El\u00e9trico), em conjunto com a EPE (Empresa de Pesquisa Energ\u00e9tica), e consta em\u00a0ata da \u00faltima reuni\u00e3o da CREG\u00a0(C\u00e2mara de Regras Excepcionais para Gest\u00e3o Hidroenerg\u00e9tica), realizada no dia 9 de setembro. O documento, no entanto, n\u00e3o detalha se foram consideradas ou n\u00e3o as medidas em andamento para combater os efeitos da crise h\u00eddrica no setor el\u00e9trico.<br>\u00a0<br>Neste ano, o subsistema tinha em abril EAR (energia armazenada) de 34,7%, segundo dados do ONS. Pelos c\u00e1lculos dos \u00f3rg\u00e3os de governo, terminaria o pr\u00f3ximo per\u00edodo \u00famido com 23% de armazenamento, um n\u00edvel considerado muito baixo\u00a0para come\u00e7ar o per\u00edodo seco.<br>\u00a0<br><strong>\u201cCondi\u00e7\u00e3o preocupante\u201d<\/strong><br>Para o ex-diretor-geral do ONS Luiz Eduardo Barata, \u201co simples fato de chegarmos ao final do per\u00edodo chuvoso, abril, numa condi\u00e7\u00e3o t\u00e3o ruim em rela\u00e7\u00e3o ao que n\u00f3s temos neste ano \u00e9 preocupante\u201d.<br>\u00a0<br>Ele afirma ainda que, na parte de gera\u00e7\u00e3o, \u201ctudo que se podia fazer em termos de oferta j\u00e1 se fez\u201d e avalia que \u201cem termos de demanda, o que pode ser feito \u00e9 avan\u00e7ar de uma redu\u00e7\u00e3o volunt\u00e1ria para uma redu\u00e7\u00e3o compuls\u00f3ria, caso a ades\u00e3o aos programas volunt\u00e1rios em andamento seja t\u00edmida\u201d.<br>\u00a0<br>J\u00e1 Jo\u00e3o Carlos Mello, presidente da consultoria Thymos Energia, afirma que os leil\u00f5es de capacidade que ser\u00e3o realizados para incremento do sistema podem contribuir para uma melhora do cen\u00e1rio. Ele avalia, no entanto, que os pre\u00e7os precisam ser melhorados.<br>\u00a0<br>\u201cA gente achou que os n\u00fameros que foram oferecidos para atrair novos investidores s\u00e3o baixos, porque os novos investidores est\u00e3o com a meta dif\u00edcil que \u00e9 entrar com alguma coisa nova em maio de 2022\u201d, pontua.<br>\u00a0<br>Para ele, considerando o momento atual, o pre\u00e7o a ser pago tanto nessa medida quanto no programa de redu\u00e7\u00e3o de demanda para a ind\u00fastria n\u00e3o deve ser um fator determinante neste momento. Mello avalia tamb\u00e9m que o volume de economia da ind\u00fastria obtido junto \u00e0 ind\u00fastria em setembro (237 megawatts) foi \u201cbaixo\u201d.<br>\u00a0<br>\u201cEsse \u00e9 um desgaste desnecess\u00e1rio. Deveria se ter pensado nisso antes para n\u00e3o deixar chegar nessa situa\u00e7\u00e3o. Agora que estamos pr\u00f3ximos do precip\u00edcio, vamos evitar cair\u201d, conclui.\u00a0<br>\u00a0<br><strong>Melhores condi\u00e7\u00f5es de opera\u00e7\u00e3o<\/strong><br>J\u00e1 o ex-secret\u00e1rio de Energia El\u00e9trica do Minist\u00e9rio de Minas e Energia e atual CEO da Atiaia Energia, Ricardo Cyrino, avalia que, ainda que haja piora na condi\u00e7\u00e3o dos reservat\u00f3rios, a opera\u00e7\u00e3o do sistema \u201cem tese\u201d estar\u00e1 melhor no pr\u00f3ximo ano na compara\u00e7\u00e3o com 2021.<br>\u00a0<br>Ele ressalta o funcionamento de novas usinas t\u00e9rmicas como a GNA I, que entrou em opera\u00e7\u00e3o na \u00faltima semana, e o refor\u00e7o da transmiss\u00e3o por meio da linha Jana\u00faba, no \u00faltimo dia 1\u00ba de setembro, que refor\u00e7a a transmiss\u00e3o na energia el\u00e9trica do Nordeste, onde a gera\u00e7\u00e3o e\u00f3lica \u00e9 crescente, para o subsistema Sudeste\/Centro-Oeste.<br>\u00a0<br>Cyrino afirma ainda que o cen\u00e1rio apresentado pelo ONS \u00e9 conservador, se considerarmos que os indicadores de chuvas sobre o SIN (Sistema Interligado Nacional) no \u00faltimo per\u00edodo \u00famido foram um dos piores da s\u00e9rie hist\u00f3rica.<br>\u00a0<br>Pondera ainda que, al\u00e9m das medidas em andamento, h\u00e1 que se considerar o desempenho da economia para pensar a demanda. \u201cA gente est\u00e1 com a infla\u00e7\u00e3o alta, o Banco Central sinalizando mais uma subida importante na taxa de juros. Eu acho que a quest\u00e3o da economia pode ser tamb\u00e9m um pequeno freio do pr\u00f3prio consumo, e isso acaba somando positivamente para que a gente tenha uma condi\u00e7\u00e3o maior em 2022\u201d, pontuou.<br>\u00a0<br><strong>Possibilidade de racionamento<\/strong><br>Cyrino afirma que \u00e9 dif\u00edcil que os operadores do sistema adotem a medida ao longo do per\u00edodo \u00famido. \u201cDaqui at\u00e9 fevereiro, mar\u00e7o, ningu\u00e9m tomaria uma medida como racionamento porque sen\u00e3o o arrependimento pode ser grande. Colocar toda a sociedade para racionar energia e depois vir uma chuva necess\u00e1ria, ent\u00e3o por isso os tomadores de decis\u00e3o devem estar adiando para ver que quadro se configura at\u00e9 mar\u00e7o, abril\u201d, ponderou.<br>\u00a0<br><strong>A volta do hor\u00e1rio de ver\u00e3o<\/strong><br>O especialista descarta ainda a volta do hor\u00e1rio de ver\u00e3o como estrat\u00e9gia de economia. \u201cCom base no estudo do ONS n\u00e3o existe nenhum benef\u00edcio, porque o hor\u00e1rio de ver\u00e3o, na verdade, n\u00e3o traz economia, ele deslocava o hor\u00e1rio. No passado o pico era 18h, e hoje \u00e9 15h, porque hoje quem manda mais \u00e9 o ar-condicionado e no passado era ilumina\u00e7\u00e3o, chuveiro el\u00e9trico, ent\u00e3o os h\u00e1bitos mudaram e o hor\u00e1rio de ver\u00e3o perdeu seu sentido\u201d, disse.<br>\u00a0<br>\u201c\u00c9 uma medida muito mais de impacto pol\u00edtico-social do que de impacto para o pr\u00f3prio setor el\u00e9trico\u201d, completa.<br>\u00a0<br>Barata, por outro lado, avalia que qualquer economia deve ser considerada. \u201cEu entendo\u00a0que, por menor que seja a economia, sempre se ter\u00e1 uma economia e deve-se busc\u00e1-la\u201d, avaliou.<\/p>\n","protected":false},"excerpt":{"rendered":"<p>Ludmylla Rocha,&nbsp;da&nbsp;Ag\u00eancia iNFRA Se as chuvas do pr\u00f3ximo per\u00edodo \u00famido apresentarem o mesmo desempenho que tiveram no anterior, os reservat\u00f3rios do subsistema Sudeste\/Centro-Oeste chegar\u00e3o em abril de 2022 com n\u00edveis de armazenamento cerca de 11 pontos percentuais mais baixos do que o mesmo m\u00eas de 2021.\u00a0A proje\u00e7\u00e3o foi elaborada pelo ONS (Operador Nacional do Sistema [&hellip;]<\/p>\n","protected":false},"author":1,"featured_media":8364,"comment_status":"closed","ping_status":"closed","sticky":false,"template":"","format":"standard","meta":{"_monsterinsights_skip_tracking":false,"_monsterinsights_sitenote_active":false,"_monsterinsights_sitenote_note":"","_monsterinsights_sitenote_category":0,"footnotes":""},"categories":[1,10],"tags":[742,4625,4379,3487,96,216,3200,1819,54,5006],"class_list":["post-8363","post","type-post","status-publish","format-standard","has-post-thumbnail","hentry","category-geral","category-infraenergia","tag-chuvas","tag-creg","tag-crise-energetica","tag-crise-hidrica","tag-ministerio-de-minas-e-energia","tag-ons","tag-racionamento","tag-reservatorios","tag-setor-eletrico","tag-sudeste"],"yoast_head":"<!-- This site is optimized with the Yoast SEO Premium plugin v25.4 (Yoast SEO v26.0) - https:\/\/yoast.com\/wordpress\/plugins\/seo\/ -->\n<title>Reservat\u00f3rios do Sudeste podem terminar o pr\u00f3ximo per\u00edodo \u00famido com apenas 23%, diz ata da CREG - Ag\u00eancia iNFRA<\/title>\n<meta name=\"robots\" content=\"index, follow, max-snippet:-1, max-image-preview:large, max-video-preview:-1\" \/>\n<link rel=\"canonical\" href=\"https:\/\/agenciainfra.com\/blog\/reservatorios-do-sudeste-podem-terminar-o-proximo-periodo-umido-com-apenas-23-diz-ata-da-creg\/\" \/>\n<meta property=\"og:locale\" content=\"pt_BR\" \/>\n<meta property=\"og:type\" content=\"article\" \/>\n<meta property=\"og:title\" content=\"Reservat\u00f3rios do Sudeste podem terminar o pr\u00f3ximo per\u00edodo \u00famido com apenas 23%, diz ata da CREG\" \/>\n<meta property=\"og:description\" content=\"Ludmylla Rocha,&nbsp;da&nbsp;Ag\u00eancia iNFRA Se as chuvas do pr\u00f3ximo per\u00edodo \u00famido apresentarem o mesmo desempenho que tiveram no anterior, os reservat\u00f3rios do subsistema Sudeste\/Centro-Oeste chegar\u00e3o em abril de 2022 com n\u00edveis de armazenamento cerca de 11 pontos percentuais mais baixos do que o mesmo m\u00eas de 2021.\u00a0A proje\u00e7\u00e3o foi elaborada pelo ONS (Operador Nacional do Sistema [&hellip;]\" \/>\n<meta property=\"og:url\" content=\"https:\/\/agenciainfra.com\/blog\/reservatorios-do-sudeste-podem-terminar-o-proximo-periodo-umido-com-apenas-23-diz-ata-da-creg\/\" \/>\n<meta property=\"og:site_name\" content=\"Ag\u00eancia iNFRA\" \/>\n<meta property=\"article:publisher\" content=\"https:\/\/www.facebook.com\/ageninfra\" \/>\n<meta property=\"article:published_time\" content=\"2021-09-22T11:00:00+00:00\" \/>\n<meta property=\"og:image\" content=\"https:\/\/agenciainfra.com\/blog\/wp-content\/uploads\/2021\/09\/reservatorio-hidreletrica-foto-raylton-alves-ana.png\" \/>\n\t<meta property=\"og:image:width\" content=\"1280\" \/>\n\t<meta property=\"og:image:height\" content=\"852\" \/>\n\t<meta property=\"og:image:type\" content=\"image\/png\" \/>\n<meta name=\"author\" content=\"Ag\u00eancia iNFRA\" \/>\n<meta name=\"twitter:card\" content=\"summary_large_image\" \/>\n<meta name=\"twitter:creator\" content=\"@agencia_infra\" \/>\n<meta name=\"twitter:site\" content=\"@agencia_infra\" \/>\n<meta name=\"twitter:label1\" content=\"Escrito por\" \/>\n\t<meta name=\"twitter:data1\" content=\"Ag\u00eancia iNFRA\" \/>\n\t<meta name=\"twitter:label2\" content=\"Est. tempo de leitura\" \/>\n\t<meta name=\"twitter:data2\" content=\"5 minutos\" \/>\n<script type=\"application\/ld+json\" class=\"yoast-schema-graph\">{\"@context\":\"https:\/\/schema.org\",\"@graph\":[{\"@type\":\"Article\",\"@id\":\"https:\/\/agenciainfra.com\/blog\/reservatorios-do-sudeste-podem-terminar-o-proximo-periodo-umido-com-apenas-23-diz-ata-da-creg\/#article\",\"isPartOf\":{\"@id\":\"https:\/\/agenciainfra.com\/blog\/reservatorios-do-sudeste-podem-terminar-o-proximo-periodo-umido-com-apenas-23-diz-ata-da-creg\/\"},\"author\":{\"name\":\"Ag\u00eancia iNFRA\",\"@id\":\"https:\/\/agenciainfra.com\/blog\/#\/schema\/person\/34af08dff6adea4cb22b06612ba7acfa\"},\"headline\":\"Reservat\u00f3rios do Sudeste podem terminar o pr\u00f3ximo per\u00edodo \u00famido com apenas 23%, diz ata da CREG\",\"datePublished\":\"2021-09-22T11:00:00+00:00\",\"mainEntityOfPage\":{\"@id\":\"https:\/\/agenciainfra.com\/blog\/reservatorios-do-sudeste-podem-terminar-o-proximo-periodo-umido-com-apenas-23-diz-ata-da-creg\/\"},\"wordCount\":927,\"publisher\":{\"@id\":\"https:\/\/agenciainfra.com\/blog\/#organization\"},\"image\":{\"@id\":\"https:\/\/agenciainfra.com\/blog\/reservatorios-do-sudeste-podem-terminar-o-proximo-periodo-umido-com-apenas-23-diz-ata-da-creg\/#primaryimage\"},\"thumbnailUrl\":\"https:\/\/agenciainfra.com\/blog\/wp-content\/uploads\/2021\/09\/reservatorio-hidreletrica-foto-raylton-alves-ana.png\",\"keywords\":[\"chuvas\",\"Creg\",\"crise energ\u00e9tica\",\"crise h\u00eddrica\",\"Minist\u00e9rio de Minas e Energia\",\"ONS\",\"racionamento\",\"reservat\u00f3rios\",\"Setor El\u00e9trico\",\"sudeste\"],\"articleSection\":[\"Geral\",\"iNFRAEnergia\"],\"inLanguage\":\"pt-BR\",\"copyrightYear\":\"2021\",\"copyrightHolder\":{\"@id\":\"https:\/\/agenciainfra.com\/blog\/#organization\"}},{\"@type\":\"WebPage\",\"@id\":\"https:\/\/agenciainfra.com\/blog\/reservatorios-do-sudeste-podem-terminar-o-proximo-periodo-umido-com-apenas-23-diz-ata-da-creg\/\",\"url\":\"https:\/\/agenciainfra.com\/blog\/reservatorios-do-sudeste-podem-terminar-o-proximo-periodo-umido-com-apenas-23-diz-ata-da-creg\/\",\"name\":\"Reservat\u00f3rios do Sudeste podem terminar o pr\u00f3ximo per\u00edodo \u00famido com apenas 23%, diz ata da CREG - Ag\u00eancia iNFRA\",\"isPartOf\":{\"@id\":\"https:\/\/agenciainfra.com\/blog\/#website\"},\"primaryImageOfPage\":{\"@id\":\"https:\/\/agenciainfra.com\/blog\/reservatorios-do-sudeste-podem-terminar-o-proximo-periodo-umido-com-apenas-23-diz-ata-da-creg\/#primaryimage\"},\"image\":{\"@id\":\"https:\/\/agenciainfra.com\/blog\/reservatorios-do-sudeste-podem-terminar-o-proximo-periodo-umido-com-apenas-23-diz-ata-da-creg\/#primaryimage\"},\"thumbnailUrl\":\"https:\/\/agenciainfra.com\/blog\/wp-content\/uploads\/2021\/09\/reservatorio-hidreletrica-foto-raylton-alves-ana.png\",\"datePublished\":\"2021-09-22T11:00:00+00:00\",\"breadcrumb\":{\"@id\":\"https:\/\/agenciainfra.com\/blog\/reservatorios-do-sudeste-podem-terminar-o-proximo-periodo-umido-com-apenas-23-diz-ata-da-creg\/#breadcrumb\"},\"inLanguage\":\"pt-BR\",\"potentialAction\":[{\"@type\":\"ReadAction\",\"target\":[\"https:\/\/agenciainfra.com\/blog\/reservatorios-do-sudeste-podem-terminar-o-proximo-periodo-umido-com-apenas-23-diz-ata-da-creg\/\"]}]},{\"@type\":\"ImageObject\",\"inLanguage\":\"pt-BR\",\"@id\":\"https:\/\/agenciainfra.com\/blog\/reservatorios-do-sudeste-podem-terminar-o-proximo-periodo-umido-com-apenas-23-diz-ata-da-creg\/#primaryimage\",\"url\":\"https:\/\/agenciainfra.com\/blog\/wp-content\/uploads\/2021\/09\/reservatorio-hidreletrica-foto-raylton-alves-ana.png\",\"contentUrl\":\"https:\/\/agenciainfra.com\/blog\/wp-content\/uploads\/2021\/09\/reservatorio-hidreletrica-foto-raylton-alves-ana.png\",\"width\":1280,\"height\":852,\"caption\":\"Foto: Raylton Alves\/ANA\"},{\"@type\":\"BreadcrumbList\",\"@id\":\"https:\/\/agenciainfra.com\/blog\/reservatorios-do-sudeste-podem-terminar-o-proximo-periodo-umido-com-apenas-23-diz-ata-da-creg\/#breadcrumb\",\"itemListElement\":[{\"@type\":\"ListItem\",\"position\":1,\"name\":\"In\u00edcio\",\"item\":\"https:\/\/agenciainfra.com\/blog\/\"},{\"@type\":\"ListItem\",\"position\":2,\"name\":\"Reservat\u00f3rios do Sudeste podem terminar o pr\u00f3ximo per\u00edodo \u00famido com apenas 23%, diz ata da CREG\"}]},{\"@type\":\"WebSite\",\"@id\":\"https:\/\/agenciainfra.com\/blog\/#website\",\"url\":\"https:\/\/agenciainfra.com\/blog\/\",\"name\":\"Ag\u00eancia iNFRA\",\"description\":\"Multiplataforma de informa\u00e7\u00e3o jornal\u00edstica refer\u00eancia na \u00e1rea de infraestrutura no Brasil!\",\"publisher\":{\"@id\":\"https:\/\/agenciainfra.com\/blog\/#organization\"},\"potentialAction\":[{\"@type\":\"SearchAction\",\"target\":{\"@type\":\"EntryPoint\",\"urlTemplate\":\"https:\/\/agenciainfra.com\/blog\/?s={search_term_string}\"},\"query-input\":{\"@type\":\"PropertyValueSpecification\",\"valueRequired\":true,\"valueName\":\"search_term_string\"}}],\"inLanguage\":\"pt-BR\"},{\"@type\":\"Organization\",\"@id\":\"https:\/\/agenciainfra.com\/blog\/#organization\",\"name\":\"Ag\u00eancia iNFRA\",\"url\":\"https:\/\/agenciainfra.com\/blog\/\",\"logo\":{\"@type\":\"ImageObject\",\"inLanguage\":\"pt-BR\",\"@id\":\"https:\/\/agenciainfra.com\/blog\/#\/schema\/logo\/image\/\",\"url\":\"https:\/\/agenciainfra.com\/blog\/wp-content\/uploads\/2023\/09\/iNFRA_5-e1761735885940.png\",\"contentUrl\":\"https:\/\/agenciainfra.com\/blog\/wp-content\/uploads\/2023\/09\/iNFRA_5-e1761735885940.png\",\"width\":1672,\"height\":454,\"caption\":\"Ag\u00eancia iNFRA\"},\"image\":{\"@id\":\"https:\/\/agenciainfra.com\/blog\/#\/schema\/logo\/image\/\"},\"sameAs\":[\"https:\/\/www.facebook.com\/ageninfra\",\"https:\/\/x.com\/agencia_infra\",\"https:\/\/www.linkedin.com\/company\/ag\u00eanciainfra\/\",\"https:\/\/www.instagram.com\/agenciainfra\/\"]},{\"@type\":\"Person\",\"@id\":\"https:\/\/agenciainfra.com\/blog\/#\/schema\/person\/34af08dff6adea4cb22b06612ba7acfa\",\"name\":\"Ag\u00eancia iNFRA\",\"image\":{\"@type\":\"ImageObject\",\"inLanguage\":\"pt-BR\",\"@id\":\"https:\/\/agenciainfra.com\/blog\/#\/schema\/person\/image\/\",\"url\":\"https:\/\/secure.gravatar.com\/avatar\/d189e01678f06d8eb84d4e01f08eb848b3fffe3f8443818d3c356c66892f5be8?s=96&d=mm&r=g\",\"contentUrl\":\"https:\/\/secure.gravatar.com\/avatar\/d189e01678f06d8eb84d4e01f08eb848b3fffe3f8443818d3c356c66892f5be8?s=96&d=mm&r=g\",\"caption\":\"Ag\u00eancia iNFRA\"},\"url\":\"https:\/\/agenciainfra.com\/blog\/author\/admin\/\"}]}<\/script>\n<!-- \/ Yoast SEO Premium plugin. -->","yoast_head_json":{"title":"Reservat\u00f3rios do Sudeste podem terminar o pr\u00f3ximo per\u00edodo \u00famido com apenas 23%, diz ata da CREG - Ag\u00eancia iNFRA","robots":{"index":"index","follow":"follow","max-snippet":"max-snippet:-1","max-image-preview":"max-image-preview:large","max-video-preview":"max-video-preview:-1"},"canonical":"https:\/\/agenciainfra.com\/blog\/reservatorios-do-sudeste-podem-terminar-o-proximo-periodo-umido-com-apenas-23-diz-ata-da-creg\/","og_locale":"pt_BR","og_type":"article","og_title":"Reservat\u00f3rios do Sudeste podem terminar o pr\u00f3ximo per\u00edodo \u00famido com apenas 23%, diz ata da CREG","og_description":"Ludmylla Rocha,&nbsp;da&nbsp;Ag\u00eancia iNFRA Se as chuvas do pr\u00f3ximo per\u00edodo \u00famido apresentarem o mesmo desempenho que tiveram no anterior, os reservat\u00f3rios do subsistema Sudeste\/Centro-Oeste chegar\u00e3o em abril de 2022 com n\u00edveis de armazenamento cerca de 11 pontos percentuais mais baixos do que o mesmo m\u00eas de 2021.\u00a0A proje\u00e7\u00e3o foi elaborada pelo ONS (Operador Nacional do Sistema [&hellip;]","og_url":"https:\/\/agenciainfra.com\/blog\/reservatorios-do-sudeste-podem-terminar-o-proximo-periodo-umido-com-apenas-23-diz-ata-da-creg\/","og_site_name":"Ag\u00eancia iNFRA","article_publisher":"https:\/\/www.facebook.com\/ageninfra","article_published_time":"2021-09-22T11:00:00+00:00","og_image":[{"width":1280,"height":852,"url":"https:\/\/agenciainfra.com\/blog\/wp-content\/uploads\/2021\/09\/reservatorio-hidreletrica-foto-raylton-alves-ana.png","type":"image\/png"}],"author":"Ag\u00eancia iNFRA","twitter_card":"summary_large_image","twitter_creator":"@agencia_infra","twitter_site":"@agencia_infra","twitter_misc":{"Escrito por":"Ag\u00eancia iNFRA","Est. tempo de leitura":"5 minutos"},"schema":{"@context":"https:\/\/schema.org","@graph":[{"@type":"Article","@id":"https:\/\/agenciainfra.com\/blog\/reservatorios-do-sudeste-podem-terminar-o-proximo-periodo-umido-com-apenas-23-diz-ata-da-creg\/#article","isPartOf":{"@id":"https:\/\/agenciainfra.com\/blog\/reservatorios-do-sudeste-podem-terminar-o-proximo-periodo-umido-com-apenas-23-diz-ata-da-creg\/"},"author":{"name":"Ag\u00eancia iNFRA","@id":"https:\/\/agenciainfra.com\/blog\/#\/schema\/person\/34af08dff6adea4cb22b06612ba7acfa"},"headline":"Reservat\u00f3rios do Sudeste podem terminar o pr\u00f3ximo per\u00edodo \u00famido com apenas 23%, diz ata da CREG","datePublished":"2021-09-22T11:00:00+00:00","mainEntityOfPage":{"@id":"https:\/\/agenciainfra.com\/blog\/reservatorios-do-sudeste-podem-terminar-o-proximo-periodo-umido-com-apenas-23-diz-ata-da-creg\/"},"wordCount":927,"publisher":{"@id":"https:\/\/agenciainfra.com\/blog\/#organization"},"image":{"@id":"https:\/\/agenciainfra.com\/blog\/reservatorios-do-sudeste-podem-terminar-o-proximo-periodo-umido-com-apenas-23-diz-ata-da-creg\/#primaryimage"},"thumbnailUrl":"https:\/\/agenciainfra.com\/blog\/wp-content\/uploads\/2021\/09\/reservatorio-hidreletrica-foto-raylton-alves-ana.png","keywords":["chuvas","Creg","crise energ\u00e9tica","crise h\u00eddrica","Minist\u00e9rio de Minas e Energia","ONS","racionamento","reservat\u00f3rios","Setor El\u00e9trico","sudeste"],"articleSection":["Geral","iNFRAEnergia"],"inLanguage":"pt-BR","copyrightYear":"2021","copyrightHolder":{"@id":"https:\/\/agenciainfra.com\/blog\/#organization"}},{"@type":"WebPage","@id":"https:\/\/agenciainfra.com\/blog\/reservatorios-do-sudeste-podem-terminar-o-proximo-periodo-umido-com-apenas-23-diz-ata-da-creg\/","url":"https:\/\/agenciainfra.com\/blog\/reservatorios-do-sudeste-podem-terminar-o-proximo-periodo-umido-com-apenas-23-diz-ata-da-creg\/","name":"Reservat\u00f3rios do Sudeste podem terminar o pr\u00f3ximo per\u00edodo \u00famido com apenas 23%, diz ata da CREG - Ag\u00eancia iNFRA","isPartOf":{"@id":"https:\/\/agenciainfra.com\/blog\/#website"},"primaryImageOfPage":{"@id":"https:\/\/agenciainfra.com\/blog\/reservatorios-do-sudeste-podem-terminar-o-proximo-periodo-umido-com-apenas-23-diz-ata-da-creg\/#primaryimage"},"image":{"@id":"https:\/\/agenciainfra.com\/blog\/reservatorios-do-sudeste-podem-terminar-o-proximo-periodo-umido-com-apenas-23-diz-ata-da-creg\/#primaryimage"},"thumbnailUrl":"https:\/\/agenciainfra.com\/blog\/wp-content\/uploads\/2021\/09\/reservatorio-hidreletrica-foto-raylton-alves-ana.png","datePublished":"2021-09-22T11:00:00+00:00","breadcrumb":{"@id":"https:\/\/agenciainfra.com\/blog\/reservatorios-do-sudeste-podem-terminar-o-proximo-periodo-umido-com-apenas-23-diz-ata-da-creg\/#breadcrumb"},"inLanguage":"pt-BR","potentialAction":[{"@type":"ReadAction","target":["https:\/\/agenciainfra.com\/blog\/reservatorios-do-sudeste-podem-terminar-o-proximo-periodo-umido-com-apenas-23-diz-ata-da-creg\/"]}]},{"@type":"ImageObject","inLanguage":"pt-BR","@id":"https:\/\/agenciainfra.com\/blog\/reservatorios-do-sudeste-podem-terminar-o-proximo-periodo-umido-com-apenas-23-diz-ata-da-creg\/#primaryimage","url":"https:\/\/agenciainfra.com\/blog\/wp-content\/uploads\/2021\/09\/reservatorio-hidreletrica-foto-raylton-alves-ana.png","contentUrl":"https:\/\/agenciainfra.com\/blog\/wp-content\/uploads\/2021\/09\/reservatorio-hidreletrica-foto-raylton-alves-ana.png","width":1280,"height":852,"caption":"Foto: Raylton Alves\/ANA"},{"@type":"BreadcrumbList","@id":"https:\/\/agenciainfra.com\/blog\/reservatorios-do-sudeste-podem-terminar-o-proximo-periodo-umido-com-apenas-23-diz-ata-da-creg\/#breadcrumb","itemListElement":[{"@type":"ListItem","position":1,"name":"In\u00edcio","item":"https:\/\/agenciainfra.com\/blog\/"},{"@type":"ListItem","position":2,"name":"Reservat\u00f3rios do Sudeste podem terminar o pr\u00f3ximo per\u00edodo \u00famido com apenas 23%, diz ata da CREG"}]},{"@type":"WebSite","@id":"https:\/\/agenciainfra.com\/blog\/#website","url":"https:\/\/agenciainfra.com\/blog\/","name":"Ag\u00eancia iNFRA","description":"Multiplataforma de informa\u00e7\u00e3o jornal\u00edstica refer\u00eancia na \u00e1rea de infraestrutura no Brasil!","publisher":{"@id":"https:\/\/agenciainfra.com\/blog\/#organization"},"potentialAction":[{"@type":"SearchAction","target":{"@type":"EntryPoint","urlTemplate":"https:\/\/agenciainfra.com\/blog\/?s={search_term_string}"},"query-input":{"@type":"PropertyValueSpecification","valueRequired":true,"valueName":"search_term_string"}}],"inLanguage":"pt-BR"},{"@type":"Organization","@id":"https:\/\/agenciainfra.com\/blog\/#organization","name":"Ag\u00eancia iNFRA","url":"https:\/\/agenciainfra.com\/blog\/","logo":{"@type":"ImageObject","inLanguage":"pt-BR","@id":"https:\/\/agenciainfra.com\/blog\/#\/schema\/logo\/image\/","url":"https:\/\/agenciainfra.com\/blog\/wp-content\/uploads\/2023\/09\/iNFRA_5-e1761735885940.png","contentUrl":"https:\/\/agenciainfra.com\/blog\/wp-content\/uploads\/2023\/09\/iNFRA_5-e1761735885940.png","width":1672,"height":454,"caption":"Ag\u00eancia iNFRA"},"image":{"@id":"https:\/\/agenciainfra.com\/blog\/#\/schema\/logo\/image\/"},"sameAs":["https:\/\/www.facebook.com\/ageninfra","https:\/\/x.com\/agencia_infra","https:\/\/www.linkedin.com\/company\/ag\u00eanciainfra\/","https:\/\/www.instagram.com\/agenciainfra\/"]},{"@type":"Person","@id":"https:\/\/agenciainfra.com\/blog\/#\/schema\/person\/34af08dff6adea4cb22b06612ba7acfa","name":"Ag\u00eancia iNFRA","image":{"@type":"ImageObject","inLanguage":"pt-BR","@id":"https:\/\/agenciainfra.com\/blog\/#\/schema\/person\/image\/","url":"https:\/\/secure.gravatar.com\/avatar\/d189e01678f06d8eb84d4e01f08eb848b3fffe3f8443818d3c356c66892f5be8?s=96&d=mm&r=g","contentUrl":"https:\/\/secure.gravatar.com\/avatar\/d189e01678f06d8eb84d4e01f08eb848b3fffe3f8443818d3c356c66892f5be8?s=96&d=mm&r=g","caption":"Ag\u00eancia iNFRA"},"url":"https:\/\/agenciainfra.com\/blog\/author\/admin\/"}]}},"_links":{"self":[{"href":"https:\/\/agenciainfra.com\/blog\/wp-json\/wp\/v2\/posts\/8363","targetHints":{"allow":["GET"]}}],"collection":[{"href":"https:\/\/agenciainfra.com\/blog\/wp-json\/wp\/v2\/posts"}],"about":[{"href":"https:\/\/agenciainfra.com\/blog\/wp-json\/wp\/v2\/types\/post"}],"author":[{"embeddable":true,"href":"https:\/\/agenciainfra.com\/blog\/wp-json\/wp\/v2\/users\/1"}],"replies":[{"embeddable":true,"href":"https:\/\/agenciainfra.com\/blog\/wp-json\/wp\/v2\/comments?post=8363"}],"version-history":[{"count":0,"href":"https:\/\/agenciainfra.com\/blog\/wp-json\/wp\/v2\/posts\/8363\/revisions"}],"wp:featuredmedia":[{"embeddable":true,"href":"https:\/\/agenciainfra.com\/blog\/wp-json\/wp\/v2\/media\/8364"}],"wp:attachment":[{"href":"https:\/\/agenciainfra.com\/blog\/wp-json\/wp\/v2\/media?parent=8363"}],"wp:term":[{"taxonomy":"category","embeddable":true,"href":"https:\/\/agenciainfra.com\/blog\/wp-json\/wp\/v2\/categories?post=8363"},{"taxonomy":"post_tag","embeddable":true,"href":"https:\/\/agenciainfra.com\/blog\/wp-json\/wp\/v2\/tags?post=8363"}],"curies":[{"name":"wp","href":"https:\/\/api.w.org\/{rel}","templated":true}]}}