{"id":8376,"date":"2021-09-23T08:00:00","date_gmt":"2021-09-23T11:00:00","guid":{"rendered":"https:\/\/www.agenciainfra.com\/blog\/?p=8376"},"modified":"2021-09-22T11:22:01","modified_gmt":"2021-09-22T14:22:01","slug":"em-reuniao-ons-diz-a-agentes-que-chance-de-deficit-de-potencia-continua-mesmo-com-mais-termicas","status":"publish","type":"post","link":"https:\/\/agenciainfra.com\/blog\/em-reuniao-ons-diz-a-agentes-que-chance-de-deficit-de-potencia-continua-mesmo-com-mais-termicas\/","title":{"rendered":"Em reuni\u00e3o, ONS diz a agentes que chance de d\u00e9ficit de pot\u00eancia continua mesmo com mais t\u00e9rmicas"},"content":{"rendered":"\n<p class=\"has-text-align-right\"><strong>Ludmylla Rocha e Leila Coimbra,&nbsp;da&nbsp;Ag\u00eancia iNFRA<\/strong><\/p>\n\n\n\n<p>Apresenta\u00e7\u00e3o feita pelo ONS\u00a0(Operador Nacional do Sistema El\u00e9trico) na semana passada\u00a0a alguns executivos\u00a0do setor el\u00e9trico\u00a0mostrou cen\u00e1rios no qual prev\u00ea aumento de gera\u00e7\u00e3o t\u00e9rmica para cobrir parte da demanda nos pr\u00f3ximos dois meses, mas, ainda assim, um d\u00e9ficit de pot\u00eancia \u2013\u00a0ou seja, maior probabilidade de apag\u00e3o durante momentos de pico de consumo\u00a0\u2013 durante o m\u00eas de novembro.<\/p>\n\n\n\n<p>O operador fez simula\u00e7\u00f5es com dois panoramas:&nbsp;o A (menos otimista) e o B (mais otimista). O&nbsp;caso A prev\u00ea uso dos&nbsp;4.957 MW (megawatts) da reserva operativa, mas ainda assim h\u00e1 um d\u00e9ficit de 1.411 MW em novembro.<\/p>\n\n\n\n<p>Alguns agentes consultados pela&nbsp;<strong>Ag\u00eancia iNFRA&nbsp;<\/strong>disseram que, diante desse cen\u00e1rio, a necessidade de cortes pode ser inevit\u00e1vel. Um outro especialista disse que, mesmo &#8220;que a frequ\u00eancia [da transmiss\u00e3o] se estabilize abaixo de 60 hertz [o que n\u00e3o seria tecnicamente o ideal],&nbsp;esse d\u00e9ficit&nbsp;\u00e9 administr\u00e1vel pelo operador&nbsp;durante o tempo real&#8221;.&nbsp;<\/p>\n\n\n\n<p>A proje\u00e7\u00e3o do ONS considera vaz\u00e3o defluente em Porto Primavera de 2.900 metros c\u00fabicos por segundo de setembro a novembro mais o aumento do limite de interc\u00e2mbio com a conclus\u00e3o antecipada da obra da linha de transmiss\u00e3o Bom Jesus da Lapa\/Jana\u00faba\/Pirapora \u2013 que resultaria em oferta adicional de 3.900 MW m\u00e9dios de setembro a novembro para a regi\u00e3o Sudeste. J\u00e1 o caso B, \u00e9 o caso A mais interc\u00e2mbio internacional de 2.770 MW m\u00e9dios de setembro e novembro.<\/p>\n\n\n\n<p>Se esta segunda condi\u00e7\u00e3o \u2013 mais favor\u00e1vel \u2013&nbsp; se comprovar, n\u00e3o h\u00e1 d\u00e9ficit de pot\u00eancia no cen\u00e1rio tra\u00e7ado. Mant\u00e9m-se, por\u00e9m, o uso da reserva operativa nos meses de outubro e novembro nos dois casos, o que \u00e9 considerado preocupante pelos&nbsp;especialistas ouvidos.<\/p>\n\n\n\n<p><strong>Uso da reserva operativa<\/strong><br>\u201cO atendimento \u00e0 demanda de ponta em 2021 implica, al\u00e9m da efetividade das medidas em andamento, na necessidade de utiliza\u00e7\u00e3o parcial da reserva operativa\u201d, conclui o documento apresentado na reuni\u00e3o da semana passada. Segundo as fontes, essa apresenta\u00e7\u00e3o embasar\u00e1 uma&nbsp; nota t\u00e9cnica a ser divulgada pelo ONS nos pr\u00f3ximos dias.<\/p>\n\n\n\n<p>A&nbsp;reserva operativa considera vari\u00e1veis como o aumento de carga&nbsp;e disponibilidade de gera\u00e7\u00e3o de energia. S\u00e3o c\u00e1lculos de&nbsp;volume necess\u00e1rio para atender uma eventual demanda urgente em contraposi\u00e7\u00e3o a eventuais perdas na gera\u00e7\u00e3o. Quanto menor a gera\u00e7\u00e3o, maior a reserva operativa necess\u00e1ria para atender a demanda.<\/p>\n\n\n\n<p><strong>Um ponto percentual no armazenamento<\/strong><br>Na compara\u00e7\u00e3o dos dois cen\u00e1rios, estima-se que, se o caso A (mais cr\u00edtico) se confirmar, o armazenamento no subsistema Sudeste\/Centro-Oeste ser\u00e1 de 9,8% em 30 de novembro. J\u00e1 no caso B, que conta com o incremento internacional, o percentual previsto \u00e9 de 10,9%.<\/p>\n\n\n\n<p>J\u00e1 no SIN (Sistema Interligado Nacional) como um todo, a estimativa \u00e9 de 12,3% de armazenamento no fim de novembro caso se confirme o primeiro cen\u00e1rio. No caso B, a estimativa \u00e9 de 13,1% de armazenamento no mesmo per\u00edodo.<\/p>\n\n\n\n<p>Com isso, o ONS afirma que, no pr\u00f3ximo ano, a recupera\u00e7\u00e3o dos reservat\u00f3rios do Sudeste n\u00e3o depender\u00e1 somente do aumento de outras fontes de oferta ou mesmo da redu\u00e7\u00e3o volunt\u00e1ria da demanda, mas tamb\u00e9m \u201cda continuidade das flexibiliza\u00e7\u00f5es de restri\u00e7\u00f5es de vaz\u00f5es defluentes m\u00ednimas das bacias de interesse\u201d.<\/p>\n\n\n\n<p><strong>Mais t\u00e9rmicas&nbsp;<\/strong><br>O ONS tamb\u00e9m atualizou as proje\u00e7\u00f5es de aumento de gera\u00e7\u00e3o com a ado\u00e7\u00e3o de medidas para impulsionar as usinas t\u00e9rmicas. Inicialmente, projetava produ\u00e7\u00e3o de 6.023 MW m\u00e9dios em setembro, 5.270 MW m\u00e9dios em outubro e 5.255 MW m\u00e9dios em novembro.<\/p>\n\n\n\n<p>A estimativa levava em conta, por exemplo, a opera\u00e7\u00e3o da usina t\u00e9rmica de Uruguaiana, que depende de g\u00e1s argentino para operar. Ou ainda a gera\u00e7\u00e3o de 1.300 MW m\u00e9dios da rec\u00e9m-inaugurada GNA I, que deve contribuir, na verdade, com 650 MW m\u00e9dios no m\u00eas vigente.<\/p>\n\n\n\n<p>Esses dados foram revistos pelo ONS, que&nbsp;reavaliou a oferta t\u00e9rmica para os meses de outubro e novembro em 4.654 MW e 5.894 MW, respectivamente.<\/p>\n\n\n\n<p>Para o economista e s\u00f3cio do CBIE (Centro Brasileiro de Infraestrutura), Adriano Pires, o problema \u00e9 que a m\u00e9dia de chuvas ainda est\u00e1 em&nbsp;59% do hist\u00f3rico em setembro, muito abaixo do normal, e a gera\u00e7\u00e3o t\u00e9rmica programada n\u00e3o necessariamente pode ser cumprida.<\/p>\n\n\n\n<p>&#8220;Ontem [segunda-feira, 20], a t\u00e9rmica GNA I j\u00e1 n\u00e3o conseguiu atingir os 1.300 MW de gera\u00e7\u00e3o firme. E preocupa\u00e7\u00e3o continua pra 2022. Entendo que manter as deflu\u00eancias m\u00ednimas at\u00e9 abril de 2022 e o\u00a0 despacho fora da ordem de m\u00e9rito traria um bom impacto na\u00a0recupera\u00e7\u00e3o de reservat\u00f3rios, mas com o alto custo das bandeiras tarif\u00e1rias e dos encargos do sistema. Ent\u00e3o \u00e9 uma opera\u00e7\u00e3o muito no fio da navalha e cara para os\u00a0consumidores cativos&#8221;, disse.\u00a0<\/p>\n\n\n\n<p>Segundo um analista consultado pela&nbsp;<strong>iNFRA<\/strong>&nbsp;que n\u00e3o quis se identificar, os dados mostram que \u201ca dificuldade est\u00e1 aumentando\u201d. Outro especialista, que falou na mesma condi\u00e7\u00e3o, destacou que \u201c\u00e9 chamado de aumento de disponibilidade o retorno \u00e0 opera\u00e7\u00e3o da Termocear\u00e1, que funciona desde 2004\u201d. Afirma, por\u00e9m, que, \u201ccomo a aposta principal \u00e9 do lado da oferta, \u2018o pouco \u00e9 muito\u2019\u201d.<\/p>\n","protected":false},"excerpt":{"rendered":"<p>Ludmylla Rocha e Leila Coimbra,&nbsp;da&nbsp;Ag\u00eancia iNFRA Apresenta\u00e7\u00e3o feita pelo ONS\u00a0(Operador Nacional do Sistema El\u00e9trico) na semana passada\u00a0a alguns executivos\u00a0do setor el\u00e9trico\u00a0mostrou cen\u00e1rios no qual prev\u00ea aumento de gera\u00e7\u00e3o t\u00e9rmica para cobrir parte da demanda nos pr\u00f3ximos dois meses, mas, ainda assim, um d\u00e9ficit de pot\u00eancia \u2013\u00a0ou seja, maior probabilidade de apag\u00e3o durante momentos de pico [&hellip;]<\/p>\n","protected":false},"author":1,"featured_media":8379,"comment_status":"closed","ping_status":"closed","sticky":false,"template":"","format":"standard","meta":{"_monsterinsights_skip_tracking":false,"_monsterinsights_sitenote_active":false,"_monsterinsights_sitenote_note":"","_monsterinsights_sitenote_category":0,"footnotes":""},"categories":[1,10],"tags":[2005,3002,833,3487,25,2803,216,1819,54,631],"class_list":["post-8376","post","type-post","status-publish","format-standard","has-post-thumbnail","hentry","category-geral","category-infraenergia","tag-adriano-pires","tag-apagao","tag-bandeiras-tarifarias","tag-crise-hidrica","tag-energia","tag-geracao-de-energia","tag-ons","tag-reservatorios","tag-setor-eletrico","tag-termicas"],"yoast_head":"<!-- This site is optimized with the Yoast SEO Premium plugin v25.4 (Yoast SEO v26.0) - https:\/\/yoast.com\/wordpress\/plugins\/seo\/ -->\n<title>Em reuni\u00e3o, ONS diz a agentes que chance de d\u00e9ficit de pot\u00eancia continua mesmo com mais t\u00e9rmicas - Ag\u00eancia iNFRA<\/title>\n<meta name=\"robots\" content=\"index, follow, max-snippet:-1, max-image-preview:large, max-video-preview:-1\" \/>\n<link rel=\"canonical\" href=\"https:\/\/agenciainfra.com\/blog\/em-reuniao-ons-diz-a-agentes-que-chance-de-deficit-de-potencia-continua-mesmo-com-mais-termicas\/\" \/>\n<meta property=\"og:locale\" content=\"pt_BR\" \/>\n<meta property=\"og:type\" content=\"article\" \/>\n<meta property=\"og:title\" content=\"Em reuni\u00e3o, ONS diz a agentes que chance de d\u00e9ficit de pot\u00eancia continua mesmo com mais t\u00e9rmicas\" \/>\n<meta property=\"og:description\" content=\"Ludmylla Rocha e Leila Coimbra,&nbsp;da&nbsp;Ag\u00eancia iNFRA Apresenta\u00e7\u00e3o feita pelo ONS\u00a0(Operador Nacional do Sistema El\u00e9trico) na semana passada\u00a0a alguns executivos\u00a0do setor el\u00e9trico\u00a0mostrou cen\u00e1rios no qual prev\u00ea aumento de gera\u00e7\u00e3o t\u00e9rmica para cobrir parte da demanda nos pr\u00f3ximos dois meses, mas, ainda assim, um d\u00e9ficit de pot\u00eancia \u2013\u00a0ou seja, maior probabilidade de apag\u00e3o durante momentos de pico [&hellip;]\" \/>\n<meta property=\"og:url\" content=\"https:\/\/agenciainfra.com\/blog\/em-reuniao-ons-diz-a-agentes-que-chance-de-deficit-de-potencia-continua-mesmo-com-mais-termicas\/\" \/>\n<meta property=\"og:site_name\" content=\"Ag\u00eancia iNFRA\" \/>\n<meta property=\"article:publisher\" content=\"https:\/\/www.facebook.com\/ageninfra\" \/>\n<meta property=\"article:published_time\" content=\"2021-09-23T11:00:00+00:00\" \/>\n<meta property=\"og:image\" content=\"https:\/\/agenciainfra.com\/blog\/wp-content\/uploads\/2021\/09\/ONS-foto-ONS.jpeg\" \/>\n\t<meta property=\"og:image:width\" content=\"1280\" \/>\n\t<meta property=\"og:image:height\" content=\"853\" \/>\n\t<meta property=\"og:image:type\" content=\"image\/jpeg\" \/>\n<meta name=\"author\" content=\"Ag\u00eancia iNFRA\" \/>\n<meta name=\"twitter:card\" content=\"summary_large_image\" \/>\n<meta name=\"twitter:creator\" content=\"@agencia_infra\" \/>\n<meta name=\"twitter:site\" content=\"@agencia_infra\" \/>\n<meta name=\"twitter:label1\" content=\"Escrito por\" \/>\n\t<meta name=\"twitter:data1\" content=\"Ag\u00eancia iNFRA\" \/>\n\t<meta name=\"twitter:label2\" content=\"Est. tempo de leitura\" \/>\n\t<meta name=\"twitter:data2\" content=\"5 minutos\" \/>\n<script type=\"application\/ld+json\" class=\"yoast-schema-graph\">{\"@context\":\"https:\/\/schema.org\",\"@graph\":[{\"@type\":\"Article\",\"@id\":\"https:\/\/agenciainfra.com\/blog\/em-reuniao-ons-diz-a-agentes-que-chance-de-deficit-de-potencia-continua-mesmo-com-mais-termicas\/#article\",\"isPartOf\":{\"@id\":\"https:\/\/agenciainfra.com\/blog\/em-reuniao-ons-diz-a-agentes-que-chance-de-deficit-de-potencia-continua-mesmo-com-mais-termicas\/\"},\"author\":{\"name\":\"Ag\u00eancia iNFRA\",\"@id\":\"https:\/\/agenciainfra.com\/blog\/#\/schema\/person\/34af08dff6adea4cb22b06612ba7acfa\"},\"headline\":\"Em reuni\u00e3o, ONS diz a agentes que chance de d\u00e9ficit de pot\u00eancia continua mesmo com mais t\u00e9rmicas\",\"datePublished\":\"2021-09-23T11:00:00+00:00\",\"mainEntityOfPage\":{\"@id\":\"https:\/\/agenciainfra.com\/blog\/em-reuniao-ons-diz-a-agentes-que-chance-de-deficit-de-potencia-continua-mesmo-com-mais-termicas\/\"},\"wordCount\":926,\"publisher\":{\"@id\":\"https:\/\/agenciainfra.com\/blog\/#organization\"},\"image\":{\"@id\":\"https:\/\/agenciainfra.com\/blog\/em-reuniao-ons-diz-a-agentes-que-chance-de-deficit-de-potencia-continua-mesmo-com-mais-termicas\/#primaryimage\"},\"thumbnailUrl\":\"https:\/\/agenciainfra.com\/blog\/wp-content\/uploads\/2021\/09\/ONS-foto-ONS.jpeg\",\"keywords\":[\"Adriano Pires\",\"apag\u00e3o\",\"bandeiras tarif\u00e1rias\",\"crise h\u00eddrica\",\"energia\",\"gera\u00e7\u00e3o de energia\",\"ONS\",\"reservat\u00f3rios\",\"Setor El\u00e9trico\",\"t\u00e9rmicas\"],\"articleSection\":[\"Geral\",\"iNFRAEnergia\"],\"inLanguage\":\"pt-BR\",\"copyrightYear\":\"2021\",\"copyrightHolder\":{\"@id\":\"https:\/\/agenciainfra.com\/blog\/#organization\"}},{\"@type\":\"WebPage\",\"@id\":\"https:\/\/agenciainfra.com\/blog\/em-reuniao-ons-diz-a-agentes-que-chance-de-deficit-de-potencia-continua-mesmo-com-mais-termicas\/\",\"url\":\"https:\/\/agenciainfra.com\/blog\/em-reuniao-ons-diz-a-agentes-que-chance-de-deficit-de-potencia-continua-mesmo-com-mais-termicas\/\",\"name\":\"Em reuni\u00e3o, ONS diz a agentes que chance de d\u00e9ficit de pot\u00eancia continua mesmo com mais t\u00e9rmicas - Ag\u00eancia iNFRA\",\"isPartOf\":{\"@id\":\"https:\/\/agenciainfra.com\/blog\/#website\"},\"primaryImageOfPage\":{\"@id\":\"https:\/\/agenciainfra.com\/blog\/em-reuniao-ons-diz-a-agentes-que-chance-de-deficit-de-potencia-continua-mesmo-com-mais-termicas\/#primaryimage\"},\"image\":{\"@id\":\"https:\/\/agenciainfra.com\/blog\/em-reuniao-ons-diz-a-agentes-que-chance-de-deficit-de-potencia-continua-mesmo-com-mais-termicas\/#primaryimage\"},\"thumbnailUrl\":\"https:\/\/agenciainfra.com\/blog\/wp-content\/uploads\/2021\/09\/ONS-foto-ONS.jpeg\",\"datePublished\":\"2021-09-23T11:00:00+00:00\",\"breadcrumb\":{\"@id\":\"https:\/\/agenciainfra.com\/blog\/em-reuniao-ons-diz-a-agentes-que-chance-de-deficit-de-potencia-continua-mesmo-com-mais-termicas\/#breadcrumb\"},\"inLanguage\":\"pt-BR\",\"potentialAction\":[{\"@type\":\"ReadAction\",\"target\":[\"https:\/\/agenciainfra.com\/blog\/em-reuniao-ons-diz-a-agentes-que-chance-de-deficit-de-potencia-continua-mesmo-com-mais-termicas\/\"]}]},{\"@type\":\"ImageObject\",\"inLanguage\":\"pt-BR\",\"@id\":\"https:\/\/agenciainfra.com\/blog\/em-reuniao-ons-diz-a-agentes-que-chance-de-deficit-de-potencia-continua-mesmo-com-mais-termicas\/#primaryimage\",\"url\":\"https:\/\/agenciainfra.com\/blog\/wp-content\/uploads\/2021\/09\/ONS-foto-ONS.jpeg\",\"contentUrl\":\"https:\/\/agenciainfra.com\/blog\/wp-content\/uploads\/2021\/09\/ONS-foto-ONS.jpeg\",\"width\":1280,\"height\":853,\"caption\":\"Foto: ONS\"},{\"@type\":\"BreadcrumbList\",\"@id\":\"https:\/\/agenciainfra.com\/blog\/em-reuniao-ons-diz-a-agentes-que-chance-de-deficit-de-potencia-continua-mesmo-com-mais-termicas\/#breadcrumb\",\"itemListElement\":[{\"@type\":\"ListItem\",\"position\":1,\"name\":\"In\u00edcio\",\"item\":\"https:\/\/agenciainfra.com\/blog\/\"},{\"@type\":\"ListItem\",\"position\":2,\"name\":\"Em reuni\u00e3o, ONS diz a agentes que chance de d\u00e9ficit de pot\u00eancia continua mesmo com mais t\u00e9rmicas\"}]},{\"@type\":\"WebSite\",\"@id\":\"https:\/\/agenciainfra.com\/blog\/#website\",\"url\":\"https:\/\/agenciainfra.com\/blog\/\",\"name\":\"Ag\u00eancia iNFRA\",\"description\":\"Multiplataforma de informa\u00e7\u00e3o jornal\u00edstica refer\u00eancia na \u00e1rea de infraestrutura no Brasil!\",\"publisher\":{\"@id\":\"https:\/\/agenciainfra.com\/blog\/#organization\"},\"potentialAction\":[{\"@type\":\"SearchAction\",\"target\":{\"@type\":\"EntryPoint\",\"urlTemplate\":\"https:\/\/agenciainfra.com\/blog\/?s={search_term_string}\"},\"query-input\":{\"@type\":\"PropertyValueSpecification\",\"valueRequired\":true,\"valueName\":\"search_term_string\"}}],\"inLanguage\":\"pt-BR\"},{\"@type\":\"Organization\",\"@id\":\"https:\/\/agenciainfra.com\/blog\/#organization\",\"name\":\"Ag\u00eancia iNFRA\",\"url\":\"https:\/\/agenciainfra.com\/blog\/\",\"logo\":{\"@type\":\"ImageObject\",\"inLanguage\":\"pt-BR\",\"@id\":\"https:\/\/agenciainfra.com\/blog\/#\/schema\/logo\/image\/\",\"url\":\"https:\/\/agenciainfra.com\/blog\/wp-content\/uploads\/2023\/09\/iNFRA_5-e1761735885940.png\",\"contentUrl\":\"https:\/\/agenciainfra.com\/blog\/wp-content\/uploads\/2023\/09\/iNFRA_5-e1761735885940.png\",\"width\":1672,\"height\":454,\"caption\":\"Ag\u00eancia iNFRA\"},\"image\":{\"@id\":\"https:\/\/agenciainfra.com\/blog\/#\/schema\/logo\/image\/\"},\"sameAs\":[\"https:\/\/www.facebook.com\/ageninfra\",\"https:\/\/x.com\/agencia_infra\",\"https:\/\/www.linkedin.com\/company\/ag\u00eanciainfra\/\",\"https:\/\/www.instagram.com\/agenciainfra\/\"]},{\"@type\":\"Person\",\"@id\":\"https:\/\/agenciainfra.com\/blog\/#\/schema\/person\/34af08dff6adea4cb22b06612ba7acfa\",\"name\":\"Ag\u00eancia iNFRA\",\"image\":{\"@type\":\"ImageObject\",\"inLanguage\":\"pt-BR\",\"@id\":\"https:\/\/agenciainfra.com\/blog\/#\/schema\/person\/image\/\",\"url\":\"https:\/\/secure.gravatar.com\/avatar\/d189e01678f06d8eb84d4e01f08eb848b3fffe3f8443818d3c356c66892f5be8?s=96&d=mm&r=g\",\"contentUrl\":\"https:\/\/secure.gravatar.com\/avatar\/d189e01678f06d8eb84d4e01f08eb848b3fffe3f8443818d3c356c66892f5be8?s=96&d=mm&r=g\",\"caption\":\"Ag\u00eancia iNFRA\"},\"url\":\"https:\/\/agenciainfra.com\/blog\/author\/admin\/\"}]}<\/script>\n<!-- \/ Yoast SEO Premium plugin. -->","yoast_head_json":{"title":"Em reuni\u00e3o, ONS diz a agentes que chance de d\u00e9ficit de pot\u00eancia continua mesmo com mais t\u00e9rmicas - Ag\u00eancia iNFRA","robots":{"index":"index","follow":"follow","max-snippet":"max-snippet:-1","max-image-preview":"max-image-preview:large","max-video-preview":"max-video-preview:-1"},"canonical":"https:\/\/agenciainfra.com\/blog\/em-reuniao-ons-diz-a-agentes-que-chance-de-deficit-de-potencia-continua-mesmo-com-mais-termicas\/","og_locale":"pt_BR","og_type":"article","og_title":"Em reuni\u00e3o, ONS diz a agentes que chance de d\u00e9ficit de pot\u00eancia continua mesmo com mais t\u00e9rmicas","og_description":"Ludmylla Rocha e Leila Coimbra,&nbsp;da&nbsp;Ag\u00eancia iNFRA Apresenta\u00e7\u00e3o feita pelo ONS\u00a0(Operador Nacional do Sistema El\u00e9trico) na semana passada\u00a0a alguns executivos\u00a0do setor el\u00e9trico\u00a0mostrou cen\u00e1rios no qual prev\u00ea aumento de gera\u00e7\u00e3o t\u00e9rmica para cobrir parte da demanda nos pr\u00f3ximos dois meses, mas, ainda assim, um d\u00e9ficit de pot\u00eancia \u2013\u00a0ou seja, maior probabilidade de apag\u00e3o durante momentos de pico [&hellip;]","og_url":"https:\/\/agenciainfra.com\/blog\/em-reuniao-ons-diz-a-agentes-que-chance-de-deficit-de-potencia-continua-mesmo-com-mais-termicas\/","og_site_name":"Ag\u00eancia iNFRA","article_publisher":"https:\/\/www.facebook.com\/ageninfra","article_published_time":"2021-09-23T11:00:00+00:00","og_image":[{"width":1280,"height":853,"url":"https:\/\/agenciainfra.com\/blog\/wp-content\/uploads\/2021\/09\/ONS-foto-ONS.jpeg","type":"image\/jpeg"}],"author":"Ag\u00eancia iNFRA","twitter_card":"summary_large_image","twitter_creator":"@agencia_infra","twitter_site":"@agencia_infra","twitter_misc":{"Escrito por":"Ag\u00eancia iNFRA","Est. tempo de leitura":"5 minutos"},"schema":{"@context":"https:\/\/schema.org","@graph":[{"@type":"Article","@id":"https:\/\/agenciainfra.com\/blog\/em-reuniao-ons-diz-a-agentes-que-chance-de-deficit-de-potencia-continua-mesmo-com-mais-termicas\/#article","isPartOf":{"@id":"https:\/\/agenciainfra.com\/blog\/em-reuniao-ons-diz-a-agentes-que-chance-de-deficit-de-potencia-continua-mesmo-com-mais-termicas\/"},"author":{"name":"Ag\u00eancia iNFRA","@id":"https:\/\/agenciainfra.com\/blog\/#\/schema\/person\/34af08dff6adea4cb22b06612ba7acfa"},"headline":"Em reuni\u00e3o, ONS diz a agentes que chance de d\u00e9ficit de pot\u00eancia continua mesmo com mais t\u00e9rmicas","datePublished":"2021-09-23T11:00:00+00:00","mainEntityOfPage":{"@id":"https:\/\/agenciainfra.com\/blog\/em-reuniao-ons-diz-a-agentes-que-chance-de-deficit-de-potencia-continua-mesmo-com-mais-termicas\/"},"wordCount":926,"publisher":{"@id":"https:\/\/agenciainfra.com\/blog\/#organization"},"image":{"@id":"https:\/\/agenciainfra.com\/blog\/em-reuniao-ons-diz-a-agentes-que-chance-de-deficit-de-potencia-continua-mesmo-com-mais-termicas\/#primaryimage"},"thumbnailUrl":"https:\/\/agenciainfra.com\/blog\/wp-content\/uploads\/2021\/09\/ONS-foto-ONS.jpeg","keywords":["Adriano Pires","apag\u00e3o","bandeiras tarif\u00e1rias","crise h\u00eddrica","energia","gera\u00e7\u00e3o de energia","ONS","reservat\u00f3rios","Setor El\u00e9trico","t\u00e9rmicas"],"articleSection":["Geral","iNFRAEnergia"],"inLanguage":"pt-BR","copyrightYear":"2021","copyrightHolder":{"@id":"https:\/\/agenciainfra.com\/blog\/#organization"}},{"@type":"WebPage","@id":"https:\/\/agenciainfra.com\/blog\/em-reuniao-ons-diz-a-agentes-que-chance-de-deficit-de-potencia-continua-mesmo-com-mais-termicas\/","url":"https:\/\/agenciainfra.com\/blog\/em-reuniao-ons-diz-a-agentes-que-chance-de-deficit-de-potencia-continua-mesmo-com-mais-termicas\/","name":"Em reuni\u00e3o, ONS diz a agentes que chance de d\u00e9ficit de pot\u00eancia continua mesmo com mais t\u00e9rmicas - Ag\u00eancia iNFRA","isPartOf":{"@id":"https:\/\/agenciainfra.com\/blog\/#website"},"primaryImageOfPage":{"@id":"https:\/\/agenciainfra.com\/blog\/em-reuniao-ons-diz-a-agentes-que-chance-de-deficit-de-potencia-continua-mesmo-com-mais-termicas\/#primaryimage"},"image":{"@id":"https:\/\/agenciainfra.com\/blog\/em-reuniao-ons-diz-a-agentes-que-chance-de-deficit-de-potencia-continua-mesmo-com-mais-termicas\/#primaryimage"},"thumbnailUrl":"https:\/\/agenciainfra.com\/blog\/wp-content\/uploads\/2021\/09\/ONS-foto-ONS.jpeg","datePublished":"2021-09-23T11:00:00+00:00","breadcrumb":{"@id":"https:\/\/agenciainfra.com\/blog\/em-reuniao-ons-diz-a-agentes-que-chance-de-deficit-de-potencia-continua-mesmo-com-mais-termicas\/#breadcrumb"},"inLanguage":"pt-BR","potentialAction":[{"@type":"ReadAction","target":["https:\/\/agenciainfra.com\/blog\/em-reuniao-ons-diz-a-agentes-que-chance-de-deficit-de-potencia-continua-mesmo-com-mais-termicas\/"]}]},{"@type":"ImageObject","inLanguage":"pt-BR","@id":"https:\/\/agenciainfra.com\/blog\/em-reuniao-ons-diz-a-agentes-que-chance-de-deficit-de-potencia-continua-mesmo-com-mais-termicas\/#primaryimage","url":"https:\/\/agenciainfra.com\/blog\/wp-content\/uploads\/2021\/09\/ONS-foto-ONS.jpeg","contentUrl":"https:\/\/agenciainfra.com\/blog\/wp-content\/uploads\/2021\/09\/ONS-foto-ONS.jpeg","width":1280,"height":853,"caption":"Foto: ONS"},{"@type":"BreadcrumbList","@id":"https:\/\/agenciainfra.com\/blog\/em-reuniao-ons-diz-a-agentes-que-chance-de-deficit-de-potencia-continua-mesmo-com-mais-termicas\/#breadcrumb","itemListElement":[{"@type":"ListItem","position":1,"name":"In\u00edcio","item":"https:\/\/agenciainfra.com\/blog\/"},{"@type":"ListItem","position":2,"name":"Em reuni\u00e3o, ONS diz a agentes que chance de d\u00e9ficit de pot\u00eancia continua mesmo com mais t\u00e9rmicas"}]},{"@type":"WebSite","@id":"https:\/\/agenciainfra.com\/blog\/#website","url":"https:\/\/agenciainfra.com\/blog\/","name":"Ag\u00eancia iNFRA","description":"Multiplataforma de informa\u00e7\u00e3o jornal\u00edstica refer\u00eancia na \u00e1rea de infraestrutura no Brasil!","publisher":{"@id":"https:\/\/agenciainfra.com\/blog\/#organization"},"potentialAction":[{"@type":"SearchAction","target":{"@type":"EntryPoint","urlTemplate":"https:\/\/agenciainfra.com\/blog\/?s={search_term_string}"},"query-input":{"@type":"PropertyValueSpecification","valueRequired":true,"valueName":"search_term_string"}}],"inLanguage":"pt-BR"},{"@type":"Organization","@id":"https:\/\/agenciainfra.com\/blog\/#organization","name":"Ag\u00eancia iNFRA","url":"https:\/\/agenciainfra.com\/blog\/","logo":{"@type":"ImageObject","inLanguage":"pt-BR","@id":"https:\/\/agenciainfra.com\/blog\/#\/schema\/logo\/image\/","url":"https:\/\/agenciainfra.com\/blog\/wp-content\/uploads\/2023\/09\/iNFRA_5-e1761735885940.png","contentUrl":"https:\/\/agenciainfra.com\/blog\/wp-content\/uploads\/2023\/09\/iNFRA_5-e1761735885940.png","width":1672,"height":454,"caption":"Ag\u00eancia iNFRA"},"image":{"@id":"https:\/\/agenciainfra.com\/blog\/#\/schema\/logo\/image\/"},"sameAs":["https:\/\/www.facebook.com\/ageninfra","https:\/\/x.com\/agencia_infra","https:\/\/www.linkedin.com\/company\/ag\u00eanciainfra\/","https:\/\/www.instagram.com\/agenciainfra\/"]},{"@type":"Person","@id":"https:\/\/agenciainfra.com\/blog\/#\/schema\/person\/34af08dff6adea4cb22b06612ba7acfa","name":"Ag\u00eancia iNFRA","image":{"@type":"ImageObject","inLanguage":"pt-BR","@id":"https:\/\/agenciainfra.com\/blog\/#\/schema\/person\/image\/","url":"https:\/\/secure.gravatar.com\/avatar\/d189e01678f06d8eb84d4e01f08eb848b3fffe3f8443818d3c356c66892f5be8?s=96&d=mm&r=g","contentUrl":"https:\/\/secure.gravatar.com\/avatar\/d189e01678f06d8eb84d4e01f08eb848b3fffe3f8443818d3c356c66892f5be8?s=96&d=mm&r=g","caption":"Ag\u00eancia iNFRA"},"url":"https:\/\/agenciainfra.com\/blog\/author\/admin\/"}]}},"_links":{"self":[{"href":"https:\/\/agenciainfra.com\/blog\/wp-json\/wp\/v2\/posts\/8376","targetHints":{"allow":["GET"]}}],"collection":[{"href":"https:\/\/agenciainfra.com\/blog\/wp-json\/wp\/v2\/posts"}],"about":[{"href":"https:\/\/agenciainfra.com\/blog\/wp-json\/wp\/v2\/types\/post"}],"author":[{"embeddable":true,"href":"https:\/\/agenciainfra.com\/blog\/wp-json\/wp\/v2\/users\/1"}],"replies":[{"embeddable":true,"href":"https:\/\/agenciainfra.com\/blog\/wp-json\/wp\/v2\/comments?post=8376"}],"version-history":[{"count":0,"href":"https:\/\/agenciainfra.com\/blog\/wp-json\/wp\/v2\/posts\/8376\/revisions"}],"wp:featuredmedia":[{"embeddable":true,"href":"https:\/\/agenciainfra.com\/blog\/wp-json\/wp\/v2\/media\/8379"}],"wp:attachment":[{"href":"https:\/\/agenciainfra.com\/blog\/wp-json\/wp\/v2\/media?parent=8376"}],"wp:term":[{"taxonomy":"category","embeddable":true,"href":"https:\/\/agenciainfra.com\/blog\/wp-json\/wp\/v2\/categories?post=8376"},{"taxonomy":"post_tag","embeddable":true,"href":"https:\/\/agenciainfra.com\/blog\/wp-json\/wp\/v2\/tags?post=8376"}],"curies":[{"name":"wp","href":"https:\/\/api.w.org\/{rel}","templated":true}]}}