{"id":8459,"date":"2021-10-01T11:00:00","date_gmt":"2021-10-01T14:00:00","guid":{"rendered":"https:\/\/www.agenciainfra.com\/blog\/?p=8459"},"modified":"2021-10-01T09:50:29","modified_gmt":"2021-10-01T12:50:29","slug":"outubro-traz-crescente-apreensao-do-setor-sobre-operacao-da-rede-no-limite","status":"publish","type":"post","link":"https:\/\/agenciainfra.com\/blog\/outubro-traz-crescente-apreensao-do-setor-sobre-operacao-da-rede-no-limite\/","title":{"rendered":"Outubro traz crescente apreens\u00e3o do setor sobre opera\u00e7\u00e3o da rede no limite"},"content":{"rendered":"\n<p class=\"has-text-align-right\"><strong>Roberto Rockmann*<\/strong><\/p>\n\n\n\n<p>No in\u00edcio do bimestre outubro-novembro, per\u00edodo mais cr\u00edtico do ano principalmente em rela\u00e7\u00e3o \u00e0 amea\u00e7a de blecautes, o setor el\u00e9trico vive dias de apreens\u00e3o, com o n\u00edvel dos reservat\u00f3rios no Sudeste perto de 17% e a estiagem se mantendo em Minas Gerais.<\/p>\n\n\n\n<p>Assim como foi sugerido \u00e0 Petrobras que postergasse o in\u00edcio das a\u00e7\u00f5es de manuten\u00e7\u00e3o de plataforma e a rota de escoamento de g\u00e1s, o mesmo recado foi dado \u00e0s transmissoras. A ideia \u00e9 foco total na maior transfer\u00eancia entre Norte e Nordeste para a regi\u00e3o Sudeste.<\/p>\n\n\n\n<p>Algumas transmissoras est\u00e3o receosas: o sistema est\u00e1 no limite operacional, busca-se s\u00f3 fazer manuten\u00e7\u00f5es absolutamente essenciais e hoje se opera com crit\u00e9rios de maior flexibiliza\u00e7\u00e3o, sem redund\u00e2ncia. Eventuais problemas podem causar perda de reputa\u00e7\u00e3o e receita.<\/p>\n\n\n\n<p>Nas distribuidoras, a preocupa\u00e7\u00e3o tamb\u00e9m \u00e9 elevada. Elo mais pr\u00f3ximo do consumidor, as empresas ficam na linha de frente na comunica\u00e7\u00e3o com os mais de 65 milh\u00f5es de pontos de luz espalhados pelo pa\u00eds. Al\u00e9m da preocupa\u00e7\u00e3o com a alta dos pre\u00e7os, o que pode elevar inadimpl\u00eancia e fragilizar o caixa, h\u00e1 receio sobre a falta de um plano B.<\/p>\n\n\n\n<p>Como comunicar medidas mais dr\u00e1sticas, se elas n\u00e3o s\u00e3o conhecidas? Caso seja necess\u00e1rio um racionamento, n\u00e3o se tem nada preparado, mesmo ponto de preocupa\u00e7\u00e3o que est\u00e1 nas entrelinhas de um relat\u00f3rio recente do TCU (Tribunal de Contas da Uni\u00e3o). No racionamento de 2001, foi aberta uma audi\u00eancia p\u00fablica sobre o plano B, para evitar problemas com o TCU.<\/p>\n\n\n\n<p><strong>Simula\u00e7\u00f5es<\/strong><br>Caso sejam necess\u00e1rios cortes de carga, muitos temem que eles poder\u00e3o causar transtornos prolongados, uma vez que simula\u00e7\u00f5es deveriam ter sido realizadas com anteced\u00eancia, em agosto e setembro, para que essas interrup\u00e7\u00f5es fossem as m\u00ednimas poss\u00edveis.<\/p>\n\n\n\n<p>Nas geradoras, a estiagem tem feito o fantasma do GSF (Generation Scaling Factor, que representa o risco hidrol\u00f3gico) continuar trazendo preju\u00edzos, principalmente para os agentes sem seguro. Com um GSF que pode chegar a 0,5 em setembro, alguns empres\u00e1rios de PCHs (Pequenas Centrais Hidrel\u00e9tricas) est\u00e3o colocando \u00e0 venda seus ativos.<\/p>\n\n\n\n<p>Para as ind\u00fastrias, os pr\u00f3ximos meses s\u00e3o de incertezas sobre o risco de apag\u00f5es nesses \u00faltimos meses do ano e sobre como ser\u00e3o as chuvas desse ver\u00e3o. H\u00e1 receio sobre o abastecimento em 2022. Sobram inc\u00f3gnitas sobre os pre\u00e7os no mercado livre, aumento de encargos com uma opera\u00e7\u00e3o cada vez mais cara do sistema e as futuras cota\u00e7\u00f5es do g\u00e1s natural, que vive uma explos\u00e3o de pre\u00e7os no mercado internacional.<\/p>\n\n\n\n<h6 class=\"wp-block-heading\" id=\"block-f323f59b-51bf-4eed-b17b-3c7d3b917007\">*Roberto Rockmann \u00e9 escritor e jornalista. Coautor do livro \u201cCurto-Circuito, quando o Brasil quase ficou \u00e0s escuras\u201d e produtor do podcast quinzenal \u201cGiro Energia\u201d sobre o setor el\u00e9trico. Organizou em 2018 o livro de 20 anos do mercado livre de energia el\u00e9trica, editado pela CCEE (C\u00e2mara de Comercializa\u00e7\u00e3o de Energia El\u00e9trica), al\u00e9m de v\u00e1rios outros livros e trabalhos premiados.<\/h6>\n\n\n\n<h5 class=\"wp-block-heading\" id=\"block-5ef42db3-2ed1-4178-8ab5-7a7f312ba102\">As opini\u00f5es dos autores n\u00e3o refletem necessariamente o pensamento da Ag\u00eancia iNFRA, sendo de total responsabilidade do autor as informa\u00e7\u00f5es, ju\u00edzos de valor e conceitos descritos no texto.<\/h5>\n","protected":false},"excerpt":{"rendered":"<p>Roberto Rockmann* No in\u00edcio do bimestre outubro-novembro, per\u00edodo mais cr\u00edtico do ano principalmente em rela\u00e7\u00e3o \u00e0 amea\u00e7a de blecautes, o setor el\u00e9trico vive dias de apreens\u00e3o, com o n\u00edvel dos reservat\u00f3rios no Sudeste perto de 17% e a estiagem se mantendo em Minas Gerais. Assim como foi sugerido \u00e0 Petrobras que postergasse o in\u00edcio das [&hellip;]<\/p>\n","protected":false},"author":1,"featured_media":1960,"comment_status":"closed","ping_status":"closed","sticky":false,"template":"","format":"standard","meta":{"_monsterinsights_skip_tracking":false,"_monsterinsights_sitenote_active":false,"_monsterinsights_sitenote_note":"","_monsterinsights_sitenote_category":0,"footnotes":""},"categories":[1],"tags":[13,4855,4379,491,2778,924,3200,1819,193,54],"class_list":["post-8459","post","type-post","status-publish","format-standard","has-post-thumbnail","hentry","category-geral","tag-consumo-de-energia","tag-corte-de-carga","tag-crise-energetica","tag-distribuidoras-de-energia","tag-estiagem","tag-mercado-livre-de-energia","tag-racionamento","tag-reservatorios","tag-risco-hidrologico","tag-setor-eletrico"],"yoast_head":"<!-- This site is optimized with the Yoast SEO Premium plugin v25.4 (Yoast SEO v26.0) - https:\/\/yoast.com\/wordpress\/plugins\/seo\/ -->\n<title>Outubro traz crescente apreens\u00e3o do setor sobre opera\u00e7\u00e3o da rede no limite - Ag\u00eancia iNFRA<\/title>\n<meta name=\"robots\" content=\"index, follow, max-snippet:-1, max-image-preview:large, max-video-preview:-1\" \/>\n<link rel=\"canonical\" href=\"https:\/\/agenciainfra.com\/blog\/outubro-traz-crescente-apreensao-do-setor-sobre-operacao-da-rede-no-limite\/\" \/>\n<meta property=\"og:locale\" content=\"pt_BR\" \/>\n<meta property=\"og:type\" content=\"article\" \/>\n<meta property=\"og:title\" content=\"Outubro traz crescente apreens\u00e3o do setor sobre opera\u00e7\u00e3o da rede no limite\" \/>\n<meta property=\"og:description\" content=\"Roberto Rockmann* No in\u00edcio do bimestre outubro-novembro, per\u00edodo mais cr\u00edtico do ano principalmente em rela\u00e7\u00e3o \u00e0 amea\u00e7a de blecautes, o setor el\u00e9trico vive dias de apreens\u00e3o, com o n\u00edvel dos reservat\u00f3rios no Sudeste perto de 17% e a estiagem se mantendo em Minas Gerais. Assim como foi sugerido \u00e0 Petrobras que postergasse o in\u00edcio das [&hellip;]\" \/>\n<meta property=\"og:url\" content=\"https:\/\/agenciainfra.com\/blog\/outubro-traz-crescente-apreensao-do-setor-sobre-operacao-da-rede-no-limite\/\" \/>\n<meta property=\"og:site_name\" content=\"Ag\u00eancia iNFRA\" \/>\n<meta property=\"article:publisher\" content=\"https:\/\/www.facebook.com\/ageninfra\" \/>\n<meta property=\"article:published_time\" content=\"2021-10-01T14:00:00+00:00\" \/>\n<meta property=\"og:image\" content=\"https:\/\/agenciainfra.com\/blog\/wp-content\/uploads\/2018\/06\/energia_marcelo_casal-jr_agencia_brasil.jpg\" \/>\n\t<meta property=\"og:image:width\" content=\"3726\" \/>\n\t<meta property=\"og:image:height\" content=\"2415\" \/>\n\t<meta property=\"og:image:type\" content=\"image\/jpeg\" \/>\n<meta name=\"author\" content=\"Ag\u00eancia iNFRA\" \/>\n<meta name=\"twitter:card\" content=\"summary_large_image\" \/>\n<meta name=\"twitter:creator\" content=\"@agencia_infra\" \/>\n<meta name=\"twitter:site\" content=\"@agencia_infra\" \/>\n<meta name=\"twitter:label1\" content=\"Escrito por\" \/>\n\t<meta name=\"twitter:data1\" content=\"Ag\u00eancia iNFRA\" \/>\n\t<meta name=\"twitter:label2\" content=\"Est. tempo de leitura\" \/>\n\t<meta name=\"twitter:data2\" content=\"3 minutos\" \/>\n<script type=\"application\/ld+json\" class=\"yoast-schema-graph\">{\"@context\":\"https:\/\/schema.org\",\"@graph\":[{\"@type\":\"Article\",\"@id\":\"https:\/\/agenciainfra.com\/blog\/outubro-traz-crescente-apreensao-do-setor-sobre-operacao-da-rede-no-limite\/#article\",\"isPartOf\":{\"@id\":\"https:\/\/agenciainfra.com\/blog\/outubro-traz-crescente-apreensao-do-setor-sobre-operacao-da-rede-no-limite\/\"},\"author\":{\"name\":\"Ag\u00eancia iNFRA\",\"@id\":\"https:\/\/agenciainfra.com\/blog\/#\/schema\/person\/34af08dff6adea4cb22b06612ba7acfa\"},\"headline\":\"Outubro traz crescente apreens\u00e3o do setor sobre opera\u00e7\u00e3o da rede no limite\",\"datePublished\":\"2021-10-01T14:00:00+00:00\",\"mainEntityOfPage\":{\"@id\":\"https:\/\/agenciainfra.com\/blog\/outubro-traz-crescente-apreensao-do-setor-sobre-operacao-da-rede-no-limite\/\"},\"wordCount\":568,\"publisher\":{\"@id\":\"https:\/\/agenciainfra.com\/blog\/#organization\"},\"image\":{\"@id\":\"https:\/\/agenciainfra.com\/blog\/outubro-traz-crescente-apreensao-do-setor-sobre-operacao-da-rede-no-limite\/#primaryimage\"},\"thumbnailUrl\":\"https:\/\/agenciainfra.com\/blog\/wp-content\/uploads\/2018\/06\/energia_marcelo_casal-jr_agencia_brasil.jpg\",\"keywords\":[\"consumo de energia\",\"corte de carga\",\"crise energ\u00e9tica\",\"distribuidoras de energia\",\"estiagem\",\"mercado livre de energia\",\"racionamento\",\"reservat\u00f3rios\",\"risco hidrol\u00f3gico\",\"Setor El\u00e9trico\"],\"articleSection\":[\"Geral\"],\"inLanguage\":\"pt-BR\",\"copyrightYear\":\"2021\",\"copyrightHolder\":{\"@id\":\"https:\/\/agenciainfra.com\/blog\/#organization\"}},{\"@type\":\"WebPage\",\"@id\":\"https:\/\/agenciainfra.com\/blog\/outubro-traz-crescente-apreensao-do-setor-sobre-operacao-da-rede-no-limite\/\",\"url\":\"https:\/\/agenciainfra.com\/blog\/outubro-traz-crescente-apreensao-do-setor-sobre-operacao-da-rede-no-limite\/\",\"name\":\"Outubro traz crescente apreens\u00e3o do setor sobre opera\u00e7\u00e3o da rede no limite - Ag\u00eancia iNFRA\",\"isPartOf\":{\"@id\":\"https:\/\/agenciainfra.com\/blog\/#website\"},\"primaryImageOfPage\":{\"@id\":\"https:\/\/agenciainfra.com\/blog\/outubro-traz-crescente-apreensao-do-setor-sobre-operacao-da-rede-no-limite\/#primaryimage\"},\"image\":{\"@id\":\"https:\/\/agenciainfra.com\/blog\/outubro-traz-crescente-apreensao-do-setor-sobre-operacao-da-rede-no-limite\/#primaryimage\"},\"thumbnailUrl\":\"https:\/\/agenciainfra.com\/blog\/wp-content\/uploads\/2018\/06\/energia_marcelo_casal-jr_agencia_brasil.jpg\",\"datePublished\":\"2021-10-01T14:00:00+00:00\",\"breadcrumb\":{\"@id\":\"https:\/\/agenciainfra.com\/blog\/outubro-traz-crescente-apreensao-do-setor-sobre-operacao-da-rede-no-limite\/#breadcrumb\"},\"inLanguage\":\"pt-BR\",\"potentialAction\":[{\"@type\":\"ReadAction\",\"target\":[\"https:\/\/agenciainfra.com\/blog\/outubro-traz-crescente-apreensao-do-setor-sobre-operacao-da-rede-no-limite\/\"]}]},{\"@type\":\"ImageObject\",\"inLanguage\":\"pt-BR\",\"@id\":\"https:\/\/agenciainfra.com\/blog\/outubro-traz-crescente-apreensao-do-setor-sobre-operacao-da-rede-no-limite\/#primaryimage\",\"url\":\"https:\/\/agenciainfra.com\/blog\/wp-content\/uploads\/2018\/06\/energia_marcelo_casal-jr_agencia_brasil.jpg\",\"contentUrl\":\"https:\/\/agenciainfra.com\/blog\/wp-content\/uploads\/2018\/06\/energia_marcelo_casal-jr_agencia_brasil.jpg\",\"width\":3726,\"height\":2415,\"caption\":\"Foto: Marcelo Casal Jr.\/ Ag\u00eancia Brasil\"},{\"@type\":\"BreadcrumbList\",\"@id\":\"https:\/\/agenciainfra.com\/blog\/outubro-traz-crescente-apreensao-do-setor-sobre-operacao-da-rede-no-limite\/#breadcrumb\",\"itemListElement\":[{\"@type\":\"ListItem\",\"position\":1,\"name\":\"In\u00edcio\",\"item\":\"https:\/\/agenciainfra.com\/blog\/\"},{\"@type\":\"ListItem\",\"position\":2,\"name\":\"Outubro traz crescente apreens\u00e3o do setor sobre opera\u00e7\u00e3o da rede no limite\"}]},{\"@type\":\"WebSite\",\"@id\":\"https:\/\/agenciainfra.com\/blog\/#website\",\"url\":\"https:\/\/agenciainfra.com\/blog\/\",\"name\":\"Ag\u00eancia iNFRA\",\"description\":\"Multiplataforma de informa\u00e7\u00e3o jornal\u00edstica refer\u00eancia na \u00e1rea de infraestrutura no Brasil!\",\"publisher\":{\"@id\":\"https:\/\/agenciainfra.com\/blog\/#organization\"},\"potentialAction\":[{\"@type\":\"SearchAction\",\"target\":{\"@type\":\"EntryPoint\",\"urlTemplate\":\"https:\/\/agenciainfra.com\/blog\/?s={search_term_string}\"},\"query-input\":{\"@type\":\"PropertyValueSpecification\",\"valueRequired\":true,\"valueName\":\"search_term_string\"}}],\"inLanguage\":\"pt-BR\"},{\"@type\":\"Organization\",\"@id\":\"https:\/\/agenciainfra.com\/blog\/#organization\",\"name\":\"Ag\u00eancia iNFRA\",\"url\":\"https:\/\/agenciainfra.com\/blog\/\",\"logo\":{\"@type\":\"ImageObject\",\"inLanguage\":\"pt-BR\",\"@id\":\"https:\/\/agenciainfra.com\/blog\/#\/schema\/logo\/image\/\",\"url\":\"https:\/\/agenciainfra.com\/blog\/wp-content\/uploads\/2023\/09\/iNFRA_5-e1761735885940.png\",\"contentUrl\":\"https:\/\/agenciainfra.com\/blog\/wp-content\/uploads\/2023\/09\/iNFRA_5-e1761735885940.png\",\"width\":1672,\"height\":454,\"caption\":\"Ag\u00eancia iNFRA\"},\"image\":{\"@id\":\"https:\/\/agenciainfra.com\/blog\/#\/schema\/logo\/image\/\"},\"sameAs\":[\"https:\/\/www.facebook.com\/ageninfra\",\"https:\/\/x.com\/agencia_infra\",\"https:\/\/www.linkedin.com\/company\/ag\u00eanciainfra\/\",\"https:\/\/www.instagram.com\/agenciainfra\/\"]},{\"@type\":\"Person\",\"@id\":\"https:\/\/agenciainfra.com\/blog\/#\/schema\/person\/34af08dff6adea4cb22b06612ba7acfa\",\"name\":\"Ag\u00eancia iNFRA\",\"image\":{\"@type\":\"ImageObject\",\"inLanguage\":\"pt-BR\",\"@id\":\"https:\/\/agenciainfra.com\/blog\/#\/schema\/person\/image\/\",\"url\":\"https:\/\/secure.gravatar.com\/avatar\/d189e01678f06d8eb84d4e01f08eb848b3fffe3f8443818d3c356c66892f5be8?s=96&d=mm&r=g\",\"contentUrl\":\"https:\/\/secure.gravatar.com\/avatar\/d189e01678f06d8eb84d4e01f08eb848b3fffe3f8443818d3c356c66892f5be8?s=96&d=mm&r=g\",\"caption\":\"Ag\u00eancia iNFRA\"},\"url\":\"https:\/\/agenciainfra.com\/blog\/author\/admin\/\"}]}<\/script>\n<!-- \/ Yoast SEO Premium plugin. -->","yoast_head_json":{"title":"Outubro traz crescente apreens\u00e3o do setor sobre opera\u00e7\u00e3o da rede no limite - Ag\u00eancia iNFRA","robots":{"index":"index","follow":"follow","max-snippet":"max-snippet:-1","max-image-preview":"max-image-preview:large","max-video-preview":"max-video-preview:-1"},"canonical":"https:\/\/agenciainfra.com\/blog\/outubro-traz-crescente-apreensao-do-setor-sobre-operacao-da-rede-no-limite\/","og_locale":"pt_BR","og_type":"article","og_title":"Outubro traz crescente apreens\u00e3o do setor sobre opera\u00e7\u00e3o da rede no limite","og_description":"Roberto Rockmann* No in\u00edcio do bimestre outubro-novembro, per\u00edodo mais cr\u00edtico do ano principalmente em rela\u00e7\u00e3o \u00e0 amea\u00e7a de blecautes, o setor el\u00e9trico vive dias de apreens\u00e3o, com o n\u00edvel dos reservat\u00f3rios no Sudeste perto de 17% e a estiagem se mantendo em Minas Gerais. Assim como foi sugerido \u00e0 Petrobras que postergasse o in\u00edcio das [&hellip;]","og_url":"https:\/\/agenciainfra.com\/blog\/outubro-traz-crescente-apreensao-do-setor-sobre-operacao-da-rede-no-limite\/","og_site_name":"Ag\u00eancia iNFRA","article_publisher":"https:\/\/www.facebook.com\/ageninfra","article_published_time":"2021-10-01T14:00:00+00:00","og_image":[{"width":3726,"height":2415,"url":"https:\/\/agenciainfra.com\/blog\/wp-content\/uploads\/2018\/06\/energia_marcelo_casal-jr_agencia_brasil.jpg","type":"image\/jpeg"}],"author":"Ag\u00eancia iNFRA","twitter_card":"summary_large_image","twitter_creator":"@agencia_infra","twitter_site":"@agencia_infra","twitter_misc":{"Escrito por":"Ag\u00eancia iNFRA","Est. tempo de leitura":"3 minutos"},"schema":{"@context":"https:\/\/schema.org","@graph":[{"@type":"Article","@id":"https:\/\/agenciainfra.com\/blog\/outubro-traz-crescente-apreensao-do-setor-sobre-operacao-da-rede-no-limite\/#article","isPartOf":{"@id":"https:\/\/agenciainfra.com\/blog\/outubro-traz-crescente-apreensao-do-setor-sobre-operacao-da-rede-no-limite\/"},"author":{"name":"Ag\u00eancia iNFRA","@id":"https:\/\/agenciainfra.com\/blog\/#\/schema\/person\/34af08dff6adea4cb22b06612ba7acfa"},"headline":"Outubro traz crescente apreens\u00e3o do setor sobre opera\u00e7\u00e3o da rede no limite","datePublished":"2021-10-01T14:00:00+00:00","mainEntityOfPage":{"@id":"https:\/\/agenciainfra.com\/blog\/outubro-traz-crescente-apreensao-do-setor-sobre-operacao-da-rede-no-limite\/"},"wordCount":568,"publisher":{"@id":"https:\/\/agenciainfra.com\/blog\/#organization"},"image":{"@id":"https:\/\/agenciainfra.com\/blog\/outubro-traz-crescente-apreensao-do-setor-sobre-operacao-da-rede-no-limite\/#primaryimage"},"thumbnailUrl":"https:\/\/agenciainfra.com\/blog\/wp-content\/uploads\/2018\/06\/energia_marcelo_casal-jr_agencia_brasil.jpg","keywords":["consumo de energia","corte de carga","crise energ\u00e9tica","distribuidoras de energia","estiagem","mercado livre de energia","racionamento","reservat\u00f3rios","risco hidrol\u00f3gico","Setor El\u00e9trico"],"articleSection":["Geral"],"inLanguage":"pt-BR","copyrightYear":"2021","copyrightHolder":{"@id":"https:\/\/agenciainfra.com\/blog\/#organization"}},{"@type":"WebPage","@id":"https:\/\/agenciainfra.com\/blog\/outubro-traz-crescente-apreensao-do-setor-sobre-operacao-da-rede-no-limite\/","url":"https:\/\/agenciainfra.com\/blog\/outubro-traz-crescente-apreensao-do-setor-sobre-operacao-da-rede-no-limite\/","name":"Outubro traz crescente apreens\u00e3o do setor sobre opera\u00e7\u00e3o da rede no limite - Ag\u00eancia iNFRA","isPartOf":{"@id":"https:\/\/agenciainfra.com\/blog\/#website"},"primaryImageOfPage":{"@id":"https:\/\/agenciainfra.com\/blog\/outubro-traz-crescente-apreensao-do-setor-sobre-operacao-da-rede-no-limite\/#primaryimage"},"image":{"@id":"https:\/\/agenciainfra.com\/blog\/outubro-traz-crescente-apreensao-do-setor-sobre-operacao-da-rede-no-limite\/#primaryimage"},"thumbnailUrl":"https:\/\/agenciainfra.com\/blog\/wp-content\/uploads\/2018\/06\/energia_marcelo_casal-jr_agencia_brasil.jpg","datePublished":"2021-10-01T14:00:00+00:00","breadcrumb":{"@id":"https:\/\/agenciainfra.com\/blog\/outubro-traz-crescente-apreensao-do-setor-sobre-operacao-da-rede-no-limite\/#breadcrumb"},"inLanguage":"pt-BR","potentialAction":[{"@type":"ReadAction","target":["https:\/\/agenciainfra.com\/blog\/outubro-traz-crescente-apreensao-do-setor-sobre-operacao-da-rede-no-limite\/"]}]},{"@type":"ImageObject","inLanguage":"pt-BR","@id":"https:\/\/agenciainfra.com\/blog\/outubro-traz-crescente-apreensao-do-setor-sobre-operacao-da-rede-no-limite\/#primaryimage","url":"https:\/\/agenciainfra.com\/blog\/wp-content\/uploads\/2018\/06\/energia_marcelo_casal-jr_agencia_brasil.jpg","contentUrl":"https:\/\/agenciainfra.com\/blog\/wp-content\/uploads\/2018\/06\/energia_marcelo_casal-jr_agencia_brasil.jpg","width":3726,"height":2415,"caption":"Foto: Marcelo Casal Jr.\/ Ag\u00eancia Brasil"},{"@type":"BreadcrumbList","@id":"https:\/\/agenciainfra.com\/blog\/outubro-traz-crescente-apreensao-do-setor-sobre-operacao-da-rede-no-limite\/#breadcrumb","itemListElement":[{"@type":"ListItem","position":1,"name":"In\u00edcio","item":"https:\/\/agenciainfra.com\/blog\/"},{"@type":"ListItem","position":2,"name":"Outubro traz crescente apreens\u00e3o do setor sobre opera\u00e7\u00e3o da rede no limite"}]},{"@type":"WebSite","@id":"https:\/\/agenciainfra.com\/blog\/#website","url":"https:\/\/agenciainfra.com\/blog\/","name":"Ag\u00eancia iNFRA","description":"Multiplataforma de informa\u00e7\u00e3o jornal\u00edstica refer\u00eancia na \u00e1rea de infraestrutura no Brasil!","publisher":{"@id":"https:\/\/agenciainfra.com\/blog\/#organization"},"potentialAction":[{"@type":"SearchAction","target":{"@type":"EntryPoint","urlTemplate":"https:\/\/agenciainfra.com\/blog\/?s={search_term_string}"},"query-input":{"@type":"PropertyValueSpecification","valueRequired":true,"valueName":"search_term_string"}}],"inLanguage":"pt-BR"},{"@type":"Organization","@id":"https:\/\/agenciainfra.com\/blog\/#organization","name":"Ag\u00eancia iNFRA","url":"https:\/\/agenciainfra.com\/blog\/","logo":{"@type":"ImageObject","inLanguage":"pt-BR","@id":"https:\/\/agenciainfra.com\/blog\/#\/schema\/logo\/image\/","url":"https:\/\/agenciainfra.com\/blog\/wp-content\/uploads\/2023\/09\/iNFRA_5-e1761735885940.png","contentUrl":"https:\/\/agenciainfra.com\/blog\/wp-content\/uploads\/2023\/09\/iNFRA_5-e1761735885940.png","width":1672,"height":454,"caption":"Ag\u00eancia iNFRA"},"image":{"@id":"https:\/\/agenciainfra.com\/blog\/#\/schema\/logo\/image\/"},"sameAs":["https:\/\/www.facebook.com\/ageninfra","https:\/\/x.com\/agencia_infra","https:\/\/www.linkedin.com\/company\/ag\u00eanciainfra\/","https:\/\/www.instagram.com\/agenciainfra\/"]},{"@type":"Person","@id":"https:\/\/agenciainfra.com\/blog\/#\/schema\/person\/34af08dff6adea4cb22b06612ba7acfa","name":"Ag\u00eancia iNFRA","image":{"@type":"ImageObject","inLanguage":"pt-BR","@id":"https:\/\/agenciainfra.com\/blog\/#\/schema\/person\/image\/","url":"https:\/\/secure.gravatar.com\/avatar\/d189e01678f06d8eb84d4e01f08eb848b3fffe3f8443818d3c356c66892f5be8?s=96&d=mm&r=g","contentUrl":"https:\/\/secure.gravatar.com\/avatar\/d189e01678f06d8eb84d4e01f08eb848b3fffe3f8443818d3c356c66892f5be8?s=96&d=mm&r=g","caption":"Ag\u00eancia iNFRA"},"url":"https:\/\/agenciainfra.com\/blog\/author\/admin\/"}]}},"_links":{"self":[{"href":"https:\/\/agenciainfra.com\/blog\/wp-json\/wp\/v2\/posts\/8459","targetHints":{"allow":["GET"]}}],"collection":[{"href":"https:\/\/agenciainfra.com\/blog\/wp-json\/wp\/v2\/posts"}],"about":[{"href":"https:\/\/agenciainfra.com\/blog\/wp-json\/wp\/v2\/types\/post"}],"author":[{"embeddable":true,"href":"https:\/\/agenciainfra.com\/blog\/wp-json\/wp\/v2\/users\/1"}],"replies":[{"embeddable":true,"href":"https:\/\/agenciainfra.com\/blog\/wp-json\/wp\/v2\/comments?post=8459"}],"version-history":[{"count":0,"href":"https:\/\/agenciainfra.com\/blog\/wp-json\/wp\/v2\/posts\/8459\/revisions"}],"wp:featuredmedia":[{"embeddable":true,"href":"https:\/\/agenciainfra.com\/blog\/wp-json\/wp\/v2\/media\/1960"}],"wp:attachment":[{"href":"https:\/\/agenciainfra.com\/blog\/wp-json\/wp\/v2\/media?parent=8459"}],"wp:term":[{"taxonomy":"category","embeddable":true,"href":"https:\/\/agenciainfra.com\/blog\/wp-json\/wp\/v2\/categories?post=8459"},{"taxonomy":"post_tag","embeddable":true,"href":"https:\/\/agenciainfra.com\/blog\/wp-json\/wp\/v2\/tags?post=8459"}],"curies":[{"name":"wp","href":"https:\/\/api.w.org\/{rel}","templated":true}]}}