{"id":8462,"date":"2021-10-04T08:00:00","date_gmt":"2021-10-04T11:00:00","guid":{"rendered":"https:\/\/www.agenciainfra.com\/blog\/?p=8462"},"modified":"2021-10-01T10:17:36","modified_gmt":"2021-10-01T13:17:36","slug":"resiliencia-e-portfolio-de-longo-prazo-serao-colocados-na-vitrine-dos-roadshows-do-minfra","status":"publish","type":"post","link":"https:\/\/agenciainfra.com\/blog\/resiliencia-e-portfolio-de-longo-prazo-serao-colocados-na-vitrine-dos-roadshows-do-minfra\/","title":{"rendered":"Resili\u00eancia e portf\u00f3lio de longo prazo ser\u00e3o colocados na vitrine dos roadshows do Minfra"},"content":{"rendered":"\n<p class=\"has-text-align-right\"><strong>Dimmi Amora, da&nbsp;Ag\u00eancia iNFRA<\/strong><\/p>\n\n\n\n<p>Na volta dos roadshows internacionais presenciais, os representantes do Minist\u00e9rio da Infraestrutura v\u00e3o apresentar a interessados em investir no pa\u00eds a carteira de projetos prevista para ser lan\u00e7ada nos pr\u00f3ximos dois anos, refor\u00e7ando o discurso de que o pa\u00eds tem um portf\u00f3lio cont\u00ednuo de projetos de parceria; e o que foi feito nos dois anos de pandemia, destacando a resili\u00eancia&nbsp;a choques de curto prazo.<\/p>\n\n\n\n<p>O programa come\u00e7ou neste s\u00e1bado (2), com encontros liderados pelo ministro Tarc\u00edsio de Freitas com pelo menos 30 representantes de grandes fundos de investimentos e bancos de v\u00e1rias partes do mundo. Entre outubro e novembro, haver\u00e1 ainda uma rodada na Europa, voltada a encontro com empresas do setor de infraestrutura e constru\u00e7\u00e3o; e nos Emirados \u00c1rabes, voltada a troca com grandes fundos soberanos da regi\u00e3o.<\/p>\n\n\n\n<p>A programa\u00e7\u00e3o em Nova Iorque vai contar com ao menos quatro meetings liderados pela XP Investimentos, pelo Council Of Americas, pelo Morgan Stanley e pelo JP Morgan, que re\u00fanem as empresas. H\u00e1 tamb\u00e9m encontros um a um com interessados, como o P\u00e1tria Investments e o GIC, por exemplo.<\/p>\n\n\n\n<p>A apresenta\u00e7\u00e3o que ser\u00e1 mostrada aos participantes conta com projetos que j\u00e1 est\u00e3o em estrutura\u00e7\u00e3o pelo BNDES, como os cerca de 1,6 mil quil\u00f4metros em estudos pelo BNDES. Outras j\u00e1 est\u00e3o at\u00e9 inclu\u00eddas no PPI (Programa de Parcerias de Investimentos), como as concess\u00f5es rodovi\u00e1rias de Santa Catarina e as PPPs\u00a0(parcerias p\u00fablico-privadas) de aeroportos na Amaz\u00f4nia.<\/p>\n\n\n\n<p><strong>Companhias docas<\/strong><br>Mas h\u00e1 novidades com a inclus\u00e3o de todas as autoridades portu\u00e1rias federais no programa de concess\u00f5es. At\u00e9 o momento, apenas n\u00e3o havia previs\u00e3o de que as companhias que administram portos no Rio de Janeiro, Par\u00e1 e Cear\u00e1, por exemplo, fossem desestatizadas.<\/p>\n\n\n\n<p>Em entrevista \u00e0&nbsp;<strong>Ag\u00eancia iNFRA<\/strong>, a secret\u00e1ria de Fomento, Planejamento e Parcerias do Minist\u00e9rio da Infraestrutura,&nbsp;Nat\u00e1lia Marcassa, afirmou que ter um portf\u00f3lio cont\u00ednuo \u00e9 elemento fundamental para que empresas internacionais participem das concorr\u00eancias por ativos de infraestrutura no pa\u00eds.<\/p>\n\n\n\n<p>Os leil\u00f5es realizados desde 2019 n\u00e3o tiveram empresas estrangeiras que j\u00e1 n\u00e3o tivessem participa\u00e7\u00e3o em ativos no pa\u00eds como vencedoras. Mas, segundo Marcassa, houve participa\u00e7\u00e3o nos leil\u00f5es de algumas delas, citando o Aeroporto de Houston (EUA), e outras est\u00e3o trabalhando em projetos no pa\u00eds como contratadas, citando a espanhola Ferrovial, que tem um bra\u00e7o em concession\u00e1rias.<\/p>\n\n\n\n<p>&#8220;Eles est\u00e3o conversando conosco h\u00e1 um ano, interessados nas modelagens. Eles est\u00e3o aqui j\u00e1 trabalhando na parte de constru\u00e7\u00e3o e uma hora chegar\u00e3o para os projetos de concess\u00e3o&#8221;, disse a secret\u00e1ria.<\/p>\n\n\n\n<p><strong>Projetos resilientes<\/strong><br>A manuten\u00e7\u00e3o dos leil\u00f5es durante o per\u00edodo da pandemia ser\u00e1 apresentado nesses eventos como um ativo do pa\u00eds. A apresenta\u00e7\u00e3o indica que foram&nbsp;74 ativos leiloados e 99 terminais privados autorizados. Os investimentos esperados s\u00e3o da ordem dos R$ 74 bilh\u00f5es.<\/p>\n\n\n\n<p>Segundo Marcassa, ter tido disputas nesse per\u00edodo d\u00e1 sinal de que os projetos do pa\u00eds s\u00e3o resilientes, seja pelo mercado interno do Brasil, seja pelo tipo de mercadoria exportada.<\/p>\n\n\n\n<p>&#8220;Desconhe\u00e7o um pa\u00eds que tenha feito 74 desestatiza\u00e7\u00f5es de ativos nesse per\u00edodo. Ningu\u00e9m que investe em infraestrutura vai deixar de olhar para o nosso portf\u00f3lio&#8221;, afirmou.<\/p>\n\n\n\n<p>Marcassa afirmou que os investidores desse setor tamb\u00e9m s\u00e3o mais voltados a separar ru\u00eddos de curto prazo e se voltam mais a questionamentos sobre riscos de longo prazo, especialmente nas \u00e1reas de c\u00e2mbio, meio ambiente e social. Segundo ela, os leil\u00f5es j\u00e1 realizados apresentaram solu\u00e7\u00f5es de compartilhamento para esses riscos, o que ser\u00e1 explicado aos interessados durante os encontros.&nbsp;<\/p>\n\n\n\n<p>&#8220;Eles diferenciam muito o que \u00e9 barulho de curto prazo&#8221;, disse a secret\u00e1ria.<\/p>\n\n\n\n<p><strong>Exemplo concreto<\/strong><br>No caso das rodovias, os servidores v\u00e3o levar o exemplo da primeira concess\u00e3o com as novas modelagens para riscos cambiais e de financiamento, por exemplo, que \u00e9 a concess\u00e3o da BR-153\/TO-GO, que teve contrato assinado na sexta-feira (1\u00ba).<\/p>\n\n\n\n<p>Sobre os encontros em Nova Iorque nos pr\u00f3ximos dias, Marcassa afirmou que o p\u00fablico tem investidores com participa\u00e7\u00f5es relevantes em empresas com a\u00e7\u00f5es na bolsa, como CCR, Rumo e EcoRodovias; e tamb\u00e9m outros que t\u00eam ve\u00edculos para investimentos pr\u00f3prios em infraestrutura, citando o&nbsp;Macquarie e o GIP (Global Infrastructure&nbsp;Partners).&nbsp;<\/p>\n\n\n\n<p>Segundo a secret\u00e1ria, o Macquarie,&nbsp;da Austr\u00e1lia, j\u00e1 montou um escrit\u00f3rio no pa\u00eds para analisar projetos e tem demonstrado interesse nas desestatiza\u00e7\u00f5es portu\u00e1rias e nas rodovias do Paran\u00e1, por exemplo. O GIP tamb\u00e9m tem voltado suas aten\u00e7\u00f5es para o porto de Santos.<\/p>\n\n\n\n<p>&#8220;Estamos apresentando que os grandes ativos de nossa carteira ser\u00e3o desestatizados em breve. Nenhum pa\u00eds do mundo est\u00e1 melhor posicionado do que n\u00f3s, com essa escala consider\u00e1vel de projetos para fazer&#8221;, explicou a secret\u00e1ria.<\/p>\n","protected":false},"excerpt":{"rendered":"<p>Dimmi Amora, da&nbsp;Ag\u00eancia iNFRA Na volta dos roadshows internacionais presenciais, os representantes do Minist\u00e9rio da Infraestrutura v\u00e3o apresentar a interessados em investir no pa\u00eds a carteira de projetos prevista para ser lan\u00e7ada nos pr\u00f3ximos dois anos, refor\u00e7ando o discurso de que o pa\u00eds tem um portf\u00f3lio cont\u00ednuo de projetos de parceria; e o que foi [&hellip;]<\/p>\n","protected":false},"author":1,"featured_media":7527,"comment_status":"closed","ping_status":"closed","sticky":false,"template":"","format":"standard","meta":{"_monsterinsights_skip_tracking":false,"_monsterinsights_sitenote_active":false,"_monsterinsights_sitenote_note":"","_monsterinsights_sitenote_category":0,"footnotes":""},"categories":[1,7],"tags":[647,2587,737,34,4755,3882,36,406,4933,70],"class_list":["post-8462","post","type-post","status-publish","format-standard","has-post-thumbnail","hentry","category-geral","category-infratransporte","tag-construcao","tag-desestatizacoes","tag-docas","tag-infraestrutura","tag-leilao-de-concessao","tag-minfra","tag-ppi","tag-ppps","tag-roadshows","tag-transportes"],"yoast_head":"<!-- This site is optimized with the Yoast SEO Premium plugin v25.4 (Yoast SEO v26.0) - https:\/\/yoast.com\/wordpress\/plugins\/seo\/ -->\n<title>Resili\u00eancia e portf\u00f3lio de longo prazo ser\u00e3o colocados na vitrine dos roadshows do Minfra - Ag\u00eancia iNFRA<\/title>\n<meta name=\"robots\" content=\"index, follow, max-snippet:-1, max-image-preview:large, max-video-preview:-1\" \/>\n<link rel=\"canonical\" href=\"https:\/\/agenciainfra.com\/blog\/resiliencia-e-portfolio-de-longo-prazo-serao-colocados-na-vitrine-dos-roadshows-do-minfra\/\" \/>\n<meta property=\"og:locale\" content=\"pt_BR\" \/>\n<meta property=\"og:type\" content=\"article\" \/>\n<meta property=\"og:title\" content=\"Resili\u00eancia e portf\u00f3lio de longo prazo ser\u00e3o colocados na vitrine dos roadshows do Minfra\" \/>\n<meta property=\"og:description\" content=\"Dimmi Amora, da&nbsp;Ag\u00eancia iNFRA Na volta dos roadshows internacionais presenciais, os representantes do Minist\u00e9rio da Infraestrutura v\u00e3o apresentar a interessados em investir no pa\u00eds a carteira de projetos prevista para ser lan\u00e7ada nos pr\u00f3ximos dois anos, refor\u00e7ando o discurso de que o pa\u00eds tem um portf\u00f3lio cont\u00ednuo de projetos de parceria; e o que foi [&hellip;]\" \/>\n<meta property=\"og:url\" content=\"https:\/\/agenciainfra.com\/blog\/resiliencia-e-portfolio-de-longo-prazo-serao-colocados-na-vitrine-dos-roadshows-do-minfra\/\" \/>\n<meta property=\"og:site_name\" content=\"Ag\u00eancia iNFRA\" \/>\n<meta property=\"article:publisher\" content=\"https:\/\/www.facebook.com\/ageninfra\" \/>\n<meta property=\"article:published_time\" content=\"2021-10-04T11:00:00+00:00\" \/>\n<meta property=\"og:image\" content=\"https:\/\/agenciainfra.com\/blog\/wp-content\/uploads\/2021\/06\/tarcisio-de-freitas-minfra-foto-minfra.jpeg\" \/>\n\t<meta property=\"og:image:width\" content=\"1280\" \/>\n\t<meta property=\"og:image:height\" content=\"853\" \/>\n\t<meta property=\"og:image:type\" content=\"image\/jpeg\" \/>\n<meta name=\"author\" content=\"Ag\u00eancia iNFRA\" \/>\n<meta name=\"twitter:card\" content=\"summary_large_image\" \/>\n<meta name=\"twitter:creator\" content=\"@agencia_infra\" \/>\n<meta name=\"twitter:site\" content=\"@agencia_infra\" \/>\n<meta name=\"twitter:label1\" content=\"Escrito por\" \/>\n\t<meta name=\"twitter:data1\" content=\"Ag\u00eancia iNFRA\" \/>\n\t<meta name=\"twitter:label2\" content=\"Est. tempo de leitura\" \/>\n\t<meta name=\"twitter:data2\" content=\"4 minutos\" \/>\n<script type=\"application\/ld+json\" class=\"yoast-schema-graph\">{\"@context\":\"https:\/\/schema.org\",\"@graph\":[{\"@type\":\"Article\",\"@id\":\"https:\/\/agenciainfra.com\/blog\/resiliencia-e-portfolio-de-longo-prazo-serao-colocados-na-vitrine-dos-roadshows-do-minfra\/#article\",\"isPartOf\":{\"@id\":\"https:\/\/agenciainfra.com\/blog\/resiliencia-e-portfolio-de-longo-prazo-serao-colocados-na-vitrine-dos-roadshows-do-minfra\/\"},\"author\":{\"name\":\"Ag\u00eancia iNFRA\",\"@id\":\"https:\/\/agenciainfra.com\/blog\/#\/schema\/person\/34af08dff6adea4cb22b06612ba7acfa\"},\"headline\":\"Resili\u00eancia e portf\u00f3lio de longo prazo ser\u00e3o colocados na vitrine dos roadshows do Minfra\",\"datePublished\":\"2021-10-04T11:00:00+00:00\",\"mainEntityOfPage\":{\"@id\":\"https:\/\/agenciainfra.com\/blog\/resiliencia-e-portfolio-de-longo-prazo-serao-colocados-na-vitrine-dos-roadshows-do-minfra\/\"},\"wordCount\":868,\"publisher\":{\"@id\":\"https:\/\/agenciainfra.com\/blog\/#organization\"},\"image\":{\"@id\":\"https:\/\/agenciainfra.com\/blog\/resiliencia-e-portfolio-de-longo-prazo-serao-colocados-na-vitrine-dos-roadshows-do-minfra\/#primaryimage\"},\"thumbnailUrl\":\"https:\/\/agenciainfra.com\/blog\/wp-content\/uploads\/2021\/06\/tarcisio-de-freitas-minfra-foto-minfra.jpeg\",\"keywords\":[\"constru\u00e7\u00e3o\",\"desestatiza\u00e7\u00f5es\",\"Docas\",\"Infraestrutura\",\"leil\u00e3o de concess\u00e3o\",\"Minfra\",\"PPI\",\"PPPs\",\"roadshows\",\"transportes\"],\"articleSection\":[\"Geral\",\"iNFRATransporte\"],\"inLanguage\":\"pt-BR\",\"copyrightYear\":\"2021\",\"copyrightHolder\":{\"@id\":\"https:\/\/agenciainfra.com\/blog\/#organization\"}},{\"@type\":\"WebPage\",\"@id\":\"https:\/\/agenciainfra.com\/blog\/resiliencia-e-portfolio-de-longo-prazo-serao-colocados-na-vitrine-dos-roadshows-do-minfra\/\",\"url\":\"https:\/\/agenciainfra.com\/blog\/resiliencia-e-portfolio-de-longo-prazo-serao-colocados-na-vitrine-dos-roadshows-do-minfra\/\",\"name\":\"Resili\u00eancia e portf\u00f3lio de longo prazo ser\u00e3o colocados na vitrine dos roadshows do Minfra - Ag\u00eancia iNFRA\",\"isPartOf\":{\"@id\":\"https:\/\/agenciainfra.com\/blog\/#website\"},\"primaryImageOfPage\":{\"@id\":\"https:\/\/agenciainfra.com\/blog\/resiliencia-e-portfolio-de-longo-prazo-serao-colocados-na-vitrine-dos-roadshows-do-minfra\/#primaryimage\"},\"image\":{\"@id\":\"https:\/\/agenciainfra.com\/blog\/resiliencia-e-portfolio-de-longo-prazo-serao-colocados-na-vitrine-dos-roadshows-do-minfra\/#primaryimage\"},\"thumbnailUrl\":\"https:\/\/agenciainfra.com\/blog\/wp-content\/uploads\/2021\/06\/tarcisio-de-freitas-minfra-foto-minfra.jpeg\",\"datePublished\":\"2021-10-04T11:00:00+00:00\",\"breadcrumb\":{\"@id\":\"https:\/\/agenciainfra.com\/blog\/resiliencia-e-portfolio-de-longo-prazo-serao-colocados-na-vitrine-dos-roadshows-do-minfra\/#breadcrumb\"},\"inLanguage\":\"pt-BR\",\"potentialAction\":[{\"@type\":\"ReadAction\",\"target\":[\"https:\/\/agenciainfra.com\/blog\/resiliencia-e-portfolio-de-longo-prazo-serao-colocados-na-vitrine-dos-roadshows-do-minfra\/\"]}]},{\"@type\":\"ImageObject\",\"inLanguage\":\"pt-BR\",\"@id\":\"https:\/\/agenciainfra.com\/blog\/resiliencia-e-portfolio-de-longo-prazo-serao-colocados-na-vitrine-dos-roadshows-do-minfra\/#primaryimage\",\"url\":\"https:\/\/agenciainfra.com\/blog\/wp-content\/uploads\/2021\/06\/tarcisio-de-freitas-minfra-foto-minfra.jpeg\",\"contentUrl\":\"https:\/\/agenciainfra.com\/blog\/wp-content\/uploads\/2021\/06\/tarcisio-de-freitas-minfra-foto-minfra.jpeg\",\"width\":1280,\"height\":853},{\"@type\":\"BreadcrumbList\",\"@id\":\"https:\/\/agenciainfra.com\/blog\/resiliencia-e-portfolio-de-longo-prazo-serao-colocados-na-vitrine-dos-roadshows-do-minfra\/#breadcrumb\",\"itemListElement\":[{\"@type\":\"ListItem\",\"position\":1,\"name\":\"In\u00edcio\",\"item\":\"https:\/\/agenciainfra.com\/blog\/\"},{\"@type\":\"ListItem\",\"position\":2,\"name\":\"Resili\u00eancia e portf\u00f3lio de longo prazo ser\u00e3o colocados na vitrine dos roadshows do Minfra\"}]},{\"@type\":\"WebSite\",\"@id\":\"https:\/\/agenciainfra.com\/blog\/#website\",\"url\":\"https:\/\/agenciainfra.com\/blog\/\",\"name\":\"Ag\u00eancia iNFRA\",\"description\":\"Multiplataforma de informa\u00e7\u00e3o jornal\u00edstica refer\u00eancia na \u00e1rea de infraestrutura no Brasil!\",\"publisher\":{\"@id\":\"https:\/\/agenciainfra.com\/blog\/#organization\"},\"potentialAction\":[{\"@type\":\"SearchAction\",\"target\":{\"@type\":\"EntryPoint\",\"urlTemplate\":\"https:\/\/agenciainfra.com\/blog\/?s={search_term_string}\"},\"query-input\":{\"@type\":\"PropertyValueSpecification\",\"valueRequired\":true,\"valueName\":\"search_term_string\"}}],\"inLanguage\":\"pt-BR\"},{\"@type\":\"Organization\",\"@id\":\"https:\/\/agenciainfra.com\/blog\/#organization\",\"name\":\"Ag\u00eancia iNFRA\",\"url\":\"https:\/\/agenciainfra.com\/blog\/\",\"logo\":{\"@type\":\"ImageObject\",\"inLanguage\":\"pt-BR\",\"@id\":\"https:\/\/agenciainfra.com\/blog\/#\/schema\/logo\/image\/\",\"url\":\"https:\/\/agenciainfra.com\/blog\/wp-content\/uploads\/2023\/09\/iNFRA_5-e1761735885940.png\",\"contentUrl\":\"https:\/\/agenciainfra.com\/blog\/wp-content\/uploads\/2023\/09\/iNFRA_5-e1761735885940.png\",\"width\":1672,\"height\":454,\"caption\":\"Ag\u00eancia iNFRA\"},\"image\":{\"@id\":\"https:\/\/agenciainfra.com\/blog\/#\/schema\/logo\/image\/\"},\"sameAs\":[\"https:\/\/www.facebook.com\/ageninfra\",\"https:\/\/x.com\/agencia_infra\",\"https:\/\/www.linkedin.com\/company\/ag\u00eanciainfra\/\",\"https:\/\/www.instagram.com\/agenciainfra\/\"]},{\"@type\":\"Person\",\"@id\":\"https:\/\/agenciainfra.com\/blog\/#\/schema\/person\/34af08dff6adea4cb22b06612ba7acfa\",\"name\":\"Ag\u00eancia iNFRA\",\"image\":{\"@type\":\"ImageObject\",\"inLanguage\":\"pt-BR\",\"@id\":\"https:\/\/agenciainfra.com\/blog\/#\/schema\/person\/image\/\",\"url\":\"https:\/\/secure.gravatar.com\/avatar\/d189e01678f06d8eb84d4e01f08eb848b3fffe3f8443818d3c356c66892f5be8?s=96&d=mm&r=g\",\"contentUrl\":\"https:\/\/secure.gravatar.com\/avatar\/d189e01678f06d8eb84d4e01f08eb848b3fffe3f8443818d3c356c66892f5be8?s=96&d=mm&r=g\",\"caption\":\"Ag\u00eancia iNFRA\"},\"url\":\"https:\/\/agenciainfra.com\/blog\/author\/admin\/\"}]}<\/script>\n<!-- \/ Yoast SEO Premium plugin. -->","yoast_head_json":{"title":"Resili\u00eancia e portf\u00f3lio de longo prazo ser\u00e3o colocados na vitrine dos roadshows do Minfra - Ag\u00eancia iNFRA","robots":{"index":"index","follow":"follow","max-snippet":"max-snippet:-1","max-image-preview":"max-image-preview:large","max-video-preview":"max-video-preview:-1"},"canonical":"https:\/\/agenciainfra.com\/blog\/resiliencia-e-portfolio-de-longo-prazo-serao-colocados-na-vitrine-dos-roadshows-do-minfra\/","og_locale":"pt_BR","og_type":"article","og_title":"Resili\u00eancia e portf\u00f3lio de longo prazo ser\u00e3o colocados na vitrine dos roadshows do Minfra","og_description":"Dimmi Amora, da&nbsp;Ag\u00eancia iNFRA Na volta dos roadshows internacionais presenciais, os representantes do Minist\u00e9rio da Infraestrutura v\u00e3o apresentar a interessados em investir no pa\u00eds a carteira de projetos prevista para ser lan\u00e7ada nos pr\u00f3ximos dois anos, refor\u00e7ando o discurso de que o pa\u00eds tem um portf\u00f3lio cont\u00ednuo de projetos de parceria; e o que foi [&hellip;]","og_url":"https:\/\/agenciainfra.com\/blog\/resiliencia-e-portfolio-de-longo-prazo-serao-colocados-na-vitrine-dos-roadshows-do-minfra\/","og_site_name":"Ag\u00eancia iNFRA","article_publisher":"https:\/\/www.facebook.com\/ageninfra","article_published_time":"2021-10-04T11:00:00+00:00","og_image":[{"width":1280,"height":853,"url":"https:\/\/agenciainfra.com\/blog\/wp-content\/uploads\/2021\/06\/tarcisio-de-freitas-minfra-foto-minfra.jpeg","type":"image\/jpeg"}],"author":"Ag\u00eancia iNFRA","twitter_card":"summary_large_image","twitter_creator":"@agencia_infra","twitter_site":"@agencia_infra","twitter_misc":{"Escrito por":"Ag\u00eancia iNFRA","Est. tempo de leitura":"4 minutos"},"schema":{"@context":"https:\/\/schema.org","@graph":[{"@type":"Article","@id":"https:\/\/agenciainfra.com\/blog\/resiliencia-e-portfolio-de-longo-prazo-serao-colocados-na-vitrine-dos-roadshows-do-minfra\/#article","isPartOf":{"@id":"https:\/\/agenciainfra.com\/blog\/resiliencia-e-portfolio-de-longo-prazo-serao-colocados-na-vitrine-dos-roadshows-do-minfra\/"},"author":{"name":"Ag\u00eancia iNFRA","@id":"https:\/\/agenciainfra.com\/blog\/#\/schema\/person\/34af08dff6adea4cb22b06612ba7acfa"},"headline":"Resili\u00eancia e portf\u00f3lio de longo prazo ser\u00e3o colocados na vitrine dos roadshows do Minfra","datePublished":"2021-10-04T11:00:00+00:00","mainEntityOfPage":{"@id":"https:\/\/agenciainfra.com\/blog\/resiliencia-e-portfolio-de-longo-prazo-serao-colocados-na-vitrine-dos-roadshows-do-minfra\/"},"wordCount":868,"publisher":{"@id":"https:\/\/agenciainfra.com\/blog\/#organization"},"image":{"@id":"https:\/\/agenciainfra.com\/blog\/resiliencia-e-portfolio-de-longo-prazo-serao-colocados-na-vitrine-dos-roadshows-do-minfra\/#primaryimage"},"thumbnailUrl":"https:\/\/agenciainfra.com\/blog\/wp-content\/uploads\/2021\/06\/tarcisio-de-freitas-minfra-foto-minfra.jpeg","keywords":["constru\u00e7\u00e3o","desestatiza\u00e7\u00f5es","Docas","Infraestrutura","leil\u00e3o de concess\u00e3o","Minfra","PPI","PPPs","roadshows","transportes"],"articleSection":["Geral","iNFRATransporte"],"inLanguage":"pt-BR","copyrightYear":"2021","copyrightHolder":{"@id":"https:\/\/agenciainfra.com\/blog\/#organization"}},{"@type":"WebPage","@id":"https:\/\/agenciainfra.com\/blog\/resiliencia-e-portfolio-de-longo-prazo-serao-colocados-na-vitrine-dos-roadshows-do-minfra\/","url":"https:\/\/agenciainfra.com\/blog\/resiliencia-e-portfolio-de-longo-prazo-serao-colocados-na-vitrine-dos-roadshows-do-minfra\/","name":"Resili\u00eancia e portf\u00f3lio de longo prazo ser\u00e3o colocados na vitrine dos roadshows do Minfra - Ag\u00eancia iNFRA","isPartOf":{"@id":"https:\/\/agenciainfra.com\/blog\/#website"},"primaryImageOfPage":{"@id":"https:\/\/agenciainfra.com\/blog\/resiliencia-e-portfolio-de-longo-prazo-serao-colocados-na-vitrine-dos-roadshows-do-minfra\/#primaryimage"},"image":{"@id":"https:\/\/agenciainfra.com\/blog\/resiliencia-e-portfolio-de-longo-prazo-serao-colocados-na-vitrine-dos-roadshows-do-minfra\/#primaryimage"},"thumbnailUrl":"https:\/\/agenciainfra.com\/blog\/wp-content\/uploads\/2021\/06\/tarcisio-de-freitas-minfra-foto-minfra.jpeg","datePublished":"2021-10-04T11:00:00+00:00","breadcrumb":{"@id":"https:\/\/agenciainfra.com\/blog\/resiliencia-e-portfolio-de-longo-prazo-serao-colocados-na-vitrine-dos-roadshows-do-minfra\/#breadcrumb"},"inLanguage":"pt-BR","potentialAction":[{"@type":"ReadAction","target":["https:\/\/agenciainfra.com\/blog\/resiliencia-e-portfolio-de-longo-prazo-serao-colocados-na-vitrine-dos-roadshows-do-minfra\/"]}]},{"@type":"ImageObject","inLanguage":"pt-BR","@id":"https:\/\/agenciainfra.com\/blog\/resiliencia-e-portfolio-de-longo-prazo-serao-colocados-na-vitrine-dos-roadshows-do-minfra\/#primaryimage","url":"https:\/\/agenciainfra.com\/blog\/wp-content\/uploads\/2021\/06\/tarcisio-de-freitas-minfra-foto-minfra.jpeg","contentUrl":"https:\/\/agenciainfra.com\/blog\/wp-content\/uploads\/2021\/06\/tarcisio-de-freitas-minfra-foto-minfra.jpeg","width":1280,"height":853},{"@type":"BreadcrumbList","@id":"https:\/\/agenciainfra.com\/blog\/resiliencia-e-portfolio-de-longo-prazo-serao-colocados-na-vitrine-dos-roadshows-do-minfra\/#breadcrumb","itemListElement":[{"@type":"ListItem","position":1,"name":"In\u00edcio","item":"https:\/\/agenciainfra.com\/blog\/"},{"@type":"ListItem","position":2,"name":"Resili\u00eancia e portf\u00f3lio de longo prazo ser\u00e3o colocados na vitrine dos roadshows do Minfra"}]},{"@type":"WebSite","@id":"https:\/\/agenciainfra.com\/blog\/#website","url":"https:\/\/agenciainfra.com\/blog\/","name":"Ag\u00eancia iNFRA","description":"Multiplataforma de informa\u00e7\u00e3o jornal\u00edstica refer\u00eancia na \u00e1rea de infraestrutura no Brasil!","publisher":{"@id":"https:\/\/agenciainfra.com\/blog\/#organization"},"potentialAction":[{"@type":"SearchAction","target":{"@type":"EntryPoint","urlTemplate":"https:\/\/agenciainfra.com\/blog\/?s={search_term_string}"},"query-input":{"@type":"PropertyValueSpecification","valueRequired":true,"valueName":"search_term_string"}}],"inLanguage":"pt-BR"},{"@type":"Organization","@id":"https:\/\/agenciainfra.com\/blog\/#organization","name":"Ag\u00eancia iNFRA","url":"https:\/\/agenciainfra.com\/blog\/","logo":{"@type":"ImageObject","inLanguage":"pt-BR","@id":"https:\/\/agenciainfra.com\/blog\/#\/schema\/logo\/image\/","url":"https:\/\/agenciainfra.com\/blog\/wp-content\/uploads\/2023\/09\/iNFRA_5-e1761735885940.png","contentUrl":"https:\/\/agenciainfra.com\/blog\/wp-content\/uploads\/2023\/09\/iNFRA_5-e1761735885940.png","width":1672,"height":454,"caption":"Ag\u00eancia iNFRA"},"image":{"@id":"https:\/\/agenciainfra.com\/blog\/#\/schema\/logo\/image\/"},"sameAs":["https:\/\/www.facebook.com\/ageninfra","https:\/\/x.com\/agencia_infra","https:\/\/www.linkedin.com\/company\/ag\u00eanciainfra\/","https:\/\/www.instagram.com\/agenciainfra\/"]},{"@type":"Person","@id":"https:\/\/agenciainfra.com\/blog\/#\/schema\/person\/34af08dff6adea4cb22b06612ba7acfa","name":"Ag\u00eancia iNFRA","image":{"@type":"ImageObject","inLanguage":"pt-BR","@id":"https:\/\/agenciainfra.com\/blog\/#\/schema\/person\/image\/","url":"https:\/\/secure.gravatar.com\/avatar\/d189e01678f06d8eb84d4e01f08eb848b3fffe3f8443818d3c356c66892f5be8?s=96&d=mm&r=g","contentUrl":"https:\/\/secure.gravatar.com\/avatar\/d189e01678f06d8eb84d4e01f08eb848b3fffe3f8443818d3c356c66892f5be8?s=96&d=mm&r=g","caption":"Ag\u00eancia iNFRA"},"url":"https:\/\/agenciainfra.com\/blog\/author\/admin\/"}]}},"_links":{"self":[{"href":"https:\/\/agenciainfra.com\/blog\/wp-json\/wp\/v2\/posts\/8462","targetHints":{"allow":["GET"]}}],"collection":[{"href":"https:\/\/agenciainfra.com\/blog\/wp-json\/wp\/v2\/posts"}],"about":[{"href":"https:\/\/agenciainfra.com\/blog\/wp-json\/wp\/v2\/types\/post"}],"author":[{"embeddable":true,"href":"https:\/\/agenciainfra.com\/blog\/wp-json\/wp\/v2\/users\/1"}],"replies":[{"embeddable":true,"href":"https:\/\/agenciainfra.com\/blog\/wp-json\/wp\/v2\/comments?post=8462"}],"version-history":[{"count":0,"href":"https:\/\/agenciainfra.com\/blog\/wp-json\/wp\/v2\/posts\/8462\/revisions"}],"wp:featuredmedia":[{"embeddable":true,"href":"https:\/\/agenciainfra.com\/blog\/wp-json\/wp\/v2\/media\/7527"}],"wp:attachment":[{"href":"https:\/\/agenciainfra.com\/blog\/wp-json\/wp\/v2\/media?parent=8462"}],"wp:term":[{"taxonomy":"category","embeddable":true,"href":"https:\/\/agenciainfra.com\/blog\/wp-json\/wp\/v2\/categories?post=8462"},{"taxonomy":"post_tag","embeddable":true,"href":"https:\/\/agenciainfra.com\/blog\/wp-json\/wp\/v2\/tags?post=8462"}],"curies":[{"name":"wp","href":"https:\/\/api.w.org\/{rel}","templated":true}]}}