{"id":8464,"date":"2021-10-04T11:00:00","date_gmt":"2021-10-04T14:00:00","guid":{"rendered":"https:\/\/www.agenciainfra.com\/blog\/?p=8464"},"modified":"2021-10-01T10:25:34","modified_gmt":"2021-10-01T13:25:34","slug":"infradebate-os-novos-trilhos-do-setor-ferroviario","status":"publish","type":"post","link":"https:\/\/agenciainfra.com\/blog\/infradebate-os-novos-trilhos-do-setor-ferroviario\/","title":{"rendered":"iNFRADebate: Os novos trilhos do setor ferrovi\u00e1rio"},"content":{"rendered":"\n<p class=\"has-text-align-right\"><strong>Felipe Lisb\u00f4a* e Jo\u00e3o Paulo Pessoa**<\/strong><\/p>\n\n\n\n<p>Em raz\u00e3o da necessidade de expans\u00e3o e melhorias na malha ferrovi\u00e1ria nacional observamos nos \u00faltimos anos algumas iniciativas, estaduais e federais, que visam alcan\u00e7ar esse objetivo. Assim, passamos a elencar algumas dessas iniciativas e apresentar, de forma n\u00e3o exaustiva, os seus poss\u00edveis impactos no setor.<\/p>\n\n\n\n<p>A primeira delas foi a publica\u00e7\u00e3o da Lei 13.448\/2017, oriunda da Medida Provis\u00f3ria 752\/2016, que prev\u00ea \u2013 entre outros temas \u2013 a possibilidade de prorroga\u00e7\u00e3o antecipada dos contratos de concess\u00e3o, incluindo as concess\u00f5es ferrovi\u00e1rias, mediante contrapartidas financeiras e ado\u00e7\u00e3o de melhorias regulat\u00f3rias.\u00a0<\/p>\n\n\n\n<p>Entre as contrapartidas, de forma mais concreta, podemos elencar: (a) o aperfei\u00e7oamento dos contratos vigentes, mediante, por exemplo, a defini\u00e7\u00e3o de novas metas de qualidade e seguran\u00e7a; e (b) a possibilidade de exig\u00eancia de investimentos imediatos nas malhas concedidas ou, de forma ainda mais inovadora, em outras malhas que n\u00e3o fazem parte dos contratos renovados, os chamados investimentos cruzados.&nbsp;<\/p>\n\n\n\n<p>No caso dos investimentos cruzados, as concession\u00e1rias ficariam respons\u00e1veis pela constru\u00e7\u00e3o\/expans\u00e3o de trechos definidos durante a negocia\u00e7\u00e3o das prorroga\u00e7\u00f5es, cabendo posteriormente ao poder p\u00fablico a realiza\u00e7\u00e3o de licita\u00e7\u00e3o para concess\u00e3o desse novo ativo, auferindo (desses novos contratos) outros recursos que tamb\u00e9m poderiam ser aplicados na malha nacional.&nbsp;<\/p>\n\n\n\n<p>Um outro aspecto importante da Lei 13.448\/2017 \u00e9 a preocupa\u00e7\u00e3o \u2013 digna de nota \u2013 de refor\u00e7ar a necessidade de comprova\u00e7\u00e3o da vantagem da prorroga\u00e7\u00e3o em rela\u00e7\u00e3o \u00e0 realiza\u00e7\u00e3o de nova licita\u00e7\u00e3o para o empreendimento. Ou seja, na teoria, as prorroga\u00e7\u00f5es antecipadas t\u00eam potencial de afetar positivamente todo o sistema ferrovi\u00e1rio, uma vez que, al\u00e9m de melhorar os contratos vigentes e garantir a vantajosidade para o poder p\u00fablico, carimbam recursos federais para expans\u00e3o do setor, criando um verdadeiro c\u00edrculo virtuoso.<\/p>\n\n\n\n<p>Nessa linha, destacamos as prorroga\u00e7\u00f5es dos contratos da Malha Paulista (Rumo Malha Paulista), da EFC (Estrada de Ferro Caraj\u00e1s) e da EFVM (Estrada de Ferro Vit\u00f3ria a Minas), sendo que nesta \u00faltima, por exemplo, parte do valor da outorga viabilizar\u00e1 a constru\u00e7\u00e3o da Fico (Ferrovia de Integra\u00e7\u00e3o Centro-Oeste), comprovando os benef\u00edcios da aplica\u00e7\u00e3o da Lei 13.448\/2017. Vale o destaque de que outros tr\u00eas contratos est\u00e3o em processo de renova\u00e7\u00e3o, sendo eles FCA (Ferrovia Centro-Atl\u00e2ntica S\/A), MRS (MRS Log\u00edstica S\/A) e Malha Sul (Rumo Malha Sul).<\/p>\n\n\n\n<p>Somadas a isso, as manifesta\u00e7\u00f5es favor\u00e1veis do STF (Supremo Tribunal Federal) \u2013 ADI 5991 \u2013 e TCU (Tribunal de Contas da Uni\u00e3o) \u2013 acompanhamento dos procedimentos de prorroga\u00e7\u00e3o \u2013 ajudam a solidificar os institutos criados pela norma, favorecendo a seguran\u00e7a jur\u00eddica para os investimentos em contratos de longu\u00edssimo prazo.<\/p>\n\n\n\n<p>Outra iniciativa, no momento ainda mais em voga, que pode trazer mais investimentos ao setor \u00e9 a possibilidade de explora\u00e7\u00e3o de ferrovias por meio de autoriza\u00e7\u00f5es em alternativa \u00e0 ado\u00e7\u00e3o do modelo de concess\u00e3o. Essa iniciativa, de simplifica\u00e7\u00e3o regulat\u00f3ria, pode ser dividida atualmente em tr\u00eas frentes: (a) pela Medida Provis\u00f3ria 1.065\/2021, editada pela pelo Poder Executivo federal; (b) por meio do Projeto de Lei do Senado Federal 261\/2018 (<em>Novo Marco Legal das Ferrovias<\/em>); e (c) as iniciativas estaduais, mediante cria\u00e7\u00e3o de leis semelhantes, em especial dos estados de Minas Gerais e Mato Grosso.\u00a0<\/p>\n\n\n\n<p>O PLS 261\/2018, quando aprovado, possivelmente substituir\u00e1 a MP 1.065\/21, mas \u00e9 certo que as inova\u00e7\u00f5es propostas mostraram que o modelo interessa aos investidores, considerando que ap\u00f3s a publica\u00e7\u00e3o da MP e at\u00e9 a presente data j\u00e1 se somam 14 pedidos de autoriza\u00e7\u00e3o ferrovi\u00e1ria, conforme noticiado pelo Minist\u00e9rio da Infraestrutura, bem como, no \u00e2mbito estadual, o contrato de ades\u00e3o, sob a reg\u00eancia do modelo de autoriza\u00e7\u00e3o, j\u00e1 assinado pela Rumo para constru\u00e7\u00e3o de ferrovia (730km) em Mato Grosso com investimentos estimados entre R$ 9 bilh\u00f5es a R$ 11 bilh\u00f5es.<\/p>\n\n\n\n<p>No entanto, h\u00e1 tamb\u00e9m de se dizer que o modelo enfrenta algumas cr\u00edticas, sendo a principal a possibilidade de cria\u00e7\u00e3o de desequil\u00edbrio concorrencial no setor, uma vez que pode significar num menor n\u00famero de contrapartidas como as exigidas nas concess\u00f5es, criando-se, pelo menos em tese, esp\u00e9cie de assimetria regulat\u00f3ria. Tais cr\u00edticas apenas ser\u00e3o sanadas ou confirmadas ap\u00f3s aprova\u00e7\u00e3o do PLS 261 e a regulamenta\u00e7\u00e3o, que deve vir a reboque da nova Lei.&nbsp;<\/p>\n\n\n\n<p>O fato \u00e9 que, ainda que existam algumas incertezas, fica evidente que para o Brasil de alto custo log\u00edstico e crise or\u00e7ament\u00e1ria, essas mudan\u00e7as podem representar, no curto prazo, o aumento expressivo de investimentos e, no longo prazo, a consolida\u00e7\u00e3o do modal ferrovi\u00e1rio como fator para transforma\u00e7\u00e3o e redu\u00e7\u00e3o do custo da matriz de transporte nacional.<\/p>\n\n\n\n<h6 class=\"wp-block-heading\" id=\"block-aa9ff8cf-f9c2-435f-85ff-56a599c37bc9\">*<strong>Felipe Lisb\u00f4a<\/strong> \u00e9 advogado associado do escrit\u00f3rio Toledo Marchetti Advogados, bacharel pela UFRJ.<\/h6>\n\n\n\n<h6 class=\"wp-block-heading\" id=\"block-aa9ff8cf-f9c2-435f-85ff-56a599c37bc9\">**<strong>Jo\u00e3o Paulo Pessoa<\/strong> \u00e9 s\u00f3cio do escrit\u00f3rio Toledo Marchetti Advogados, bacharel, mestre e doutor em Direito do Estado pela PUC\/SP.<\/h6>\n\n\n\n<h5 class=\"wp-block-heading\" id=\"block-d67878ff-7627-4f15-b175-8f58269174ff\">O iNFRADebate \u00e9 o espa\u00e7o de artigos da Ag\u00eancia iNFRA com opini\u00f5es de seus atores que n\u00e3o refletem necessariamente o pensamento da Ag\u00eancia iNFRA, sendo de total responsabilidade do autor as informa\u00e7\u00f5es, ju\u00edzos de valor e conceitos descritos no texto.<\/h5>\n","protected":false},"excerpt":{"rendered":"<p>Felipe Lisb\u00f4a* e Jo\u00e3o Paulo Pessoa** Em raz\u00e3o da necessidade de expans\u00e3o e melhorias na malha ferrovi\u00e1ria nacional observamos nos \u00faltimos anos algumas iniciativas, estaduais e federais, que visam alcan\u00e7ar esse objetivo. Assim, passamos a elencar algumas dessas iniciativas e apresentar, de forma n\u00e3o exaustiva, os seus poss\u00edveis impactos no setor. A primeira delas foi [&hellip;]<\/p>\n","protected":false},"author":1,"featured_media":4393,"comment_status":"closed","ping_status":"closed","sticky":false,"template":"","format":"standard","meta":{"_monsterinsights_skip_tracking":false,"_monsterinsights_sitenote_active":false,"_monsterinsights_sitenote_note":"","_monsterinsights_sitenote_category":0,"footnotes":""},"categories":[1,11],"tags":[2689,32,525,5028,540,5029,3622,2656,884,70],"class_list":["post-8464","post","type-post","status-publish","format-standard","has-post-thumbnail","hentry","category-geral","category-infradebate","tag-concessao-ferroviaria","tag-investimentos","tag-lei-13-448-2017","tag-malha-ferroviaria-nacional","tag-modal-ferroviario","tag-mp-1-065-21","tag-novo-marco-legal-das-ferrovias","tag-regulamentacao","tag-setor-ferroviario","tag-transportes"],"yoast_head":"<!-- This site is optimized with the Yoast SEO Premium plugin v25.4 (Yoast SEO v26.0) - https:\/\/yoast.com\/wordpress\/plugins\/seo\/ -->\n<title>iNFRADebate: Os novos trilhos do setor ferrovi\u00e1rio - Ag\u00eancia iNFRA<\/title>\n<meta name=\"robots\" content=\"index, follow, max-snippet:-1, max-image-preview:large, max-video-preview:-1\" \/>\n<link rel=\"canonical\" href=\"https:\/\/agenciainfra.com\/blog\/infradebate-os-novos-trilhos-do-setor-ferroviario\/\" \/>\n<meta property=\"og:locale\" content=\"pt_BR\" \/>\n<meta property=\"og:type\" content=\"article\" \/>\n<meta property=\"og:title\" content=\"iNFRADebate: Os novos trilhos do setor ferrovi\u00e1rio\" \/>\n<meta property=\"og:description\" content=\"Felipe Lisb\u00f4a* e Jo\u00e3o Paulo Pessoa** Em raz\u00e3o da necessidade de expans\u00e3o e melhorias na malha ferrovi\u00e1ria nacional observamos nos \u00faltimos anos algumas iniciativas, estaduais e federais, que visam alcan\u00e7ar esse objetivo. Assim, passamos a elencar algumas dessas iniciativas e apresentar, de forma n\u00e3o exaustiva, os seus poss\u00edveis impactos no setor. A primeira delas foi [&hellip;]\" \/>\n<meta property=\"og:url\" content=\"https:\/\/agenciainfra.com\/blog\/infradebate-os-novos-trilhos-do-setor-ferroviario\/\" \/>\n<meta property=\"og:site_name\" content=\"Ag\u00eancia iNFRA\" \/>\n<meta property=\"article:publisher\" content=\"https:\/\/www.facebook.com\/ageninfra\" \/>\n<meta property=\"article:published_time\" content=\"2021-10-04T14:00:00+00:00\" \/>\n<meta property=\"og:image\" content=\"https:\/\/agenciainfra.com\/blog\/wp-content\/uploads\/2020\/02\/ferrovia-norte-sul-foto-edsom-leite-minfra.jpg\" \/>\n\t<meta property=\"og:image:width\" content=\"1280\" \/>\n\t<meta property=\"og:image:height\" content=\"859\" \/>\n\t<meta property=\"og:image:type\" content=\"image\/jpeg\" \/>\n<meta name=\"author\" content=\"Ag\u00eancia iNFRA\" \/>\n<meta name=\"twitter:card\" content=\"summary_large_image\" \/>\n<meta name=\"twitter:creator\" content=\"@agencia_infra\" \/>\n<meta name=\"twitter:site\" content=\"@agencia_infra\" \/>\n<meta name=\"twitter:label1\" content=\"Escrito por\" \/>\n\t<meta name=\"twitter:data1\" content=\"Ag\u00eancia iNFRA\" \/>\n\t<meta name=\"twitter:label2\" content=\"Est. tempo de leitura\" \/>\n\t<meta name=\"twitter:data2\" content=\"4 minutos\" \/>\n<script type=\"application\/ld+json\" class=\"yoast-schema-graph\">{\"@context\":\"https:\/\/schema.org\",\"@graph\":[{\"@type\":\"Article\",\"@id\":\"https:\/\/agenciainfra.com\/blog\/infradebate-os-novos-trilhos-do-setor-ferroviario\/#article\",\"isPartOf\":{\"@id\":\"https:\/\/agenciainfra.com\/blog\/infradebate-os-novos-trilhos-do-setor-ferroviario\/\"},\"author\":{\"name\":\"Ag\u00eancia iNFRA\",\"@id\":\"https:\/\/agenciainfra.com\/blog\/#\/schema\/person\/34af08dff6adea4cb22b06612ba7acfa\"},\"headline\":\"iNFRADebate: Os novos trilhos do setor ferrovi\u00e1rio\",\"datePublished\":\"2021-10-04T14:00:00+00:00\",\"mainEntityOfPage\":{\"@id\":\"https:\/\/agenciainfra.com\/blog\/infradebate-os-novos-trilhos-do-setor-ferroviario\/\"},\"wordCount\":900,\"publisher\":{\"@id\":\"https:\/\/agenciainfra.com\/blog\/#organization\"},\"image\":{\"@id\":\"https:\/\/agenciainfra.com\/blog\/infradebate-os-novos-trilhos-do-setor-ferroviario\/#primaryimage\"},\"thumbnailUrl\":\"https:\/\/agenciainfra.com\/blog\/wp-content\/uploads\/2020\/02\/ferrovia-norte-sul-foto-edsom-leite-minfra.jpg\",\"keywords\":[\"concess\u00e3o ferrovi\u00e1ria\",\"Investimentos\",\"Lei 13.448\/2017\",\"malha ferrovi\u00e1ria nacional\",\"modal ferrovi\u00e1rio\",\"MP 1.065\/21\",\"Novo Marco Legal das Ferrovias\",\"regulamenta\u00e7\u00e3o\",\"setor ferrovi\u00e1rio\",\"transportes\"],\"articleSection\":[\"Geral\",\"iNFRADebate\"],\"inLanguage\":\"pt-BR\",\"copyrightYear\":\"2021\",\"copyrightHolder\":{\"@id\":\"https:\/\/agenciainfra.com\/blog\/#organization\"}},{\"@type\":\"WebPage\",\"@id\":\"https:\/\/agenciainfra.com\/blog\/infradebate-os-novos-trilhos-do-setor-ferroviario\/\",\"url\":\"https:\/\/agenciainfra.com\/blog\/infradebate-os-novos-trilhos-do-setor-ferroviario\/\",\"name\":\"iNFRADebate: Os novos trilhos do setor ferrovi\u00e1rio - Ag\u00eancia iNFRA\",\"isPartOf\":{\"@id\":\"https:\/\/agenciainfra.com\/blog\/#website\"},\"primaryImageOfPage\":{\"@id\":\"https:\/\/agenciainfra.com\/blog\/infradebate-os-novos-trilhos-do-setor-ferroviario\/#primaryimage\"},\"image\":{\"@id\":\"https:\/\/agenciainfra.com\/blog\/infradebate-os-novos-trilhos-do-setor-ferroviario\/#primaryimage\"},\"thumbnailUrl\":\"https:\/\/agenciainfra.com\/blog\/wp-content\/uploads\/2020\/02\/ferrovia-norte-sul-foto-edsom-leite-minfra.jpg\",\"datePublished\":\"2021-10-04T14:00:00+00:00\",\"breadcrumb\":{\"@id\":\"https:\/\/agenciainfra.com\/blog\/infradebate-os-novos-trilhos-do-setor-ferroviario\/#breadcrumb\"},\"inLanguage\":\"pt-BR\",\"potentialAction\":[{\"@type\":\"ReadAction\",\"target\":[\"https:\/\/agenciainfra.com\/blog\/infradebate-os-novos-trilhos-do-setor-ferroviario\/\"]}]},{\"@type\":\"ImageObject\",\"inLanguage\":\"pt-BR\",\"@id\":\"https:\/\/agenciainfra.com\/blog\/infradebate-os-novos-trilhos-do-setor-ferroviario\/#primaryimage\",\"url\":\"https:\/\/agenciainfra.com\/blog\/wp-content\/uploads\/2020\/02\/ferrovia-norte-sul-foto-edsom-leite-minfra.jpg\",\"contentUrl\":\"https:\/\/agenciainfra.com\/blog\/wp-content\/uploads\/2020\/02\/ferrovia-norte-sul-foto-edsom-leite-minfra.jpg\",\"width\":1280,\"height\":859,\"caption\":\"Foto: Edsom Leite\/Minfra\"},{\"@type\":\"BreadcrumbList\",\"@id\":\"https:\/\/agenciainfra.com\/blog\/infradebate-os-novos-trilhos-do-setor-ferroviario\/#breadcrumb\",\"itemListElement\":[{\"@type\":\"ListItem\",\"position\":1,\"name\":\"In\u00edcio\",\"item\":\"https:\/\/agenciainfra.com\/blog\/\"},{\"@type\":\"ListItem\",\"position\":2,\"name\":\"iNFRADebate: Os novos trilhos do setor ferrovi\u00e1rio\"}]},{\"@type\":\"WebSite\",\"@id\":\"https:\/\/agenciainfra.com\/blog\/#website\",\"url\":\"https:\/\/agenciainfra.com\/blog\/\",\"name\":\"Ag\u00eancia iNFRA\",\"description\":\"Multiplataforma de informa\u00e7\u00e3o jornal\u00edstica refer\u00eancia na \u00e1rea de infraestrutura no Brasil!\",\"publisher\":{\"@id\":\"https:\/\/agenciainfra.com\/blog\/#organization\"},\"potentialAction\":[{\"@type\":\"SearchAction\",\"target\":{\"@type\":\"EntryPoint\",\"urlTemplate\":\"https:\/\/agenciainfra.com\/blog\/?s={search_term_string}\"},\"query-input\":{\"@type\":\"PropertyValueSpecification\",\"valueRequired\":true,\"valueName\":\"search_term_string\"}}],\"inLanguage\":\"pt-BR\"},{\"@type\":\"Organization\",\"@id\":\"https:\/\/agenciainfra.com\/blog\/#organization\",\"name\":\"Ag\u00eancia iNFRA\",\"url\":\"https:\/\/agenciainfra.com\/blog\/\",\"logo\":{\"@type\":\"ImageObject\",\"inLanguage\":\"pt-BR\",\"@id\":\"https:\/\/agenciainfra.com\/blog\/#\/schema\/logo\/image\/\",\"url\":\"https:\/\/agenciainfra.com\/blog\/wp-content\/uploads\/2023\/09\/iNFRA_5-e1761735885940.png\",\"contentUrl\":\"https:\/\/agenciainfra.com\/blog\/wp-content\/uploads\/2023\/09\/iNFRA_5-e1761735885940.png\",\"width\":1672,\"height\":454,\"caption\":\"Ag\u00eancia iNFRA\"},\"image\":{\"@id\":\"https:\/\/agenciainfra.com\/blog\/#\/schema\/logo\/image\/\"},\"sameAs\":[\"https:\/\/www.facebook.com\/ageninfra\",\"https:\/\/x.com\/agencia_infra\",\"https:\/\/www.linkedin.com\/company\/ag\u00eanciainfra\/\",\"https:\/\/www.instagram.com\/agenciainfra\/\"]},{\"@type\":\"Person\",\"@id\":\"https:\/\/agenciainfra.com\/blog\/#\/schema\/person\/34af08dff6adea4cb22b06612ba7acfa\",\"name\":\"Ag\u00eancia iNFRA\",\"image\":{\"@type\":\"ImageObject\",\"inLanguage\":\"pt-BR\",\"@id\":\"https:\/\/agenciainfra.com\/blog\/#\/schema\/person\/image\/\",\"url\":\"https:\/\/secure.gravatar.com\/avatar\/d189e01678f06d8eb84d4e01f08eb848b3fffe3f8443818d3c356c66892f5be8?s=96&d=mm&r=g\",\"contentUrl\":\"https:\/\/secure.gravatar.com\/avatar\/d189e01678f06d8eb84d4e01f08eb848b3fffe3f8443818d3c356c66892f5be8?s=96&d=mm&r=g\",\"caption\":\"Ag\u00eancia iNFRA\"},\"url\":\"https:\/\/agenciainfra.com\/blog\/author\/admin\/\"}]}<\/script>\n<!-- \/ Yoast SEO Premium plugin. -->","yoast_head_json":{"title":"iNFRADebate: Os novos trilhos do setor ferrovi\u00e1rio - Ag\u00eancia iNFRA","robots":{"index":"index","follow":"follow","max-snippet":"max-snippet:-1","max-image-preview":"max-image-preview:large","max-video-preview":"max-video-preview:-1"},"canonical":"https:\/\/agenciainfra.com\/blog\/infradebate-os-novos-trilhos-do-setor-ferroviario\/","og_locale":"pt_BR","og_type":"article","og_title":"iNFRADebate: Os novos trilhos do setor ferrovi\u00e1rio","og_description":"Felipe Lisb\u00f4a* e Jo\u00e3o Paulo Pessoa** Em raz\u00e3o da necessidade de expans\u00e3o e melhorias na malha ferrovi\u00e1ria nacional observamos nos \u00faltimos anos algumas iniciativas, estaduais e federais, que visam alcan\u00e7ar esse objetivo. Assim, passamos a elencar algumas dessas iniciativas e apresentar, de forma n\u00e3o exaustiva, os seus poss\u00edveis impactos no setor. A primeira delas foi [&hellip;]","og_url":"https:\/\/agenciainfra.com\/blog\/infradebate-os-novos-trilhos-do-setor-ferroviario\/","og_site_name":"Ag\u00eancia iNFRA","article_publisher":"https:\/\/www.facebook.com\/ageninfra","article_published_time":"2021-10-04T14:00:00+00:00","og_image":[{"width":1280,"height":859,"url":"https:\/\/agenciainfra.com\/blog\/wp-content\/uploads\/2020\/02\/ferrovia-norte-sul-foto-edsom-leite-minfra.jpg","type":"image\/jpeg"}],"author":"Ag\u00eancia iNFRA","twitter_card":"summary_large_image","twitter_creator":"@agencia_infra","twitter_site":"@agencia_infra","twitter_misc":{"Escrito por":"Ag\u00eancia iNFRA","Est. tempo de leitura":"4 minutos"},"schema":{"@context":"https:\/\/schema.org","@graph":[{"@type":"Article","@id":"https:\/\/agenciainfra.com\/blog\/infradebate-os-novos-trilhos-do-setor-ferroviario\/#article","isPartOf":{"@id":"https:\/\/agenciainfra.com\/blog\/infradebate-os-novos-trilhos-do-setor-ferroviario\/"},"author":{"name":"Ag\u00eancia iNFRA","@id":"https:\/\/agenciainfra.com\/blog\/#\/schema\/person\/34af08dff6adea4cb22b06612ba7acfa"},"headline":"iNFRADebate: Os novos trilhos do setor ferrovi\u00e1rio","datePublished":"2021-10-04T14:00:00+00:00","mainEntityOfPage":{"@id":"https:\/\/agenciainfra.com\/blog\/infradebate-os-novos-trilhos-do-setor-ferroviario\/"},"wordCount":900,"publisher":{"@id":"https:\/\/agenciainfra.com\/blog\/#organization"},"image":{"@id":"https:\/\/agenciainfra.com\/blog\/infradebate-os-novos-trilhos-do-setor-ferroviario\/#primaryimage"},"thumbnailUrl":"https:\/\/agenciainfra.com\/blog\/wp-content\/uploads\/2020\/02\/ferrovia-norte-sul-foto-edsom-leite-minfra.jpg","keywords":["concess\u00e3o ferrovi\u00e1ria","Investimentos","Lei 13.448\/2017","malha ferrovi\u00e1ria nacional","modal ferrovi\u00e1rio","MP 1.065\/21","Novo Marco Legal das Ferrovias","regulamenta\u00e7\u00e3o","setor ferrovi\u00e1rio","transportes"],"articleSection":["Geral","iNFRADebate"],"inLanguage":"pt-BR","copyrightYear":"2021","copyrightHolder":{"@id":"https:\/\/agenciainfra.com\/blog\/#organization"}},{"@type":"WebPage","@id":"https:\/\/agenciainfra.com\/blog\/infradebate-os-novos-trilhos-do-setor-ferroviario\/","url":"https:\/\/agenciainfra.com\/blog\/infradebate-os-novos-trilhos-do-setor-ferroviario\/","name":"iNFRADebate: Os novos trilhos do setor ferrovi\u00e1rio - Ag\u00eancia iNFRA","isPartOf":{"@id":"https:\/\/agenciainfra.com\/blog\/#website"},"primaryImageOfPage":{"@id":"https:\/\/agenciainfra.com\/blog\/infradebate-os-novos-trilhos-do-setor-ferroviario\/#primaryimage"},"image":{"@id":"https:\/\/agenciainfra.com\/blog\/infradebate-os-novos-trilhos-do-setor-ferroviario\/#primaryimage"},"thumbnailUrl":"https:\/\/agenciainfra.com\/blog\/wp-content\/uploads\/2020\/02\/ferrovia-norte-sul-foto-edsom-leite-minfra.jpg","datePublished":"2021-10-04T14:00:00+00:00","breadcrumb":{"@id":"https:\/\/agenciainfra.com\/blog\/infradebate-os-novos-trilhos-do-setor-ferroviario\/#breadcrumb"},"inLanguage":"pt-BR","potentialAction":[{"@type":"ReadAction","target":["https:\/\/agenciainfra.com\/blog\/infradebate-os-novos-trilhos-do-setor-ferroviario\/"]}]},{"@type":"ImageObject","inLanguage":"pt-BR","@id":"https:\/\/agenciainfra.com\/blog\/infradebate-os-novos-trilhos-do-setor-ferroviario\/#primaryimage","url":"https:\/\/agenciainfra.com\/blog\/wp-content\/uploads\/2020\/02\/ferrovia-norte-sul-foto-edsom-leite-minfra.jpg","contentUrl":"https:\/\/agenciainfra.com\/blog\/wp-content\/uploads\/2020\/02\/ferrovia-norte-sul-foto-edsom-leite-minfra.jpg","width":1280,"height":859,"caption":"Foto: Edsom Leite\/Minfra"},{"@type":"BreadcrumbList","@id":"https:\/\/agenciainfra.com\/blog\/infradebate-os-novos-trilhos-do-setor-ferroviario\/#breadcrumb","itemListElement":[{"@type":"ListItem","position":1,"name":"In\u00edcio","item":"https:\/\/agenciainfra.com\/blog\/"},{"@type":"ListItem","position":2,"name":"iNFRADebate: Os novos trilhos do setor ferrovi\u00e1rio"}]},{"@type":"WebSite","@id":"https:\/\/agenciainfra.com\/blog\/#website","url":"https:\/\/agenciainfra.com\/blog\/","name":"Ag\u00eancia iNFRA","description":"Multiplataforma de informa\u00e7\u00e3o jornal\u00edstica refer\u00eancia na \u00e1rea de infraestrutura no Brasil!","publisher":{"@id":"https:\/\/agenciainfra.com\/blog\/#organization"},"potentialAction":[{"@type":"SearchAction","target":{"@type":"EntryPoint","urlTemplate":"https:\/\/agenciainfra.com\/blog\/?s={search_term_string}"},"query-input":{"@type":"PropertyValueSpecification","valueRequired":true,"valueName":"search_term_string"}}],"inLanguage":"pt-BR"},{"@type":"Organization","@id":"https:\/\/agenciainfra.com\/blog\/#organization","name":"Ag\u00eancia iNFRA","url":"https:\/\/agenciainfra.com\/blog\/","logo":{"@type":"ImageObject","inLanguage":"pt-BR","@id":"https:\/\/agenciainfra.com\/blog\/#\/schema\/logo\/image\/","url":"https:\/\/agenciainfra.com\/blog\/wp-content\/uploads\/2023\/09\/iNFRA_5-e1761735885940.png","contentUrl":"https:\/\/agenciainfra.com\/blog\/wp-content\/uploads\/2023\/09\/iNFRA_5-e1761735885940.png","width":1672,"height":454,"caption":"Ag\u00eancia iNFRA"},"image":{"@id":"https:\/\/agenciainfra.com\/blog\/#\/schema\/logo\/image\/"},"sameAs":["https:\/\/www.facebook.com\/ageninfra","https:\/\/x.com\/agencia_infra","https:\/\/www.linkedin.com\/company\/ag\u00eanciainfra\/","https:\/\/www.instagram.com\/agenciainfra\/"]},{"@type":"Person","@id":"https:\/\/agenciainfra.com\/blog\/#\/schema\/person\/34af08dff6adea4cb22b06612ba7acfa","name":"Ag\u00eancia iNFRA","image":{"@type":"ImageObject","inLanguage":"pt-BR","@id":"https:\/\/agenciainfra.com\/blog\/#\/schema\/person\/image\/","url":"https:\/\/secure.gravatar.com\/avatar\/d189e01678f06d8eb84d4e01f08eb848b3fffe3f8443818d3c356c66892f5be8?s=96&d=mm&r=g","contentUrl":"https:\/\/secure.gravatar.com\/avatar\/d189e01678f06d8eb84d4e01f08eb848b3fffe3f8443818d3c356c66892f5be8?s=96&d=mm&r=g","caption":"Ag\u00eancia iNFRA"},"url":"https:\/\/agenciainfra.com\/blog\/author\/admin\/"}]}},"_links":{"self":[{"href":"https:\/\/agenciainfra.com\/blog\/wp-json\/wp\/v2\/posts\/8464","targetHints":{"allow":["GET"]}}],"collection":[{"href":"https:\/\/agenciainfra.com\/blog\/wp-json\/wp\/v2\/posts"}],"about":[{"href":"https:\/\/agenciainfra.com\/blog\/wp-json\/wp\/v2\/types\/post"}],"author":[{"embeddable":true,"href":"https:\/\/agenciainfra.com\/blog\/wp-json\/wp\/v2\/users\/1"}],"replies":[{"embeddable":true,"href":"https:\/\/agenciainfra.com\/blog\/wp-json\/wp\/v2\/comments?post=8464"}],"version-history":[{"count":0,"href":"https:\/\/agenciainfra.com\/blog\/wp-json\/wp\/v2\/posts\/8464\/revisions"}],"wp:featuredmedia":[{"embeddable":true,"href":"https:\/\/agenciainfra.com\/blog\/wp-json\/wp\/v2\/media\/4393"}],"wp:attachment":[{"href":"https:\/\/agenciainfra.com\/blog\/wp-json\/wp\/v2\/media?parent=8464"}],"wp:term":[{"taxonomy":"category","embeddable":true,"href":"https:\/\/agenciainfra.com\/blog\/wp-json\/wp\/v2\/categories?post=8464"},{"taxonomy":"post_tag","embeddable":true,"href":"https:\/\/agenciainfra.com\/blog\/wp-json\/wp\/v2\/tags?post=8464"}],"curies":[{"name":"wp","href":"https:\/\/api.w.org\/{rel}","templated":true}]}}