{"id":8514,"date":"2021-10-11T08:00:00","date_gmt":"2021-10-11T11:00:00","guid":{"rendered":"https:\/\/www.agenciainfra.com\/blog\/?p=8514"},"modified":"2021-10-08T10:50:15","modified_gmt":"2021-10-08T13:50:15","slug":"guerra-ferroviaria-leva-rumo-a-pedir-autorizacao-para-trechos-solicitados-pela-vli-e-operados-pela-mrs","status":"publish","type":"post","link":"https:\/\/agenciainfra.com\/blog\/guerra-ferroviaria-leva-rumo-a-pedir-autorizacao-para-trechos-solicitados-pela-vli-e-operados-pela-mrs\/","title":{"rendered":"Guerra ferrovi\u00e1ria leva Rumo a pedir autoriza\u00e7\u00e3o para trechos solicitados pela VLI e operados pela MRS"},"content":{"rendered":"\n<p class=\"has-text-align-right\"><strong>Dimmi Amora, da&nbsp;Ag\u00eancia iNFRA<\/strong><\/p>\n\n\n\n<p>O projeto de criar ferrovias por autoriza\u00e7\u00e3o no pa\u00eds entrou em outro patamar com o an\u00fancio feito na \u00faltima quinta-feira (7) pelo Minist\u00e9rio da Infraestrutura de que a Rumo, maior operadora ferrovi\u00e1ria do pa\u00eds, solicitou autoriza\u00e7\u00e3o para construir tr\u00eas novos trechos.<\/p>\n\n\n\n<p>A entrada da companhia se deu, no entanto, de uma forma que exp\u00f4s de vez uma guerra entre ela e as outras concession\u00e1rias ferrovi\u00e1rias, que vinha se travando nos bastidores, inclusive na associa\u00e7\u00e3o que re\u00fane as empresas.&nbsp;<\/p>\n\n\n\n<p>Os trechos pedidos pela Rumo concorrem com ferrovias que foram solicitadas pela VLI Log\u00edstica e com um existente da MRS Log\u00edstica, as duas outras gigantes do setor.<\/p>\n\n\n\n<p>No an\u00fancio, o minist\u00e9rio informou que a companhia solicitou autoriza\u00e7\u00e3o para construir um trecho entre \u00c1gua Boa e Lucas do Rio Verde (MT). Esse trecho \u00e9 a chamada Fico 2 (Ferrovia de Integra\u00e7\u00e3o Centro-Oeste), para o qual a VLI havia feito pedido logo quando a Medida Provis\u00f3ria 1.065 foi lan\u00e7ada, no fim de agosto.<\/p>\n\n\n\n<p>A Fico 2 se liga \u00e0 Fico 1, que est\u00e1 com sua constru\u00e7\u00e3o em in\u00edcio e ligar\u00e1 \u00c1gua Boa a Mara Rosa (GO), onde se encontrar\u00e1 com a Ferrovia&nbsp;Norte-Sul, num trecho operado pela Rumo. A Fico 1 ainda ter\u00e1 sua opera\u00e7\u00e3o licitada ap\u00f3s a constru\u00e7\u00e3o terminar, ou seja, ningu\u00e9m sabe quem vai oper\u00e1-la.&nbsp;<\/p>\n\n\n\n<p>A Fico \u00e9 uma das ferrovias que pretendem chegar \u00e0 principal regi\u00e3o produtora de gr\u00e3os do Mato Grosso. H\u00e1 outras duas estradas de ferro, uma da pr\u00f3pria Rumo, a extens\u00e3o da Ferronorte, para a qual a empresa obteve do governo do Mato Grosso autoriza\u00e7\u00e3o para constru\u00ed-la, e as obras devem come\u00e7ar em 2023.<\/p>\n\n\n\n<p>A outra \u00e9 a Ferrogr\u00e3o, que por enquanto \u00e9 um projeto de concess\u00e3o do governo federal ligando a regi\u00e3o aos terminais portu\u00e1rios no Par\u00e1, suspenso judicialmente por problemas fundi\u00e1rios. A Rumo vinha nos bastidores tentando barrar seu andamento, o que para integrantes do Minist\u00e9rio da Infraestrutura era uma forma de evitar concorr\u00eancia pela carga do agroneg\u00f3cio.<\/p>\n\n\n\n<p>Outro projeto para o qual a Rumo pediu autoriza\u00e7\u00e3o \u00e9 uma liga\u00e7\u00e3o entre as cidades de Chavesl\u00e2ndia e Uberl\u00e2ndia (MG). A VLI tamb\u00e9m j\u00e1 havia feito a solicita\u00e7\u00e3o do trecho, que tem potencial de transporte de min\u00e9rios. Queria conectar \u00e0 malha da FCA (Ferrovia Centro-Atl\u00e2ntica), uma de suas controladas.<\/p>\n\n\n\n<p><strong>Ferradura de Santos<\/strong><br>A Rumo tamb\u00e9m solicitou construir um trecho para se ligar ao Porto de Santos (SP) diretamente, saindo da chamada Ferradura, um trecho que \u00e9 operado pela MRS Log\u00edstica e pelo qual todas as ferrovias que chegam a Santos t\u00eam que passar antes de entrar no porto.&nbsp;<\/p>\n\n\n\n<p>No comunicado, o minist\u00e9rio informa que o trecho seria &#8220;uma segunda ferradura ao largo da existente, com previs\u00e3o de R$ 1 bilh\u00e3o de investimento e 37,5 quil\u00f4metros de extens\u00e3o. O novo segmento ficaria entre o p\u00e1tio de Perequ\u00ea, em Cubat\u00e3o (SP), e as margens esquerda e direita do Porto de Santos, conectando, respectivamente, os p\u00e1tios de Concei\u00e7\u00e3ozinha e Valongo&#8221;.<\/p>\n\n\n\n<p>A Rumo tamb\u00e9m apontava que estava insatisfeita com a manuten\u00e7\u00e3o da ferradura com a MRS na renova\u00e7\u00e3o do contrato de concess\u00e3o dela com o governo. Houve um movimento em Santos, que as empresas atribuem \u00e0 Rumo, de levar a ferradura para a Ferrovia Interna do Porto de Santos, que est\u00e1 em processo para ter uma nova administra\u00e7\u00e3o.<\/p>\n\n\n\n<p>A alega\u00e7\u00e3o \u00e9 que a MRS n\u00e3o faria os investimentos necess\u00e1rios para os novos trens de 120 vag\u00f5es da Rumo e que cobra um valor muito maior na Ferradura do que a m\u00e9dia das ferrovias pelo direito de passagem dos trens de outras operadoras.&nbsp;<\/p>\n\n\n\n<p>A MRS alegou que vai fazer os investimentos necess\u00e1rios, que n\u00e3o estavam previstos antes porque a Rumo mudou o tipo de trem ap\u00f3s a proposta da MRS ter sido apresentada, e est\u00e1 renegociando as tarifas teto&nbsp;no novo contrato. A tend\u00eancia no momento \u00e9 que o governo mantenha a ferradura com a MRS.<\/p>\n\n\n\n<p>Nessa regi\u00e3o de Santos, a VLI j\u00e1 tinha feito um pedido para fazer uma liga\u00e7\u00e3o direta entre sua ferrovia da FCA que chega a Santos ao terminal que ela opera na regi\u00e3o, o chamado Tiplam, tamb\u00e9m evitando passar pela ferradura.<\/p>\n\n\n\n<p><strong>Planos complexos<\/strong><br>O fato \u00e9 que os pedidos da Rumo tornam mais complexos os planos que o governo tinha, pelo menos em rela\u00e7\u00e3o a essas duas ferrovias da VLI, de emitir as autoriza\u00e7\u00f5es ainda na vig\u00eancia da MP 1.065.&nbsp;<\/p>\n\n\n\n<p>Mais de um m\u00eas depois de ter sido publicada, a MP ainda n\u00e3o tem uma portaria que regulamente como ser\u00e1 o processo para autorizar ou n\u00e3o as ferrovias que forem solicitadas. A informa\u00e7\u00e3o \u00e9 que ela pode sair na pr\u00f3xima semana.<\/p>\n\n\n\n<p>Sem a portaria, n\u00e3o h\u00e1 como fazer as an\u00e1lises necess\u00e1rias para dar a autoriza\u00e7\u00e3o, mesmo para trechos em que n\u00e3o h\u00e1 disputa. O governo vem falando que pretende autorizar todas as ferrovias que forem pedidas, inclusive as que forem concorrentes na mesma regi\u00e3o.&nbsp;<\/p>\n\n\n\n<p>Mas, para um especialista no setor consultado pela&nbsp;<strong>Ag\u00eancia iNFRA<\/strong>, e que pediu para n\u00e3o ser identificado, autorizar ferrovias concorrentes dificilmente levar\u00e1 \u00e0 implementa\u00e7\u00e3o de alguma delas no futuro devido ao risco concorrencial, o que inviabilizaria qualquer tipo de financiamento.&nbsp;<\/p>\n\n\n\n<p>A&nbsp;<strong>Ag\u00eancia iNFRA<\/strong>&nbsp;pediu posicionamento da Rumo, da VLI e da MRS, mas elas informaram que n\u00e3o iriam se pronunciar.&nbsp;<\/p>\n\n\n\n<p><strong>Ferrovias da Bracell<\/strong><br>Al\u00e9m da Rumo, a multinacional do setor de celulose Bracell tamb\u00e9m fez pedidos para construir duas linhas em S\u00e3o Paulo, ligando suas f\u00e1bricas \u00e0s linhas j\u00e1 existentes. A Bracell est\u00e1 investindo em locomotivas pr\u00f3prias para transportar seus produtos.<\/p>\n\n\n\n<p>De acordo com a nota do governo,&nbsp;a empresa solicitou autoriza\u00e7\u00e3o para &#8220;desenvolver trecho de 4 quil\u00f4metros dentro do munic\u00edpio de Len\u00e7\u00f3is Paulistas (SP), com investimento de R$ 50 milh\u00f5es, a fim de transportar anualmente carga de 1 milh\u00e3o de tonelada de tora de eucalipto de sua f\u00e1brica no munic\u00edpio ao Porto de Santos&#8221;.<\/p>\n\n\n\n<p>O outro segmento solicitado \u00e9 de 19,5 quil\u00f4metros de extens\u00e3o e ligaria o mesmo munic\u00edpio \u00e0 malha ferrovi\u00e1ria de Pederneiras (SP), sentido Porto de Santos. &#8220;Nesse caso, o objetivo \u00e9 transportar carga geral de celulose calculada em 1,7 milh\u00e3o de toneladas\/ano. Para tanto, a empresa se prop\u00f5e a investir mais R$ 200 milh\u00f5es&#8221;, informou o minist\u00e9rio.<\/p>\n\n\n\n<p><strong>Reda\u00e7\u00e3o final publicada<\/strong><br>Com os pedidos informados na \u00faltima quinta (7), chegaram a 19 as solicita\u00e7\u00f5es apresentadas at\u00e9 o momento dentro das regras da MP 1.065. Nos c\u00e1lculos do governo, seriam agora R$ 82 bilh\u00f5es em investimentos futuros (sem considerar as autoriza\u00e7\u00f5es concorrentes).<\/p>\n\n\n\n<p>O governo tenta autorizar as ferrovias dentro da MP enquanto avan\u00e7a o Projeto de Lei 261\/2018, aprovado na \u00faltima ter\u00e7a-feira (5) pelo Senado. Na quinta-feira, a reda\u00e7\u00e3o final da proposta ficou pronta e foi encaminhada para a C\u00e2mara dos Deputados, onde passar\u00e1 por an\u00e1lise.<\/p>\n","protected":false},"excerpt":{"rendered":"<p>Dimmi Amora, da&nbsp;Ag\u00eancia iNFRA O projeto de criar ferrovias por autoriza\u00e7\u00e3o no pa\u00eds entrou em outro patamar com o an\u00fancio feito na \u00faltima quinta-feira (7) pelo Minist\u00e9rio da Infraestrutura de que a Rumo, maior operadora ferrovi\u00e1ria do pa\u00eds, solicitou autoriza\u00e7\u00e3o para construir tr\u00eas novos trechos. A entrada da companhia se deu, no entanto, de uma [&hellip;]<\/p>\n","protected":false},"author":1,"featured_media":7342,"comment_status":"closed","ping_status":"closed","sticky":false,"template":"","format":"standard","meta":{"_monsterinsights_skip_tracking":false,"_monsterinsights_sitenote_active":false,"_monsterinsights_sitenote_note":"","_monsterinsights_sitenote_category":0,"footnotes":""},"categories":[1,7],"tags":[3537,79,472,34,4970,81,80,4890,1033,82],"class_list":["post-8514","post","type-post","status-publish","format-standard","has-post-thumbnail","hentry","category-geral","category-infratransporte","tag-ferradura-de-santos","tag-ferrovia","tag-fico","tag-infraestrutura","tag-mp-1-065","tag-mrs","tag-rumo","tag-transporte-de-minerio","tag-transporte-ferroviario","tag-vli"],"yoast_head":"<!-- This site is optimized with the Yoast SEO Premium plugin v25.4 (Yoast SEO v26.0) - https:\/\/yoast.com\/wordpress\/plugins\/seo\/ -->\n<title>Guerra ferrovi\u00e1ria leva Rumo a pedir autoriza\u00e7\u00e3o para trechos solicitados pela VLI e operados pela MRS - Ag\u00eancia iNFRA<\/title>\n<meta name=\"robots\" content=\"index, follow, max-snippet:-1, max-image-preview:large, max-video-preview:-1\" \/>\n<link rel=\"canonical\" href=\"https:\/\/agenciainfra.com\/blog\/guerra-ferroviaria-leva-rumo-a-pedir-autorizacao-para-trechos-solicitados-pela-vli-e-operados-pela-mrs\/\" \/>\n<meta property=\"og:locale\" content=\"pt_BR\" \/>\n<meta property=\"og:type\" content=\"article\" \/>\n<meta property=\"og:title\" content=\"Guerra ferrovi\u00e1ria leva Rumo a pedir autoriza\u00e7\u00e3o para trechos solicitados pela VLI e operados pela MRS\" \/>\n<meta property=\"og:description\" content=\"Dimmi Amora, da&nbsp;Ag\u00eancia iNFRA O projeto de criar ferrovias por autoriza\u00e7\u00e3o no pa\u00eds entrou em outro patamar com o an\u00fancio feito na \u00faltima quinta-feira (7) pelo Minist\u00e9rio da Infraestrutura de que a Rumo, maior operadora ferrovi\u00e1ria do pa\u00eds, solicitou autoriza\u00e7\u00e3o para construir tr\u00eas novos trechos. A entrada da companhia se deu, no entanto, de uma [&hellip;]\" \/>\n<meta property=\"og:url\" content=\"https:\/\/agenciainfra.com\/blog\/guerra-ferroviaria-leva-rumo-a-pedir-autorizacao-para-trechos-solicitados-pela-vli-e-operados-pela-mrs\/\" \/>\n<meta property=\"og:site_name\" content=\"Ag\u00eancia iNFRA\" \/>\n<meta property=\"article:publisher\" content=\"https:\/\/www.facebook.com\/ageninfra\" \/>\n<meta property=\"article:published_time\" content=\"2021-10-11T11:00:00+00:00\" \/>\n<meta property=\"og:image\" content=\"https:\/\/agenciainfra.com\/blog\/wp-content\/uploads\/2021\/05\/ferrovia-norte-sul-foto-carlos-neto-valec.png\" \/>\n\t<meta property=\"og:image:width\" content=\"1280\" \/>\n\t<meta property=\"og:image:height\" content=\"956\" \/>\n\t<meta property=\"og:image:type\" content=\"image\/png\" \/>\n<meta name=\"author\" content=\"Ag\u00eancia iNFRA\" \/>\n<meta name=\"twitter:card\" content=\"summary_large_image\" \/>\n<meta name=\"twitter:creator\" content=\"@agencia_infra\" \/>\n<meta name=\"twitter:site\" content=\"@agencia_infra\" \/>\n<meta name=\"twitter:label1\" content=\"Escrito por\" \/>\n\t<meta name=\"twitter:data1\" content=\"Ag\u00eancia iNFRA\" \/>\n\t<meta name=\"twitter:label2\" content=\"Est. tempo de leitura\" \/>\n\t<meta name=\"twitter:data2\" content=\"6 minutos\" \/>\n<script type=\"application\/ld+json\" class=\"yoast-schema-graph\">{\"@context\":\"https:\/\/schema.org\",\"@graph\":[{\"@type\":\"Article\",\"@id\":\"https:\/\/agenciainfra.com\/blog\/guerra-ferroviaria-leva-rumo-a-pedir-autorizacao-para-trechos-solicitados-pela-vli-e-operados-pela-mrs\/#article\",\"isPartOf\":{\"@id\":\"https:\/\/agenciainfra.com\/blog\/guerra-ferroviaria-leva-rumo-a-pedir-autorizacao-para-trechos-solicitados-pela-vli-e-operados-pela-mrs\/\"},\"author\":{\"name\":\"Ag\u00eancia iNFRA\",\"@id\":\"https:\/\/agenciainfra.com\/blog\/#\/schema\/person\/34af08dff6adea4cb22b06612ba7acfa\"},\"headline\":\"Guerra ferrovi\u00e1ria leva Rumo a pedir autoriza\u00e7\u00e3o para trechos solicitados pela VLI e operados pela MRS\",\"datePublished\":\"2021-10-11T11:00:00+00:00\",\"mainEntityOfPage\":{\"@id\":\"https:\/\/agenciainfra.com\/blog\/guerra-ferroviaria-leva-rumo-a-pedir-autorizacao-para-trechos-solicitados-pela-vli-e-operados-pela-mrs\/\"},\"wordCount\":1224,\"publisher\":{\"@id\":\"https:\/\/agenciainfra.com\/blog\/#organization\"},\"image\":{\"@id\":\"https:\/\/agenciainfra.com\/blog\/guerra-ferroviaria-leva-rumo-a-pedir-autorizacao-para-trechos-solicitados-pela-vli-e-operados-pela-mrs\/#primaryimage\"},\"thumbnailUrl\":\"https:\/\/agenciainfra.com\/blog\/wp-content\/uploads\/2021\/05\/ferrovia-norte-sul-foto-carlos-neto-valec.png\",\"keywords\":[\"ferradura de Santos\",\"Ferrovia\",\"FICO\",\"Infraestrutura\",\"MP 1.065\",\"MRS\",\"Rumo\",\"transporte de min\u00e9rio\",\"transporte ferrovi\u00e1rio\",\"VLI\"],\"articleSection\":[\"Geral\",\"iNFRATransporte\"],\"inLanguage\":\"pt-BR\",\"copyrightYear\":\"2021\",\"copyrightHolder\":{\"@id\":\"https:\/\/agenciainfra.com\/blog\/#organization\"}},{\"@type\":\"WebPage\",\"@id\":\"https:\/\/agenciainfra.com\/blog\/guerra-ferroviaria-leva-rumo-a-pedir-autorizacao-para-trechos-solicitados-pela-vli-e-operados-pela-mrs\/\",\"url\":\"https:\/\/agenciainfra.com\/blog\/guerra-ferroviaria-leva-rumo-a-pedir-autorizacao-para-trechos-solicitados-pela-vli-e-operados-pela-mrs\/\",\"name\":\"Guerra ferrovi\u00e1ria leva Rumo a pedir autoriza\u00e7\u00e3o para trechos solicitados pela VLI e operados pela MRS - Ag\u00eancia iNFRA\",\"isPartOf\":{\"@id\":\"https:\/\/agenciainfra.com\/blog\/#website\"},\"primaryImageOfPage\":{\"@id\":\"https:\/\/agenciainfra.com\/blog\/guerra-ferroviaria-leva-rumo-a-pedir-autorizacao-para-trechos-solicitados-pela-vli-e-operados-pela-mrs\/#primaryimage\"},\"image\":{\"@id\":\"https:\/\/agenciainfra.com\/blog\/guerra-ferroviaria-leva-rumo-a-pedir-autorizacao-para-trechos-solicitados-pela-vli-e-operados-pela-mrs\/#primaryimage\"},\"thumbnailUrl\":\"https:\/\/agenciainfra.com\/blog\/wp-content\/uploads\/2021\/05\/ferrovia-norte-sul-foto-carlos-neto-valec.png\",\"datePublished\":\"2021-10-11T11:00:00+00:00\",\"breadcrumb\":{\"@id\":\"https:\/\/agenciainfra.com\/blog\/guerra-ferroviaria-leva-rumo-a-pedir-autorizacao-para-trechos-solicitados-pela-vli-e-operados-pela-mrs\/#breadcrumb\"},\"inLanguage\":\"pt-BR\",\"potentialAction\":[{\"@type\":\"ReadAction\",\"target\":[\"https:\/\/agenciainfra.com\/blog\/guerra-ferroviaria-leva-rumo-a-pedir-autorizacao-para-trechos-solicitados-pela-vli-e-operados-pela-mrs\/\"]}]},{\"@type\":\"ImageObject\",\"inLanguage\":\"pt-BR\",\"@id\":\"https:\/\/agenciainfra.com\/blog\/guerra-ferroviaria-leva-rumo-a-pedir-autorizacao-para-trechos-solicitados-pela-vli-e-operados-pela-mrs\/#primaryimage\",\"url\":\"https:\/\/agenciainfra.com\/blog\/wp-content\/uploads\/2021\/05\/ferrovia-norte-sul-foto-carlos-neto-valec.png\",\"contentUrl\":\"https:\/\/agenciainfra.com\/blog\/wp-content\/uploads\/2021\/05\/ferrovia-norte-sul-foto-carlos-neto-valec.png\",\"width\":1280,\"height\":956},{\"@type\":\"BreadcrumbList\",\"@id\":\"https:\/\/agenciainfra.com\/blog\/guerra-ferroviaria-leva-rumo-a-pedir-autorizacao-para-trechos-solicitados-pela-vli-e-operados-pela-mrs\/#breadcrumb\",\"itemListElement\":[{\"@type\":\"ListItem\",\"position\":1,\"name\":\"In\u00edcio\",\"item\":\"https:\/\/agenciainfra.com\/blog\/\"},{\"@type\":\"ListItem\",\"position\":2,\"name\":\"Guerra ferrovi\u00e1ria leva Rumo a pedir autoriza\u00e7\u00e3o para trechos solicitados pela VLI e operados pela MRS\"}]},{\"@type\":\"WebSite\",\"@id\":\"https:\/\/agenciainfra.com\/blog\/#website\",\"url\":\"https:\/\/agenciainfra.com\/blog\/\",\"name\":\"Ag\u00eancia iNFRA\",\"description\":\"Multiplataforma de informa\u00e7\u00e3o jornal\u00edstica refer\u00eancia na \u00e1rea de infraestrutura no Brasil!\",\"publisher\":{\"@id\":\"https:\/\/agenciainfra.com\/blog\/#organization\"},\"potentialAction\":[{\"@type\":\"SearchAction\",\"target\":{\"@type\":\"EntryPoint\",\"urlTemplate\":\"https:\/\/agenciainfra.com\/blog\/?s={search_term_string}\"},\"query-input\":{\"@type\":\"PropertyValueSpecification\",\"valueRequired\":true,\"valueName\":\"search_term_string\"}}],\"inLanguage\":\"pt-BR\"},{\"@type\":\"Organization\",\"@id\":\"https:\/\/agenciainfra.com\/blog\/#organization\",\"name\":\"Ag\u00eancia iNFRA\",\"url\":\"https:\/\/agenciainfra.com\/blog\/\",\"logo\":{\"@type\":\"ImageObject\",\"inLanguage\":\"pt-BR\",\"@id\":\"https:\/\/agenciainfra.com\/blog\/#\/schema\/logo\/image\/\",\"url\":\"https:\/\/agenciainfra.com\/blog\/wp-content\/uploads\/2023\/09\/iNFRA_5-e1761735885940.png\",\"contentUrl\":\"https:\/\/agenciainfra.com\/blog\/wp-content\/uploads\/2023\/09\/iNFRA_5-e1761735885940.png\",\"width\":1672,\"height\":454,\"caption\":\"Ag\u00eancia iNFRA\"},\"image\":{\"@id\":\"https:\/\/agenciainfra.com\/blog\/#\/schema\/logo\/image\/\"},\"sameAs\":[\"https:\/\/www.facebook.com\/ageninfra\",\"https:\/\/x.com\/agencia_infra\",\"https:\/\/www.linkedin.com\/company\/ag\u00eanciainfra\/\",\"https:\/\/www.instagram.com\/agenciainfra\/\"]},{\"@type\":\"Person\",\"@id\":\"https:\/\/agenciainfra.com\/blog\/#\/schema\/person\/34af08dff6adea4cb22b06612ba7acfa\",\"name\":\"Ag\u00eancia iNFRA\",\"image\":{\"@type\":\"ImageObject\",\"inLanguage\":\"pt-BR\",\"@id\":\"https:\/\/agenciainfra.com\/blog\/#\/schema\/person\/image\/\",\"url\":\"https:\/\/secure.gravatar.com\/avatar\/d189e01678f06d8eb84d4e01f08eb848b3fffe3f8443818d3c356c66892f5be8?s=96&d=mm&r=g\",\"contentUrl\":\"https:\/\/secure.gravatar.com\/avatar\/d189e01678f06d8eb84d4e01f08eb848b3fffe3f8443818d3c356c66892f5be8?s=96&d=mm&r=g\",\"caption\":\"Ag\u00eancia iNFRA\"},\"url\":\"https:\/\/agenciainfra.com\/blog\/author\/admin\/\"}]}<\/script>\n<!-- \/ Yoast SEO Premium plugin. -->","yoast_head_json":{"title":"Guerra ferrovi\u00e1ria leva Rumo a pedir autoriza\u00e7\u00e3o para trechos solicitados pela VLI e operados pela MRS - Ag\u00eancia iNFRA","robots":{"index":"index","follow":"follow","max-snippet":"max-snippet:-1","max-image-preview":"max-image-preview:large","max-video-preview":"max-video-preview:-1"},"canonical":"https:\/\/agenciainfra.com\/blog\/guerra-ferroviaria-leva-rumo-a-pedir-autorizacao-para-trechos-solicitados-pela-vli-e-operados-pela-mrs\/","og_locale":"pt_BR","og_type":"article","og_title":"Guerra ferrovi\u00e1ria leva Rumo a pedir autoriza\u00e7\u00e3o para trechos solicitados pela VLI e operados pela MRS","og_description":"Dimmi Amora, da&nbsp;Ag\u00eancia iNFRA O projeto de criar ferrovias por autoriza\u00e7\u00e3o no pa\u00eds entrou em outro patamar com o an\u00fancio feito na \u00faltima quinta-feira (7) pelo Minist\u00e9rio da Infraestrutura de que a Rumo, maior operadora ferrovi\u00e1ria do pa\u00eds, solicitou autoriza\u00e7\u00e3o para construir tr\u00eas novos trechos. A entrada da companhia se deu, no entanto, de uma [&hellip;]","og_url":"https:\/\/agenciainfra.com\/blog\/guerra-ferroviaria-leva-rumo-a-pedir-autorizacao-para-trechos-solicitados-pela-vli-e-operados-pela-mrs\/","og_site_name":"Ag\u00eancia iNFRA","article_publisher":"https:\/\/www.facebook.com\/ageninfra","article_published_time":"2021-10-11T11:00:00+00:00","og_image":[{"width":1280,"height":956,"url":"https:\/\/agenciainfra.com\/blog\/wp-content\/uploads\/2021\/05\/ferrovia-norte-sul-foto-carlos-neto-valec.png","type":"image\/png"}],"author":"Ag\u00eancia iNFRA","twitter_card":"summary_large_image","twitter_creator":"@agencia_infra","twitter_site":"@agencia_infra","twitter_misc":{"Escrito por":"Ag\u00eancia iNFRA","Est. tempo de leitura":"6 minutos"},"schema":{"@context":"https:\/\/schema.org","@graph":[{"@type":"Article","@id":"https:\/\/agenciainfra.com\/blog\/guerra-ferroviaria-leva-rumo-a-pedir-autorizacao-para-trechos-solicitados-pela-vli-e-operados-pela-mrs\/#article","isPartOf":{"@id":"https:\/\/agenciainfra.com\/blog\/guerra-ferroviaria-leva-rumo-a-pedir-autorizacao-para-trechos-solicitados-pela-vli-e-operados-pela-mrs\/"},"author":{"name":"Ag\u00eancia iNFRA","@id":"https:\/\/agenciainfra.com\/blog\/#\/schema\/person\/34af08dff6adea4cb22b06612ba7acfa"},"headline":"Guerra ferrovi\u00e1ria leva Rumo a pedir autoriza\u00e7\u00e3o para trechos solicitados pela VLI e operados pela MRS","datePublished":"2021-10-11T11:00:00+00:00","mainEntityOfPage":{"@id":"https:\/\/agenciainfra.com\/blog\/guerra-ferroviaria-leva-rumo-a-pedir-autorizacao-para-trechos-solicitados-pela-vli-e-operados-pela-mrs\/"},"wordCount":1224,"publisher":{"@id":"https:\/\/agenciainfra.com\/blog\/#organization"},"image":{"@id":"https:\/\/agenciainfra.com\/blog\/guerra-ferroviaria-leva-rumo-a-pedir-autorizacao-para-trechos-solicitados-pela-vli-e-operados-pela-mrs\/#primaryimage"},"thumbnailUrl":"https:\/\/agenciainfra.com\/blog\/wp-content\/uploads\/2021\/05\/ferrovia-norte-sul-foto-carlos-neto-valec.png","keywords":["ferradura de Santos","Ferrovia","FICO","Infraestrutura","MP 1.065","MRS","Rumo","transporte de min\u00e9rio","transporte ferrovi\u00e1rio","VLI"],"articleSection":["Geral","iNFRATransporte"],"inLanguage":"pt-BR","copyrightYear":"2021","copyrightHolder":{"@id":"https:\/\/agenciainfra.com\/blog\/#organization"}},{"@type":"WebPage","@id":"https:\/\/agenciainfra.com\/blog\/guerra-ferroviaria-leva-rumo-a-pedir-autorizacao-para-trechos-solicitados-pela-vli-e-operados-pela-mrs\/","url":"https:\/\/agenciainfra.com\/blog\/guerra-ferroviaria-leva-rumo-a-pedir-autorizacao-para-trechos-solicitados-pela-vli-e-operados-pela-mrs\/","name":"Guerra ferrovi\u00e1ria leva Rumo a pedir autoriza\u00e7\u00e3o para trechos solicitados pela VLI e operados pela MRS - Ag\u00eancia iNFRA","isPartOf":{"@id":"https:\/\/agenciainfra.com\/blog\/#website"},"primaryImageOfPage":{"@id":"https:\/\/agenciainfra.com\/blog\/guerra-ferroviaria-leva-rumo-a-pedir-autorizacao-para-trechos-solicitados-pela-vli-e-operados-pela-mrs\/#primaryimage"},"image":{"@id":"https:\/\/agenciainfra.com\/blog\/guerra-ferroviaria-leva-rumo-a-pedir-autorizacao-para-trechos-solicitados-pela-vli-e-operados-pela-mrs\/#primaryimage"},"thumbnailUrl":"https:\/\/agenciainfra.com\/blog\/wp-content\/uploads\/2021\/05\/ferrovia-norte-sul-foto-carlos-neto-valec.png","datePublished":"2021-10-11T11:00:00+00:00","breadcrumb":{"@id":"https:\/\/agenciainfra.com\/blog\/guerra-ferroviaria-leva-rumo-a-pedir-autorizacao-para-trechos-solicitados-pela-vli-e-operados-pela-mrs\/#breadcrumb"},"inLanguage":"pt-BR","potentialAction":[{"@type":"ReadAction","target":["https:\/\/agenciainfra.com\/blog\/guerra-ferroviaria-leva-rumo-a-pedir-autorizacao-para-trechos-solicitados-pela-vli-e-operados-pela-mrs\/"]}]},{"@type":"ImageObject","inLanguage":"pt-BR","@id":"https:\/\/agenciainfra.com\/blog\/guerra-ferroviaria-leva-rumo-a-pedir-autorizacao-para-trechos-solicitados-pela-vli-e-operados-pela-mrs\/#primaryimage","url":"https:\/\/agenciainfra.com\/blog\/wp-content\/uploads\/2021\/05\/ferrovia-norte-sul-foto-carlos-neto-valec.png","contentUrl":"https:\/\/agenciainfra.com\/blog\/wp-content\/uploads\/2021\/05\/ferrovia-norte-sul-foto-carlos-neto-valec.png","width":1280,"height":956},{"@type":"BreadcrumbList","@id":"https:\/\/agenciainfra.com\/blog\/guerra-ferroviaria-leva-rumo-a-pedir-autorizacao-para-trechos-solicitados-pela-vli-e-operados-pela-mrs\/#breadcrumb","itemListElement":[{"@type":"ListItem","position":1,"name":"In\u00edcio","item":"https:\/\/agenciainfra.com\/blog\/"},{"@type":"ListItem","position":2,"name":"Guerra ferrovi\u00e1ria leva Rumo a pedir autoriza\u00e7\u00e3o para trechos solicitados pela VLI e operados pela MRS"}]},{"@type":"WebSite","@id":"https:\/\/agenciainfra.com\/blog\/#website","url":"https:\/\/agenciainfra.com\/blog\/","name":"Ag\u00eancia iNFRA","description":"Multiplataforma de informa\u00e7\u00e3o jornal\u00edstica refer\u00eancia na \u00e1rea de infraestrutura no Brasil!","publisher":{"@id":"https:\/\/agenciainfra.com\/blog\/#organization"},"potentialAction":[{"@type":"SearchAction","target":{"@type":"EntryPoint","urlTemplate":"https:\/\/agenciainfra.com\/blog\/?s={search_term_string}"},"query-input":{"@type":"PropertyValueSpecification","valueRequired":true,"valueName":"search_term_string"}}],"inLanguage":"pt-BR"},{"@type":"Organization","@id":"https:\/\/agenciainfra.com\/blog\/#organization","name":"Ag\u00eancia iNFRA","url":"https:\/\/agenciainfra.com\/blog\/","logo":{"@type":"ImageObject","inLanguage":"pt-BR","@id":"https:\/\/agenciainfra.com\/blog\/#\/schema\/logo\/image\/","url":"https:\/\/agenciainfra.com\/blog\/wp-content\/uploads\/2023\/09\/iNFRA_5-e1761735885940.png","contentUrl":"https:\/\/agenciainfra.com\/blog\/wp-content\/uploads\/2023\/09\/iNFRA_5-e1761735885940.png","width":1672,"height":454,"caption":"Ag\u00eancia iNFRA"},"image":{"@id":"https:\/\/agenciainfra.com\/blog\/#\/schema\/logo\/image\/"},"sameAs":["https:\/\/www.facebook.com\/ageninfra","https:\/\/x.com\/agencia_infra","https:\/\/www.linkedin.com\/company\/ag\u00eanciainfra\/","https:\/\/www.instagram.com\/agenciainfra\/"]},{"@type":"Person","@id":"https:\/\/agenciainfra.com\/blog\/#\/schema\/person\/34af08dff6adea4cb22b06612ba7acfa","name":"Ag\u00eancia iNFRA","image":{"@type":"ImageObject","inLanguage":"pt-BR","@id":"https:\/\/agenciainfra.com\/blog\/#\/schema\/person\/image\/","url":"https:\/\/secure.gravatar.com\/avatar\/d189e01678f06d8eb84d4e01f08eb848b3fffe3f8443818d3c356c66892f5be8?s=96&d=mm&r=g","contentUrl":"https:\/\/secure.gravatar.com\/avatar\/d189e01678f06d8eb84d4e01f08eb848b3fffe3f8443818d3c356c66892f5be8?s=96&d=mm&r=g","caption":"Ag\u00eancia iNFRA"},"url":"https:\/\/agenciainfra.com\/blog\/author\/admin\/"}]}},"_links":{"self":[{"href":"https:\/\/agenciainfra.com\/blog\/wp-json\/wp\/v2\/posts\/8514","targetHints":{"allow":["GET"]}}],"collection":[{"href":"https:\/\/agenciainfra.com\/blog\/wp-json\/wp\/v2\/posts"}],"about":[{"href":"https:\/\/agenciainfra.com\/blog\/wp-json\/wp\/v2\/types\/post"}],"author":[{"embeddable":true,"href":"https:\/\/agenciainfra.com\/blog\/wp-json\/wp\/v2\/users\/1"}],"replies":[{"embeddable":true,"href":"https:\/\/agenciainfra.com\/blog\/wp-json\/wp\/v2\/comments?post=8514"}],"version-history":[{"count":0,"href":"https:\/\/agenciainfra.com\/blog\/wp-json\/wp\/v2\/posts\/8514\/revisions"}],"wp:featuredmedia":[{"embeddable":true,"href":"https:\/\/agenciainfra.com\/blog\/wp-json\/wp\/v2\/media\/7342"}],"wp:attachment":[{"href":"https:\/\/agenciainfra.com\/blog\/wp-json\/wp\/v2\/media?parent=8514"}],"wp:term":[{"taxonomy":"category","embeddable":true,"href":"https:\/\/agenciainfra.com\/blog\/wp-json\/wp\/v2\/categories?post=8514"},{"taxonomy":"post_tag","embeddable":true,"href":"https:\/\/agenciainfra.com\/blog\/wp-json\/wp\/v2\/tags?post=8514"}],"curies":[{"name":"wp","href":"https:\/\/api.w.org\/{rel}","templated":true}]}}