{"id":8536,"date":"2021-10-16T08:00:00","date_gmt":"2021-10-16T11:00:00","guid":{"rendered":"https:\/\/www.agenciainfra.com\/blog\/?p=8536"},"modified":"2021-10-14T11:22:34","modified_gmt":"2021-10-14T14:22:34","slug":"padronizacao-de-taxas-portuarias-preocupa-operadores-e-vai-parar-na-justica","status":"publish","type":"post","link":"https:\/\/agenciainfra.com\/blog\/padronizacao-de-taxas-portuarias-preocupa-operadores-e-vai-parar-na-justica\/","title":{"rendered":"Padroniza\u00e7\u00e3o de taxas portu\u00e1rias preocupa operadores e vai parar na Justi\u00e7a"},"content":{"rendered":"\n<p class=\"has-text-align-right\"><strong>K\u00e1tia Brembatti, para a&nbsp;Ag\u00eancia iNFRA<\/strong><\/p>\n\n\n\n<p>A ordem para uniformizar as unidades de medida nas taxas cobradas em todos os portos brasileiros, determinada pela ANTAQ (Ag\u00eancia Nacional de Transportes Aquavi\u00e1rios), come\u00e7ou a ser executada, mas gerou uma s\u00e9rie de consequ\u00eancias. A previs\u00e3o inicial de que n\u00e3o haveria reflexos financeiros acabou n\u00e3o se confirmando, provocando descontentamento entre operadores portu\u00e1rios.<\/p>\n\n\n\n<p>Os primeiros portos a adotarem o novo formato de tabela foram Paranagu\u00e1 e Antonina, no Paran\u00e1, em setembro. Apesar do compromisso de aplicar desconto para n\u00e3o causar impactos financeiros imediatos, o caso foi parar na Justi\u00e7a, que concedeu liminar suspendendo as mudan\u00e7as.<br><br>Outros tr\u00eas portos j\u00e1 tiveram autoriza\u00e7\u00e3o para modificar as tabelas \u2013 S\u00e3o Francisco (SC), Itaqui (MA) e S\u00e3o Sebasti\u00e3o (SP) \u2013 e a estimativa \u00e9 de que at\u00e9 o final do ano todos adotem o mesmo formato de cobran\u00e7a. A comunidade portu\u00e1ria alega que n\u00e3o foi consultada nem teve oportunidade de colaborar na elabora\u00e7\u00e3o da proposta.<br><br><strong>Hist\u00f3rico<\/strong><br>Para atender a pedidos de operadores e armadores \u2013 que reclamavam de par\u00e2metros diferentes em cada porto e tamb\u00e9m que o Brasil n\u00e3o seguia as pr\u00e1ticas internacionais \u2013, a ANTAQ publicou a&nbsp;<a href=\"https:\/\/agenciainfra.us14.list-manage.com\/track\/click?u=d460dd1bcf9ba0ae040e1fc0f&amp;id=7bf2cfc520&amp;e=3cd2fde004\" target=\"_blank\" rel=\"noreferrer noopener\">Resolu\u00e7\u00e3o Normativa 32<\/a>, em 2019, estabelecendo que deveria ser adotada uma tabela padronizada para as taxas portu\u00e1rias. A partir de um modelo produzido pela ag\u00eancia, os portos tiveram um prazo para apresentar a proposta de adapta\u00e7\u00f5es.<br><br>N\u00e3o se trata de padronizar os valores cobrados \u2013 at\u00e9 porque cada porto tem um custo espec\u00edfico de opera\u00e7\u00e3o \u2013, mas de uniformizar as unidades de medida. Por exemplo: a tarifa Inframar, de acesso ao canal, que em muitos lugares era cobrada por tonelada a ser carregada, passou a ter como par\u00e2metro \u00fanico a capacidade da embarca\u00e7\u00e3o.<br><br>Em tese, a proposta n\u00e3o deveria representar aumento nos valores cobrados. Contudo, na pr\u00e1tica, a altera\u00e7\u00e3o no formato gerou efeitos financeiros. Uma alternativa sugerida pela ag\u00eancia \u00e9 a aplica\u00e7\u00e3o de descontos \u2013 uma op\u00e7\u00e3o que cada porto pode adotar, de acordo com crit\u00e9rios pr\u00f3prios, para evitar a dispara repentina nas despesas para a cadeia portu\u00e1ria. Mas essa solu\u00e7\u00e3o paliativa tamb\u00e9m n\u00e3o tem agradado aos operadores.<br><br><strong>Reclama\u00e7\u00f5es<\/strong><br>O presidente da Fenop (Federa\u00e7\u00e3o Nacional das Opera\u00e7\u00f5es Portu\u00e1rias), S\u00e9rgio Paulo Perrucci de Aquino, explica que a entidade n\u00e3o \u00e9 contr\u00e1ria \u00e0 padroniza\u00e7\u00e3o do formato de cobran\u00e7a das taxas. Mas avalia que n\u00e3o houve debate durante o processo de elabora\u00e7\u00e3o e que os par\u00e2metros adotados precisam ser condizentes com os servi\u00e7os prestados.<br><br>\u201cTudo bem cobrar pela capacidade do navio. Mas se a embarca\u00e7\u00e3o comporta 80 mil toneladas, mas o canal daquele porto n\u00e3o tem profundidade para que seja usada toda a capacidade, ent\u00e3o n\u00e3o \u00e9 correto cobrar na \u00edntegra\u201d, exemplifica. Para ele, o ideal seria que os CAPs (Conselhos de Autoridade Portu\u00e1ria) tivessem sido envolvidos na busca por solu\u00e7\u00f5es.<br><br>Of\u00edcios foram enviados pela Fenop \u00e0 ANTAQ durante o processo de elabora\u00e7\u00e3o do formato e tamb\u00e9m depois da ado\u00e7\u00e3o do modelo, solicitando participa\u00e7\u00e3o da comunidade portu\u00e1ria nas discuss\u00f5es, mas sem que essa abertura fosse concedida. Tamb\u00e9m na esfera local, os operadores n\u00e3o teriam tido acesso.<br><br>Para a Fenop, a possibilidade de aplica\u00e7\u00e3o de descontos n\u00e3o \u00e9 suficiente. Enquanto as tarifas s\u00e3o reguladas pela ANTAQ, os redutores podem ser aplicados pelas autoridades portu\u00e1rias, em car\u00e1ter tempor\u00e1rio.<br><br>\u201cIsso pode mudar a qualquer momento, por decis\u00e3o unicamente do porto. \u00c9 um instrumento transit\u00f3rio, de validade muito diminuta. Os operadores portu\u00e1rios n\u00e3o podem viver nessa inseguran\u00e7a jur\u00eddica, j\u00e1 que fecham contratos que podem mudar de valores em curto prazo\u201d, argumenta.<br><br>Segundo Aquino, a decis\u00e3o de buscar o caminho judicial ficou a cargo de cada sindicato local. A preocupa\u00e7\u00e3o \u00e9 de que esse processo deve se repetir em todos os portos brasileiros, inclusive em Santos (SP), o maior do pa\u00eds.<\/p>\n\n\n\n<p><strong>Crit\u00e9rios mais claros<\/strong><br>Em nota, a ANTAQ confirmou que cinco portos j\u00e1 tiveram a padroniza\u00e7\u00e3o tarif\u00e1ria aprovada e que todos os portos devem seguir o mesmo procedimento at\u00e9 o final do ano. Informou tamb\u00e9m que a medida visa tornar \u201cmais claros os crit\u00e9rios e os resultados\u201d e que \u201cas novas m\u00e9tricas incentivam a produtividade e a competitividade das opera\u00e7\u00f5es, permitindo a compara\u00e7\u00e3o entre portos, favorecendo a escolha dos usu\u00e1rios e as an\u00e1lises de den\u00fancias contra pre\u00e7os abusivos e a expans\u00e3o da infraestrutura por meio de uma aloca\u00e7\u00e3o eficiente de custos e encargos\u201d. Destacou ainda que as informa\u00e7\u00f5es sobre o assunto podem ser consultadas no&nbsp;<a rel=\"noreferrer noopener\" href=\"https:\/\/agenciainfra.us14.list-manage.com\/track\/click?u=d460dd1bcf9ba0ae040e1fc0f&amp;id=dba10cc0d3&amp;e=3cd2fde004\" target=\"_blank\">site da ag\u00eancia<\/a>.<\/p>\n\n\n\n<p><strong>Judicializa\u00e7\u00e3o no Paran\u00e1<\/strong><br>Em 20 de setembro, os portos paranaenses seriam os primeiros do Brasil a come\u00e7ar a cobrar taxas portu\u00e1rias pelo novo modelo determinado pela ANTAQ. Mas, \u00e0s v\u00e9speras, uma decis\u00e3o judicial suspendeu a mudan\u00e7a. Em assembleia, o Sindop-PR (Sindicato dos Operadores Portu\u00e1rios do Estado do Paran\u00e1) decidiu recorrer ao Judici\u00e1rio.<br>&nbsp;<br>No pedido de liminar, a entidade sindical apontou que a nova tabela causaria expressivo aumento no custo tarif\u00e1rio, sendo 15,85% no segmento de fertilizantes, 24,33% no segmento de importa\u00e7\u00e3o de cereais, 38,51% no segmento de celulose, 6% para o segmento de granel exporta\u00e7\u00e3o, 5% para os graneis l\u00edquidos e 47% nas movimenta\u00e7\u00f5es originadas no porto organizado de Antonina.<br>&nbsp;<br>O Sindop-PR ainda argumentou que aconteceram reajustes recentes, em 2018, de 4,2%, e em 2020, de 6%. E pontuou que n\u00e3o h\u00e1 qualquer fato, econ\u00f4mico, financeiro, pol\u00edtico, operacional ou de outra ordem, que justifique a \u201crevis\u00e3o portu\u00e1ria\u201d em valores muito acima da infla\u00e7\u00e3o no per\u00edodo. Sobre a pol\u00edtica de descontos, publicada em portaria em 15 de setembro, o sindicato destacou que os redutores caracterizam \u201cmera liberalidade da autoridade portu\u00e1ria e poder\u00e3o ser revogados a qualquer tempo, causam incerteza aos operadores portu\u00e1rios\u201d.<br>&nbsp;<br>Sobre a tentativa de acesso \u00e0 documenta\u00e7\u00e3o, o sindicato recebeu como resposta que o \u201cprocesso cont\u00e9m toda a estrat\u00e9gia empresarial, de custos e lucros da autoridade portu\u00e1ria para os pr\u00f3ximos anos, informa\u00e7\u00e3o tida como pessoal, [a] que somente o titular original de tais dados pode conceder acesso, sob possibilidade de sua publiciza\u00e7\u00e3o trazer severos danos comerciais \u00e0 empresa&#8221;.<br>&nbsp;<br><strong>Tabela suspensa<\/strong><br>O juiz substituto da 1\u00aa Vara Federal de Paranagu\u00e1, Guilherme Roman Borges, concordou com os pedidos dos operadores, destacando que n\u00e3o foi apresentada justificativa de ordem t\u00e9cnica e econ\u00f4mica para o significativo aumento e que o sindicato n\u00e3o recebeu respostas satisfat\u00f3rias, enfatizando que a suposta necessidade de sigilo \u201cpara proteger a estrat\u00e9gia empresarial da autoridade portu\u00e1ria para os pr\u00f3ximos anos n\u00e3o se coaduna com os princ\u00edpios que devem nortear a Administra\u00e7\u00e3o P\u00fablica\u201d.<br>&nbsp;<br>Na liminar concedida, que suspendeu os efeitos da nova tabela, o magistrado deu prazo de cinco dias, a partir da notifica\u00e7\u00e3o, para que os documentos fossem entregues, e mais 30 dias, depois da entrega, para que o Sindop-PR apresente uma contraproposta. Dever\u00e1 ser realizada uma audi\u00eancia de concilia\u00e7\u00e3o.<br>&nbsp;<br><strong>Exig\u00eancias<\/strong><br>Em nota, a empresa p\u00fablica Portos do Paran\u00e1 destacou que est\u00e1 apenas seguindo a exig\u00eancia dos \u00f3rg\u00e3os federais quanto \u00e0 padroniza\u00e7\u00e3o da tabela. E que optou por aplicar o desconto tempor\u00e1rio, por quatro meses, prorrog\u00e1vel at\u00e9 que sejam conclu\u00eddos os c\u00e1lculos de b\u00f4nus por produtividade. \u201cO desconto, portanto, faz com que os operadores, hoje, paguem exatamente o que j\u00e1 vinham pagando\u201d, diz o texto, que refor\u00e7a a abertura para o di\u00e1logo, \u201csempre que a comunidade portu\u00e1ria necessitar de esclarecimento em rela\u00e7\u00e3o \u00e0s tarifas\u201d.<br>&nbsp;<br>Tamb\u00e9m em nota, a ag\u00eancia destacou que os procedimentos de reajuste e revis\u00e3o tarif\u00e1ria dos portos organizados s\u00e3o definidos e regulamentados pela ag\u00eancia, conforme atribui\u00e7\u00e3o legal, e que foram seguidos todos os requisitos previstos. Sobre o acesso ao processo, informou que divulga a \u00edntegra de suas decis\u00f5es, mantendo o sigilo durante a tramita\u00e7\u00e3o.<\/p>\n","protected":false},"excerpt":{"rendered":"<p>K\u00e1tia Brembatti, para a&nbsp;Ag\u00eancia iNFRA A ordem para uniformizar as unidades de medida nas taxas cobradas em todos os portos brasileiros, determinada pela ANTAQ (Ag\u00eancia Nacional de Transportes Aquavi\u00e1rios), come\u00e7ou a ser executada, mas gerou uma s\u00e9rie de consequ\u00eancias. A previs\u00e3o inicial de que n\u00e3o haveria reflexos financeiros acabou n\u00e3o se confirmando, provocando descontentamento entre [&hellip;]<\/p>\n","protected":false},"author":1,"featured_media":5641,"comment_status":"closed","ping_status":"closed","sticky":false,"template":"","format":"standard","meta":{"_monsterinsights_skip_tracking":false,"_monsterinsights_sitenote_active":false,"_monsterinsights_sitenote_note":"","_monsterinsights_sitenote_category":0,"footnotes":""},"categories":[1,7],"tags":[86,1181,2094,572,5041,620,310,1156,5040,816],"class_list":["post-8536","post","type-post","status-publish","format-standard","has-post-thumbnail","hentry","category-geral","category-infratransporte","tag-antaq","tag-cap","tag-fenop","tag-judicializacao","tag-padronizacao-de-taxas","tag-parana","tag-portos","tag-portos-do-parana","tag-taxas-portuarias","tag-transporte-aquaviario"],"yoast_head":"<!-- This site is optimized with the Yoast SEO Premium plugin v25.4 (Yoast SEO v26.0) - https:\/\/yoast.com\/wordpress\/plugins\/seo\/ -->\n<title>Padroniza\u00e7\u00e3o de taxas portu\u00e1rias preocupa operadores e vai parar na Justi\u00e7a - Ag\u00eancia iNFRA<\/title>\n<meta name=\"robots\" content=\"index, follow, max-snippet:-1, max-image-preview:large, max-video-preview:-1\" \/>\n<link rel=\"canonical\" href=\"https:\/\/agenciainfra.com\/blog\/padronizacao-de-taxas-portuarias-preocupa-operadores-e-vai-parar-na-justica\/\" \/>\n<meta property=\"og:locale\" content=\"pt_BR\" \/>\n<meta property=\"og:type\" content=\"article\" \/>\n<meta property=\"og:title\" content=\"Padroniza\u00e7\u00e3o de taxas portu\u00e1rias preocupa operadores e vai parar na Justi\u00e7a\" \/>\n<meta property=\"og:description\" content=\"K\u00e1tia Brembatti, para a&nbsp;Ag\u00eancia iNFRA A ordem para uniformizar as unidades de medida nas taxas cobradas em todos os portos brasileiros, determinada pela ANTAQ (Ag\u00eancia Nacional de Transportes Aquavi\u00e1rios), come\u00e7ou a ser executada, mas gerou uma s\u00e9rie de consequ\u00eancias. A previs\u00e3o inicial de que n\u00e3o haveria reflexos financeiros acabou n\u00e3o se confirmando, provocando descontentamento entre [&hellip;]\" \/>\n<meta property=\"og:url\" content=\"https:\/\/agenciainfra.com\/blog\/padronizacao-de-taxas-portuarias-preocupa-operadores-e-vai-parar-na-justica\/\" \/>\n<meta property=\"og:site_name\" content=\"Ag\u00eancia iNFRA\" \/>\n<meta property=\"article:publisher\" content=\"https:\/\/www.facebook.com\/ageninfra\" \/>\n<meta property=\"article:published_time\" content=\"2021-10-16T11:00:00+00:00\" \/>\n<meta property=\"og:image\" content=\"https:\/\/agenciainfra.com\/blog\/wp-content\/uploads\/2020\/08\/navios-foto-claudio-neves-portos-do-parana.jpeg\" \/>\n\t<meta property=\"og:image:width\" content=\"1280\" \/>\n\t<meta property=\"og:image:height\" content=\"853\" \/>\n\t<meta property=\"og:image:type\" content=\"image\/jpeg\" \/>\n<meta name=\"author\" content=\"Ag\u00eancia iNFRA\" \/>\n<meta name=\"twitter:card\" content=\"summary_large_image\" \/>\n<meta name=\"twitter:creator\" content=\"@agencia_infra\" \/>\n<meta name=\"twitter:site\" content=\"@agencia_infra\" \/>\n<meta name=\"twitter:label1\" content=\"Escrito por\" \/>\n\t<meta name=\"twitter:data1\" content=\"Ag\u00eancia iNFRA\" \/>\n\t<meta name=\"twitter:label2\" content=\"Est. tempo de leitura\" \/>\n\t<meta name=\"twitter:data2\" content=\"7 minutos\" \/>\n<script type=\"application\/ld+json\" class=\"yoast-schema-graph\">{\"@context\":\"https:\/\/schema.org\",\"@graph\":[{\"@type\":\"Article\",\"@id\":\"https:\/\/agenciainfra.com\/blog\/padronizacao-de-taxas-portuarias-preocupa-operadores-e-vai-parar-na-justica\/#article\",\"isPartOf\":{\"@id\":\"https:\/\/agenciainfra.com\/blog\/padronizacao-de-taxas-portuarias-preocupa-operadores-e-vai-parar-na-justica\/\"},\"author\":{\"name\":\"Ag\u00eancia iNFRA\",\"@id\":\"https:\/\/agenciainfra.com\/blog\/#\/schema\/person\/34af08dff6adea4cb22b06612ba7acfa\"},\"headline\":\"Padroniza\u00e7\u00e3o de taxas portu\u00e1rias preocupa operadores e vai parar na Justi\u00e7a\",\"datePublished\":\"2021-10-16T11:00:00+00:00\",\"mainEntityOfPage\":{\"@id\":\"https:\/\/agenciainfra.com\/blog\/padronizacao-de-taxas-portuarias-preocupa-operadores-e-vai-parar-na-justica\/\"},\"wordCount\":1392,\"publisher\":{\"@id\":\"https:\/\/agenciainfra.com\/blog\/#organization\"},\"image\":{\"@id\":\"https:\/\/agenciainfra.com\/blog\/padronizacao-de-taxas-portuarias-preocupa-operadores-e-vai-parar-na-justica\/#primaryimage\"},\"thumbnailUrl\":\"https:\/\/agenciainfra.com\/blog\/wp-content\/uploads\/2020\/08\/navios-foto-claudio-neves-portos-do-parana.jpeg\",\"keywords\":[\"ANTAQ\",\"CAP\",\"Fenop\",\"judicializa\u00e7\u00e3o\",\"padroniza\u00e7\u00e3o de taxas\",\"Paran\u00e1\",\"portos\",\"Portos do Paran\u00e1\",\"taxas portu\u00e1rias\",\"transporte aquavi\u00e1rio\"],\"articleSection\":[\"Geral\",\"iNFRATransporte\"],\"inLanguage\":\"pt-BR\",\"copyrightYear\":\"2021\",\"copyrightHolder\":{\"@id\":\"https:\/\/agenciainfra.com\/blog\/#organization\"}},{\"@type\":\"WebPage\",\"@id\":\"https:\/\/agenciainfra.com\/blog\/padronizacao-de-taxas-portuarias-preocupa-operadores-e-vai-parar-na-justica\/\",\"url\":\"https:\/\/agenciainfra.com\/blog\/padronizacao-de-taxas-portuarias-preocupa-operadores-e-vai-parar-na-justica\/\",\"name\":\"Padroniza\u00e7\u00e3o de taxas portu\u00e1rias preocupa operadores e vai parar na Justi\u00e7a - Ag\u00eancia iNFRA\",\"isPartOf\":{\"@id\":\"https:\/\/agenciainfra.com\/blog\/#website\"},\"primaryImageOfPage\":{\"@id\":\"https:\/\/agenciainfra.com\/blog\/padronizacao-de-taxas-portuarias-preocupa-operadores-e-vai-parar-na-justica\/#primaryimage\"},\"image\":{\"@id\":\"https:\/\/agenciainfra.com\/blog\/padronizacao-de-taxas-portuarias-preocupa-operadores-e-vai-parar-na-justica\/#primaryimage\"},\"thumbnailUrl\":\"https:\/\/agenciainfra.com\/blog\/wp-content\/uploads\/2020\/08\/navios-foto-claudio-neves-portos-do-parana.jpeg\",\"datePublished\":\"2021-10-16T11:00:00+00:00\",\"breadcrumb\":{\"@id\":\"https:\/\/agenciainfra.com\/blog\/padronizacao-de-taxas-portuarias-preocupa-operadores-e-vai-parar-na-justica\/#breadcrumb\"},\"inLanguage\":\"pt-BR\",\"potentialAction\":[{\"@type\":\"ReadAction\",\"target\":[\"https:\/\/agenciainfra.com\/blog\/padronizacao-de-taxas-portuarias-preocupa-operadores-e-vai-parar-na-justica\/\"]}]},{\"@type\":\"ImageObject\",\"inLanguage\":\"pt-BR\",\"@id\":\"https:\/\/agenciainfra.com\/blog\/padronizacao-de-taxas-portuarias-preocupa-operadores-e-vai-parar-na-justica\/#primaryimage\",\"url\":\"https:\/\/agenciainfra.com\/blog\/wp-content\/uploads\/2020\/08\/navios-foto-claudio-neves-portos-do-parana.jpeg\",\"contentUrl\":\"https:\/\/agenciainfra.com\/blog\/wp-content\/uploads\/2020\/08\/navios-foto-claudio-neves-portos-do-parana.jpeg\",\"width\":1280,\"height\":853},{\"@type\":\"BreadcrumbList\",\"@id\":\"https:\/\/agenciainfra.com\/blog\/padronizacao-de-taxas-portuarias-preocupa-operadores-e-vai-parar-na-justica\/#breadcrumb\",\"itemListElement\":[{\"@type\":\"ListItem\",\"position\":1,\"name\":\"In\u00edcio\",\"item\":\"https:\/\/agenciainfra.com\/blog\/\"},{\"@type\":\"ListItem\",\"position\":2,\"name\":\"Padroniza\u00e7\u00e3o de taxas portu\u00e1rias preocupa operadores e vai parar na Justi\u00e7a\"}]},{\"@type\":\"WebSite\",\"@id\":\"https:\/\/agenciainfra.com\/blog\/#website\",\"url\":\"https:\/\/agenciainfra.com\/blog\/\",\"name\":\"Ag\u00eancia iNFRA\",\"description\":\"Multiplataforma de informa\u00e7\u00e3o jornal\u00edstica refer\u00eancia na \u00e1rea de infraestrutura no Brasil!\",\"publisher\":{\"@id\":\"https:\/\/agenciainfra.com\/blog\/#organization\"},\"potentialAction\":[{\"@type\":\"SearchAction\",\"target\":{\"@type\":\"EntryPoint\",\"urlTemplate\":\"https:\/\/agenciainfra.com\/blog\/?s={search_term_string}\"},\"query-input\":{\"@type\":\"PropertyValueSpecification\",\"valueRequired\":true,\"valueName\":\"search_term_string\"}}],\"inLanguage\":\"pt-BR\"},{\"@type\":\"Organization\",\"@id\":\"https:\/\/agenciainfra.com\/blog\/#organization\",\"name\":\"Ag\u00eancia iNFRA\",\"url\":\"https:\/\/agenciainfra.com\/blog\/\",\"logo\":{\"@type\":\"ImageObject\",\"inLanguage\":\"pt-BR\",\"@id\":\"https:\/\/agenciainfra.com\/blog\/#\/schema\/logo\/image\/\",\"url\":\"https:\/\/agenciainfra.com\/blog\/wp-content\/uploads\/2023\/09\/iNFRA_5-e1761735885940.png\",\"contentUrl\":\"https:\/\/agenciainfra.com\/blog\/wp-content\/uploads\/2023\/09\/iNFRA_5-e1761735885940.png\",\"width\":1672,\"height\":454,\"caption\":\"Ag\u00eancia iNFRA\"},\"image\":{\"@id\":\"https:\/\/agenciainfra.com\/blog\/#\/schema\/logo\/image\/\"},\"sameAs\":[\"https:\/\/www.facebook.com\/ageninfra\",\"https:\/\/x.com\/agencia_infra\",\"https:\/\/www.linkedin.com\/company\/ag\u00eanciainfra\/\",\"https:\/\/www.instagram.com\/agenciainfra\/\"]},{\"@type\":\"Person\",\"@id\":\"https:\/\/agenciainfra.com\/blog\/#\/schema\/person\/34af08dff6adea4cb22b06612ba7acfa\",\"name\":\"Ag\u00eancia iNFRA\",\"image\":{\"@type\":\"ImageObject\",\"inLanguage\":\"pt-BR\",\"@id\":\"https:\/\/agenciainfra.com\/blog\/#\/schema\/person\/image\/\",\"url\":\"https:\/\/secure.gravatar.com\/avatar\/d189e01678f06d8eb84d4e01f08eb848b3fffe3f8443818d3c356c66892f5be8?s=96&d=mm&r=g\",\"contentUrl\":\"https:\/\/secure.gravatar.com\/avatar\/d189e01678f06d8eb84d4e01f08eb848b3fffe3f8443818d3c356c66892f5be8?s=96&d=mm&r=g\",\"caption\":\"Ag\u00eancia iNFRA\"},\"url\":\"https:\/\/agenciainfra.com\/blog\/author\/admin\/\"}]}<\/script>\n<!-- \/ Yoast SEO Premium plugin. -->","yoast_head_json":{"title":"Padroniza\u00e7\u00e3o de taxas portu\u00e1rias preocupa operadores e vai parar na Justi\u00e7a - Ag\u00eancia iNFRA","robots":{"index":"index","follow":"follow","max-snippet":"max-snippet:-1","max-image-preview":"max-image-preview:large","max-video-preview":"max-video-preview:-1"},"canonical":"https:\/\/agenciainfra.com\/blog\/padronizacao-de-taxas-portuarias-preocupa-operadores-e-vai-parar-na-justica\/","og_locale":"pt_BR","og_type":"article","og_title":"Padroniza\u00e7\u00e3o de taxas portu\u00e1rias preocupa operadores e vai parar na Justi\u00e7a","og_description":"K\u00e1tia Brembatti, para a&nbsp;Ag\u00eancia iNFRA A ordem para uniformizar as unidades de medida nas taxas cobradas em todos os portos brasileiros, determinada pela ANTAQ (Ag\u00eancia Nacional de Transportes Aquavi\u00e1rios), come\u00e7ou a ser executada, mas gerou uma s\u00e9rie de consequ\u00eancias. A previs\u00e3o inicial de que n\u00e3o haveria reflexos financeiros acabou n\u00e3o se confirmando, provocando descontentamento entre [&hellip;]","og_url":"https:\/\/agenciainfra.com\/blog\/padronizacao-de-taxas-portuarias-preocupa-operadores-e-vai-parar-na-justica\/","og_site_name":"Ag\u00eancia iNFRA","article_publisher":"https:\/\/www.facebook.com\/ageninfra","article_published_time":"2021-10-16T11:00:00+00:00","og_image":[{"width":1280,"height":853,"url":"https:\/\/agenciainfra.com\/blog\/wp-content\/uploads\/2020\/08\/navios-foto-claudio-neves-portos-do-parana.jpeg","type":"image\/jpeg"}],"author":"Ag\u00eancia iNFRA","twitter_card":"summary_large_image","twitter_creator":"@agencia_infra","twitter_site":"@agencia_infra","twitter_misc":{"Escrito por":"Ag\u00eancia iNFRA","Est. tempo de leitura":"7 minutos"},"schema":{"@context":"https:\/\/schema.org","@graph":[{"@type":"Article","@id":"https:\/\/agenciainfra.com\/blog\/padronizacao-de-taxas-portuarias-preocupa-operadores-e-vai-parar-na-justica\/#article","isPartOf":{"@id":"https:\/\/agenciainfra.com\/blog\/padronizacao-de-taxas-portuarias-preocupa-operadores-e-vai-parar-na-justica\/"},"author":{"name":"Ag\u00eancia iNFRA","@id":"https:\/\/agenciainfra.com\/blog\/#\/schema\/person\/34af08dff6adea4cb22b06612ba7acfa"},"headline":"Padroniza\u00e7\u00e3o de taxas portu\u00e1rias preocupa operadores e vai parar na Justi\u00e7a","datePublished":"2021-10-16T11:00:00+00:00","mainEntityOfPage":{"@id":"https:\/\/agenciainfra.com\/blog\/padronizacao-de-taxas-portuarias-preocupa-operadores-e-vai-parar-na-justica\/"},"wordCount":1392,"publisher":{"@id":"https:\/\/agenciainfra.com\/blog\/#organization"},"image":{"@id":"https:\/\/agenciainfra.com\/blog\/padronizacao-de-taxas-portuarias-preocupa-operadores-e-vai-parar-na-justica\/#primaryimage"},"thumbnailUrl":"https:\/\/agenciainfra.com\/blog\/wp-content\/uploads\/2020\/08\/navios-foto-claudio-neves-portos-do-parana.jpeg","keywords":["ANTAQ","CAP","Fenop","judicializa\u00e7\u00e3o","padroniza\u00e7\u00e3o de taxas","Paran\u00e1","portos","Portos do Paran\u00e1","taxas portu\u00e1rias","transporte aquavi\u00e1rio"],"articleSection":["Geral","iNFRATransporte"],"inLanguage":"pt-BR","copyrightYear":"2021","copyrightHolder":{"@id":"https:\/\/agenciainfra.com\/blog\/#organization"}},{"@type":"WebPage","@id":"https:\/\/agenciainfra.com\/blog\/padronizacao-de-taxas-portuarias-preocupa-operadores-e-vai-parar-na-justica\/","url":"https:\/\/agenciainfra.com\/blog\/padronizacao-de-taxas-portuarias-preocupa-operadores-e-vai-parar-na-justica\/","name":"Padroniza\u00e7\u00e3o de taxas portu\u00e1rias preocupa operadores e vai parar na Justi\u00e7a - Ag\u00eancia iNFRA","isPartOf":{"@id":"https:\/\/agenciainfra.com\/blog\/#website"},"primaryImageOfPage":{"@id":"https:\/\/agenciainfra.com\/blog\/padronizacao-de-taxas-portuarias-preocupa-operadores-e-vai-parar-na-justica\/#primaryimage"},"image":{"@id":"https:\/\/agenciainfra.com\/blog\/padronizacao-de-taxas-portuarias-preocupa-operadores-e-vai-parar-na-justica\/#primaryimage"},"thumbnailUrl":"https:\/\/agenciainfra.com\/blog\/wp-content\/uploads\/2020\/08\/navios-foto-claudio-neves-portos-do-parana.jpeg","datePublished":"2021-10-16T11:00:00+00:00","breadcrumb":{"@id":"https:\/\/agenciainfra.com\/blog\/padronizacao-de-taxas-portuarias-preocupa-operadores-e-vai-parar-na-justica\/#breadcrumb"},"inLanguage":"pt-BR","potentialAction":[{"@type":"ReadAction","target":["https:\/\/agenciainfra.com\/blog\/padronizacao-de-taxas-portuarias-preocupa-operadores-e-vai-parar-na-justica\/"]}]},{"@type":"ImageObject","inLanguage":"pt-BR","@id":"https:\/\/agenciainfra.com\/blog\/padronizacao-de-taxas-portuarias-preocupa-operadores-e-vai-parar-na-justica\/#primaryimage","url":"https:\/\/agenciainfra.com\/blog\/wp-content\/uploads\/2020\/08\/navios-foto-claudio-neves-portos-do-parana.jpeg","contentUrl":"https:\/\/agenciainfra.com\/blog\/wp-content\/uploads\/2020\/08\/navios-foto-claudio-neves-portos-do-parana.jpeg","width":1280,"height":853},{"@type":"BreadcrumbList","@id":"https:\/\/agenciainfra.com\/blog\/padronizacao-de-taxas-portuarias-preocupa-operadores-e-vai-parar-na-justica\/#breadcrumb","itemListElement":[{"@type":"ListItem","position":1,"name":"In\u00edcio","item":"https:\/\/agenciainfra.com\/blog\/"},{"@type":"ListItem","position":2,"name":"Padroniza\u00e7\u00e3o de taxas portu\u00e1rias preocupa operadores e vai parar na Justi\u00e7a"}]},{"@type":"WebSite","@id":"https:\/\/agenciainfra.com\/blog\/#website","url":"https:\/\/agenciainfra.com\/blog\/","name":"Ag\u00eancia iNFRA","description":"Multiplataforma de informa\u00e7\u00e3o jornal\u00edstica refer\u00eancia na \u00e1rea de infraestrutura no Brasil!","publisher":{"@id":"https:\/\/agenciainfra.com\/blog\/#organization"},"potentialAction":[{"@type":"SearchAction","target":{"@type":"EntryPoint","urlTemplate":"https:\/\/agenciainfra.com\/blog\/?s={search_term_string}"},"query-input":{"@type":"PropertyValueSpecification","valueRequired":true,"valueName":"search_term_string"}}],"inLanguage":"pt-BR"},{"@type":"Organization","@id":"https:\/\/agenciainfra.com\/blog\/#organization","name":"Ag\u00eancia iNFRA","url":"https:\/\/agenciainfra.com\/blog\/","logo":{"@type":"ImageObject","inLanguage":"pt-BR","@id":"https:\/\/agenciainfra.com\/blog\/#\/schema\/logo\/image\/","url":"https:\/\/agenciainfra.com\/blog\/wp-content\/uploads\/2023\/09\/iNFRA_5-e1761735885940.png","contentUrl":"https:\/\/agenciainfra.com\/blog\/wp-content\/uploads\/2023\/09\/iNFRA_5-e1761735885940.png","width":1672,"height":454,"caption":"Ag\u00eancia iNFRA"},"image":{"@id":"https:\/\/agenciainfra.com\/blog\/#\/schema\/logo\/image\/"},"sameAs":["https:\/\/www.facebook.com\/ageninfra","https:\/\/x.com\/agencia_infra","https:\/\/www.linkedin.com\/company\/ag\u00eanciainfra\/","https:\/\/www.instagram.com\/agenciainfra\/"]},{"@type":"Person","@id":"https:\/\/agenciainfra.com\/blog\/#\/schema\/person\/34af08dff6adea4cb22b06612ba7acfa","name":"Ag\u00eancia iNFRA","image":{"@type":"ImageObject","inLanguage":"pt-BR","@id":"https:\/\/agenciainfra.com\/blog\/#\/schema\/person\/image\/","url":"https:\/\/secure.gravatar.com\/avatar\/d189e01678f06d8eb84d4e01f08eb848b3fffe3f8443818d3c356c66892f5be8?s=96&d=mm&r=g","contentUrl":"https:\/\/secure.gravatar.com\/avatar\/d189e01678f06d8eb84d4e01f08eb848b3fffe3f8443818d3c356c66892f5be8?s=96&d=mm&r=g","caption":"Ag\u00eancia iNFRA"},"url":"https:\/\/agenciainfra.com\/blog\/author\/admin\/"}]}},"_links":{"self":[{"href":"https:\/\/agenciainfra.com\/blog\/wp-json\/wp\/v2\/posts\/8536","targetHints":{"allow":["GET"]}}],"collection":[{"href":"https:\/\/agenciainfra.com\/blog\/wp-json\/wp\/v2\/posts"}],"about":[{"href":"https:\/\/agenciainfra.com\/blog\/wp-json\/wp\/v2\/types\/post"}],"author":[{"embeddable":true,"href":"https:\/\/agenciainfra.com\/blog\/wp-json\/wp\/v2\/users\/1"}],"replies":[{"embeddable":true,"href":"https:\/\/agenciainfra.com\/blog\/wp-json\/wp\/v2\/comments?post=8536"}],"version-history":[{"count":0,"href":"https:\/\/agenciainfra.com\/blog\/wp-json\/wp\/v2\/posts\/8536\/revisions"}],"wp:featuredmedia":[{"embeddable":true,"href":"https:\/\/agenciainfra.com\/blog\/wp-json\/wp\/v2\/media\/5641"}],"wp:attachment":[{"href":"https:\/\/agenciainfra.com\/blog\/wp-json\/wp\/v2\/media?parent=8536"}],"wp:term":[{"taxonomy":"category","embeddable":true,"href":"https:\/\/agenciainfra.com\/blog\/wp-json\/wp\/v2\/categories?post=8536"},{"taxonomy":"post_tag","embeddable":true,"href":"https:\/\/agenciainfra.com\/blog\/wp-json\/wp\/v2\/tags?post=8536"}],"curies":[{"name":"wp","href":"https:\/\/api.w.org\/{rel}","templated":true}]}}