{"id":8538,"date":"2021-10-15T11:00:00","date_gmt":"2021-10-15T14:00:00","guid":{"rendered":"https:\/\/www.agenciainfra.com\/blog\/?p=8538"},"modified":"2021-10-14T12:15:46","modified_gmt":"2021-10-14T15:15:46","slug":"preferencia-eleitoral-e-habitos-de-consumo-de-informacao-politica","status":"publish","type":"post","link":"https:\/\/agenciainfra.com\/blog\/preferencia-eleitoral-e-habitos-de-consumo-de-informacao-politica\/","title":{"rendered":"Prefer\u00eancia eleitoral e h\u00e1bitos de consumo de informa\u00e7\u00e3o pol\u00edtica"},"content":{"rendered":"\n<p class=\"has-text-align-right\"><strong>F\u00e1bio Vasconcellos*<\/strong><\/p>\n\n\n\n<p>H\u00e1bitos de consumo de informa\u00e7\u00e3o s\u00e3o um fator central para entendermos hoje parte do comportamento dos eleitores brasileiros. Desde a virada para os anos 2000, assistimos e participamos de uma revolu\u00e7\u00e3o no campo da comunica\u00e7\u00e3o, e isso tem impactado as nossas rela\u00e7\u00f5es sociais, culturais, econ\u00f4micas e pol\u00edticas. Partimos de um regime de escassez de informa\u00e7\u00e3o (poucas fontes) para outro organizado sob a l\u00f3gica da abund\u00e2ncia. Muitas fontes, com diferentes caracter\u00edsticas e, quase sempre, ao alcance do smartphone.&nbsp;<\/p>\n\n\n\n<p>Embora a maior variedade de fontes seja algo positivo sob o ponto de vista da diversidade informativa, essa caracter\u00edstica potencializa o custo de decis\u00e3o da audi\u00eancia: diante de tantas alternativas, qual devo acompanhar para obter informa\u00e7\u00e3o pol\u00edtica?&nbsp; Adicione a esse contexto o fator \u201cinteresse e prefer\u00eancia pol\u00edtica\u201d. No primeiro caso, quanto maior o interesse, mais o eleitor direciona aten\u00e7\u00e3o para o universo das informa\u00e7\u00f5es pol\u00edticas, formando grupos altamente envolvidos e dispostos a influenciar um segundo e terceiro grupo com baixo ou nenhum interesse por pol\u00edtica.<\/p>\n\n\n\n<p>Dado esse contexto, como a rela\u00e7\u00e3o prefer\u00eancia pol\u00edtica afeta nossas escolhas sobre fonte de informa\u00e7\u00e3o? Como muitas pesquisas t\u00eam demonstrado, e esse \u00e9 o principal argumento para a forma\u00e7\u00e3o das bolhas ideol\u00f3gicas, a busca por conte\u00fado pol\u00edtico e as fontes de informa\u00e7\u00f5es est\u00e3o muitas vezes associadas \u00e0 vis\u00e3o de mundo do eleitor. Suas cren\u00e7as pol\u00edticas orientariam direta ou indiretamente escolhas das fontes por onde prefere se informar. Nesse caso, as escolhas seriam quase sempre por conte\u00fados alinhados \u00e0 prefer\u00eancia pol\u00edtica.<\/p>\n\n\n\n<p>A \u00faltima pesquisa Genial\/Quaest, produzida entre 30 de setembro e 3 de outubro, traz algumas pistas interessantes sobre consumo de informa\u00e7\u00e3o e prefer\u00eancia eleitoral no contexto brasileiro. O primeiro dado que chama aten\u00e7\u00e3o da sondagem \u00e9 o percentual ainda elevado de eleitores que afirmam se informar sobre a pol\u00edtica principalmente pela televis\u00e3o (52%). As redes sociais somam 21%, enquanto os sites, blogs e portais, 11%. Apesar de ocuparem a segunda e a terceira posi\u00e7\u00e3o como meio preferencial, o consumo de informa\u00e7\u00e3o pol\u00edtica a partir de meios digitais n\u00e3o \u00e9 desprez\u00edvel. \u00c9 prov\u00e1vel que os percentuais atribu\u00eddos \u00e0s m\u00eddias sociais e sites apresentem crescimento nos pr\u00f3ximos anos.&nbsp;<\/p>\n\n\n\n<p>Talvez o dado mais interessante da pesquisa esteja em alguns cruzamentos que os dois institutos fizeram. Quando perguntados sobre \u201cquem prefere que ven\u00e7a nas elei\u00e7\u00f5es de 2002\u201d, os percentuais dos eleitores que escolhem Lula ou Bolsonaro divergem consistentemente, a depender do meio utilizado para se informar. O comportamento daqueles que dizem n\u00e3o preferir nem Lula, nem Bolsonaro, por outro lado, sugere que h\u00e1 um componente pol\u00edtico afetando as escolhas das fontes e dos conte\u00fados sobre pol\u00edtica entre os brasileiros.<\/p>\n\n\n\n<p>Aqueles que se informam principalmente pela TV afirmam preferir que Lula ven\u00e7a em 2022 (51%), enquanto apenas 16% apontam Bolsonaro. No grupo da TV, os eleitores que n\u00e3o querem nem Lula, nem Bolsonaro (3\u00aa via) somam 27%. As prefer\u00eancias eleitorais mudam entre os que se informam pelas m\u00eddias sociais. Nesse caso, o percentual dos que escolhem Lula cai para 30%, enquanto o de Bolsonaro mais que dobra, chegando a 35%, superando a prefer\u00eancia pelo ex-presidente. O grupo da 3\u00aa via apresenta uma menor varia\u00e7\u00e3o, saindo de 27% para 32%.<\/p>\n\n\n\n<p>Entre os eleitores que se informam por sites, blogs e portais de not\u00edcia, a prefer\u00eancia eleitoral segue um comportamento muito pr\u00f3ximo do observado entre os que se informam pelas redes sociais. H\u00e1 apenas uma varia\u00e7\u00e3o estat\u00edstica para Lula que reduz de 30% para 28% e do grupo da 3\u00aa via que vai de 32% para 31%. Bolsonaro alcan\u00e7a, novamente, 35% das prefer\u00eancias.<\/p>\n\n\n<p><iframe class=\"flourish-embed-iframe\" style=\"width: 100%; height: 600px;\" title=\"Interactive or visual content\" src=\"https:\/\/flo.uri.sh\/visualisation\/7501526\/embed\" frameborder=\"0\" scrolling=\"no\" sandbox=\"allow-same-origin allow-forms allow-scripts allow-downloads allow-popups allow-popups-to-escape-sandbox allow-top-navigation-by-user-activation\"><\/iframe><\/p>\n<div style=\"width: 100%!; margin-top: 4px!important; text-align: right!important;\"><a class=\"flourish-credit\" style=\"text-decoration: none!important;\" href=\"https:\/\/public.flourish.studio\/visualisation\/7501526\/?utm_source=embed&amp;utm_campaign=visualisation\/7501526\" target=\"_top\" rel=\"noopener\"><img decoding=\"async\" style=\"width: 105px!important; height: 16px!important; border: none!important; margin: 0!important;\" src=\"https:\/\/public.flourish.studio\/resources\/made_with_flourish.svg\" alt=\"Made with Flourish\" \/> <\/a><\/div>\n\n\n<p>Como \u00e9 poss\u00edvel observar, o grupo da terceira via se mant\u00e9m praticamente no mesmo patamar nos tr\u00eas grupos dos meios de informa\u00e7\u00e3o, contrastando com os eleitores que preferem Lula ou Bolsonaro. Enquanto Lula \u00e9 forte entre os que preferem a TV, Bolsonaro melhora bastante o seu desempenho no digital. Isso n\u00e3o acontece para quem \u00e9 do grupo da \u201c3\u00aa via\u201d, indicando que h\u00e1 algo associado nos dois grupos dos eleitores de Lula e Bolsonaro.<\/p>\n\n\n\n<p>A maneira como o eleitor avalia o governo Bolsonaro tamb\u00e9m muda conforme o meio preferencial para se informar. A avalia\u00e7\u00e3o positiva do governo \u00e9 o dobro entre os eleitores que se informam por redes sociais, quando comparado ao grupo que se informa pela TV. A avalia\u00e7\u00e3o negativa, por sua vez, cai no grupo dos que se informam pelas redes sociais. Embora ela ainda seja alta (44%), h\u00e1 uma redu\u00e7\u00e3o de 14 pontos percentuais em rela\u00e7\u00e3o ao grupo dos eleitores que se informam pela TV. Essas diferen\u00e7as se mant\u00eam quando observamos os dados daqueles que se informam por sites, blogs e portais de not\u00edcias.<\/p>\n\n\n<p><iframe class=\"flourish-embed-iframe\" style=\"width: 100%; height: 600px;\" title=\"Interactive or visual content\" src=\"https:\/\/flo.uri.sh\/visualisation\/7501611\/embed\" frameborder=\"0\" scrolling=\"no\" sandbox=\"allow-same-origin allow-forms allow-scripts allow-downloads allow-popups allow-popups-to-escape-sandbox allow-top-navigation-by-user-activation\"><\/iframe><\/p>\n<div style=\"width: 100%!; margin-top: 4px!important; text-align: right!important;\"><a class=\"flourish-credit\" style=\"text-decoration: none!important;\" href=\"https:\/\/public.flourish.studio\/visualisation\/7501611\/?utm_source=embed&amp;utm_campaign=visualisation\/7501611\" target=\"_top\" rel=\"noopener\"><img decoding=\"async\" style=\"width: 105px!important; height: 16px!important; border: none!important; margin: 0!important;\" src=\"https:\/\/public.flourish.studio\/resources\/made_with_flourish.svg\" alt=\"Made with Flourish\" \/> <\/a><\/div>\n\n\n<p>\u00c9 claro que a simples resposta sobre o meio para obter informa\u00e7\u00f5es pol\u00edticas n\u00e3o \u00e9 suficiente para conclus\u00f5es mais robustas sobre o que de fato est\u00e1 acontecendo na rela\u00e7\u00e3o entre prefer\u00eancia pol\u00edtica e h\u00e1bito de consumo de informa\u00e7\u00e3o no nosso contexto. Mas esses dados sugerem algumas especula\u00e7\u00f5es.<\/p>\n\n\n\n<p>A primeira delas corrobora a hip\u00f3tese de que a maior diversidade de fontes de informa\u00e7\u00e3o n\u00e3o tem sido suficiente at\u00e9 aqui para produzir uma distribui\u00e7\u00e3o mais equilibrada entre as prefer\u00eancias dos meios para se informar sobre pol\u00edtica. A televis\u00e3o continua mantendo altos \u00edndices.&nbsp;<\/p>\n\n\n\n<p>A segunda refor\u00e7a a hip\u00f3tese de que o universo digital, com sua maior diversidade de canais, pode estimular dois efeitos com sentidos contr\u00e1rios. O primeiro \u00e9 que, ao terem acesso a uma maior variedade de fontes e informa\u00e7\u00f5es, os eleitores apresentariam uma vis\u00e3o mais \u201crica\u201d sobre o governo e o desempenho do presidente quando comparada aos meios tradicionais (televis\u00e3o, jornais e r\u00e1dio). Nesse caso, as prefer\u00eancias pol\u00edticas n\u00e3o direcionariam as escolhas dos eleitores sobre as fontes que decidem acompanhar no digital.&nbsp;<\/p>\n\n\n\n<p>Mas os dados parecem apontar em outra dire\u00e7\u00e3o, esta sim, a meu ver, mais prov\u00e1vel. O eleitor pode simplesmente escolher fontes que consideram mais pr\u00f3ximas das suas cren\u00e7as pol\u00edticas, ignorando toda diversidade do meio digital, reduzindo assim o seu custo de decis\u00e3o. Portanto, o universo digital estaria produzindo um maior alinhamento entre fontes e audi\u00eancia. Nessa hip\u00f3tese n\u00e3o predominaria uma vis\u00e3o \u201crica\u201d da realidade pol\u00edtica, mas, na verdade, o contr\u00e1rio.&nbsp;<\/p>\n\n\n\n<p>Do lado da oferta, h\u00e1 indica\u00e7\u00f5es de que existem canais digitais dispostos a produzir mais e mais conte\u00fado posicionado ideologicamente, gerando uma rela\u00e7\u00e3o consistente com sua audi\u00eancia cativa. No ano passado, Natalia Aruguete, Ernesto Calvo e Tiago Ventura encontraram evid\u00eancias de que a base eleitoral do ent\u00e3o candidato Jair Bolsonaro, em 2018, foi aquela que mais compartilhou links de sites e portais de not\u00edcia alternativos, isto \u00e9, com baixa reputa\u00e7\u00e3o no <em>mainstream<\/em> da imprensa. Esses sites e portais eram reconhecidamente canais \u00e0 direita, isto \u00e9, com uma produ\u00e7\u00e3o de conte\u00fado sempre muito alinhada com o pensamento bolsonarista.&nbsp;<\/p>\n\n\n\n<p>Em resumo, para uma parte dos eleitores, especialmente os mais engajados, a disputa eleitoral de 2022 n\u00e3o ser\u00e1 o momento para a escolha entre projetos distintos de governo, mas o de uma guerra de comunica\u00e7\u00e3o, na qual os participantes, armados com fragmentos da realidade pol\u00edtica alinhados com suas prefer\u00eancias eleitorais, j\u00e1 est\u00e3o a postos. N\u00e3o \u00e9 sem sentido que Bolsonaro manteve suas redes ativas e avan\u00e7a agora para expandir a sua conta no Telegram.<\/p>\n\n\n\n<h6 class=\"wp-block-heading\" id=\"block-0ad831ad-cd23-417f-b06a-95588097a0b7\">*F\u00e1bio Vasconcellos \u00e9 cientista pol\u00edtico e professor da Universidade do Estado do Rio de Janeiro e da ESPM-RJ.<\/h6>\n\n\n\n<h5 class=\"wp-block-heading\" id=\"block-d67878ff-7627-4f15-b175-8f58269174ff\">As opini\u00f5es dos autores n\u00e3o refletem necessariamente o pensamento da Ag\u00eancia iNFRA, sendo de total responsabilidade do autor as informa\u00e7\u00f5es, ju\u00edzos de valor e conceitos descritos no texto.<\/h5>\n","protected":false},"excerpt":{"rendered":"<p>F\u00e1bio Vasconcellos* H\u00e1bitos de consumo de informa\u00e7\u00e3o s\u00e3o um fator central para entendermos hoje parte do comportamento dos eleitores brasileiros. Desde a virada para os anos 2000, assistimos e participamos de uma revolu\u00e7\u00e3o no campo da comunica\u00e7\u00e3o, e isso tem impactado as nossas rela\u00e7\u00f5es sociais, culturais, econ\u00f4micas e pol\u00edticas. Partimos de um regime de escassez [&hellip;]<\/p>\n","protected":false},"author":1,"featured_media":8543,"comment_status":"closed","ping_status":"closed","sticky":false,"template":"","format":"standard","meta":{"_monsterinsights_skip_tracking":false,"_monsterinsights_sitenote_active":false,"_monsterinsights_sitenote_note":"","_monsterinsights_sitenote_category":0,"footnotes":""},"categories":[1],"tags":[581,4213,5044,5042,4287,329,580,332,5043],"class_list":["post-8538","post","type-post","status-publish","format-standard","has-post-thumbnail","hentry","category-geral","tag-bolsonaro","tag-comunicacao","tag-consumo-de-informacao","tag-consumo-de-informacao-politica","tag-disputa-eleitoral","tag-eleicoes","tag-lula","tag-politica","tag-redes-sociais"],"yoast_head":"<!-- This site is optimized with the Yoast SEO Premium plugin v25.4 (Yoast SEO v26.0) - https:\/\/yoast.com\/wordpress\/plugins\/seo\/ -->\n<title>Prefer\u00eancia eleitoral e h\u00e1bitos de consumo de informa\u00e7\u00e3o pol\u00edtica - Ag\u00eancia iNFRA<\/title>\n<meta name=\"robots\" content=\"index, follow, max-snippet:-1, max-image-preview:large, max-video-preview:-1\" \/>\n<link rel=\"canonical\" href=\"https:\/\/agenciainfra.com\/blog\/preferencia-eleitoral-e-habitos-de-consumo-de-informacao-politica\/\" \/>\n<meta property=\"og:locale\" content=\"pt_BR\" \/>\n<meta property=\"og:type\" content=\"article\" \/>\n<meta property=\"og:title\" content=\"Prefer\u00eancia eleitoral e h\u00e1bitos de consumo de informa\u00e7\u00e3o pol\u00edtica\" \/>\n<meta property=\"og:description\" content=\"F\u00e1bio Vasconcellos* H\u00e1bitos de consumo de informa\u00e7\u00e3o s\u00e3o um fator central para entendermos hoje parte do comportamento dos eleitores brasileiros. Desde a virada para os anos 2000, assistimos e participamos de uma revolu\u00e7\u00e3o no campo da comunica\u00e7\u00e3o, e isso tem impactado as nossas rela\u00e7\u00f5es sociais, culturais, econ\u00f4micas e pol\u00edticas. Partimos de um regime de escassez [&hellip;]\" \/>\n<meta property=\"og:url\" content=\"https:\/\/agenciainfra.com\/blog\/preferencia-eleitoral-e-habitos-de-consumo-de-informacao-politica\/\" \/>\n<meta property=\"og:site_name\" content=\"Ag\u00eancia iNFRA\" \/>\n<meta property=\"article:publisher\" content=\"https:\/\/www.facebook.com\/ageninfra\" \/>\n<meta property=\"article:published_time\" content=\"2021-10-15T14:00:00+00:00\" \/>\n<meta property=\"og:image\" content=\"https:\/\/agenciainfra.com\/blog\/wp-content\/uploads\/2021\/10\/celular-foto-dominio-publico.jpeg\" \/>\n\t<meta property=\"og:image:width\" content=\"1280\" \/>\n\t<meta property=\"og:image:height\" content=\"853\" \/>\n\t<meta property=\"og:image:type\" content=\"image\/jpeg\" \/>\n<meta name=\"author\" content=\"Ag\u00eancia iNFRA\" \/>\n<meta name=\"twitter:card\" content=\"summary_large_image\" \/>\n<meta name=\"twitter:creator\" content=\"@agencia_infra\" \/>\n<meta name=\"twitter:site\" content=\"@agencia_infra\" \/>\n<meta name=\"twitter:label1\" content=\"Escrito por\" \/>\n\t<meta name=\"twitter:data1\" content=\"Ag\u00eancia iNFRA\" \/>\n\t<meta name=\"twitter:label2\" content=\"Est. tempo de leitura\" \/>\n\t<meta name=\"twitter:data2\" content=\"7 minutos\" \/>\n<script type=\"application\/ld+json\" class=\"yoast-schema-graph\">{\"@context\":\"https:\/\/schema.org\",\"@graph\":[{\"@type\":\"Article\",\"@id\":\"https:\/\/agenciainfra.com\/blog\/preferencia-eleitoral-e-habitos-de-consumo-de-informacao-politica\/#article\",\"isPartOf\":{\"@id\":\"https:\/\/agenciainfra.com\/blog\/preferencia-eleitoral-e-habitos-de-consumo-de-informacao-politica\/\"},\"author\":{\"name\":\"Ag\u00eancia iNFRA\",\"@id\":\"https:\/\/agenciainfra.com\/blog\/#\/schema\/person\/34af08dff6adea4cb22b06612ba7acfa\"},\"headline\":\"Prefer\u00eancia eleitoral e h\u00e1bitos de consumo de informa\u00e7\u00e3o pol\u00edtica\",\"datePublished\":\"2021-10-15T14:00:00+00:00\",\"mainEntityOfPage\":{\"@id\":\"https:\/\/agenciainfra.com\/blog\/preferencia-eleitoral-e-habitos-de-consumo-de-informacao-politica\/\"},\"wordCount\":1340,\"publisher\":{\"@id\":\"https:\/\/agenciainfra.com\/blog\/#organization\"},\"image\":{\"@id\":\"https:\/\/agenciainfra.com\/blog\/preferencia-eleitoral-e-habitos-de-consumo-de-informacao-politica\/#primaryimage\"},\"thumbnailUrl\":\"https:\/\/agenciainfra.com\/blog\/wp-content\/uploads\/2021\/10\/celular-foto-dominio-publico.jpeg\",\"keywords\":[\"Bolsonaro\",\"comunica\u00e7\u00e3o\",\"consumo de informa\u00e7\u00e3o\",\"consumo de informa\u00e7\u00e3o pol\u00edtica\",\"disputa eleitoral\",\"elei\u00e7\u00f5es\",\"Lula\",\"pol\u00edtica\",\"redes sociais\"],\"articleSection\":[\"Geral\"],\"inLanguage\":\"pt-BR\",\"copyrightYear\":\"2021\",\"copyrightHolder\":{\"@id\":\"https:\/\/agenciainfra.com\/blog\/#organization\"}},{\"@type\":\"WebPage\",\"@id\":\"https:\/\/agenciainfra.com\/blog\/preferencia-eleitoral-e-habitos-de-consumo-de-informacao-politica\/\",\"url\":\"https:\/\/agenciainfra.com\/blog\/preferencia-eleitoral-e-habitos-de-consumo-de-informacao-politica\/\",\"name\":\"Prefer\u00eancia eleitoral e h\u00e1bitos de consumo de informa\u00e7\u00e3o pol\u00edtica - Ag\u00eancia iNFRA\",\"isPartOf\":{\"@id\":\"https:\/\/agenciainfra.com\/blog\/#website\"},\"primaryImageOfPage\":{\"@id\":\"https:\/\/agenciainfra.com\/blog\/preferencia-eleitoral-e-habitos-de-consumo-de-informacao-politica\/#primaryimage\"},\"image\":{\"@id\":\"https:\/\/agenciainfra.com\/blog\/preferencia-eleitoral-e-habitos-de-consumo-de-informacao-politica\/#primaryimage\"},\"thumbnailUrl\":\"https:\/\/agenciainfra.com\/blog\/wp-content\/uploads\/2021\/10\/celular-foto-dominio-publico.jpeg\",\"datePublished\":\"2021-10-15T14:00:00+00:00\",\"breadcrumb\":{\"@id\":\"https:\/\/agenciainfra.com\/blog\/preferencia-eleitoral-e-habitos-de-consumo-de-informacao-politica\/#breadcrumb\"},\"inLanguage\":\"pt-BR\",\"potentialAction\":[{\"@type\":\"ReadAction\",\"target\":[\"https:\/\/agenciainfra.com\/blog\/preferencia-eleitoral-e-habitos-de-consumo-de-informacao-politica\/\"]}]},{\"@type\":\"ImageObject\",\"inLanguage\":\"pt-BR\",\"@id\":\"https:\/\/agenciainfra.com\/blog\/preferencia-eleitoral-e-habitos-de-consumo-de-informacao-politica\/#primaryimage\",\"url\":\"https:\/\/agenciainfra.com\/blog\/wp-content\/uploads\/2021\/10\/celular-foto-dominio-publico.jpeg\",\"contentUrl\":\"https:\/\/agenciainfra.com\/blog\/wp-content\/uploads\/2021\/10\/celular-foto-dominio-publico.jpeg\",\"width\":1280,\"height\":853},{\"@type\":\"BreadcrumbList\",\"@id\":\"https:\/\/agenciainfra.com\/blog\/preferencia-eleitoral-e-habitos-de-consumo-de-informacao-politica\/#breadcrumb\",\"itemListElement\":[{\"@type\":\"ListItem\",\"position\":1,\"name\":\"In\u00edcio\",\"item\":\"https:\/\/agenciainfra.com\/blog\/\"},{\"@type\":\"ListItem\",\"position\":2,\"name\":\"Prefer\u00eancia eleitoral e h\u00e1bitos de consumo de informa\u00e7\u00e3o pol\u00edtica\"}]},{\"@type\":\"WebSite\",\"@id\":\"https:\/\/agenciainfra.com\/blog\/#website\",\"url\":\"https:\/\/agenciainfra.com\/blog\/\",\"name\":\"Ag\u00eancia iNFRA\",\"description\":\"Multiplataforma de informa\u00e7\u00e3o jornal\u00edstica refer\u00eancia na \u00e1rea de infraestrutura no Brasil!\",\"publisher\":{\"@id\":\"https:\/\/agenciainfra.com\/blog\/#organization\"},\"potentialAction\":[{\"@type\":\"SearchAction\",\"target\":{\"@type\":\"EntryPoint\",\"urlTemplate\":\"https:\/\/agenciainfra.com\/blog\/?s={search_term_string}\"},\"query-input\":{\"@type\":\"PropertyValueSpecification\",\"valueRequired\":true,\"valueName\":\"search_term_string\"}}],\"inLanguage\":\"pt-BR\"},{\"@type\":\"Organization\",\"@id\":\"https:\/\/agenciainfra.com\/blog\/#organization\",\"name\":\"Ag\u00eancia iNFRA\",\"url\":\"https:\/\/agenciainfra.com\/blog\/\",\"logo\":{\"@type\":\"ImageObject\",\"inLanguage\":\"pt-BR\",\"@id\":\"https:\/\/agenciainfra.com\/blog\/#\/schema\/logo\/image\/\",\"url\":\"https:\/\/agenciainfra.com\/blog\/wp-content\/uploads\/2023\/09\/iNFRA_5-e1761735885940.png\",\"contentUrl\":\"https:\/\/agenciainfra.com\/blog\/wp-content\/uploads\/2023\/09\/iNFRA_5-e1761735885940.png\",\"width\":1672,\"height\":454,\"caption\":\"Ag\u00eancia iNFRA\"},\"image\":{\"@id\":\"https:\/\/agenciainfra.com\/blog\/#\/schema\/logo\/image\/\"},\"sameAs\":[\"https:\/\/www.facebook.com\/ageninfra\",\"https:\/\/x.com\/agencia_infra\",\"https:\/\/www.linkedin.com\/company\/ag\u00eanciainfra\/\",\"https:\/\/www.instagram.com\/agenciainfra\/\"]},{\"@type\":\"Person\",\"@id\":\"https:\/\/agenciainfra.com\/blog\/#\/schema\/person\/34af08dff6adea4cb22b06612ba7acfa\",\"name\":\"Ag\u00eancia iNFRA\",\"image\":{\"@type\":\"ImageObject\",\"inLanguage\":\"pt-BR\",\"@id\":\"https:\/\/agenciainfra.com\/blog\/#\/schema\/person\/image\/\",\"url\":\"https:\/\/secure.gravatar.com\/avatar\/d189e01678f06d8eb84d4e01f08eb848b3fffe3f8443818d3c356c66892f5be8?s=96&d=mm&r=g\",\"contentUrl\":\"https:\/\/secure.gravatar.com\/avatar\/d189e01678f06d8eb84d4e01f08eb848b3fffe3f8443818d3c356c66892f5be8?s=96&d=mm&r=g\",\"caption\":\"Ag\u00eancia iNFRA\"},\"url\":\"https:\/\/agenciainfra.com\/blog\/author\/admin\/\"}]}<\/script>\n<!-- \/ Yoast SEO Premium plugin. -->","yoast_head_json":{"title":"Prefer\u00eancia eleitoral e h\u00e1bitos de consumo de informa\u00e7\u00e3o pol\u00edtica - Ag\u00eancia iNFRA","robots":{"index":"index","follow":"follow","max-snippet":"max-snippet:-1","max-image-preview":"max-image-preview:large","max-video-preview":"max-video-preview:-1"},"canonical":"https:\/\/agenciainfra.com\/blog\/preferencia-eleitoral-e-habitos-de-consumo-de-informacao-politica\/","og_locale":"pt_BR","og_type":"article","og_title":"Prefer\u00eancia eleitoral e h\u00e1bitos de consumo de informa\u00e7\u00e3o pol\u00edtica","og_description":"F\u00e1bio Vasconcellos* H\u00e1bitos de consumo de informa\u00e7\u00e3o s\u00e3o um fator central para entendermos hoje parte do comportamento dos eleitores brasileiros. Desde a virada para os anos 2000, assistimos e participamos de uma revolu\u00e7\u00e3o no campo da comunica\u00e7\u00e3o, e isso tem impactado as nossas rela\u00e7\u00f5es sociais, culturais, econ\u00f4micas e pol\u00edticas. Partimos de um regime de escassez [&hellip;]","og_url":"https:\/\/agenciainfra.com\/blog\/preferencia-eleitoral-e-habitos-de-consumo-de-informacao-politica\/","og_site_name":"Ag\u00eancia iNFRA","article_publisher":"https:\/\/www.facebook.com\/ageninfra","article_published_time":"2021-10-15T14:00:00+00:00","og_image":[{"width":1280,"height":853,"url":"https:\/\/agenciainfra.com\/blog\/wp-content\/uploads\/2021\/10\/celular-foto-dominio-publico.jpeg","type":"image\/jpeg"}],"author":"Ag\u00eancia iNFRA","twitter_card":"summary_large_image","twitter_creator":"@agencia_infra","twitter_site":"@agencia_infra","twitter_misc":{"Escrito por":"Ag\u00eancia iNFRA","Est. tempo de leitura":"7 minutos"},"schema":{"@context":"https:\/\/schema.org","@graph":[{"@type":"Article","@id":"https:\/\/agenciainfra.com\/blog\/preferencia-eleitoral-e-habitos-de-consumo-de-informacao-politica\/#article","isPartOf":{"@id":"https:\/\/agenciainfra.com\/blog\/preferencia-eleitoral-e-habitos-de-consumo-de-informacao-politica\/"},"author":{"name":"Ag\u00eancia iNFRA","@id":"https:\/\/agenciainfra.com\/blog\/#\/schema\/person\/34af08dff6adea4cb22b06612ba7acfa"},"headline":"Prefer\u00eancia eleitoral e h\u00e1bitos de consumo de informa\u00e7\u00e3o pol\u00edtica","datePublished":"2021-10-15T14:00:00+00:00","mainEntityOfPage":{"@id":"https:\/\/agenciainfra.com\/blog\/preferencia-eleitoral-e-habitos-de-consumo-de-informacao-politica\/"},"wordCount":1340,"publisher":{"@id":"https:\/\/agenciainfra.com\/blog\/#organization"},"image":{"@id":"https:\/\/agenciainfra.com\/blog\/preferencia-eleitoral-e-habitos-de-consumo-de-informacao-politica\/#primaryimage"},"thumbnailUrl":"https:\/\/agenciainfra.com\/blog\/wp-content\/uploads\/2021\/10\/celular-foto-dominio-publico.jpeg","keywords":["Bolsonaro","comunica\u00e7\u00e3o","consumo de informa\u00e7\u00e3o","consumo de informa\u00e7\u00e3o pol\u00edtica","disputa eleitoral","elei\u00e7\u00f5es","Lula","pol\u00edtica","redes sociais"],"articleSection":["Geral"],"inLanguage":"pt-BR","copyrightYear":"2021","copyrightHolder":{"@id":"https:\/\/agenciainfra.com\/blog\/#organization"}},{"@type":"WebPage","@id":"https:\/\/agenciainfra.com\/blog\/preferencia-eleitoral-e-habitos-de-consumo-de-informacao-politica\/","url":"https:\/\/agenciainfra.com\/blog\/preferencia-eleitoral-e-habitos-de-consumo-de-informacao-politica\/","name":"Prefer\u00eancia eleitoral e h\u00e1bitos de consumo de informa\u00e7\u00e3o pol\u00edtica - Ag\u00eancia iNFRA","isPartOf":{"@id":"https:\/\/agenciainfra.com\/blog\/#website"},"primaryImageOfPage":{"@id":"https:\/\/agenciainfra.com\/blog\/preferencia-eleitoral-e-habitos-de-consumo-de-informacao-politica\/#primaryimage"},"image":{"@id":"https:\/\/agenciainfra.com\/blog\/preferencia-eleitoral-e-habitos-de-consumo-de-informacao-politica\/#primaryimage"},"thumbnailUrl":"https:\/\/agenciainfra.com\/blog\/wp-content\/uploads\/2021\/10\/celular-foto-dominio-publico.jpeg","datePublished":"2021-10-15T14:00:00+00:00","breadcrumb":{"@id":"https:\/\/agenciainfra.com\/blog\/preferencia-eleitoral-e-habitos-de-consumo-de-informacao-politica\/#breadcrumb"},"inLanguage":"pt-BR","potentialAction":[{"@type":"ReadAction","target":["https:\/\/agenciainfra.com\/blog\/preferencia-eleitoral-e-habitos-de-consumo-de-informacao-politica\/"]}]},{"@type":"ImageObject","inLanguage":"pt-BR","@id":"https:\/\/agenciainfra.com\/blog\/preferencia-eleitoral-e-habitos-de-consumo-de-informacao-politica\/#primaryimage","url":"https:\/\/agenciainfra.com\/blog\/wp-content\/uploads\/2021\/10\/celular-foto-dominio-publico.jpeg","contentUrl":"https:\/\/agenciainfra.com\/blog\/wp-content\/uploads\/2021\/10\/celular-foto-dominio-publico.jpeg","width":1280,"height":853},{"@type":"BreadcrumbList","@id":"https:\/\/agenciainfra.com\/blog\/preferencia-eleitoral-e-habitos-de-consumo-de-informacao-politica\/#breadcrumb","itemListElement":[{"@type":"ListItem","position":1,"name":"In\u00edcio","item":"https:\/\/agenciainfra.com\/blog\/"},{"@type":"ListItem","position":2,"name":"Prefer\u00eancia eleitoral e h\u00e1bitos de consumo de informa\u00e7\u00e3o pol\u00edtica"}]},{"@type":"WebSite","@id":"https:\/\/agenciainfra.com\/blog\/#website","url":"https:\/\/agenciainfra.com\/blog\/","name":"Ag\u00eancia iNFRA","description":"Multiplataforma de informa\u00e7\u00e3o jornal\u00edstica refer\u00eancia na \u00e1rea de infraestrutura no Brasil!","publisher":{"@id":"https:\/\/agenciainfra.com\/blog\/#organization"},"potentialAction":[{"@type":"SearchAction","target":{"@type":"EntryPoint","urlTemplate":"https:\/\/agenciainfra.com\/blog\/?s={search_term_string}"},"query-input":{"@type":"PropertyValueSpecification","valueRequired":true,"valueName":"search_term_string"}}],"inLanguage":"pt-BR"},{"@type":"Organization","@id":"https:\/\/agenciainfra.com\/blog\/#organization","name":"Ag\u00eancia iNFRA","url":"https:\/\/agenciainfra.com\/blog\/","logo":{"@type":"ImageObject","inLanguage":"pt-BR","@id":"https:\/\/agenciainfra.com\/blog\/#\/schema\/logo\/image\/","url":"https:\/\/agenciainfra.com\/blog\/wp-content\/uploads\/2023\/09\/iNFRA_5-e1761735885940.png","contentUrl":"https:\/\/agenciainfra.com\/blog\/wp-content\/uploads\/2023\/09\/iNFRA_5-e1761735885940.png","width":1672,"height":454,"caption":"Ag\u00eancia iNFRA"},"image":{"@id":"https:\/\/agenciainfra.com\/blog\/#\/schema\/logo\/image\/"},"sameAs":["https:\/\/www.facebook.com\/ageninfra","https:\/\/x.com\/agencia_infra","https:\/\/www.linkedin.com\/company\/ag\u00eanciainfra\/","https:\/\/www.instagram.com\/agenciainfra\/"]},{"@type":"Person","@id":"https:\/\/agenciainfra.com\/blog\/#\/schema\/person\/34af08dff6adea4cb22b06612ba7acfa","name":"Ag\u00eancia iNFRA","image":{"@type":"ImageObject","inLanguage":"pt-BR","@id":"https:\/\/agenciainfra.com\/blog\/#\/schema\/person\/image\/","url":"https:\/\/secure.gravatar.com\/avatar\/d189e01678f06d8eb84d4e01f08eb848b3fffe3f8443818d3c356c66892f5be8?s=96&d=mm&r=g","contentUrl":"https:\/\/secure.gravatar.com\/avatar\/d189e01678f06d8eb84d4e01f08eb848b3fffe3f8443818d3c356c66892f5be8?s=96&d=mm&r=g","caption":"Ag\u00eancia iNFRA"},"url":"https:\/\/agenciainfra.com\/blog\/author\/admin\/"}]}},"_links":{"self":[{"href":"https:\/\/agenciainfra.com\/blog\/wp-json\/wp\/v2\/posts\/8538","targetHints":{"allow":["GET"]}}],"collection":[{"href":"https:\/\/agenciainfra.com\/blog\/wp-json\/wp\/v2\/posts"}],"about":[{"href":"https:\/\/agenciainfra.com\/blog\/wp-json\/wp\/v2\/types\/post"}],"author":[{"embeddable":true,"href":"https:\/\/agenciainfra.com\/blog\/wp-json\/wp\/v2\/users\/1"}],"replies":[{"embeddable":true,"href":"https:\/\/agenciainfra.com\/blog\/wp-json\/wp\/v2\/comments?post=8538"}],"version-history":[{"count":0,"href":"https:\/\/agenciainfra.com\/blog\/wp-json\/wp\/v2\/posts\/8538\/revisions"}],"wp:featuredmedia":[{"embeddable":true,"href":"https:\/\/agenciainfra.com\/blog\/wp-json\/wp\/v2\/media\/8543"}],"wp:attachment":[{"href":"https:\/\/agenciainfra.com\/blog\/wp-json\/wp\/v2\/media?parent=8538"}],"wp:term":[{"taxonomy":"category","embeddable":true,"href":"https:\/\/agenciainfra.com\/blog\/wp-json\/wp\/v2\/categories?post=8538"},{"taxonomy":"post_tag","embeddable":true,"href":"https:\/\/agenciainfra.com\/blog\/wp-json\/wp\/v2\/tags?post=8538"}],"curies":[{"name":"wp","href":"https:\/\/api.w.org\/{rel}","templated":true}]}}