{"id":8545,"date":"2021-10-18T07:00:00","date_gmt":"2021-10-18T10:00:00","guid":{"rendered":"https:\/\/www.agenciainfra.com\/blog\/?p=8545"},"modified":"2021-10-15T18:41:34","modified_gmt":"2021-10-15T21:41:34","slug":"a-importancia-da-regulacao-da-infraestrutura-de-dados-espaciais-para-setor-de-infraestrutura","status":"publish","type":"post","link":"https:\/\/agenciainfra.com\/blog\/a-importancia-da-regulacao-da-infraestrutura-de-dados-espaciais-para-setor-de-infraestrutura\/","title":{"rendered":"A import\u00e2ncia da regula\u00e7\u00e3o da infraestrutura de dados espaciais para o setor de infraestrutura"},"content":{"rendered":"\n<p>Durante evento luso-brasileiro realizado neste m\u00eas pela Uerj (Universidade Estadual do Rio de Janeiro), especialistas dos dois pa\u00edses reafirmaram a import\u00e2ncia das infraestruturas de base de dados como um componente da pr\u00f3pria infraestrutura nacional. Participando da mesa redonda Modelos de Governan\u00e7a da Informa\u00e7\u00e3o Geogr\u00e1fica sobre os Territ\u00f3rios Nacionais, inserida na 10\u00aa edi\u00e7\u00e3o do Geotecnologias na Gest\u00e3o P\u00fablica, o ge\u00f3grafo Rui Pedro Juli\u00e3o e o advogado e ge\u00f3grafo Luiz Ugeda falaram da governan\u00e7a das pol\u00edticas p\u00fablicas geo portuguesa e brasileira.<\/p>\n\n\n\n<p>Refer\u00eancia portuguesa em cadastro territorial e doutor em Geografia e Planejamento Regional, Juli\u00e3o destacou que Portugal foi o primeiro pa\u00eds do mundo a perceber a import\u00e2ncia da regula\u00e7\u00e3o da infraestrutura de dados espaciais, j\u00e1 em 1990, quando criou a SNIG (Sistema Nacional de Informa\u00e7\u00f5es Geogr\u00e1ficas), infraestrutura colaborativa que permite compartilhar, pesquisar e acessar a informa\u00e7\u00e3o geogr\u00e1fica pelo Registo Nacional de Dados Geogr\u00e1ficos.<\/p>\n\n\n\n<p>J\u00e1 Ugeda, CEO da Geodireito, fundador do Portal Geocracia e presidente da Comiss\u00e3o Especial de Geodireito da OAB\/SP, chamou a aten\u00e7\u00e3o para o fato de o Brasil, carente de investimentos em infraestrutura, s\u00f3 ter a ganhar seguindo uma pol\u00edtica dessas: \u201cVamos assistir a um per\u00edodo de grandes investimentos em saneamento, ferrovias, energia e gasodutos, e as empresas n\u00e3o podem ter gastos desnecess\u00e1rios comprando v\u00e1rias vezes os mesmos mapas. O Brasil precisa regular esse tema, como est\u00e1 previsto, desde 1988, no art. 21, inciso XV da nossa Constitui\u00e7\u00e3o\u201d.<\/p>\n\n\n\n<p>Com o advento da Era da Geoinforma\u00e7\u00e3o, setores de energia, transportes, saneamento, telecomunica\u00e7\u00f5es, sa\u00fade, educa\u00e7\u00e3o, seguran\u00e7a, entre outros, apresentam algo em comum: o uso intensivo de sistemas de informa\u00e7\u00e3o geogr\u00e1fica para que possam se relacionar com o territ\u00f3rio e identificar suas \u00e1reas de influ\u00eancia.<\/p>\n\n\n\n<p>Para resolver esses desafios s\u00e3o necess\u00e1rias medidas que incidam sobre o compartilhamento, o acesso, a universaliza\u00e7\u00e3o e a utiliza\u00e7\u00e3o de dados geogr\u00e1ficos, que devem ser interoper\u00e1veis em todos os n\u00edveis da autoridade p\u00fablica, em seus diferentes setores. Esse conjunto de mapas formam um sistema e comp\u00f5em a infraestrutura de dados espaciais. Ela tem sido tratada por diversos pa\u00edses como uma <em>essential facility<\/em> que deve ser regulada por uma ag\u00eancia reguladora.<\/p>\n\n\n\n<p>Com o apoio da Faperj, o GGP 2021 foi realizado pelo N\u00facleo de Geotecnologias da Uerj \u2013 Sistema Labgis e pelo Instituto Municipal de Urbanismo Pereira Passos, do munic\u00edpio do Rio de Janeiro. Todos os v\u00eddeos das grava\u00e7\u00f5es dos pain\u00e9is e mesas redondas desta 10\u00aa edi\u00e7\u00e3o estar\u00e3o em breve dispon\u00edveis no&nbsp;<a href=\"https:\/\/www.ggp.uerj.br\/2021\/index.html\">site do evento<\/a>, onde tamb\u00e9m podem ser encontrados os v\u00eddeos das palestras dos anos anteriores.<\/p>\n\n\n\n<p><strong>As opini\u00f5es dos autores n\u00e3o refletem necessariamente o pensamento da Ag\u00eancia iNFRA, sendo de total responsabilidade do autor as informa\u00e7\u00f5es, ju\u00edzos de valor e conceitos descritos no texto.<\/strong><\/p>\n","protected":false},"excerpt":{"rendered":"<p>Durante evento luso-brasileiro realizado neste m\u00eas pela Uerj (Universidade Estadual do Rio de Janeiro), especialistas dos dois pa\u00edses reafirmaram a import\u00e2ncia das infraestruturas de base de dados como um componente da pr\u00f3pria infraestrutura nacional. Participando da mesa redonda Modelos de Governan\u00e7a da Informa\u00e7\u00e3o Geogr\u00e1fica sobre os Territ\u00f3rios Nacionais, inserida na 10\u00aa edi\u00e7\u00e3o do Geotecnologias na [&hellip;]<\/p>\n","protected":false},"author":1,"featured_media":7115,"comment_status":"closed","ping_status":"closed","sticky":false,"template":"","format":"standard","meta":{"_monsterinsights_skip_tracking":false,"_monsterinsights_sitenote_active":false,"_monsterinsights_sitenote_note":"","_monsterinsights_sitenote_category":0,"footnotes":""},"categories":[1],"tags":[142,5048,5012,5047,34,4986,360,5046,5045],"class_list":["post-8545","post","type-post","status-publish","format-standard","has-post-thumbnail","hentry","category-geral","tag-geoinformacao","tag-gestao-de-dados","tag-gestao-de-obras","tag-gestao-publica","tag-infraestrutura","tag-infraestrutura-de-dados","tag-obras","tag-registro-nacional-de-dados-geograficos","tag-snig"],"yoast_head":"<!-- This site is optimized with the Yoast SEO Premium plugin v25.4 (Yoast SEO v26.0) - https:\/\/yoast.com\/wordpress\/plugins\/seo\/ -->\n<title>A import\u00e2ncia da regula\u00e7\u00e3o da infraestrutura de dados espaciais para o setor de infraestrutura - Ag\u00eancia iNFRA<\/title>\n<meta name=\"robots\" content=\"index, follow, max-snippet:-1, max-image-preview:large, max-video-preview:-1\" \/>\n<link rel=\"canonical\" href=\"https:\/\/agenciainfra.com\/blog\/a-importancia-da-regulacao-da-infraestrutura-de-dados-espaciais-para-setor-de-infraestrutura\/\" \/>\n<meta property=\"og:locale\" content=\"pt_BR\" \/>\n<meta property=\"og:type\" content=\"article\" \/>\n<meta property=\"og:title\" content=\"A import\u00e2ncia da regula\u00e7\u00e3o da infraestrutura de dados espaciais para o setor de infraestrutura\" \/>\n<meta property=\"og:description\" content=\"Durante evento luso-brasileiro realizado neste m\u00eas pela Uerj (Universidade Estadual do Rio de Janeiro), especialistas dos dois pa\u00edses reafirmaram a import\u00e2ncia das infraestruturas de base de dados como um componente da pr\u00f3pria infraestrutura nacional. Participando da mesa redonda Modelos de Governan\u00e7a da Informa\u00e7\u00e3o Geogr\u00e1fica sobre os Territ\u00f3rios Nacionais, inserida na 10\u00aa edi\u00e7\u00e3o do Geotecnologias na [&hellip;]\" \/>\n<meta property=\"og:url\" content=\"https:\/\/agenciainfra.com\/blog\/a-importancia-da-regulacao-da-infraestrutura-de-dados-espaciais-para-setor-de-infraestrutura\/\" \/>\n<meta property=\"og:site_name\" content=\"Ag\u00eancia iNFRA\" \/>\n<meta property=\"article:publisher\" content=\"https:\/\/www.facebook.com\/ageninfra\" \/>\n<meta property=\"article:published_time\" content=\"2021-10-18T10:00:00+00:00\" \/>\n<meta property=\"og:image\" content=\"https:\/\/agenciainfra.com\/blog\/wp-content\/uploads\/2021\/04\/obra-construcao-foto-dominio-publico.jpeg\" \/>\n\t<meta property=\"og:image:width\" content=\"1280\" \/>\n\t<meta property=\"og:image:height\" content=\"960\" \/>\n\t<meta property=\"og:image:type\" content=\"image\/jpeg\" \/>\n<meta name=\"author\" content=\"Ag\u00eancia iNFRA\" \/>\n<meta name=\"twitter:card\" content=\"summary_large_image\" \/>\n<meta name=\"twitter:creator\" content=\"@agencia_infra\" \/>\n<meta name=\"twitter:site\" content=\"@agencia_infra\" \/>\n<meta name=\"twitter:label1\" content=\"Escrito por\" \/>\n\t<meta name=\"twitter:data1\" content=\"Ag\u00eancia iNFRA\" \/>\n\t<meta name=\"twitter:label2\" content=\"Est. tempo de leitura\" \/>\n\t<meta name=\"twitter:data2\" content=\"3 minutos\" \/>\n<script type=\"application\/ld+json\" class=\"yoast-schema-graph\">{\"@context\":\"https:\/\/schema.org\",\"@graph\":[{\"@type\":\"Article\",\"@id\":\"https:\/\/agenciainfra.com\/blog\/a-importancia-da-regulacao-da-infraestrutura-de-dados-espaciais-para-setor-de-infraestrutura\/#article\",\"isPartOf\":{\"@id\":\"https:\/\/agenciainfra.com\/blog\/a-importancia-da-regulacao-da-infraestrutura-de-dados-espaciais-para-setor-de-infraestrutura\/\"},\"author\":{\"name\":\"Ag\u00eancia iNFRA\",\"@id\":\"https:\/\/agenciainfra.com\/blog\/#\/schema\/person\/34af08dff6adea4cb22b06612ba7acfa\"},\"headline\":\"A import\u00e2ncia da regula\u00e7\u00e3o da infraestrutura de dados espaciais para o setor de infraestrutura\",\"datePublished\":\"2021-10-18T10:00:00+00:00\",\"mainEntityOfPage\":{\"@id\":\"https:\/\/agenciainfra.com\/blog\/a-importancia-da-regulacao-da-infraestrutura-de-dados-espaciais-para-setor-de-infraestrutura\/\"},\"wordCount\":517,\"publisher\":{\"@id\":\"https:\/\/agenciainfra.com\/blog\/#organization\"},\"image\":{\"@id\":\"https:\/\/agenciainfra.com\/blog\/a-importancia-da-regulacao-da-infraestrutura-de-dados-espaciais-para-setor-de-infraestrutura\/#primaryimage\"},\"thumbnailUrl\":\"https:\/\/agenciainfra.com\/blog\/wp-content\/uploads\/2021\/04\/obra-construcao-foto-dominio-publico.jpeg\",\"keywords\":[\"geoinforma\u00e7\u00e3o\",\"gest\u00e3o de dados\",\"gest\u00e3o de obras\",\"gest\u00e3o p\u00fablica\",\"Infraestrutura\",\"infraestrutura de dados\",\"obras\",\"registro nacional de dados geogr\u00e1ficos\",\"SNIG\"],\"articleSection\":[\"Geral\"],\"inLanguage\":\"pt-BR\",\"copyrightYear\":\"2021\",\"copyrightHolder\":{\"@id\":\"https:\/\/agenciainfra.com\/blog\/#organization\"}},{\"@type\":\"WebPage\",\"@id\":\"https:\/\/agenciainfra.com\/blog\/a-importancia-da-regulacao-da-infraestrutura-de-dados-espaciais-para-setor-de-infraestrutura\/\",\"url\":\"https:\/\/agenciainfra.com\/blog\/a-importancia-da-regulacao-da-infraestrutura-de-dados-espaciais-para-setor-de-infraestrutura\/\",\"name\":\"A import\u00e2ncia da regula\u00e7\u00e3o da infraestrutura de dados espaciais para o setor de infraestrutura - Ag\u00eancia iNFRA\",\"isPartOf\":{\"@id\":\"https:\/\/agenciainfra.com\/blog\/#website\"},\"primaryImageOfPage\":{\"@id\":\"https:\/\/agenciainfra.com\/blog\/a-importancia-da-regulacao-da-infraestrutura-de-dados-espaciais-para-setor-de-infraestrutura\/#primaryimage\"},\"image\":{\"@id\":\"https:\/\/agenciainfra.com\/blog\/a-importancia-da-regulacao-da-infraestrutura-de-dados-espaciais-para-setor-de-infraestrutura\/#primaryimage\"},\"thumbnailUrl\":\"https:\/\/agenciainfra.com\/blog\/wp-content\/uploads\/2021\/04\/obra-construcao-foto-dominio-publico.jpeg\",\"datePublished\":\"2021-10-18T10:00:00+00:00\",\"breadcrumb\":{\"@id\":\"https:\/\/agenciainfra.com\/blog\/a-importancia-da-regulacao-da-infraestrutura-de-dados-espaciais-para-setor-de-infraestrutura\/#breadcrumb\"},\"inLanguage\":\"pt-BR\",\"potentialAction\":[{\"@type\":\"ReadAction\",\"target\":[\"https:\/\/agenciainfra.com\/blog\/a-importancia-da-regulacao-da-infraestrutura-de-dados-espaciais-para-setor-de-infraestrutura\/\"]}]},{\"@type\":\"ImageObject\",\"inLanguage\":\"pt-BR\",\"@id\":\"https:\/\/agenciainfra.com\/blog\/a-importancia-da-regulacao-da-infraestrutura-de-dados-espaciais-para-setor-de-infraestrutura\/#primaryimage\",\"url\":\"https:\/\/agenciainfra.com\/blog\/wp-content\/uploads\/2021\/04\/obra-construcao-foto-dominio-publico.jpeg\",\"contentUrl\":\"https:\/\/agenciainfra.com\/blog\/wp-content\/uploads\/2021\/04\/obra-construcao-foto-dominio-publico.jpeg\",\"width\":1280,\"height\":960},{\"@type\":\"BreadcrumbList\",\"@id\":\"https:\/\/agenciainfra.com\/blog\/a-importancia-da-regulacao-da-infraestrutura-de-dados-espaciais-para-setor-de-infraestrutura\/#breadcrumb\",\"itemListElement\":[{\"@type\":\"ListItem\",\"position\":1,\"name\":\"In\u00edcio\",\"item\":\"https:\/\/agenciainfra.com\/blog\/\"},{\"@type\":\"ListItem\",\"position\":2,\"name\":\"A import\u00e2ncia da regula\u00e7\u00e3o da infraestrutura de dados espaciais para o setor de infraestrutura\"}]},{\"@type\":\"WebSite\",\"@id\":\"https:\/\/agenciainfra.com\/blog\/#website\",\"url\":\"https:\/\/agenciainfra.com\/blog\/\",\"name\":\"Ag\u00eancia iNFRA\",\"description\":\"Multiplataforma de informa\u00e7\u00e3o jornal\u00edstica refer\u00eancia na \u00e1rea de infraestrutura no Brasil!\",\"publisher\":{\"@id\":\"https:\/\/agenciainfra.com\/blog\/#organization\"},\"potentialAction\":[{\"@type\":\"SearchAction\",\"target\":{\"@type\":\"EntryPoint\",\"urlTemplate\":\"https:\/\/agenciainfra.com\/blog\/?s={search_term_string}\"},\"query-input\":{\"@type\":\"PropertyValueSpecification\",\"valueRequired\":true,\"valueName\":\"search_term_string\"}}],\"inLanguage\":\"pt-BR\"},{\"@type\":\"Organization\",\"@id\":\"https:\/\/agenciainfra.com\/blog\/#organization\",\"name\":\"Ag\u00eancia iNFRA\",\"url\":\"https:\/\/agenciainfra.com\/blog\/\",\"logo\":{\"@type\":\"ImageObject\",\"inLanguage\":\"pt-BR\",\"@id\":\"https:\/\/agenciainfra.com\/blog\/#\/schema\/logo\/image\/\",\"url\":\"https:\/\/agenciainfra.com\/blog\/wp-content\/uploads\/2023\/09\/iNFRA_5-e1761735885940.png\",\"contentUrl\":\"https:\/\/agenciainfra.com\/blog\/wp-content\/uploads\/2023\/09\/iNFRA_5-e1761735885940.png\",\"width\":1672,\"height\":454,\"caption\":\"Ag\u00eancia iNFRA\"},\"image\":{\"@id\":\"https:\/\/agenciainfra.com\/blog\/#\/schema\/logo\/image\/\"},\"sameAs\":[\"https:\/\/www.facebook.com\/ageninfra\",\"https:\/\/x.com\/agencia_infra\",\"https:\/\/www.linkedin.com\/company\/ag\u00eanciainfra\/\",\"https:\/\/www.instagram.com\/agenciainfra\/\"]},{\"@type\":\"Person\",\"@id\":\"https:\/\/agenciainfra.com\/blog\/#\/schema\/person\/34af08dff6adea4cb22b06612ba7acfa\",\"name\":\"Ag\u00eancia iNFRA\",\"image\":{\"@type\":\"ImageObject\",\"inLanguage\":\"pt-BR\",\"@id\":\"https:\/\/agenciainfra.com\/blog\/#\/schema\/person\/image\/\",\"url\":\"https:\/\/secure.gravatar.com\/avatar\/d189e01678f06d8eb84d4e01f08eb848b3fffe3f8443818d3c356c66892f5be8?s=96&d=mm&r=g\",\"contentUrl\":\"https:\/\/secure.gravatar.com\/avatar\/d189e01678f06d8eb84d4e01f08eb848b3fffe3f8443818d3c356c66892f5be8?s=96&d=mm&r=g\",\"caption\":\"Ag\u00eancia iNFRA\"},\"url\":\"https:\/\/agenciainfra.com\/blog\/author\/admin\/\"}]}<\/script>\n<!-- \/ Yoast SEO Premium plugin. -->","yoast_head_json":{"title":"A import\u00e2ncia da regula\u00e7\u00e3o da infraestrutura de dados espaciais para o setor de infraestrutura - Ag\u00eancia iNFRA","robots":{"index":"index","follow":"follow","max-snippet":"max-snippet:-1","max-image-preview":"max-image-preview:large","max-video-preview":"max-video-preview:-1"},"canonical":"https:\/\/agenciainfra.com\/blog\/a-importancia-da-regulacao-da-infraestrutura-de-dados-espaciais-para-setor-de-infraestrutura\/","og_locale":"pt_BR","og_type":"article","og_title":"A import\u00e2ncia da regula\u00e7\u00e3o da infraestrutura de dados espaciais para o setor de infraestrutura","og_description":"Durante evento luso-brasileiro realizado neste m\u00eas pela Uerj (Universidade Estadual do Rio de Janeiro), especialistas dos dois pa\u00edses reafirmaram a import\u00e2ncia das infraestruturas de base de dados como um componente da pr\u00f3pria infraestrutura nacional. Participando da mesa redonda Modelos de Governan\u00e7a da Informa\u00e7\u00e3o Geogr\u00e1fica sobre os Territ\u00f3rios Nacionais, inserida na 10\u00aa edi\u00e7\u00e3o do Geotecnologias na [&hellip;]","og_url":"https:\/\/agenciainfra.com\/blog\/a-importancia-da-regulacao-da-infraestrutura-de-dados-espaciais-para-setor-de-infraestrutura\/","og_site_name":"Ag\u00eancia iNFRA","article_publisher":"https:\/\/www.facebook.com\/ageninfra","article_published_time":"2021-10-18T10:00:00+00:00","og_image":[{"width":1280,"height":960,"url":"https:\/\/agenciainfra.com\/blog\/wp-content\/uploads\/2021\/04\/obra-construcao-foto-dominio-publico.jpeg","type":"image\/jpeg"}],"author":"Ag\u00eancia iNFRA","twitter_card":"summary_large_image","twitter_creator":"@agencia_infra","twitter_site":"@agencia_infra","twitter_misc":{"Escrito por":"Ag\u00eancia iNFRA","Est. tempo de leitura":"3 minutos"},"schema":{"@context":"https:\/\/schema.org","@graph":[{"@type":"Article","@id":"https:\/\/agenciainfra.com\/blog\/a-importancia-da-regulacao-da-infraestrutura-de-dados-espaciais-para-setor-de-infraestrutura\/#article","isPartOf":{"@id":"https:\/\/agenciainfra.com\/blog\/a-importancia-da-regulacao-da-infraestrutura-de-dados-espaciais-para-setor-de-infraestrutura\/"},"author":{"name":"Ag\u00eancia iNFRA","@id":"https:\/\/agenciainfra.com\/blog\/#\/schema\/person\/34af08dff6adea4cb22b06612ba7acfa"},"headline":"A import\u00e2ncia da regula\u00e7\u00e3o da infraestrutura de dados espaciais para o setor de infraestrutura","datePublished":"2021-10-18T10:00:00+00:00","mainEntityOfPage":{"@id":"https:\/\/agenciainfra.com\/blog\/a-importancia-da-regulacao-da-infraestrutura-de-dados-espaciais-para-setor-de-infraestrutura\/"},"wordCount":517,"publisher":{"@id":"https:\/\/agenciainfra.com\/blog\/#organization"},"image":{"@id":"https:\/\/agenciainfra.com\/blog\/a-importancia-da-regulacao-da-infraestrutura-de-dados-espaciais-para-setor-de-infraestrutura\/#primaryimage"},"thumbnailUrl":"https:\/\/agenciainfra.com\/blog\/wp-content\/uploads\/2021\/04\/obra-construcao-foto-dominio-publico.jpeg","keywords":["geoinforma\u00e7\u00e3o","gest\u00e3o de dados","gest\u00e3o de obras","gest\u00e3o p\u00fablica","Infraestrutura","infraestrutura de dados","obras","registro nacional de dados geogr\u00e1ficos","SNIG"],"articleSection":["Geral"],"inLanguage":"pt-BR","copyrightYear":"2021","copyrightHolder":{"@id":"https:\/\/agenciainfra.com\/blog\/#organization"}},{"@type":"WebPage","@id":"https:\/\/agenciainfra.com\/blog\/a-importancia-da-regulacao-da-infraestrutura-de-dados-espaciais-para-setor-de-infraestrutura\/","url":"https:\/\/agenciainfra.com\/blog\/a-importancia-da-regulacao-da-infraestrutura-de-dados-espaciais-para-setor-de-infraestrutura\/","name":"A import\u00e2ncia da regula\u00e7\u00e3o da infraestrutura de dados espaciais para o setor de infraestrutura - Ag\u00eancia iNFRA","isPartOf":{"@id":"https:\/\/agenciainfra.com\/blog\/#website"},"primaryImageOfPage":{"@id":"https:\/\/agenciainfra.com\/blog\/a-importancia-da-regulacao-da-infraestrutura-de-dados-espaciais-para-setor-de-infraestrutura\/#primaryimage"},"image":{"@id":"https:\/\/agenciainfra.com\/blog\/a-importancia-da-regulacao-da-infraestrutura-de-dados-espaciais-para-setor-de-infraestrutura\/#primaryimage"},"thumbnailUrl":"https:\/\/agenciainfra.com\/blog\/wp-content\/uploads\/2021\/04\/obra-construcao-foto-dominio-publico.jpeg","datePublished":"2021-10-18T10:00:00+00:00","breadcrumb":{"@id":"https:\/\/agenciainfra.com\/blog\/a-importancia-da-regulacao-da-infraestrutura-de-dados-espaciais-para-setor-de-infraestrutura\/#breadcrumb"},"inLanguage":"pt-BR","potentialAction":[{"@type":"ReadAction","target":["https:\/\/agenciainfra.com\/blog\/a-importancia-da-regulacao-da-infraestrutura-de-dados-espaciais-para-setor-de-infraestrutura\/"]}]},{"@type":"ImageObject","inLanguage":"pt-BR","@id":"https:\/\/agenciainfra.com\/blog\/a-importancia-da-regulacao-da-infraestrutura-de-dados-espaciais-para-setor-de-infraestrutura\/#primaryimage","url":"https:\/\/agenciainfra.com\/blog\/wp-content\/uploads\/2021\/04\/obra-construcao-foto-dominio-publico.jpeg","contentUrl":"https:\/\/agenciainfra.com\/blog\/wp-content\/uploads\/2021\/04\/obra-construcao-foto-dominio-publico.jpeg","width":1280,"height":960},{"@type":"BreadcrumbList","@id":"https:\/\/agenciainfra.com\/blog\/a-importancia-da-regulacao-da-infraestrutura-de-dados-espaciais-para-setor-de-infraestrutura\/#breadcrumb","itemListElement":[{"@type":"ListItem","position":1,"name":"In\u00edcio","item":"https:\/\/agenciainfra.com\/blog\/"},{"@type":"ListItem","position":2,"name":"A import\u00e2ncia da regula\u00e7\u00e3o da infraestrutura de dados espaciais para o setor de infraestrutura"}]},{"@type":"WebSite","@id":"https:\/\/agenciainfra.com\/blog\/#website","url":"https:\/\/agenciainfra.com\/blog\/","name":"Ag\u00eancia iNFRA","description":"Multiplataforma de informa\u00e7\u00e3o jornal\u00edstica refer\u00eancia na \u00e1rea de infraestrutura no Brasil!","publisher":{"@id":"https:\/\/agenciainfra.com\/blog\/#organization"},"potentialAction":[{"@type":"SearchAction","target":{"@type":"EntryPoint","urlTemplate":"https:\/\/agenciainfra.com\/blog\/?s={search_term_string}"},"query-input":{"@type":"PropertyValueSpecification","valueRequired":true,"valueName":"search_term_string"}}],"inLanguage":"pt-BR"},{"@type":"Organization","@id":"https:\/\/agenciainfra.com\/blog\/#organization","name":"Ag\u00eancia iNFRA","url":"https:\/\/agenciainfra.com\/blog\/","logo":{"@type":"ImageObject","inLanguage":"pt-BR","@id":"https:\/\/agenciainfra.com\/blog\/#\/schema\/logo\/image\/","url":"https:\/\/agenciainfra.com\/blog\/wp-content\/uploads\/2023\/09\/iNFRA_5-e1761735885940.png","contentUrl":"https:\/\/agenciainfra.com\/blog\/wp-content\/uploads\/2023\/09\/iNFRA_5-e1761735885940.png","width":1672,"height":454,"caption":"Ag\u00eancia iNFRA"},"image":{"@id":"https:\/\/agenciainfra.com\/blog\/#\/schema\/logo\/image\/"},"sameAs":["https:\/\/www.facebook.com\/ageninfra","https:\/\/x.com\/agencia_infra","https:\/\/www.linkedin.com\/company\/ag\u00eanciainfra\/","https:\/\/www.instagram.com\/agenciainfra\/"]},{"@type":"Person","@id":"https:\/\/agenciainfra.com\/blog\/#\/schema\/person\/34af08dff6adea4cb22b06612ba7acfa","name":"Ag\u00eancia iNFRA","image":{"@type":"ImageObject","inLanguage":"pt-BR","@id":"https:\/\/agenciainfra.com\/blog\/#\/schema\/person\/image\/","url":"https:\/\/secure.gravatar.com\/avatar\/d189e01678f06d8eb84d4e01f08eb848b3fffe3f8443818d3c356c66892f5be8?s=96&d=mm&r=g","contentUrl":"https:\/\/secure.gravatar.com\/avatar\/d189e01678f06d8eb84d4e01f08eb848b3fffe3f8443818d3c356c66892f5be8?s=96&d=mm&r=g","caption":"Ag\u00eancia iNFRA"},"url":"https:\/\/agenciainfra.com\/blog\/author\/admin\/"}]}},"_links":{"self":[{"href":"https:\/\/agenciainfra.com\/blog\/wp-json\/wp\/v2\/posts\/8545","targetHints":{"allow":["GET"]}}],"collection":[{"href":"https:\/\/agenciainfra.com\/blog\/wp-json\/wp\/v2\/posts"}],"about":[{"href":"https:\/\/agenciainfra.com\/blog\/wp-json\/wp\/v2\/types\/post"}],"author":[{"embeddable":true,"href":"https:\/\/agenciainfra.com\/blog\/wp-json\/wp\/v2\/users\/1"}],"replies":[{"embeddable":true,"href":"https:\/\/agenciainfra.com\/blog\/wp-json\/wp\/v2\/comments?post=8545"}],"version-history":[{"count":0,"href":"https:\/\/agenciainfra.com\/blog\/wp-json\/wp\/v2\/posts\/8545\/revisions"}],"wp:featuredmedia":[{"embeddable":true,"href":"https:\/\/agenciainfra.com\/blog\/wp-json\/wp\/v2\/media\/7115"}],"wp:attachment":[{"href":"https:\/\/agenciainfra.com\/blog\/wp-json\/wp\/v2\/media?parent=8545"}],"wp:term":[{"taxonomy":"category","embeddable":true,"href":"https:\/\/agenciainfra.com\/blog\/wp-json\/wp\/v2\/categories?post=8545"},{"taxonomy":"post_tag","embeddable":true,"href":"https:\/\/agenciainfra.com\/blog\/wp-json\/wp\/v2\/tags?post=8545"}],"curies":[{"name":"wp","href":"https:\/\/api.w.org\/{rel}","templated":true}]}}