{"id":8572,"date":"2021-10-16T07:45:00","date_gmt":"2021-10-16T10:45:00","guid":{"rendered":"https:\/\/www.agenciainfra.com\/blog\/?p=8572"},"modified":"2021-10-15T20:20:38","modified_gmt":"2021-10-15T23:20:38","slug":"ministerio-garante-que-mp-tem-seguranca-juridica-e-que-pretende-autorizar-pedidos-no-prazo-de-vigencia-da-medida","status":"publish","type":"post","link":"https:\/\/agenciainfra.com\/blog\/ministerio-garante-que-mp-tem-seguranca-juridica-e-que-pretende-autorizar-pedidos-no-prazo-de-vigencia-da-medida\/","title":{"rendered":"Minist\u00e9rio garante que MP das Ferrovias tem seguran\u00e7a jur\u00eddica e pretende autorizar pedidos no prazo de vig\u00eancia da medida"},"content":{"rendered":"\n<p class=\"has-text-align-right\"><strong>Dimmi Amora, da Ag\u00eancia iNFRA<\/strong><\/p>\n\n\n\n<p>O Minist\u00e9rio da Infraestrutura garantiu que a Medida Provis\u00f3ria 1.065 traz seguran\u00e7a jur\u00eddica para as autoriza\u00e7\u00f5es ferrovi\u00e1rias do governo federal e tamb\u00e9m a projetos dos governos locais e que pretende emitir autoriza\u00e7\u00f5es para os pedidos que foram feitos por empresas ap\u00f3s a edi\u00e7\u00e3o da MP.<\/p>\n\n\n\n<p>\u201cOs atuais pedidos j\u00e1 est\u00e3o sendo analisados \u00e0 luz da pr\u00f3pria medida provis\u00f3ria, que por si s\u00f3 contempla todo o arcabou\u00e7o legal para a referida tramita\u00e7\u00e3o, e dos normativos gerais internos do Minist\u00e9rio da Infraestrutura e da ANTT, que disciplinam as compet\u00eancias gerais da Secretaria Nacional de Transportes Terrestres e da Superintend\u00eancia de Transportes Ferrovi\u00e1rios\u201d, respondeu a pasta.&nbsp;<\/p>\n\n\n\n<p>Sobre o risco de emitir as autoriza\u00e7\u00f5es e a medida provis\u00f3ria n\u00e3o ser ratificada pelo Parlamento, a pasta informou que o pa\u00eds tem \u201cum profundo hist\u00f3rico de respeito a contratos no setor de infraestrutura\u201d e que \u201cnos raros epis\u00f3dios em que novos marcos n\u00e3o foram aprovados pelo Congresso, os contratos firmados durante a vig\u00eancia de medidas provis\u00f3rias foram considerados atos jur\u00eddicos perfeitos\u201d, citando os Centros Log\u00edsticos Industriais Aduaneiros e as Medidas Provis\u00f3rias 320\/2006 e 612\/2013.&nbsp;<\/p>\n\n\n\n<p>O minist\u00e9rio classificou como \u201cinfundada e leviana\u201d acusa\u00e7\u00f5es de atropelo na edi\u00e7\u00e3o da medida por causa da necessidade do ministro Tarc\u00edsio de Freitas de apresentar projetos em raz\u00e3o de uma poss\u00edvel candidatura em 2022.&nbsp;<\/p>\n\n\n\n<p>\u201cS\u00e3o projetos que v\u00e3o se materializar no longo prazo, para al\u00e9m do mandato atual, com evidentes benef\u00edcios ao pa\u00eds. A presente Administra\u00e7\u00e3o P\u00fablica Federal encara infraestrutura como quest\u00e3o de Estado, n\u00e3o de uma ou outra gest\u00e3o\u201d, informa o texto, lembrando que a MP se baseia no PLS 261, que ficou em tramita\u00e7\u00e3o por mais de tr\u00eas anos no Senado. \u201cO governo percebeu a necessidade de viabilizar os investimentos e avan\u00e7ar com a estrat\u00e9gia de reequil\u00edbrio da matriz de forma mais c\u00e9lere.\u201d<\/p>\n\n\n\n<p>Em rela\u00e7\u00e3o \u00e0s cr\u00edticas sobre a falta de transpar\u00eancia, a pasta informou que foi criado um <a rel=\"noreferrer noopener\" href=\"https:\/\/www.gov.br\/infraestrutura\/pt-br\/assuntos\/transporte-terrestre\/programa-de-autorizacoes-ferroviarias\" data-type=\"URL\" data-id=\"https:\/\/www.gov.br\/infraestrutura\/pt-br\/assuntos\/transporte-terrestre\/programa-de-autorizacoes-ferroviarias\" target=\"_blank\">hotsite<\/a> para agregar todas as informa\u00e7\u00f5es n\u00e3o sigilosas sobre os projetos protocolados junto \u00e0 pasta. Alega que parte das informa\u00e7\u00f5es s\u00e3o sigilosas.<\/p>\n\n\n\n<p>\u201cA \u00edntegra dos processos tem, por ora, car\u00e1ter sigiloso, em raz\u00e3o de as propostas serem de iniciativa de entes privados, e n\u00e3o do Estado, que deve respeitar e preservar as informa\u00e7\u00f5es, dada a sua relev\u00e2ncia econ\u00f4mica e devido \u00e0 natural disputa entre empresas concorrentes que atuam no mercado\u201d, explica o texto, lembrando que os projetos autorizados ficar\u00e3o submetidos \u00e0 fiscaliza\u00e7\u00e3o\/acompanhamento dos \u00f3rg\u00e3os de controle externo.<\/p>\n\n\n\n<p>Sobre a capacidade das empresas que pedirem de implementarem os projetos, o minist\u00e9rio informou que o texto da medida provis\u00f3ria j\u00e1 prev\u00ea instrumentos para garantir a aplica\u00e7\u00e3o dos investimentos previstos e que resguardam o Poder P\u00fablico, caso o investimento n\u00e3o seja realizado. Citou que h\u00e1 exig\u00eancias ao proponente como \u201cobrigatoriedade de apresenta\u00e7\u00e3o de certid\u00f5es de regularidade fiscal\u201d e que o risco ser\u00e1 totalmente do privado, \u201csem direito a reequil\u00edbrio econ\u00f4mico-financeiro\u201d.<\/p>\n\n\n\n<p>Em rela\u00e7\u00e3o \u00e0 regulamenta\u00e7\u00e3o da proposta e \u00e0s discuss\u00f5es com a ANTT, o minist\u00e9rio disse que a ag\u00eancia e outros \u00f3rg\u00e3os ligados ao minist\u00e9rio e em outras pastas foram ouvidos durante o processo de produ\u00e7\u00e3o da medida provis\u00f3ria. Diz ainda que normativos \u201cvir\u00e3o para esclarecer quest\u00f5es simples de compet\u00eancias, prazos de tramita\u00e7\u00e3o, recursos, formatos e padr\u00f5es de documenta\u00e7\u00e3o, por exemplo\u201d e que as regras do Decreto 10.441 n\u00e3o s\u00e3o incompat\u00edveis com a emiss\u00e3o das autoriza\u00e7\u00f5es no prazo de vig\u00eancia da MP.&nbsp;<\/p>\n\n\n\n<p><strong>Pedidos n\u00e3o chegaram \u00e0 ANTT<\/strong><\/p>\n\n\n\n<p>Em resposta a perguntas da <strong>Ag\u00eancia iNFRA<\/strong>, a ANTT informou que \u201cparticipou de v\u00e1rias reuni\u00f5es sobre o tema da MP 1.065, coordenadas pelo Minfra, e com participa\u00e7\u00e3o da Valec e DNIT\u201d.<\/p>\n\n\n\n<p>Segundo a ag\u00eancia, as regras para recepcionar e fazer a tramita\u00e7\u00e3o dos pedidos de autoriza\u00e7\u00e3o na ag\u00eancia est\u00e3o previstas \u201cno artigo 7\u00ba, par\u00e1grafo 3\u00ba, da pr\u00f3pria medida provis\u00f3ria, que tem for\u00e7a de lei a partir do momento de sua edi\u00e7\u00e3o\u201d.<\/p>\n\n\n\n<p>Perguntada sobre como ser\u00e1 feita a an\u00e1lise de compatibilidade locacional dos pedidos encaminhados ao Minfra por parte da ANTT, prevista no artigo 7\u00ba da MP, e os chamamentos p\u00fablicos, a ag\u00eancia respondeu que \u201cest\u00e1 em permanente di\u00e1logo com o Minfra e aguarda a regulamenta\u00e7\u00e3o das normas infralegais sobre o tema, que ser\u00e3o editadas pelo minist\u00e9rio\u201d.<\/p>\n\n\n\n<p>Na semana passada, todos os 19 pedidos feitos at\u00e9 ent\u00e3o foram encaminhados para a ag\u00eancia, antes da edi\u00e7\u00e3o da Portaria 131.<\/p>\n","protected":false},"excerpt":{"rendered":"<p>Dimmi Amora, da Ag\u00eancia iNFRA O Minist\u00e9rio da Infraestrutura garantiu que a Medida Provis\u00f3ria 1.065 traz seguran\u00e7a jur\u00eddica para as autoriza\u00e7\u00f5es ferrovi\u00e1rias do governo federal e tamb\u00e9m a projetos dos governos locais e que pretende emitir autoriza\u00e7\u00f5es para os pedidos que foram feitos por empresas ap\u00f3s a edi\u00e7\u00e3o da MP. \u201cOs atuais pedidos j\u00e1 est\u00e3o [&hellip;]<\/p>\n","protected":false},"author":9,"featured_media":8584,"comment_status":"closed","ping_status":"closed","sticky":false,"template":"","format":"standard","meta":{"_monsterinsights_skip_tracking":false,"_monsterinsights_sitenote_active":false,"_monsterinsights_sitenote_note":"","_monsterinsights_sitenote_category":0,"footnotes":""},"categories":[1,7],"tags":[19,4651,328,120,775,4970,3622,1035,2449,448,160],"class_list":["post-8572","post","type-post","status-publish","format-standard","has-post-thumbnail","hentry","category-geral","category-infratransporte","tag-antt","tag-autorizacoes-ferroviarias","tag-dnit","tag-ferrovias","tag-ministerio-da-infraestrutura","tag-mp-1-065","tag-novo-marco-legal-das-ferrovias","tag-pls-261-2018","tag-seguranca-juridica","tag-tarcisio-de-freitas","tag-valec"],"yoast_head":"<!-- This site is optimized with the Yoast SEO Premium plugin v25.4 (Yoast SEO v26.0) - https:\/\/yoast.com\/wordpress\/plugins\/seo\/ -->\n<title>Minist\u00e9rio garante que MP das Ferrovias tem seguran\u00e7a jur\u00eddica e pretende autorizar pedidos no prazo de vig\u00eancia da medida - Ag\u00eancia iNFRA<\/title>\n<meta name=\"robots\" content=\"index, follow, max-snippet:-1, max-image-preview:large, max-video-preview:-1\" \/>\n<link rel=\"canonical\" href=\"https:\/\/agenciainfra.com\/blog\/ministerio-garante-que-mp-tem-seguranca-juridica-e-que-pretende-autorizar-pedidos-no-prazo-de-vigencia-da-medida\/\" \/>\n<meta property=\"og:locale\" content=\"pt_BR\" \/>\n<meta property=\"og:type\" content=\"article\" \/>\n<meta property=\"og:title\" content=\"Minist\u00e9rio garante que MP das Ferrovias tem seguran\u00e7a jur\u00eddica e pretende autorizar pedidos no prazo de vig\u00eancia da medida\" \/>\n<meta property=\"og:description\" content=\"Dimmi Amora, da Ag\u00eancia iNFRA O Minist\u00e9rio da Infraestrutura garantiu que a Medida Provis\u00f3ria 1.065 traz seguran\u00e7a jur\u00eddica para as autoriza\u00e7\u00f5es ferrovi\u00e1rias do governo federal e tamb\u00e9m a projetos dos governos locais e que pretende emitir autoriza\u00e7\u00f5es para os pedidos que foram feitos por empresas ap\u00f3s a edi\u00e7\u00e3o da MP. \u201cOs atuais pedidos j\u00e1 est\u00e3o [&hellip;]\" \/>\n<meta property=\"og:url\" content=\"https:\/\/agenciainfra.com\/blog\/ministerio-garante-que-mp-tem-seguranca-juridica-e-que-pretende-autorizar-pedidos-no-prazo-de-vigencia-da-medida\/\" \/>\n<meta property=\"og:site_name\" content=\"Ag\u00eancia iNFRA\" \/>\n<meta property=\"article:publisher\" content=\"https:\/\/www.facebook.com\/ageninfra\" \/>\n<meta property=\"article:published_time\" content=\"2021-10-16T10:45:00+00:00\" \/>\n<meta property=\"og:image\" content=\"https:\/\/agenciainfra.com\/blog\/wp-content\/uploads\/2021\/10\/tarcisio-de-freitas-foto-ricardo-botelho-ministerio-da-infraestrutura.jpeg\" \/>\n\t<meta property=\"og:image:width\" content=\"1280\" \/>\n\t<meta property=\"og:image:height\" content=\"854\" \/>\n\t<meta property=\"og:image:type\" content=\"image\/jpeg\" \/>\n<meta name=\"author\" content=\"Rodrigo Zuquim\" \/>\n<meta name=\"twitter:card\" content=\"summary_large_image\" \/>\n<meta name=\"twitter:creator\" content=\"@agencia_infra\" \/>\n<meta name=\"twitter:site\" content=\"@agencia_infra\" \/>\n<meta name=\"twitter:label1\" content=\"Escrito por\" \/>\n\t<meta name=\"twitter:data1\" content=\"Rodrigo Zuquim\" \/>\n\t<meta name=\"twitter:label2\" content=\"Est. tempo de leitura\" \/>\n\t<meta name=\"twitter:data2\" content=\"4 minutos\" \/>\n<script type=\"application\/ld+json\" class=\"yoast-schema-graph\">{\"@context\":\"https:\/\/schema.org\",\"@graph\":[{\"@type\":\"Article\",\"@id\":\"https:\/\/agenciainfra.com\/blog\/ministerio-garante-que-mp-tem-seguranca-juridica-e-que-pretende-autorizar-pedidos-no-prazo-de-vigencia-da-medida\/#article\",\"isPartOf\":{\"@id\":\"https:\/\/agenciainfra.com\/blog\/ministerio-garante-que-mp-tem-seguranca-juridica-e-que-pretende-autorizar-pedidos-no-prazo-de-vigencia-da-medida\/\"},\"author\":{\"name\":\"Rodrigo Zuquim\",\"@id\":\"https:\/\/agenciainfra.com\/blog\/#\/schema\/person\/04dbb79bd6d8951f063da71f3e4c1eb1\"},\"headline\":\"Minist\u00e9rio garante que MP das Ferrovias tem seguran\u00e7a jur\u00eddica e pretende autorizar pedidos no prazo de vig\u00eancia da medida\",\"datePublished\":\"2021-10-16T10:45:00+00:00\",\"mainEntityOfPage\":{\"@id\":\"https:\/\/agenciainfra.com\/blog\/ministerio-garante-que-mp-tem-seguranca-juridica-e-que-pretende-autorizar-pedidos-no-prazo-de-vigencia-da-medida\/\"},\"wordCount\":840,\"publisher\":{\"@id\":\"https:\/\/agenciainfra.com\/blog\/#organization\"},\"image\":{\"@id\":\"https:\/\/agenciainfra.com\/blog\/ministerio-garante-que-mp-tem-seguranca-juridica-e-que-pretende-autorizar-pedidos-no-prazo-de-vigencia-da-medida\/#primaryimage\"},\"thumbnailUrl\":\"https:\/\/agenciainfra.com\/blog\/wp-content\/uploads\/2021\/10\/tarcisio-de-freitas-foto-ricardo-botelho-ministerio-da-infraestrutura.jpeg\",\"keywords\":[\"ANTT\",\"autoriza\u00e7\u00f5es ferrovi\u00e1rias\",\"DNIT\",\"Ferrovias\",\"Minist\u00e9rio da Infraestrutura\",\"MP 1.065\",\"Novo Marco Legal das Ferrovias\",\"PLS 261\/2018\",\"seguran\u00e7a jur\u00eddica\",\"Tarc\u00edsio de Freitas\",\"Valec\"],\"articleSection\":[\"Geral\",\"iNFRATransporte\"],\"inLanguage\":\"pt-BR\",\"copyrightYear\":\"2021\",\"copyrightHolder\":{\"@id\":\"https:\/\/agenciainfra.com\/blog\/#organization\"}},{\"@type\":\"WebPage\",\"@id\":\"https:\/\/agenciainfra.com\/blog\/ministerio-garante-que-mp-tem-seguranca-juridica-e-que-pretende-autorizar-pedidos-no-prazo-de-vigencia-da-medida\/\",\"url\":\"https:\/\/agenciainfra.com\/blog\/ministerio-garante-que-mp-tem-seguranca-juridica-e-que-pretende-autorizar-pedidos-no-prazo-de-vigencia-da-medida\/\",\"name\":\"Minist\u00e9rio garante que MP das Ferrovias tem seguran\u00e7a jur\u00eddica e pretende autorizar pedidos no prazo de vig\u00eancia da medida - Ag\u00eancia iNFRA\",\"isPartOf\":{\"@id\":\"https:\/\/agenciainfra.com\/blog\/#website\"},\"primaryImageOfPage\":{\"@id\":\"https:\/\/agenciainfra.com\/blog\/ministerio-garante-que-mp-tem-seguranca-juridica-e-que-pretende-autorizar-pedidos-no-prazo-de-vigencia-da-medida\/#primaryimage\"},\"image\":{\"@id\":\"https:\/\/agenciainfra.com\/blog\/ministerio-garante-que-mp-tem-seguranca-juridica-e-que-pretende-autorizar-pedidos-no-prazo-de-vigencia-da-medida\/#primaryimage\"},\"thumbnailUrl\":\"https:\/\/agenciainfra.com\/blog\/wp-content\/uploads\/2021\/10\/tarcisio-de-freitas-foto-ricardo-botelho-ministerio-da-infraestrutura.jpeg\",\"datePublished\":\"2021-10-16T10:45:00+00:00\",\"breadcrumb\":{\"@id\":\"https:\/\/agenciainfra.com\/blog\/ministerio-garante-que-mp-tem-seguranca-juridica-e-que-pretende-autorizar-pedidos-no-prazo-de-vigencia-da-medida\/#breadcrumb\"},\"inLanguage\":\"pt-BR\",\"potentialAction\":[{\"@type\":\"ReadAction\",\"target\":[\"https:\/\/agenciainfra.com\/blog\/ministerio-garante-que-mp-tem-seguranca-juridica-e-que-pretende-autorizar-pedidos-no-prazo-de-vigencia-da-medida\/\"]}]},{\"@type\":\"ImageObject\",\"inLanguage\":\"pt-BR\",\"@id\":\"https:\/\/agenciainfra.com\/blog\/ministerio-garante-que-mp-tem-seguranca-juridica-e-que-pretende-autorizar-pedidos-no-prazo-de-vigencia-da-medida\/#primaryimage\",\"url\":\"https:\/\/agenciainfra.com\/blog\/wp-content\/uploads\/2021\/10\/tarcisio-de-freitas-foto-ricardo-botelho-ministerio-da-infraestrutura.jpeg\",\"contentUrl\":\"https:\/\/agenciainfra.com\/blog\/wp-content\/uploads\/2021\/10\/tarcisio-de-freitas-foto-ricardo-botelho-ministerio-da-infraestrutura.jpeg\",\"width\":1280,\"height\":854},{\"@type\":\"BreadcrumbList\",\"@id\":\"https:\/\/agenciainfra.com\/blog\/ministerio-garante-que-mp-tem-seguranca-juridica-e-que-pretende-autorizar-pedidos-no-prazo-de-vigencia-da-medida\/#breadcrumb\",\"itemListElement\":[{\"@type\":\"ListItem\",\"position\":1,\"name\":\"In\u00edcio\",\"item\":\"https:\/\/agenciainfra.com\/blog\/\"},{\"@type\":\"ListItem\",\"position\":2,\"name\":\"Minist\u00e9rio garante que MP das Ferrovias tem seguran\u00e7a jur\u00eddica e pretende autorizar pedidos no prazo de vig\u00eancia da medida\"}]},{\"@type\":\"WebSite\",\"@id\":\"https:\/\/agenciainfra.com\/blog\/#website\",\"url\":\"https:\/\/agenciainfra.com\/blog\/\",\"name\":\"Ag\u00eancia iNFRA\",\"description\":\"Multiplataforma de informa\u00e7\u00e3o jornal\u00edstica refer\u00eancia na \u00e1rea de infraestrutura no Brasil!\",\"publisher\":{\"@id\":\"https:\/\/agenciainfra.com\/blog\/#organization\"},\"potentialAction\":[{\"@type\":\"SearchAction\",\"target\":{\"@type\":\"EntryPoint\",\"urlTemplate\":\"https:\/\/agenciainfra.com\/blog\/?s={search_term_string}\"},\"query-input\":{\"@type\":\"PropertyValueSpecification\",\"valueRequired\":true,\"valueName\":\"search_term_string\"}}],\"inLanguage\":\"pt-BR\"},{\"@type\":\"Organization\",\"@id\":\"https:\/\/agenciainfra.com\/blog\/#organization\",\"name\":\"Ag\u00eancia iNFRA\",\"url\":\"https:\/\/agenciainfra.com\/blog\/\",\"logo\":{\"@type\":\"ImageObject\",\"inLanguage\":\"pt-BR\",\"@id\":\"https:\/\/agenciainfra.com\/blog\/#\/schema\/logo\/image\/\",\"url\":\"https:\/\/agenciainfra.com\/blog\/wp-content\/uploads\/2023\/09\/iNFRA_5-e1761735885940.png\",\"contentUrl\":\"https:\/\/agenciainfra.com\/blog\/wp-content\/uploads\/2023\/09\/iNFRA_5-e1761735885940.png\",\"width\":1672,\"height\":454,\"caption\":\"Ag\u00eancia iNFRA\"},\"image\":{\"@id\":\"https:\/\/agenciainfra.com\/blog\/#\/schema\/logo\/image\/\"},\"sameAs\":[\"https:\/\/www.facebook.com\/ageninfra\",\"https:\/\/x.com\/agencia_infra\",\"https:\/\/www.linkedin.com\/company\/ag\u00eanciainfra\/\",\"https:\/\/www.instagram.com\/agenciainfra\/\"]},{\"@type\":\"Person\",\"@id\":\"https:\/\/agenciainfra.com\/blog\/#\/schema\/person\/04dbb79bd6d8951f063da71f3e4c1eb1\",\"name\":\"Rodrigo Zuquim\",\"image\":{\"@type\":\"ImageObject\",\"inLanguage\":\"pt-BR\",\"@id\":\"https:\/\/agenciainfra.com\/blog\/#\/schema\/person\/image\/\",\"url\":\"https:\/\/secure.gravatar.com\/avatar\/594abfe82761d620726242ff34ca472a705a4b97f16c790053a6b4c4035274d0?s=96&d=mm&r=g\",\"contentUrl\":\"https:\/\/secure.gravatar.com\/avatar\/594abfe82761d620726242ff34ca472a705a4b97f16c790053a6b4c4035274d0?s=96&d=mm&r=g\",\"caption\":\"Rodrigo Zuquim\"},\"url\":\"https:\/\/agenciainfra.com\/blog\/author\/rodrigo-zuquim\/\"}]}<\/script>\n<!-- \/ Yoast SEO Premium plugin. -->","yoast_head_json":{"title":"Minist\u00e9rio garante que MP das Ferrovias tem seguran\u00e7a jur\u00eddica e pretende autorizar pedidos no prazo de vig\u00eancia da medida - Ag\u00eancia iNFRA","robots":{"index":"index","follow":"follow","max-snippet":"max-snippet:-1","max-image-preview":"max-image-preview:large","max-video-preview":"max-video-preview:-1"},"canonical":"https:\/\/agenciainfra.com\/blog\/ministerio-garante-que-mp-tem-seguranca-juridica-e-que-pretende-autorizar-pedidos-no-prazo-de-vigencia-da-medida\/","og_locale":"pt_BR","og_type":"article","og_title":"Minist\u00e9rio garante que MP das Ferrovias tem seguran\u00e7a jur\u00eddica e pretende autorizar pedidos no prazo de vig\u00eancia da medida","og_description":"Dimmi Amora, da Ag\u00eancia iNFRA O Minist\u00e9rio da Infraestrutura garantiu que a Medida Provis\u00f3ria 1.065 traz seguran\u00e7a jur\u00eddica para as autoriza\u00e7\u00f5es ferrovi\u00e1rias do governo federal e tamb\u00e9m a projetos dos governos locais e que pretende emitir autoriza\u00e7\u00f5es para os pedidos que foram feitos por empresas ap\u00f3s a edi\u00e7\u00e3o da MP. \u201cOs atuais pedidos j\u00e1 est\u00e3o [&hellip;]","og_url":"https:\/\/agenciainfra.com\/blog\/ministerio-garante-que-mp-tem-seguranca-juridica-e-que-pretende-autorizar-pedidos-no-prazo-de-vigencia-da-medida\/","og_site_name":"Ag\u00eancia iNFRA","article_publisher":"https:\/\/www.facebook.com\/ageninfra","article_published_time":"2021-10-16T10:45:00+00:00","og_image":[{"width":1280,"height":854,"url":"https:\/\/agenciainfra.com\/blog\/wp-content\/uploads\/2021\/10\/tarcisio-de-freitas-foto-ricardo-botelho-ministerio-da-infraestrutura.jpeg","type":"image\/jpeg"}],"author":"Rodrigo Zuquim","twitter_card":"summary_large_image","twitter_creator":"@agencia_infra","twitter_site":"@agencia_infra","twitter_misc":{"Escrito por":"Rodrigo Zuquim","Est. tempo de leitura":"4 minutos"},"schema":{"@context":"https:\/\/schema.org","@graph":[{"@type":"Article","@id":"https:\/\/agenciainfra.com\/blog\/ministerio-garante-que-mp-tem-seguranca-juridica-e-que-pretende-autorizar-pedidos-no-prazo-de-vigencia-da-medida\/#article","isPartOf":{"@id":"https:\/\/agenciainfra.com\/blog\/ministerio-garante-que-mp-tem-seguranca-juridica-e-que-pretende-autorizar-pedidos-no-prazo-de-vigencia-da-medida\/"},"author":{"name":"Rodrigo Zuquim","@id":"https:\/\/agenciainfra.com\/blog\/#\/schema\/person\/04dbb79bd6d8951f063da71f3e4c1eb1"},"headline":"Minist\u00e9rio garante que MP das Ferrovias tem seguran\u00e7a jur\u00eddica e pretende autorizar pedidos no prazo de vig\u00eancia da medida","datePublished":"2021-10-16T10:45:00+00:00","mainEntityOfPage":{"@id":"https:\/\/agenciainfra.com\/blog\/ministerio-garante-que-mp-tem-seguranca-juridica-e-que-pretende-autorizar-pedidos-no-prazo-de-vigencia-da-medida\/"},"wordCount":840,"publisher":{"@id":"https:\/\/agenciainfra.com\/blog\/#organization"},"image":{"@id":"https:\/\/agenciainfra.com\/blog\/ministerio-garante-que-mp-tem-seguranca-juridica-e-que-pretende-autorizar-pedidos-no-prazo-de-vigencia-da-medida\/#primaryimage"},"thumbnailUrl":"https:\/\/agenciainfra.com\/blog\/wp-content\/uploads\/2021\/10\/tarcisio-de-freitas-foto-ricardo-botelho-ministerio-da-infraestrutura.jpeg","keywords":["ANTT","autoriza\u00e7\u00f5es ferrovi\u00e1rias","DNIT","Ferrovias","Minist\u00e9rio da Infraestrutura","MP 1.065","Novo Marco Legal das Ferrovias","PLS 261\/2018","seguran\u00e7a jur\u00eddica","Tarc\u00edsio de Freitas","Valec"],"articleSection":["Geral","iNFRATransporte"],"inLanguage":"pt-BR","copyrightYear":"2021","copyrightHolder":{"@id":"https:\/\/agenciainfra.com\/blog\/#organization"}},{"@type":"WebPage","@id":"https:\/\/agenciainfra.com\/blog\/ministerio-garante-que-mp-tem-seguranca-juridica-e-que-pretende-autorizar-pedidos-no-prazo-de-vigencia-da-medida\/","url":"https:\/\/agenciainfra.com\/blog\/ministerio-garante-que-mp-tem-seguranca-juridica-e-que-pretende-autorizar-pedidos-no-prazo-de-vigencia-da-medida\/","name":"Minist\u00e9rio garante que MP das Ferrovias tem seguran\u00e7a jur\u00eddica e pretende autorizar pedidos no prazo de vig\u00eancia da medida - Ag\u00eancia iNFRA","isPartOf":{"@id":"https:\/\/agenciainfra.com\/blog\/#website"},"primaryImageOfPage":{"@id":"https:\/\/agenciainfra.com\/blog\/ministerio-garante-que-mp-tem-seguranca-juridica-e-que-pretende-autorizar-pedidos-no-prazo-de-vigencia-da-medida\/#primaryimage"},"image":{"@id":"https:\/\/agenciainfra.com\/blog\/ministerio-garante-que-mp-tem-seguranca-juridica-e-que-pretende-autorizar-pedidos-no-prazo-de-vigencia-da-medida\/#primaryimage"},"thumbnailUrl":"https:\/\/agenciainfra.com\/blog\/wp-content\/uploads\/2021\/10\/tarcisio-de-freitas-foto-ricardo-botelho-ministerio-da-infraestrutura.jpeg","datePublished":"2021-10-16T10:45:00+00:00","breadcrumb":{"@id":"https:\/\/agenciainfra.com\/blog\/ministerio-garante-que-mp-tem-seguranca-juridica-e-que-pretende-autorizar-pedidos-no-prazo-de-vigencia-da-medida\/#breadcrumb"},"inLanguage":"pt-BR","potentialAction":[{"@type":"ReadAction","target":["https:\/\/agenciainfra.com\/blog\/ministerio-garante-que-mp-tem-seguranca-juridica-e-que-pretende-autorizar-pedidos-no-prazo-de-vigencia-da-medida\/"]}]},{"@type":"ImageObject","inLanguage":"pt-BR","@id":"https:\/\/agenciainfra.com\/blog\/ministerio-garante-que-mp-tem-seguranca-juridica-e-que-pretende-autorizar-pedidos-no-prazo-de-vigencia-da-medida\/#primaryimage","url":"https:\/\/agenciainfra.com\/blog\/wp-content\/uploads\/2021\/10\/tarcisio-de-freitas-foto-ricardo-botelho-ministerio-da-infraestrutura.jpeg","contentUrl":"https:\/\/agenciainfra.com\/blog\/wp-content\/uploads\/2021\/10\/tarcisio-de-freitas-foto-ricardo-botelho-ministerio-da-infraestrutura.jpeg","width":1280,"height":854},{"@type":"BreadcrumbList","@id":"https:\/\/agenciainfra.com\/blog\/ministerio-garante-que-mp-tem-seguranca-juridica-e-que-pretende-autorizar-pedidos-no-prazo-de-vigencia-da-medida\/#breadcrumb","itemListElement":[{"@type":"ListItem","position":1,"name":"In\u00edcio","item":"https:\/\/agenciainfra.com\/blog\/"},{"@type":"ListItem","position":2,"name":"Minist\u00e9rio garante que MP das Ferrovias tem seguran\u00e7a jur\u00eddica e pretende autorizar pedidos no prazo de vig\u00eancia da medida"}]},{"@type":"WebSite","@id":"https:\/\/agenciainfra.com\/blog\/#website","url":"https:\/\/agenciainfra.com\/blog\/","name":"Ag\u00eancia iNFRA","description":"Multiplataforma de informa\u00e7\u00e3o jornal\u00edstica refer\u00eancia na \u00e1rea de infraestrutura no Brasil!","publisher":{"@id":"https:\/\/agenciainfra.com\/blog\/#organization"},"potentialAction":[{"@type":"SearchAction","target":{"@type":"EntryPoint","urlTemplate":"https:\/\/agenciainfra.com\/blog\/?s={search_term_string}"},"query-input":{"@type":"PropertyValueSpecification","valueRequired":true,"valueName":"search_term_string"}}],"inLanguage":"pt-BR"},{"@type":"Organization","@id":"https:\/\/agenciainfra.com\/blog\/#organization","name":"Ag\u00eancia iNFRA","url":"https:\/\/agenciainfra.com\/blog\/","logo":{"@type":"ImageObject","inLanguage":"pt-BR","@id":"https:\/\/agenciainfra.com\/blog\/#\/schema\/logo\/image\/","url":"https:\/\/agenciainfra.com\/blog\/wp-content\/uploads\/2023\/09\/iNFRA_5-e1761735885940.png","contentUrl":"https:\/\/agenciainfra.com\/blog\/wp-content\/uploads\/2023\/09\/iNFRA_5-e1761735885940.png","width":1672,"height":454,"caption":"Ag\u00eancia iNFRA"},"image":{"@id":"https:\/\/agenciainfra.com\/blog\/#\/schema\/logo\/image\/"},"sameAs":["https:\/\/www.facebook.com\/ageninfra","https:\/\/x.com\/agencia_infra","https:\/\/www.linkedin.com\/company\/ag\u00eanciainfra\/","https:\/\/www.instagram.com\/agenciainfra\/"]},{"@type":"Person","@id":"https:\/\/agenciainfra.com\/blog\/#\/schema\/person\/04dbb79bd6d8951f063da71f3e4c1eb1","name":"Rodrigo Zuquim","image":{"@type":"ImageObject","inLanguage":"pt-BR","@id":"https:\/\/agenciainfra.com\/blog\/#\/schema\/person\/image\/","url":"https:\/\/secure.gravatar.com\/avatar\/594abfe82761d620726242ff34ca472a705a4b97f16c790053a6b4c4035274d0?s=96&d=mm&r=g","contentUrl":"https:\/\/secure.gravatar.com\/avatar\/594abfe82761d620726242ff34ca472a705a4b97f16c790053a6b4c4035274d0?s=96&d=mm&r=g","caption":"Rodrigo Zuquim"},"url":"https:\/\/agenciainfra.com\/blog\/author\/rodrigo-zuquim\/"}]}},"_links":{"self":[{"href":"https:\/\/agenciainfra.com\/blog\/wp-json\/wp\/v2\/posts\/8572","targetHints":{"allow":["GET"]}}],"collection":[{"href":"https:\/\/agenciainfra.com\/blog\/wp-json\/wp\/v2\/posts"}],"about":[{"href":"https:\/\/agenciainfra.com\/blog\/wp-json\/wp\/v2\/types\/post"}],"author":[{"embeddable":true,"href":"https:\/\/agenciainfra.com\/blog\/wp-json\/wp\/v2\/users\/9"}],"replies":[{"embeddable":true,"href":"https:\/\/agenciainfra.com\/blog\/wp-json\/wp\/v2\/comments?post=8572"}],"version-history":[{"count":0,"href":"https:\/\/agenciainfra.com\/blog\/wp-json\/wp\/v2\/posts\/8572\/revisions"}],"wp:featuredmedia":[{"embeddable":true,"href":"https:\/\/agenciainfra.com\/blog\/wp-json\/wp\/v2\/media\/8584"}],"wp:attachment":[{"href":"https:\/\/agenciainfra.com\/blog\/wp-json\/wp\/v2\/media?parent=8572"}],"wp:term":[{"taxonomy":"category","embeddable":true,"href":"https:\/\/agenciainfra.com\/blog\/wp-json\/wp\/v2\/categories?post=8572"},{"taxonomy":"post_tag","embeddable":true,"href":"https:\/\/agenciainfra.com\/blog\/wp-json\/wp\/v2\/tags?post=8572"}],"curies":[{"name":"wp","href":"https:\/\/api.w.org\/{rel}","templated":true}]}}