{"id":8593,"date":"2021-10-18T14:00:00","date_gmt":"2021-10-18T17:00:00","guid":{"rendered":"https:\/\/www.agenciainfra.com\/blog\/?p=8593"},"modified":"2021-10-18T11:15:53","modified_gmt":"2021-10-18T14:15:53","slug":"summit-portos-5-0-secretario-de-portos-e-diretor-geral-da-antaq-sao-palestrantes","status":"publish","type":"post","link":"https:\/\/agenciainfra.com\/blog\/summit-portos-5-0-secretario-de-portos-e-diretor-geral-da-antaq-sao-palestrantes\/","title":{"rendered":"Summit Portos 5.0: Secret\u00e1rio de portos e diretor-geral da ANTAQ s\u00e3o palestrantes"},"content":{"rendered":"\n<p class=\"has-text-align-right\"><strong>da Ag\u00eancia iNFRA<\/strong><\/p>\n\n\n\n<p>O secret\u00e1rio da SNPTA (Secretaria Nacional de Portos e Transportes Aquavi\u00e1rios), Diogo Piloni, e o diretor-geral da ANTAQ (Ag\u00eancia Nacional de Transportes Aquavi\u00e1rios), Eduardo Nery, s\u00e3o presen\u00e7as confirmadas no &#8220;Summit Portos 5.0: nova agenda de integra\u00e7\u00e3o log\u00edstica do s\u00e9culo 21&#8221;.<\/p>\n\n\n\n<p>O evento ocorre nesta quinta-feira (21), das 13h \u00e0s 18h, no audit\u00f3rio do B Hotel, em Bras\u00edlia (DF).&nbsp;Ele&nbsp;tamb\u00e9m poder\u00e1 ser acompanhado online. Inscri\u00e7\u00f5es gratuitas&nbsp;<a href=\"https:\/\/agenciainfra.us14.list-manage.com\/track\/click?u=d460dd1bcf9ba0ae040e1fc0f&amp;id=8455e64301&amp;e=3cd2fde004\" target=\"_blank\" rel=\"noreferrer noopener\">neste link<\/a>.<\/p>\n\n\n\n<p>Na mesa de abertura, estar\u00e3o presentes o senador Wellington Fagundes (PL-MT) e os deputados Julio Lopes (PP-RJ) e Carlos Chiodini (MDB-SC), presidente da Comiss\u00e3o de Via\u00e7\u00e3o e Transportes da C\u00e2mara. O ministro da Infraestrutura, Tarc\u00edsio de Freitas, vai se pronunciar por v\u00eddeo.<\/p>\n\n\n\n<p>A iniciativa contar\u00e1 com a presen\u00e7a de diversos profissionais da \u00e1rea para debater os temas pertinentes ao setor, em quatro pain\u00e9is e duas palestras. Os nomes dos convidados para cada uma das mesas ser\u00e1 divulgado pela&nbsp;<strong>Ag\u00eancia iNFRA<\/strong>&nbsp;ao longo da semana.<\/p>\n\n\n\n<p>Os temas de discuss\u00e3o nos pain\u00e9is s\u00e3o a estabilidade jur\u00eddica e seguran\u00e7a nos investimentos; a redu\u00e7\u00e3o da burocracia e a regula\u00e7\u00e3o responsiva; os arranjos produtivos e o sincro modalismo; e a competitividade no mercado de cont\u00eaineres no Brasil.<\/p>\n\n\n\n<figure class=\"wp-block-image\"><img decoding=\"async\" src=\"https:\/\/ci6.googleusercontent.com\/proxy\/9JaXiSCnRWzKcop6tdfFtvqfOTVdJJ_aUbfywwDX6vORCp4DxBWifbUraO6mx5N9CF0FcBorTJpd-CRoBWH0-plpGKIJaHgPYQF1wKMXP8MN-euIYq5fUJMxchqHPoV2B8PdS57FVaEf5-iE4GbE5hvCu8sPK2M=s0-d-e1-ft#https:\/\/mcusercontent.com\/d460dd1bcf9ba0ae040e1fc0f\/images\/af3cef73-a564-0cff-886d-0130a29b0e38.jpeg\" alt=\"\"\/><\/figure>\n\n\n\n<p>\u201cA Summit Portos 5.0 tem como objetivo ampliar a participa\u00e7\u00e3o do Brasil no com\u00e9rcio internacional. Para isso, \u00e9 necess\u00e1rio expandir a capacidade, aumentar o investimento e melhorar a efici\u00eancia, a fim de diminuir burocracias e custos\u201d, define o consultor Luiz Claudio Montenegro, que ser\u00e1 um dos palestrantes do dia.<\/p>\n\n\n\n<p>Destaca-se ainda a presen\u00e7a do professor da Copenhagen Business School, Peter W. de Langen, entre os participantes, conforme a&nbsp;<a href=\"https:\/\/agenciainfra.us14.list-manage.com\/track\/click?u=d460dd1bcf9ba0ae040e1fc0f&amp;id=954c99d179&amp;e=3cd2fde004\" target=\"_blank\" rel=\"noreferrer noopener\">Ag\u00eancia iNFRA<\/a>&nbsp;j\u00e1 divulgou.<\/p>\n\n\n\n<p><strong>Sobre o evento<\/strong><br>O &#8220;Summit Portos 5.0: nova agenda de integra\u00e7\u00e3o log\u00edstica do s\u00e9culo 21&#8221;, \u00e9 realizado pelo Grupo Tribuna e conta com o apoio das empresas TiL (Terminal Investment Limited) e APM Terminals. A&nbsp;<strong>Ag\u00eancia iNFRA<\/strong>&nbsp;\u00e9 media partner do evento e o transmitir\u00e1 pelo seu canal no&nbsp;<a href=\"https:\/\/agenciainfra.us14.list-manage.com\/track\/click?u=d460dd1bcf9ba0ae040e1fc0f&amp;id=4ada2b3f74&amp;e=3cd2fde004\" target=\"_blank\" rel=\"noreferrer noopener\">YouTube<\/a>.<\/p>\n\n\n\n<p>Para participar presencialmente, \u00e9 necess\u00e1rio enviar e-mail para&nbsp;<a href=\"mailto:fernanda@grupo-tribuna.com\" target=\"_blank\" rel=\"noreferrer noopener\">fernanda@grupo-tribuna.com<\/a>&nbsp;ou entrar em contato pelo telefone (13) 99735-4998 at\u00e9 18 de outubro. Os interessados tamb\u00e9m poder\u00e3o acompanhar o evento pela plataforma Zoom, devendo, para tanto, inscrever-se&nbsp;<a href=\"https:\/\/agenciainfra.us14.list-manage.com\/track\/click?u=d460dd1bcf9ba0ae040e1fc0f&amp;id=f64a90df07&amp;e=3cd2fde004\" target=\"_blank\" rel=\"noreferrer noopener\">neste link<\/a>.<\/p>\n","protected":false},"excerpt":{"rendered":"<p>da Ag\u00eancia iNFRA O secret\u00e1rio da SNPTA (Secretaria Nacional de Portos e Transportes Aquavi\u00e1rios), Diogo Piloni, e o diretor-geral da ANTAQ (Ag\u00eancia Nacional de Transportes Aquavi\u00e1rios), Eduardo Nery, s\u00e3o presen\u00e7as confirmadas no &#8220;Summit Portos 5.0: nova agenda de integra\u00e7\u00e3o log\u00edstica do s\u00e9culo 21&#8221;. O evento ocorre nesta quinta-feira (21), das 13h \u00e0s 18h, no audit\u00f3rio [&hellip;]<\/p>\n","protected":false},"author":1,"featured_media":6228,"comment_status":"closed","ping_status":"closed","sticky":false,"template":"","format":"standard","meta":{"_monsterinsights_skip_tracking":false,"_monsterinsights_sitenote_active":false,"_monsterinsights_sitenote_note":"","_monsterinsights_sitenote_category":0,"footnotes":""},"categories":[1,2053],"tags":[86,3165,5053,310,3408,1201,5055,5052,70,889],"class_list":["post-8593","post","type-post","status-publish","format-standard","has-post-thumbnail","hentry","category-geral","category-infraliveventos","tag-antaq","tag-competitividade","tag-competitividade-portuaria","tag-portos","tag-regulacao-responsiva","tag-setor-portuario","tag-sincro-modalismo","tag-summit-portos-5-0","tag-transportes","tag-transportes-aquaviarios"],"yoast_head":"<!-- This site is optimized with the Yoast SEO Premium plugin v25.4 (Yoast SEO v26.0) - https:\/\/yoast.com\/wordpress\/plugins\/seo\/ -->\n<title>Summit Portos 5.0: Secret\u00e1rio de portos e diretor-geral da ANTAQ s\u00e3o palestrantes - Ag\u00eancia iNFRA<\/title>\n<meta name=\"robots\" content=\"index, follow, max-snippet:-1, max-image-preview:large, max-video-preview:-1\" \/>\n<link rel=\"canonical\" href=\"https:\/\/agenciainfra.com\/blog\/summit-portos-5-0-secretario-de-portos-e-diretor-geral-da-antaq-sao-palestrantes\/\" \/>\n<meta property=\"og:locale\" content=\"pt_BR\" \/>\n<meta property=\"og:type\" content=\"article\" \/>\n<meta property=\"og:title\" content=\"Summit Portos 5.0: Secret\u00e1rio de portos e diretor-geral da ANTAQ s\u00e3o palestrantes\" \/>\n<meta property=\"og:description\" content=\"da Ag\u00eancia iNFRA O secret\u00e1rio da SNPTA (Secretaria Nacional de Portos e Transportes Aquavi\u00e1rios), Diogo Piloni, e o diretor-geral da ANTAQ (Ag\u00eancia Nacional de Transportes Aquavi\u00e1rios), Eduardo Nery, s\u00e3o presen\u00e7as confirmadas no &#8220;Summit Portos 5.0: nova agenda de integra\u00e7\u00e3o log\u00edstica do s\u00e9culo 21&#8221;. O evento ocorre nesta quinta-feira (21), das 13h \u00e0s 18h, no audit\u00f3rio [&hellip;]\" \/>\n<meta property=\"og:url\" content=\"https:\/\/agenciainfra.com\/blog\/summit-portos-5-0-secretario-de-portos-e-diretor-geral-da-antaq-sao-palestrantes\/\" \/>\n<meta property=\"og:site_name\" content=\"Ag\u00eancia iNFRA\" \/>\n<meta property=\"article:publisher\" content=\"https:\/\/www.facebook.com\/ageninfra\" \/>\n<meta property=\"article:published_time\" content=\"2021-10-18T17:00:00+00:00\" \/>\n<meta property=\"og:image\" content=\"https:\/\/agenciainfra.com\/blog\/wp-content\/uploads\/2020\/10\/porta-conteiner-foto-dominio-publico.jpg\" \/>\n\t<meta property=\"og:image:width\" content=\"1280\" \/>\n\t<meta property=\"og:image:height\" content=\"853\" \/>\n\t<meta property=\"og:image:type\" content=\"image\/jpeg\" \/>\n<meta name=\"author\" content=\"Ag\u00eancia iNFRA\" \/>\n<meta name=\"twitter:card\" content=\"summary_large_image\" \/>\n<meta name=\"twitter:creator\" content=\"@agencia_infra\" \/>\n<meta name=\"twitter:site\" content=\"@agencia_infra\" \/>\n<meta name=\"twitter:label1\" content=\"Escrito por\" \/>\n\t<meta name=\"twitter:data1\" content=\"Ag\u00eancia iNFRA\" \/>\n\t<meta name=\"twitter:label2\" content=\"Est. tempo de leitura\" \/>\n\t<meta name=\"twitter:data2\" content=\"2 minutos\" \/>\n<script type=\"application\/ld+json\" class=\"yoast-schema-graph\">{\"@context\":\"https:\/\/schema.org\",\"@graph\":[{\"@type\":\"Article\",\"@id\":\"https:\/\/agenciainfra.com\/blog\/summit-portos-5-0-secretario-de-portos-e-diretor-geral-da-antaq-sao-palestrantes\/#article\",\"isPartOf\":{\"@id\":\"https:\/\/agenciainfra.com\/blog\/summit-portos-5-0-secretario-de-portos-e-diretor-geral-da-antaq-sao-palestrantes\/\"},\"author\":{\"name\":\"Ag\u00eancia iNFRA\",\"@id\":\"https:\/\/agenciainfra.com\/blog\/#\/schema\/person\/34af08dff6adea4cb22b06612ba7acfa\"},\"headline\":\"Summit Portos 5.0: Secret\u00e1rio de portos e diretor-geral da ANTAQ s\u00e3o palestrantes\",\"datePublished\":\"2021-10-18T17:00:00+00:00\",\"mainEntityOfPage\":{\"@id\":\"https:\/\/agenciainfra.com\/blog\/summit-portos-5-0-secretario-de-portos-e-diretor-geral-da-antaq-sao-palestrantes\/\"},\"wordCount\":412,\"publisher\":{\"@id\":\"https:\/\/agenciainfra.com\/blog\/#organization\"},\"image\":{\"@id\":\"https:\/\/agenciainfra.com\/blog\/summit-portos-5-0-secretario-de-portos-e-diretor-geral-da-antaq-sao-palestrantes\/#primaryimage\"},\"thumbnailUrl\":\"https:\/\/agenciainfra.com\/blog\/wp-content\/uploads\/2020\/10\/porta-conteiner-foto-dominio-publico-e1771601504114.jpg\",\"keywords\":[\"ANTAQ\",\"competitividade\",\"competitividade portu\u00e1ria\",\"portos\",\"regula\u00e7\u00e3o responsiva\",\"setor portu\u00e1rio\",\"sincro modalismo\",\"Summit Portos 5.0\",\"transportes\",\"transportes aquavi\u00e1rios\"],\"articleSection\":[\"Geral\",\"iNFRALive e Eventos\"],\"inLanguage\":\"pt-BR\",\"copyrightYear\":\"2021\",\"copyrightHolder\":{\"@id\":\"https:\/\/agenciainfra.com\/blog\/#organization\"}},{\"@type\":\"WebPage\",\"@id\":\"https:\/\/agenciainfra.com\/blog\/summit-portos-5-0-secretario-de-portos-e-diretor-geral-da-antaq-sao-palestrantes\/\",\"url\":\"https:\/\/agenciainfra.com\/blog\/summit-portos-5-0-secretario-de-portos-e-diretor-geral-da-antaq-sao-palestrantes\/\",\"name\":\"Summit Portos 5.0: Secret\u00e1rio de portos e diretor-geral da ANTAQ s\u00e3o palestrantes - Ag\u00eancia iNFRA\",\"isPartOf\":{\"@id\":\"https:\/\/agenciainfra.com\/blog\/#website\"},\"primaryImageOfPage\":{\"@id\":\"https:\/\/agenciainfra.com\/blog\/summit-portos-5-0-secretario-de-portos-e-diretor-geral-da-antaq-sao-palestrantes\/#primaryimage\"},\"image\":{\"@id\":\"https:\/\/agenciainfra.com\/blog\/summit-portos-5-0-secretario-de-portos-e-diretor-geral-da-antaq-sao-palestrantes\/#primaryimage\"},\"thumbnailUrl\":\"https:\/\/agenciainfra.com\/blog\/wp-content\/uploads\/2020\/10\/porta-conteiner-foto-dominio-publico-e1771601504114.jpg\",\"datePublished\":\"2021-10-18T17:00:00+00:00\",\"breadcrumb\":{\"@id\":\"https:\/\/agenciainfra.com\/blog\/summit-portos-5-0-secretario-de-portos-e-diretor-geral-da-antaq-sao-palestrantes\/#breadcrumb\"},\"inLanguage\":\"pt-BR\",\"potentialAction\":[{\"@type\":\"ReadAction\",\"target\":[\"https:\/\/agenciainfra.com\/blog\/summit-portos-5-0-secretario-de-portos-e-diretor-geral-da-antaq-sao-palestrantes\/\"]}]},{\"@type\":\"ImageObject\",\"inLanguage\":\"pt-BR\",\"@id\":\"https:\/\/agenciainfra.com\/blog\/summit-portos-5-0-secretario-de-portos-e-diretor-geral-da-antaq-sao-palestrantes\/#primaryimage\",\"url\":\"https:\/\/agenciainfra.com\/blog\/wp-content\/uploads\/2020\/10\/porta-conteiner-foto-dominio-publico-e1771601504114.jpg\",\"contentUrl\":\"https:\/\/agenciainfra.com\/blog\/wp-content\/uploads\/2020\/10\/porta-conteiner-foto-dominio-publico-e1771601504114.jpg\",\"width\":1280,\"height\":750,\"caption\":\"Foto: Dom\u00ednio P\u00fablico\"},{\"@type\":\"BreadcrumbList\",\"@id\":\"https:\/\/agenciainfra.com\/blog\/summit-portos-5-0-secretario-de-portos-e-diretor-geral-da-antaq-sao-palestrantes\/#breadcrumb\",\"itemListElement\":[{\"@type\":\"ListItem\",\"position\":1,\"name\":\"In\u00edcio\",\"item\":\"https:\/\/agenciainfra.com\/blog\/\"},{\"@type\":\"ListItem\",\"position\":2,\"name\":\"Summit Portos 5.0: Secret\u00e1rio de portos e diretor-geral da ANTAQ s\u00e3o palestrantes\"}]},{\"@type\":\"WebSite\",\"@id\":\"https:\/\/agenciainfra.com\/blog\/#website\",\"url\":\"https:\/\/agenciainfra.com\/blog\/\",\"name\":\"Ag\u00eancia iNFRA\",\"description\":\"Multiplataforma de informa\u00e7\u00e3o jornal\u00edstica refer\u00eancia na \u00e1rea de infraestrutura no Brasil!\",\"publisher\":{\"@id\":\"https:\/\/agenciainfra.com\/blog\/#organization\"},\"potentialAction\":[{\"@type\":\"SearchAction\",\"target\":{\"@type\":\"EntryPoint\",\"urlTemplate\":\"https:\/\/agenciainfra.com\/blog\/?s={search_term_string}\"},\"query-input\":{\"@type\":\"PropertyValueSpecification\",\"valueRequired\":true,\"valueName\":\"search_term_string\"}}],\"inLanguage\":\"pt-BR\"},{\"@type\":\"Organization\",\"@id\":\"https:\/\/agenciainfra.com\/blog\/#organization\",\"name\":\"Ag\u00eancia iNFRA\",\"url\":\"https:\/\/agenciainfra.com\/blog\/\",\"logo\":{\"@type\":\"ImageObject\",\"inLanguage\":\"pt-BR\",\"@id\":\"https:\/\/agenciainfra.com\/blog\/#\/schema\/logo\/image\/\",\"url\":\"https:\/\/agenciainfra.com\/blog\/wp-content\/uploads\/2023\/09\/iNFRA_5-e1761735885940.png\",\"contentUrl\":\"https:\/\/agenciainfra.com\/blog\/wp-content\/uploads\/2023\/09\/iNFRA_5-e1761735885940.png\",\"width\":1672,\"height\":454,\"caption\":\"Ag\u00eancia iNFRA\"},\"image\":{\"@id\":\"https:\/\/agenciainfra.com\/blog\/#\/schema\/logo\/image\/\"},\"sameAs\":[\"https:\/\/www.facebook.com\/ageninfra\",\"https:\/\/x.com\/agencia_infra\",\"https:\/\/www.linkedin.com\/company\/ag\u00eanciainfra\/\",\"https:\/\/www.instagram.com\/agenciainfra\/\"]},{\"@type\":\"Person\",\"@id\":\"https:\/\/agenciainfra.com\/blog\/#\/schema\/person\/34af08dff6adea4cb22b06612ba7acfa\",\"name\":\"Ag\u00eancia iNFRA\",\"image\":{\"@type\":\"ImageObject\",\"inLanguage\":\"pt-BR\",\"@id\":\"https:\/\/agenciainfra.com\/blog\/#\/schema\/person\/image\/\",\"url\":\"https:\/\/secure.gravatar.com\/avatar\/d189e01678f06d8eb84d4e01f08eb848b3fffe3f8443818d3c356c66892f5be8?s=96&d=mm&r=g\",\"contentUrl\":\"https:\/\/secure.gravatar.com\/avatar\/d189e01678f06d8eb84d4e01f08eb848b3fffe3f8443818d3c356c66892f5be8?s=96&d=mm&r=g\",\"caption\":\"Ag\u00eancia iNFRA\"},\"url\":\"https:\/\/agenciainfra.com\/blog\/author\/admin\/\"}]}<\/script>\n<!-- \/ Yoast SEO Premium plugin. -->","yoast_head_json":{"title":"Summit Portos 5.0: Secret\u00e1rio de portos e diretor-geral da ANTAQ s\u00e3o palestrantes - Ag\u00eancia iNFRA","robots":{"index":"index","follow":"follow","max-snippet":"max-snippet:-1","max-image-preview":"max-image-preview:large","max-video-preview":"max-video-preview:-1"},"canonical":"https:\/\/agenciainfra.com\/blog\/summit-portos-5-0-secretario-de-portos-e-diretor-geral-da-antaq-sao-palestrantes\/","og_locale":"pt_BR","og_type":"article","og_title":"Summit Portos 5.0: Secret\u00e1rio de portos e diretor-geral da ANTAQ s\u00e3o palestrantes","og_description":"da Ag\u00eancia iNFRA O secret\u00e1rio da SNPTA (Secretaria Nacional de Portos e Transportes Aquavi\u00e1rios), Diogo Piloni, e o diretor-geral da ANTAQ (Ag\u00eancia Nacional de Transportes Aquavi\u00e1rios), Eduardo Nery, s\u00e3o presen\u00e7as confirmadas no &#8220;Summit Portos 5.0: nova agenda de integra\u00e7\u00e3o log\u00edstica do s\u00e9culo 21&#8221;. O evento ocorre nesta quinta-feira (21), das 13h \u00e0s 18h, no audit\u00f3rio [&hellip;]","og_url":"https:\/\/agenciainfra.com\/blog\/summit-portos-5-0-secretario-de-portos-e-diretor-geral-da-antaq-sao-palestrantes\/","og_site_name":"Ag\u00eancia iNFRA","article_publisher":"https:\/\/www.facebook.com\/ageninfra","article_published_time":"2021-10-18T17:00:00+00:00","og_image":[{"width":1280,"height":853,"url":"https:\/\/agenciainfra.com\/blog\/wp-content\/uploads\/2020\/10\/porta-conteiner-foto-dominio-publico.jpg","type":"image\/jpeg"}],"author":"Ag\u00eancia iNFRA","twitter_card":"summary_large_image","twitter_creator":"@agencia_infra","twitter_site":"@agencia_infra","twitter_misc":{"Escrito por":"Ag\u00eancia iNFRA","Est. tempo de leitura":"2 minutos"},"schema":{"@context":"https:\/\/schema.org","@graph":[{"@type":"Article","@id":"https:\/\/agenciainfra.com\/blog\/summit-portos-5-0-secretario-de-portos-e-diretor-geral-da-antaq-sao-palestrantes\/#article","isPartOf":{"@id":"https:\/\/agenciainfra.com\/blog\/summit-portos-5-0-secretario-de-portos-e-diretor-geral-da-antaq-sao-palestrantes\/"},"author":{"name":"Ag\u00eancia iNFRA","@id":"https:\/\/agenciainfra.com\/blog\/#\/schema\/person\/34af08dff6adea4cb22b06612ba7acfa"},"headline":"Summit Portos 5.0: Secret\u00e1rio de portos e diretor-geral da ANTAQ s\u00e3o palestrantes","datePublished":"2021-10-18T17:00:00+00:00","mainEntityOfPage":{"@id":"https:\/\/agenciainfra.com\/blog\/summit-portos-5-0-secretario-de-portos-e-diretor-geral-da-antaq-sao-palestrantes\/"},"wordCount":412,"publisher":{"@id":"https:\/\/agenciainfra.com\/blog\/#organization"},"image":{"@id":"https:\/\/agenciainfra.com\/blog\/summit-portos-5-0-secretario-de-portos-e-diretor-geral-da-antaq-sao-palestrantes\/#primaryimage"},"thumbnailUrl":"https:\/\/agenciainfra.com\/blog\/wp-content\/uploads\/2020\/10\/porta-conteiner-foto-dominio-publico-e1771601504114.jpg","keywords":["ANTAQ","competitividade","competitividade portu\u00e1ria","portos","regula\u00e7\u00e3o responsiva","setor portu\u00e1rio","sincro modalismo","Summit Portos 5.0","transportes","transportes aquavi\u00e1rios"],"articleSection":["Geral","iNFRALive e Eventos"],"inLanguage":"pt-BR","copyrightYear":"2021","copyrightHolder":{"@id":"https:\/\/agenciainfra.com\/blog\/#organization"}},{"@type":"WebPage","@id":"https:\/\/agenciainfra.com\/blog\/summit-portos-5-0-secretario-de-portos-e-diretor-geral-da-antaq-sao-palestrantes\/","url":"https:\/\/agenciainfra.com\/blog\/summit-portos-5-0-secretario-de-portos-e-diretor-geral-da-antaq-sao-palestrantes\/","name":"Summit Portos 5.0: Secret\u00e1rio de portos e diretor-geral da ANTAQ s\u00e3o palestrantes - Ag\u00eancia iNFRA","isPartOf":{"@id":"https:\/\/agenciainfra.com\/blog\/#website"},"primaryImageOfPage":{"@id":"https:\/\/agenciainfra.com\/blog\/summit-portos-5-0-secretario-de-portos-e-diretor-geral-da-antaq-sao-palestrantes\/#primaryimage"},"image":{"@id":"https:\/\/agenciainfra.com\/blog\/summit-portos-5-0-secretario-de-portos-e-diretor-geral-da-antaq-sao-palestrantes\/#primaryimage"},"thumbnailUrl":"https:\/\/agenciainfra.com\/blog\/wp-content\/uploads\/2020\/10\/porta-conteiner-foto-dominio-publico-e1771601504114.jpg","datePublished":"2021-10-18T17:00:00+00:00","breadcrumb":{"@id":"https:\/\/agenciainfra.com\/blog\/summit-portos-5-0-secretario-de-portos-e-diretor-geral-da-antaq-sao-palestrantes\/#breadcrumb"},"inLanguage":"pt-BR","potentialAction":[{"@type":"ReadAction","target":["https:\/\/agenciainfra.com\/blog\/summit-portos-5-0-secretario-de-portos-e-diretor-geral-da-antaq-sao-palestrantes\/"]}]},{"@type":"ImageObject","inLanguage":"pt-BR","@id":"https:\/\/agenciainfra.com\/blog\/summit-portos-5-0-secretario-de-portos-e-diretor-geral-da-antaq-sao-palestrantes\/#primaryimage","url":"https:\/\/agenciainfra.com\/blog\/wp-content\/uploads\/2020\/10\/porta-conteiner-foto-dominio-publico-e1771601504114.jpg","contentUrl":"https:\/\/agenciainfra.com\/blog\/wp-content\/uploads\/2020\/10\/porta-conteiner-foto-dominio-publico-e1771601504114.jpg","width":1280,"height":750,"caption":"Foto: Dom\u00ednio P\u00fablico"},{"@type":"BreadcrumbList","@id":"https:\/\/agenciainfra.com\/blog\/summit-portos-5-0-secretario-de-portos-e-diretor-geral-da-antaq-sao-palestrantes\/#breadcrumb","itemListElement":[{"@type":"ListItem","position":1,"name":"In\u00edcio","item":"https:\/\/agenciainfra.com\/blog\/"},{"@type":"ListItem","position":2,"name":"Summit Portos 5.0: Secret\u00e1rio de portos e diretor-geral da ANTAQ s\u00e3o palestrantes"}]},{"@type":"WebSite","@id":"https:\/\/agenciainfra.com\/blog\/#website","url":"https:\/\/agenciainfra.com\/blog\/","name":"Ag\u00eancia iNFRA","description":"Multiplataforma de informa\u00e7\u00e3o jornal\u00edstica refer\u00eancia na \u00e1rea de infraestrutura no Brasil!","publisher":{"@id":"https:\/\/agenciainfra.com\/blog\/#organization"},"potentialAction":[{"@type":"SearchAction","target":{"@type":"EntryPoint","urlTemplate":"https:\/\/agenciainfra.com\/blog\/?s={search_term_string}"},"query-input":{"@type":"PropertyValueSpecification","valueRequired":true,"valueName":"search_term_string"}}],"inLanguage":"pt-BR"},{"@type":"Organization","@id":"https:\/\/agenciainfra.com\/blog\/#organization","name":"Ag\u00eancia iNFRA","url":"https:\/\/agenciainfra.com\/blog\/","logo":{"@type":"ImageObject","inLanguage":"pt-BR","@id":"https:\/\/agenciainfra.com\/blog\/#\/schema\/logo\/image\/","url":"https:\/\/agenciainfra.com\/blog\/wp-content\/uploads\/2023\/09\/iNFRA_5-e1761735885940.png","contentUrl":"https:\/\/agenciainfra.com\/blog\/wp-content\/uploads\/2023\/09\/iNFRA_5-e1761735885940.png","width":1672,"height":454,"caption":"Ag\u00eancia iNFRA"},"image":{"@id":"https:\/\/agenciainfra.com\/blog\/#\/schema\/logo\/image\/"},"sameAs":["https:\/\/www.facebook.com\/ageninfra","https:\/\/x.com\/agencia_infra","https:\/\/www.linkedin.com\/company\/ag\u00eanciainfra\/","https:\/\/www.instagram.com\/agenciainfra\/"]},{"@type":"Person","@id":"https:\/\/agenciainfra.com\/blog\/#\/schema\/person\/34af08dff6adea4cb22b06612ba7acfa","name":"Ag\u00eancia iNFRA","image":{"@type":"ImageObject","inLanguage":"pt-BR","@id":"https:\/\/agenciainfra.com\/blog\/#\/schema\/person\/image\/","url":"https:\/\/secure.gravatar.com\/avatar\/d189e01678f06d8eb84d4e01f08eb848b3fffe3f8443818d3c356c66892f5be8?s=96&d=mm&r=g","contentUrl":"https:\/\/secure.gravatar.com\/avatar\/d189e01678f06d8eb84d4e01f08eb848b3fffe3f8443818d3c356c66892f5be8?s=96&d=mm&r=g","caption":"Ag\u00eancia iNFRA"},"url":"https:\/\/agenciainfra.com\/blog\/author\/admin\/"}]}},"_links":{"self":[{"href":"https:\/\/agenciainfra.com\/blog\/wp-json\/wp\/v2\/posts\/8593","targetHints":{"allow":["GET"]}}],"collection":[{"href":"https:\/\/agenciainfra.com\/blog\/wp-json\/wp\/v2\/posts"}],"about":[{"href":"https:\/\/agenciainfra.com\/blog\/wp-json\/wp\/v2\/types\/post"}],"author":[{"embeddable":true,"href":"https:\/\/agenciainfra.com\/blog\/wp-json\/wp\/v2\/users\/1"}],"replies":[{"embeddable":true,"href":"https:\/\/agenciainfra.com\/blog\/wp-json\/wp\/v2\/comments?post=8593"}],"version-history":[{"count":0,"href":"https:\/\/agenciainfra.com\/blog\/wp-json\/wp\/v2\/posts\/8593\/revisions"}],"wp:featuredmedia":[{"embeddable":true,"href":"https:\/\/agenciainfra.com\/blog\/wp-json\/wp\/v2\/media\/6228"}],"wp:attachment":[{"href":"https:\/\/agenciainfra.com\/blog\/wp-json\/wp\/v2\/media?parent=8593"}],"wp:term":[{"taxonomy":"category","embeddable":true,"href":"https:\/\/agenciainfra.com\/blog\/wp-json\/wp\/v2\/categories?post=8593"},{"taxonomy":"post_tag","embeddable":true,"href":"https:\/\/agenciainfra.com\/blog\/wp-json\/wp\/v2\/tags?post=8593"}],"curies":[{"name":"wp","href":"https:\/\/api.w.org\/{rel}","templated":true}]}}