{"id":8615,"date":"2021-10-20T13:00:00","date_gmt":"2021-10-20T16:00:00","guid":{"rendered":"https:\/\/www.agenciainfra.com\/blog\/?p=8615"},"modified":"2021-10-20T11:56:41","modified_gmt":"2021-10-20T14:56:41","slug":"summit-portos-5-0-inscricoes-para-participacao-presencial-seguem-abertas","status":"publish","type":"post","link":"https:\/\/agenciainfra.com\/blog\/summit-portos-5-0-inscricoes-para-participacao-presencial-seguem-abertas\/","title":{"rendered":"Summit Portos 5.0: Inscri\u00e7\u00f5es para participa\u00e7\u00e3o presencial seguem abertas"},"content":{"rendered":"\n<p class=\"has-text-align-right\"><strong>da Ag\u00eancia iNFRA<\/strong><\/p>\n\n\n\n<p>As inscri\u00e7\u00f5es para participa\u00e7\u00e3o presencial do &#8220;Summit Portos 5.0: nova agenda de integra\u00e7\u00e3o log\u00edstica do s\u00e9culo 21&#8221;, em Bras\u00edlia, foram prorrogadas e podem ser feitas hoje (20).<br><br>O evento ser\u00e1 realizado nesta quinta-feira (21) no B Hotel, no setor hoteleiro Sul da capital, a partir das 13h30. Para participar presencialmente, \u00e9 necess\u00e1rio enviar e-mail para&nbsp;<a href=\"mailto:fernanda@grupo-tribuna.com\" target=\"_blank\" rel=\"noreferrer noopener\">fernanda@grupo-tribuna.com<\/a>&nbsp;ou entrar em contato pelo telefone (13) 99735-4998. As inscri\u00e7\u00f5es s\u00e3o gratuitas, limitadas ao n\u00famero de pessoas que o sal\u00e3o comporta devido \u00e0s restri\u00e7\u00f5es impostas pela Covid-19.<br><br>Os interessados tamb\u00e9m poder\u00e3o acompanhar o evento pela plataforma Zoom, devendo, para tanto, inscrever-se clicando&nbsp;<a href=\"https:\/\/agenciainfra.us14.list-manage.com\/track\/click?u=d460dd1bcf9ba0ae040e1fc0f&amp;id=5dffea9e49&amp;e=3cd2fde004\" target=\"_blank\" rel=\"noreferrer noopener\">neste link<\/a>.&nbsp; A&nbsp;<strong>Ag\u00eancia iNFRA<\/strong>&nbsp;vai transmitir o evento em seu canal do YouTube, dispon\u00edvel&nbsp;<a href=\"https:\/\/agenciainfra.us14.list-manage.com\/track\/click?u=d460dd1bcf9ba0ae040e1fc0f&amp;id=8666adbf13&amp;e=3cd2fde004\" target=\"_blank\" rel=\"noreferrer noopener\">neste link<\/a>.<\/p>\n\n\n\n<p>O Summit Portos 5.0 \u00e9 realizado pelo Grupo Tribuna e conta com o apoio das empresas TiL (Terminal Investment Limited) e APM Terminals. A&nbsp;<strong>Ag\u00eancia iNFRA<\/strong>&nbsp;\u00e9 media partner do evento.<br><br>Ao longo da tarde de quinta-feira ser\u00e3o quatro mesas e duas palestras, al\u00e9m da abertura que vai contar com parlamentares e uma apresenta\u00e7\u00e3o gravada pelo ministro da Infraestrutura, Tarc\u00edsio de Freitas.<br><br>A secret\u00e1ria especial do PPI (Programa de Parcerias de Investimentos), Martha Seillier, \u00e9 uma das convidadas e participa do painel &#8220;Estabilidade Jur\u00eddica e Seguran\u00e7a nos Investimentos&#8221;, que tamb\u00e9m contar\u00e1 com a participa\u00e7\u00e3o de Cassio Louren\u00e7o, da Louren\u00e7o Ribeiro Advogados, e do economista, Gesner Oliveira, autor do livro &#8220;Desafios da infraestrutura no Brasil&#8221;.<br><br>O diretor-geral da ANTAQ (Ag\u00eancia Nacional de Transportes Aquavi\u00e1rios), Eduardo Nery, confirmou presen\u00e7a no painel que come\u00e7a em seguida, \u00e0s 15h25, intitulado &#8220;Redu\u00e7\u00e3o de Burocracia e Regula\u00e7\u00e3o Responsiva&#8221;.<br><br>A mesa de debates ser\u00e1 completada por Patricio Junior, diretor da TiL (Terminal Investment Limited); Disney Barroca, business development manager da Dragabras; e Manoel Moreira, coordenador-geral de Fiscaliza\u00e7\u00e3o de Infraestrutura no TCU (Tribunal de Contas da Uni\u00e3o).<br><br>A programa\u00e7\u00e3o completa do evento e os integrantes de cada painel podem ser vistos&nbsp;<a rel=\"noreferrer noopener\" href=\"https:\/\/agenciainfra.us14.list-manage.com\/track\/click?u=d460dd1bcf9ba0ae040e1fc0f&amp;id=38c9269300&amp;e=3cd2fde004\" target=\"_blank\">neste link<\/a>.<\/p>\n","protected":false},"excerpt":{"rendered":"<p>da Ag\u00eancia iNFRA As inscri\u00e7\u00f5es para participa\u00e7\u00e3o presencial do &#8220;Summit Portos 5.0: nova agenda de integra\u00e7\u00e3o log\u00edstica do s\u00e9culo 21&#8221;, em Bras\u00edlia, foram prorrogadas e podem ser feitas hoje (20). O evento ser\u00e1 realizado nesta quinta-feira (21) no B Hotel, no setor hoteleiro Sul da capital, a partir das 13h30. Para participar presencialmente, \u00e9 necess\u00e1rio [&hellip;]<\/p>\n","protected":false},"author":1,"featured_media":8616,"comment_status":"closed","ping_status":"closed","sticky":false,"template":"","format":"standard","meta":{"_monsterinsights_skip_tracking":false,"_monsterinsights_sitenote_active":false,"_monsterinsights_sitenote_note":"","_monsterinsights_sitenote_category":0,"footnotes":""},"categories":[1,2053],"tags":[86,34,310,36,5052,816,70],"class_list":["post-8615","post","type-post","status-publish","format-standard","has-post-thumbnail","hentry","category-geral","category-infraliveventos","tag-antaq","tag-infraestrutura","tag-portos","tag-ppi","tag-summit-portos-5-0","tag-transporte-aquaviario","tag-transportes"],"yoast_head":"<!-- This site is optimized with the Yoast SEO Premium plugin v25.4 (Yoast SEO v26.0) - https:\/\/yoast.com\/wordpress\/plugins\/seo\/ -->\n<title>Summit Portos 5.0: Inscri\u00e7\u00f5es para participa\u00e7\u00e3o presencial seguem abertas - Ag\u00eancia iNFRA<\/title>\n<meta name=\"robots\" content=\"index, follow, max-snippet:-1, max-image-preview:large, max-video-preview:-1\" \/>\n<link rel=\"canonical\" href=\"https:\/\/agenciainfra.com\/blog\/summit-portos-5-0-inscricoes-para-participacao-presencial-seguem-abertas\/\" \/>\n<meta property=\"og:locale\" content=\"pt_BR\" \/>\n<meta property=\"og:type\" content=\"article\" \/>\n<meta property=\"og:title\" content=\"Summit Portos 5.0: Inscri\u00e7\u00f5es para participa\u00e7\u00e3o presencial seguem abertas\" \/>\n<meta property=\"og:description\" content=\"da Ag\u00eancia iNFRA As inscri\u00e7\u00f5es para participa\u00e7\u00e3o presencial do &#8220;Summit Portos 5.0: nova agenda de integra\u00e7\u00e3o log\u00edstica do s\u00e9culo 21&#8221;, em Bras\u00edlia, foram prorrogadas e podem ser feitas hoje (20). O evento ser\u00e1 realizado nesta quinta-feira (21) no B Hotel, no setor hoteleiro Sul da capital, a partir das 13h30. Para participar presencialmente, \u00e9 necess\u00e1rio [&hellip;]\" \/>\n<meta property=\"og:url\" content=\"https:\/\/agenciainfra.com\/blog\/summit-portos-5-0-inscricoes-para-participacao-presencial-seguem-abertas\/\" \/>\n<meta property=\"og:site_name\" content=\"Ag\u00eancia iNFRA\" \/>\n<meta property=\"article:publisher\" content=\"https:\/\/www.facebook.com\/ageninfra\" \/>\n<meta property=\"article:published_time\" content=\"2021-10-20T16:00:00+00:00\" \/>\n<meta property=\"og:image\" content=\"https:\/\/agenciainfra.com\/blog\/wp-content\/uploads\/2021\/10\/navio-foto-dominio-publico.jpg\" \/>\n\t<meta property=\"og:image:width\" content=\"1280\" \/>\n\t<meta property=\"og:image:height\" content=\"960\" \/>\n\t<meta property=\"og:image:type\" content=\"image\/jpeg\" \/>\n<meta name=\"author\" content=\"Ag\u00eancia iNFRA\" \/>\n<meta name=\"twitter:card\" content=\"summary_large_image\" \/>\n<meta name=\"twitter:creator\" content=\"@agencia_infra\" \/>\n<meta name=\"twitter:site\" content=\"@agencia_infra\" \/>\n<meta name=\"twitter:label1\" content=\"Escrito por\" \/>\n\t<meta name=\"twitter:data1\" content=\"Ag\u00eancia iNFRA\" \/>\n\t<meta name=\"twitter:label2\" content=\"Est. tempo de leitura\" \/>\n\t<meta name=\"twitter:data2\" content=\"2 minutos\" \/>\n<script type=\"application\/ld+json\" class=\"yoast-schema-graph\">{\"@context\":\"https:\/\/schema.org\",\"@graph\":[{\"@type\":\"Article\",\"@id\":\"https:\/\/agenciainfra.com\/blog\/summit-portos-5-0-inscricoes-para-participacao-presencial-seguem-abertas\/#article\",\"isPartOf\":{\"@id\":\"https:\/\/agenciainfra.com\/blog\/summit-portos-5-0-inscricoes-para-participacao-presencial-seguem-abertas\/\"},\"author\":{\"name\":\"Ag\u00eancia iNFRA\",\"@id\":\"https:\/\/agenciainfra.com\/blog\/#\/schema\/person\/34af08dff6adea4cb22b06612ba7acfa\"},\"headline\":\"Summit Portos 5.0: Inscri\u00e7\u00f5es para participa\u00e7\u00e3o presencial seguem abertas\",\"datePublished\":\"2021-10-20T16:00:00+00:00\",\"mainEntityOfPage\":{\"@id\":\"https:\/\/agenciainfra.com\/blog\/summit-portos-5-0-inscricoes-para-participacao-presencial-seguem-abertas\/\"},\"wordCount\":363,\"publisher\":{\"@id\":\"https:\/\/agenciainfra.com\/blog\/#organization\"},\"image\":{\"@id\":\"https:\/\/agenciainfra.com\/blog\/summit-portos-5-0-inscricoes-para-participacao-presencial-seguem-abertas\/#primaryimage\"},\"thumbnailUrl\":\"https:\/\/agenciainfra.com\/blog\/wp-content\/uploads\/2021\/10\/navio-foto-dominio-publico-e1752231057490.jpg\",\"keywords\":[\"ANTAQ\",\"Infraestrutura\",\"portos\",\"PPI\",\"Summit Portos 5.0\",\"transporte aquavi\u00e1rio\",\"transportes\"],\"articleSection\":[\"Geral\",\"iNFRALive e Eventos\"],\"inLanguage\":\"pt-BR\",\"copyrightYear\":\"2021\",\"copyrightHolder\":{\"@id\":\"https:\/\/agenciainfra.com\/blog\/#organization\"}},{\"@type\":\"WebPage\",\"@id\":\"https:\/\/agenciainfra.com\/blog\/summit-portos-5-0-inscricoes-para-participacao-presencial-seguem-abertas\/\",\"url\":\"https:\/\/agenciainfra.com\/blog\/summit-portos-5-0-inscricoes-para-participacao-presencial-seguem-abertas\/\",\"name\":\"Summit Portos 5.0: Inscri\u00e7\u00f5es para participa\u00e7\u00e3o presencial seguem abertas - Ag\u00eancia iNFRA\",\"isPartOf\":{\"@id\":\"https:\/\/agenciainfra.com\/blog\/#website\"},\"primaryImageOfPage\":{\"@id\":\"https:\/\/agenciainfra.com\/blog\/summit-portos-5-0-inscricoes-para-participacao-presencial-seguem-abertas\/#primaryimage\"},\"image\":{\"@id\":\"https:\/\/agenciainfra.com\/blog\/summit-portos-5-0-inscricoes-para-participacao-presencial-seguem-abertas\/#primaryimage\"},\"thumbnailUrl\":\"https:\/\/agenciainfra.com\/blog\/wp-content\/uploads\/2021\/10\/navio-foto-dominio-publico-e1752231057490.jpg\",\"datePublished\":\"2021-10-20T16:00:00+00:00\",\"breadcrumb\":{\"@id\":\"https:\/\/agenciainfra.com\/blog\/summit-portos-5-0-inscricoes-para-participacao-presencial-seguem-abertas\/#breadcrumb\"},\"inLanguage\":\"pt-BR\",\"potentialAction\":[{\"@type\":\"ReadAction\",\"target\":[\"https:\/\/agenciainfra.com\/blog\/summit-portos-5-0-inscricoes-para-participacao-presencial-seguem-abertas\/\"]}]},{\"@type\":\"ImageObject\",\"inLanguage\":\"pt-BR\",\"@id\":\"https:\/\/agenciainfra.com\/blog\/summit-portos-5-0-inscricoes-para-participacao-presencial-seguem-abertas\/#primaryimage\",\"url\":\"https:\/\/agenciainfra.com\/blog\/wp-content\/uploads\/2021\/10\/navio-foto-dominio-publico-e1752231057490.jpg\",\"contentUrl\":\"https:\/\/agenciainfra.com\/blog\/wp-content\/uploads\/2021\/10\/navio-foto-dominio-publico-e1752231057490.jpg\",\"width\":1280,\"height\":757,\"caption\":\"Foto: Dom\u00ednio P\u00fablico\"},{\"@type\":\"BreadcrumbList\",\"@id\":\"https:\/\/agenciainfra.com\/blog\/summit-portos-5-0-inscricoes-para-participacao-presencial-seguem-abertas\/#breadcrumb\",\"itemListElement\":[{\"@type\":\"ListItem\",\"position\":1,\"name\":\"In\u00edcio\",\"item\":\"https:\/\/agenciainfra.com\/blog\/\"},{\"@type\":\"ListItem\",\"position\":2,\"name\":\"Summit Portos 5.0: Inscri\u00e7\u00f5es para participa\u00e7\u00e3o presencial seguem abertas\"}]},{\"@type\":\"WebSite\",\"@id\":\"https:\/\/agenciainfra.com\/blog\/#website\",\"url\":\"https:\/\/agenciainfra.com\/blog\/\",\"name\":\"Ag\u00eancia iNFRA\",\"description\":\"Multiplataforma de informa\u00e7\u00e3o jornal\u00edstica refer\u00eancia na \u00e1rea de infraestrutura no Brasil!\",\"publisher\":{\"@id\":\"https:\/\/agenciainfra.com\/blog\/#organization\"},\"potentialAction\":[{\"@type\":\"SearchAction\",\"target\":{\"@type\":\"EntryPoint\",\"urlTemplate\":\"https:\/\/agenciainfra.com\/blog\/?s={search_term_string}\"},\"query-input\":{\"@type\":\"PropertyValueSpecification\",\"valueRequired\":true,\"valueName\":\"search_term_string\"}}],\"inLanguage\":\"pt-BR\"},{\"@type\":\"Organization\",\"@id\":\"https:\/\/agenciainfra.com\/blog\/#organization\",\"name\":\"Ag\u00eancia iNFRA\",\"url\":\"https:\/\/agenciainfra.com\/blog\/\",\"logo\":{\"@type\":\"ImageObject\",\"inLanguage\":\"pt-BR\",\"@id\":\"https:\/\/agenciainfra.com\/blog\/#\/schema\/logo\/image\/\",\"url\":\"https:\/\/agenciainfra.com\/blog\/wp-content\/uploads\/2023\/09\/iNFRA_5-e1761735885940.png\",\"contentUrl\":\"https:\/\/agenciainfra.com\/blog\/wp-content\/uploads\/2023\/09\/iNFRA_5-e1761735885940.png\",\"width\":1672,\"height\":454,\"caption\":\"Ag\u00eancia iNFRA\"},\"image\":{\"@id\":\"https:\/\/agenciainfra.com\/blog\/#\/schema\/logo\/image\/\"},\"sameAs\":[\"https:\/\/www.facebook.com\/ageninfra\",\"https:\/\/x.com\/agencia_infra\",\"https:\/\/www.linkedin.com\/company\/ag\u00eanciainfra\/\",\"https:\/\/www.instagram.com\/agenciainfra\/\"]},{\"@type\":\"Person\",\"@id\":\"https:\/\/agenciainfra.com\/blog\/#\/schema\/person\/34af08dff6adea4cb22b06612ba7acfa\",\"name\":\"Ag\u00eancia iNFRA\",\"image\":{\"@type\":\"ImageObject\",\"inLanguage\":\"pt-BR\",\"@id\":\"https:\/\/agenciainfra.com\/blog\/#\/schema\/person\/image\/\",\"url\":\"https:\/\/secure.gravatar.com\/avatar\/d189e01678f06d8eb84d4e01f08eb848b3fffe3f8443818d3c356c66892f5be8?s=96&d=mm&r=g\",\"contentUrl\":\"https:\/\/secure.gravatar.com\/avatar\/d189e01678f06d8eb84d4e01f08eb848b3fffe3f8443818d3c356c66892f5be8?s=96&d=mm&r=g\",\"caption\":\"Ag\u00eancia iNFRA\"},\"url\":\"https:\/\/agenciainfra.com\/blog\/author\/admin\/\"}]}<\/script>\n<!-- \/ Yoast SEO Premium plugin. -->","yoast_head_json":{"title":"Summit Portos 5.0: Inscri\u00e7\u00f5es para participa\u00e7\u00e3o presencial seguem abertas - Ag\u00eancia iNFRA","robots":{"index":"index","follow":"follow","max-snippet":"max-snippet:-1","max-image-preview":"max-image-preview:large","max-video-preview":"max-video-preview:-1"},"canonical":"https:\/\/agenciainfra.com\/blog\/summit-portos-5-0-inscricoes-para-participacao-presencial-seguem-abertas\/","og_locale":"pt_BR","og_type":"article","og_title":"Summit Portos 5.0: Inscri\u00e7\u00f5es para participa\u00e7\u00e3o presencial seguem abertas","og_description":"da Ag\u00eancia iNFRA As inscri\u00e7\u00f5es para participa\u00e7\u00e3o presencial do &#8220;Summit Portos 5.0: nova agenda de integra\u00e7\u00e3o log\u00edstica do s\u00e9culo 21&#8221;, em Bras\u00edlia, foram prorrogadas e podem ser feitas hoje (20). O evento ser\u00e1 realizado nesta quinta-feira (21) no B Hotel, no setor hoteleiro Sul da capital, a partir das 13h30. Para participar presencialmente, \u00e9 necess\u00e1rio [&hellip;]","og_url":"https:\/\/agenciainfra.com\/blog\/summit-portos-5-0-inscricoes-para-participacao-presencial-seguem-abertas\/","og_site_name":"Ag\u00eancia iNFRA","article_publisher":"https:\/\/www.facebook.com\/ageninfra","article_published_time":"2021-10-20T16:00:00+00:00","og_image":[{"width":1280,"height":960,"url":"https:\/\/agenciainfra.com\/blog\/wp-content\/uploads\/2021\/10\/navio-foto-dominio-publico.jpg","type":"image\/jpeg"}],"author":"Ag\u00eancia iNFRA","twitter_card":"summary_large_image","twitter_creator":"@agencia_infra","twitter_site":"@agencia_infra","twitter_misc":{"Escrito por":"Ag\u00eancia iNFRA","Est. tempo de leitura":"2 minutos"},"schema":{"@context":"https:\/\/schema.org","@graph":[{"@type":"Article","@id":"https:\/\/agenciainfra.com\/blog\/summit-portos-5-0-inscricoes-para-participacao-presencial-seguem-abertas\/#article","isPartOf":{"@id":"https:\/\/agenciainfra.com\/blog\/summit-portos-5-0-inscricoes-para-participacao-presencial-seguem-abertas\/"},"author":{"name":"Ag\u00eancia iNFRA","@id":"https:\/\/agenciainfra.com\/blog\/#\/schema\/person\/34af08dff6adea4cb22b06612ba7acfa"},"headline":"Summit Portos 5.0: Inscri\u00e7\u00f5es para participa\u00e7\u00e3o presencial seguem abertas","datePublished":"2021-10-20T16:00:00+00:00","mainEntityOfPage":{"@id":"https:\/\/agenciainfra.com\/blog\/summit-portos-5-0-inscricoes-para-participacao-presencial-seguem-abertas\/"},"wordCount":363,"publisher":{"@id":"https:\/\/agenciainfra.com\/blog\/#organization"},"image":{"@id":"https:\/\/agenciainfra.com\/blog\/summit-portos-5-0-inscricoes-para-participacao-presencial-seguem-abertas\/#primaryimage"},"thumbnailUrl":"https:\/\/agenciainfra.com\/blog\/wp-content\/uploads\/2021\/10\/navio-foto-dominio-publico-e1752231057490.jpg","keywords":["ANTAQ","Infraestrutura","portos","PPI","Summit Portos 5.0","transporte aquavi\u00e1rio","transportes"],"articleSection":["Geral","iNFRALive e Eventos"],"inLanguage":"pt-BR","copyrightYear":"2021","copyrightHolder":{"@id":"https:\/\/agenciainfra.com\/blog\/#organization"}},{"@type":"WebPage","@id":"https:\/\/agenciainfra.com\/blog\/summit-portos-5-0-inscricoes-para-participacao-presencial-seguem-abertas\/","url":"https:\/\/agenciainfra.com\/blog\/summit-portos-5-0-inscricoes-para-participacao-presencial-seguem-abertas\/","name":"Summit Portos 5.0: Inscri\u00e7\u00f5es para participa\u00e7\u00e3o presencial seguem abertas - Ag\u00eancia iNFRA","isPartOf":{"@id":"https:\/\/agenciainfra.com\/blog\/#website"},"primaryImageOfPage":{"@id":"https:\/\/agenciainfra.com\/blog\/summit-portos-5-0-inscricoes-para-participacao-presencial-seguem-abertas\/#primaryimage"},"image":{"@id":"https:\/\/agenciainfra.com\/blog\/summit-portos-5-0-inscricoes-para-participacao-presencial-seguem-abertas\/#primaryimage"},"thumbnailUrl":"https:\/\/agenciainfra.com\/blog\/wp-content\/uploads\/2021\/10\/navio-foto-dominio-publico-e1752231057490.jpg","datePublished":"2021-10-20T16:00:00+00:00","breadcrumb":{"@id":"https:\/\/agenciainfra.com\/blog\/summit-portos-5-0-inscricoes-para-participacao-presencial-seguem-abertas\/#breadcrumb"},"inLanguage":"pt-BR","potentialAction":[{"@type":"ReadAction","target":["https:\/\/agenciainfra.com\/blog\/summit-portos-5-0-inscricoes-para-participacao-presencial-seguem-abertas\/"]}]},{"@type":"ImageObject","inLanguage":"pt-BR","@id":"https:\/\/agenciainfra.com\/blog\/summit-portos-5-0-inscricoes-para-participacao-presencial-seguem-abertas\/#primaryimage","url":"https:\/\/agenciainfra.com\/blog\/wp-content\/uploads\/2021\/10\/navio-foto-dominio-publico-e1752231057490.jpg","contentUrl":"https:\/\/agenciainfra.com\/blog\/wp-content\/uploads\/2021\/10\/navio-foto-dominio-publico-e1752231057490.jpg","width":1280,"height":757,"caption":"Foto: Dom\u00ednio P\u00fablico"},{"@type":"BreadcrumbList","@id":"https:\/\/agenciainfra.com\/blog\/summit-portos-5-0-inscricoes-para-participacao-presencial-seguem-abertas\/#breadcrumb","itemListElement":[{"@type":"ListItem","position":1,"name":"In\u00edcio","item":"https:\/\/agenciainfra.com\/blog\/"},{"@type":"ListItem","position":2,"name":"Summit Portos 5.0: Inscri\u00e7\u00f5es para participa\u00e7\u00e3o presencial seguem abertas"}]},{"@type":"WebSite","@id":"https:\/\/agenciainfra.com\/blog\/#website","url":"https:\/\/agenciainfra.com\/blog\/","name":"Ag\u00eancia iNFRA","description":"Multiplataforma de informa\u00e7\u00e3o jornal\u00edstica refer\u00eancia na \u00e1rea de infraestrutura no Brasil!","publisher":{"@id":"https:\/\/agenciainfra.com\/blog\/#organization"},"potentialAction":[{"@type":"SearchAction","target":{"@type":"EntryPoint","urlTemplate":"https:\/\/agenciainfra.com\/blog\/?s={search_term_string}"},"query-input":{"@type":"PropertyValueSpecification","valueRequired":true,"valueName":"search_term_string"}}],"inLanguage":"pt-BR"},{"@type":"Organization","@id":"https:\/\/agenciainfra.com\/blog\/#organization","name":"Ag\u00eancia iNFRA","url":"https:\/\/agenciainfra.com\/blog\/","logo":{"@type":"ImageObject","inLanguage":"pt-BR","@id":"https:\/\/agenciainfra.com\/blog\/#\/schema\/logo\/image\/","url":"https:\/\/agenciainfra.com\/blog\/wp-content\/uploads\/2023\/09\/iNFRA_5-e1761735885940.png","contentUrl":"https:\/\/agenciainfra.com\/blog\/wp-content\/uploads\/2023\/09\/iNFRA_5-e1761735885940.png","width":1672,"height":454,"caption":"Ag\u00eancia iNFRA"},"image":{"@id":"https:\/\/agenciainfra.com\/blog\/#\/schema\/logo\/image\/"},"sameAs":["https:\/\/www.facebook.com\/ageninfra","https:\/\/x.com\/agencia_infra","https:\/\/www.linkedin.com\/company\/ag\u00eanciainfra\/","https:\/\/www.instagram.com\/agenciainfra\/"]},{"@type":"Person","@id":"https:\/\/agenciainfra.com\/blog\/#\/schema\/person\/34af08dff6adea4cb22b06612ba7acfa","name":"Ag\u00eancia iNFRA","image":{"@type":"ImageObject","inLanguage":"pt-BR","@id":"https:\/\/agenciainfra.com\/blog\/#\/schema\/person\/image\/","url":"https:\/\/secure.gravatar.com\/avatar\/d189e01678f06d8eb84d4e01f08eb848b3fffe3f8443818d3c356c66892f5be8?s=96&d=mm&r=g","contentUrl":"https:\/\/secure.gravatar.com\/avatar\/d189e01678f06d8eb84d4e01f08eb848b3fffe3f8443818d3c356c66892f5be8?s=96&d=mm&r=g","caption":"Ag\u00eancia iNFRA"},"url":"https:\/\/agenciainfra.com\/blog\/author\/admin\/"}]}},"_links":{"self":[{"href":"https:\/\/agenciainfra.com\/blog\/wp-json\/wp\/v2\/posts\/8615","targetHints":{"allow":["GET"]}}],"collection":[{"href":"https:\/\/agenciainfra.com\/blog\/wp-json\/wp\/v2\/posts"}],"about":[{"href":"https:\/\/agenciainfra.com\/blog\/wp-json\/wp\/v2\/types\/post"}],"author":[{"embeddable":true,"href":"https:\/\/agenciainfra.com\/blog\/wp-json\/wp\/v2\/users\/1"}],"replies":[{"embeddable":true,"href":"https:\/\/agenciainfra.com\/blog\/wp-json\/wp\/v2\/comments?post=8615"}],"version-history":[{"count":0,"href":"https:\/\/agenciainfra.com\/blog\/wp-json\/wp\/v2\/posts\/8615\/revisions"}],"wp:featuredmedia":[{"embeddable":true,"href":"https:\/\/agenciainfra.com\/blog\/wp-json\/wp\/v2\/media\/8616"}],"wp:attachment":[{"href":"https:\/\/agenciainfra.com\/blog\/wp-json\/wp\/v2\/media?parent=8615"}],"wp:term":[{"taxonomy":"category","embeddable":true,"href":"https:\/\/agenciainfra.com\/blog\/wp-json\/wp\/v2\/categories?post=8615"},{"taxonomy":"post_tag","embeddable":true,"href":"https:\/\/agenciainfra.com\/blog\/wp-json\/wp\/v2\/tags?post=8615"}],"curies":[{"name":"wp","href":"https:\/\/api.w.org\/{rel}","templated":true}]}}