{"id":8618,"date":"2021-10-21T08:00:00","date_gmt":"2021-10-21T11:00:00","guid":{"rendered":"https:\/\/www.agenciainfra.com\/blog\/?p=8618"},"modified":"2021-10-20T12:00:15","modified_gmt":"2021-10-20T15:00:15","slug":"importadoras-devem-compensar-so-parte-da-demanda-extra-de-combustivel-em-novembro-diz-associacao","status":"publish","type":"post","link":"https:\/\/agenciainfra.com\/blog\/importadoras-devem-compensar-so-parte-da-demanda-extra-de-combustivel-em-novembro-diz-associacao\/","title":{"rendered":"Importadoras devem compensar s\u00f3 parte da demanda extra de combust\u00edvel em novembro, diz associa\u00e7\u00e3o"},"content":{"rendered":"\n<p class=\"has-text-align-right\"><strong>&nbsp;Ludmylla Rocha, da&nbsp;Ag\u00eancia iNFRA<\/strong><\/p>\n\n\n\n<p>O presidente-executivo da Abicom (Associa\u00e7\u00e3o Brasileira dos Importadores de Combust\u00edveis), S\u00e9rgio Ara\u00fajo, disse \u00e0\u00a0<strong>Ag\u00eancia iNFRA<\/strong>\u00a0que as importadoras conseguir\u00e3o absorver s\u00f3 parte do mercado que a\u00a0Petrobras deixar\u00e1 de atender em\u00a0novembro com o volume que t\u00eam armazenado.<br><br>Ele afirmou que esse volume est\u00e1 baixo, \u201cporque as defasagens [de pre\u00e7os] est\u00e3o elevadas h\u00e1 v\u00e1rias semanas\u201d. A associa\u00e7\u00e3o calcula defasagem m\u00e9dia de 14% no valor da gasolina e 17% do diesel frente ao pre\u00e7o desses combust\u00edveis no mercado internacional. \u201cCom isso, as importa\u00e7\u00f5es est\u00e3o inviabilizadas\u201d, disse.<br><br>Com os pre\u00e7os mais baixos no mercado dom\u00e9stico dominado pela Petrobras, o combust\u00edvel importado por empresas independentes n\u00e3o consegue competir com o produto distribu\u00eddo pela estatal. Ara\u00fajo afirma que, para atender \u00e0\u00a0demanda, a Petrobras deveria avisar \u00e0s empresas importadoras com anteced\u00eancia os volumes que ser\u00e3o ofertados nas refinarias para que estas programem suas compras.<br><br>Dados do IBP (Instituto Brasileiro de Petr\u00f3leo e G\u00e1s) apontam que 26% do diesel e 8% da gasolina foram adquiridos no mercado externo de janeiro a agosto de 2021, mas a estatal \u00e9 a grande compradora.<br><br><strong>Petrobras: \u201cDemanda at\u00edpica\u201d<\/strong><br>A Petrobras admitiu, em\u00a0<a rel=\"noreferrer noopener\" href=\"https:\/\/agenciainfra.us14.list-manage.com\/track\/click?u=d460dd1bcf9ba0ae040e1fc0f&amp;id=dc006452f5&amp;e=8d54f1ad19\" target=\"_blank\">comunicado ao mercado<\/a>, que pode n\u00e3o atender toda a demanda de combust\u00edveis solicitada para o pr\u00f3ximo m\u00eas. No texto, a petroleira afirma que \u201crecebeu pedidos muito acima dos meses anteriores e de sua capacidade de produ\u00e7\u00e3o\u201d.<br><br>A empresa de petr\u00f3leo argumenta ainda que \u201capenas com muita anteced\u00eancia\u201d poderia se programar para atender o que chama de \u201cdemanda at\u00edpica\u201d. \u201cNa compara\u00e7\u00e3o com novembro de 2019, a demanda dos distribuidores por diesel aumentou 20% e a por gasolina 10%, representando mais de 100% do mercado brasileiro\u201d, diz.<br><br><strong>Risco de desabastecimento<\/strong><br>O risco de desabastecimento foi anunciado no \u00faltimo dia 14 pela Brasilcom (Associa\u00e7\u00e3o das Distribuidoras de Combust\u00edveis). Em\u00a0<a rel=\"noreferrer noopener\" href=\"https:\/\/agenciainfra.us14.list-manage.com\/track\/click?u=d460dd1bcf9ba0ae040e1fc0f&amp;id=fb23855238&amp;e=8d54f1ad19\" target=\"_blank\">nota<\/a>, a associa\u00e7\u00e3o afirmou que a estatal de petr\u00f3leo comunicou uma s\u00e9rie de distribuidoras sobre cortes unilaterais nos pedidos de gasolina e \u00f3leo diesel para o pr\u00f3ximo m\u00eas.<br><br>&#8220;As redu\u00e7\u00f5es promovidas pela Petrobras, em alguns casos chegando a mais de 50% do volume solicitado para compra, colocam o pa\u00eds em situa\u00e7\u00e3o de potencial desabastecimento&#8221;, afirmou. Na ocasi\u00e3o, a Petrobras\u00a0<a rel=\"noreferrer noopener\" href=\"https:\/\/agenciainfra.us14.list-manage.com\/track\/click?u=d460dd1bcf9ba0ae040e1fc0f&amp;id=aa2e1f2fce&amp;e=8d54f1ad19\" target=\"_blank\">se limitou<\/a>\u00a0a dizer que estava cumprindo todos os contratos firmados.<br><br>Questionada sobre a nova nota da petroleira, a Brasilcom afirmou que &#8220;mesmo que a Petrobras n\u00e3o consiga, segundo seu comunicado, atender a todos os pedidos feitos pelas distribuidoras, sempre permanece a possibilidade de importa\u00e7\u00e3o, quer pela pr\u00f3pria Petrobras quer pelas distribuidoras, de modo a suprir o que parece ser a defici\u00eancia por incapacidade de produ\u00e7\u00e3o, face ao alegado aumento da demanda versus a estimativa da empresa&#8221;.\u00a0<br><br>A associa\u00e7\u00e3o disse, por\u00e9m, que a a\u00e7\u00e3o teria como consequ\u00eancia &#8220;o efeito nos pre\u00e7os dos combust\u00edveis&#8221;. &#8220;Quanto \u00e0 vers\u00e3o da Petrobras de que os pedidos feitos foram acima das m\u00e9dias anteriores, n\u00e3o podemos opinar, pois se trata de assunto exclusivo e confidencial entre clientes e fornecedor&#8221;, completou.<br><br><strong>\u201cDif\u00edcil explicar pela oferta\u201d<\/strong><br>\u00c9 a avalia\u00e7\u00e3o do presidente da Inter.B Consultoria, Cl\u00e1udio Frischtak. Ele aponta que a demanda por combust\u00edveis est\u00e1 conectada com o desempenho da economia, que, apesar de ter feito um movimento de recupera\u00e7\u00e3o com a pandemia, \u201cest\u00e1 come\u00e7ando a definhar\u201d. Ele estima que o trimestre que terminou se encerre com crescimento de cerca de 0,2% no PIB (Produto Interno Bruto). Para o \u00faltimo do ano, deve ser de zero ou at\u00e9 \u201clevemente negativo\u201d.<br><br>\u201cO consumo de combust\u00edvel normalmente segue de perto o crescimento da economia. O diesel tamb\u00e9m segue o crescimento do agroneg\u00f3cio, que \u00e9 uma coisa mais espec\u00edfica. Mas, de qualquer maneira, a essa altura \u2013\u00a0j\u00e1 se aproximando do final do ano \u2013, o determinante \u00e9 o crescimento da economia, que n\u00e3o est\u00e1 bombando\u201d, explicou.<br><br>O economista, que j\u00e1 atuou na \u00e1rea de ind\u00fastria e energia do Banco Mundial, aponta que a restri\u00e7\u00e3o da oferta \u201cest\u00e1 fundamentalmente calcada na defasagem de pre\u00e7o\u201d.<br><br>\u201cSe o pre\u00e7o dom\u00e9stico n\u00e3o acompanha o pre\u00e7o internacional, isso s\u00f3 se sustenta num regime de monop\u00f3lio estatal ou subsidiado pelo estado\u201d, pontuou.<\/p>\n","protected":false},"excerpt":{"rendered":"<p>&nbsp;Ludmylla Rocha, da&nbsp;Ag\u00eancia iNFRA O presidente-executivo da Abicom (Associa\u00e7\u00e3o Brasileira dos Importadores de Combust\u00edveis), S\u00e9rgio Ara\u00fajo, disse \u00e0\u00a0Ag\u00eancia iNFRA\u00a0que as importadoras conseguir\u00e3o absorver s\u00f3 parte do mercado que a\u00a0Petrobras deixar\u00e1 de atender em\u00a0novembro com o volume que t\u00eam armazenado. Ele afirmou que esse volume est\u00e1 baixo, \u201cporque as defasagens [de pre\u00e7os] est\u00e3o elevadas h\u00e1 v\u00e1rias [&hellip;]<\/p>\n","protected":false},"author":1,"featured_media":8054,"comment_status":"closed","ping_status":"closed","sticky":false,"template":"","format":"standard","meta":{"_monsterinsights_skip_tracking":false,"_monsterinsights_sitenote_active":false,"_monsterinsights_sitenote_note":"","_monsterinsights_sitenote_category":0,"footnotes":""},"categories":[1,10],"tags":[3376,663,5059,314,1874,315,25,3365,1444,143],"class_list":["post-8618","post","type-post","status-publish","format-standard","has-post-thumbnail","hentry","category-geral","category-infraenergia","tag-abicom","tag-agronegocio","tag-brasilcom","tag-combustiveis","tag-desabastecimento","tag-diesel","tag-energia","tag-gasolina","tag-ibp","tag-petrobras"],"yoast_head":"<!-- This site is optimized with the Yoast SEO Premium plugin v25.4 (Yoast SEO v26.0) - https:\/\/yoast.com\/wordpress\/plugins\/seo\/ -->\n<title>Importadoras devem compensar s\u00f3 parte da demanda extra de combust\u00edvel em novembro, diz associa\u00e7\u00e3o - Ag\u00eancia iNFRA<\/title>\n<meta name=\"robots\" content=\"index, follow, max-snippet:-1, max-image-preview:large, max-video-preview:-1\" \/>\n<link rel=\"canonical\" href=\"https:\/\/agenciainfra.com\/blog\/importadoras-devem-compensar-so-parte-da-demanda-extra-de-combustivel-em-novembro-diz-associacao\/\" \/>\n<meta property=\"og:locale\" content=\"pt_BR\" \/>\n<meta property=\"og:type\" content=\"article\" \/>\n<meta property=\"og:title\" content=\"Importadoras devem compensar s\u00f3 parte da demanda extra de combust\u00edvel em novembro, diz associa\u00e7\u00e3o\" \/>\n<meta property=\"og:description\" content=\"&nbsp;Ludmylla Rocha, da&nbsp;Ag\u00eancia iNFRA O presidente-executivo da Abicom (Associa\u00e7\u00e3o Brasileira dos Importadores de Combust\u00edveis), S\u00e9rgio Ara\u00fajo, disse \u00e0\u00a0Ag\u00eancia iNFRA\u00a0que as importadoras conseguir\u00e3o absorver s\u00f3 parte do mercado que a\u00a0Petrobras deixar\u00e1 de atender em\u00a0novembro com o volume que t\u00eam armazenado. Ele afirmou que esse volume est\u00e1 baixo, \u201cporque as defasagens [de pre\u00e7os] est\u00e3o elevadas h\u00e1 v\u00e1rias [&hellip;]\" \/>\n<meta property=\"og:url\" content=\"https:\/\/agenciainfra.com\/blog\/importadoras-devem-compensar-so-parte-da-demanda-extra-de-combustivel-em-novembro-diz-associacao\/\" \/>\n<meta property=\"og:site_name\" content=\"Ag\u00eancia iNFRA\" \/>\n<meta property=\"article:publisher\" content=\"https:\/\/www.facebook.com\/ageninfra\" \/>\n<meta property=\"article:published_time\" content=\"2021-10-21T11:00:00+00:00\" \/>\n<meta property=\"og:image\" content=\"https:\/\/agenciainfra.com\/blog\/wp-content\/uploads\/2021\/08\/combustivel-foto-agenciabrasil.png\" \/>\n\t<meta property=\"og:image:width\" content=\"1280\" \/>\n\t<meta property=\"og:image:height\" content=\"719\" \/>\n\t<meta property=\"og:image:type\" content=\"image\/png\" \/>\n<meta name=\"author\" content=\"Ag\u00eancia iNFRA\" \/>\n<meta name=\"twitter:card\" content=\"summary_large_image\" \/>\n<meta name=\"twitter:creator\" content=\"@agencia_infra\" \/>\n<meta name=\"twitter:site\" content=\"@agencia_infra\" \/>\n<meta name=\"twitter:label1\" content=\"Escrito por\" \/>\n\t<meta name=\"twitter:data1\" content=\"Ag\u00eancia iNFRA\" \/>\n\t<meta name=\"twitter:label2\" content=\"Est. tempo de leitura\" \/>\n\t<meta name=\"twitter:data2\" content=\"4 minutos\" \/>\n<script type=\"application\/ld+json\" class=\"yoast-schema-graph\">{\"@context\":\"https:\/\/schema.org\",\"@graph\":[{\"@type\":\"Article\",\"@id\":\"https:\/\/agenciainfra.com\/blog\/importadoras-devem-compensar-so-parte-da-demanda-extra-de-combustivel-em-novembro-diz-associacao\/#article\",\"isPartOf\":{\"@id\":\"https:\/\/agenciainfra.com\/blog\/importadoras-devem-compensar-so-parte-da-demanda-extra-de-combustivel-em-novembro-diz-associacao\/\"},\"author\":{\"name\":\"Ag\u00eancia iNFRA\",\"@id\":\"https:\/\/agenciainfra.com\/blog\/#\/schema\/person\/34af08dff6adea4cb22b06612ba7acfa\"},\"headline\":\"Importadoras devem compensar s\u00f3 parte da demanda extra de combust\u00edvel em novembro, diz associa\u00e7\u00e3o\",\"datePublished\":\"2021-10-21T11:00:00+00:00\",\"mainEntityOfPage\":{\"@id\":\"https:\/\/agenciainfra.com\/blog\/importadoras-devem-compensar-so-parte-da-demanda-extra-de-combustivel-em-novembro-diz-associacao\/\"},\"wordCount\":738,\"publisher\":{\"@id\":\"https:\/\/agenciainfra.com\/blog\/#organization\"},\"image\":{\"@id\":\"https:\/\/agenciainfra.com\/blog\/importadoras-devem-compensar-so-parte-da-demanda-extra-de-combustivel-em-novembro-diz-associacao\/#primaryimage\"},\"thumbnailUrl\":\"https:\/\/agenciainfra.com\/blog\/wp-content\/uploads\/2021\/08\/combustivel-foto-agenciabrasil.png\",\"keywords\":[\"Abicom\",\"agroneg\u00f3cio\",\"Brasilcom\",\"combust\u00edveis\",\"desabastecimento\",\"diesel\",\"energia\",\"gasolina\",\"IBP\",\"Petrobras\"],\"articleSection\":[\"Geral\",\"iNFRAEnergia\"],\"inLanguage\":\"pt-BR\",\"copyrightYear\":\"2021\",\"copyrightHolder\":{\"@id\":\"https:\/\/agenciainfra.com\/blog\/#organization\"}},{\"@type\":\"WebPage\",\"@id\":\"https:\/\/agenciainfra.com\/blog\/importadoras-devem-compensar-so-parte-da-demanda-extra-de-combustivel-em-novembro-diz-associacao\/\",\"url\":\"https:\/\/agenciainfra.com\/blog\/importadoras-devem-compensar-so-parte-da-demanda-extra-de-combustivel-em-novembro-diz-associacao\/\",\"name\":\"Importadoras devem compensar s\u00f3 parte da demanda extra de combust\u00edvel em novembro, diz associa\u00e7\u00e3o - Ag\u00eancia iNFRA\",\"isPartOf\":{\"@id\":\"https:\/\/agenciainfra.com\/blog\/#website\"},\"primaryImageOfPage\":{\"@id\":\"https:\/\/agenciainfra.com\/blog\/importadoras-devem-compensar-so-parte-da-demanda-extra-de-combustivel-em-novembro-diz-associacao\/#primaryimage\"},\"image\":{\"@id\":\"https:\/\/agenciainfra.com\/blog\/importadoras-devem-compensar-so-parte-da-demanda-extra-de-combustivel-em-novembro-diz-associacao\/#primaryimage\"},\"thumbnailUrl\":\"https:\/\/agenciainfra.com\/blog\/wp-content\/uploads\/2021\/08\/combustivel-foto-agenciabrasil.png\",\"datePublished\":\"2021-10-21T11:00:00+00:00\",\"breadcrumb\":{\"@id\":\"https:\/\/agenciainfra.com\/blog\/importadoras-devem-compensar-so-parte-da-demanda-extra-de-combustivel-em-novembro-diz-associacao\/#breadcrumb\"},\"inLanguage\":\"pt-BR\",\"potentialAction\":[{\"@type\":\"ReadAction\",\"target\":[\"https:\/\/agenciainfra.com\/blog\/importadoras-devem-compensar-so-parte-da-demanda-extra-de-combustivel-em-novembro-diz-associacao\/\"]}]},{\"@type\":\"ImageObject\",\"inLanguage\":\"pt-BR\",\"@id\":\"https:\/\/agenciainfra.com\/blog\/importadoras-devem-compensar-so-parte-da-demanda-extra-de-combustivel-em-novembro-diz-associacao\/#primaryimage\",\"url\":\"https:\/\/agenciainfra.com\/blog\/wp-content\/uploads\/2021\/08\/combustivel-foto-agenciabrasil.png\",\"contentUrl\":\"https:\/\/agenciainfra.com\/blog\/wp-content\/uploads\/2021\/08\/combustivel-foto-agenciabrasil.png\",\"width\":1280,\"height\":719,\"caption\":\"Foto: Ag\u00eancia Brasil\"},{\"@type\":\"BreadcrumbList\",\"@id\":\"https:\/\/agenciainfra.com\/blog\/importadoras-devem-compensar-so-parte-da-demanda-extra-de-combustivel-em-novembro-diz-associacao\/#breadcrumb\",\"itemListElement\":[{\"@type\":\"ListItem\",\"position\":1,\"name\":\"In\u00edcio\",\"item\":\"https:\/\/agenciainfra.com\/blog\/\"},{\"@type\":\"ListItem\",\"position\":2,\"name\":\"Importadoras devem compensar s\u00f3 parte da demanda extra de combust\u00edvel em novembro, diz associa\u00e7\u00e3o\"}]},{\"@type\":\"WebSite\",\"@id\":\"https:\/\/agenciainfra.com\/blog\/#website\",\"url\":\"https:\/\/agenciainfra.com\/blog\/\",\"name\":\"Ag\u00eancia iNFRA\",\"description\":\"Multiplataforma de informa\u00e7\u00e3o jornal\u00edstica refer\u00eancia na \u00e1rea de infraestrutura no Brasil!\",\"publisher\":{\"@id\":\"https:\/\/agenciainfra.com\/blog\/#organization\"},\"potentialAction\":[{\"@type\":\"SearchAction\",\"target\":{\"@type\":\"EntryPoint\",\"urlTemplate\":\"https:\/\/agenciainfra.com\/blog\/?s={search_term_string}\"},\"query-input\":{\"@type\":\"PropertyValueSpecification\",\"valueRequired\":true,\"valueName\":\"search_term_string\"}}],\"inLanguage\":\"pt-BR\"},{\"@type\":\"Organization\",\"@id\":\"https:\/\/agenciainfra.com\/blog\/#organization\",\"name\":\"Ag\u00eancia iNFRA\",\"url\":\"https:\/\/agenciainfra.com\/blog\/\",\"logo\":{\"@type\":\"ImageObject\",\"inLanguage\":\"pt-BR\",\"@id\":\"https:\/\/agenciainfra.com\/blog\/#\/schema\/logo\/image\/\",\"url\":\"https:\/\/agenciainfra.com\/blog\/wp-content\/uploads\/2023\/09\/iNFRA_5-e1761735885940.png\",\"contentUrl\":\"https:\/\/agenciainfra.com\/blog\/wp-content\/uploads\/2023\/09\/iNFRA_5-e1761735885940.png\",\"width\":1672,\"height\":454,\"caption\":\"Ag\u00eancia iNFRA\"},\"image\":{\"@id\":\"https:\/\/agenciainfra.com\/blog\/#\/schema\/logo\/image\/\"},\"sameAs\":[\"https:\/\/www.facebook.com\/ageninfra\",\"https:\/\/x.com\/agencia_infra\",\"https:\/\/www.linkedin.com\/company\/ag\u00eanciainfra\/\",\"https:\/\/www.instagram.com\/agenciainfra\/\"]},{\"@type\":\"Person\",\"@id\":\"https:\/\/agenciainfra.com\/blog\/#\/schema\/person\/34af08dff6adea4cb22b06612ba7acfa\",\"name\":\"Ag\u00eancia iNFRA\",\"image\":{\"@type\":\"ImageObject\",\"inLanguage\":\"pt-BR\",\"@id\":\"https:\/\/agenciainfra.com\/blog\/#\/schema\/person\/image\/\",\"url\":\"https:\/\/secure.gravatar.com\/avatar\/d189e01678f06d8eb84d4e01f08eb848b3fffe3f8443818d3c356c66892f5be8?s=96&d=mm&r=g\",\"contentUrl\":\"https:\/\/secure.gravatar.com\/avatar\/d189e01678f06d8eb84d4e01f08eb848b3fffe3f8443818d3c356c66892f5be8?s=96&d=mm&r=g\",\"caption\":\"Ag\u00eancia iNFRA\"},\"url\":\"https:\/\/agenciainfra.com\/blog\/author\/admin\/\"}]}<\/script>\n<!-- \/ Yoast SEO Premium plugin. -->","yoast_head_json":{"title":"Importadoras devem compensar s\u00f3 parte da demanda extra de combust\u00edvel em novembro, diz associa\u00e7\u00e3o - Ag\u00eancia iNFRA","robots":{"index":"index","follow":"follow","max-snippet":"max-snippet:-1","max-image-preview":"max-image-preview:large","max-video-preview":"max-video-preview:-1"},"canonical":"https:\/\/agenciainfra.com\/blog\/importadoras-devem-compensar-so-parte-da-demanda-extra-de-combustivel-em-novembro-diz-associacao\/","og_locale":"pt_BR","og_type":"article","og_title":"Importadoras devem compensar s\u00f3 parte da demanda extra de combust\u00edvel em novembro, diz associa\u00e7\u00e3o","og_description":"&nbsp;Ludmylla Rocha, da&nbsp;Ag\u00eancia iNFRA O presidente-executivo da Abicom (Associa\u00e7\u00e3o Brasileira dos Importadores de Combust\u00edveis), S\u00e9rgio Ara\u00fajo, disse \u00e0\u00a0Ag\u00eancia iNFRA\u00a0que as importadoras conseguir\u00e3o absorver s\u00f3 parte do mercado que a\u00a0Petrobras deixar\u00e1 de atender em\u00a0novembro com o volume que t\u00eam armazenado. Ele afirmou que esse volume est\u00e1 baixo, \u201cporque as defasagens [de pre\u00e7os] est\u00e3o elevadas h\u00e1 v\u00e1rias [&hellip;]","og_url":"https:\/\/agenciainfra.com\/blog\/importadoras-devem-compensar-so-parte-da-demanda-extra-de-combustivel-em-novembro-diz-associacao\/","og_site_name":"Ag\u00eancia iNFRA","article_publisher":"https:\/\/www.facebook.com\/ageninfra","article_published_time":"2021-10-21T11:00:00+00:00","og_image":[{"width":1280,"height":719,"url":"https:\/\/agenciainfra.com\/blog\/wp-content\/uploads\/2021\/08\/combustivel-foto-agenciabrasil.png","type":"image\/png"}],"author":"Ag\u00eancia iNFRA","twitter_card":"summary_large_image","twitter_creator":"@agencia_infra","twitter_site":"@agencia_infra","twitter_misc":{"Escrito por":"Ag\u00eancia iNFRA","Est. tempo de leitura":"4 minutos"},"schema":{"@context":"https:\/\/schema.org","@graph":[{"@type":"Article","@id":"https:\/\/agenciainfra.com\/blog\/importadoras-devem-compensar-so-parte-da-demanda-extra-de-combustivel-em-novembro-diz-associacao\/#article","isPartOf":{"@id":"https:\/\/agenciainfra.com\/blog\/importadoras-devem-compensar-so-parte-da-demanda-extra-de-combustivel-em-novembro-diz-associacao\/"},"author":{"name":"Ag\u00eancia iNFRA","@id":"https:\/\/agenciainfra.com\/blog\/#\/schema\/person\/34af08dff6adea4cb22b06612ba7acfa"},"headline":"Importadoras devem compensar s\u00f3 parte da demanda extra de combust\u00edvel em novembro, diz associa\u00e7\u00e3o","datePublished":"2021-10-21T11:00:00+00:00","mainEntityOfPage":{"@id":"https:\/\/agenciainfra.com\/blog\/importadoras-devem-compensar-so-parte-da-demanda-extra-de-combustivel-em-novembro-diz-associacao\/"},"wordCount":738,"publisher":{"@id":"https:\/\/agenciainfra.com\/blog\/#organization"},"image":{"@id":"https:\/\/agenciainfra.com\/blog\/importadoras-devem-compensar-so-parte-da-demanda-extra-de-combustivel-em-novembro-diz-associacao\/#primaryimage"},"thumbnailUrl":"https:\/\/agenciainfra.com\/blog\/wp-content\/uploads\/2021\/08\/combustivel-foto-agenciabrasil.png","keywords":["Abicom","agroneg\u00f3cio","Brasilcom","combust\u00edveis","desabastecimento","diesel","energia","gasolina","IBP","Petrobras"],"articleSection":["Geral","iNFRAEnergia"],"inLanguage":"pt-BR","copyrightYear":"2021","copyrightHolder":{"@id":"https:\/\/agenciainfra.com\/blog\/#organization"}},{"@type":"WebPage","@id":"https:\/\/agenciainfra.com\/blog\/importadoras-devem-compensar-so-parte-da-demanda-extra-de-combustivel-em-novembro-diz-associacao\/","url":"https:\/\/agenciainfra.com\/blog\/importadoras-devem-compensar-so-parte-da-demanda-extra-de-combustivel-em-novembro-diz-associacao\/","name":"Importadoras devem compensar s\u00f3 parte da demanda extra de combust\u00edvel em novembro, diz associa\u00e7\u00e3o - Ag\u00eancia iNFRA","isPartOf":{"@id":"https:\/\/agenciainfra.com\/blog\/#website"},"primaryImageOfPage":{"@id":"https:\/\/agenciainfra.com\/blog\/importadoras-devem-compensar-so-parte-da-demanda-extra-de-combustivel-em-novembro-diz-associacao\/#primaryimage"},"image":{"@id":"https:\/\/agenciainfra.com\/blog\/importadoras-devem-compensar-so-parte-da-demanda-extra-de-combustivel-em-novembro-diz-associacao\/#primaryimage"},"thumbnailUrl":"https:\/\/agenciainfra.com\/blog\/wp-content\/uploads\/2021\/08\/combustivel-foto-agenciabrasil.png","datePublished":"2021-10-21T11:00:00+00:00","breadcrumb":{"@id":"https:\/\/agenciainfra.com\/blog\/importadoras-devem-compensar-so-parte-da-demanda-extra-de-combustivel-em-novembro-diz-associacao\/#breadcrumb"},"inLanguage":"pt-BR","potentialAction":[{"@type":"ReadAction","target":["https:\/\/agenciainfra.com\/blog\/importadoras-devem-compensar-so-parte-da-demanda-extra-de-combustivel-em-novembro-diz-associacao\/"]}]},{"@type":"ImageObject","inLanguage":"pt-BR","@id":"https:\/\/agenciainfra.com\/blog\/importadoras-devem-compensar-so-parte-da-demanda-extra-de-combustivel-em-novembro-diz-associacao\/#primaryimage","url":"https:\/\/agenciainfra.com\/blog\/wp-content\/uploads\/2021\/08\/combustivel-foto-agenciabrasil.png","contentUrl":"https:\/\/agenciainfra.com\/blog\/wp-content\/uploads\/2021\/08\/combustivel-foto-agenciabrasil.png","width":1280,"height":719,"caption":"Foto: Ag\u00eancia Brasil"},{"@type":"BreadcrumbList","@id":"https:\/\/agenciainfra.com\/blog\/importadoras-devem-compensar-so-parte-da-demanda-extra-de-combustivel-em-novembro-diz-associacao\/#breadcrumb","itemListElement":[{"@type":"ListItem","position":1,"name":"In\u00edcio","item":"https:\/\/agenciainfra.com\/blog\/"},{"@type":"ListItem","position":2,"name":"Importadoras devem compensar s\u00f3 parte da demanda extra de combust\u00edvel em novembro, diz associa\u00e7\u00e3o"}]},{"@type":"WebSite","@id":"https:\/\/agenciainfra.com\/blog\/#website","url":"https:\/\/agenciainfra.com\/blog\/","name":"Ag\u00eancia iNFRA","description":"Multiplataforma de informa\u00e7\u00e3o jornal\u00edstica refer\u00eancia na \u00e1rea de infraestrutura no Brasil!","publisher":{"@id":"https:\/\/agenciainfra.com\/blog\/#organization"},"potentialAction":[{"@type":"SearchAction","target":{"@type":"EntryPoint","urlTemplate":"https:\/\/agenciainfra.com\/blog\/?s={search_term_string}"},"query-input":{"@type":"PropertyValueSpecification","valueRequired":true,"valueName":"search_term_string"}}],"inLanguage":"pt-BR"},{"@type":"Organization","@id":"https:\/\/agenciainfra.com\/blog\/#organization","name":"Ag\u00eancia iNFRA","url":"https:\/\/agenciainfra.com\/blog\/","logo":{"@type":"ImageObject","inLanguage":"pt-BR","@id":"https:\/\/agenciainfra.com\/blog\/#\/schema\/logo\/image\/","url":"https:\/\/agenciainfra.com\/blog\/wp-content\/uploads\/2023\/09\/iNFRA_5-e1761735885940.png","contentUrl":"https:\/\/agenciainfra.com\/blog\/wp-content\/uploads\/2023\/09\/iNFRA_5-e1761735885940.png","width":1672,"height":454,"caption":"Ag\u00eancia iNFRA"},"image":{"@id":"https:\/\/agenciainfra.com\/blog\/#\/schema\/logo\/image\/"},"sameAs":["https:\/\/www.facebook.com\/ageninfra","https:\/\/x.com\/agencia_infra","https:\/\/www.linkedin.com\/company\/ag\u00eanciainfra\/","https:\/\/www.instagram.com\/agenciainfra\/"]},{"@type":"Person","@id":"https:\/\/agenciainfra.com\/blog\/#\/schema\/person\/34af08dff6adea4cb22b06612ba7acfa","name":"Ag\u00eancia iNFRA","image":{"@type":"ImageObject","inLanguage":"pt-BR","@id":"https:\/\/agenciainfra.com\/blog\/#\/schema\/person\/image\/","url":"https:\/\/secure.gravatar.com\/avatar\/d189e01678f06d8eb84d4e01f08eb848b3fffe3f8443818d3c356c66892f5be8?s=96&d=mm&r=g","contentUrl":"https:\/\/secure.gravatar.com\/avatar\/d189e01678f06d8eb84d4e01f08eb848b3fffe3f8443818d3c356c66892f5be8?s=96&d=mm&r=g","caption":"Ag\u00eancia iNFRA"},"url":"https:\/\/agenciainfra.com\/blog\/author\/admin\/"}]}},"_links":{"self":[{"href":"https:\/\/agenciainfra.com\/blog\/wp-json\/wp\/v2\/posts\/8618","targetHints":{"allow":["GET"]}}],"collection":[{"href":"https:\/\/agenciainfra.com\/blog\/wp-json\/wp\/v2\/posts"}],"about":[{"href":"https:\/\/agenciainfra.com\/blog\/wp-json\/wp\/v2\/types\/post"}],"author":[{"embeddable":true,"href":"https:\/\/agenciainfra.com\/blog\/wp-json\/wp\/v2\/users\/1"}],"replies":[{"embeddable":true,"href":"https:\/\/agenciainfra.com\/blog\/wp-json\/wp\/v2\/comments?post=8618"}],"version-history":[{"count":0,"href":"https:\/\/agenciainfra.com\/blog\/wp-json\/wp\/v2\/posts\/8618\/revisions"}],"wp:featuredmedia":[{"embeddable":true,"href":"https:\/\/agenciainfra.com\/blog\/wp-json\/wp\/v2\/media\/8054"}],"wp:attachment":[{"href":"https:\/\/agenciainfra.com\/blog\/wp-json\/wp\/v2\/media?parent=8618"}],"wp:term":[{"taxonomy":"category","embeddable":true,"href":"https:\/\/agenciainfra.com\/blog\/wp-json\/wp\/v2\/categories?post=8618"},{"taxonomy":"post_tag","embeddable":true,"href":"https:\/\/agenciainfra.com\/blog\/wp-json\/wp\/v2\/tags?post=8618"}],"curies":[{"name":"wp","href":"https:\/\/api.w.org\/{rel}","templated":true}]}}