{"id":8631,"date":"2021-10-23T08:00:00","date_gmt":"2021-10-23T11:00:00","guid":{"rendered":"https:\/\/www.agenciainfra.com\/blog\/?p=8631"},"modified":"2021-10-22T10:51:12","modified_gmt":"2021-10-22T13:51:12","slug":"procurador-aponta-ilegalidade-e-pede-suspensao-de-portaria-de-autorizacao-ferroviaria","status":"publish","type":"post","link":"https:\/\/agenciainfra.com\/blog\/procurador-aponta-ilegalidade-e-pede-suspensao-de-portaria-de-autorizacao-ferroviaria\/","title":{"rendered":"Procurador aponta ilegalidade e pede suspens\u00e3o de portaria de autoriza\u00e7\u00e3o ferrovi\u00e1ria"},"content":{"rendered":"\n<p class=\"has-text-align-right\"><strong>Dimmi Amora, da Ag\u00eancia iNFRA<\/strong><\/p>\n\n\n\n<p>O procurador do Minist\u00e9rio P\u00fablico junto ao TCU (Tribunal de Contas da Uni\u00e3o), J\u00falio Marcelo de Oliveira, entrou com representa\u00e7\u00e3o no \u00f3rg\u00e3o para pedir que o Minist\u00e9rio da Infraestrutura e a ANTT (Ag\u00eancia Nacional de Transportes Terrestres) sejam impedidos de examinar processos de autoriza\u00e7\u00e3o ferrovi\u00e1ria.<\/p>\n\n\n\n<p>Ele alega que a Portaria 131\/2021, que regulamentou parte da MP 1.065, que criou a permiss\u00e3o para autorizar ferrovias, \u00e9 ilegal e deve ser anulada. O processo foi distribu\u00eddo ao ministro Raimundo Carreiro, que \u00e9 o respons\u00e1vel pela an\u00e1lise de processos do Minist\u00e9rio da Infraestrutura na corte em 2021, e n\u00e3o h\u00e1 decis\u00e3o sobre o tema at\u00e9 o momento.<\/p>\n\n\n\n<p>A ANTT adiou, na reuni\u00e3o de diretoria da \u00faltima quinta-feira (21), a an\u00e1lise de processos que j\u00e1 tiveram avalia\u00e7\u00e3o, pela \u00e1rea t\u00e9cnica da Superintend\u00eancia de Ferrovias, de um dos aspectos determinados pela medida provis\u00f3ria, que \u00e9 a chamada viabilidade locacional. Com argumentos assemelhados aos do procurador, a Rumo entrou na Justi\u00e7a no in\u00edcio desta semana e teve uma\u00a0liminar negada\u00a0para tamb\u00e9m suspender o processo de autoriza\u00e7\u00e3o, em decis\u00e3o da \u00faltima ter\u00e7a-feira (19).<\/p>\n\n\n\n<p>O pedido do procurador indica que o estabelecimento de um crit\u00e9rio de sele\u00e7\u00e3o de proposta por quem fez o pedido primeiro (artigo 9\u00ba da portaria) &#8220;carece de razoabilidade&#8221; e &#8220;equivale a direcionar a escolha de modo a favorecer uma empresa previamente conhecida&#8221;, visto que j\u00e1 havia pedidos feitos antes de a portaria ser apresentada.<\/p>\n\n\n\n<p>&#8220;Trata-se de ato administrativo normativo ofensivo \u00e0 legalidade (art. 5\u00ba, inc. II, da CF) e tamb\u00e9m \u00e0 razoabilidade e proporcionalidade (art. 2\u00ba da Lei 9.784\/1999), que n\u00e3o atende ao interesse p\u00fablico&#8221;, escreveu o procurador, defendendo ainda que o processo carece&nbsp;de transpar\u00eancia por n\u00e3o ter seguido o decreto que determina que seja realizada AIR (An\u00e1lise de Impacto Regulat\u00f3rio) na regula\u00e7\u00e3o setorial.<\/p>\n\n\n\n<p>Duas concession\u00e1rias de ferrovias atuais, a Rumo e a VLI, pediram autoriza\u00e7\u00e3o para trechos iguais, sendo que a VLI ingressou com a proposta primeiro, tr\u00eas dias depois de a MP ter sido publicada.<\/p>\n\n\n\n<p>Marcelo alega que a pr\u00f3pria MP criou um mecanismo de chamamento p\u00fablico com crit\u00e9rio de sele\u00e7\u00e3o para a escolha de melhor proposta por valor de outorga, e que, por isso, a portaria estaria contrariando a legisla\u00e7\u00e3o. No caso espec\u00edfico do crit\u00e9rio de outorga, a MP tratava da devolu\u00e7\u00e3o de ferrovias que n\u00e3o est\u00e3o mais em uso, tema n\u00e3o regulamentado pela Portaria 131, que tratou apenas das ferrovias novas.<\/p>\n\n\n\n<p><strong>Abertura para concorr\u00eancia<\/strong><br>Os t\u00e9cnicos do Minist\u00e9rio da Infraestrutura t\u00eam defendido uma posi\u00e7\u00e3o diferente da do procurador. Para o minist\u00e9rio, o artigo da portaria n\u00e3o d\u00e1 prefer\u00eancia a um projeto, j\u00e1 que determina que todos os pedidos sejam aprovados, desde que se mostrem tecnicamente vi\u00e1veis. O segundo a pedir teria que adaptar sua proposta somente se&nbsp;for indicada a inviabilidade.&nbsp;<\/p>\n\n\n\n<p>O direcionamento do modelo de autoriza\u00e7\u00f5es ferrovi\u00e1rias \u00e9 por uma abertura do mercado com o intuito de reduzir os fretes ferrovi\u00e1rios, considerados excessivos, j\u00e1 que est\u00e3o pr\u00f3ximos aos dos pre\u00e7os do transporte rodovi\u00e1rio, quando deveriam custar por volta da metade daqueles.<\/p>\n\n\n\n<p>Por isso, na vis\u00e3o corrente na pasta, seria saud\u00e1vel ter mais de uma liga\u00e7\u00e3o ferrovi\u00e1ria entre dois pontos, se ela for vi\u00e1vel tecnicamente. Assim, n\u00e3o haveria nenhuma sele\u00e7\u00e3o do governo para o projeto, e sim uma sele\u00e7\u00e3o posterior, que ser\u00e1 feita pelo mercado, por meio da viabiliza\u00e7\u00e3o ambiental e econ\u00f4mica do projeto ap\u00f3s a autoriza\u00e7\u00e3o pela pasta.<\/p>\n\n\n\n<p><strong>Inviabiliza\u00e7\u00e3o<\/strong><br>A posi\u00e7\u00e3o do procurador \u00e9 a mesma compartilhada por experientes agentes do setor privado e do setor p\u00fablico ouvidos pela&nbsp;<strong>Ag\u00eancia iNFRA<\/strong>. Eles indicam que numa liga\u00e7\u00e3o curta, dificilmente haver\u00e1 viabilidade para mais de uma ferrovia ligando os mesmos dois pontos e para a mesma carga. Dar&nbsp;mais de uma autoriza\u00e7\u00e3o acabar\u00e1 por inviabilizar ambas, visto que elas n\u00e3o ser\u00e3o financi\u00e1veis. Em sua peti\u00e7\u00e3o, Marcelo toca nesse ponto.&nbsp;<\/p>\n\n\n\n<p>&#8220;Se o projeto da empresa que detiver prefer\u00eancia naufragar, \u00e9 a sociedade \u2013 a economia do pa\u00eds \u2013 que estar\u00e1 sendo punida com esse fracasso. Se dois ou mais projetos bons e vi\u00e1veis forem apresentados em situa\u00e7\u00e3o de competi\u00e7\u00e3o, de conflito, est\u00e1 caracterizada a necessidade de um procedimento competitivo para sele\u00e7\u00e3o da melhor proposta&#8221;, escreveu o procurador.<\/p>\n\n\n\n<p><strong>Falta de regulamento<\/strong><br>Outro fato que tem chamado a aten\u00e7\u00e3o de experientes reguladores, defensores da ideia de criar o modelo de ferrovias por autoriza\u00e7\u00e3o, \u00e9 a falta de crit\u00e9rio na ANTT para avaliar a chamada viabilidade locacional, prevista na medida provis\u00f3ria.&nbsp;<\/p>\n\n\n\n<p>Eles lembram que na pr\u00f3pria ag\u00eancia e em outras os conceitos de viabilidade em outras \u00e1reas de transportes s\u00e3o definidos por resolu\u00e7\u00f5es, de modo bem especificado, para que os t\u00e9cnicos possam fazer as an\u00e1lises em casos de conflito de propostas.<\/p>\n\n\n\n<p>Alguns defendem que a MP carece de um decreto regulamentador, o que impediria a ag\u00eancia at\u00e9 mesmo de iniciar um processo para criar uma resolu\u00e7\u00e3o que dissesse afinal como definir a viabilidade locacional. Um dos pareceres para definir a viabilidade locacional j\u00e1 realizados traz poucas informa\u00e7\u00f5es e, em parte do texto, os analistas parecem defender-se pela falta de an\u00e1lise de v\u00e1rios aspectos sobre o tema.<\/p>\n\n\n\n<p><strong>&#8220;A\u00e7odada&#8221;<\/strong><br>J\u00falio Marcelo cita o tema ao apontar que os processos est\u00e3o sendo tratados de maneira &#8220;a\u00e7odada&#8221;, com a ag\u00eancia emitindo pareceres horas depois da resolu\u00e7\u00e3o publicada, como mostrou&nbsp;<a href=\"https:\/\/agenciainfra.com\/blog\/da-euforia-a-guerra-o-longo-caminho-para-tirar-projetos-de-ferrovia-autorizada-do-papel\/amp\/\" data-type=\"URL\" data-id=\"https:\/\/agenciainfra.com\/blog\/da-euforia-a-guerra-o-longo-caminho-para-tirar-projetos-de-ferrovia-autorizada-do-papel\/amp\/\">reportagem especial<\/a>&nbsp;da&nbsp;<strong>Ag\u00eancia iNFRA<\/strong>&nbsp;sobre o tema, integralmente citada na peti\u00e7\u00e3o do procurador.<\/p>\n\n\n\n<p>&#8220;V\u00ea-se, pois, que tanto o Minist\u00e9rio da Infraestrutura quanto a ANTT apressam-se para produzir atos que configurar\u00e3o fatos consumados e atos jur\u00eddicos aptos a gerar direitos adquiridos com base na MP 1.065\/2021&#8221;, diz o procurador, lembrando do prazo de at\u00e9 99 anos das autoriza\u00e7\u00f5es.<\/p>\n","protected":false},"excerpt":{"rendered":"<p>Dimmi Amora, da Ag\u00eancia iNFRA O procurador do Minist\u00e9rio P\u00fablico junto ao TCU (Tribunal de Contas da Uni\u00e3o), J\u00falio Marcelo de Oliveira, entrou com representa\u00e7\u00e3o no \u00f3rg\u00e3o para pedir que o Minist\u00e9rio da Infraestrutura e a ANTT (Ag\u00eancia Nacional de Transportes Terrestres) sejam impedidos de examinar processos de autoriza\u00e7\u00e3o ferrovi\u00e1ria. Ele alega que a Portaria [&hellip;]<\/p>\n","protected":false},"author":1,"featured_media":3433,"comment_status":"closed","ping_status":"closed","sticky":false,"template":"","format":"standard","meta":{"_monsterinsights_skip_tracking":false,"_monsterinsights_sitenote_active":false,"_monsterinsights_sitenote_note":"","_monsterinsights_sitenote_category":0,"footnotes":""},"categories":[1,7],"tags":[2173,19,1350,120,775,5061,2656,5062,18,1518],"class_list":["post-8631","post","type-post","status-publish","format-standard","has-post-thumbnail","hentry","category-geral","category-infratransporte","tag-air","tag-antt","tag-autorizacao-ferroviaria","tag-ferrovias","tag-ministerio-da-infraestrutura","tag-portaria-131","tag-regulamentacao","tag-superintendencia-de-ferrovias","tag-tcu","tag-transportes-terrestres"],"yoast_head":"<!-- This site is optimized with the Yoast SEO Premium plugin v25.4 (Yoast SEO v26.0) - https:\/\/yoast.com\/wordpress\/plugins\/seo\/ -->\n<title>Procurador aponta ilegalidade e pede suspens\u00e3o de portaria de autoriza\u00e7\u00e3o ferrovi\u00e1ria - Ag\u00eancia iNFRA<\/title>\n<meta name=\"robots\" content=\"index, follow, max-snippet:-1, max-image-preview:large, max-video-preview:-1\" \/>\n<link rel=\"canonical\" href=\"https:\/\/agenciainfra.com\/blog\/procurador-aponta-ilegalidade-e-pede-suspensao-de-portaria-de-autorizacao-ferroviaria\/\" \/>\n<meta property=\"og:locale\" content=\"pt_BR\" \/>\n<meta property=\"og:type\" content=\"article\" \/>\n<meta property=\"og:title\" content=\"Procurador aponta ilegalidade e pede suspens\u00e3o de portaria de autoriza\u00e7\u00e3o ferrovi\u00e1ria\" \/>\n<meta property=\"og:description\" content=\"Dimmi Amora, da Ag\u00eancia iNFRA O procurador do Minist\u00e9rio P\u00fablico junto ao TCU (Tribunal de Contas da Uni\u00e3o), J\u00falio Marcelo de Oliveira, entrou com representa\u00e7\u00e3o no \u00f3rg\u00e3o para pedir que o Minist\u00e9rio da Infraestrutura e a ANTT (Ag\u00eancia Nacional de Transportes Terrestres) sejam impedidos de examinar processos de autoriza\u00e7\u00e3o ferrovi\u00e1ria. Ele alega que a Portaria [&hellip;]\" \/>\n<meta property=\"og:url\" content=\"https:\/\/agenciainfra.com\/blog\/procurador-aponta-ilegalidade-e-pede-suspensao-de-portaria-de-autorizacao-ferroviaria\/\" \/>\n<meta property=\"og:site_name\" content=\"Ag\u00eancia iNFRA\" \/>\n<meta property=\"article:publisher\" content=\"https:\/\/www.facebook.com\/ageninfra\" \/>\n<meta property=\"article:published_time\" content=\"2021-10-23T11:00:00+00:00\" \/>\n<meta property=\"og:image\" content=\"https:\/\/agenciainfra.com\/blog\/wp-content\/uploads\/2019\/07\/julio-marcelo-de-oliveira-foto-waldemir-barreto-agencia-senado.jpg\" \/>\n\t<meta property=\"og:image:width\" content=\"2048\" \/>\n\t<meta property=\"og:image:height\" content=\"1365\" \/>\n\t<meta property=\"og:image:type\" content=\"image\/jpeg\" \/>\n<meta name=\"author\" content=\"Ag\u00eancia iNFRA\" \/>\n<meta name=\"twitter:card\" content=\"summary_large_image\" \/>\n<meta name=\"twitter:creator\" content=\"@agencia_infra\" \/>\n<meta name=\"twitter:site\" content=\"@agencia_infra\" \/>\n<meta name=\"twitter:label1\" content=\"Escrito por\" \/>\n\t<meta name=\"twitter:data1\" content=\"Ag\u00eancia iNFRA\" \/>\n\t<meta name=\"twitter:label2\" content=\"Est. tempo de leitura\" \/>\n\t<meta name=\"twitter:data2\" content=\"5 minutos\" \/>\n<script type=\"application\/ld+json\" class=\"yoast-schema-graph\">{\"@context\":\"https:\/\/schema.org\",\"@graph\":[{\"@type\":\"Article\",\"@id\":\"https:\/\/agenciainfra.com\/blog\/procurador-aponta-ilegalidade-e-pede-suspensao-de-portaria-de-autorizacao-ferroviaria\/#article\",\"isPartOf\":{\"@id\":\"https:\/\/agenciainfra.com\/blog\/procurador-aponta-ilegalidade-e-pede-suspensao-de-portaria-de-autorizacao-ferroviaria\/\"},\"author\":{\"name\":\"Ag\u00eancia iNFRA\",\"@id\":\"https:\/\/agenciainfra.com\/blog\/#\/schema\/person\/34af08dff6adea4cb22b06612ba7acfa\"},\"headline\":\"Procurador aponta ilegalidade e pede suspens\u00e3o de portaria de autoriza\u00e7\u00e3o ferrovi\u00e1ria\",\"datePublished\":\"2021-10-23T11:00:00+00:00\",\"mainEntityOfPage\":{\"@id\":\"https:\/\/agenciainfra.com\/blog\/procurador-aponta-ilegalidade-e-pede-suspensao-de-portaria-de-autorizacao-ferroviaria\/\"},\"wordCount\":1043,\"publisher\":{\"@id\":\"https:\/\/agenciainfra.com\/blog\/#organization\"},\"image\":{\"@id\":\"https:\/\/agenciainfra.com\/blog\/procurador-aponta-ilegalidade-e-pede-suspensao-de-portaria-de-autorizacao-ferroviaria\/#primaryimage\"},\"thumbnailUrl\":\"https:\/\/agenciainfra.com\/blog\/wp-content\/uploads\/2019\/07\/julio-marcelo-de-oliveira-foto-waldemir-barreto-agencia-senado.jpg\",\"keywords\":[\"AIR\",\"ANTT\",\"autoriza\u00e7\u00e3o ferrovi\u00e1ria\",\"Ferrovias\",\"Minist\u00e9rio da Infraestrutura\",\"portaria 131\",\"regulamenta\u00e7\u00e3o\",\"superintend\u00eancia de ferrovias\",\"TCU\",\"transportes terrestres\"],\"articleSection\":[\"Geral\",\"iNFRATransporte\"],\"inLanguage\":\"pt-BR\",\"copyrightYear\":\"2021\",\"copyrightHolder\":{\"@id\":\"https:\/\/agenciainfra.com\/blog\/#organization\"}},{\"@type\":\"WebPage\",\"@id\":\"https:\/\/agenciainfra.com\/blog\/procurador-aponta-ilegalidade-e-pede-suspensao-de-portaria-de-autorizacao-ferroviaria\/\",\"url\":\"https:\/\/agenciainfra.com\/blog\/procurador-aponta-ilegalidade-e-pede-suspensao-de-portaria-de-autorizacao-ferroviaria\/\",\"name\":\"Procurador aponta ilegalidade e pede suspens\u00e3o de portaria de autoriza\u00e7\u00e3o ferrovi\u00e1ria - Ag\u00eancia iNFRA\",\"isPartOf\":{\"@id\":\"https:\/\/agenciainfra.com\/blog\/#website\"},\"primaryImageOfPage\":{\"@id\":\"https:\/\/agenciainfra.com\/blog\/procurador-aponta-ilegalidade-e-pede-suspensao-de-portaria-de-autorizacao-ferroviaria\/#primaryimage\"},\"image\":{\"@id\":\"https:\/\/agenciainfra.com\/blog\/procurador-aponta-ilegalidade-e-pede-suspensao-de-portaria-de-autorizacao-ferroviaria\/#primaryimage\"},\"thumbnailUrl\":\"https:\/\/agenciainfra.com\/blog\/wp-content\/uploads\/2019\/07\/julio-marcelo-de-oliveira-foto-waldemir-barreto-agencia-senado.jpg\",\"datePublished\":\"2021-10-23T11:00:00+00:00\",\"breadcrumb\":{\"@id\":\"https:\/\/agenciainfra.com\/blog\/procurador-aponta-ilegalidade-e-pede-suspensao-de-portaria-de-autorizacao-ferroviaria\/#breadcrumb\"},\"inLanguage\":\"pt-BR\",\"potentialAction\":[{\"@type\":\"ReadAction\",\"target\":[\"https:\/\/agenciainfra.com\/blog\/procurador-aponta-ilegalidade-e-pede-suspensao-de-portaria-de-autorizacao-ferroviaria\/\"]}]},{\"@type\":\"ImageObject\",\"inLanguage\":\"pt-BR\",\"@id\":\"https:\/\/agenciainfra.com\/blog\/procurador-aponta-ilegalidade-e-pede-suspensao-de-portaria-de-autorizacao-ferroviaria\/#primaryimage\",\"url\":\"https:\/\/agenciainfra.com\/blog\/wp-content\/uploads\/2019\/07\/julio-marcelo-de-oliveira-foto-waldemir-barreto-agencia-senado.jpg\",\"contentUrl\":\"https:\/\/agenciainfra.com\/blog\/wp-content\/uploads\/2019\/07\/julio-marcelo-de-oliveira-foto-waldemir-barreto-agencia-senado.jpg\",\"width\":2048,\"height\":1365},{\"@type\":\"BreadcrumbList\",\"@id\":\"https:\/\/agenciainfra.com\/blog\/procurador-aponta-ilegalidade-e-pede-suspensao-de-portaria-de-autorizacao-ferroviaria\/#breadcrumb\",\"itemListElement\":[{\"@type\":\"ListItem\",\"position\":1,\"name\":\"In\u00edcio\",\"item\":\"https:\/\/agenciainfra.com\/blog\/\"},{\"@type\":\"ListItem\",\"position\":2,\"name\":\"Procurador aponta ilegalidade e pede suspens\u00e3o de portaria de autoriza\u00e7\u00e3o ferrovi\u00e1ria\"}]},{\"@type\":\"WebSite\",\"@id\":\"https:\/\/agenciainfra.com\/blog\/#website\",\"url\":\"https:\/\/agenciainfra.com\/blog\/\",\"name\":\"Ag\u00eancia iNFRA\",\"description\":\"Multiplataforma de informa\u00e7\u00e3o jornal\u00edstica refer\u00eancia na \u00e1rea de infraestrutura no Brasil!\",\"publisher\":{\"@id\":\"https:\/\/agenciainfra.com\/blog\/#organization\"},\"potentialAction\":[{\"@type\":\"SearchAction\",\"target\":{\"@type\":\"EntryPoint\",\"urlTemplate\":\"https:\/\/agenciainfra.com\/blog\/?s={search_term_string}\"},\"query-input\":{\"@type\":\"PropertyValueSpecification\",\"valueRequired\":true,\"valueName\":\"search_term_string\"}}],\"inLanguage\":\"pt-BR\"},{\"@type\":\"Organization\",\"@id\":\"https:\/\/agenciainfra.com\/blog\/#organization\",\"name\":\"Ag\u00eancia iNFRA\",\"url\":\"https:\/\/agenciainfra.com\/blog\/\",\"logo\":{\"@type\":\"ImageObject\",\"inLanguage\":\"pt-BR\",\"@id\":\"https:\/\/agenciainfra.com\/blog\/#\/schema\/logo\/image\/\",\"url\":\"https:\/\/agenciainfra.com\/blog\/wp-content\/uploads\/2023\/09\/iNFRA_5-e1761735885940.png\",\"contentUrl\":\"https:\/\/agenciainfra.com\/blog\/wp-content\/uploads\/2023\/09\/iNFRA_5-e1761735885940.png\",\"width\":1672,\"height\":454,\"caption\":\"Ag\u00eancia iNFRA\"},\"image\":{\"@id\":\"https:\/\/agenciainfra.com\/blog\/#\/schema\/logo\/image\/\"},\"sameAs\":[\"https:\/\/www.facebook.com\/ageninfra\",\"https:\/\/x.com\/agencia_infra\",\"https:\/\/www.linkedin.com\/company\/ag\u00eanciainfra\/\",\"https:\/\/www.instagram.com\/agenciainfra\/\"]},{\"@type\":\"Person\",\"@id\":\"https:\/\/agenciainfra.com\/blog\/#\/schema\/person\/34af08dff6adea4cb22b06612ba7acfa\",\"name\":\"Ag\u00eancia iNFRA\",\"image\":{\"@type\":\"ImageObject\",\"inLanguage\":\"pt-BR\",\"@id\":\"https:\/\/agenciainfra.com\/blog\/#\/schema\/person\/image\/\",\"url\":\"https:\/\/secure.gravatar.com\/avatar\/d189e01678f06d8eb84d4e01f08eb848b3fffe3f8443818d3c356c66892f5be8?s=96&d=mm&r=g\",\"contentUrl\":\"https:\/\/secure.gravatar.com\/avatar\/d189e01678f06d8eb84d4e01f08eb848b3fffe3f8443818d3c356c66892f5be8?s=96&d=mm&r=g\",\"caption\":\"Ag\u00eancia iNFRA\"},\"url\":\"https:\/\/agenciainfra.com\/blog\/author\/admin\/\"}]}<\/script>\n<!-- \/ Yoast SEO Premium plugin. -->","yoast_head_json":{"title":"Procurador aponta ilegalidade e pede suspens\u00e3o de portaria de autoriza\u00e7\u00e3o ferrovi\u00e1ria - Ag\u00eancia iNFRA","robots":{"index":"index","follow":"follow","max-snippet":"max-snippet:-1","max-image-preview":"max-image-preview:large","max-video-preview":"max-video-preview:-1"},"canonical":"https:\/\/agenciainfra.com\/blog\/procurador-aponta-ilegalidade-e-pede-suspensao-de-portaria-de-autorizacao-ferroviaria\/","og_locale":"pt_BR","og_type":"article","og_title":"Procurador aponta ilegalidade e pede suspens\u00e3o de portaria de autoriza\u00e7\u00e3o ferrovi\u00e1ria","og_description":"Dimmi Amora, da Ag\u00eancia iNFRA O procurador do Minist\u00e9rio P\u00fablico junto ao TCU (Tribunal de Contas da Uni\u00e3o), J\u00falio Marcelo de Oliveira, entrou com representa\u00e7\u00e3o no \u00f3rg\u00e3o para pedir que o Minist\u00e9rio da Infraestrutura e a ANTT (Ag\u00eancia Nacional de Transportes Terrestres) sejam impedidos de examinar processos de autoriza\u00e7\u00e3o ferrovi\u00e1ria. Ele alega que a Portaria [&hellip;]","og_url":"https:\/\/agenciainfra.com\/blog\/procurador-aponta-ilegalidade-e-pede-suspensao-de-portaria-de-autorizacao-ferroviaria\/","og_site_name":"Ag\u00eancia iNFRA","article_publisher":"https:\/\/www.facebook.com\/ageninfra","article_published_time":"2021-10-23T11:00:00+00:00","og_image":[{"width":2048,"height":1365,"url":"https:\/\/agenciainfra.com\/blog\/wp-content\/uploads\/2019\/07\/julio-marcelo-de-oliveira-foto-waldemir-barreto-agencia-senado.jpg","type":"image\/jpeg"}],"author":"Ag\u00eancia iNFRA","twitter_card":"summary_large_image","twitter_creator":"@agencia_infra","twitter_site":"@agencia_infra","twitter_misc":{"Escrito por":"Ag\u00eancia iNFRA","Est. tempo de leitura":"5 minutos"},"schema":{"@context":"https:\/\/schema.org","@graph":[{"@type":"Article","@id":"https:\/\/agenciainfra.com\/blog\/procurador-aponta-ilegalidade-e-pede-suspensao-de-portaria-de-autorizacao-ferroviaria\/#article","isPartOf":{"@id":"https:\/\/agenciainfra.com\/blog\/procurador-aponta-ilegalidade-e-pede-suspensao-de-portaria-de-autorizacao-ferroviaria\/"},"author":{"name":"Ag\u00eancia iNFRA","@id":"https:\/\/agenciainfra.com\/blog\/#\/schema\/person\/34af08dff6adea4cb22b06612ba7acfa"},"headline":"Procurador aponta ilegalidade e pede suspens\u00e3o de portaria de autoriza\u00e7\u00e3o ferrovi\u00e1ria","datePublished":"2021-10-23T11:00:00+00:00","mainEntityOfPage":{"@id":"https:\/\/agenciainfra.com\/blog\/procurador-aponta-ilegalidade-e-pede-suspensao-de-portaria-de-autorizacao-ferroviaria\/"},"wordCount":1043,"publisher":{"@id":"https:\/\/agenciainfra.com\/blog\/#organization"},"image":{"@id":"https:\/\/agenciainfra.com\/blog\/procurador-aponta-ilegalidade-e-pede-suspensao-de-portaria-de-autorizacao-ferroviaria\/#primaryimage"},"thumbnailUrl":"https:\/\/agenciainfra.com\/blog\/wp-content\/uploads\/2019\/07\/julio-marcelo-de-oliveira-foto-waldemir-barreto-agencia-senado.jpg","keywords":["AIR","ANTT","autoriza\u00e7\u00e3o ferrovi\u00e1ria","Ferrovias","Minist\u00e9rio da Infraestrutura","portaria 131","regulamenta\u00e7\u00e3o","superintend\u00eancia de ferrovias","TCU","transportes terrestres"],"articleSection":["Geral","iNFRATransporte"],"inLanguage":"pt-BR","copyrightYear":"2021","copyrightHolder":{"@id":"https:\/\/agenciainfra.com\/blog\/#organization"}},{"@type":"WebPage","@id":"https:\/\/agenciainfra.com\/blog\/procurador-aponta-ilegalidade-e-pede-suspensao-de-portaria-de-autorizacao-ferroviaria\/","url":"https:\/\/agenciainfra.com\/blog\/procurador-aponta-ilegalidade-e-pede-suspensao-de-portaria-de-autorizacao-ferroviaria\/","name":"Procurador aponta ilegalidade e pede suspens\u00e3o de portaria de autoriza\u00e7\u00e3o ferrovi\u00e1ria - Ag\u00eancia iNFRA","isPartOf":{"@id":"https:\/\/agenciainfra.com\/blog\/#website"},"primaryImageOfPage":{"@id":"https:\/\/agenciainfra.com\/blog\/procurador-aponta-ilegalidade-e-pede-suspensao-de-portaria-de-autorizacao-ferroviaria\/#primaryimage"},"image":{"@id":"https:\/\/agenciainfra.com\/blog\/procurador-aponta-ilegalidade-e-pede-suspensao-de-portaria-de-autorizacao-ferroviaria\/#primaryimage"},"thumbnailUrl":"https:\/\/agenciainfra.com\/blog\/wp-content\/uploads\/2019\/07\/julio-marcelo-de-oliveira-foto-waldemir-barreto-agencia-senado.jpg","datePublished":"2021-10-23T11:00:00+00:00","breadcrumb":{"@id":"https:\/\/agenciainfra.com\/blog\/procurador-aponta-ilegalidade-e-pede-suspensao-de-portaria-de-autorizacao-ferroviaria\/#breadcrumb"},"inLanguage":"pt-BR","potentialAction":[{"@type":"ReadAction","target":["https:\/\/agenciainfra.com\/blog\/procurador-aponta-ilegalidade-e-pede-suspensao-de-portaria-de-autorizacao-ferroviaria\/"]}]},{"@type":"ImageObject","inLanguage":"pt-BR","@id":"https:\/\/agenciainfra.com\/blog\/procurador-aponta-ilegalidade-e-pede-suspensao-de-portaria-de-autorizacao-ferroviaria\/#primaryimage","url":"https:\/\/agenciainfra.com\/blog\/wp-content\/uploads\/2019\/07\/julio-marcelo-de-oliveira-foto-waldemir-barreto-agencia-senado.jpg","contentUrl":"https:\/\/agenciainfra.com\/blog\/wp-content\/uploads\/2019\/07\/julio-marcelo-de-oliveira-foto-waldemir-barreto-agencia-senado.jpg","width":2048,"height":1365},{"@type":"BreadcrumbList","@id":"https:\/\/agenciainfra.com\/blog\/procurador-aponta-ilegalidade-e-pede-suspensao-de-portaria-de-autorizacao-ferroviaria\/#breadcrumb","itemListElement":[{"@type":"ListItem","position":1,"name":"In\u00edcio","item":"https:\/\/agenciainfra.com\/blog\/"},{"@type":"ListItem","position":2,"name":"Procurador aponta ilegalidade e pede suspens\u00e3o de portaria de autoriza\u00e7\u00e3o ferrovi\u00e1ria"}]},{"@type":"WebSite","@id":"https:\/\/agenciainfra.com\/blog\/#website","url":"https:\/\/agenciainfra.com\/blog\/","name":"Ag\u00eancia iNFRA","description":"Multiplataforma de informa\u00e7\u00e3o jornal\u00edstica refer\u00eancia na \u00e1rea de infraestrutura no Brasil!","publisher":{"@id":"https:\/\/agenciainfra.com\/blog\/#organization"},"potentialAction":[{"@type":"SearchAction","target":{"@type":"EntryPoint","urlTemplate":"https:\/\/agenciainfra.com\/blog\/?s={search_term_string}"},"query-input":{"@type":"PropertyValueSpecification","valueRequired":true,"valueName":"search_term_string"}}],"inLanguage":"pt-BR"},{"@type":"Organization","@id":"https:\/\/agenciainfra.com\/blog\/#organization","name":"Ag\u00eancia iNFRA","url":"https:\/\/agenciainfra.com\/blog\/","logo":{"@type":"ImageObject","inLanguage":"pt-BR","@id":"https:\/\/agenciainfra.com\/blog\/#\/schema\/logo\/image\/","url":"https:\/\/agenciainfra.com\/blog\/wp-content\/uploads\/2023\/09\/iNFRA_5-e1761735885940.png","contentUrl":"https:\/\/agenciainfra.com\/blog\/wp-content\/uploads\/2023\/09\/iNFRA_5-e1761735885940.png","width":1672,"height":454,"caption":"Ag\u00eancia iNFRA"},"image":{"@id":"https:\/\/agenciainfra.com\/blog\/#\/schema\/logo\/image\/"},"sameAs":["https:\/\/www.facebook.com\/ageninfra","https:\/\/x.com\/agencia_infra","https:\/\/www.linkedin.com\/company\/ag\u00eanciainfra\/","https:\/\/www.instagram.com\/agenciainfra\/"]},{"@type":"Person","@id":"https:\/\/agenciainfra.com\/blog\/#\/schema\/person\/34af08dff6adea4cb22b06612ba7acfa","name":"Ag\u00eancia iNFRA","image":{"@type":"ImageObject","inLanguage":"pt-BR","@id":"https:\/\/agenciainfra.com\/blog\/#\/schema\/person\/image\/","url":"https:\/\/secure.gravatar.com\/avatar\/d189e01678f06d8eb84d4e01f08eb848b3fffe3f8443818d3c356c66892f5be8?s=96&d=mm&r=g","contentUrl":"https:\/\/secure.gravatar.com\/avatar\/d189e01678f06d8eb84d4e01f08eb848b3fffe3f8443818d3c356c66892f5be8?s=96&d=mm&r=g","caption":"Ag\u00eancia iNFRA"},"url":"https:\/\/agenciainfra.com\/blog\/author\/admin\/"}]}},"_links":{"self":[{"href":"https:\/\/agenciainfra.com\/blog\/wp-json\/wp\/v2\/posts\/8631","targetHints":{"allow":["GET"]}}],"collection":[{"href":"https:\/\/agenciainfra.com\/blog\/wp-json\/wp\/v2\/posts"}],"about":[{"href":"https:\/\/agenciainfra.com\/blog\/wp-json\/wp\/v2\/types\/post"}],"author":[{"embeddable":true,"href":"https:\/\/agenciainfra.com\/blog\/wp-json\/wp\/v2\/users\/1"}],"replies":[{"embeddable":true,"href":"https:\/\/agenciainfra.com\/blog\/wp-json\/wp\/v2\/comments?post=8631"}],"version-history":[{"count":0,"href":"https:\/\/agenciainfra.com\/blog\/wp-json\/wp\/v2\/posts\/8631\/revisions"}],"wp:featuredmedia":[{"embeddable":true,"href":"https:\/\/agenciainfra.com\/blog\/wp-json\/wp\/v2\/media\/3433"}],"wp:attachment":[{"href":"https:\/\/agenciainfra.com\/blog\/wp-json\/wp\/v2\/media?parent=8631"}],"wp:term":[{"taxonomy":"category","embeddable":true,"href":"https:\/\/agenciainfra.com\/blog\/wp-json\/wp\/v2\/categories?post=8631"},{"taxonomy":"post_tag","embeddable":true,"href":"https:\/\/agenciainfra.com\/blog\/wp-json\/wp\/v2\/tags?post=8631"}],"curies":[{"name":"wp","href":"https:\/\/api.w.org\/{rel}","templated":true}]}}