{"id":8659,"date":"2021-10-27T08:00:00","date_gmt":"2021-10-27T11:00:00","guid":{"rendered":"https:\/\/www.agenciainfra.com\/blog\/?p=8659"},"modified":"2021-10-25T11:51:33","modified_gmt":"2021-10-25T14:51:33","slug":"nao-ha-drible-a-licitacao-diz-ex-ministro-ayres-britto-sobre-troca-de-controle-em-concessoes","status":"publish","type":"post","link":"https:\/\/agenciainfra.com\/blog\/nao-ha-drible-a-licitacao-diz-ex-ministro-ayres-britto-sobre-troca-de-controle-em-concessoes\/","title":{"rendered":"&#8220;N\u00e3o h\u00e1 drible \u00e0 licita\u00e7\u00e3o&#8221;, diz ex-ministro Ayres Britto sobre troca de controle em concess\u00f5es"},"content":{"rendered":"\n<p class=\"has-text-align-right\"><strong>Dimmi Amora, da&nbsp;Ag\u00eancia iNFRA<\/strong><\/p>\n\n\n\n<p>&#8220;N\u00e3o h\u00e1 drible \u00e0 licita\u00e7\u00e3o.&#8221;&nbsp;\u00c9 o que diz o ex-ministro do STF (Supremo Tribunal Federal) Ayres&nbsp;Britto, contratado pelas concession\u00e1rias de rodovias para apoiar a defesa da constitucionalidade de artigo da Lei de Concess\u00f5es (8.987\/1995) sobre a troca de controle de concession\u00e1rias, em julgamento no Supremo no momento.<\/p>\n\n\n\n<p>Em conversa com a&nbsp;<strong>Ag\u00eancia iNFRA<\/strong>, o ex-presidente da corte suprema foi enf\u00e1tico ao defender que o artigo 27 da legisla\u00e7\u00e3o n\u00e3o s\u00f3 est\u00e1 dentro das regras constitucionais como melhora a previs\u00e3o deixada pelos constituintes sobre a presta\u00e7\u00e3o de servi\u00e7o p\u00fablico por meio de parcerias com a iniciativa privada.<\/p>\n\n\n\n<p>O artigo 27, que prev\u00ea que o poder p\u00fablico possa permitir a troca do concession\u00e1rio, foi contestado pela PGR (Procuradoria-Geral da Rep\u00fablica) h\u00e1 mais de 20 anos, alegando que haveria necessidade de licita\u00e7\u00e3o para a troca, na ADI (A\u00e7\u00e3o Direta de Inconstitucionalidade) 2.946. Neste ano, o relator Dias Toffoli proferiu voto concordando parcialmente com os argumentos da procuradoria, restringindo as normas de troca de controle e dando prazo de dois anos para relicita\u00e7\u00e3o dos contratos que tiveram troca.<\/p>\n\n\n\n<p>Para o ex-presidente do STF, o comando constitucional de que o servi\u00e7o p\u00fablico tem que ser concedido por licita\u00e7\u00e3o n\u00e3o est\u00e1 sendo violado nas trocas de controle, visto que a lei determina em seus artigos que as condi\u00e7\u00f5es da licita\u00e7\u00e3o devem ser mantidas na troca.&nbsp;<\/p>\n\n\n\n<p>&#8220;Isso \u00e9 preto no branco. [A troca] tem que ser um ato motivado e tem que observar todas as exig\u00eancias [da licita\u00e7\u00e3o]&#8221;, afirmou Britto.<\/p>\n\n\n\n<p>Ele&nbsp;lembrou ainda que os atos da administra\u00e7\u00e3o s\u00e3o motivados e feitos dentro de princ\u00edpios como legalidade, publicidade, moralidade e efici\u00eancia, o que \u00e9 tamb\u00e9m a regra para as trocas de controle. Se houver no processo de troca de comando mudan\u00e7as que interfiram nas regras do contrato previstas na licita\u00e7\u00e3o, os \u00f3rg\u00e3os de controle podem atuar diante da ilegalidade do ato espec\u00edfico.<\/p>\n\n\n\n<p><strong>Boa recep\u00e7\u00e3o<\/strong><br>Britto disse que levou esse entendimento elaborado por ele em conjunto com o advogado Saul Tourinho ao ministro Toffoli. Segundo ele, a recep\u00e7\u00e3o foi boa, sem que o ministro adiantasse qualquer posi\u00e7\u00e3o sobre se vai manter ou alterar seu voto.&nbsp;<\/p>\n\n\n\n<p>No vocabul\u00e1rio particular do ex-ministro Britto, ele disse que tem a esperan\u00e7a de que o ministro Toffoli possa refletir com base nos argumentos dele e dizer: &#8220;E n\u00e3o \u00e9 que \u00e9?&#8221;.&nbsp;<\/p>\n\n\n\n<p>E tamb\u00e9m em seu tom caracter\u00edstico, o ex-ministro diz que fez um pedido para que, caso o argumento da inconstitucionalidade do artigo seja vencedor, que a decis\u00e3o seja reformada em rela\u00e7\u00e3o aos efeitos nos contratos, &#8220;para que n\u00e3o seja &#8216;pratrazmente&#8217;, somente &#8216;prafrentemente&#8217;, como dizia o personagem Odorico Paragua\u00e7u&#8221;.<\/p>\n\n\n\n<p><strong>Seguran\u00e7a jur\u00eddica<\/strong><br>Britto se mostrou preocupado com a seguran\u00e7a jur\u00eddica dos contratos que tiverem que ser relicitados se o entendimento de Toffoli sobre a constitucionalidade das trocas for mantido. A previs\u00e3o no voto do ministro \u00e9 de relicita\u00e7\u00e3o de todos os contratos num prazo de&nbsp;dois anos.<\/p>\n\n\n\n<p>O pedido do ex-ministro \u00e9 para que, se o entendimento da inconstitucionalidade for mantido pela maioria da corte, que valha apenas para os contratos que tiverem licita\u00e7\u00e3o aberta&nbsp;ap\u00f3s a decis\u00e3o do STF.&nbsp;<\/p>\n\n\n\n<p>Outro fator a causar inseguran\u00e7a jur\u00eddica, para o ex-ministro, \u00e9 o fato de que a decis\u00e3o interfere em outros artigos da Constitui\u00e7\u00e3o, que preveem a plena liberdade de associa\u00e7\u00e3o, o que inclui as associa\u00e7\u00f5es empresariais.<\/p>\n\n\n\n<p>&#8220;O Estado n\u00e3o pode compelir algu\u00e9m a permanecer associado&#8221;, disse Britto.<\/p>\n\n\n\n<p><strong>Novo memorial<\/strong><br>Segundo o ex-ministro, ele deseja preparar um novo memorial, ap\u00f3s o voto do ministro Gilmar Mendes, para apoiar a decis\u00e3o dos outros ministros da corte.<\/p>\n\n\n\n<p>O voto do ministro Toffoli tem sido contestado por diferentes grupos de empresas concession\u00e1rias de servi\u00e7os p\u00fablicos, que alegam que, se mantida, a decis\u00e3o causar\u00e1 grande inseguran\u00e7a jur\u00eddica. Ap\u00f3s o voto, cujo processo tramitava pelo sistema eletr\u00f4nico, houve um pedido de vista do ministro Gilmar Mendes.<\/p>\n\n\n\n<p>Mendes j\u00e1 proferiu seu voto divergente, indicando a constitucionalidade do artigo. Depois disso, o ministro Dias Toffoli decidiu retirar a proposta da vota\u00e7\u00e3o eletr\u00f4nica \u2013 na qual os ministros proferem votos escritos \u2013 para lev\u00e1-la \u00e0 vota\u00e7\u00e3o em plen\u00e1rio, onde h\u00e1 debates presenciais sobre os processos.\u00a0<\/p>\n\n\n\n<p>N\u00e3o h\u00e1 prazo, por enquanto, para a vota\u00e7\u00e3o dessa ADI no plen\u00e1rio devido ao elevado n\u00famero de pautas que o presidente do STF, Luiz Fux, colocou em previs\u00e3o de vota\u00e7\u00e3o&nbsp;at\u00e9 o fim deste ano.<\/p>\n","protected":false},"excerpt":{"rendered":"<p>Dimmi Amora, da&nbsp;Ag\u00eancia iNFRA &#8220;N\u00e3o h\u00e1 drible \u00e0 licita\u00e7\u00e3o.&#8221;&nbsp;\u00c9 o que diz o ex-ministro do STF (Supremo Tribunal Federal) Ayres&nbsp;Britto, contratado pelas concession\u00e1rias de rodovias para apoiar a defesa da constitucionalidade de artigo da Lei de Concess\u00f5es (8.987\/1995) sobre a troca de controle de concession\u00e1rias, em julgamento no Supremo no momento. Em conversa com a&nbsp;Ag\u00eancia [&hellip;]<\/p>\n","protected":false},"author":1,"featured_media":8661,"comment_status":"closed","ping_status":"closed","sticky":false,"template":"","format":"standard","meta":{"_monsterinsights_skip_tracking":false,"_monsterinsights_sitenote_active":false,"_monsterinsights_sitenote_note":"","_monsterinsights_sitenote_category":0,"footnotes":""},"categories":[1,7],"tags":[5068,2538,3196,1509,287,4931,561,3008,372,5069],"class_list":["post-8659","post","type-post","status-publish","format-standard","has-post-thumbnail","hentry","category-geral","category-infratransporte","tag-ayres-britto","tag-iniciativa-privada","tag-inseguranca-juridica","tag-lei-de-concessoes","tag-licitacoes","tag-ministro-dias-toffoli","tag-pgr","tag-servicos-publicos","tag-stf","tag-troca-de-controle"],"yoast_head":"<!-- This site is optimized with the Yoast SEO Premium plugin v25.4 (Yoast SEO v26.0) - https:\/\/yoast.com\/wordpress\/plugins\/seo\/ -->\n<title>&quot;N\u00e3o h\u00e1 drible \u00e0 licita\u00e7\u00e3o&quot;, diz ex-ministro Ayres Britto sobre troca de controle em concess\u00f5es - Ag\u00eancia iNFRA<\/title>\n<meta name=\"robots\" content=\"index, follow, max-snippet:-1, max-image-preview:large, max-video-preview:-1\" \/>\n<link rel=\"canonical\" href=\"https:\/\/agenciainfra.com\/blog\/nao-ha-drible-a-licitacao-diz-ex-ministro-ayres-britto-sobre-troca-de-controle-em-concessoes\/\" \/>\n<meta property=\"og:locale\" content=\"pt_BR\" \/>\n<meta property=\"og:type\" content=\"article\" \/>\n<meta property=\"og:title\" content=\"&quot;N\u00e3o h\u00e1 drible \u00e0 licita\u00e7\u00e3o&quot;, diz ex-ministro Ayres Britto sobre troca de controle em concess\u00f5es\" \/>\n<meta property=\"og:description\" content=\"Dimmi Amora, da&nbsp;Ag\u00eancia iNFRA &#8220;N\u00e3o h\u00e1 drible \u00e0 licita\u00e7\u00e3o.&#8221;&nbsp;\u00c9 o que diz o ex-ministro do STF (Supremo Tribunal Federal) Ayres&nbsp;Britto, contratado pelas concession\u00e1rias de rodovias para apoiar a defesa da constitucionalidade de artigo da Lei de Concess\u00f5es (8.987\/1995) sobre a troca de controle de concession\u00e1rias, em julgamento no Supremo no momento. Em conversa com a&nbsp;Ag\u00eancia [&hellip;]\" \/>\n<meta property=\"og:url\" content=\"https:\/\/agenciainfra.com\/blog\/nao-ha-drible-a-licitacao-diz-ex-ministro-ayres-britto-sobre-troca-de-controle-em-concessoes\/\" \/>\n<meta property=\"og:site_name\" content=\"Ag\u00eancia iNFRA\" \/>\n<meta property=\"article:publisher\" content=\"https:\/\/www.facebook.com\/ageninfra\" \/>\n<meta property=\"article:published_time\" content=\"2021-10-27T11:00:00+00:00\" \/>\n<meta property=\"og:image\" content=\"https:\/\/agenciainfra.com\/blog\/wp-content\/uploads\/2021\/10\/ayres-britto-foto-jose-cruz-agencia-brasil.jpg\" \/>\n\t<meta property=\"og:image:width\" content=\"1280\" \/>\n\t<meta property=\"og:image:height\" content=\"766\" \/>\n\t<meta property=\"og:image:type\" content=\"image\/jpeg\" \/>\n<meta name=\"author\" content=\"Ag\u00eancia iNFRA\" \/>\n<meta name=\"twitter:card\" content=\"summary_large_image\" \/>\n<meta name=\"twitter:creator\" content=\"@agencia_infra\" \/>\n<meta name=\"twitter:site\" content=\"@agencia_infra\" \/>\n<meta name=\"twitter:label1\" content=\"Escrito por\" \/>\n\t<meta name=\"twitter:data1\" content=\"Ag\u00eancia iNFRA\" \/>\n\t<meta name=\"twitter:label2\" content=\"Est. tempo de leitura\" \/>\n\t<meta name=\"twitter:data2\" content=\"4 minutos\" \/>\n<script type=\"application\/ld+json\" class=\"yoast-schema-graph\">{\"@context\":\"https:\/\/schema.org\",\"@graph\":[{\"@type\":\"Article\",\"@id\":\"https:\/\/agenciainfra.com\/blog\/nao-ha-drible-a-licitacao-diz-ex-ministro-ayres-britto-sobre-troca-de-controle-em-concessoes\/#article\",\"isPartOf\":{\"@id\":\"https:\/\/agenciainfra.com\/blog\/nao-ha-drible-a-licitacao-diz-ex-ministro-ayres-britto-sobre-troca-de-controle-em-concessoes\/\"},\"author\":{\"name\":\"Ag\u00eancia iNFRA\",\"@id\":\"https:\/\/agenciainfra.com\/blog\/#\/schema\/person\/34af08dff6adea4cb22b06612ba7acfa\"},\"headline\":\"&#8220;N\u00e3o h\u00e1 drible \u00e0 licita\u00e7\u00e3o&#8221;, diz ex-ministro Ayres Britto sobre troca de controle em concess\u00f5es\",\"datePublished\":\"2021-10-27T11:00:00+00:00\",\"mainEntityOfPage\":{\"@id\":\"https:\/\/agenciainfra.com\/blog\/nao-ha-drible-a-licitacao-diz-ex-ministro-ayres-britto-sobre-troca-de-controle-em-concessoes\/\"},\"wordCount\":812,\"publisher\":{\"@id\":\"https:\/\/agenciainfra.com\/blog\/#organization\"},\"image\":{\"@id\":\"https:\/\/agenciainfra.com\/blog\/nao-ha-drible-a-licitacao-diz-ex-ministro-ayres-britto-sobre-troca-de-controle-em-concessoes\/#primaryimage\"},\"thumbnailUrl\":\"https:\/\/agenciainfra.com\/blog\/wp-content\/uploads\/2021\/10\/ayres-britto-foto-jose-cruz-agencia-brasil.jpg\",\"keywords\":[\"ayres britto\",\"iniciativa privada\",\"inseguran\u00e7a jur\u00eddica\",\"Lei de Concess\u00f5es\",\"licita\u00e7\u00f5es\",\"Ministro Dias Toffoli\",\"PGR\",\"servi\u00e7os p\u00fablicos\",\"STF\",\"troca de controle\"],\"articleSection\":[\"Geral\",\"iNFRATransporte\"],\"inLanguage\":\"pt-BR\",\"copyrightYear\":\"2021\",\"copyrightHolder\":{\"@id\":\"https:\/\/agenciainfra.com\/blog\/#organization\"}},{\"@type\":\"WebPage\",\"@id\":\"https:\/\/agenciainfra.com\/blog\/nao-ha-drible-a-licitacao-diz-ex-ministro-ayres-britto-sobre-troca-de-controle-em-concessoes\/\",\"url\":\"https:\/\/agenciainfra.com\/blog\/nao-ha-drible-a-licitacao-diz-ex-ministro-ayres-britto-sobre-troca-de-controle-em-concessoes\/\",\"name\":\"\\\"N\u00e3o h\u00e1 drible \u00e0 licita\u00e7\u00e3o\\\", diz ex-ministro Ayres Britto sobre troca de controle em concess\u00f5es - Ag\u00eancia iNFRA\",\"isPartOf\":{\"@id\":\"https:\/\/agenciainfra.com\/blog\/#website\"},\"primaryImageOfPage\":{\"@id\":\"https:\/\/agenciainfra.com\/blog\/nao-ha-drible-a-licitacao-diz-ex-ministro-ayres-britto-sobre-troca-de-controle-em-concessoes\/#primaryimage\"},\"image\":{\"@id\":\"https:\/\/agenciainfra.com\/blog\/nao-ha-drible-a-licitacao-diz-ex-ministro-ayres-britto-sobre-troca-de-controle-em-concessoes\/#primaryimage\"},\"thumbnailUrl\":\"https:\/\/agenciainfra.com\/blog\/wp-content\/uploads\/2021\/10\/ayres-britto-foto-jose-cruz-agencia-brasil.jpg\",\"datePublished\":\"2021-10-27T11:00:00+00:00\",\"breadcrumb\":{\"@id\":\"https:\/\/agenciainfra.com\/blog\/nao-ha-drible-a-licitacao-diz-ex-ministro-ayres-britto-sobre-troca-de-controle-em-concessoes\/#breadcrumb\"},\"inLanguage\":\"pt-BR\",\"potentialAction\":[{\"@type\":\"ReadAction\",\"target\":[\"https:\/\/agenciainfra.com\/blog\/nao-ha-drible-a-licitacao-diz-ex-ministro-ayres-britto-sobre-troca-de-controle-em-concessoes\/\"]}]},{\"@type\":\"ImageObject\",\"inLanguage\":\"pt-BR\",\"@id\":\"https:\/\/agenciainfra.com\/blog\/nao-ha-drible-a-licitacao-diz-ex-ministro-ayres-britto-sobre-troca-de-controle-em-concessoes\/#primaryimage\",\"url\":\"https:\/\/agenciainfra.com\/blog\/wp-content\/uploads\/2021\/10\/ayres-britto-foto-jose-cruz-agencia-brasil.jpg\",\"contentUrl\":\"https:\/\/agenciainfra.com\/blog\/wp-content\/uploads\/2021\/10\/ayres-britto-foto-jose-cruz-agencia-brasil.jpg\",\"width\":1280,\"height\":766,\"caption\":\"Bras\u00edlia - O ex-ministro do Supremo Tribunal Federal, Ayres Brito participa do semin\u00e1rio sobre a subtra\u00e7\u00e3o internacional de crian\u00e7as e \u00e0s exce\u00e7\u00f5es estabelecidas pela Conven\u00e7\u00e3o de Haia de 1980. (Jos\u00e9 Cruz\/Ag\u00eancia Brasil)\"},{\"@type\":\"BreadcrumbList\",\"@id\":\"https:\/\/agenciainfra.com\/blog\/nao-ha-drible-a-licitacao-diz-ex-ministro-ayres-britto-sobre-troca-de-controle-em-concessoes\/#breadcrumb\",\"itemListElement\":[{\"@type\":\"ListItem\",\"position\":1,\"name\":\"In\u00edcio\",\"item\":\"https:\/\/agenciainfra.com\/blog\/\"},{\"@type\":\"ListItem\",\"position\":2,\"name\":\"&#8220;N\u00e3o h\u00e1 drible \u00e0 licita\u00e7\u00e3o&#8221;, diz ex-ministro Ayres Britto sobre troca de controle em concess\u00f5es\"}]},{\"@type\":\"WebSite\",\"@id\":\"https:\/\/agenciainfra.com\/blog\/#website\",\"url\":\"https:\/\/agenciainfra.com\/blog\/\",\"name\":\"Ag\u00eancia iNFRA\",\"description\":\"Multiplataforma de informa\u00e7\u00e3o jornal\u00edstica refer\u00eancia na \u00e1rea de infraestrutura no Brasil!\",\"publisher\":{\"@id\":\"https:\/\/agenciainfra.com\/blog\/#organization\"},\"potentialAction\":[{\"@type\":\"SearchAction\",\"target\":{\"@type\":\"EntryPoint\",\"urlTemplate\":\"https:\/\/agenciainfra.com\/blog\/?s={search_term_string}\"},\"query-input\":{\"@type\":\"PropertyValueSpecification\",\"valueRequired\":true,\"valueName\":\"search_term_string\"}}],\"inLanguage\":\"pt-BR\"},{\"@type\":\"Organization\",\"@id\":\"https:\/\/agenciainfra.com\/blog\/#organization\",\"name\":\"Ag\u00eancia iNFRA\",\"url\":\"https:\/\/agenciainfra.com\/blog\/\",\"logo\":{\"@type\":\"ImageObject\",\"inLanguage\":\"pt-BR\",\"@id\":\"https:\/\/agenciainfra.com\/blog\/#\/schema\/logo\/image\/\",\"url\":\"https:\/\/agenciainfra.com\/blog\/wp-content\/uploads\/2023\/09\/iNFRA_5-e1761735885940.png\",\"contentUrl\":\"https:\/\/agenciainfra.com\/blog\/wp-content\/uploads\/2023\/09\/iNFRA_5-e1761735885940.png\",\"width\":1672,\"height\":454,\"caption\":\"Ag\u00eancia iNFRA\"},\"image\":{\"@id\":\"https:\/\/agenciainfra.com\/blog\/#\/schema\/logo\/image\/\"},\"sameAs\":[\"https:\/\/www.facebook.com\/ageninfra\",\"https:\/\/x.com\/agencia_infra\",\"https:\/\/www.linkedin.com\/company\/ag\u00eanciainfra\/\",\"https:\/\/www.instagram.com\/agenciainfra\/\"]},{\"@type\":\"Person\",\"@id\":\"https:\/\/agenciainfra.com\/blog\/#\/schema\/person\/34af08dff6adea4cb22b06612ba7acfa\",\"name\":\"Ag\u00eancia iNFRA\",\"image\":{\"@type\":\"ImageObject\",\"inLanguage\":\"pt-BR\",\"@id\":\"https:\/\/agenciainfra.com\/blog\/#\/schema\/person\/image\/\",\"url\":\"https:\/\/secure.gravatar.com\/avatar\/d189e01678f06d8eb84d4e01f08eb848b3fffe3f8443818d3c356c66892f5be8?s=96&d=mm&r=g\",\"contentUrl\":\"https:\/\/secure.gravatar.com\/avatar\/d189e01678f06d8eb84d4e01f08eb848b3fffe3f8443818d3c356c66892f5be8?s=96&d=mm&r=g\",\"caption\":\"Ag\u00eancia iNFRA\"},\"url\":\"https:\/\/agenciainfra.com\/blog\/author\/admin\/\"}]}<\/script>\n<!-- \/ Yoast SEO Premium plugin. -->","yoast_head_json":{"title":"\"N\u00e3o h\u00e1 drible \u00e0 licita\u00e7\u00e3o\", diz ex-ministro Ayres Britto sobre troca de controle em concess\u00f5es - Ag\u00eancia iNFRA","robots":{"index":"index","follow":"follow","max-snippet":"max-snippet:-1","max-image-preview":"max-image-preview:large","max-video-preview":"max-video-preview:-1"},"canonical":"https:\/\/agenciainfra.com\/blog\/nao-ha-drible-a-licitacao-diz-ex-ministro-ayres-britto-sobre-troca-de-controle-em-concessoes\/","og_locale":"pt_BR","og_type":"article","og_title":"\"N\u00e3o h\u00e1 drible \u00e0 licita\u00e7\u00e3o\", diz ex-ministro Ayres Britto sobre troca de controle em concess\u00f5es","og_description":"Dimmi Amora, da&nbsp;Ag\u00eancia iNFRA &#8220;N\u00e3o h\u00e1 drible \u00e0 licita\u00e7\u00e3o.&#8221;&nbsp;\u00c9 o que diz o ex-ministro do STF (Supremo Tribunal Federal) Ayres&nbsp;Britto, contratado pelas concession\u00e1rias de rodovias para apoiar a defesa da constitucionalidade de artigo da Lei de Concess\u00f5es (8.987\/1995) sobre a troca de controle de concession\u00e1rias, em julgamento no Supremo no momento. Em conversa com a&nbsp;Ag\u00eancia [&hellip;]","og_url":"https:\/\/agenciainfra.com\/blog\/nao-ha-drible-a-licitacao-diz-ex-ministro-ayres-britto-sobre-troca-de-controle-em-concessoes\/","og_site_name":"Ag\u00eancia iNFRA","article_publisher":"https:\/\/www.facebook.com\/ageninfra","article_published_time":"2021-10-27T11:00:00+00:00","og_image":[{"width":1280,"height":766,"url":"https:\/\/agenciainfra.com\/blog\/wp-content\/uploads\/2021\/10\/ayres-britto-foto-jose-cruz-agencia-brasil.jpg","type":"image\/jpeg"}],"author":"Ag\u00eancia iNFRA","twitter_card":"summary_large_image","twitter_creator":"@agencia_infra","twitter_site":"@agencia_infra","twitter_misc":{"Escrito por":"Ag\u00eancia iNFRA","Est. tempo de leitura":"4 minutos"},"schema":{"@context":"https:\/\/schema.org","@graph":[{"@type":"Article","@id":"https:\/\/agenciainfra.com\/blog\/nao-ha-drible-a-licitacao-diz-ex-ministro-ayres-britto-sobre-troca-de-controle-em-concessoes\/#article","isPartOf":{"@id":"https:\/\/agenciainfra.com\/blog\/nao-ha-drible-a-licitacao-diz-ex-ministro-ayres-britto-sobre-troca-de-controle-em-concessoes\/"},"author":{"name":"Ag\u00eancia iNFRA","@id":"https:\/\/agenciainfra.com\/blog\/#\/schema\/person\/34af08dff6adea4cb22b06612ba7acfa"},"headline":"&#8220;N\u00e3o h\u00e1 drible \u00e0 licita\u00e7\u00e3o&#8221;, diz ex-ministro Ayres Britto sobre troca de controle em concess\u00f5es","datePublished":"2021-10-27T11:00:00+00:00","mainEntityOfPage":{"@id":"https:\/\/agenciainfra.com\/blog\/nao-ha-drible-a-licitacao-diz-ex-ministro-ayres-britto-sobre-troca-de-controle-em-concessoes\/"},"wordCount":812,"publisher":{"@id":"https:\/\/agenciainfra.com\/blog\/#organization"},"image":{"@id":"https:\/\/agenciainfra.com\/blog\/nao-ha-drible-a-licitacao-diz-ex-ministro-ayres-britto-sobre-troca-de-controle-em-concessoes\/#primaryimage"},"thumbnailUrl":"https:\/\/agenciainfra.com\/blog\/wp-content\/uploads\/2021\/10\/ayres-britto-foto-jose-cruz-agencia-brasil.jpg","keywords":["ayres britto","iniciativa privada","inseguran\u00e7a jur\u00eddica","Lei de Concess\u00f5es","licita\u00e7\u00f5es","Ministro Dias Toffoli","PGR","servi\u00e7os p\u00fablicos","STF","troca de controle"],"articleSection":["Geral","iNFRATransporte"],"inLanguage":"pt-BR","copyrightYear":"2021","copyrightHolder":{"@id":"https:\/\/agenciainfra.com\/blog\/#organization"}},{"@type":"WebPage","@id":"https:\/\/agenciainfra.com\/blog\/nao-ha-drible-a-licitacao-diz-ex-ministro-ayres-britto-sobre-troca-de-controle-em-concessoes\/","url":"https:\/\/agenciainfra.com\/blog\/nao-ha-drible-a-licitacao-diz-ex-ministro-ayres-britto-sobre-troca-de-controle-em-concessoes\/","name":"\"N\u00e3o h\u00e1 drible \u00e0 licita\u00e7\u00e3o\", diz ex-ministro Ayres Britto sobre troca de controle em concess\u00f5es - Ag\u00eancia iNFRA","isPartOf":{"@id":"https:\/\/agenciainfra.com\/blog\/#website"},"primaryImageOfPage":{"@id":"https:\/\/agenciainfra.com\/blog\/nao-ha-drible-a-licitacao-diz-ex-ministro-ayres-britto-sobre-troca-de-controle-em-concessoes\/#primaryimage"},"image":{"@id":"https:\/\/agenciainfra.com\/blog\/nao-ha-drible-a-licitacao-diz-ex-ministro-ayres-britto-sobre-troca-de-controle-em-concessoes\/#primaryimage"},"thumbnailUrl":"https:\/\/agenciainfra.com\/blog\/wp-content\/uploads\/2021\/10\/ayres-britto-foto-jose-cruz-agencia-brasil.jpg","datePublished":"2021-10-27T11:00:00+00:00","breadcrumb":{"@id":"https:\/\/agenciainfra.com\/blog\/nao-ha-drible-a-licitacao-diz-ex-ministro-ayres-britto-sobre-troca-de-controle-em-concessoes\/#breadcrumb"},"inLanguage":"pt-BR","potentialAction":[{"@type":"ReadAction","target":["https:\/\/agenciainfra.com\/blog\/nao-ha-drible-a-licitacao-diz-ex-ministro-ayres-britto-sobre-troca-de-controle-em-concessoes\/"]}]},{"@type":"ImageObject","inLanguage":"pt-BR","@id":"https:\/\/agenciainfra.com\/blog\/nao-ha-drible-a-licitacao-diz-ex-ministro-ayres-britto-sobre-troca-de-controle-em-concessoes\/#primaryimage","url":"https:\/\/agenciainfra.com\/blog\/wp-content\/uploads\/2021\/10\/ayres-britto-foto-jose-cruz-agencia-brasil.jpg","contentUrl":"https:\/\/agenciainfra.com\/blog\/wp-content\/uploads\/2021\/10\/ayres-britto-foto-jose-cruz-agencia-brasil.jpg","width":1280,"height":766,"caption":"Bras\u00edlia - O ex-ministro do Supremo Tribunal Federal, Ayres Brito participa do semin\u00e1rio sobre a subtra\u00e7\u00e3o internacional de crian\u00e7as e \u00e0s exce\u00e7\u00f5es estabelecidas pela Conven\u00e7\u00e3o de Haia de 1980. (Jos\u00e9 Cruz\/Ag\u00eancia Brasil)"},{"@type":"BreadcrumbList","@id":"https:\/\/agenciainfra.com\/blog\/nao-ha-drible-a-licitacao-diz-ex-ministro-ayres-britto-sobre-troca-de-controle-em-concessoes\/#breadcrumb","itemListElement":[{"@type":"ListItem","position":1,"name":"In\u00edcio","item":"https:\/\/agenciainfra.com\/blog\/"},{"@type":"ListItem","position":2,"name":"&#8220;N\u00e3o h\u00e1 drible \u00e0 licita\u00e7\u00e3o&#8221;, diz ex-ministro Ayres Britto sobre troca de controle em concess\u00f5es"}]},{"@type":"WebSite","@id":"https:\/\/agenciainfra.com\/blog\/#website","url":"https:\/\/agenciainfra.com\/blog\/","name":"Ag\u00eancia iNFRA","description":"Multiplataforma de informa\u00e7\u00e3o jornal\u00edstica refer\u00eancia na \u00e1rea de infraestrutura no Brasil!","publisher":{"@id":"https:\/\/agenciainfra.com\/blog\/#organization"},"potentialAction":[{"@type":"SearchAction","target":{"@type":"EntryPoint","urlTemplate":"https:\/\/agenciainfra.com\/blog\/?s={search_term_string}"},"query-input":{"@type":"PropertyValueSpecification","valueRequired":true,"valueName":"search_term_string"}}],"inLanguage":"pt-BR"},{"@type":"Organization","@id":"https:\/\/agenciainfra.com\/blog\/#organization","name":"Ag\u00eancia iNFRA","url":"https:\/\/agenciainfra.com\/blog\/","logo":{"@type":"ImageObject","inLanguage":"pt-BR","@id":"https:\/\/agenciainfra.com\/blog\/#\/schema\/logo\/image\/","url":"https:\/\/agenciainfra.com\/blog\/wp-content\/uploads\/2023\/09\/iNFRA_5-e1761735885940.png","contentUrl":"https:\/\/agenciainfra.com\/blog\/wp-content\/uploads\/2023\/09\/iNFRA_5-e1761735885940.png","width":1672,"height":454,"caption":"Ag\u00eancia iNFRA"},"image":{"@id":"https:\/\/agenciainfra.com\/blog\/#\/schema\/logo\/image\/"},"sameAs":["https:\/\/www.facebook.com\/ageninfra","https:\/\/x.com\/agencia_infra","https:\/\/www.linkedin.com\/company\/ag\u00eanciainfra\/","https:\/\/www.instagram.com\/agenciainfra\/"]},{"@type":"Person","@id":"https:\/\/agenciainfra.com\/blog\/#\/schema\/person\/34af08dff6adea4cb22b06612ba7acfa","name":"Ag\u00eancia iNFRA","image":{"@type":"ImageObject","inLanguage":"pt-BR","@id":"https:\/\/agenciainfra.com\/blog\/#\/schema\/person\/image\/","url":"https:\/\/secure.gravatar.com\/avatar\/d189e01678f06d8eb84d4e01f08eb848b3fffe3f8443818d3c356c66892f5be8?s=96&d=mm&r=g","contentUrl":"https:\/\/secure.gravatar.com\/avatar\/d189e01678f06d8eb84d4e01f08eb848b3fffe3f8443818d3c356c66892f5be8?s=96&d=mm&r=g","caption":"Ag\u00eancia iNFRA"},"url":"https:\/\/agenciainfra.com\/blog\/author\/admin\/"}]}},"_links":{"self":[{"href":"https:\/\/agenciainfra.com\/blog\/wp-json\/wp\/v2\/posts\/8659","targetHints":{"allow":["GET"]}}],"collection":[{"href":"https:\/\/agenciainfra.com\/blog\/wp-json\/wp\/v2\/posts"}],"about":[{"href":"https:\/\/agenciainfra.com\/blog\/wp-json\/wp\/v2\/types\/post"}],"author":[{"embeddable":true,"href":"https:\/\/agenciainfra.com\/blog\/wp-json\/wp\/v2\/users\/1"}],"replies":[{"embeddable":true,"href":"https:\/\/agenciainfra.com\/blog\/wp-json\/wp\/v2\/comments?post=8659"}],"version-history":[{"count":0,"href":"https:\/\/agenciainfra.com\/blog\/wp-json\/wp\/v2\/posts\/8659\/revisions"}],"wp:featuredmedia":[{"embeddable":true,"href":"https:\/\/agenciainfra.com\/blog\/wp-json\/wp\/v2\/media\/8661"}],"wp:attachment":[{"href":"https:\/\/agenciainfra.com\/blog\/wp-json\/wp\/v2\/media?parent=8659"}],"wp:term":[{"taxonomy":"category","embeddable":true,"href":"https:\/\/agenciainfra.com\/blog\/wp-json\/wp\/v2\/categories?post=8659"},{"taxonomy":"post_tag","embeddable":true,"href":"https:\/\/agenciainfra.com\/blog\/wp-json\/wp\/v2\/tags?post=8659"}],"curies":[{"name":"wp","href":"https:\/\/api.w.org\/{rel}","templated":true}]}}