{"id":8665,"date":"2021-10-26T08:00:00","date_gmt":"2021-10-26T11:00:00","guid":{"rendered":"https:\/\/www.agenciainfra.com\/blog\/?p=8665"},"modified":"2021-10-25T11:23:15","modified_gmt":"2021-10-25T14:23:15","slug":"parlamentares-do-rj-seguem-com-criticas-ao-edital-da-7a-rodada-de-concessoes-aeroportuarias","status":"publish","type":"post","link":"https:\/\/agenciainfra.com\/blog\/parlamentares-do-rj-seguem-com-criticas-ao-edital-da-7a-rodada-de-concessoes-aeroportuarias\/","title":{"rendered":"Parlamentares do RJ seguem com cr\u00edticas ao edital da 7\u00aa Rodada de Concess\u00f5es Aeroportu\u00e1rias"},"content":{"rendered":"\n<p class=\"has-text-align-right\"><strong>Tales Silveira, da&nbsp;Ag\u00eancia iNFRA<\/strong><\/p>\n\n\n\n<p>Parlamentares ligados ao estado do Rio de Janeiro mantiveram cr\u00edticas&nbsp;ao edital da 7\u00aa Rodada de Concess\u00f5es Aeroportu\u00e1rias. Elas foram refor\u00e7adas&nbsp;durante audi\u00eancia p\u00fablica realizada no Senado, que discutiu os projetos de concess\u00e3o aeroportu\u00e1rias do governo, na \u00faltima sexta-feira (22).<br><br>A principal preocupa\u00e7\u00e3o apontada pelos pol\u00edticos foi em rela\u00e7\u00e3o ao Bloco RJ-MG, que re\u00fane os aeroportos Santos Dumont e&nbsp;Jacarepagu\u00e1 (RJ), e&nbsp;Uberl\u00e2ndia, Montes Claros&nbsp;e Uberaba (MG), onde apontam uma suposta&nbsp;concorr\u00eancia predat\u00f3ria entre os&nbsp;aeroportos Gale\u00e3o e Santos Dumont. Segundo os parlamentares, o Gale\u00e3o perder\u00e1 voos internacionais, o que trar\u00e1 impactos na capta\u00e7\u00e3o de carga e na ind\u00fastria local.<\/p>\n\n\n\n<p>De acordo com o autor do requerimento de audi\u00eancia p\u00fablica, senador Carlos Portinho (PL-RJ), n\u00e3o h\u00e1 obje\u00e7\u00e3o \u00e0 privatiza\u00e7\u00e3o do aeroporto Santos Dumont. Contudo, a proximidade de pouco mais de 15 quil\u00f4metros&nbsp;entre os terminais poder\u00e1 gerar concorr\u00eancia entre eles, fazendo que o Santos Dumont atrapalhe o desenvolvimento do Gale\u00e3o.<br><br>\u201cA proximidade [entre aeroportos] pode se converter em uma rela\u00e7\u00e3o predat\u00f3ria no estado. Fazemos um apelo para que esse edital seja revisto\u201d, disse o senador.<br><br>O diretor-geral da Alerj (Assembleia Legislativa do Estado do Rio de Janeiro), Wagner Victer,&nbsp;argumentou que Gale\u00e3o tem voca\u00e7\u00e3o de se tornar um hub internacional.<br><br>\u201c\u00c9 claro que, quando se colocam dois aeroportos com uma dist\u00e2ncia de 15km,&nbsp;competindo entre si,&nbsp;produz-se um impacto muito grande. O Gale\u00e3o tem voca\u00e7\u00e3o para ser um hub que s\u00f3 ir\u00e1 existir na hora que forem consolidados, de maneira planejada, os voos nacionais que atrair\u00e3o as rotas internacionais. Queremos vincular basicamente o aeroporto Santos Dumont \u00e0s pontes Rio-S\u00e3o Paulo e \u00e0 avia\u00e7\u00e3o executiva\u201d, disse.<br><br>Alguns deputados estaduais presentes demonstraram indigna\u00e7\u00e3o com o edital de concess\u00e3o. Foi o caso do deputado&nbsp;Luiz Paulo C\u00f4rrea (Cidadania), que, em tom en\u00e9rgico, criticou a proposta argumentando que a concess\u00e3o trar\u00e1 desvios de rotas internacionais do Gale\u00e3o. Segundo o pol\u00edtico, o modelo atrapalha o Plano Estrat\u00e9gico de Desenvolvimento Econ\u00f4mico e Social, instrumento que est\u00e1 sendo desenvolvido pelo estado para realizar a sua recupera\u00e7\u00e3o fiscal. &nbsp;&nbsp;&nbsp;&nbsp;&nbsp;&nbsp;&nbsp;&nbsp;<br><br>\u201cA proposta do governo vai afundar mais o Rio. O aeroporto Internacional do Gale\u00e3o \u00e9 fundamental para a baixada fluminense inteira, sul fluminense e regi\u00e3o serrana. Se forem desviados voos internacionais do Gale\u00e3o, ser\u00e1 um desastre\u201d, argumentou.<br><br><strong>Governo defende<\/strong><br>Em resposta \u00e0s cr\u00edticas apresentadas, o secret\u00e1rio nacional de Avia\u00e7\u00e3o Civil do Minist\u00e9rio da Infraestrutura, Ronei Glanzmann, afirmou que os dois aeroportos possuem nichos espec\u00edficos e que n\u00e3o haver\u00e1 concorr\u00eancia predat\u00f3ria entre eles. O argumento principal \u00e9 que o Gale\u00e3o, o Santos Dumont e o Aeroporto de Jacarepagu\u00e1 s\u00e3o complementares.<br><br>&#8220;Dentro de um sistema aeroportu\u00e1rio existem demandas de v\u00e1rias naturezas e todas elas s\u00e3o atendidas pelos tr\u00eas aeroportos. \u00c9 um sistema que funciona de maneira harm\u00f4nica. O Santos Dumont trabalha com 10 milh\u00f5es de passageiros h\u00e1 quase uma d\u00e9cada e ele vai continuar nesse patamar. Com todos os investimentos ele chegar\u00e1 a 14 milh\u00f5es, no m\u00e1ximo\u201d, disse.<br><br>Sobre a poss\u00edvel queda de voos no Gale\u00e3o, Glanzmann argumentou que a diminui\u00e7\u00e3o se d\u00e1 por reflexos econ\u00f4micos do estado. Entre as principais dificuldades est\u00e1 o grande n\u00famero de engarrafamentos e a seguran\u00e7a p\u00fablica no Rio de Janeiro.<br><br>\u201c[A queda no Gale\u00e3o] espelha a atividade econ\u00f4mica do Rio. O pouco de demanda que fica no Rio acaba se focando no aeroporto mais bem localizado na estrutura urbana do munic\u00edpio. Quest\u00e3o urbana e de seguran\u00e7a p\u00fablica do estado afetam a prefer\u00eancia do aeroporto. O carioca \u00e9 o segundo cidad\u00e3o mundial que perde mais tempo com engarrafamento\u201d, afirmou.<br><br><strong>Paes: Governo federal quer caixa<\/strong><br>Quem tamb\u00e9m esteve presente na audi\u00eancia p\u00fablica foi o prefeito da cidade do Rio de Janeiro, Eduardo Paes, que criticou a concess\u00e3o afirmando que a modelagem s\u00f3 busca fazer caixa para aumentar as arrecada\u00e7\u00f5es do governo para o ano que vem. Paes argumentou ainda que o ministro da Infraestrutura, Tarc\u00edsio de Freitas, disse a ele que seu intuito \u00e9 que a Changi, concession\u00e1ria que opera o Gale\u00e3o, arremate o leil\u00e3o do Santos Dumont.<br><br>\u201cAfirma\u00e7\u00f5es recentes do Minfra apontam para um desejo, at\u00e9 manifestado pelo pr\u00f3prio ministro a mim, de que a concession\u00e1ria do Gale\u00e3o comprasse o aeroporto Santos Dumont. N\u00e3o tenho d\u00favida que o que se est\u00e1 buscando \u00e9 fazer caixa para superar as dificuldades da m\u00e1 gest\u00e3o do governo para resolver o problema do pr\u00f3ximo ano. Isso est\u00e1 se fazendo a custas de um aeroporto importante para o Rio de Janeiro como o Gale\u00e3o\u201d, protestou.<br><br>Em resposta, o secret\u00e1rio nacional de Avia\u00e7\u00e3o Civil afirmou que o governo federal n\u00e3o est\u00e1 querendo fazer dinheiro com a concess\u00e3o do Santos Dumont. Segundo ele, a modelagem privilegia o investimento para melhoria de conforto, seguran\u00e7a e dos servi\u00e7os prestados. A outorga n\u00e3o \u00e9 privilegiada desde a quarta rodada.<br><br>\u201cS\u00f3 no aeroporto do Santos Dumont ser\u00e3o R$ 1,3 bilh\u00e3o de investimentos em n\u00edvel de conforto, servi\u00e7o e seguran\u00e7a. O valor de outorga \u00e9 R$ 350 milh\u00f5es. S\u00f3 a discrep\u00e2ncia desses n\u00fameros mostra que estamos abrindo m\u00e3o de outorga e focando nos investimentos em todos os aeroportos\u201d, disse.<\/p>\n","protected":false},"excerpt":{"rendered":"<p>Tales Silveira, da&nbsp;Ag\u00eancia iNFRA Parlamentares ligados ao estado do Rio de Janeiro mantiveram cr\u00edticas&nbsp;ao edital da 7\u00aa Rodada de Concess\u00f5es Aeroportu\u00e1rias. Elas foram refor\u00e7adas&nbsp;durante audi\u00eancia p\u00fablica realizada no Senado, que discutiu os projetos de concess\u00e3o aeroportu\u00e1rias do governo, na \u00faltima sexta-feira (22). A principal preocupa\u00e7\u00e3o apontada pelos pol\u00edticos foi em rela\u00e7\u00e3o ao Bloco RJ-MG, que [&hellip;]<\/p>\n","protected":false},"author":1,"featured_media":8667,"comment_status":"closed","ping_status":"closed","sticky":false,"template":"","format":"standard","meta":{"_monsterinsights_skip_tracking":false,"_monsterinsights_sitenote_active":false,"_monsterinsights_sitenote_note":"","_monsterinsights_sitenote_category":0,"footnotes":""},"categories":[1,7],"tags":[2761,2128,5071,3068,1122,599,2684,34,51,362],"class_list":["post-8665","post","type-post","status-publish","format-standard","has-post-thumbnail","hentry","category-geral","category-infratransporte","tag-7a-rodada-de-concessoes","tag-aeroporto-do-galeao","tag-aeroporto-do-jacarepagua","tag-aeroporto-santos-dumont","tag-alerj","tag-aviacao-civil","tag-concessoes-aeroportuarias","tag-infraestrutura","tag-privatizacao","tag-transporte-aereo"],"yoast_head":"<!-- This site is optimized with the Yoast SEO Premium plugin v25.4 (Yoast SEO v26.0) - https:\/\/yoast.com\/wordpress\/plugins\/seo\/ -->\n<title>Parlamentares do RJ seguem com cr\u00edticas ao edital da 7\u00aa Rodada de Concess\u00f5es Aeroportu\u00e1rias - Ag\u00eancia iNFRA<\/title>\n<meta name=\"robots\" content=\"index, follow, max-snippet:-1, max-image-preview:large, max-video-preview:-1\" \/>\n<link rel=\"canonical\" href=\"https:\/\/agenciainfra.com\/blog\/parlamentares-do-rj-seguem-com-criticas-ao-edital-da-7a-rodada-de-concessoes-aeroportuarias\/\" \/>\n<meta property=\"og:locale\" content=\"pt_BR\" \/>\n<meta property=\"og:type\" content=\"article\" \/>\n<meta property=\"og:title\" content=\"Parlamentares do RJ seguem com cr\u00edticas ao edital da 7\u00aa Rodada de Concess\u00f5es Aeroportu\u00e1rias\" \/>\n<meta property=\"og:description\" content=\"Tales Silveira, da&nbsp;Ag\u00eancia iNFRA Parlamentares ligados ao estado do Rio de Janeiro mantiveram cr\u00edticas&nbsp;ao edital da 7\u00aa Rodada de Concess\u00f5es Aeroportu\u00e1rias. Elas foram refor\u00e7adas&nbsp;durante audi\u00eancia p\u00fablica realizada no Senado, que discutiu os projetos de concess\u00e3o aeroportu\u00e1rias do governo, na \u00faltima sexta-feira (22). A principal preocupa\u00e7\u00e3o apontada pelos pol\u00edticos foi em rela\u00e7\u00e3o ao Bloco RJ-MG, que [&hellip;]\" \/>\n<meta property=\"og:url\" content=\"https:\/\/agenciainfra.com\/blog\/parlamentares-do-rj-seguem-com-criticas-ao-edital-da-7a-rodada-de-concessoes-aeroportuarias\/\" \/>\n<meta property=\"og:site_name\" content=\"Ag\u00eancia iNFRA\" \/>\n<meta property=\"article:publisher\" content=\"https:\/\/www.facebook.com\/ageninfra\" \/>\n<meta property=\"article:published_time\" content=\"2021-10-26T11:00:00+00:00\" \/>\n<meta property=\"og:image\" content=\"https:\/\/agenciainfra.com\/blog\/wp-content\/uploads\/2021\/10\/aeroporto-do-galeao-foto-fernando-frazao-agencia-brasil.jpeg\" \/>\n\t<meta property=\"og:image:width\" content=\"1280\" \/>\n\t<meta property=\"og:image:height\" content=\"766\" \/>\n\t<meta property=\"og:image:type\" content=\"image\/jpeg\" \/>\n<meta name=\"author\" content=\"Ag\u00eancia iNFRA\" \/>\n<meta name=\"twitter:card\" content=\"summary_large_image\" \/>\n<meta name=\"twitter:creator\" content=\"@agencia_infra\" \/>\n<meta name=\"twitter:site\" content=\"@agencia_infra\" \/>\n<meta name=\"twitter:label1\" content=\"Escrito por\" \/>\n\t<meta name=\"twitter:data1\" content=\"Ag\u00eancia iNFRA\" \/>\n\t<meta name=\"twitter:label2\" content=\"Est. tempo de leitura\" \/>\n\t<meta name=\"twitter:data2\" content=\"5 minutos\" \/>\n<script type=\"application\/ld+json\" class=\"yoast-schema-graph\">{\"@context\":\"https:\/\/schema.org\",\"@graph\":[{\"@type\":\"Article\",\"@id\":\"https:\/\/agenciainfra.com\/blog\/parlamentares-do-rj-seguem-com-criticas-ao-edital-da-7a-rodada-de-concessoes-aeroportuarias\/#article\",\"isPartOf\":{\"@id\":\"https:\/\/agenciainfra.com\/blog\/parlamentares-do-rj-seguem-com-criticas-ao-edital-da-7a-rodada-de-concessoes-aeroportuarias\/\"},\"author\":{\"name\":\"Ag\u00eancia iNFRA\",\"@id\":\"https:\/\/agenciainfra.com\/blog\/#\/schema\/person\/34af08dff6adea4cb22b06612ba7acfa\"},\"headline\":\"Parlamentares do RJ seguem com cr\u00edticas ao edital da 7\u00aa Rodada de Concess\u00f5es Aeroportu\u00e1rias\",\"datePublished\":\"2021-10-26T11:00:00+00:00\",\"mainEntityOfPage\":{\"@id\":\"https:\/\/agenciainfra.com\/blog\/parlamentares-do-rj-seguem-com-criticas-ao-edital-da-7a-rodada-de-concessoes-aeroportuarias\/\"},\"wordCount\":964,\"publisher\":{\"@id\":\"https:\/\/agenciainfra.com\/blog\/#organization\"},\"image\":{\"@id\":\"https:\/\/agenciainfra.com\/blog\/parlamentares-do-rj-seguem-com-criticas-ao-edital-da-7a-rodada-de-concessoes-aeroportuarias\/#primaryimage\"},\"thumbnailUrl\":\"https:\/\/agenciainfra.com\/blog\/wp-content\/uploads\/2021\/10\/aeroporto-do-galeao-foto-fernando-frazao-agencia-brasil.jpeg\",\"keywords\":[\"7\u00aa Rodada de Concess\u00f5es\",\"Aeroporto do Gale\u00e3o\",\"Aeroporto do Jacarepagu\u00e1\",\"Aeroporto Santos Dumont\",\"Alerj\",\"avia\u00e7\u00e3o civil\",\"concess\u00f5es aeroportu\u00e1rias\",\"Infraestrutura\",\"Privatiza\u00e7\u00e3o\",\"transporte a\u00e9reo\"],\"articleSection\":[\"Geral\",\"iNFRATransporte\"],\"inLanguage\":\"pt-BR\",\"copyrightYear\":\"2021\",\"copyrightHolder\":{\"@id\":\"https:\/\/agenciainfra.com\/blog\/#organization\"}},{\"@type\":\"WebPage\",\"@id\":\"https:\/\/agenciainfra.com\/blog\/parlamentares-do-rj-seguem-com-criticas-ao-edital-da-7a-rodada-de-concessoes-aeroportuarias\/\",\"url\":\"https:\/\/agenciainfra.com\/blog\/parlamentares-do-rj-seguem-com-criticas-ao-edital-da-7a-rodada-de-concessoes-aeroportuarias\/\",\"name\":\"Parlamentares do RJ seguem com cr\u00edticas ao edital da 7\u00aa Rodada de Concess\u00f5es Aeroportu\u00e1rias - Ag\u00eancia iNFRA\",\"isPartOf\":{\"@id\":\"https:\/\/agenciainfra.com\/blog\/#website\"},\"primaryImageOfPage\":{\"@id\":\"https:\/\/agenciainfra.com\/blog\/parlamentares-do-rj-seguem-com-criticas-ao-edital-da-7a-rodada-de-concessoes-aeroportuarias\/#primaryimage\"},\"image\":{\"@id\":\"https:\/\/agenciainfra.com\/blog\/parlamentares-do-rj-seguem-com-criticas-ao-edital-da-7a-rodada-de-concessoes-aeroportuarias\/#primaryimage\"},\"thumbnailUrl\":\"https:\/\/agenciainfra.com\/blog\/wp-content\/uploads\/2021\/10\/aeroporto-do-galeao-foto-fernando-frazao-agencia-brasil.jpeg\",\"datePublished\":\"2021-10-26T11:00:00+00:00\",\"breadcrumb\":{\"@id\":\"https:\/\/agenciainfra.com\/blog\/parlamentares-do-rj-seguem-com-criticas-ao-edital-da-7a-rodada-de-concessoes-aeroportuarias\/#breadcrumb\"},\"inLanguage\":\"pt-BR\",\"potentialAction\":[{\"@type\":\"ReadAction\",\"target\":[\"https:\/\/agenciainfra.com\/blog\/parlamentares-do-rj-seguem-com-criticas-ao-edital-da-7a-rodada-de-concessoes-aeroportuarias\/\"]}]},{\"@type\":\"ImageObject\",\"inLanguage\":\"pt-BR\",\"@id\":\"https:\/\/agenciainfra.com\/blog\/parlamentares-do-rj-seguem-com-criticas-ao-edital-da-7a-rodada-de-concessoes-aeroportuarias\/#primaryimage\",\"url\":\"https:\/\/agenciainfra.com\/blog\/wp-content\/uploads\/2021\/10\/aeroporto-do-galeao-foto-fernando-frazao-agencia-brasil.jpeg\",\"contentUrl\":\"https:\/\/agenciainfra.com\/blog\/wp-content\/uploads\/2021\/10\/aeroporto-do-galeao-foto-fernando-frazao-agencia-brasil.jpeg\",\"width\":1280,\"height\":766,\"caption\":\"Foto: Fernando Fraz\u00e3o\/Ag\u00eancia Brasil\"},{\"@type\":\"BreadcrumbList\",\"@id\":\"https:\/\/agenciainfra.com\/blog\/parlamentares-do-rj-seguem-com-criticas-ao-edital-da-7a-rodada-de-concessoes-aeroportuarias\/#breadcrumb\",\"itemListElement\":[{\"@type\":\"ListItem\",\"position\":1,\"name\":\"In\u00edcio\",\"item\":\"https:\/\/agenciainfra.com\/blog\/\"},{\"@type\":\"ListItem\",\"position\":2,\"name\":\"Parlamentares do RJ seguem com cr\u00edticas ao edital da 7\u00aa Rodada de Concess\u00f5es Aeroportu\u00e1rias\"}]},{\"@type\":\"WebSite\",\"@id\":\"https:\/\/agenciainfra.com\/blog\/#website\",\"url\":\"https:\/\/agenciainfra.com\/blog\/\",\"name\":\"Ag\u00eancia iNFRA\",\"description\":\"Multiplataforma de informa\u00e7\u00e3o jornal\u00edstica refer\u00eancia na \u00e1rea de infraestrutura no Brasil!\",\"publisher\":{\"@id\":\"https:\/\/agenciainfra.com\/blog\/#organization\"},\"potentialAction\":[{\"@type\":\"SearchAction\",\"target\":{\"@type\":\"EntryPoint\",\"urlTemplate\":\"https:\/\/agenciainfra.com\/blog\/?s={search_term_string}\"},\"query-input\":{\"@type\":\"PropertyValueSpecification\",\"valueRequired\":true,\"valueName\":\"search_term_string\"}}],\"inLanguage\":\"pt-BR\"},{\"@type\":\"Organization\",\"@id\":\"https:\/\/agenciainfra.com\/blog\/#organization\",\"name\":\"Ag\u00eancia iNFRA\",\"url\":\"https:\/\/agenciainfra.com\/blog\/\",\"logo\":{\"@type\":\"ImageObject\",\"inLanguage\":\"pt-BR\",\"@id\":\"https:\/\/agenciainfra.com\/blog\/#\/schema\/logo\/image\/\",\"url\":\"https:\/\/agenciainfra.com\/blog\/wp-content\/uploads\/2023\/09\/iNFRA_5-e1761735885940.png\",\"contentUrl\":\"https:\/\/agenciainfra.com\/blog\/wp-content\/uploads\/2023\/09\/iNFRA_5-e1761735885940.png\",\"width\":1672,\"height\":454,\"caption\":\"Ag\u00eancia iNFRA\"},\"image\":{\"@id\":\"https:\/\/agenciainfra.com\/blog\/#\/schema\/logo\/image\/\"},\"sameAs\":[\"https:\/\/www.facebook.com\/ageninfra\",\"https:\/\/x.com\/agencia_infra\",\"https:\/\/www.linkedin.com\/company\/ag\u00eanciainfra\/\",\"https:\/\/www.instagram.com\/agenciainfra\/\"]},{\"@type\":\"Person\",\"@id\":\"https:\/\/agenciainfra.com\/blog\/#\/schema\/person\/34af08dff6adea4cb22b06612ba7acfa\",\"name\":\"Ag\u00eancia iNFRA\",\"image\":{\"@type\":\"ImageObject\",\"inLanguage\":\"pt-BR\",\"@id\":\"https:\/\/agenciainfra.com\/blog\/#\/schema\/person\/image\/\",\"url\":\"https:\/\/secure.gravatar.com\/avatar\/d189e01678f06d8eb84d4e01f08eb848b3fffe3f8443818d3c356c66892f5be8?s=96&d=mm&r=g\",\"contentUrl\":\"https:\/\/secure.gravatar.com\/avatar\/d189e01678f06d8eb84d4e01f08eb848b3fffe3f8443818d3c356c66892f5be8?s=96&d=mm&r=g\",\"caption\":\"Ag\u00eancia iNFRA\"},\"url\":\"https:\/\/agenciainfra.com\/blog\/author\/admin\/\"}]}<\/script>\n<!-- \/ Yoast SEO Premium plugin. -->","yoast_head_json":{"title":"Parlamentares do RJ seguem com cr\u00edticas ao edital da 7\u00aa Rodada de Concess\u00f5es Aeroportu\u00e1rias - Ag\u00eancia iNFRA","robots":{"index":"index","follow":"follow","max-snippet":"max-snippet:-1","max-image-preview":"max-image-preview:large","max-video-preview":"max-video-preview:-1"},"canonical":"https:\/\/agenciainfra.com\/blog\/parlamentares-do-rj-seguem-com-criticas-ao-edital-da-7a-rodada-de-concessoes-aeroportuarias\/","og_locale":"pt_BR","og_type":"article","og_title":"Parlamentares do RJ seguem com cr\u00edticas ao edital da 7\u00aa Rodada de Concess\u00f5es Aeroportu\u00e1rias","og_description":"Tales Silveira, da&nbsp;Ag\u00eancia iNFRA Parlamentares ligados ao estado do Rio de Janeiro mantiveram cr\u00edticas&nbsp;ao edital da 7\u00aa Rodada de Concess\u00f5es Aeroportu\u00e1rias. Elas foram refor\u00e7adas&nbsp;durante audi\u00eancia p\u00fablica realizada no Senado, que discutiu os projetos de concess\u00e3o aeroportu\u00e1rias do governo, na \u00faltima sexta-feira (22). A principal preocupa\u00e7\u00e3o apontada pelos pol\u00edticos foi em rela\u00e7\u00e3o ao Bloco RJ-MG, que [&hellip;]","og_url":"https:\/\/agenciainfra.com\/blog\/parlamentares-do-rj-seguem-com-criticas-ao-edital-da-7a-rodada-de-concessoes-aeroportuarias\/","og_site_name":"Ag\u00eancia iNFRA","article_publisher":"https:\/\/www.facebook.com\/ageninfra","article_published_time":"2021-10-26T11:00:00+00:00","og_image":[{"width":1280,"height":766,"url":"https:\/\/agenciainfra.com\/blog\/wp-content\/uploads\/2021\/10\/aeroporto-do-galeao-foto-fernando-frazao-agencia-brasil.jpeg","type":"image\/jpeg"}],"author":"Ag\u00eancia iNFRA","twitter_card":"summary_large_image","twitter_creator":"@agencia_infra","twitter_site":"@agencia_infra","twitter_misc":{"Escrito por":"Ag\u00eancia iNFRA","Est. tempo de leitura":"5 minutos"},"schema":{"@context":"https:\/\/schema.org","@graph":[{"@type":"Article","@id":"https:\/\/agenciainfra.com\/blog\/parlamentares-do-rj-seguem-com-criticas-ao-edital-da-7a-rodada-de-concessoes-aeroportuarias\/#article","isPartOf":{"@id":"https:\/\/agenciainfra.com\/blog\/parlamentares-do-rj-seguem-com-criticas-ao-edital-da-7a-rodada-de-concessoes-aeroportuarias\/"},"author":{"name":"Ag\u00eancia iNFRA","@id":"https:\/\/agenciainfra.com\/blog\/#\/schema\/person\/34af08dff6adea4cb22b06612ba7acfa"},"headline":"Parlamentares do RJ seguem com cr\u00edticas ao edital da 7\u00aa Rodada de Concess\u00f5es Aeroportu\u00e1rias","datePublished":"2021-10-26T11:00:00+00:00","mainEntityOfPage":{"@id":"https:\/\/agenciainfra.com\/blog\/parlamentares-do-rj-seguem-com-criticas-ao-edital-da-7a-rodada-de-concessoes-aeroportuarias\/"},"wordCount":964,"publisher":{"@id":"https:\/\/agenciainfra.com\/blog\/#organization"},"image":{"@id":"https:\/\/agenciainfra.com\/blog\/parlamentares-do-rj-seguem-com-criticas-ao-edital-da-7a-rodada-de-concessoes-aeroportuarias\/#primaryimage"},"thumbnailUrl":"https:\/\/agenciainfra.com\/blog\/wp-content\/uploads\/2021\/10\/aeroporto-do-galeao-foto-fernando-frazao-agencia-brasil.jpeg","keywords":["7\u00aa Rodada de Concess\u00f5es","Aeroporto do Gale\u00e3o","Aeroporto do Jacarepagu\u00e1","Aeroporto Santos Dumont","Alerj","avia\u00e7\u00e3o civil","concess\u00f5es aeroportu\u00e1rias","Infraestrutura","Privatiza\u00e7\u00e3o","transporte a\u00e9reo"],"articleSection":["Geral","iNFRATransporte"],"inLanguage":"pt-BR","copyrightYear":"2021","copyrightHolder":{"@id":"https:\/\/agenciainfra.com\/blog\/#organization"}},{"@type":"WebPage","@id":"https:\/\/agenciainfra.com\/blog\/parlamentares-do-rj-seguem-com-criticas-ao-edital-da-7a-rodada-de-concessoes-aeroportuarias\/","url":"https:\/\/agenciainfra.com\/blog\/parlamentares-do-rj-seguem-com-criticas-ao-edital-da-7a-rodada-de-concessoes-aeroportuarias\/","name":"Parlamentares do RJ seguem com cr\u00edticas ao edital da 7\u00aa Rodada de Concess\u00f5es Aeroportu\u00e1rias - Ag\u00eancia iNFRA","isPartOf":{"@id":"https:\/\/agenciainfra.com\/blog\/#website"},"primaryImageOfPage":{"@id":"https:\/\/agenciainfra.com\/blog\/parlamentares-do-rj-seguem-com-criticas-ao-edital-da-7a-rodada-de-concessoes-aeroportuarias\/#primaryimage"},"image":{"@id":"https:\/\/agenciainfra.com\/blog\/parlamentares-do-rj-seguem-com-criticas-ao-edital-da-7a-rodada-de-concessoes-aeroportuarias\/#primaryimage"},"thumbnailUrl":"https:\/\/agenciainfra.com\/blog\/wp-content\/uploads\/2021\/10\/aeroporto-do-galeao-foto-fernando-frazao-agencia-brasil.jpeg","datePublished":"2021-10-26T11:00:00+00:00","breadcrumb":{"@id":"https:\/\/agenciainfra.com\/blog\/parlamentares-do-rj-seguem-com-criticas-ao-edital-da-7a-rodada-de-concessoes-aeroportuarias\/#breadcrumb"},"inLanguage":"pt-BR","potentialAction":[{"@type":"ReadAction","target":["https:\/\/agenciainfra.com\/blog\/parlamentares-do-rj-seguem-com-criticas-ao-edital-da-7a-rodada-de-concessoes-aeroportuarias\/"]}]},{"@type":"ImageObject","inLanguage":"pt-BR","@id":"https:\/\/agenciainfra.com\/blog\/parlamentares-do-rj-seguem-com-criticas-ao-edital-da-7a-rodada-de-concessoes-aeroportuarias\/#primaryimage","url":"https:\/\/agenciainfra.com\/blog\/wp-content\/uploads\/2021\/10\/aeroporto-do-galeao-foto-fernando-frazao-agencia-brasil.jpeg","contentUrl":"https:\/\/agenciainfra.com\/blog\/wp-content\/uploads\/2021\/10\/aeroporto-do-galeao-foto-fernando-frazao-agencia-brasil.jpeg","width":1280,"height":766,"caption":"Foto: Fernando Fraz\u00e3o\/Ag\u00eancia Brasil"},{"@type":"BreadcrumbList","@id":"https:\/\/agenciainfra.com\/blog\/parlamentares-do-rj-seguem-com-criticas-ao-edital-da-7a-rodada-de-concessoes-aeroportuarias\/#breadcrumb","itemListElement":[{"@type":"ListItem","position":1,"name":"In\u00edcio","item":"https:\/\/agenciainfra.com\/blog\/"},{"@type":"ListItem","position":2,"name":"Parlamentares do RJ seguem com cr\u00edticas ao edital da 7\u00aa Rodada de Concess\u00f5es Aeroportu\u00e1rias"}]},{"@type":"WebSite","@id":"https:\/\/agenciainfra.com\/blog\/#website","url":"https:\/\/agenciainfra.com\/blog\/","name":"Ag\u00eancia iNFRA","description":"Multiplataforma de informa\u00e7\u00e3o jornal\u00edstica refer\u00eancia na \u00e1rea de infraestrutura no Brasil!","publisher":{"@id":"https:\/\/agenciainfra.com\/blog\/#organization"},"potentialAction":[{"@type":"SearchAction","target":{"@type":"EntryPoint","urlTemplate":"https:\/\/agenciainfra.com\/blog\/?s={search_term_string}"},"query-input":{"@type":"PropertyValueSpecification","valueRequired":true,"valueName":"search_term_string"}}],"inLanguage":"pt-BR"},{"@type":"Organization","@id":"https:\/\/agenciainfra.com\/blog\/#organization","name":"Ag\u00eancia iNFRA","url":"https:\/\/agenciainfra.com\/blog\/","logo":{"@type":"ImageObject","inLanguage":"pt-BR","@id":"https:\/\/agenciainfra.com\/blog\/#\/schema\/logo\/image\/","url":"https:\/\/agenciainfra.com\/blog\/wp-content\/uploads\/2023\/09\/iNFRA_5-e1761735885940.png","contentUrl":"https:\/\/agenciainfra.com\/blog\/wp-content\/uploads\/2023\/09\/iNFRA_5-e1761735885940.png","width":1672,"height":454,"caption":"Ag\u00eancia iNFRA"},"image":{"@id":"https:\/\/agenciainfra.com\/blog\/#\/schema\/logo\/image\/"},"sameAs":["https:\/\/www.facebook.com\/ageninfra","https:\/\/x.com\/agencia_infra","https:\/\/www.linkedin.com\/company\/ag\u00eanciainfra\/","https:\/\/www.instagram.com\/agenciainfra\/"]},{"@type":"Person","@id":"https:\/\/agenciainfra.com\/blog\/#\/schema\/person\/34af08dff6adea4cb22b06612ba7acfa","name":"Ag\u00eancia iNFRA","image":{"@type":"ImageObject","inLanguage":"pt-BR","@id":"https:\/\/agenciainfra.com\/blog\/#\/schema\/person\/image\/","url":"https:\/\/secure.gravatar.com\/avatar\/d189e01678f06d8eb84d4e01f08eb848b3fffe3f8443818d3c356c66892f5be8?s=96&d=mm&r=g","contentUrl":"https:\/\/secure.gravatar.com\/avatar\/d189e01678f06d8eb84d4e01f08eb848b3fffe3f8443818d3c356c66892f5be8?s=96&d=mm&r=g","caption":"Ag\u00eancia iNFRA"},"url":"https:\/\/agenciainfra.com\/blog\/author\/admin\/"}]}},"_links":{"self":[{"href":"https:\/\/agenciainfra.com\/blog\/wp-json\/wp\/v2\/posts\/8665","targetHints":{"allow":["GET"]}}],"collection":[{"href":"https:\/\/agenciainfra.com\/blog\/wp-json\/wp\/v2\/posts"}],"about":[{"href":"https:\/\/agenciainfra.com\/blog\/wp-json\/wp\/v2\/types\/post"}],"author":[{"embeddable":true,"href":"https:\/\/agenciainfra.com\/blog\/wp-json\/wp\/v2\/users\/1"}],"replies":[{"embeddable":true,"href":"https:\/\/agenciainfra.com\/blog\/wp-json\/wp\/v2\/comments?post=8665"}],"version-history":[{"count":0,"href":"https:\/\/agenciainfra.com\/blog\/wp-json\/wp\/v2\/posts\/8665\/revisions"}],"wp:featuredmedia":[{"embeddable":true,"href":"https:\/\/agenciainfra.com\/blog\/wp-json\/wp\/v2\/media\/8667"}],"wp:attachment":[{"href":"https:\/\/agenciainfra.com\/blog\/wp-json\/wp\/v2\/media?parent=8665"}],"wp:term":[{"taxonomy":"category","embeddable":true,"href":"https:\/\/agenciainfra.com\/blog\/wp-json\/wp\/v2\/categories?post=8665"},{"taxonomy":"post_tag","embeddable":true,"href":"https:\/\/agenciainfra.com\/blog\/wp-json\/wp\/v2\/tags?post=8665"}],"curies":[{"name":"wp","href":"https:\/\/api.w.org\/{rel}","templated":true}]}}