{"id":8674,"date":"2021-10-25T14:00:00","date_gmt":"2021-10-25T17:00:00","guid":{"rendered":"https:\/\/www.agenciainfra.com\/blog\/?p=8674"},"modified":"2021-10-25T13:09:31","modified_gmt":"2021-10-25T16:09:31","slug":"anderson-fagundes-do-mercado-livre-brasil-defende-verticalizacao-da-cadeia-produtiva","status":"publish","type":"post","link":"https:\/\/agenciainfra.com\/blog\/anderson-fagundes-do-mercado-livre-brasil-defende-verticalizacao-da-cadeia-produtiva\/","title":{"rendered":"Anderson Fagundes, do Mercado Livre Brasil, defende verticaliza\u00e7\u00e3o da cadeia produtiva"},"content":{"rendered":"\n<hr class=\"wp-block-separator\"\/>\n\n\n\n<p class=\"has-text-align-right\"><strong>da Ag\u00eancia iNFRA<\/strong><\/p>\n\n\n\n<p>Em palestra de encerramento do Summit Portos 5.0, realizado na \u00faltima quinta-feira (21), Anderson Fagundes, head of Loss Prevention for Transportation do Mercado Livre Brasil, destacou os benef\u00edcios que o setor produtivo tem ao adotar a verticaliza\u00e7\u00e3o em seus processos. Assista \u00e0 \u00edntegra do evento <a rel=\"noreferrer noopener\" href=\"https:\/\/www.youtube.com\/watch?v=YEZssAjoA40\" data-type=\"URL\" data-id=\"https:\/\/www.youtube.com\/watch?v=YEZssAjoA40\" target=\"_blank\">neste link<\/a>.<br><br>A verticaliza\u00e7\u00e3o \u00e9 um modelo em que a empresa centraliza toda a cadeia de produ\u00e7\u00e3o, desde a mat\u00e9ria-prima at\u00e9 a distribui\u00e7\u00e3o dos produtos. O oposto \u00e9 a horizontaliza\u00e7\u00e3o, estrat\u00e9gia cujo objetivo \u00e9 descentralizar ao m\u00e1ximo a cadeia de produ\u00e7\u00e3o de determinado bem ou servi\u00e7o, explicou o diretor.<br><br>Segundo Anderson, o modelo tradicional de verticaliza\u00e7\u00e3o surgiu na Revolu\u00e7\u00e3o Industrial, estava presente no Fordismo, mas foi perdendo espa\u00e7o para a fragmenta\u00e7\u00e3o da cadeia de valor ao longo do tempo. Agora, ele diz, o conceito vem reconquistando espa\u00e7o no mercado:<br><br>\u201cA verticaliza\u00e7\u00e3o retoma muito focada em quest\u00f5es como maior autonomia, dom\u00ednio da tecnologia, possibilidade de maior lucro. Mas um ponto importante \u00e9 o know-how e a experi\u00eancia do usu\u00e1rio\u201d, argumentou.<br><br><strong>Desafios<\/strong><br>Em sua fala, Anderson citou a matriz de transportes de carga brasileira, que ele considera muito dependente do modal rodovi\u00e1rio, diferente do que ocorre em outros pa\u00edses, como Estados Unidos, Canad\u00e1 e Jap\u00e3o, por exemplo, onde h\u00e1 maior equil\u00edbrio entre os diferentes modais.<br><br>\u201cAcoplados a essa matriz de risco, n\u00f3s temos o custo e o risco Brasil. Muitas vezes o pre\u00e7o do frete \u00e9 maior que o produto, porque voc\u00ea tem um custo muito grande para poder fazer com que seu produto gire em torno disso\u201d, pontuou.<br><br>O representante do Mercado Livre Brasil tamb\u00e9m disse que o pa\u00eds n\u00e3o tem uma estrutura de seguran\u00e7a interna que proteja a cadeia log\u00edstica, item necess\u00e1rio para um pa\u00eds de dimens\u00f5es continentais. Segundo ele, a pr\u00e1tica conhecida como homeland security \u00e9 adotada em diversos pa\u00edses.<br><br>\u201cEssa seguran\u00e7a interna vai focar na prote\u00e7\u00e3o das infraestruturas cr\u00edticas que, basicamente, s\u00e3o as estruturas da log\u00edstica: portos, aeroportos, rodovias, ferrovias\u201d, exemplificou.<br><br><strong>Riscos<\/strong><br>Anderson ressaltou que atrelados aos desafios existem riscos, como o tr\u00e1fico internacional de drogas e o roubo de cargas, que se aproveitam da cadeia log\u00edstica. Ele classificou como &#8220;severo&#8221; o \u00edndice de roubo de carga no Brasil, algo em torno de 40 roubos de carga por dia, 14 mil a 15 mil roubos de carga por ano.<br><br>&#8220;Essas cargas que s\u00e3o roubadas t\u00eam estruturas criminosas, que possuem, obviamente, uma estrutura log\u00edstica por tr\u00e1s para lidar com esse descaminho\u201d, disse.<br><br>Ap\u00f3s apresentar um v\u00eddeo do F\u00f3rum Econ\u00f4mico Mundial sobre os riscos mundiais para se fazer neg\u00f3cios, o palestrante foi enf\u00e1tico ao dizer que as vulnerabilidades da cadeia log\u00edstica t\u00eam rela\u00e7\u00e3o direta com a baixa verticaliza\u00e7\u00e3o.<br><br>\u201cQuando eu fragmento a minha cadeia de valor, eu assumo mais riscos \u2013 ao branding, \u00e0 reputa\u00e7\u00e3o \u2013 e, obviamente, as empresas que querem melhorar a sua tecnologia de gest\u00e3o, que querem melhorar o seu know-how, aumentar o portf\u00f3lio e a sua plataforma de servi\u00e7os e produtos, eles come\u00e7am a entender que isso \u00e9 um risco continuado, e, obviamente, isso acaba sendo um impulsionador para que a verticaliza\u00e7\u00e3o seja mais utilizada\u201d, concluiu.<br><br><strong>Palestrante internacional<\/strong><br>O evento contou ainda com palestra de Peter W. de Langen, consultor na \u00e1rea de portos e log\u00edstica e professor da Copenhagen Business School, na Dinamarca. Ele tratou sobre arranjos produtivos para a cadeia de cont\u00eaineres.<br><br>Estudo do professor mostrou que, no Brasil, a amea\u00e7a de efeitos adversos de concentra\u00e7\u00e3o n\u00e3o \u00e9 grande. Dessa maneira, n\u00e3o seria apropriado limitar entrantes no mercado de novos terminais, sob risco de reduzir a competi\u00e7\u00e3o.<br><br>\u201cH\u00e1 competi\u00e7\u00e3o entre os maiores portos do pa\u00eds, ao mesmo tempo que outros portos menores competem entre si. Al\u00e9m disso, os terminais tamb\u00e9m competem por cargas de transbordo\u201d, resumiu.<br><br>Contudo, Langen sugere que seja realizado um monitoramento anual com os operadores de cont\u00eaineres em terminais portu\u00e1rios, a fim de verificar a produtividade, os pre\u00e7os e a performance financeira dos terminais. Acesse o estudo completo, em ingl\u00eas,\u00a0<a rel=\"noreferrer noopener\" href=\"https:\/\/agenciainfra.us14.list-manage.com\/track\/click?u=d460dd1bcf9ba0ae040e1fc0f&amp;id=e8601cef49&amp;e=c099169394\" target=\"_blank\">neste link<\/a>.<\/p>\n","protected":false},"excerpt":{"rendered":"<p>da Ag\u00eancia iNFRA Em palestra de encerramento do Summit Portos 5.0, realizado na \u00faltima quinta-feira (21), Anderson Fagundes, head of Loss Prevention for Transportation do Mercado Livre Brasil, destacou os benef\u00edcios que o setor produtivo tem ao adotar a verticaliza\u00e7\u00e3o em seus processos. Assista \u00e0 \u00edntegra do evento neste link. A verticaliza\u00e7\u00e3o \u00e9 um modelo [&hellip;]<\/p>\n","protected":false},"author":9,"featured_media":8675,"comment_status":"closed","ping_status":"closed","sticky":false,"template":"","format":"standard","meta":{"_monsterinsights_skip_tracking":false,"_monsterinsights_sitenote_active":false,"_monsterinsights_sitenote_note":"","_monsterinsights_sitenote_category":0,"footnotes":""},"categories":[1,2053],"tags":[5072,5074,873,66,5073,5054,310,495,5052,2726],"class_list":["post-8674","post","type-post","status-publish","format-standard","has-post-thumbnail","hentry","category-geral","category-infraliveventos","tag-anderson-fagundes","tag-cadeia-produtiva","tag-conteineres","tag-logistica","tag-mercado-livre-brasil","tag-peter-w-de-langen","tag-portos","tag-roubo-de-cargas","tag-summit-portos-5-0","tag-verticalizacao"],"yoast_head":"<!-- This site is optimized with the Yoast SEO Premium plugin v25.4 (Yoast SEO v26.0) - https:\/\/yoast.com\/wordpress\/plugins\/seo\/ -->\n<title>Anderson Fagundes, do Mercado Livre Brasil, defende verticaliza\u00e7\u00e3o da cadeia produtiva - Ag\u00eancia iNFRA<\/title>\n<meta name=\"robots\" content=\"index, follow, max-snippet:-1, max-image-preview:large, max-video-preview:-1\" \/>\n<link rel=\"canonical\" href=\"https:\/\/agenciainfra.com\/blog\/anderson-fagundes-do-mercado-livre-brasil-defende-verticalizacao-da-cadeia-produtiva\/\" \/>\n<meta property=\"og:locale\" content=\"pt_BR\" \/>\n<meta property=\"og:type\" content=\"article\" \/>\n<meta property=\"og:title\" content=\"Anderson Fagundes, do Mercado Livre Brasil, defende verticaliza\u00e7\u00e3o da cadeia produtiva\" \/>\n<meta property=\"og:description\" content=\"da Ag\u00eancia iNFRA Em palestra de encerramento do Summit Portos 5.0, realizado na \u00faltima quinta-feira (21), Anderson Fagundes, head of Loss Prevention for Transportation do Mercado Livre Brasil, destacou os benef\u00edcios que o setor produtivo tem ao adotar a verticaliza\u00e7\u00e3o em seus processos. Assista \u00e0 \u00edntegra do evento neste link. A verticaliza\u00e7\u00e3o \u00e9 um modelo [&hellip;]\" \/>\n<meta property=\"og:url\" content=\"https:\/\/agenciainfra.com\/blog\/anderson-fagundes-do-mercado-livre-brasil-defende-verticalizacao-da-cadeia-produtiva\/\" \/>\n<meta property=\"og:site_name\" content=\"Ag\u00eancia iNFRA\" \/>\n<meta property=\"article:publisher\" content=\"https:\/\/www.facebook.com\/ageninfra\" \/>\n<meta property=\"article:published_time\" content=\"2021-10-25T17:00:00+00:00\" \/>\n<meta property=\"og:image\" content=\"https:\/\/agenciainfra.com\/blog\/wp-content\/uploads\/2021\/10\/mercado-livre-foto-divulgacao.jpeg\" \/>\n\t<meta property=\"og:image:width\" content=\"1280\" \/>\n\t<meta property=\"og:image:height\" content=\"853\" \/>\n\t<meta property=\"og:image:type\" content=\"image\/jpeg\" \/>\n<meta name=\"author\" content=\"Rodrigo Zuquim\" \/>\n<meta name=\"twitter:card\" content=\"summary_large_image\" \/>\n<meta name=\"twitter:creator\" content=\"@agencia_infra\" \/>\n<meta name=\"twitter:site\" content=\"@agencia_infra\" \/>\n<meta name=\"twitter:label1\" content=\"Escrito por\" \/>\n\t<meta name=\"twitter:data1\" content=\"Rodrigo Zuquim\" \/>\n\t<meta name=\"twitter:label2\" content=\"Est. tempo de leitura\" \/>\n\t<meta name=\"twitter:data2\" content=\"4 minutos\" \/>\n<script type=\"application\/ld+json\" class=\"yoast-schema-graph\">{\"@context\":\"https:\/\/schema.org\",\"@graph\":[{\"@type\":\"Article\",\"@id\":\"https:\/\/agenciainfra.com\/blog\/anderson-fagundes-do-mercado-livre-brasil-defende-verticalizacao-da-cadeia-produtiva\/#article\",\"isPartOf\":{\"@id\":\"https:\/\/agenciainfra.com\/blog\/anderson-fagundes-do-mercado-livre-brasil-defende-verticalizacao-da-cadeia-produtiva\/\"},\"author\":{\"name\":\"Rodrigo Zuquim\",\"@id\":\"https:\/\/agenciainfra.com\/blog\/#\/schema\/person\/04dbb79bd6d8951f063da71f3e4c1eb1\"},\"headline\":\"Anderson Fagundes, do Mercado Livre Brasil, defende verticaliza\u00e7\u00e3o da cadeia produtiva\",\"datePublished\":\"2021-10-25T17:00:00+00:00\",\"mainEntityOfPage\":{\"@id\":\"https:\/\/agenciainfra.com\/blog\/anderson-fagundes-do-mercado-livre-brasil-defende-verticalizacao-da-cadeia-produtiva\/\"},\"wordCount\":724,\"publisher\":{\"@id\":\"https:\/\/agenciainfra.com\/blog\/#organization\"},\"image\":{\"@id\":\"https:\/\/agenciainfra.com\/blog\/anderson-fagundes-do-mercado-livre-brasil-defende-verticalizacao-da-cadeia-produtiva\/#primaryimage\"},\"thumbnailUrl\":\"https:\/\/agenciainfra.com\/blog\/wp-content\/uploads\/2021\/10\/mercado-livre-foto-divulgacao.jpeg\",\"keywords\":[\"Anderson Fagundes\",\"cadeia produtiva\",\"cont\u00eaineres\",\"log\u00edstica\",\"Mercado Livre Brasil\",\"Peter W. de Langen\",\"portos\",\"roubo de cargas\",\"Summit Portos 5.0\",\"verticaliza\u00e7\u00e3o\"],\"articleSection\":[\"Geral\",\"iNFRALive e Eventos\"],\"inLanguage\":\"pt-BR\",\"copyrightYear\":\"2021\",\"copyrightHolder\":{\"@id\":\"https:\/\/agenciainfra.com\/blog\/#organization\"}},{\"@type\":\"WebPage\",\"@id\":\"https:\/\/agenciainfra.com\/blog\/anderson-fagundes-do-mercado-livre-brasil-defende-verticalizacao-da-cadeia-produtiva\/\",\"url\":\"https:\/\/agenciainfra.com\/blog\/anderson-fagundes-do-mercado-livre-brasil-defende-verticalizacao-da-cadeia-produtiva\/\",\"name\":\"Anderson Fagundes, do Mercado Livre Brasil, defende verticaliza\u00e7\u00e3o da cadeia produtiva - Ag\u00eancia iNFRA\",\"isPartOf\":{\"@id\":\"https:\/\/agenciainfra.com\/blog\/#website\"},\"primaryImageOfPage\":{\"@id\":\"https:\/\/agenciainfra.com\/blog\/anderson-fagundes-do-mercado-livre-brasil-defende-verticalizacao-da-cadeia-produtiva\/#primaryimage\"},\"image\":{\"@id\":\"https:\/\/agenciainfra.com\/blog\/anderson-fagundes-do-mercado-livre-brasil-defende-verticalizacao-da-cadeia-produtiva\/#primaryimage\"},\"thumbnailUrl\":\"https:\/\/agenciainfra.com\/blog\/wp-content\/uploads\/2021\/10\/mercado-livre-foto-divulgacao.jpeg\",\"datePublished\":\"2021-10-25T17:00:00+00:00\",\"breadcrumb\":{\"@id\":\"https:\/\/agenciainfra.com\/blog\/anderson-fagundes-do-mercado-livre-brasil-defende-verticalizacao-da-cadeia-produtiva\/#breadcrumb\"},\"inLanguage\":\"pt-BR\",\"potentialAction\":[{\"@type\":\"ReadAction\",\"target\":[\"https:\/\/agenciainfra.com\/blog\/anderson-fagundes-do-mercado-livre-brasil-defende-verticalizacao-da-cadeia-produtiva\/\"]}]},{\"@type\":\"ImageObject\",\"inLanguage\":\"pt-BR\",\"@id\":\"https:\/\/agenciainfra.com\/blog\/anderson-fagundes-do-mercado-livre-brasil-defende-verticalizacao-da-cadeia-produtiva\/#primaryimage\",\"url\":\"https:\/\/agenciainfra.com\/blog\/wp-content\/uploads\/2021\/10\/mercado-livre-foto-divulgacao.jpeg\",\"contentUrl\":\"https:\/\/agenciainfra.com\/blog\/wp-content\/uploads\/2021\/10\/mercado-livre-foto-divulgacao.jpeg\",\"width\":1280,\"height\":853},{\"@type\":\"BreadcrumbList\",\"@id\":\"https:\/\/agenciainfra.com\/blog\/anderson-fagundes-do-mercado-livre-brasil-defende-verticalizacao-da-cadeia-produtiva\/#breadcrumb\",\"itemListElement\":[{\"@type\":\"ListItem\",\"position\":1,\"name\":\"In\u00edcio\",\"item\":\"https:\/\/agenciainfra.com\/blog\/\"},{\"@type\":\"ListItem\",\"position\":2,\"name\":\"Anderson Fagundes, do Mercado Livre Brasil, defende verticaliza\u00e7\u00e3o da cadeia produtiva\"}]},{\"@type\":\"WebSite\",\"@id\":\"https:\/\/agenciainfra.com\/blog\/#website\",\"url\":\"https:\/\/agenciainfra.com\/blog\/\",\"name\":\"Ag\u00eancia iNFRA\",\"description\":\"Multiplataforma de informa\u00e7\u00e3o jornal\u00edstica refer\u00eancia na \u00e1rea de infraestrutura no Brasil!\",\"publisher\":{\"@id\":\"https:\/\/agenciainfra.com\/blog\/#organization\"},\"potentialAction\":[{\"@type\":\"SearchAction\",\"target\":{\"@type\":\"EntryPoint\",\"urlTemplate\":\"https:\/\/agenciainfra.com\/blog\/?s={search_term_string}\"},\"query-input\":{\"@type\":\"PropertyValueSpecification\",\"valueRequired\":true,\"valueName\":\"search_term_string\"}}],\"inLanguage\":\"pt-BR\"},{\"@type\":\"Organization\",\"@id\":\"https:\/\/agenciainfra.com\/blog\/#organization\",\"name\":\"Ag\u00eancia iNFRA\",\"url\":\"https:\/\/agenciainfra.com\/blog\/\",\"logo\":{\"@type\":\"ImageObject\",\"inLanguage\":\"pt-BR\",\"@id\":\"https:\/\/agenciainfra.com\/blog\/#\/schema\/logo\/image\/\",\"url\":\"https:\/\/agenciainfra.com\/blog\/wp-content\/uploads\/2023\/09\/iNFRA_5-e1761735885940.png\",\"contentUrl\":\"https:\/\/agenciainfra.com\/blog\/wp-content\/uploads\/2023\/09\/iNFRA_5-e1761735885940.png\",\"width\":1672,\"height\":454,\"caption\":\"Ag\u00eancia iNFRA\"},\"image\":{\"@id\":\"https:\/\/agenciainfra.com\/blog\/#\/schema\/logo\/image\/\"},\"sameAs\":[\"https:\/\/www.facebook.com\/ageninfra\",\"https:\/\/x.com\/agencia_infra\",\"https:\/\/www.linkedin.com\/company\/ag\u00eanciainfra\/\",\"https:\/\/www.instagram.com\/agenciainfra\/\"]},{\"@type\":\"Person\",\"@id\":\"https:\/\/agenciainfra.com\/blog\/#\/schema\/person\/04dbb79bd6d8951f063da71f3e4c1eb1\",\"name\":\"Rodrigo Zuquim\",\"image\":{\"@type\":\"ImageObject\",\"inLanguage\":\"pt-BR\",\"@id\":\"https:\/\/agenciainfra.com\/blog\/#\/schema\/person\/image\/\",\"url\":\"https:\/\/secure.gravatar.com\/avatar\/594abfe82761d620726242ff34ca472a705a4b97f16c790053a6b4c4035274d0?s=96&d=mm&r=g\",\"contentUrl\":\"https:\/\/secure.gravatar.com\/avatar\/594abfe82761d620726242ff34ca472a705a4b97f16c790053a6b4c4035274d0?s=96&d=mm&r=g\",\"caption\":\"Rodrigo Zuquim\"},\"url\":\"https:\/\/agenciainfra.com\/blog\/author\/rodrigo-zuquim\/\"}]}<\/script>\n<!-- \/ Yoast SEO Premium plugin. -->","yoast_head_json":{"title":"Anderson Fagundes, do Mercado Livre Brasil, defende verticaliza\u00e7\u00e3o da cadeia produtiva - Ag\u00eancia iNFRA","robots":{"index":"index","follow":"follow","max-snippet":"max-snippet:-1","max-image-preview":"max-image-preview:large","max-video-preview":"max-video-preview:-1"},"canonical":"https:\/\/agenciainfra.com\/blog\/anderson-fagundes-do-mercado-livre-brasil-defende-verticalizacao-da-cadeia-produtiva\/","og_locale":"pt_BR","og_type":"article","og_title":"Anderson Fagundes, do Mercado Livre Brasil, defende verticaliza\u00e7\u00e3o da cadeia produtiva","og_description":"da Ag\u00eancia iNFRA Em palestra de encerramento do Summit Portos 5.0, realizado na \u00faltima quinta-feira (21), Anderson Fagundes, head of Loss Prevention for Transportation do Mercado Livre Brasil, destacou os benef\u00edcios que o setor produtivo tem ao adotar a verticaliza\u00e7\u00e3o em seus processos. Assista \u00e0 \u00edntegra do evento neste link. A verticaliza\u00e7\u00e3o \u00e9 um modelo [&hellip;]","og_url":"https:\/\/agenciainfra.com\/blog\/anderson-fagundes-do-mercado-livre-brasil-defende-verticalizacao-da-cadeia-produtiva\/","og_site_name":"Ag\u00eancia iNFRA","article_publisher":"https:\/\/www.facebook.com\/ageninfra","article_published_time":"2021-10-25T17:00:00+00:00","og_image":[{"width":1280,"height":853,"url":"https:\/\/agenciainfra.com\/blog\/wp-content\/uploads\/2021\/10\/mercado-livre-foto-divulgacao.jpeg","type":"image\/jpeg"}],"author":"Rodrigo Zuquim","twitter_card":"summary_large_image","twitter_creator":"@agencia_infra","twitter_site":"@agencia_infra","twitter_misc":{"Escrito por":"Rodrigo Zuquim","Est. tempo de leitura":"4 minutos"},"schema":{"@context":"https:\/\/schema.org","@graph":[{"@type":"Article","@id":"https:\/\/agenciainfra.com\/blog\/anderson-fagundes-do-mercado-livre-brasil-defende-verticalizacao-da-cadeia-produtiva\/#article","isPartOf":{"@id":"https:\/\/agenciainfra.com\/blog\/anderson-fagundes-do-mercado-livre-brasil-defende-verticalizacao-da-cadeia-produtiva\/"},"author":{"name":"Rodrigo Zuquim","@id":"https:\/\/agenciainfra.com\/blog\/#\/schema\/person\/04dbb79bd6d8951f063da71f3e4c1eb1"},"headline":"Anderson Fagundes, do Mercado Livre Brasil, defende verticaliza\u00e7\u00e3o da cadeia produtiva","datePublished":"2021-10-25T17:00:00+00:00","mainEntityOfPage":{"@id":"https:\/\/agenciainfra.com\/blog\/anderson-fagundes-do-mercado-livre-brasil-defende-verticalizacao-da-cadeia-produtiva\/"},"wordCount":724,"publisher":{"@id":"https:\/\/agenciainfra.com\/blog\/#organization"},"image":{"@id":"https:\/\/agenciainfra.com\/blog\/anderson-fagundes-do-mercado-livre-brasil-defende-verticalizacao-da-cadeia-produtiva\/#primaryimage"},"thumbnailUrl":"https:\/\/agenciainfra.com\/blog\/wp-content\/uploads\/2021\/10\/mercado-livre-foto-divulgacao.jpeg","keywords":["Anderson Fagundes","cadeia produtiva","cont\u00eaineres","log\u00edstica","Mercado Livre Brasil","Peter W. de Langen","portos","roubo de cargas","Summit Portos 5.0","verticaliza\u00e7\u00e3o"],"articleSection":["Geral","iNFRALive e Eventos"],"inLanguage":"pt-BR","copyrightYear":"2021","copyrightHolder":{"@id":"https:\/\/agenciainfra.com\/blog\/#organization"}},{"@type":"WebPage","@id":"https:\/\/agenciainfra.com\/blog\/anderson-fagundes-do-mercado-livre-brasil-defende-verticalizacao-da-cadeia-produtiva\/","url":"https:\/\/agenciainfra.com\/blog\/anderson-fagundes-do-mercado-livre-brasil-defende-verticalizacao-da-cadeia-produtiva\/","name":"Anderson Fagundes, do Mercado Livre Brasil, defende verticaliza\u00e7\u00e3o da cadeia produtiva - Ag\u00eancia iNFRA","isPartOf":{"@id":"https:\/\/agenciainfra.com\/blog\/#website"},"primaryImageOfPage":{"@id":"https:\/\/agenciainfra.com\/blog\/anderson-fagundes-do-mercado-livre-brasil-defende-verticalizacao-da-cadeia-produtiva\/#primaryimage"},"image":{"@id":"https:\/\/agenciainfra.com\/blog\/anderson-fagundes-do-mercado-livre-brasil-defende-verticalizacao-da-cadeia-produtiva\/#primaryimage"},"thumbnailUrl":"https:\/\/agenciainfra.com\/blog\/wp-content\/uploads\/2021\/10\/mercado-livre-foto-divulgacao.jpeg","datePublished":"2021-10-25T17:00:00+00:00","breadcrumb":{"@id":"https:\/\/agenciainfra.com\/blog\/anderson-fagundes-do-mercado-livre-brasil-defende-verticalizacao-da-cadeia-produtiva\/#breadcrumb"},"inLanguage":"pt-BR","potentialAction":[{"@type":"ReadAction","target":["https:\/\/agenciainfra.com\/blog\/anderson-fagundes-do-mercado-livre-brasil-defende-verticalizacao-da-cadeia-produtiva\/"]}]},{"@type":"ImageObject","inLanguage":"pt-BR","@id":"https:\/\/agenciainfra.com\/blog\/anderson-fagundes-do-mercado-livre-brasil-defende-verticalizacao-da-cadeia-produtiva\/#primaryimage","url":"https:\/\/agenciainfra.com\/blog\/wp-content\/uploads\/2021\/10\/mercado-livre-foto-divulgacao.jpeg","contentUrl":"https:\/\/agenciainfra.com\/blog\/wp-content\/uploads\/2021\/10\/mercado-livre-foto-divulgacao.jpeg","width":1280,"height":853},{"@type":"BreadcrumbList","@id":"https:\/\/agenciainfra.com\/blog\/anderson-fagundes-do-mercado-livre-brasil-defende-verticalizacao-da-cadeia-produtiva\/#breadcrumb","itemListElement":[{"@type":"ListItem","position":1,"name":"In\u00edcio","item":"https:\/\/agenciainfra.com\/blog\/"},{"@type":"ListItem","position":2,"name":"Anderson Fagundes, do Mercado Livre Brasil, defende verticaliza\u00e7\u00e3o da cadeia produtiva"}]},{"@type":"WebSite","@id":"https:\/\/agenciainfra.com\/blog\/#website","url":"https:\/\/agenciainfra.com\/blog\/","name":"Ag\u00eancia iNFRA","description":"Multiplataforma de informa\u00e7\u00e3o jornal\u00edstica refer\u00eancia na \u00e1rea de infraestrutura no Brasil!","publisher":{"@id":"https:\/\/agenciainfra.com\/blog\/#organization"},"potentialAction":[{"@type":"SearchAction","target":{"@type":"EntryPoint","urlTemplate":"https:\/\/agenciainfra.com\/blog\/?s={search_term_string}"},"query-input":{"@type":"PropertyValueSpecification","valueRequired":true,"valueName":"search_term_string"}}],"inLanguage":"pt-BR"},{"@type":"Organization","@id":"https:\/\/agenciainfra.com\/blog\/#organization","name":"Ag\u00eancia iNFRA","url":"https:\/\/agenciainfra.com\/blog\/","logo":{"@type":"ImageObject","inLanguage":"pt-BR","@id":"https:\/\/agenciainfra.com\/blog\/#\/schema\/logo\/image\/","url":"https:\/\/agenciainfra.com\/blog\/wp-content\/uploads\/2023\/09\/iNFRA_5-e1761735885940.png","contentUrl":"https:\/\/agenciainfra.com\/blog\/wp-content\/uploads\/2023\/09\/iNFRA_5-e1761735885940.png","width":1672,"height":454,"caption":"Ag\u00eancia iNFRA"},"image":{"@id":"https:\/\/agenciainfra.com\/blog\/#\/schema\/logo\/image\/"},"sameAs":["https:\/\/www.facebook.com\/ageninfra","https:\/\/x.com\/agencia_infra","https:\/\/www.linkedin.com\/company\/ag\u00eanciainfra\/","https:\/\/www.instagram.com\/agenciainfra\/"]},{"@type":"Person","@id":"https:\/\/agenciainfra.com\/blog\/#\/schema\/person\/04dbb79bd6d8951f063da71f3e4c1eb1","name":"Rodrigo Zuquim","image":{"@type":"ImageObject","inLanguage":"pt-BR","@id":"https:\/\/agenciainfra.com\/blog\/#\/schema\/person\/image\/","url":"https:\/\/secure.gravatar.com\/avatar\/594abfe82761d620726242ff34ca472a705a4b97f16c790053a6b4c4035274d0?s=96&d=mm&r=g","contentUrl":"https:\/\/secure.gravatar.com\/avatar\/594abfe82761d620726242ff34ca472a705a4b97f16c790053a6b4c4035274d0?s=96&d=mm&r=g","caption":"Rodrigo Zuquim"},"url":"https:\/\/agenciainfra.com\/blog\/author\/rodrigo-zuquim\/"}]}},"_links":{"self":[{"href":"https:\/\/agenciainfra.com\/blog\/wp-json\/wp\/v2\/posts\/8674","targetHints":{"allow":["GET"]}}],"collection":[{"href":"https:\/\/agenciainfra.com\/blog\/wp-json\/wp\/v2\/posts"}],"about":[{"href":"https:\/\/agenciainfra.com\/blog\/wp-json\/wp\/v2\/types\/post"}],"author":[{"embeddable":true,"href":"https:\/\/agenciainfra.com\/blog\/wp-json\/wp\/v2\/users\/9"}],"replies":[{"embeddable":true,"href":"https:\/\/agenciainfra.com\/blog\/wp-json\/wp\/v2\/comments?post=8674"}],"version-history":[{"count":0,"href":"https:\/\/agenciainfra.com\/blog\/wp-json\/wp\/v2\/posts\/8674\/revisions"}],"wp:featuredmedia":[{"embeddable":true,"href":"https:\/\/agenciainfra.com\/blog\/wp-json\/wp\/v2\/media\/8675"}],"wp:attachment":[{"href":"https:\/\/agenciainfra.com\/blog\/wp-json\/wp\/v2\/media?parent=8674"}],"wp:term":[{"taxonomy":"category","embeddable":true,"href":"https:\/\/agenciainfra.com\/blog\/wp-json\/wp\/v2\/categories?post=8674"},{"taxonomy":"post_tag","embeddable":true,"href":"https:\/\/agenciainfra.com\/blog\/wp-json\/wp\/v2\/tags?post=8674"}],"curies":[{"name":"wp","href":"https:\/\/api.w.org\/{rel}","templated":true}]}}