{"id":8690,"date":"2021-10-26T15:00:00","date_gmt":"2021-10-26T18:00:00","guid":{"rendered":"https:\/\/www.agenciainfra.com\/blog\/?p=8690"},"modified":"2021-10-26T11:04:32","modified_gmt":"2021-10-26T14:04:32","slug":"regulamentos-precisam-ser-propostos-com-responsabilidade-e-embasamento","status":"publish","type":"post","link":"https:\/\/agenciainfra.com\/blog\/regulamentos-precisam-ser-propostos-com-responsabilidade-e-embasamento\/","title":{"rendered":"Regulamentos precisam ser propostos com responsabilidade e embasamento"},"content":{"rendered":"\n<p class=\"has-text-align-right\"><strong>da Ag\u00eancia iNFRA<\/strong><\/p>\n\n\n\n<p>Movimentar 95% de todo o com\u00e9rcio exterior num pa\u00eds que edita cerca de 700 normas diariamente \u00e9 o desafio do qual os especialistas trataram no painel &#8220;Redu\u00e7\u00e3o de Burocracia e Regula\u00e7\u00e3o Responsiva&#8221;, no Summit Portos 5.0, realizado na \u00faltima quinta-feira (21).<\/p>\n\n\n\n<p>Os dados sobre o n\u00famero de normas di\u00e1rias s\u00e3o da&nbsp;Fiesp (Federa\u00e7\u00e3o das Ind\u00fastrias do Estado de S\u00e3o Paulo) e foram citados pelo diretor-geral da ANTAQ (Ag\u00eancia Nacional de Transportes Aquavi\u00e1rios), Eduardo Nery. &#8220;\u00c9&nbsp;uma marca que, aos olhos de um investidor estrangeiro, soa inacredit\u00e1vel&#8221;, disse.<\/p>\n\n\n\n<p>\u201cQuando falamos em regula\u00e7\u00e3o responsiva, queremos dizer que s\u00f3 devemos implantar uma nova regula\u00e7\u00e3o quando se verifica a necessidade dela\u201d, comentou Nery.<\/p>\n\n\n\n<p>O diretor-geral cita decis\u00e3o do colegiado da ANTAQ tomada nesta semana, a respeito da regula\u00e7\u00e3o do transporte ship to ship (entre navios) de petr\u00f3leo e derivados. \u201cDepois de ouvir o setor, chegamos \u00e0 conclus\u00e3o de que o melhor era n\u00e3o trazer nenhum custo regulat\u00f3rio naquele momento. N\u00e3o estava claro o problema&nbsp;que exigia uma regula\u00e7\u00e3o. A decis\u00e3o da diretoria foi: queremos conhecer melhor o setor e as dificuldades antes de criar eventuais custos regulat\u00f3rios\u201d.<\/p>\n\n\n\n<p>A decis\u00e3o \u00e9 um exemplo a ser seguido, comentou Patricio Junior, diretor de Investimento em Terminais&nbsp;da TiL (Terminal Investment Limited), que destacou&nbsp;a import\u00e2ncia de elogiar as boas iniciativas. \u201cInfelizmente, o setor portu\u00e1rio sempre foi visto de uma maneira muito negativa no Brasil. A maioria das pessoas olha para o porto e v\u00ea problemas, inefici\u00eancia, polui\u00e7\u00e3o e corrup\u00e7\u00e3o. \u00c9 tamb\u00e9m o que lemos em todos os jornais. Por isso, \u00e9 importante destacar o que tem sido feito de bom\u201d, comenta, destacando ainda que o n\u00edvel de comprometimento das pessoas no governo tem melhorado sensivelmente, ano ap\u00f3s ano.<\/p>\n\n\n\n<p>Patricio Junior ainda fez um apelo aos parlamentares presentes no evento:&nbsp;\u201cInfraestrutura \u00e9 fundamental, n\u00e3o podemos perder tempo em perfumaria. \u00c9 infraestrutura, o resto acontece. Continuem nesse foco, pois o dinheiro existe e o Brasil \u00e9 um grande atrativo para o investidor estrangeiro.\u201d<\/p>\n\n\n\n<p>A redu\u00e7\u00e3o da burocracia n\u00e3o pode vir a qualquer custo, defendeu Disney Barroca, ex-coordenador-geral de Modelagem de Arrendamentos Portu\u00e1rios no Minist\u00e9rio da Infraestrutura e atualmente business development manager da Dragabras. Ele entende que regula\u00e7\u00e3o responsiva \u00e9 a capacidade dos governos de responder \u00e0s necessidades por meio de pol\u00edticas p\u00fablicas postas em pr\u00e1tica.<\/p>\n\n\n\n<p>&#8220;E isso \u00e9 consensual? N\u00e3o. O setor portu\u00e1rio \u00e9 muito diverso, esse evento mostra isso. N\u00e3o temos como esperar respostas f\u00e1ceis para um setor como esse. Tem que reduzir a burocracia. Mas como, para quem, em que medida? E ainda atrav\u00e9s de um processo pensado, para que a seguran\u00e7a jur\u00eddica exista&#8221;, pondera.<\/p>\n\n\n\n<p>No mesmo sentido avalia Manoel Moreira, coordenador-geral de infraestrutura do TCU (Tribunal de Contas da Uni\u00e3o). Ele reconhece que o problema proposto pelo painel existe, mas que simplificar n\u00e3o \u00e9 necessariamente ser simples. \u201cPara voc\u00ea desburocratizar, precisa ter muito racional. N\u00e3o \u00e9 deixar de fazer. Deixar de fazer pode sair muito caro. Para simplificar, precisamos pensar bastante. Mas, no final, o processo vai conduzir a solu\u00e7\u00f5es simples. At\u00e9 para revogar normas isso deve ser bem racionalizado, pois \u00e0s vezes voc\u00ea revoga algo e tem problemas depois&#8221;, opinou.<\/p>\n\n\n\n<p>Para Carlos Chiodini, deputado federal (MDB-SC) e presidente da CVT (Comiss\u00e3o de Via\u00e7\u00e3o e Transportes da C\u00e2mara), o processo de desestatiza\u00e7\u00e3o \u00e9, por si s\u00f3, uma escola. Ele diz que o ideal \u00e9 acompanhar o que est\u00e1 sendo feito nessa primeira experi\u00eancia, com a Codesa (Companhia Docas do Esp\u00edrito Santo), para ent\u00e3o propor novos regulamentos ou alter\u00e1-los.<\/p>\n\n\n\n<p>&#8220;Como ocorreu no setor rodovi\u00e1rio, percebemos a grande diferen\u00e7a entre as primeiras concess\u00f5es nos anos 1990 e as atuais. Estamos amadurecendo\u201d, refletiu.<\/p>\n\n\n\n<p>O Summit Portos 5.0 foi promovido pelo Grupo Tribuna com apoio da TiL (Terminal Investment Limited) e da APM Terminals. A \u00edntegra do evento est\u00e1 dispon\u00edvel <a rel=\"noreferrer noopener\" href=\"https:\/\/www.youtube.com\/watch?v=YEZssAjoA40\" target=\"_blank\">neste link<\/a>.<\/p>\n","protected":false},"excerpt":{"rendered":"<p>da Ag\u00eancia iNFRA Movimentar 95% de todo o com\u00e9rcio exterior num pa\u00eds que edita cerca de 700 normas diariamente \u00e9 o desafio do qual os especialistas trataram no painel &#8220;Redu\u00e7\u00e3o de Burocracia e Regula\u00e7\u00e3o Responsiva&#8221;, no Summit Portos 5.0, realizado na \u00faltima quinta-feira (21). Os dados sobre o n\u00famero de normas di\u00e1rias s\u00e3o da&nbsp;Fiesp (Federa\u00e7\u00e3o [&hellip;]<\/p>\n","protected":false},"author":1,"featured_media":8691,"comment_status":"closed","ping_status":"closed","sticky":false,"template":"","format":"standard","meta":{"_monsterinsights_skip_tracking":false,"_monsterinsights_sitenote_active":false,"_monsterinsights_sitenote_note":"","_monsterinsights_sitenote_category":0,"footnotes":""},"categories":[1,2053],"tags":[86,3512,118,2932,645,310,3408,2656,1201,70],"class_list":["post-8690","post","type-post","status-publish","format-standard","has-post-thumbnail","hentry","category-geral","category-infraliveventos","tag-antaq","tag-arrendamentos","tag-cvt","tag-eduardo-nery","tag-infraesetrutura","tag-portos","tag-regulacao-responsiva","tag-regulamentacao","tag-setor-portuario","tag-transportes"],"yoast_head":"<!-- This site is optimized with the Yoast SEO Premium plugin v25.4 (Yoast SEO v26.0) - https:\/\/yoast.com\/wordpress\/plugins\/seo\/ -->\n<title>Regulamentos precisam ser propostos com responsabilidade e embasamento - Ag\u00eancia iNFRA<\/title>\n<meta name=\"robots\" content=\"index, follow, max-snippet:-1, max-image-preview:large, max-video-preview:-1\" \/>\n<link rel=\"canonical\" href=\"https:\/\/agenciainfra.com\/blog\/regulamentos-precisam-ser-propostos-com-responsabilidade-e-embasamento\/\" \/>\n<meta property=\"og:locale\" content=\"pt_BR\" \/>\n<meta property=\"og:type\" content=\"article\" \/>\n<meta property=\"og:title\" content=\"Regulamentos precisam ser propostos com responsabilidade e embasamento\" \/>\n<meta property=\"og:description\" content=\"da Ag\u00eancia iNFRA Movimentar 95% de todo o com\u00e9rcio exterior num pa\u00eds que edita cerca de 700 normas diariamente \u00e9 o desafio do qual os especialistas trataram no painel &#8220;Redu\u00e7\u00e3o de Burocracia e Regula\u00e7\u00e3o Responsiva&#8221;, no Summit Portos 5.0, realizado na \u00faltima quinta-feira (21). Os dados sobre o n\u00famero de normas di\u00e1rias s\u00e3o da&nbsp;Fiesp (Federa\u00e7\u00e3o [&hellip;]\" \/>\n<meta property=\"og:url\" content=\"https:\/\/agenciainfra.com\/blog\/regulamentos-precisam-ser-propostos-com-responsabilidade-e-embasamento\/\" \/>\n<meta property=\"og:site_name\" content=\"Ag\u00eancia iNFRA\" \/>\n<meta property=\"article:publisher\" content=\"https:\/\/www.facebook.com\/ageninfra\" \/>\n<meta property=\"article:published_time\" content=\"2021-10-26T18:00:00+00:00\" \/>\n<meta property=\"og:image\" content=\"https:\/\/agenciainfra.com\/blog\/wp-content\/uploads\/2021\/10\/eduardo-nery-foto-reproducao-grupo-tribuna.png\" \/>\n\t<meta property=\"og:image:width\" content=\"1280\" \/>\n\t<meta property=\"og:image:height\" content=\"722\" \/>\n\t<meta property=\"og:image:type\" content=\"image\/png\" \/>\n<meta name=\"author\" content=\"Ag\u00eancia iNFRA\" \/>\n<meta name=\"twitter:card\" content=\"summary_large_image\" \/>\n<meta name=\"twitter:creator\" content=\"@agencia_infra\" \/>\n<meta name=\"twitter:site\" content=\"@agencia_infra\" \/>\n<meta name=\"twitter:label1\" content=\"Escrito por\" \/>\n\t<meta name=\"twitter:data1\" content=\"Ag\u00eancia iNFRA\" \/>\n\t<meta name=\"twitter:label2\" content=\"Est. tempo de leitura\" \/>\n\t<meta name=\"twitter:data2\" content=\"3 minutos\" \/>\n<script type=\"application\/ld+json\" class=\"yoast-schema-graph\">{\"@context\":\"https:\/\/schema.org\",\"@graph\":[{\"@type\":\"Article\",\"@id\":\"https:\/\/agenciainfra.com\/blog\/regulamentos-precisam-ser-propostos-com-responsabilidade-e-embasamento\/#article\",\"isPartOf\":{\"@id\":\"https:\/\/agenciainfra.com\/blog\/regulamentos-precisam-ser-propostos-com-responsabilidade-e-embasamento\/\"},\"author\":{\"name\":\"Ag\u00eancia iNFRA\",\"@id\":\"https:\/\/agenciainfra.com\/blog\/#\/schema\/person\/34af08dff6adea4cb22b06612ba7acfa\"},\"headline\":\"Regulamentos precisam ser propostos com responsabilidade e embasamento\",\"datePublished\":\"2021-10-26T18:00:00+00:00\",\"mainEntityOfPage\":{\"@id\":\"https:\/\/agenciainfra.com\/blog\/regulamentos-precisam-ser-propostos-com-responsabilidade-e-embasamento\/\"},\"wordCount\":684,\"publisher\":{\"@id\":\"https:\/\/agenciainfra.com\/blog\/#organization\"},\"image\":{\"@id\":\"https:\/\/agenciainfra.com\/blog\/regulamentos-precisam-ser-propostos-com-responsabilidade-e-embasamento\/#primaryimage\"},\"thumbnailUrl\":\"https:\/\/agenciainfra.com\/blog\/wp-content\/uploads\/2021\/10\/eduardo-nery-foto-reproducao-grupo-tribuna.png\",\"keywords\":[\"ANTAQ\",\"arrendamentos\",\"CVT\",\"Eduardo Nery\",\"infraesetrutura\",\"portos\",\"regula\u00e7\u00e3o responsiva\",\"regulamenta\u00e7\u00e3o\",\"setor portu\u00e1rio\",\"transportes\"],\"articleSection\":[\"Geral\",\"iNFRALive e Eventos\"],\"inLanguage\":\"pt-BR\",\"copyrightYear\":\"2021\",\"copyrightHolder\":{\"@id\":\"https:\/\/agenciainfra.com\/blog\/#organization\"}},{\"@type\":\"WebPage\",\"@id\":\"https:\/\/agenciainfra.com\/blog\/regulamentos-precisam-ser-propostos-com-responsabilidade-e-embasamento\/\",\"url\":\"https:\/\/agenciainfra.com\/blog\/regulamentos-precisam-ser-propostos-com-responsabilidade-e-embasamento\/\",\"name\":\"Regulamentos precisam ser propostos com responsabilidade e embasamento - Ag\u00eancia iNFRA\",\"isPartOf\":{\"@id\":\"https:\/\/agenciainfra.com\/blog\/#website\"},\"primaryImageOfPage\":{\"@id\":\"https:\/\/agenciainfra.com\/blog\/regulamentos-precisam-ser-propostos-com-responsabilidade-e-embasamento\/#primaryimage\"},\"image\":{\"@id\":\"https:\/\/agenciainfra.com\/blog\/regulamentos-precisam-ser-propostos-com-responsabilidade-e-embasamento\/#primaryimage\"},\"thumbnailUrl\":\"https:\/\/agenciainfra.com\/blog\/wp-content\/uploads\/2021\/10\/eduardo-nery-foto-reproducao-grupo-tribuna.png\",\"datePublished\":\"2021-10-26T18:00:00+00:00\",\"breadcrumb\":{\"@id\":\"https:\/\/agenciainfra.com\/blog\/regulamentos-precisam-ser-propostos-com-responsabilidade-e-embasamento\/#breadcrumb\"},\"inLanguage\":\"pt-BR\",\"potentialAction\":[{\"@type\":\"ReadAction\",\"target\":[\"https:\/\/agenciainfra.com\/blog\/regulamentos-precisam-ser-propostos-com-responsabilidade-e-embasamento\/\"]}]},{\"@type\":\"ImageObject\",\"inLanguage\":\"pt-BR\",\"@id\":\"https:\/\/agenciainfra.com\/blog\/regulamentos-precisam-ser-propostos-com-responsabilidade-e-embasamento\/#primaryimage\",\"url\":\"https:\/\/agenciainfra.com\/blog\/wp-content\/uploads\/2021\/10\/eduardo-nery-foto-reproducao-grupo-tribuna.png\",\"contentUrl\":\"https:\/\/agenciainfra.com\/blog\/wp-content\/uploads\/2021\/10\/eduardo-nery-foto-reproducao-grupo-tribuna.png\",\"width\":1280,\"height\":722},{\"@type\":\"BreadcrumbList\",\"@id\":\"https:\/\/agenciainfra.com\/blog\/regulamentos-precisam-ser-propostos-com-responsabilidade-e-embasamento\/#breadcrumb\",\"itemListElement\":[{\"@type\":\"ListItem\",\"position\":1,\"name\":\"In\u00edcio\",\"item\":\"https:\/\/agenciainfra.com\/blog\/\"},{\"@type\":\"ListItem\",\"position\":2,\"name\":\"Regulamentos precisam ser propostos com responsabilidade e embasamento\"}]},{\"@type\":\"WebSite\",\"@id\":\"https:\/\/agenciainfra.com\/blog\/#website\",\"url\":\"https:\/\/agenciainfra.com\/blog\/\",\"name\":\"Ag\u00eancia iNFRA\",\"description\":\"Multiplataforma de informa\u00e7\u00e3o jornal\u00edstica refer\u00eancia na \u00e1rea de infraestrutura no Brasil!\",\"publisher\":{\"@id\":\"https:\/\/agenciainfra.com\/blog\/#organization\"},\"potentialAction\":[{\"@type\":\"SearchAction\",\"target\":{\"@type\":\"EntryPoint\",\"urlTemplate\":\"https:\/\/agenciainfra.com\/blog\/?s={search_term_string}\"},\"query-input\":{\"@type\":\"PropertyValueSpecification\",\"valueRequired\":true,\"valueName\":\"search_term_string\"}}],\"inLanguage\":\"pt-BR\"},{\"@type\":\"Organization\",\"@id\":\"https:\/\/agenciainfra.com\/blog\/#organization\",\"name\":\"Ag\u00eancia iNFRA\",\"url\":\"https:\/\/agenciainfra.com\/blog\/\",\"logo\":{\"@type\":\"ImageObject\",\"inLanguage\":\"pt-BR\",\"@id\":\"https:\/\/agenciainfra.com\/blog\/#\/schema\/logo\/image\/\",\"url\":\"https:\/\/agenciainfra.com\/blog\/wp-content\/uploads\/2023\/09\/iNFRA_5-e1761735885940.png\",\"contentUrl\":\"https:\/\/agenciainfra.com\/blog\/wp-content\/uploads\/2023\/09\/iNFRA_5-e1761735885940.png\",\"width\":1672,\"height\":454,\"caption\":\"Ag\u00eancia iNFRA\"},\"image\":{\"@id\":\"https:\/\/agenciainfra.com\/blog\/#\/schema\/logo\/image\/\"},\"sameAs\":[\"https:\/\/www.facebook.com\/ageninfra\",\"https:\/\/x.com\/agencia_infra\",\"https:\/\/www.linkedin.com\/company\/ag\u00eanciainfra\/\",\"https:\/\/www.instagram.com\/agenciainfra\/\"]},{\"@type\":\"Person\",\"@id\":\"https:\/\/agenciainfra.com\/blog\/#\/schema\/person\/34af08dff6adea4cb22b06612ba7acfa\",\"name\":\"Ag\u00eancia iNFRA\",\"image\":{\"@type\":\"ImageObject\",\"inLanguage\":\"pt-BR\",\"@id\":\"https:\/\/agenciainfra.com\/blog\/#\/schema\/person\/image\/\",\"url\":\"https:\/\/secure.gravatar.com\/avatar\/d189e01678f06d8eb84d4e01f08eb848b3fffe3f8443818d3c356c66892f5be8?s=96&d=mm&r=g\",\"contentUrl\":\"https:\/\/secure.gravatar.com\/avatar\/d189e01678f06d8eb84d4e01f08eb848b3fffe3f8443818d3c356c66892f5be8?s=96&d=mm&r=g\",\"caption\":\"Ag\u00eancia iNFRA\"},\"url\":\"https:\/\/agenciainfra.com\/blog\/author\/admin\/\"}]}<\/script>\n<!-- \/ Yoast SEO Premium plugin. -->","yoast_head_json":{"title":"Regulamentos precisam ser propostos com responsabilidade e embasamento - Ag\u00eancia iNFRA","robots":{"index":"index","follow":"follow","max-snippet":"max-snippet:-1","max-image-preview":"max-image-preview:large","max-video-preview":"max-video-preview:-1"},"canonical":"https:\/\/agenciainfra.com\/blog\/regulamentos-precisam-ser-propostos-com-responsabilidade-e-embasamento\/","og_locale":"pt_BR","og_type":"article","og_title":"Regulamentos precisam ser propostos com responsabilidade e embasamento","og_description":"da Ag\u00eancia iNFRA Movimentar 95% de todo o com\u00e9rcio exterior num pa\u00eds que edita cerca de 700 normas diariamente \u00e9 o desafio do qual os especialistas trataram no painel &#8220;Redu\u00e7\u00e3o de Burocracia e Regula\u00e7\u00e3o Responsiva&#8221;, no Summit Portos 5.0, realizado na \u00faltima quinta-feira (21). Os dados sobre o n\u00famero de normas di\u00e1rias s\u00e3o da&nbsp;Fiesp (Federa\u00e7\u00e3o [&hellip;]","og_url":"https:\/\/agenciainfra.com\/blog\/regulamentos-precisam-ser-propostos-com-responsabilidade-e-embasamento\/","og_site_name":"Ag\u00eancia iNFRA","article_publisher":"https:\/\/www.facebook.com\/ageninfra","article_published_time":"2021-10-26T18:00:00+00:00","og_image":[{"width":1280,"height":722,"url":"https:\/\/agenciainfra.com\/blog\/wp-content\/uploads\/2021\/10\/eduardo-nery-foto-reproducao-grupo-tribuna.png","type":"image\/png"}],"author":"Ag\u00eancia iNFRA","twitter_card":"summary_large_image","twitter_creator":"@agencia_infra","twitter_site":"@agencia_infra","twitter_misc":{"Escrito por":"Ag\u00eancia iNFRA","Est. tempo de leitura":"3 minutos"},"schema":{"@context":"https:\/\/schema.org","@graph":[{"@type":"Article","@id":"https:\/\/agenciainfra.com\/blog\/regulamentos-precisam-ser-propostos-com-responsabilidade-e-embasamento\/#article","isPartOf":{"@id":"https:\/\/agenciainfra.com\/blog\/regulamentos-precisam-ser-propostos-com-responsabilidade-e-embasamento\/"},"author":{"name":"Ag\u00eancia iNFRA","@id":"https:\/\/agenciainfra.com\/blog\/#\/schema\/person\/34af08dff6adea4cb22b06612ba7acfa"},"headline":"Regulamentos precisam ser propostos com responsabilidade e embasamento","datePublished":"2021-10-26T18:00:00+00:00","mainEntityOfPage":{"@id":"https:\/\/agenciainfra.com\/blog\/regulamentos-precisam-ser-propostos-com-responsabilidade-e-embasamento\/"},"wordCount":684,"publisher":{"@id":"https:\/\/agenciainfra.com\/blog\/#organization"},"image":{"@id":"https:\/\/agenciainfra.com\/blog\/regulamentos-precisam-ser-propostos-com-responsabilidade-e-embasamento\/#primaryimage"},"thumbnailUrl":"https:\/\/agenciainfra.com\/blog\/wp-content\/uploads\/2021\/10\/eduardo-nery-foto-reproducao-grupo-tribuna.png","keywords":["ANTAQ","arrendamentos","CVT","Eduardo Nery","infraesetrutura","portos","regula\u00e7\u00e3o responsiva","regulamenta\u00e7\u00e3o","setor portu\u00e1rio","transportes"],"articleSection":["Geral","iNFRALive e Eventos"],"inLanguage":"pt-BR","copyrightYear":"2021","copyrightHolder":{"@id":"https:\/\/agenciainfra.com\/blog\/#organization"}},{"@type":"WebPage","@id":"https:\/\/agenciainfra.com\/blog\/regulamentos-precisam-ser-propostos-com-responsabilidade-e-embasamento\/","url":"https:\/\/agenciainfra.com\/blog\/regulamentos-precisam-ser-propostos-com-responsabilidade-e-embasamento\/","name":"Regulamentos precisam ser propostos com responsabilidade e embasamento - Ag\u00eancia iNFRA","isPartOf":{"@id":"https:\/\/agenciainfra.com\/blog\/#website"},"primaryImageOfPage":{"@id":"https:\/\/agenciainfra.com\/blog\/regulamentos-precisam-ser-propostos-com-responsabilidade-e-embasamento\/#primaryimage"},"image":{"@id":"https:\/\/agenciainfra.com\/blog\/regulamentos-precisam-ser-propostos-com-responsabilidade-e-embasamento\/#primaryimage"},"thumbnailUrl":"https:\/\/agenciainfra.com\/blog\/wp-content\/uploads\/2021\/10\/eduardo-nery-foto-reproducao-grupo-tribuna.png","datePublished":"2021-10-26T18:00:00+00:00","breadcrumb":{"@id":"https:\/\/agenciainfra.com\/blog\/regulamentos-precisam-ser-propostos-com-responsabilidade-e-embasamento\/#breadcrumb"},"inLanguage":"pt-BR","potentialAction":[{"@type":"ReadAction","target":["https:\/\/agenciainfra.com\/blog\/regulamentos-precisam-ser-propostos-com-responsabilidade-e-embasamento\/"]}]},{"@type":"ImageObject","inLanguage":"pt-BR","@id":"https:\/\/agenciainfra.com\/blog\/regulamentos-precisam-ser-propostos-com-responsabilidade-e-embasamento\/#primaryimage","url":"https:\/\/agenciainfra.com\/blog\/wp-content\/uploads\/2021\/10\/eduardo-nery-foto-reproducao-grupo-tribuna.png","contentUrl":"https:\/\/agenciainfra.com\/blog\/wp-content\/uploads\/2021\/10\/eduardo-nery-foto-reproducao-grupo-tribuna.png","width":1280,"height":722},{"@type":"BreadcrumbList","@id":"https:\/\/agenciainfra.com\/blog\/regulamentos-precisam-ser-propostos-com-responsabilidade-e-embasamento\/#breadcrumb","itemListElement":[{"@type":"ListItem","position":1,"name":"In\u00edcio","item":"https:\/\/agenciainfra.com\/blog\/"},{"@type":"ListItem","position":2,"name":"Regulamentos precisam ser propostos com responsabilidade e embasamento"}]},{"@type":"WebSite","@id":"https:\/\/agenciainfra.com\/blog\/#website","url":"https:\/\/agenciainfra.com\/blog\/","name":"Ag\u00eancia iNFRA","description":"Multiplataforma de informa\u00e7\u00e3o jornal\u00edstica refer\u00eancia na \u00e1rea de infraestrutura no Brasil!","publisher":{"@id":"https:\/\/agenciainfra.com\/blog\/#organization"},"potentialAction":[{"@type":"SearchAction","target":{"@type":"EntryPoint","urlTemplate":"https:\/\/agenciainfra.com\/blog\/?s={search_term_string}"},"query-input":{"@type":"PropertyValueSpecification","valueRequired":true,"valueName":"search_term_string"}}],"inLanguage":"pt-BR"},{"@type":"Organization","@id":"https:\/\/agenciainfra.com\/blog\/#organization","name":"Ag\u00eancia iNFRA","url":"https:\/\/agenciainfra.com\/blog\/","logo":{"@type":"ImageObject","inLanguage":"pt-BR","@id":"https:\/\/agenciainfra.com\/blog\/#\/schema\/logo\/image\/","url":"https:\/\/agenciainfra.com\/blog\/wp-content\/uploads\/2023\/09\/iNFRA_5-e1761735885940.png","contentUrl":"https:\/\/agenciainfra.com\/blog\/wp-content\/uploads\/2023\/09\/iNFRA_5-e1761735885940.png","width":1672,"height":454,"caption":"Ag\u00eancia iNFRA"},"image":{"@id":"https:\/\/agenciainfra.com\/blog\/#\/schema\/logo\/image\/"},"sameAs":["https:\/\/www.facebook.com\/ageninfra","https:\/\/x.com\/agencia_infra","https:\/\/www.linkedin.com\/company\/ag\u00eanciainfra\/","https:\/\/www.instagram.com\/agenciainfra\/"]},{"@type":"Person","@id":"https:\/\/agenciainfra.com\/blog\/#\/schema\/person\/34af08dff6adea4cb22b06612ba7acfa","name":"Ag\u00eancia iNFRA","image":{"@type":"ImageObject","inLanguage":"pt-BR","@id":"https:\/\/agenciainfra.com\/blog\/#\/schema\/person\/image\/","url":"https:\/\/secure.gravatar.com\/avatar\/d189e01678f06d8eb84d4e01f08eb848b3fffe3f8443818d3c356c66892f5be8?s=96&d=mm&r=g","contentUrl":"https:\/\/secure.gravatar.com\/avatar\/d189e01678f06d8eb84d4e01f08eb848b3fffe3f8443818d3c356c66892f5be8?s=96&d=mm&r=g","caption":"Ag\u00eancia iNFRA"},"url":"https:\/\/agenciainfra.com\/blog\/author\/admin\/"}]}},"_links":{"self":[{"href":"https:\/\/agenciainfra.com\/blog\/wp-json\/wp\/v2\/posts\/8690","targetHints":{"allow":["GET"]}}],"collection":[{"href":"https:\/\/agenciainfra.com\/blog\/wp-json\/wp\/v2\/posts"}],"about":[{"href":"https:\/\/agenciainfra.com\/blog\/wp-json\/wp\/v2\/types\/post"}],"author":[{"embeddable":true,"href":"https:\/\/agenciainfra.com\/blog\/wp-json\/wp\/v2\/users\/1"}],"replies":[{"embeddable":true,"href":"https:\/\/agenciainfra.com\/blog\/wp-json\/wp\/v2\/comments?post=8690"}],"version-history":[{"count":0,"href":"https:\/\/agenciainfra.com\/blog\/wp-json\/wp\/v2\/posts\/8690\/revisions"}],"wp:featuredmedia":[{"embeddable":true,"href":"https:\/\/agenciainfra.com\/blog\/wp-json\/wp\/v2\/media\/8691"}],"wp:attachment":[{"href":"https:\/\/agenciainfra.com\/blog\/wp-json\/wp\/v2\/media?parent=8690"}],"wp:term":[{"taxonomy":"category","embeddable":true,"href":"https:\/\/agenciainfra.com\/blog\/wp-json\/wp\/v2\/categories?post=8690"},{"taxonomy":"post_tag","embeddable":true,"href":"https:\/\/agenciainfra.com\/blog\/wp-json\/wp\/v2\/tags?post=8690"}],"curies":[{"name":"wp","href":"https:\/\/api.w.org\/{rel}","templated":true}]}}