{"id":8709,"date":"2021-10-27T15:00:00","date_gmt":"2021-10-27T18:00:00","guid":{"rendered":"https:\/\/www.agenciainfra.com\/blog\/?p=8709"},"modified":"2021-10-27T12:41:09","modified_gmt":"2021-10-27T15:41:09","slug":"crescimento-de-quase-16-em-cargas-movimentadas-por-conteineres-nos-portos-brasileiros-neste-ano","status":"publish","type":"post","link":"https:\/\/agenciainfra.com\/blog\/crescimento-de-quase-16-em-cargas-movimentadas-por-conteineres-nos-portos-brasileiros-neste-ano\/","title":{"rendered":"Crescimento de quase 16% em cargas movimentadas por cont\u00eaineres nos portos brasileiros neste ano"},"content":{"rendered":"\n<p class=\"has-text-align-right\"><strong>da Ag\u00eancia iNFRA<\/strong><\/p>\n\n\n\n<p>Um misto de inquieta\u00e7\u00e3o, desarranjo p\u00f3s-pand\u00eamico e forte aumento de demanda. Assim, Diogo Piloni, secret\u00e1rio nacional de Portos do Minist\u00e9rio da Infraestrutura, definiu o cen\u00e1rio que o painel &#8220;Competitividade no Mercado de Cont\u00eaineres&#8221; discutiu no Summit Portos 5.0, realizado na \u00faltima quinta-feira (21).<\/p>\n\n\n\n<p>De acordo com Piloni, o setor portu\u00e1rio brasileiro est\u00e1 especialmente aquecido. Em 2020, houve crescimento de 4% de movimenta\u00e7\u00e3o nos terminais portu\u00e1rios. E, somente entre janeiro e agosto deste ano, o \u00edndice \u00e9 de 9%.<\/p>\n\n\n\n<p>&#8220;Mas se focarmos a movimenta\u00e7\u00e3o por cont\u00eainer, o crescimento no mesmo per\u00edodo \u00e9 de quase 16%&#8221;, destacou.&nbsp;&#8220;Em espec\u00edfico, o porto de Santos (SP) ostenta a marca de 3,6 milh\u00f5es de TEUs (Twenty-foot Equivalent Unit, ou unidade de medida de um cont\u00eainer de 20 p\u00e9s) neste ano, com expectativa de fechar 2021 com quase 5,5 milh\u00f5es.&#8221;<\/p>\n\n\n\n<p>Por\u00e9m o secret\u00e1rio entende que o setor portu\u00e1rio brasileiro ainda precisa de impulsos, e destaca import\u00e2ncia do projeto de est\u00edmulo \u00e0 cabotagem. \u201cQuando a gente discute BR do Mar, tamb\u00e9m incentivamos o mercado de cont\u00eaineres do Brasil.\u201d Piloni tamb\u00e9m indicou que a consulta p\u00fablica para desestatiza\u00e7\u00e3o do Porto de Itaja\u00ed (SC) deve ocorrer at\u00e9 dezembro.<\/p>\n\n\n\n<p>O convidado internacional da mesa, Leo Huisman, head of Latin America Terminals da APM Terminals, concordou com a avalia\u00e7\u00e3o de inquieta\u00e7\u00e3o no cen\u00e1rio mundial, causado principalmente pela pandemia de Covid-19, o bloqueio do Canal de Suez h\u00e1 alguns meses e a recente crise de falta de caminhoneiros no Reino Unido. Assim, apontou que o mundo tamb\u00e9m tem gargalos log\u00edsticos, n\u00e3o apenas o Brasil.<\/p>\n\n\n\n<p>Ele apontou ainda&nbsp;que, por vezes, a vis\u00e3o dos brasileiros \u00e9 de que o pa\u00eds s\u00f3 tem problemas, o que, para ele, n\u00e3o \u00e9 verdadeiro. Huisman entende que o pa\u00eds tem ambi\u00e7\u00e3o e que \u00e9 como &#8220;um motor que est\u00e1 come\u00e7ando a entrar em ebuli\u00e7\u00e3o&#8221;. Ao finalizar sua participa\u00e7\u00e3o, deixou um apelo.<\/p>\n\n\n\n<p>&#8220;Estamos passando por um momento importante no porto de Santos. Queremos expandir as nossas estruturas.&nbsp;Ent\u00e3o, autoridades, por favor, alinhem-se. Quando apresentarmos nossas propostas, que a avalia\u00e7\u00e3o seja realizada mais rapidamente. Queremos ver as palavras transformadas em a\u00e7\u00f5es. Eu estou muito confort\u00e1vel com o Brasil, porque vejo um potencial gigantesco para conectar os exportadores brasileiros com o mercado global&#8221;, comentou.<\/p>\n\n\n\n<p>Bruno Martinello Lima, secret\u00e1rio da Seinfra do TCU (Tribunal de Contas da Uni\u00e3o), disse que entende a percep\u00e7\u00e3o de que o pa\u00eds ainda tem entraves burocr\u00e1ticos, mas destaca que as institui\u00e7\u00f5es t\u00eam se transformado rapidamente, atuando com mais di\u00e1logo e menos poder de pol\u00edcia. E complementa dizendo que a ideia de burocracia, por si s\u00f3, n\u00e3o \u00e9 necessariamente um problema. O rev\u00e9s \u00e9 a burocracia in\u00fatil ou sem sentido. Para ele, os procedimentos em vigor garantem estabilidade, que tamb\u00e9m \u00e9 um requisito para a seguran\u00e7a jur\u00eddica.<\/p>\n\n\n\n<p>Sobre o setor de cont\u00eaineres em espec\u00edfico, Alexandre Barreto, especialista em concorr\u00eancia e ex-presidente do Cade (Conselho Administrativo de Defesa Econ\u00f4mica), avalia que esse mercado possui efetivas condi\u00e7\u00f5es de concorr\u00eancia. \u201cDo ponto de vista da autoridade antitruste, trata-se, sim, de um setor em que, sobretudo, h\u00e1 uma concorr\u00eancia que funciona muito bem.\u201d<\/p>\n\n\n\n<p>Fl\u00e1via Takafashi, diretora da ANTAQ, integrante\u00a0da mesa, revelou que o grande desafio da ag\u00eancia \u00e9 promover a concorr\u00eancia, o aumento da efici\u00eancia e contribuir para que tanto o setor de cont\u00eaineres como toda a \u00e1rea de transportes aquavi\u00e1rios sejam cada vez mais dinamizados.<\/p>\n\n\n\n<p>O Summit Portos 5.0 foi promovido pelo Grupo Tribuna, com a Ag\u00eancia iNFRA como media partner e apoio da TiL (Terminal Investment Limited) e da APM Terminals, al\u00e9m do apoio institucional da Frenlogi (Frente Parlamentar Mista de Log\u00edstica e Infraestrutura), do IBL (Instituto Brasil Log\u00edstica) e da Abeph (Associa\u00e7\u00e3o Brasileira de Entidades Portu\u00e1rias e Hidrovi\u00e1rias). Assista \u00e0 \u00edntegra do evento <a href=\"https:\/\/www.youtube.com\/watch?v=xAHgDLAMv7k\" data-type=\"URL\" data-id=\"https:\/\/www.youtube.com\/watch?v=xAHgDLAMv7k\" target=\"_blank\" rel=\"noreferrer noopener\">neste link<\/a>.<\/p>\n","protected":false},"excerpt":{"rendered":"<p>da Ag\u00eancia iNFRA Um misto de inquieta\u00e7\u00e3o, desarranjo p\u00f3s-pand\u00eamico e forte aumento de demanda. Assim, Diogo Piloni, secret\u00e1rio nacional de Portos do Minist\u00e9rio da Infraestrutura, definiu o cen\u00e1rio que o painel &#8220;Competitividade no Mercado de Cont\u00eaineres&#8221; discutiu no Summit Portos 5.0, realizado na \u00faltima quinta-feira (21). De acordo com Piloni, o setor portu\u00e1rio brasileiro est\u00e1 [&hellip;]<\/p>\n","protected":false},"author":1,"featured_media":4507,"comment_status":"closed","ping_status":"closed","sticky":false,"template":"","format":"standard","meta":{"_monsterinsights_skip_tracking":false,"_monsterinsights_sitenote_active":false,"_monsterinsights_sitenote_note":"","_monsterinsights_sitenote_category":0,"footnotes":""},"categories":[1,2053],"tags":[86,1245,3245,873,811,260,310,1201,5052,1059],"class_list":["post-8709","post","type-post","status-publish","format-standard","has-post-thumbnail","hentry","category-geral","category-infraliveventos","tag-antaq","tag-br-do-mar","tag-concorrencia","tag-conteineres","tag-diogo-piloni","tag-porto-de-santos","tag-portos","tag-setor-portuario","tag-summit-portos-5-0","tag-transporte-de-cargas"],"yoast_head":"<!-- This site is optimized with the Yoast SEO Premium plugin v25.4 (Yoast SEO v26.0) - https:\/\/yoast.com\/wordpress\/plugins\/seo\/ -->\n<title>Crescimento de quase 16% em cargas movimentadas por cont\u00eaineres nos portos brasileiros neste ano - Ag\u00eancia iNFRA<\/title>\n<meta name=\"robots\" content=\"index, follow, max-snippet:-1, max-image-preview:large, max-video-preview:-1\" \/>\n<link rel=\"canonical\" href=\"https:\/\/agenciainfra.com\/blog\/crescimento-de-quase-16-em-cargas-movimentadas-por-conteineres-nos-portos-brasileiros-neste-ano\/\" \/>\n<meta property=\"og:locale\" content=\"pt_BR\" \/>\n<meta property=\"og:type\" content=\"article\" \/>\n<meta property=\"og:title\" content=\"Crescimento de quase 16% em cargas movimentadas por cont\u00eaineres nos portos brasileiros neste ano\" \/>\n<meta property=\"og:description\" content=\"da Ag\u00eancia iNFRA Um misto de inquieta\u00e7\u00e3o, desarranjo p\u00f3s-pand\u00eamico e forte aumento de demanda. Assim, Diogo Piloni, secret\u00e1rio nacional de Portos do Minist\u00e9rio da Infraestrutura, definiu o cen\u00e1rio que o painel &#8220;Competitividade no Mercado de Cont\u00eaineres&#8221; discutiu no Summit Portos 5.0, realizado na \u00faltima quinta-feira (21). De acordo com Piloni, o setor portu\u00e1rio brasileiro est\u00e1 [&hellip;]\" \/>\n<meta property=\"og:url\" content=\"https:\/\/agenciainfra.com\/blog\/crescimento-de-quase-16-em-cargas-movimentadas-por-conteineres-nos-portos-brasileiros-neste-ano\/\" \/>\n<meta property=\"og:site_name\" content=\"Ag\u00eancia iNFRA\" \/>\n<meta property=\"article:publisher\" content=\"https:\/\/www.facebook.com\/ageninfra\" \/>\n<meta property=\"article:published_time\" content=\"2021-10-27T18:00:00+00:00\" \/>\n<meta property=\"og:image\" content=\"https:\/\/agenciainfra.com\/blog\/wp-content\/uploads\/2020\/03\/carga-conteiner-foto-dominio-publico.jpg\" \/>\n\t<meta property=\"og:image:width\" content=\"1280\" \/>\n\t<meta property=\"og:image:height\" content=\"847\" \/>\n\t<meta property=\"og:image:type\" content=\"image\/jpeg\" \/>\n<meta name=\"author\" content=\"Ag\u00eancia iNFRA\" \/>\n<meta name=\"twitter:card\" content=\"summary_large_image\" \/>\n<meta name=\"twitter:creator\" content=\"@agencia_infra\" \/>\n<meta name=\"twitter:site\" content=\"@agencia_infra\" \/>\n<meta name=\"twitter:label1\" content=\"Escrito por\" \/>\n\t<meta name=\"twitter:data1\" content=\"Ag\u00eancia iNFRA\" \/>\n\t<meta name=\"twitter:label2\" content=\"Est. tempo de leitura\" \/>\n\t<meta name=\"twitter:data2\" content=\"3 minutos\" \/>\n<script type=\"application\/ld+json\" class=\"yoast-schema-graph\">{\"@context\":\"https:\/\/schema.org\",\"@graph\":[{\"@type\":\"Article\",\"@id\":\"https:\/\/agenciainfra.com\/blog\/crescimento-de-quase-16-em-cargas-movimentadas-por-conteineres-nos-portos-brasileiros-neste-ano\/#article\",\"isPartOf\":{\"@id\":\"https:\/\/agenciainfra.com\/blog\/crescimento-de-quase-16-em-cargas-movimentadas-por-conteineres-nos-portos-brasileiros-neste-ano\/\"},\"author\":{\"name\":\"Ag\u00eancia iNFRA\",\"@id\":\"https:\/\/agenciainfra.com\/blog\/#\/schema\/person\/34af08dff6adea4cb22b06612ba7acfa\"},\"headline\":\"Crescimento de quase 16% em cargas movimentadas por cont\u00eaineres nos portos brasileiros neste ano\",\"datePublished\":\"2021-10-27T18:00:00+00:00\",\"mainEntityOfPage\":{\"@id\":\"https:\/\/agenciainfra.com\/blog\/crescimento-de-quase-16-em-cargas-movimentadas-por-conteineres-nos-portos-brasileiros-neste-ano\/\"},\"wordCount\":688,\"publisher\":{\"@id\":\"https:\/\/agenciainfra.com\/blog\/#organization\"},\"image\":{\"@id\":\"https:\/\/agenciainfra.com\/blog\/crescimento-de-quase-16-em-cargas-movimentadas-por-conteineres-nos-portos-brasileiros-neste-ano\/#primaryimage\"},\"thumbnailUrl\":\"https:\/\/agenciainfra.com\/blog\/wp-content\/uploads\/2020\/03\/carga-conteiner-foto-dominio-publico-e1767695556144.jpg\",\"keywords\":[\"ANTAQ\",\"BR do Mar\",\"concorr\u00eancia\",\"cont\u00eaineres\",\"Diogo Piloni\",\"Porto de Santos\",\"portos\",\"setor portu\u00e1rio\",\"Summit Portos 5.0\",\"transporte de cargas\"],\"articleSection\":[\"Geral\",\"iNFRALive e Eventos\"],\"inLanguage\":\"pt-BR\",\"copyrightYear\":\"2021\",\"copyrightHolder\":{\"@id\":\"https:\/\/agenciainfra.com\/blog\/#organization\"}},{\"@type\":\"WebPage\",\"@id\":\"https:\/\/agenciainfra.com\/blog\/crescimento-de-quase-16-em-cargas-movimentadas-por-conteineres-nos-portos-brasileiros-neste-ano\/\",\"url\":\"https:\/\/agenciainfra.com\/blog\/crescimento-de-quase-16-em-cargas-movimentadas-por-conteineres-nos-portos-brasileiros-neste-ano\/\",\"name\":\"Crescimento de quase 16% em cargas movimentadas por cont\u00eaineres nos portos brasileiros neste ano - Ag\u00eancia iNFRA\",\"isPartOf\":{\"@id\":\"https:\/\/agenciainfra.com\/blog\/#website\"},\"primaryImageOfPage\":{\"@id\":\"https:\/\/agenciainfra.com\/blog\/crescimento-de-quase-16-em-cargas-movimentadas-por-conteineres-nos-portos-brasileiros-neste-ano\/#primaryimage\"},\"image\":{\"@id\":\"https:\/\/agenciainfra.com\/blog\/crescimento-de-quase-16-em-cargas-movimentadas-por-conteineres-nos-portos-brasileiros-neste-ano\/#primaryimage\"},\"thumbnailUrl\":\"https:\/\/agenciainfra.com\/blog\/wp-content\/uploads\/2020\/03\/carga-conteiner-foto-dominio-publico-e1767695556144.jpg\",\"datePublished\":\"2021-10-27T18:00:00+00:00\",\"breadcrumb\":{\"@id\":\"https:\/\/agenciainfra.com\/blog\/crescimento-de-quase-16-em-cargas-movimentadas-por-conteineres-nos-portos-brasileiros-neste-ano\/#breadcrumb\"},\"inLanguage\":\"pt-BR\",\"potentialAction\":[{\"@type\":\"ReadAction\",\"target\":[\"https:\/\/agenciainfra.com\/blog\/crescimento-de-quase-16-em-cargas-movimentadas-por-conteineres-nos-portos-brasileiros-neste-ano\/\"]}]},{\"@type\":\"ImageObject\",\"inLanguage\":\"pt-BR\",\"@id\":\"https:\/\/agenciainfra.com\/blog\/crescimento-de-quase-16-em-cargas-movimentadas-por-conteineres-nos-portos-brasileiros-neste-ano\/#primaryimage\",\"url\":\"https:\/\/agenciainfra.com\/blog\/wp-content\/uploads\/2020\/03\/carga-conteiner-foto-dominio-publico-e1767695556144.jpg\",\"contentUrl\":\"https:\/\/agenciainfra.com\/blog\/wp-content\/uploads\/2020\/03\/carga-conteiner-foto-dominio-publico-e1767695556144.jpg\",\"width\":1278,\"height\":750,\"caption\":\"Foto: Dom\u00ednio P\u00fablico\"},{\"@type\":\"BreadcrumbList\",\"@id\":\"https:\/\/agenciainfra.com\/blog\/crescimento-de-quase-16-em-cargas-movimentadas-por-conteineres-nos-portos-brasileiros-neste-ano\/#breadcrumb\",\"itemListElement\":[{\"@type\":\"ListItem\",\"position\":1,\"name\":\"In\u00edcio\",\"item\":\"https:\/\/agenciainfra.com\/blog\/\"},{\"@type\":\"ListItem\",\"position\":2,\"name\":\"Crescimento de quase 16% em cargas movimentadas por cont\u00eaineres nos portos brasileiros neste ano\"}]},{\"@type\":\"WebSite\",\"@id\":\"https:\/\/agenciainfra.com\/blog\/#website\",\"url\":\"https:\/\/agenciainfra.com\/blog\/\",\"name\":\"Ag\u00eancia iNFRA\",\"description\":\"Multiplataforma de informa\u00e7\u00e3o jornal\u00edstica refer\u00eancia na \u00e1rea de infraestrutura no Brasil!\",\"publisher\":{\"@id\":\"https:\/\/agenciainfra.com\/blog\/#organization\"},\"potentialAction\":[{\"@type\":\"SearchAction\",\"target\":{\"@type\":\"EntryPoint\",\"urlTemplate\":\"https:\/\/agenciainfra.com\/blog\/?s={search_term_string}\"},\"query-input\":{\"@type\":\"PropertyValueSpecification\",\"valueRequired\":true,\"valueName\":\"search_term_string\"}}],\"inLanguage\":\"pt-BR\"},{\"@type\":\"Organization\",\"@id\":\"https:\/\/agenciainfra.com\/blog\/#organization\",\"name\":\"Ag\u00eancia iNFRA\",\"url\":\"https:\/\/agenciainfra.com\/blog\/\",\"logo\":{\"@type\":\"ImageObject\",\"inLanguage\":\"pt-BR\",\"@id\":\"https:\/\/agenciainfra.com\/blog\/#\/schema\/logo\/image\/\",\"url\":\"https:\/\/agenciainfra.com\/blog\/wp-content\/uploads\/2023\/09\/iNFRA_5-e1761735885940.png\",\"contentUrl\":\"https:\/\/agenciainfra.com\/blog\/wp-content\/uploads\/2023\/09\/iNFRA_5-e1761735885940.png\",\"width\":1672,\"height\":454,\"caption\":\"Ag\u00eancia iNFRA\"},\"image\":{\"@id\":\"https:\/\/agenciainfra.com\/blog\/#\/schema\/logo\/image\/\"},\"sameAs\":[\"https:\/\/www.facebook.com\/ageninfra\",\"https:\/\/x.com\/agencia_infra\",\"https:\/\/www.linkedin.com\/company\/ag\u00eanciainfra\/\",\"https:\/\/www.instagram.com\/agenciainfra\/\"]},{\"@type\":\"Person\",\"@id\":\"https:\/\/agenciainfra.com\/blog\/#\/schema\/person\/34af08dff6adea4cb22b06612ba7acfa\",\"name\":\"Ag\u00eancia iNFRA\",\"image\":{\"@type\":\"ImageObject\",\"inLanguage\":\"pt-BR\",\"@id\":\"https:\/\/agenciainfra.com\/blog\/#\/schema\/person\/image\/\",\"url\":\"https:\/\/secure.gravatar.com\/avatar\/d189e01678f06d8eb84d4e01f08eb848b3fffe3f8443818d3c356c66892f5be8?s=96&d=mm&r=g\",\"contentUrl\":\"https:\/\/secure.gravatar.com\/avatar\/d189e01678f06d8eb84d4e01f08eb848b3fffe3f8443818d3c356c66892f5be8?s=96&d=mm&r=g\",\"caption\":\"Ag\u00eancia iNFRA\"},\"url\":\"https:\/\/agenciainfra.com\/blog\/author\/admin\/\"}]}<\/script>\n<!-- \/ Yoast SEO Premium plugin. -->","yoast_head_json":{"title":"Crescimento de quase 16% em cargas movimentadas por cont\u00eaineres nos portos brasileiros neste ano - Ag\u00eancia iNFRA","robots":{"index":"index","follow":"follow","max-snippet":"max-snippet:-1","max-image-preview":"max-image-preview:large","max-video-preview":"max-video-preview:-1"},"canonical":"https:\/\/agenciainfra.com\/blog\/crescimento-de-quase-16-em-cargas-movimentadas-por-conteineres-nos-portos-brasileiros-neste-ano\/","og_locale":"pt_BR","og_type":"article","og_title":"Crescimento de quase 16% em cargas movimentadas por cont\u00eaineres nos portos brasileiros neste ano","og_description":"da Ag\u00eancia iNFRA Um misto de inquieta\u00e7\u00e3o, desarranjo p\u00f3s-pand\u00eamico e forte aumento de demanda. Assim, Diogo Piloni, secret\u00e1rio nacional de Portos do Minist\u00e9rio da Infraestrutura, definiu o cen\u00e1rio que o painel &#8220;Competitividade no Mercado de Cont\u00eaineres&#8221; discutiu no Summit Portos 5.0, realizado na \u00faltima quinta-feira (21). De acordo com Piloni, o setor portu\u00e1rio brasileiro est\u00e1 [&hellip;]","og_url":"https:\/\/agenciainfra.com\/blog\/crescimento-de-quase-16-em-cargas-movimentadas-por-conteineres-nos-portos-brasileiros-neste-ano\/","og_site_name":"Ag\u00eancia iNFRA","article_publisher":"https:\/\/www.facebook.com\/ageninfra","article_published_time":"2021-10-27T18:00:00+00:00","og_image":[{"width":1280,"height":847,"url":"https:\/\/agenciainfra.com\/blog\/wp-content\/uploads\/2020\/03\/carga-conteiner-foto-dominio-publico.jpg","type":"image\/jpeg"}],"author":"Ag\u00eancia iNFRA","twitter_card":"summary_large_image","twitter_creator":"@agencia_infra","twitter_site":"@agencia_infra","twitter_misc":{"Escrito por":"Ag\u00eancia iNFRA","Est. tempo de leitura":"3 minutos"},"schema":{"@context":"https:\/\/schema.org","@graph":[{"@type":"Article","@id":"https:\/\/agenciainfra.com\/blog\/crescimento-de-quase-16-em-cargas-movimentadas-por-conteineres-nos-portos-brasileiros-neste-ano\/#article","isPartOf":{"@id":"https:\/\/agenciainfra.com\/blog\/crescimento-de-quase-16-em-cargas-movimentadas-por-conteineres-nos-portos-brasileiros-neste-ano\/"},"author":{"name":"Ag\u00eancia iNFRA","@id":"https:\/\/agenciainfra.com\/blog\/#\/schema\/person\/34af08dff6adea4cb22b06612ba7acfa"},"headline":"Crescimento de quase 16% em cargas movimentadas por cont\u00eaineres nos portos brasileiros neste ano","datePublished":"2021-10-27T18:00:00+00:00","mainEntityOfPage":{"@id":"https:\/\/agenciainfra.com\/blog\/crescimento-de-quase-16-em-cargas-movimentadas-por-conteineres-nos-portos-brasileiros-neste-ano\/"},"wordCount":688,"publisher":{"@id":"https:\/\/agenciainfra.com\/blog\/#organization"},"image":{"@id":"https:\/\/agenciainfra.com\/blog\/crescimento-de-quase-16-em-cargas-movimentadas-por-conteineres-nos-portos-brasileiros-neste-ano\/#primaryimage"},"thumbnailUrl":"https:\/\/agenciainfra.com\/blog\/wp-content\/uploads\/2020\/03\/carga-conteiner-foto-dominio-publico-e1767695556144.jpg","keywords":["ANTAQ","BR do Mar","concorr\u00eancia","cont\u00eaineres","Diogo Piloni","Porto de Santos","portos","setor portu\u00e1rio","Summit Portos 5.0","transporte de cargas"],"articleSection":["Geral","iNFRALive e Eventos"],"inLanguage":"pt-BR","copyrightYear":"2021","copyrightHolder":{"@id":"https:\/\/agenciainfra.com\/blog\/#organization"}},{"@type":"WebPage","@id":"https:\/\/agenciainfra.com\/blog\/crescimento-de-quase-16-em-cargas-movimentadas-por-conteineres-nos-portos-brasileiros-neste-ano\/","url":"https:\/\/agenciainfra.com\/blog\/crescimento-de-quase-16-em-cargas-movimentadas-por-conteineres-nos-portos-brasileiros-neste-ano\/","name":"Crescimento de quase 16% em cargas movimentadas por cont\u00eaineres nos portos brasileiros neste ano - Ag\u00eancia iNFRA","isPartOf":{"@id":"https:\/\/agenciainfra.com\/blog\/#website"},"primaryImageOfPage":{"@id":"https:\/\/agenciainfra.com\/blog\/crescimento-de-quase-16-em-cargas-movimentadas-por-conteineres-nos-portos-brasileiros-neste-ano\/#primaryimage"},"image":{"@id":"https:\/\/agenciainfra.com\/blog\/crescimento-de-quase-16-em-cargas-movimentadas-por-conteineres-nos-portos-brasileiros-neste-ano\/#primaryimage"},"thumbnailUrl":"https:\/\/agenciainfra.com\/blog\/wp-content\/uploads\/2020\/03\/carga-conteiner-foto-dominio-publico-e1767695556144.jpg","datePublished":"2021-10-27T18:00:00+00:00","breadcrumb":{"@id":"https:\/\/agenciainfra.com\/blog\/crescimento-de-quase-16-em-cargas-movimentadas-por-conteineres-nos-portos-brasileiros-neste-ano\/#breadcrumb"},"inLanguage":"pt-BR","potentialAction":[{"@type":"ReadAction","target":["https:\/\/agenciainfra.com\/blog\/crescimento-de-quase-16-em-cargas-movimentadas-por-conteineres-nos-portos-brasileiros-neste-ano\/"]}]},{"@type":"ImageObject","inLanguage":"pt-BR","@id":"https:\/\/agenciainfra.com\/blog\/crescimento-de-quase-16-em-cargas-movimentadas-por-conteineres-nos-portos-brasileiros-neste-ano\/#primaryimage","url":"https:\/\/agenciainfra.com\/blog\/wp-content\/uploads\/2020\/03\/carga-conteiner-foto-dominio-publico-e1767695556144.jpg","contentUrl":"https:\/\/agenciainfra.com\/blog\/wp-content\/uploads\/2020\/03\/carga-conteiner-foto-dominio-publico-e1767695556144.jpg","width":1278,"height":750,"caption":"Foto: Dom\u00ednio P\u00fablico"},{"@type":"BreadcrumbList","@id":"https:\/\/agenciainfra.com\/blog\/crescimento-de-quase-16-em-cargas-movimentadas-por-conteineres-nos-portos-brasileiros-neste-ano\/#breadcrumb","itemListElement":[{"@type":"ListItem","position":1,"name":"In\u00edcio","item":"https:\/\/agenciainfra.com\/blog\/"},{"@type":"ListItem","position":2,"name":"Crescimento de quase 16% em cargas movimentadas por cont\u00eaineres nos portos brasileiros neste ano"}]},{"@type":"WebSite","@id":"https:\/\/agenciainfra.com\/blog\/#website","url":"https:\/\/agenciainfra.com\/blog\/","name":"Ag\u00eancia iNFRA","description":"Multiplataforma de informa\u00e7\u00e3o jornal\u00edstica refer\u00eancia na \u00e1rea de infraestrutura no Brasil!","publisher":{"@id":"https:\/\/agenciainfra.com\/blog\/#organization"},"potentialAction":[{"@type":"SearchAction","target":{"@type":"EntryPoint","urlTemplate":"https:\/\/agenciainfra.com\/blog\/?s={search_term_string}"},"query-input":{"@type":"PropertyValueSpecification","valueRequired":true,"valueName":"search_term_string"}}],"inLanguage":"pt-BR"},{"@type":"Organization","@id":"https:\/\/agenciainfra.com\/blog\/#organization","name":"Ag\u00eancia iNFRA","url":"https:\/\/agenciainfra.com\/blog\/","logo":{"@type":"ImageObject","inLanguage":"pt-BR","@id":"https:\/\/agenciainfra.com\/blog\/#\/schema\/logo\/image\/","url":"https:\/\/agenciainfra.com\/blog\/wp-content\/uploads\/2023\/09\/iNFRA_5-e1761735885940.png","contentUrl":"https:\/\/agenciainfra.com\/blog\/wp-content\/uploads\/2023\/09\/iNFRA_5-e1761735885940.png","width":1672,"height":454,"caption":"Ag\u00eancia iNFRA"},"image":{"@id":"https:\/\/agenciainfra.com\/blog\/#\/schema\/logo\/image\/"},"sameAs":["https:\/\/www.facebook.com\/ageninfra","https:\/\/x.com\/agencia_infra","https:\/\/www.linkedin.com\/company\/ag\u00eanciainfra\/","https:\/\/www.instagram.com\/agenciainfra\/"]},{"@type":"Person","@id":"https:\/\/agenciainfra.com\/blog\/#\/schema\/person\/34af08dff6adea4cb22b06612ba7acfa","name":"Ag\u00eancia iNFRA","image":{"@type":"ImageObject","inLanguage":"pt-BR","@id":"https:\/\/agenciainfra.com\/blog\/#\/schema\/person\/image\/","url":"https:\/\/secure.gravatar.com\/avatar\/d189e01678f06d8eb84d4e01f08eb848b3fffe3f8443818d3c356c66892f5be8?s=96&d=mm&r=g","contentUrl":"https:\/\/secure.gravatar.com\/avatar\/d189e01678f06d8eb84d4e01f08eb848b3fffe3f8443818d3c356c66892f5be8?s=96&d=mm&r=g","caption":"Ag\u00eancia iNFRA"},"url":"https:\/\/agenciainfra.com\/blog\/author\/admin\/"}]}},"_links":{"self":[{"href":"https:\/\/agenciainfra.com\/blog\/wp-json\/wp\/v2\/posts\/8709","targetHints":{"allow":["GET"]}}],"collection":[{"href":"https:\/\/agenciainfra.com\/blog\/wp-json\/wp\/v2\/posts"}],"about":[{"href":"https:\/\/agenciainfra.com\/blog\/wp-json\/wp\/v2\/types\/post"}],"author":[{"embeddable":true,"href":"https:\/\/agenciainfra.com\/blog\/wp-json\/wp\/v2\/users\/1"}],"replies":[{"embeddable":true,"href":"https:\/\/agenciainfra.com\/blog\/wp-json\/wp\/v2\/comments?post=8709"}],"version-history":[{"count":0,"href":"https:\/\/agenciainfra.com\/blog\/wp-json\/wp\/v2\/posts\/8709\/revisions"}],"wp:featuredmedia":[{"embeddable":true,"href":"https:\/\/agenciainfra.com\/blog\/wp-json\/wp\/v2\/media\/4507"}],"wp:attachment":[{"href":"https:\/\/agenciainfra.com\/blog\/wp-json\/wp\/v2\/media?parent=8709"}],"wp:term":[{"taxonomy":"category","embeddable":true,"href":"https:\/\/agenciainfra.com\/blog\/wp-json\/wp\/v2\/categories?post=8709"},{"taxonomy":"post_tag","embeddable":true,"href":"https:\/\/agenciainfra.com\/blog\/wp-json\/wp\/v2\/tags?post=8709"}],"curies":[{"name":"wp","href":"https:\/\/api.w.org\/{rel}","templated":true}]}}