{"id":8748,"date":"2021-11-03T08:00:00","date_gmt":"2021-11-03T11:00:00","guid":{"rendered":"https:\/\/www.agenciainfra.com\/blog\/?p=8748"},"modified":"2021-10-29T17:21:44","modified_gmt":"2021-10-29T20:21:44","slug":"ministerio-da-infraestrutura-tem-avaliacao-positiva-sobre-primeira-analise-do-tcu-da-codesa","status":"publish","type":"post","link":"https:\/\/agenciainfra.com\/blog\/ministerio-da-infraestrutura-tem-avaliacao-positiva-sobre-primeira-analise-do-tcu-da-codesa\/","title":{"rendered":"Minist\u00e9rio da Infraestrutura tem avalia\u00e7\u00e3o positiva sobre primeira an\u00e1lise do TCU relativa \u00e0 Codesa"},"content":{"rendered":"\n<p class=\"has-text-align-right\"><strong>Dimmi Amora, da&nbsp;Ag\u00eancia iNFRA<\/strong><\/p>\n\n\n\n<p>A an\u00e1lise do estudo de viabilidade t\u00e9cnica,&nbsp;econ\u00f4mica e ambiental&nbsp;para a desestatiza\u00e7\u00e3o da Codesa (Companhia Docas do Esp\u00edrito Santo) entrou na etapa que se encaminha para a conclus\u00e3o dentro da secretaria especializada do TCU (Tribunal de Contas da Uni\u00e3o), com avalia\u00e7\u00e3o positiva por parte de representantes do governo da an\u00e1lise feita pelos auditores sobre o tema.<\/p>\n\n\n\n<p>Os apontamentos indicados at\u00e9 o momento por parte dos auditores sobre o processo seriam poss\u00edveis de serem atendidos sem descaracterizar a proposta, que pretende passar a concess\u00e3o da Autoridade Portu\u00e1ria dos Portos do Esp\u00edrito Santo para o setor privado, experi\u00eancia in\u00e9dita no pa\u00eds e que \u00e9 vista como modelo para desestatiza\u00e7\u00e3o de outros portos.<\/p>\n\n\n\n<p>A avalia\u00e7\u00e3o dos integrantes do Minist\u00e9rio da Infraestrutura envolvidos no processo aconteceu ap\u00f3s reuni\u00f5es na semana passada sobre o tema com os auditores da Secretaria de Portos e Ferrovias, respons\u00e1vel pelas an\u00e1lises iniciais. O processo tem como relator no TCU o ministro Bruno Dantas, a quem cabe o relat\u00f3rio final a ser apresentado para avalia\u00e7\u00e3o do plen\u00e1rio.<\/p>\n\n\n\n<p>Ficou combinado que nesta semana come\u00e7aria uma etapa desses processos de avalia\u00e7\u00e3o de estudos para desestatiza\u00e7\u00e3o no TCU, que \u00e9 o envio por parte da secretaria especializada ao \u00f3rg\u00e3o governamental de uma minuta de sua proposta de encaminhamento, para an\u00e1lise pr\u00e9via e coment\u00e1rios do gestor.&nbsp;<\/p>\n\n\n\n<p>Depois da avalia\u00e7\u00e3o do gestor, que deve ocorrer em 10 dias, em geral, se n\u00e3o houver fatos novos ou pedidos de mudan\u00e7a na modelagem significativos por parte do \u00f3rg\u00e3o governamental, a secretaria conclui a an\u00e1lise inicial e encaminha sua proposta ao ministro relator.&nbsp;<\/p>\n\n\n\n<p>Com o relator, o processo pode ganhar outras dilig\u00eancias e pedidos por parte dele. Mas, em geral, \u00e9 o momento em que o processo se encaminha para ser levado ao plen\u00e1rio. A esperan\u00e7a dos integrantes do governo \u00e9 que o plen\u00e1rio possa decidir ainda neste ano, o que permitiria um leil\u00e3o ainda no primeiro semestre de 2022.<\/p>\n\n\n\n<p><strong>Press\u00e3o por mudan\u00e7as<\/strong><br>Mas ainda h\u00e1 press\u00e3o por parte das empresas para que a primeira proposta de desestatiza\u00e7\u00e3o de autoridade portu\u00e1ria seja profundamente revista. Essa press\u00e3o, no entanto, j\u00e1 foi mais forte.&nbsp;<\/p>\n\n\n\n<p>Em setembro, a chamada Coaliza\u00e7\u00e3o de Associa\u00e7\u00f5es Portu\u00e1rias, que re\u00fane as entidades mais representativas do setor, chegou a trabalhar numa documento \u00fanico&nbsp;com proposta contr\u00e1ria \u00e0 desestatiza\u00e7\u00e3o das autoridades portu\u00e1rias.<\/p>\n\n\n\n<p>Durante um evento em Santos (SP), houve encontro dos representantes da Coaliz\u00e3o com o ministro Tarc\u00edsio de Freitas e o secret\u00e1rio nacional de Portos e Transportes Aquavi\u00e1rios, Diogo Piloni, que pediram um voto de confian\u00e7a no processo, que pelo menos se esperasse at\u00e9 que a documenta\u00e7\u00e3o final fosse apresentada ao TCU.<\/p>\n\n\n\n<p>V\u00e1rios pontos causam apreens\u00e3o entre os representantes de empresas que atualmente t\u00eam terminais arrendados nos portos, ou seja, s\u00e3o como inquilinos de uma autoridade que hoje \u00e9 p\u00fablica e ser\u00e1 privada, e tamb\u00e9m dos TUPs (terminais de uso privado), parte deles utilizando estruturas do porto.<\/p>\n\n\n\n<p>O aumento dos custos com a liberdade para que o futuro concession\u00e1rio privado possa estabelecer tarifas e pre\u00e7os \u00e9 um deles. Mas o principal \u00e9 a forma como os contratos entre arrendat\u00e1rios e as autoridades portu\u00e1rias p\u00fablicas ser\u00e3o revistos para que passem a ser regidos pelo direito privado.<\/p>\n\n\n\n<p><strong>Garantia das condi\u00e7\u00f5es<\/strong><br>Desde o in\u00edcio das audi\u00eancias p\u00fablicas, a forma como o governo apresentou sua ideia para garantir que os arrendat\u00e1rios n\u00e3o v\u00e3o perder direitos atuais com a troca n\u00e3o tem sido vista pelos representantes como adequada para garantir isso.<\/p>\n\n\n\n<p>A discuss\u00e3o chegou ao TCU e houve mudan\u00e7as nos textos que haviam sido inicialmente apresentados. As entidades reclamam que n\u00e3o t\u00eam acesso \u00e0 vers\u00e3o final dos textos e ficou combinado que ela seria aberta pelo pr\u00f3prio TCU no processo.<\/p>\n\n\n\n<p>O governo garante que sua proposta assegura a todos os arrendat\u00e1rios que eles ter\u00e3o a palavra final na mudan\u00e7a dos contratos e ter\u00e3o v\u00e1rios instrumentos para garantir que ser\u00e3o mantidas as condi\u00e7\u00f5es contratadas at\u00e9 o fim dos contratos.<\/p>\n\n\n\n<p><strong>Associa\u00e7\u00e3o dos TUPs ainda quer mudan\u00e7a<\/strong><br>No caso espec\u00edfico da Codesa, h\u00e1 ainda algumas quest\u00f5es espec\u00edficas com os TUPs (terminais de uso privado) que operam num dos portos da empresa, o de Barra do Riacho, que s\u00e3o contestadas pela ATP (Associa\u00e7\u00e3o de Terminais Portu\u00e1rios Privados).<\/p>\n\n\n\n<p>Em documento recente encaminhado ao \u00f3rg\u00e3o de controle, a associa\u00e7\u00e3o defende que o projeto de desestatiza\u00e7\u00e3o seja revisto, inclusive com a retirada dos terminais privados da \u00e1rea portu\u00e1ria e mudan\u00e7a no modelo de desestatiza\u00e7\u00e3o.<\/p>\n\n\n\n<p>A desestatiza\u00e7\u00e3o portu\u00e1ria foi o tema do&nbsp;8\u00ba Encontro ATP, &#8220;Desestatiza\u00e7\u00e3o dos Portos Organizados: Uma Vis\u00e3o do Setor Privado&#8221;, realizado nesta semana em Bras\u00edlia.&nbsp;<\/p>\n\n\n\n<p><strong>&#8220;Grande preocupa\u00e7\u00e3o&#8221;<\/strong><br>O presidente da associa\u00e7\u00e3o, Murillo Barbosa, ressaltou no encontro que a ATP defende a desestatiza\u00e7\u00e3o como forma de melhorar a atividade portu\u00e1ria.<\/p>\n\n\n\n<p>&#8220;Mas existe uma grande preocupa\u00e7\u00e3o em todo o setor com a defini\u00e7\u00e3o de um modelo \u00fanico para a desestatiza\u00e7\u00e3o da Codesa e de Barra do Riacho e seus desdobramentos nos outros processos&#8221;, afirmou.<\/p>\n\n\n\n<p><strong>Redu\u00e7\u00e3o de custos<\/strong><br>Henrique Baldez, presidente da Anut (Associa\u00e7\u00e3o Nacional dos Usu\u00e1rios do Transporte de Carga), afirmou que a privatiza\u00e7\u00e3o deve levar em considera\u00e7\u00e3o os usu\u00e1rios, indicando que o modelo apresentado para a Codesa mant\u00e9m parte significativa da arrecada\u00e7\u00e3o do porto com o Estado, com o pagamento de impostos e outorgas, o que dificultar\u00e1 a redu\u00e7\u00e3o de tarifas.<\/p>\n\n\n\n<p>O secret\u00e1rio Diogo Piloni defendeu que ser\u00e1 poss\u00edvel, com os ganhos de efici\u00eancia apontados pelo estudo, fazer um grande volume de investimentos nos portos, que ampliar\u00e3o a competitividade, e ainda assim reduzir os custos aos usu\u00e1rios pelas futuras autoridades portu\u00e1rias privadas, inclusive a do Porto de Santos (SP).<\/p>\n","protected":false},"excerpt":{"rendered":"<p>Dimmi Amora, da&nbsp;Ag\u00eancia iNFRA A an\u00e1lise do estudo de viabilidade t\u00e9cnica,&nbsp;econ\u00f4mica e ambiental&nbsp;para a desestatiza\u00e7\u00e3o da Codesa (Companhia Docas do Esp\u00edrito Santo) entrou na etapa que se encaminha para a conclus\u00e3o dentro da secretaria especializada do TCU (Tribunal de Contas da Uni\u00e3o), com avalia\u00e7\u00e3o positiva por parte de representantes do governo da an\u00e1lise feita pelos [&hellip;]<\/p>\n","protected":false},"author":1,"featured_media":6694,"comment_status":"closed","ping_status":"closed","sticky":false,"template":"","format":"standard","meta":{"_monsterinsights_skip_tracking":false,"_monsterinsights_sitenote_active":false,"_monsterinsights_sitenote_note":"","_monsterinsights_sitenote_category":0,"footnotes":""},"categories":[1,7],"tags":[947,396,1146,192,811,2351,1246,18,816,105],"class_list":["post-8748","post","type-post","status-publish","format-standard","has-post-thumbnail","hentry","category-geral","category-infratransporte","tag-anut","tag-bruno-dantas","tag-codesa","tag-desestatizacao","tag-diogo-piloni","tag-portos-organizados","tag-secretaria-de-portos-e-transportes-aquaviarios","tag-tcu","tag-transporte-aquaviario","tag-tup"],"yoast_head":"<!-- This site is optimized with the Yoast SEO Premium plugin v25.4 (Yoast SEO v26.0) - https:\/\/yoast.com\/wordpress\/plugins\/seo\/ -->\n<title>Minist\u00e9rio da Infraestrutura tem avalia\u00e7\u00e3o positiva sobre primeira an\u00e1lise do TCU relativa \u00e0 Codesa - Ag\u00eancia iNFRA<\/title>\n<meta name=\"robots\" content=\"index, follow, max-snippet:-1, max-image-preview:large, max-video-preview:-1\" \/>\n<link rel=\"canonical\" href=\"https:\/\/agenciainfra.com\/blog\/ministerio-da-infraestrutura-tem-avaliacao-positiva-sobre-primeira-analise-do-tcu-da-codesa\/\" \/>\n<meta property=\"og:locale\" content=\"pt_BR\" \/>\n<meta property=\"og:type\" content=\"article\" \/>\n<meta property=\"og:title\" content=\"Minist\u00e9rio da Infraestrutura tem avalia\u00e7\u00e3o positiva sobre primeira an\u00e1lise do TCU relativa \u00e0 Codesa\" \/>\n<meta property=\"og:description\" content=\"Dimmi Amora, da&nbsp;Ag\u00eancia iNFRA A an\u00e1lise do estudo de viabilidade t\u00e9cnica,&nbsp;econ\u00f4mica e ambiental&nbsp;para a desestatiza\u00e7\u00e3o da Codesa (Companhia Docas do Esp\u00edrito Santo) entrou na etapa que se encaminha para a conclus\u00e3o dentro da secretaria especializada do TCU (Tribunal de Contas da Uni\u00e3o), com avalia\u00e7\u00e3o positiva por parte de representantes do governo da an\u00e1lise feita pelos [&hellip;]\" \/>\n<meta property=\"og:url\" content=\"https:\/\/agenciainfra.com\/blog\/ministerio-da-infraestrutura-tem-avaliacao-positiva-sobre-primeira-analise-do-tcu-da-codesa\/\" \/>\n<meta property=\"og:site_name\" content=\"Ag\u00eancia iNFRA\" \/>\n<meta property=\"article:publisher\" content=\"https:\/\/www.facebook.com\/ageninfra\" \/>\n<meta property=\"article:published_time\" content=\"2021-11-03T11:00:00+00:00\" \/>\n<meta property=\"og:image\" content=\"https:\/\/agenciainfra.com\/blog\/wp-content\/uploads\/2021\/01\/codesa-foto-divulgacao.jpg\" \/>\n\t<meta property=\"og:image:width\" content=\"1280\" \/>\n\t<meta property=\"og:image:height\" content=\"855\" \/>\n\t<meta property=\"og:image:type\" content=\"image\/jpeg\" \/>\n<meta name=\"author\" content=\"Ag\u00eancia iNFRA\" \/>\n<meta name=\"twitter:card\" content=\"summary_large_image\" \/>\n<meta name=\"twitter:creator\" content=\"@agencia_infra\" \/>\n<meta name=\"twitter:site\" content=\"@agencia_infra\" \/>\n<meta name=\"twitter:label1\" content=\"Escrito por\" \/>\n\t<meta name=\"twitter:data1\" content=\"Ag\u00eancia iNFRA\" \/>\n\t<meta name=\"twitter:label2\" content=\"Est. tempo de leitura\" \/>\n\t<meta name=\"twitter:data2\" content=\"5 minutos\" \/>\n<script type=\"application\/ld+json\" class=\"yoast-schema-graph\">{\"@context\":\"https:\/\/schema.org\",\"@graph\":[{\"@type\":\"Article\",\"@id\":\"https:\/\/agenciainfra.com\/blog\/ministerio-da-infraestrutura-tem-avaliacao-positiva-sobre-primeira-analise-do-tcu-da-codesa\/#article\",\"isPartOf\":{\"@id\":\"https:\/\/agenciainfra.com\/blog\/ministerio-da-infraestrutura-tem-avaliacao-positiva-sobre-primeira-analise-do-tcu-da-codesa\/\"},\"author\":{\"name\":\"Ag\u00eancia iNFRA\",\"@id\":\"https:\/\/agenciainfra.com\/blog\/#\/schema\/person\/34af08dff6adea4cb22b06612ba7acfa\"},\"headline\":\"Minist\u00e9rio da Infraestrutura tem avalia\u00e7\u00e3o positiva sobre primeira an\u00e1lise do TCU relativa \u00e0 Codesa\",\"datePublished\":\"2021-11-03T11:00:00+00:00\",\"mainEntityOfPage\":{\"@id\":\"https:\/\/agenciainfra.com\/blog\/ministerio-da-infraestrutura-tem-avaliacao-positiva-sobre-primeira-analise-do-tcu-da-codesa\/\"},\"wordCount\":1058,\"publisher\":{\"@id\":\"https:\/\/agenciainfra.com\/blog\/#organization\"},\"image\":{\"@id\":\"https:\/\/agenciainfra.com\/blog\/ministerio-da-infraestrutura-tem-avaliacao-positiva-sobre-primeira-analise-do-tcu-da-codesa\/#primaryimage\"},\"thumbnailUrl\":\"https:\/\/agenciainfra.com\/blog\/wp-content\/uploads\/2021\/01\/codesa-foto-divulgacao.jpg\",\"keywords\":[\"ANUT\",\"Bruno Dantas\",\"Codesa\",\"desestatiza\u00e7\u00e3o\",\"Diogo Piloni\",\"portos organizados\",\"Secretaria de Portos e Transportes Aquavi\u00e1rios\",\"TCU\",\"transporte aquavi\u00e1rio\",\"TUP\"],\"articleSection\":[\"Geral\",\"iNFRATransporte\"],\"inLanguage\":\"pt-BR\",\"copyrightYear\":\"2021\",\"copyrightHolder\":{\"@id\":\"https:\/\/agenciainfra.com\/blog\/#organization\"}},{\"@type\":\"WebPage\",\"@id\":\"https:\/\/agenciainfra.com\/blog\/ministerio-da-infraestrutura-tem-avaliacao-positiva-sobre-primeira-analise-do-tcu-da-codesa\/\",\"url\":\"https:\/\/agenciainfra.com\/blog\/ministerio-da-infraestrutura-tem-avaliacao-positiva-sobre-primeira-analise-do-tcu-da-codesa\/\",\"name\":\"Minist\u00e9rio da Infraestrutura tem avalia\u00e7\u00e3o positiva sobre primeira an\u00e1lise do TCU relativa \u00e0 Codesa - Ag\u00eancia iNFRA\",\"isPartOf\":{\"@id\":\"https:\/\/agenciainfra.com\/blog\/#website\"},\"primaryImageOfPage\":{\"@id\":\"https:\/\/agenciainfra.com\/blog\/ministerio-da-infraestrutura-tem-avaliacao-positiva-sobre-primeira-analise-do-tcu-da-codesa\/#primaryimage\"},\"image\":{\"@id\":\"https:\/\/agenciainfra.com\/blog\/ministerio-da-infraestrutura-tem-avaliacao-positiva-sobre-primeira-analise-do-tcu-da-codesa\/#primaryimage\"},\"thumbnailUrl\":\"https:\/\/agenciainfra.com\/blog\/wp-content\/uploads\/2021\/01\/codesa-foto-divulgacao.jpg\",\"datePublished\":\"2021-11-03T11:00:00+00:00\",\"breadcrumb\":{\"@id\":\"https:\/\/agenciainfra.com\/blog\/ministerio-da-infraestrutura-tem-avaliacao-positiva-sobre-primeira-analise-do-tcu-da-codesa\/#breadcrumb\"},\"inLanguage\":\"pt-BR\",\"potentialAction\":[{\"@type\":\"ReadAction\",\"target\":[\"https:\/\/agenciainfra.com\/blog\/ministerio-da-infraestrutura-tem-avaliacao-positiva-sobre-primeira-analise-do-tcu-da-codesa\/\"]}]},{\"@type\":\"ImageObject\",\"inLanguage\":\"pt-BR\",\"@id\":\"https:\/\/agenciainfra.com\/blog\/ministerio-da-infraestrutura-tem-avaliacao-positiva-sobre-primeira-analise-do-tcu-da-codesa\/#primaryimage\",\"url\":\"https:\/\/agenciainfra.com\/blog\/wp-content\/uploads\/2021\/01\/codesa-foto-divulgacao.jpg\",\"contentUrl\":\"https:\/\/agenciainfra.com\/blog\/wp-content\/uploads\/2021\/01\/codesa-foto-divulgacao.jpg\",\"width\":1280,\"height\":855},{\"@type\":\"BreadcrumbList\",\"@id\":\"https:\/\/agenciainfra.com\/blog\/ministerio-da-infraestrutura-tem-avaliacao-positiva-sobre-primeira-analise-do-tcu-da-codesa\/#breadcrumb\",\"itemListElement\":[{\"@type\":\"ListItem\",\"position\":1,\"name\":\"In\u00edcio\",\"item\":\"https:\/\/agenciainfra.com\/blog\/\"},{\"@type\":\"ListItem\",\"position\":2,\"name\":\"Minist\u00e9rio da Infraestrutura tem avalia\u00e7\u00e3o positiva sobre primeira an\u00e1lise do TCU relativa \u00e0 Codesa\"}]},{\"@type\":\"WebSite\",\"@id\":\"https:\/\/agenciainfra.com\/blog\/#website\",\"url\":\"https:\/\/agenciainfra.com\/blog\/\",\"name\":\"Ag\u00eancia iNFRA\",\"description\":\"Multiplataforma de informa\u00e7\u00e3o jornal\u00edstica refer\u00eancia na \u00e1rea de infraestrutura no Brasil!\",\"publisher\":{\"@id\":\"https:\/\/agenciainfra.com\/blog\/#organization\"},\"potentialAction\":[{\"@type\":\"SearchAction\",\"target\":{\"@type\":\"EntryPoint\",\"urlTemplate\":\"https:\/\/agenciainfra.com\/blog\/?s={search_term_string}\"},\"query-input\":{\"@type\":\"PropertyValueSpecification\",\"valueRequired\":true,\"valueName\":\"search_term_string\"}}],\"inLanguage\":\"pt-BR\"},{\"@type\":\"Organization\",\"@id\":\"https:\/\/agenciainfra.com\/blog\/#organization\",\"name\":\"Ag\u00eancia iNFRA\",\"url\":\"https:\/\/agenciainfra.com\/blog\/\",\"logo\":{\"@type\":\"ImageObject\",\"inLanguage\":\"pt-BR\",\"@id\":\"https:\/\/agenciainfra.com\/blog\/#\/schema\/logo\/image\/\",\"url\":\"https:\/\/agenciainfra.com\/blog\/wp-content\/uploads\/2023\/09\/iNFRA_5-e1761735885940.png\",\"contentUrl\":\"https:\/\/agenciainfra.com\/blog\/wp-content\/uploads\/2023\/09\/iNFRA_5-e1761735885940.png\",\"width\":1672,\"height\":454,\"caption\":\"Ag\u00eancia iNFRA\"},\"image\":{\"@id\":\"https:\/\/agenciainfra.com\/blog\/#\/schema\/logo\/image\/\"},\"sameAs\":[\"https:\/\/www.facebook.com\/ageninfra\",\"https:\/\/x.com\/agencia_infra\",\"https:\/\/www.linkedin.com\/company\/ag\u00eanciainfra\/\",\"https:\/\/www.instagram.com\/agenciainfra\/\"]},{\"@type\":\"Person\",\"@id\":\"https:\/\/agenciainfra.com\/blog\/#\/schema\/person\/34af08dff6adea4cb22b06612ba7acfa\",\"name\":\"Ag\u00eancia iNFRA\",\"image\":{\"@type\":\"ImageObject\",\"inLanguage\":\"pt-BR\",\"@id\":\"https:\/\/agenciainfra.com\/blog\/#\/schema\/person\/image\/\",\"url\":\"https:\/\/secure.gravatar.com\/avatar\/d189e01678f06d8eb84d4e01f08eb848b3fffe3f8443818d3c356c66892f5be8?s=96&d=mm&r=g\",\"contentUrl\":\"https:\/\/secure.gravatar.com\/avatar\/d189e01678f06d8eb84d4e01f08eb848b3fffe3f8443818d3c356c66892f5be8?s=96&d=mm&r=g\",\"caption\":\"Ag\u00eancia iNFRA\"},\"url\":\"https:\/\/agenciainfra.com\/blog\/author\/admin\/\"}]}<\/script>\n<!-- \/ Yoast SEO Premium plugin. -->","yoast_head_json":{"title":"Minist\u00e9rio da Infraestrutura tem avalia\u00e7\u00e3o positiva sobre primeira an\u00e1lise do TCU relativa \u00e0 Codesa - Ag\u00eancia iNFRA","robots":{"index":"index","follow":"follow","max-snippet":"max-snippet:-1","max-image-preview":"max-image-preview:large","max-video-preview":"max-video-preview:-1"},"canonical":"https:\/\/agenciainfra.com\/blog\/ministerio-da-infraestrutura-tem-avaliacao-positiva-sobre-primeira-analise-do-tcu-da-codesa\/","og_locale":"pt_BR","og_type":"article","og_title":"Minist\u00e9rio da Infraestrutura tem avalia\u00e7\u00e3o positiva sobre primeira an\u00e1lise do TCU relativa \u00e0 Codesa","og_description":"Dimmi Amora, da&nbsp;Ag\u00eancia iNFRA A an\u00e1lise do estudo de viabilidade t\u00e9cnica,&nbsp;econ\u00f4mica e ambiental&nbsp;para a desestatiza\u00e7\u00e3o da Codesa (Companhia Docas do Esp\u00edrito Santo) entrou na etapa que se encaminha para a conclus\u00e3o dentro da secretaria especializada do TCU (Tribunal de Contas da Uni\u00e3o), com avalia\u00e7\u00e3o positiva por parte de representantes do governo da an\u00e1lise feita pelos [&hellip;]","og_url":"https:\/\/agenciainfra.com\/blog\/ministerio-da-infraestrutura-tem-avaliacao-positiva-sobre-primeira-analise-do-tcu-da-codesa\/","og_site_name":"Ag\u00eancia iNFRA","article_publisher":"https:\/\/www.facebook.com\/ageninfra","article_published_time":"2021-11-03T11:00:00+00:00","og_image":[{"width":1280,"height":855,"url":"https:\/\/agenciainfra.com\/blog\/wp-content\/uploads\/2021\/01\/codesa-foto-divulgacao.jpg","type":"image\/jpeg"}],"author":"Ag\u00eancia iNFRA","twitter_card":"summary_large_image","twitter_creator":"@agencia_infra","twitter_site":"@agencia_infra","twitter_misc":{"Escrito por":"Ag\u00eancia iNFRA","Est. tempo de leitura":"5 minutos"},"schema":{"@context":"https:\/\/schema.org","@graph":[{"@type":"Article","@id":"https:\/\/agenciainfra.com\/blog\/ministerio-da-infraestrutura-tem-avaliacao-positiva-sobre-primeira-analise-do-tcu-da-codesa\/#article","isPartOf":{"@id":"https:\/\/agenciainfra.com\/blog\/ministerio-da-infraestrutura-tem-avaliacao-positiva-sobre-primeira-analise-do-tcu-da-codesa\/"},"author":{"name":"Ag\u00eancia iNFRA","@id":"https:\/\/agenciainfra.com\/blog\/#\/schema\/person\/34af08dff6adea4cb22b06612ba7acfa"},"headline":"Minist\u00e9rio da Infraestrutura tem avalia\u00e7\u00e3o positiva sobre primeira an\u00e1lise do TCU relativa \u00e0 Codesa","datePublished":"2021-11-03T11:00:00+00:00","mainEntityOfPage":{"@id":"https:\/\/agenciainfra.com\/blog\/ministerio-da-infraestrutura-tem-avaliacao-positiva-sobre-primeira-analise-do-tcu-da-codesa\/"},"wordCount":1058,"publisher":{"@id":"https:\/\/agenciainfra.com\/blog\/#organization"},"image":{"@id":"https:\/\/agenciainfra.com\/blog\/ministerio-da-infraestrutura-tem-avaliacao-positiva-sobre-primeira-analise-do-tcu-da-codesa\/#primaryimage"},"thumbnailUrl":"https:\/\/agenciainfra.com\/blog\/wp-content\/uploads\/2021\/01\/codesa-foto-divulgacao.jpg","keywords":["ANUT","Bruno Dantas","Codesa","desestatiza\u00e7\u00e3o","Diogo Piloni","portos organizados","Secretaria de Portos e Transportes Aquavi\u00e1rios","TCU","transporte aquavi\u00e1rio","TUP"],"articleSection":["Geral","iNFRATransporte"],"inLanguage":"pt-BR","copyrightYear":"2021","copyrightHolder":{"@id":"https:\/\/agenciainfra.com\/blog\/#organization"}},{"@type":"WebPage","@id":"https:\/\/agenciainfra.com\/blog\/ministerio-da-infraestrutura-tem-avaliacao-positiva-sobre-primeira-analise-do-tcu-da-codesa\/","url":"https:\/\/agenciainfra.com\/blog\/ministerio-da-infraestrutura-tem-avaliacao-positiva-sobre-primeira-analise-do-tcu-da-codesa\/","name":"Minist\u00e9rio da Infraestrutura tem avalia\u00e7\u00e3o positiva sobre primeira an\u00e1lise do TCU relativa \u00e0 Codesa - Ag\u00eancia iNFRA","isPartOf":{"@id":"https:\/\/agenciainfra.com\/blog\/#website"},"primaryImageOfPage":{"@id":"https:\/\/agenciainfra.com\/blog\/ministerio-da-infraestrutura-tem-avaliacao-positiva-sobre-primeira-analise-do-tcu-da-codesa\/#primaryimage"},"image":{"@id":"https:\/\/agenciainfra.com\/blog\/ministerio-da-infraestrutura-tem-avaliacao-positiva-sobre-primeira-analise-do-tcu-da-codesa\/#primaryimage"},"thumbnailUrl":"https:\/\/agenciainfra.com\/blog\/wp-content\/uploads\/2021\/01\/codesa-foto-divulgacao.jpg","datePublished":"2021-11-03T11:00:00+00:00","breadcrumb":{"@id":"https:\/\/agenciainfra.com\/blog\/ministerio-da-infraestrutura-tem-avaliacao-positiva-sobre-primeira-analise-do-tcu-da-codesa\/#breadcrumb"},"inLanguage":"pt-BR","potentialAction":[{"@type":"ReadAction","target":["https:\/\/agenciainfra.com\/blog\/ministerio-da-infraestrutura-tem-avaliacao-positiva-sobre-primeira-analise-do-tcu-da-codesa\/"]}]},{"@type":"ImageObject","inLanguage":"pt-BR","@id":"https:\/\/agenciainfra.com\/blog\/ministerio-da-infraestrutura-tem-avaliacao-positiva-sobre-primeira-analise-do-tcu-da-codesa\/#primaryimage","url":"https:\/\/agenciainfra.com\/blog\/wp-content\/uploads\/2021\/01\/codesa-foto-divulgacao.jpg","contentUrl":"https:\/\/agenciainfra.com\/blog\/wp-content\/uploads\/2021\/01\/codesa-foto-divulgacao.jpg","width":1280,"height":855},{"@type":"BreadcrumbList","@id":"https:\/\/agenciainfra.com\/blog\/ministerio-da-infraestrutura-tem-avaliacao-positiva-sobre-primeira-analise-do-tcu-da-codesa\/#breadcrumb","itemListElement":[{"@type":"ListItem","position":1,"name":"In\u00edcio","item":"https:\/\/agenciainfra.com\/blog\/"},{"@type":"ListItem","position":2,"name":"Minist\u00e9rio da Infraestrutura tem avalia\u00e7\u00e3o positiva sobre primeira an\u00e1lise do TCU relativa \u00e0 Codesa"}]},{"@type":"WebSite","@id":"https:\/\/agenciainfra.com\/blog\/#website","url":"https:\/\/agenciainfra.com\/blog\/","name":"Ag\u00eancia iNFRA","description":"Multiplataforma de informa\u00e7\u00e3o jornal\u00edstica refer\u00eancia na \u00e1rea de infraestrutura no Brasil!","publisher":{"@id":"https:\/\/agenciainfra.com\/blog\/#organization"},"potentialAction":[{"@type":"SearchAction","target":{"@type":"EntryPoint","urlTemplate":"https:\/\/agenciainfra.com\/blog\/?s={search_term_string}"},"query-input":{"@type":"PropertyValueSpecification","valueRequired":true,"valueName":"search_term_string"}}],"inLanguage":"pt-BR"},{"@type":"Organization","@id":"https:\/\/agenciainfra.com\/blog\/#organization","name":"Ag\u00eancia iNFRA","url":"https:\/\/agenciainfra.com\/blog\/","logo":{"@type":"ImageObject","inLanguage":"pt-BR","@id":"https:\/\/agenciainfra.com\/blog\/#\/schema\/logo\/image\/","url":"https:\/\/agenciainfra.com\/blog\/wp-content\/uploads\/2023\/09\/iNFRA_5-e1761735885940.png","contentUrl":"https:\/\/agenciainfra.com\/blog\/wp-content\/uploads\/2023\/09\/iNFRA_5-e1761735885940.png","width":1672,"height":454,"caption":"Ag\u00eancia iNFRA"},"image":{"@id":"https:\/\/agenciainfra.com\/blog\/#\/schema\/logo\/image\/"},"sameAs":["https:\/\/www.facebook.com\/ageninfra","https:\/\/x.com\/agencia_infra","https:\/\/www.linkedin.com\/company\/ag\u00eanciainfra\/","https:\/\/www.instagram.com\/agenciainfra\/"]},{"@type":"Person","@id":"https:\/\/agenciainfra.com\/blog\/#\/schema\/person\/34af08dff6adea4cb22b06612ba7acfa","name":"Ag\u00eancia iNFRA","image":{"@type":"ImageObject","inLanguage":"pt-BR","@id":"https:\/\/agenciainfra.com\/blog\/#\/schema\/person\/image\/","url":"https:\/\/secure.gravatar.com\/avatar\/d189e01678f06d8eb84d4e01f08eb848b3fffe3f8443818d3c356c66892f5be8?s=96&d=mm&r=g","contentUrl":"https:\/\/secure.gravatar.com\/avatar\/d189e01678f06d8eb84d4e01f08eb848b3fffe3f8443818d3c356c66892f5be8?s=96&d=mm&r=g","caption":"Ag\u00eancia iNFRA"},"url":"https:\/\/agenciainfra.com\/blog\/author\/admin\/"}]}},"_links":{"self":[{"href":"https:\/\/agenciainfra.com\/blog\/wp-json\/wp\/v2\/posts\/8748","targetHints":{"allow":["GET"]}}],"collection":[{"href":"https:\/\/agenciainfra.com\/blog\/wp-json\/wp\/v2\/posts"}],"about":[{"href":"https:\/\/agenciainfra.com\/blog\/wp-json\/wp\/v2\/types\/post"}],"author":[{"embeddable":true,"href":"https:\/\/agenciainfra.com\/blog\/wp-json\/wp\/v2\/users\/1"}],"replies":[{"embeddable":true,"href":"https:\/\/agenciainfra.com\/blog\/wp-json\/wp\/v2\/comments?post=8748"}],"version-history":[{"count":0,"href":"https:\/\/agenciainfra.com\/blog\/wp-json\/wp\/v2\/posts\/8748\/revisions"}],"wp:featuredmedia":[{"embeddable":true,"href":"https:\/\/agenciainfra.com\/blog\/wp-json\/wp\/v2\/media\/6694"}],"wp:attachment":[{"href":"https:\/\/agenciainfra.com\/blog\/wp-json\/wp\/v2\/media?parent=8748"}],"wp:term":[{"taxonomy":"category","embeddable":true,"href":"https:\/\/agenciainfra.com\/blog\/wp-json\/wp\/v2\/categories?post=8748"},{"taxonomy":"post_tag","embeddable":true,"href":"https:\/\/agenciainfra.com\/blog\/wp-json\/wp\/v2\/tags?post=8748"}],"curies":[{"name":"wp","href":"https:\/\/api.w.org\/{rel}","templated":true}]}}