{"id":8768,"date":"2021-11-03T10:00:00","date_gmt":"2021-11-03T13:00:00","guid":{"rendered":"https:\/\/www.agenciainfra.com\/blog\/?p=8768"},"modified":"2021-11-03T08:16:11","modified_gmt":"2021-11-03T11:16:11","slug":"crise-global-pressiona-precos-de-equipamentos-no-setor-solar-e-na-industria-do-gas","status":"publish","type":"post","link":"https:\/\/agenciainfra.com\/blog\/crise-global-pressiona-precos-de-equipamentos-no-setor-solar-e-na-industria-do-gas\/","title":{"rendered":"Crise global pressiona pre\u00e7os de equipamentos no setor solar e na ind\u00fastria do g\u00e1s"},"content":{"rendered":"\n<p class=\"has-text-align-right\"><strong>Roberto Rockmann, colunista&nbsp;da&nbsp;Ag\u00eancia iNFRA*<\/strong><\/p>\n\n\n\n<p>A crise energ\u00e9tica global e a disrup\u00e7\u00e3o em algumas cadeias de valor mundiais j\u00e1 trazem impactos para o setor el\u00e9trico brasileiro. Os principais efeitos se d\u00e3o sobre o setor solar e de g\u00e1s natural.<br><br>Com grande parte dos equipamentos importados da China, o setor solar brasileiro j\u00e1 come\u00e7a a sofrer com c\u00e2mbio elevado, aumento de custos e amea\u00e7a de desabastecimento de equipamentos, com algumas f\u00e1bricas chinesas operando agora apenas meio per\u00edodo.<\/p>\n\n\n\n<p>H\u00e1 preocupa\u00e7\u00e3o de que o mercado brasileiro n\u00e3o seja priorizado nesse momento. Distribuidoras j\u00e1 notificaram nas \u00faltimas semanas aumentos de 15% a 20% nos pre\u00e7os para empresas no Brasil.<br><br>A expectativa \u00e9 de que a normaliza\u00e7\u00e3o na cadeia produtiva n\u00e3o seja atingida antes de mar\u00e7o de 2022. Isso pode ter impacto sobre o andamento de projetos previstos para entrar em opera\u00e7\u00e3o nos pr\u00f3ximos meses. Tamb\u00e9m pode levar \u00e0 mortalidade de empreendimentos. Empresas que estejam muito expostas ao setor ser\u00e3o olhadas com lupa pelos analistas.<br><br>O contexto levou uma empresa a suspender por ora um projeto de parque centralizado solar para autoprodu\u00e7\u00e3o que seria erguido no Nordeste.\u00a0Al\u00e9m do fornecimento na China, o receio \u00e9 grande sobre como ficar\u00e1 a taxa de c\u00e2mbio nos pr\u00f3ximos meses.<br><br>Mais ru\u00eddos sobre a pol\u00edtica fiscal poder\u00e3o lev\u00e1-la acima de R$ 6, o que poder\u00e1 ter um impacto ainda mais negativo sobre o setor solar. No setor e\u00f3lico, a press\u00e3o \u00e9 menor, uma vez que 80% da cadeia est\u00e3o no Brasil, mas pode haver reajustes de pre\u00e7os de equipamentos.<br><br>O inverno est\u00e1 chegando ao hemisf\u00e9rio norte. A press\u00e3o sobre os pre\u00e7os do g\u00e1s natural poder\u00e1 ser ainda mais elevada no mundo. Cen\u00e1rio que poder\u00e1 perdurar por longos meses. O barril do petr\u00f3leo subiu mais de 15% nos \u00faltimos dois meses, enquanto o d\u00f3lar aumentou mais de 10%.<br><br>Em dezembro, grandes consumidores esperam alta de pre\u00e7os em alguns mercados, como o de S\u00e3o Paulo. Adiciona-se outro ingrediente: no \u00faltimo m\u00eas do ano, expiram contratos de distribuidoras do Nordeste e de S\u00e3o Paulo com a Petrobras.<br><br>Grandes consumidores est\u00e3o receosos com a renegocia\u00e7\u00e3o, que ocorre em um momento de tens\u00e3o mundial nos pre\u00e7os do insumo e em que o GNL (g\u00e1s natural liquefeito) tamb\u00e9m bate recordes.<\/p>\n\n\n\n<h6 class=\"wp-block-heading\" id=\"block-f323f59b-51bf-4eed-b17b-3c7d3b917007\">*Roberto Rockmann \u00e9 escritor e jornalista. Coautor do livro \u201cCurto-Circuito, quando o Brasil quase ficou \u00e0s escuras\u201d e produtor do podcast quinzenal \u201cGiro Energia\u201d sobre o setor el\u00e9trico. Organizou em 2018 o livro de 20 anos do mercado livre de energia el\u00e9trica, editado pela CCEE (C\u00e2mara de Comercializa\u00e7\u00e3o de Energia El\u00e9trica), al\u00e9m de v\u00e1rios outros livros e trabalhos premiados.<\/h6>\n\n\n\n<h5 class=\"wp-block-heading\" id=\"block-5ef42db3-2ed1-4178-8ab5-7a7f312ba102\">As opini\u00f5es dos autores n\u00e3o refletem necessariamente o pensamento da Ag\u00eancia iNFRA, sendo de total responsabilidade do autor as informa\u00e7\u00f5es, ju\u00edzos de valor e conceitos descritos no texto.<\/h5>\n","protected":false},"excerpt":{"rendered":"<p>Roberto Rockmann, colunista&nbsp;da&nbsp;Ag\u00eancia iNFRA* A crise energ\u00e9tica global e a disrup\u00e7\u00e3o em algumas cadeias de valor mundiais j\u00e1 trazem impactos para o setor el\u00e9trico brasileiro. Os principais efeitos se d\u00e3o sobre o setor solar e de g\u00e1s natural. Com grande parte dos equipamentos importados da China, o setor solar brasileiro j\u00e1 come\u00e7a a sofrer com [&hellip;]<\/p>\n","protected":false},"author":1,"featured_media":7088,"comment_status":"closed","ping_status":"closed","sticky":false,"template":"","format":"standard","meta":{"_monsterinsights_skip_tracking":false,"_monsterinsights_sitenote_active":false,"_monsterinsights_sitenote_note":"","_monsterinsights_sitenote_category":0,"footnotes":""},"categories":[1],"tags":[1728,13,4379,1082,950,282,1275,1093,1784,54],"class_list":["post-8768","post","type-post","status-publish","format-standard","has-post-thumbnail","hentry","category-geral","tag-china","tag-consumo-de-energia","tag-crise-energetica","tag-distribuicao-de-energia","tag-distribuicao-de-gas","tag-energia-eletrica","tag-energia-eolica","tag-energia-solar","tag-gas-natural-liquefeito","tag-setor-eletrico"],"yoast_head":"<!-- This site is optimized with the Yoast SEO Premium plugin v25.4 (Yoast SEO v26.0) - https:\/\/yoast.com\/wordpress\/plugins\/seo\/ -->\n<title>Crise global pressiona pre\u00e7os de equipamentos no setor solar e na ind\u00fastria do g\u00e1s - Ag\u00eancia iNFRA<\/title>\n<meta name=\"robots\" content=\"index, follow, max-snippet:-1, max-image-preview:large, max-video-preview:-1\" \/>\n<link rel=\"canonical\" href=\"https:\/\/agenciainfra.com\/blog\/crise-global-pressiona-precos-de-equipamentos-no-setor-solar-e-na-industria-do-gas\/\" \/>\n<meta property=\"og:locale\" content=\"pt_BR\" \/>\n<meta property=\"og:type\" content=\"article\" \/>\n<meta property=\"og:title\" content=\"Crise global pressiona pre\u00e7os de equipamentos no setor solar e na ind\u00fastria do g\u00e1s\" \/>\n<meta property=\"og:description\" content=\"Roberto Rockmann, colunista&nbsp;da&nbsp;Ag\u00eancia iNFRA* A crise energ\u00e9tica global e a disrup\u00e7\u00e3o em algumas cadeias de valor mundiais j\u00e1 trazem impactos para o setor el\u00e9trico brasileiro. Os principais efeitos se d\u00e3o sobre o setor solar e de g\u00e1s natural. Com grande parte dos equipamentos importados da China, o setor solar brasileiro j\u00e1 come\u00e7a a sofrer com [&hellip;]\" \/>\n<meta property=\"og:url\" content=\"https:\/\/agenciainfra.com\/blog\/crise-global-pressiona-precos-de-equipamentos-no-setor-solar-e-na-industria-do-gas\/\" \/>\n<meta property=\"og:site_name\" content=\"Ag\u00eancia iNFRA\" \/>\n<meta property=\"article:publisher\" content=\"https:\/\/www.facebook.com\/ageninfra\" \/>\n<meta property=\"article:published_time\" content=\"2021-11-03T13:00:00+00:00\" \/>\n<meta property=\"og:image\" content=\"https:\/\/agenciainfra.com\/blog\/wp-content\/uploads\/2021\/04\/gas-natural-foto-agencia-brasil.png\" \/>\n\t<meta property=\"og:image:width\" content=\"1280\" \/>\n\t<meta property=\"og:image:height\" content=\"678\" \/>\n\t<meta property=\"og:image:type\" content=\"image\/png\" \/>\n<meta name=\"author\" content=\"Ag\u00eancia iNFRA\" \/>\n<meta name=\"twitter:card\" content=\"summary_large_image\" \/>\n<meta name=\"twitter:creator\" content=\"@agencia_infra\" \/>\n<meta name=\"twitter:site\" content=\"@agencia_infra\" \/>\n<meta name=\"twitter:label1\" content=\"Escrito por\" \/>\n\t<meta name=\"twitter:data1\" content=\"Ag\u00eancia iNFRA\" \/>\n\t<meta name=\"twitter:label2\" content=\"Est. tempo de leitura\" \/>\n\t<meta name=\"twitter:data2\" content=\"3 minutos\" \/>\n<script type=\"application\/ld+json\" class=\"yoast-schema-graph\">{\"@context\":\"https:\/\/schema.org\",\"@graph\":[{\"@type\":\"Article\",\"@id\":\"https:\/\/agenciainfra.com\/blog\/crise-global-pressiona-precos-de-equipamentos-no-setor-solar-e-na-industria-do-gas\/#article\",\"isPartOf\":{\"@id\":\"https:\/\/agenciainfra.com\/blog\/crise-global-pressiona-precos-de-equipamentos-no-setor-solar-e-na-industria-do-gas\/\"},\"author\":{\"name\":\"Ag\u00eancia iNFRA\",\"@id\":\"https:\/\/agenciainfra.com\/blog\/#\/schema\/person\/34af08dff6adea4cb22b06612ba7acfa\"},\"headline\":\"Crise global pressiona pre\u00e7os de equipamentos no setor solar e na ind\u00fastria do g\u00e1s\",\"datePublished\":\"2021-11-03T13:00:00+00:00\",\"mainEntityOfPage\":{\"@id\":\"https:\/\/agenciainfra.com\/blog\/crise-global-pressiona-precos-de-equipamentos-no-setor-solar-e-na-industria-do-gas\/\"},\"wordCount\":520,\"publisher\":{\"@id\":\"https:\/\/agenciainfra.com\/blog\/#organization\"},\"image\":{\"@id\":\"https:\/\/agenciainfra.com\/blog\/crise-global-pressiona-precos-de-equipamentos-no-setor-solar-e-na-industria-do-gas\/#primaryimage\"},\"thumbnailUrl\":\"https:\/\/agenciainfra.com\/blog\/wp-content\/uploads\/2021\/04\/gas-natural-foto-agencia-brasil.png\",\"keywords\":[\"China\",\"consumo de energia\",\"crise energ\u00e9tica\",\"distribui\u00e7\u00e3o de energia\",\"distribui\u00e7\u00e3o de g\u00e1s\",\"energia el\u00e9trica\",\"energia e\u00f3lica\",\"energia solar\",\"g\u00e1s natural liquefeito\",\"Setor El\u00e9trico\"],\"articleSection\":[\"Geral\"],\"inLanguage\":\"pt-BR\",\"copyrightYear\":\"2021\",\"copyrightHolder\":{\"@id\":\"https:\/\/agenciainfra.com\/blog\/#organization\"}},{\"@type\":\"WebPage\",\"@id\":\"https:\/\/agenciainfra.com\/blog\/crise-global-pressiona-precos-de-equipamentos-no-setor-solar-e-na-industria-do-gas\/\",\"url\":\"https:\/\/agenciainfra.com\/blog\/crise-global-pressiona-precos-de-equipamentos-no-setor-solar-e-na-industria-do-gas\/\",\"name\":\"Crise global pressiona pre\u00e7os de equipamentos no setor solar e na ind\u00fastria do g\u00e1s - Ag\u00eancia iNFRA\",\"isPartOf\":{\"@id\":\"https:\/\/agenciainfra.com\/blog\/#website\"},\"primaryImageOfPage\":{\"@id\":\"https:\/\/agenciainfra.com\/blog\/crise-global-pressiona-precos-de-equipamentos-no-setor-solar-e-na-industria-do-gas\/#primaryimage\"},\"image\":{\"@id\":\"https:\/\/agenciainfra.com\/blog\/crise-global-pressiona-precos-de-equipamentos-no-setor-solar-e-na-industria-do-gas\/#primaryimage\"},\"thumbnailUrl\":\"https:\/\/agenciainfra.com\/blog\/wp-content\/uploads\/2021\/04\/gas-natural-foto-agencia-brasil.png\",\"datePublished\":\"2021-11-03T13:00:00+00:00\",\"breadcrumb\":{\"@id\":\"https:\/\/agenciainfra.com\/blog\/crise-global-pressiona-precos-de-equipamentos-no-setor-solar-e-na-industria-do-gas\/#breadcrumb\"},\"inLanguage\":\"pt-BR\",\"potentialAction\":[{\"@type\":\"ReadAction\",\"target\":[\"https:\/\/agenciainfra.com\/blog\/crise-global-pressiona-precos-de-equipamentos-no-setor-solar-e-na-industria-do-gas\/\"]}]},{\"@type\":\"ImageObject\",\"inLanguage\":\"pt-BR\",\"@id\":\"https:\/\/agenciainfra.com\/blog\/crise-global-pressiona-precos-de-equipamentos-no-setor-solar-e-na-industria-do-gas\/#primaryimage\",\"url\":\"https:\/\/agenciainfra.com\/blog\/wp-content\/uploads\/2021\/04\/gas-natural-foto-agencia-brasil.png\",\"contentUrl\":\"https:\/\/agenciainfra.com\/blog\/wp-content\/uploads\/2021\/04\/gas-natural-foto-agencia-brasil.png\",\"width\":1280,\"height\":678,\"caption\":\"Foto: Ag\u00eancia Brasil\"},{\"@type\":\"BreadcrumbList\",\"@id\":\"https:\/\/agenciainfra.com\/blog\/crise-global-pressiona-precos-de-equipamentos-no-setor-solar-e-na-industria-do-gas\/#breadcrumb\",\"itemListElement\":[{\"@type\":\"ListItem\",\"position\":1,\"name\":\"In\u00edcio\",\"item\":\"https:\/\/agenciainfra.com\/blog\/\"},{\"@type\":\"ListItem\",\"position\":2,\"name\":\"Crise global pressiona pre\u00e7os de equipamentos no setor solar e na ind\u00fastria do g\u00e1s\"}]},{\"@type\":\"WebSite\",\"@id\":\"https:\/\/agenciainfra.com\/blog\/#website\",\"url\":\"https:\/\/agenciainfra.com\/blog\/\",\"name\":\"Ag\u00eancia iNFRA\",\"description\":\"Multiplataforma de informa\u00e7\u00e3o jornal\u00edstica refer\u00eancia na \u00e1rea de infraestrutura no Brasil!\",\"publisher\":{\"@id\":\"https:\/\/agenciainfra.com\/blog\/#organization\"},\"potentialAction\":[{\"@type\":\"SearchAction\",\"target\":{\"@type\":\"EntryPoint\",\"urlTemplate\":\"https:\/\/agenciainfra.com\/blog\/?s={search_term_string}\"},\"query-input\":{\"@type\":\"PropertyValueSpecification\",\"valueRequired\":true,\"valueName\":\"search_term_string\"}}],\"inLanguage\":\"pt-BR\"},{\"@type\":\"Organization\",\"@id\":\"https:\/\/agenciainfra.com\/blog\/#organization\",\"name\":\"Ag\u00eancia iNFRA\",\"url\":\"https:\/\/agenciainfra.com\/blog\/\",\"logo\":{\"@type\":\"ImageObject\",\"inLanguage\":\"pt-BR\",\"@id\":\"https:\/\/agenciainfra.com\/blog\/#\/schema\/logo\/image\/\",\"url\":\"https:\/\/agenciainfra.com\/blog\/wp-content\/uploads\/2023\/09\/iNFRA_5-e1761735885940.png\",\"contentUrl\":\"https:\/\/agenciainfra.com\/blog\/wp-content\/uploads\/2023\/09\/iNFRA_5-e1761735885940.png\",\"width\":1672,\"height\":454,\"caption\":\"Ag\u00eancia iNFRA\"},\"image\":{\"@id\":\"https:\/\/agenciainfra.com\/blog\/#\/schema\/logo\/image\/\"},\"sameAs\":[\"https:\/\/www.facebook.com\/ageninfra\",\"https:\/\/x.com\/agencia_infra\",\"https:\/\/www.linkedin.com\/company\/ag\u00eanciainfra\/\",\"https:\/\/www.instagram.com\/agenciainfra\/\"]},{\"@type\":\"Person\",\"@id\":\"https:\/\/agenciainfra.com\/blog\/#\/schema\/person\/34af08dff6adea4cb22b06612ba7acfa\",\"name\":\"Ag\u00eancia iNFRA\",\"image\":{\"@type\":\"ImageObject\",\"inLanguage\":\"pt-BR\",\"@id\":\"https:\/\/agenciainfra.com\/blog\/#\/schema\/person\/image\/\",\"url\":\"https:\/\/secure.gravatar.com\/avatar\/d189e01678f06d8eb84d4e01f08eb848b3fffe3f8443818d3c356c66892f5be8?s=96&d=mm&r=g\",\"contentUrl\":\"https:\/\/secure.gravatar.com\/avatar\/d189e01678f06d8eb84d4e01f08eb848b3fffe3f8443818d3c356c66892f5be8?s=96&d=mm&r=g\",\"caption\":\"Ag\u00eancia iNFRA\"},\"url\":\"https:\/\/agenciainfra.com\/blog\/author\/admin\/\"}]}<\/script>\n<!-- \/ Yoast SEO Premium plugin. -->","yoast_head_json":{"title":"Crise global pressiona pre\u00e7os de equipamentos no setor solar e na ind\u00fastria do g\u00e1s - Ag\u00eancia iNFRA","robots":{"index":"index","follow":"follow","max-snippet":"max-snippet:-1","max-image-preview":"max-image-preview:large","max-video-preview":"max-video-preview:-1"},"canonical":"https:\/\/agenciainfra.com\/blog\/crise-global-pressiona-precos-de-equipamentos-no-setor-solar-e-na-industria-do-gas\/","og_locale":"pt_BR","og_type":"article","og_title":"Crise global pressiona pre\u00e7os de equipamentos no setor solar e na ind\u00fastria do g\u00e1s","og_description":"Roberto Rockmann, colunista&nbsp;da&nbsp;Ag\u00eancia iNFRA* A crise energ\u00e9tica global e a disrup\u00e7\u00e3o em algumas cadeias de valor mundiais j\u00e1 trazem impactos para o setor el\u00e9trico brasileiro. Os principais efeitos se d\u00e3o sobre o setor solar e de g\u00e1s natural. Com grande parte dos equipamentos importados da China, o setor solar brasileiro j\u00e1 come\u00e7a a sofrer com [&hellip;]","og_url":"https:\/\/agenciainfra.com\/blog\/crise-global-pressiona-precos-de-equipamentos-no-setor-solar-e-na-industria-do-gas\/","og_site_name":"Ag\u00eancia iNFRA","article_publisher":"https:\/\/www.facebook.com\/ageninfra","article_published_time":"2021-11-03T13:00:00+00:00","og_image":[{"width":1280,"height":678,"url":"https:\/\/agenciainfra.com\/blog\/wp-content\/uploads\/2021\/04\/gas-natural-foto-agencia-brasil.png","type":"image\/png"}],"author":"Ag\u00eancia iNFRA","twitter_card":"summary_large_image","twitter_creator":"@agencia_infra","twitter_site":"@agencia_infra","twitter_misc":{"Escrito por":"Ag\u00eancia iNFRA","Est. tempo de leitura":"3 minutos"},"schema":{"@context":"https:\/\/schema.org","@graph":[{"@type":"Article","@id":"https:\/\/agenciainfra.com\/blog\/crise-global-pressiona-precos-de-equipamentos-no-setor-solar-e-na-industria-do-gas\/#article","isPartOf":{"@id":"https:\/\/agenciainfra.com\/blog\/crise-global-pressiona-precos-de-equipamentos-no-setor-solar-e-na-industria-do-gas\/"},"author":{"name":"Ag\u00eancia iNFRA","@id":"https:\/\/agenciainfra.com\/blog\/#\/schema\/person\/34af08dff6adea4cb22b06612ba7acfa"},"headline":"Crise global pressiona pre\u00e7os de equipamentos no setor solar e na ind\u00fastria do g\u00e1s","datePublished":"2021-11-03T13:00:00+00:00","mainEntityOfPage":{"@id":"https:\/\/agenciainfra.com\/blog\/crise-global-pressiona-precos-de-equipamentos-no-setor-solar-e-na-industria-do-gas\/"},"wordCount":520,"publisher":{"@id":"https:\/\/agenciainfra.com\/blog\/#organization"},"image":{"@id":"https:\/\/agenciainfra.com\/blog\/crise-global-pressiona-precos-de-equipamentos-no-setor-solar-e-na-industria-do-gas\/#primaryimage"},"thumbnailUrl":"https:\/\/agenciainfra.com\/blog\/wp-content\/uploads\/2021\/04\/gas-natural-foto-agencia-brasil.png","keywords":["China","consumo de energia","crise energ\u00e9tica","distribui\u00e7\u00e3o de energia","distribui\u00e7\u00e3o de g\u00e1s","energia el\u00e9trica","energia e\u00f3lica","energia solar","g\u00e1s natural liquefeito","Setor El\u00e9trico"],"articleSection":["Geral"],"inLanguage":"pt-BR","copyrightYear":"2021","copyrightHolder":{"@id":"https:\/\/agenciainfra.com\/blog\/#organization"}},{"@type":"WebPage","@id":"https:\/\/agenciainfra.com\/blog\/crise-global-pressiona-precos-de-equipamentos-no-setor-solar-e-na-industria-do-gas\/","url":"https:\/\/agenciainfra.com\/blog\/crise-global-pressiona-precos-de-equipamentos-no-setor-solar-e-na-industria-do-gas\/","name":"Crise global pressiona pre\u00e7os de equipamentos no setor solar e na ind\u00fastria do g\u00e1s - Ag\u00eancia iNFRA","isPartOf":{"@id":"https:\/\/agenciainfra.com\/blog\/#website"},"primaryImageOfPage":{"@id":"https:\/\/agenciainfra.com\/blog\/crise-global-pressiona-precos-de-equipamentos-no-setor-solar-e-na-industria-do-gas\/#primaryimage"},"image":{"@id":"https:\/\/agenciainfra.com\/blog\/crise-global-pressiona-precos-de-equipamentos-no-setor-solar-e-na-industria-do-gas\/#primaryimage"},"thumbnailUrl":"https:\/\/agenciainfra.com\/blog\/wp-content\/uploads\/2021\/04\/gas-natural-foto-agencia-brasil.png","datePublished":"2021-11-03T13:00:00+00:00","breadcrumb":{"@id":"https:\/\/agenciainfra.com\/blog\/crise-global-pressiona-precos-de-equipamentos-no-setor-solar-e-na-industria-do-gas\/#breadcrumb"},"inLanguage":"pt-BR","potentialAction":[{"@type":"ReadAction","target":["https:\/\/agenciainfra.com\/blog\/crise-global-pressiona-precos-de-equipamentos-no-setor-solar-e-na-industria-do-gas\/"]}]},{"@type":"ImageObject","inLanguage":"pt-BR","@id":"https:\/\/agenciainfra.com\/blog\/crise-global-pressiona-precos-de-equipamentos-no-setor-solar-e-na-industria-do-gas\/#primaryimage","url":"https:\/\/agenciainfra.com\/blog\/wp-content\/uploads\/2021\/04\/gas-natural-foto-agencia-brasil.png","contentUrl":"https:\/\/agenciainfra.com\/blog\/wp-content\/uploads\/2021\/04\/gas-natural-foto-agencia-brasil.png","width":1280,"height":678,"caption":"Foto: Ag\u00eancia Brasil"},{"@type":"BreadcrumbList","@id":"https:\/\/agenciainfra.com\/blog\/crise-global-pressiona-precos-de-equipamentos-no-setor-solar-e-na-industria-do-gas\/#breadcrumb","itemListElement":[{"@type":"ListItem","position":1,"name":"In\u00edcio","item":"https:\/\/agenciainfra.com\/blog\/"},{"@type":"ListItem","position":2,"name":"Crise global pressiona pre\u00e7os de equipamentos no setor solar e na ind\u00fastria do g\u00e1s"}]},{"@type":"WebSite","@id":"https:\/\/agenciainfra.com\/blog\/#website","url":"https:\/\/agenciainfra.com\/blog\/","name":"Ag\u00eancia iNFRA","description":"Multiplataforma de informa\u00e7\u00e3o jornal\u00edstica refer\u00eancia na \u00e1rea de infraestrutura no Brasil!","publisher":{"@id":"https:\/\/agenciainfra.com\/blog\/#organization"},"potentialAction":[{"@type":"SearchAction","target":{"@type":"EntryPoint","urlTemplate":"https:\/\/agenciainfra.com\/blog\/?s={search_term_string}"},"query-input":{"@type":"PropertyValueSpecification","valueRequired":true,"valueName":"search_term_string"}}],"inLanguage":"pt-BR"},{"@type":"Organization","@id":"https:\/\/agenciainfra.com\/blog\/#organization","name":"Ag\u00eancia iNFRA","url":"https:\/\/agenciainfra.com\/blog\/","logo":{"@type":"ImageObject","inLanguage":"pt-BR","@id":"https:\/\/agenciainfra.com\/blog\/#\/schema\/logo\/image\/","url":"https:\/\/agenciainfra.com\/blog\/wp-content\/uploads\/2023\/09\/iNFRA_5-e1761735885940.png","contentUrl":"https:\/\/agenciainfra.com\/blog\/wp-content\/uploads\/2023\/09\/iNFRA_5-e1761735885940.png","width":1672,"height":454,"caption":"Ag\u00eancia iNFRA"},"image":{"@id":"https:\/\/agenciainfra.com\/blog\/#\/schema\/logo\/image\/"},"sameAs":["https:\/\/www.facebook.com\/ageninfra","https:\/\/x.com\/agencia_infra","https:\/\/www.linkedin.com\/company\/ag\u00eanciainfra\/","https:\/\/www.instagram.com\/agenciainfra\/"]},{"@type":"Person","@id":"https:\/\/agenciainfra.com\/blog\/#\/schema\/person\/34af08dff6adea4cb22b06612ba7acfa","name":"Ag\u00eancia iNFRA","image":{"@type":"ImageObject","inLanguage":"pt-BR","@id":"https:\/\/agenciainfra.com\/blog\/#\/schema\/person\/image\/","url":"https:\/\/secure.gravatar.com\/avatar\/d189e01678f06d8eb84d4e01f08eb848b3fffe3f8443818d3c356c66892f5be8?s=96&d=mm&r=g","contentUrl":"https:\/\/secure.gravatar.com\/avatar\/d189e01678f06d8eb84d4e01f08eb848b3fffe3f8443818d3c356c66892f5be8?s=96&d=mm&r=g","caption":"Ag\u00eancia iNFRA"},"url":"https:\/\/agenciainfra.com\/blog\/author\/admin\/"}]}},"_links":{"self":[{"href":"https:\/\/agenciainfra.com\/blog\/wp-json\/wp\/v2\/posts\/8768","targetHints":{"allow":["GET"]}}],"collection":[{"href":"https:\/\/agenciainfra.com\/blog\/wp-json\/wp\/v2\/posts"}],"about":[{"href":"https:\/\/agenciainfra.com\/blog\/wp-json\/wp\/v2\/types\/post"}],"author":[{"embeddable":true,"href":"https:\/\/agenciainfra.com\/blog\/wp-json\/wp\/v2\/users\/1"}],"replies":[{"embeddable":true,"href":"https:\/\/agenciainfra.com\/blog\/wp-json\/wp\/v2\/comments?post=8768"}],"version-history":[{"count":0,"href":"https:\/\/agenciainfra.com\/blog\/wp-json\/wp\/v2\/posts\/8768\/revisions"}],"wp:featuredmedia":[{"embeddable":true,"href":"https:\/\/agenciainfra.com\/blog\/wp-json\/wp\/v2\/media\/7088"}],"wp:attachment":[{"href":"https:\/\/agenciainfra.com\/blog\/wp-json\/wp\/v2\/media?parent=8768"}],"wp:term":[{"taxonomy":"category","embeddable":true,"href":"https:\/\/agenciainfra.com\/blog\/wp-json\/wp\/v2\/categories?post=8768"},{"taxonomy":"post_tag","embeddable":true,"href":"https:\/\/agenciainfra.com\/blog\/wp-json\/wp\/v2\/tags?post=8768"}],"curies":[{"name":"wp","href":"https:\/\/api.w.org\/{rel}","templated":true}]}}