{"id":8832,"date":"2021-11-10T08:00:00","date_gmt":"2021-11-10T11:00:00","guid":{"rendered":"https:\/\/www.agenciainfra.com\/blog\/?p=8832"},"modified":"2021-11-10T14:45:10","modified_gmt":"2021-11-10T17:45:10","slug":"mesmo-com-custo-de-us-23-trilhoes-carbono-zero-em-2050-sera-realidade-na-navegacao","status":"publish","type":"post","link":"https:\/\/agenciainfra.com\/blog\/mesmo-com-custo-de-us-23-trilhoes-carbono-zero-em-2050-sera-realidade-na-navegacao\/","title":{"rendered":"Mesmo com custo de US$ 2,4 trilh\u00f5es, carbono zero em 2050 ser\u00e1 realidade na navega\u00e7\u00e3o"},"content":{"rendered":"\n<p class=\"has-text-align-right\"><strong>Dimmi Amora, da&nbsp;Ag\u00eancia iNFRA<\/strong><\/p>\n\n\n\n<p>A ind\u00fastria de navega\u00e7\u00e3o vai precisar se preparar para uma mudan\u00e7a mais profunda que a prevista atualmente sobre emiss\u00f5es de carbono, que a leve a cortar al\u00e9m dos 50% em 2050, meta&nbsp;que atualmente est\u00e1 estabelecida pela IMO (Internacional Maritime Organization).<\/p>\n\n\n\n<p>\u00c9 o que apontam Arthur Ramos, senior advisor em Clima e Energia, e Eduard Pujol, l\u00edder em infraestrutura, transporte &amp; log\u00edstica do BCG (Boston Consulting Group), que participaram de um estudo sobre o tema feito pela consultoria, apontando os valores e custos necess\u00e1rios para que a meta chegue a zero emiss\u00f5es at\u00e9 2050, algo que j\u00e1 foi anunciado por alguns grandes players do setor, mesmo em discord\u00e2ncia com a da organiza\u00e7\u00e3o.<\/p>\n\n\n\n<p>No meio das discuss\u00f5es da COP26, em Glasgow, Esc\u00f3cia, onde a press\u00e3o por metas mais ousadas de redu\u00e7\u00e3o de emiss\u00f5es em todos os setores ficou evidente, Pujol n\u00e3o tem d\u00favida de que ser\u00e1 preciso rever a previs\u00e3o do setor mar\u00edtimo.<\/p>\n\n\n\n<p>&#8220;A descarboniza\u00e7\u00e3o \u00e9 um imperativo. A press\u00e3o [por metas mais ousadas] vir\u00e1 de v\u00e1rios setores, clientes, investidores, reguladores, e vai fazer essas metas se acelerarem&#8221;, afirmou Pujol.<\/p>\n\n\n\n<p>O trabalho do BCG estima que a ind\u00fastria naval e seus parceiros precisam investir&nbsp;US$ 2,4 trilh\u00f5es&nbsp;para zerar suas emiss\u00f5es at\u00e9 2050 e alcan\u00e7ar a principal meta do Acordo de Paris. O trabalho, em ingl\u00eas,&nbsp;est\u00e1 dispon\u00edvel&nbsp;<a href=\"https:\/\/agenciainfra.us14.list-manage.com\/track\/click?u=d460dd1bcf9ba0ae040e1fc0f&amp;id=65c45712ea&amp;e=8d54f1ad19\" target=\"_blank\" rel=\"noreferrer noopener\">neste link<\/a>.<\/p>\n\n\n\n<p>No estudo, s\u00e3o estimados os investimentos necess\u00e1rios por \u00e1rea. Mais da metade do montante (cerca de US$ 1,5 trilh\u00e3o) seria destinado aos setores de energia e qu\u00edmico para desenvolver combust\u00edveis alternativos \u00e0 base de hidrog\u00eanio e para construir ou aprimorar instala\u00e7\u00f5es de refinamento, armazenamento e distribui\u00e7\u00e3o de combust\u00edvel.&nbsp;<\/p>\n\n\n\n<p><strong>Coordena\u00e7\u00e3o<\/strong><br>Ramos diz que ser\u00e1 inevit\u00e1vel que haja uma coordena\u00e7\u00e3o entre diferentes ind\u00fastrias para se chegar a uma produ\u00e7\u00e3o de combust\u00edvel&nbsp;menos poluente. Para ele, os caminhos da ind\u00fastria mar\u00edtima e de energia v\u00e3o ter que ser trilhados em paralelo para se chegar mais rapidamente \u00e0s solu\u00e7\u00f5es, especialmente as baseadas em hidrog\u00eanio verde.<\/p>\n\n\n\n<p>No entanto, ele observa que h\u00e1 solu\u00e7\u00f5es de curto prazo que podem ser implementadas sem a necessidade de grandes desenvolvimentos, como melhorias em rotas e eletrifica\u00e7\u00e3o das embarca\u00e7\u00f5es, por exemplo.<\/p>\n\n\n\n<p>Pujol lembra que os ganhos de efici\u00eancia operacional t\u00eam significativa import\u00e2ncia na redu\u00e7\u00e3o das emiss\u00f5es, sem depender de novos desenvolvimentos na \u00e1rea de combust\u00edveis, por exemplo. Ambos acreditam que as empresas que forem proativas nessa transi\u00e7\u00e3o v\u00e3o ter vantagens competitivas no futuro.<\/p>\n\n\n\n<p><strong>Gap<\/strong><br>H\u00e1 no entanto um gap entre os valores que o trabalho apontou que os clientes est\u00e3o dispostos a pagar a mais para um transporte sem emiss\u00f5es de carbono e o custo m\u00e9dio estimado a mais do transporte para bancar um transporte limpo.<\/p>\n\n\n\n<p>De acordo com o trabalho, considerando uma m\u00e9dia de custos de frete dos \u00faltimos anos, o valor a mais para a transi\u00e7\u00e3o ficaria numa faixa entre 10% e 15% dos custos com o transporte. Os clientes se mostram dispostos a pagar um frete at\u00e9 2% maior.<\/p>\n\n\n\n<p>Recentemente, houve um forte movimento de clientes, especialmente ligados ao agroneg\u00f3cio, contra uma mudan\u00e7a determinada pela IMO no n\u00edvel de enxofre do combust\u00edvel de navega\u00e7\u00e3o, o bunker, para torn\u00e1-lo menos poluente.<\/p>\n\n\n\n<p>A mudan\u00e7a tornou o bunker mais caro, especialmente para viagens de longa dist\u00e2ncia, o que encarece o custo do transporte das commodities brasileiras. Entidades brasileiras tentaram, sem sucesso, mudar a regra para evitar que o custo reca\u00edsse sobre o frete, alegando inclusive que as emiss\u00f5es do setor de transporte eram pouco significativas. Reportagem sobre o tema est\u00e1 neste&nbsp;<a href=\"https:\/\/agenciainfra.us14.list-manage.com\/track\/click?u=d460dd1bcf9ba0ae040e1fc0f&amp;id=44096d7060&amp;e=8d54f1ad19\" target=\"_blank\" rel=\"noreferrer noopener\">link<\/a>.<\/p>\n\n\n\n<p><strong>Press\u00e3o por zero emiss\u00f5es<\/strong><br>Arthur Ramos acredita que esse tipo de press\u00e3o contr\u00e1ria vai ser cada vez menor no futuro, com exig\u00eancia maior para que o transporte seja limpo, como forma de as empresas alcan\u00e7arem mais facilmente suas metas de zerar a emiss\u00e3o, observando uma cultura do cliente final, que n\u00e3o estar\u00e1 disposto a consumir de quem emite carbono.<\/p>\n\n\n\n<p>Pujol lembra ainda que, al\u00e9m de se preparar para a mudan\u00e7a&nbsp;inevit\u00e1vel de atingir o carbono zero em 2050, as empresas dever\u00e3o come\u00e7ar a trabalhar nessas metas imediatamente, visto que elas s\u00f3 podem ser alcan\u00e7adas com investimentos desde j\u00e1.&nbsp;<\/p>\n\n\n\n<p>\u201cUm navio tem vida \u00fatil de 20 anos. Se voc\u00ea vai ser zero carbono em 2050, o equipamento que voc\u00ea vai comprar em 2030 j\u00e1 tem que pensar nisso\u201d, lembrou o consultor, indicando que as metas devem ser comunicadas de forma clara ao longo do tempo porque haver\u00e1 a cobran\u00e7a por parte dos clientes sobre os resultados alcan\u00e7ados ano a ano.<\/p>\n","protected":false},"excerpt":{"rendered":"<p>Dimmi Amora, da&nbsp;Ag\u00eancia iNFRA A ind\u00fastria de navega\u00e7\u00e3o vai precisar se preparar para uma mudan\u00e7a mais profunda que a prevista atualmente sobre emiss\u00f5es de carbono, que a leve a cortar al\u00e9m dos 50% em 2050, meta&nbsp;que atualmente est\u00e1 estabelecida pela IMO (Internacional Maritime Organization). \u00c9 o que apontam Arthur Ramos, senior advisor em Clima e [&hellip;]<\/p>\n","protected":false},"author":1,"featured_media":5641,"comment_status":"closed","ping_status":"closed","sticky":false,"template":"","format":"standard","meta":{"_monsterinsights_skip_tracking":false,"_monsterinsights_sitenote_active":false,"_monsterinsights_sitenote_note":"","_monsterinsights_sitenote_category":0,"footnotes":""},"categories":[1,7],"tags":[663,4438,1073,3165,5063,3361,5065,106,3168,70],"class_list":["post-8832","post","type-post","status-publish","format-standard","has-post-thumbnail","hentry","category-geral","category-infratransporte","tag-agronegocio","tag-carbono-zero","tag-combustivel-de-navegacao","tag-competitividade","tag-cop26","tag-descarbonizacao","tag-emissao-de-carbono","tag-navegacao","tag-transporte-maritimo","tag-transportes"],"yoast_head":"<!-- This site is optimized with the Yoast SEO Premium plugin v25.4 (Yoast SEO v26.0) - https:\/\/yoast.com\/wordpress\/plugins\/seo\/ -->\n<title>Mesmo com custo de US$ 2,4 trilh\u00f5es, carbono zero em 2050 ser\u00e1 realidade na navega\u00e7\u00e3o - Ag\u00eancia iNFRA<\/title>\n<meta name=\"robots\" content=\"index, follow, max-snippet:-1, max-image-preview:large, max-video-preview:-1\" \/>\n<link rel=\"canonical\" href=\"https:\/\/agenciainfra.com\/blog\/mesmo-com-custo-de-us-23-trilhoes-carbono-zero-em-2050-sera-realidade-na-navegacao\/\" \/>\n<meta property=\"og:locale\" content=\"pt_BR\" \/>\n<meta property=\"og:type\" content=\"article\" \/>\n<meta property=\"og:title\" content=\"Mesmo com custo de US$ 2,4 trilh\u00f5es, carbono zero em 2050 ser\u00e1 realidade na navega\u00e7\u00e3o\" \/>\n<meta property=\"og:description\" content=\"Dimmi Amora, da&nbsp;Ag\u00eancia iNFRA A ind\u00fastria de navega\u00e7\u00e3o vai precisar se preparar para uma mudan\u00e7a mais profunda que a prevista atualmente sobre emiss\u00f5es de carbono, que a leve a cortar al\u00e9m dos 50% em 2050, meta&nbsp;que atualmente est\u00e1 estabelecida pela IMO (Internacional Maritime Organization). \u00c9 o que apontam Arthur Ramos, senior advisor em Clima e [&hellip;]\" \/>\n<meta property=\"og:url\" content=\"https:\/\/agenciainfra.com\/blog\/mesmo-com-custo-de-us-23-trilhoes-carbono-zero-em-2050-sera-realidade-na-navegacao\/\" \/>\n<meta property=\"og:site_name\" content=\"Ag\u00eancia iNFRA\" \/>\n<meta property=\"article:publisher\" content=\"https:\/\/www.facebook.com\/ageninfra\" \/>\n<meta property=\"article:published_time\" content=\"2021-11-10T11:00:00+00:00\" \/>\n<meta property=\"article:modified_time\" content=\"2021-11-10T17:45:10+00:00\" \/>\n<meta property=\"og:image\" content=\"https:\/\/agenciainfra.com\/blog\/wp-content\/uploads\/2020\/08\/navios-foto-claudio-neves-portos-do-parana.jpeg\" \/>\n\t<meta property=\"og:image:width\" content=\"1280\" \/>\n\t<meta property=\"og:image:height\" content=\"853\" \/>\n\t<meta property=\"og:image:type\" content=\"image\/jpeg\" \/>\n<meta name=\"author\" content=\"Ag\u00eancia iNFRA\" \/>\n<meta name=\"twitter:card\" content=\"summary_large_image\" \/>\n<meta name=\"twitter:creator\" content=\"@agencia_infra\" \/>\n<meta name=\"twitter:site\" content=\"@agencia_infra\" \/>\n<meta name=\"twitter:label1\" content=\"Escrito por\" \/>\n\t<meta name=\"twitter:data1\" content=\"Ag\u00eancia iNFRA\" \/>\n\t<meta name=\"twitter:label2\" content=\"Est. tempo de leitura\" \/>\n\t<meta name=\"twitter:data2\" content=\"4 minutos\" \/>\n<script type=\"application\/ld+json\" class=\"yoast-schema-graph\">{\"@context\":\"https:\/\/schema.org\",\"@graph\":[{\"@type\":\"Article\",\"@id\":\"https:\/\/agenciainfra.com\/blog\/mesmo-com-custo-de-us-23-trilhoes-carbono-zero-em-2050-sera-realidade-na-navegacao\/#article\",\"isPartOf\":{\"@id\":\"https:\/\/agenciainfra.com\/blog\/mesmo-com-custo-de-us-23-trilhoes-carbono-zero-em-2050-sera-realidade-na-navegacao\/\"},\"author\":{\"name\":\"Ag\u00eancia iNFRA\",\"@id\":\"https:\/\/agenciainfra.com\/blog\/#\/schema\/person\/34af08dff6adea4cb22b06612ba7acfa\"},\"headline\":\"Mesmo com custo de US$ 2,4 trilh\u00f5es, carbono zero em 2050 ser\u00e1 realidade na navega\u00e7\u00e3o\",\"datePublished\":\"2021-11-10T11:00:00+00:00\",\"dateModified\":\"2021-11-10T17:45:10+00:00\",\"mainEntityOfPage\":{\"@id\":\"https:\/\/agenciainfra.com\/blog\/mesmo-com-custo-de-us-23-trilhoes-carbono-zero-em-2050-sera-realidade-na-navegacao\/\"},\"wordCount\":837,\"publisher\":{\"@id\":\"https:\/\/agenciainfra.com\/blog\/#organization\"},\"image\":{\"@id\":\"https:\/\/agenciainfra.com\/blog\/mesmo-com-custo-de-us-23-trilhoes-carbono-zero-em-2050-sera-realidade-na-navegacao\/#primaryimage\"},\"thumbnailUrl\":\"https:\/\/agenciainfra.com\/blog\/wp-content\/uploads\/2020\/08\/navios-foto-claudio-neves-portos-do-parana.jpeg\",\"keywords\":[\"agroneg\u00f3cio\",\"carbono zero\",\"combust\u00edvel de navega\u00e7\u00e3o\",\"competitividade\",\"COP26\",\"Descarboniza\u00e7\u00e3o\",\"emiss\u00e3o de carbono\",\"Navega\u00e7\u00e3o\",\"transporte mar\u00edtimo\",\"transportes\"],\"articleSection\":[\"Geral\",\"iNFRATransporte\"],\"inLanguage\":\"pt-BR\",\"copyrightYear\":\"2021\",\"copyrightHolder\":{\"@id\":\"https:\/\/agenciainfra.com\/blog\/#organization\"}},{\"@type\":\"WebPage\",\"@id\":\"https:\/\/agenciainfra.com\/blog\/mesmo-com-custo-de-us-23-trilhoes-carbono-zero-em-2050-sera-realidade-na-navegacao\/\",\"url\":\"https:\/\/agenciainfra.com\/blog\/mesmo-com-custo-de-us-23-trilhoes-carbono-zero-em-2050-sera-realidade-na-navegacao\/\",\"name\":\"Mesmo com custo de US$ 2,4 trilh\u00f5es, carbono zero em 2050 ser\u00e1 realidade na navega\u00e7\u00e3o - Ag\u00eancia iNFRA\",\"isPartOf\":{\"@id\":\"https:\/\/agenciainfra.com\/blog\/#website\"},\"primaryImageOfPage\":{\"@id\":\"https:\/\/agenciainfra.com\/blog\/mesmo-com-custo-de-us-23-trilhoes-carbono-zero-em-2050-sera-realidade-na-navegacao\/#primaryimage\"},\"image\":{\"@id\":\"https:\/\/agenciainfra.com\/blog\/mesmo-com-custo-de-us-23-trilhoes-carbono-zero-em-2050-sera-realidade-na-navegacao\/#primaryimage\"},\"thumbnailUrl\":\"https:\/\/agenciainfra.com\/blog\/wp-content\/uploads\/2020\/08\/navios-foto-claudio-neves-portos-do-parana.jpeg\",\"datePublished\":\"2021-11-10T11:00:00+00:00\",\"dateModified\":\"2021-11-10T17:45:10+00:00\",\"breadcrumb\":{\"@id\":\"https:\/\/agenciainfra.com\/blog\/mesmo-com-custo-de-us-23-trilhoes-carbono-zero-em-2050-sera-realidade-na-navegacao\/#breadcrumb\"},\"inLanguage\":\"pt-BR\",\"potentialAction\":[{\"@type\":\"ReadAction\",\"target\":[\"https:\/\/agenciainfra.com\/blog\/mesmo-com-custo-de-us-23-trilhoes-carbono-zero-em-2050-sera-realidade-na-navegacao\/\"]}]},{\"@type\":\"ImageObject\",\"inLanguage\":\"pt-BR\",\"@id\":\"https:\/\/agenciainfra.com\/blog\/mesmo-com-custo-de-us-23-trilhoes-carbono-zero-em-2050-sera-realidade-na-navegacao\/#primaryimage\",\"url\":\"https:\/\/agenciainfra.com\/blog\/wp-content\/uploads\/2020\/08\/navios-foto-claudio-neves-portos-do-parana.jpeg\",\"contentUrl\":\"https:\/\/agenciainfra.com\/blog\/wp-content\/uploads\/2020\/08\/navios-foto-claudio-neves-portos-do-parana.jpeg\",\"width\":1280,\"height\":853},{\"@type\":\"BreadcrumbList\",\"@id\":\"https:\/\/agenciainfra.com\/blog\/mesmo-com-custo-de-us-23-trilhoes-carbono-zero-em-2050-sera-realidade-na-navegacao\/#breadcrumb\",\"itemListElement\":[{\"@type\":\"ListItem\",\"position\":1,\"name\":\"In\u00edcio\",\"item\":\"https:\/\/agenciainfra.com\/blog\/\"},{\"@type\":\"ListItem\",\"position\":2,\"name\":\"Mesmo com custo de US$ 2,4 trilh\u00f5es, carbono zero em 2050 ser\u00e1 realidade na navega\u00e7\u00e3o\"}]},{\"@type\":\"WebSite\",\"@id\":\"https:\/\/agenciainfra.com\/blog\/#website\",\"url\":\"https:\/\/agenciainfra.com\/blog\/\",\"name\":\"Ag\u00eancia iNFRA\",\"description\":\"Multiplataforma de informa\u00e7\u00e3o jornal\u00edstica refer\u00eancia na \u00e1rea de infraestrutura no Brasil!\",\"publisher\":{\"@id\":\"https:\/\/agenciainfra.com\/blog\/#organization\"},\"potentialAction\":[{\"@type\":\"SearchAction\",\"target\":{\"@type\":\"EntryPoint\",\"urlTemplate\":\"https:\/\/agenciainfra.com\/blog\/?s={search_term_string}\"},\"query-input\":{\"@type\":\"PropertyValueSpecification\",\"valueRequired\":true,\"valueName\":\"search_term_string\"}}],\"inLanguage\":\"pt-BR\"},{\"@type\":\"Organization\",\"@id\":\"https:\/\/agenciainfra.com\/blog\/#organization\",\"name\":\"Ag\u00eancia iNFRA\",\"url\":\"https:\/\/agenciainfra.com\/blog\/\",\"logo\":{\"@type\":\"ImageObject\",\"inLanguage\":\"pt-BR\",\"@id\":\"https:\/\/agenciainfra.com\/blog\/#\/schema\/logo\/image\/\",\"url\":\"https:\/\/agenciainfra.com\/blog\/wp-content\/uploads\/2023\/09\/iNFRA_5-e1761735885940.png\",\"contentUrl\":\"https:\/\/agenciainfra.com\/blog\/wp-content\/uploads\/2023\/09\/iNFRA_5-e1761735885940.png\",\"width\":1672,\"height\":454,\"caption\":\"Ag\u00eancia iNFRA\"},\"image\":{\"@id\":\"https:\/\/agenciainfra.com\/blog\/#\/schema\/logo\/image\/\"},\"sameAs\":[\"https:\/\/www.facebook.com\/ageninfra\",\"https:\/\/x.com\/agencia_infra\",\"https:\/\/www.linkedin.com\/company\/ag\u00eanciainfra\/\",\"https:\/\/www.instagram.com\/agenciainfra\/\"]},{\"@type\":\"Person\",\"@id\":\"https:\/\/agenciainfra.com\/blog\/#\/schema\/person\/34af08dff6adea4cb22b06612ba7acfa\",\"name\":\"Ag\u00eancia iNFRA\",\"image\":{\"@type\":\"ImageObject\",\"inLanguage\":\"pt-BR\",\"@id\":\"https:\/\/agenciainfra.com\/blog\/#\/schema\/person\/image\/\",\"url\":\"https:\/\/secure.gravatar.com\/avatar\/d189e01678f06d8eb84d4e01f08eb848b3fffe3f8443818d3c356c66892f5be8?s=96&d=mm&r=g\",\"contentUrl\":\"https:\/\/secure.gravatar.com\/avatar\/d189e01678f06d8eb84d4e01f08eb848b3fffe3f8443818d3c356c66892f5be8?s=96&d=mm&r=g\",\"caption\":\"Ag\u00eancia iNFRA\"},\"url\":\"https:\/\/agenciainfra.com\/blog\/author\/admin\/\"}]}<\/script>\n<!-- \/ Yoast SEO Premium plugin. -->","yoast_head_json":{"title":"Mesmo com custo de US$ 2,4 trilh\u00f5es, carbono zero em 2050 ser\u00e1 realidade na navega\u00e7\u00e3o - Ag\u00eancia iNFRA","robots":{"index":"index","follow":"follow","max-snippet":"max-snippet:-1","max-image-preview":"max-image-preview:large","max-video-preview":"max-video-preview:-1"},"canonical":"https:\/\/agenciainfra.com\/blog\/mesmo-com-custo-de-us-23-trilhoes-carbono-zero-em-2050-sera-realidade-na-navegacao\/","og_locale":"pt_BR","og_type":"article","og_title":"Mesmo com custo de US$ 2,4 trilh\u00f5es, carbono zero em 2050 ser\u00e1 realidade na navega\u00e7\u00e3o","og_description":"Dimmi Amora, da&nbsp;Ag\u00eancia iNFRA A ind\u00fastria de navega\u00e7\u00e3o vai precisar se preparar para uma mudan\u00e7a mais profunda que a prevista atualmente sobre emiss\u00f5es de carbono, que a leve a cortar al\u00e9m dos 50% em 2050, meta&nbsp;que atualmente est\u00e1 estabelecida pela IMO (Internacional Maritime Organization). \u00c9 o que apontam Arthur Ramos, senior advisor em Clima e [&hellip;]","og_url":"https:\/\/agenciainfra.com\/blog\/mesmo-com-custo-de-us-23-trilhoes-carbono-zero-em-2050-sera-realidade-na-navegacao\/","og_site_name":"Ag\u00eancia iNFRA","article_publisher":"https:\/\/www.facebook.com\/ageninfra","article_published_time":"2021-11-10T11:00:00+00:00","article_modified_time":"2021-11-10T17:45:10+00:00","og_image":[{"width":1280,"height":853,"url":"https:\/\/agenciainfra.com\/blog\/wp-content\/uploads\/2020\/08\/navios-foto-claudio-neves-portos-do-parana.jpeg","type":"image\/jpeg"}],"author":"Ag\u00eancia iNFRA","twitter_card":"summary_large_image","twitter_creator":"@agencia_infra","twitter_site":"@agencia_infra","twitter_misc":{"Escrito por":"Ag\u00eancia iNFRA","Est. tempo de leitura":"4 minutos"},"schema":{"@context":"https:\/\/schema.org","@graph":[{"@type":"Article","@id":"https:\/\/agenciainfra.com\/blog\/mesmo-com-custo-de-us-23-trilhoes-carbono-zero-em-2050-sera-realidade-na-navegacao\/#article","isPartOf":{"@id":"https:\/\/agenciainfra.com\/blog\/mesmo-com-custo-de-us-23-trilhoes-carbono-zero-em-2050-sera-realidade-na-navegacao\/"},"author":{"name":"Ag\u00eancia iNFRA","@id":"https:\/\/agenciainfra.com\/blog\/#\/schema\/person\/34af08dff6adea4cb22b06612ba7acfa"},"headline":"Mesmo com custo de US$ 2,4 trilh\u00f5es, carbono zero em 2050 ser\u00e1 realidade na navega\u00e7\u00e3o","datePublished":"2021-11-10T11:00:00+00:00","dateModified":"2021-11-10T17:45:10+00:00","mainEntityOfPage":{"@id":"https:\/\/agenciainfra.com\/blog\/mesmo-com-custo-de-us-23-trilhoes-carbono-zero-em-2050-sera-realidade-na-navegacao\/"},"wordCount":837,"publisher":{"@id":"https:\/\/agenciainfra.com\/blog\/#organization"},"image":{"@id":"https:\/\/agenciainfra.com\/blog\/mesmo-com-custo-de-us-23-trilhoes-carbono-zero-em-2050-sera-realidade-na-navegacao\/#primaryimage"},"thumbnailUrl":"https:\/\/agenciainfra.com\/blog\/wp-content\/uploads\/2020\/08\/navios-foto-claudio-neves-portos-do-parana.jpeg","keywords":["agroneg\u00f3cio","carbono zero","combust\u00edvel de navega\u00e7\u00e3o","competitividade","COP26","Descarboniza\u00e7\u00e3o","emiss\u00e3o de carbono","Navega\u00e7\u00e3o","transporte mar\u00edtimo","transportes"],"articleSection":["Geral","iNFRATransporte"],"inLanguage":"pt-BR","copyrightYear":"2021","copyrightHolder":{"@id":"https:\/\/agenciainfra.com\/blog\/#organization"}},{"@type":"WebPage","@id":"https:\/\/agenciainfra.com\/blog\/mesmo-com-custo-de-us-23-trilhoes-carbono-zero-em-2050-sera-realidade-na-navegacao\/","url":"https:\/\/agenciainfra.com\/blog\/mesmo-com-custo-de-us-23-trilhoes-carbono-zero-em-2050-sera-realidade-na-navegacao\/","name":"Mesmo com custo de US$ 2,4 trilh\u00f5es, carbono zero em 2050 ser\u00e1 realidade na navega\u00e7\u00e3o - Ag\u00eancia iNFRA","isPartOf":{"@id":"https:\/\/agenciainfra.com\/blog\/#website"},"primaryImageOfPage":{"@id":"https:\/\/agenciainfra.com\/blog\/mesmo-com-custo-de-us-23-trilhoes-carbono-zero-em-2050-sera-realidade-na-navegacao\/#primaryimage"},"image":{"@id":"https:\/\/agenciainfra.com\/blog\/mesmo-com-custo-de-us-23-trilhoes-carbono-zero-em-2050-sera-realidade-na-navegacao\/#primaryimage"},"thumbnailUrl":"https:\/\/agenciainfra.com\/blog\/wp-content\/uploads\/2020\/08\/navios-foto-claudio-neves-portos-do-parana.jpeg","datePublished":"2021-11-10T11:00:00+00:00","dateModified":"2021-11-10T17:45:10+00:00","breadcrumb":{"@id":"https:\/\/agenciainfra.com\/blog\/mesmo-com-custo-de-us-23-trilhoes-carbono-zero-em-2050-sera-realidade-na-navegacao\/#breadcrumb"},"inLanguage":"pt-BR","potentialAction":[{"@type":"ReadAction","target":["https:\/\/agenciainfra.com\/blog\/mesmo-com-custo-de-us-23-trilhoes-carbono-zero-em-2050-sera-realidade-na-navegacao\/"]}]},{"@type":"ImageObject","inLanguage":"pt-BR","@id":"https:\/\/agenciainfra.com\/blog\/mesmo-com-custo-de-us-23-trilhoes-carbono-zero-em-2050-sera-realidade-na-navegacao\/#primaryimage","url":"https:\/\/agenciainfra.com\/blog\/wp-content\/uploads\/2020\/08\/navios-foto-claudio-neves-portos-do-parana.jpeg","contentUrl":"https:\/\/agenciainfra.com\/blog\/wp-content\/uploads\/2020\/08\/navios-foto-claudio-neves-portos-do-parana.jpeg","width":1280,"height":853},{"@type":"BreadcrumbList","@id":"https:\/\/agenciainfra.com\/blog\/mesmo-com-custo-de-us-23-trilhoes-carbono-zero-em-2050-sera-realidade-na-navegacao\/#breadcrumb","itemListElement":[{"@type":"ListItem","position":1,"name":"In\u00edcio","item":"https:\/\/agenciainfra.com\/blog\/"},{"@type":"ListItem","position":2,"name":"Mesmo com custo de US$ 2,4 trilh\u00f5es, carbono zero em 2050 ser\u00e1 realidade na navega\u00e7\u00e3o"}]},{"@type":"WebSite","@id":"https:\/\/agenciainfra.com\/blog\/#website","url":"https:\/\/agenciainfra.com\/blog\/","name":"Ag\u00eancia iNFRA","description":"Multiplataforma de informa\u00e7\u00e3o jornal\u00edstica refer\u00eancia na \u00e1rea de infraestrutura no Brasil!","publisher":{"@id":"https:\/\/agenciainfra.com\/blog\/#organization"},"potentialAction":[{"@type":"SearchAction","target":{"@type":"EntryPoint","urlTemplate":"https:\/\/agenciainfra.com\/blog\/?s={search_term_string}"},"query-input":{"@type":"PropertyValueSpecification","valueRequired":true,"valueName":"search_term_string"}}],"inLanguage":"pt-BR"},{"@type":"Organization","@id":"https:\/\/agenciainfra.com\/blog\/#organization","name":"Ag\u00eancia iNFRA","url":"https:\/\/agenciainfra.com\/blog\/","logo":{"@type":"ImageObject","inLanguage":"pt-BR","@id":"https:\/\/agenciainfra.com\/blog\/#\/schema\/logo\/image\/","url":"https:\/\/agenciainfra.com\/blog\/wp-content\/uploads\/2023\/09\/iNFRA_5-e1761735885940.png","contentUrl":"https:\/\/agenciainfra.com\/blog\/wp-content\/uploads\/2023\/09\/iNFRA_5-e1761735885940.png","width":1672,"height":454,"caption":"Ag\u00eancia iNFRA"},"image":{"@id":"https:\/\/agenciainfra.com\/blog\/#\/schema\/logo\/image\/"},"sameAs":["https:\/\/www.facebook.com\/ageninfra","https:\/\/x.com\/agencia_infra","https:\/\/www.linkedin.com\/company\/ag\u00eanciainfra\/","https:\/\/www.instagram.com\/agenciainfra\/"]},{"@type":"Person","@id":"https:\/\/agenciainfra.com\/blog\/#\/schema\/person\/34af08dff6adea4cb22b06612ba7acfa","name":"Ag\u00eancia iNFRA","image":{"@type":"ImageObject","inLanguage":"pt-BR","@id":"https:\/\/agenciainfra.com\/blog\/#\/schema\/person\/image\/","url":"https:\/\/secure.gravatar.com\/avatar\/d189e01678f06d8eb84d4e01f08eb848b3fffe3f8443818d3c356c66892f5be8?s=96&d=mm&r=g","contentUrl":"https:\/\/secure.gravatar.com\/avatar\/d189e01678f06d8eb84d4e01f08eb848b3fffe3f8443818d3c356c66892f5be8?s=96&d=mm&r=g","caption":"Ag\u00eancia iNFRA"},"url":"https:\/\/agenciainfra.com\/blog\/author\/admin\/"}]}},"_links":{"self":[{"href":"https:\/\/agenciainfra.com\/blog\/wp-json\/wp\/v2\/posts\/8832","targetHints":{"allow":["GET"]}}],"collection":[{"href":"https:\/\/agenciainfra.com\/blog\/wp-json\/wp\/v2\/posts"}],"about":[{"href":"https:\/\/agenciainfra.com\/blog\/wp-json\/wp\/v2\/types\/post"}],"author":[{"embeddable":true,"href":"https:\/\/agenciainfra.com\/blog\/wp-json\/wp\/v2\/users\/1"}],"replies":[{"embeddable":true,"href":"https:\/\/agenciainfra.com\/blog\/wp-json\/wp\/v2\/comments?post=8832"}],"version-history":[{"count":0,"href":"https:\/\/agenciainfra.com\/blog\/wp-json\/wp\/v2\/posts\/8832\/revisions"}],"wp:featuredmedia":[{"embeddable":true,"href":"https:\/\/agenciainfra.com\/blog\/wp-json\/wp\/v2\/media\/5641"}],"wp:attachment":[{"href":"https:\/\/agenciainfra.com\/blog\/wp-json\/wp\/v2\/media?parent=8832"}],"wp:term":[{"taxonomy":"category","embeddable":true,"href":"https:\/\/agenciainfra.com\/blog\/wp-json\/wp\/v2\/categories?post=8832"},{"taxonomy":"post_tag","embeddable":true,"href":"https:\/\/agenciainfra.com\/blog\/wp-json\/wp\/v2\/tags?post=8832"}],"curies":[{"name":"wp","href":"https:\/\/api.w.org\/{rel}","templated":true}]}}