{"id":8850,"date":"2021-11-11T08:00:00","date_gmt":"2021-11-11T11:00:00","guid":{"rendered":"https:\/\/www.agenciainfra.com\/blog\/?p=8850"},"modified":"2021-11-09T11:46:07","modified_gmt":"2021-11-09T14:46:07","slug":"secretario-de-aviacao-civil-afirma-que-mp-do-voo-simples-deve-sair-nas-proximas-semanas","status":"publish","type":"post","link":"https:\/\/agenciainfra.com\/blog\/secretario-de-aviacao-civil-afirma-que-mp-do-voo-simples-deve-sair-nas-proximas-semanas\/","title":{"rendered":"Secret\u00e1rio de Avia\u00e7\u00e3o Civil afirma que MP do Voo Simples deve sair &#8220;nas pr\u00f3ximas semanas&#8221;"},"content":{"rendered":"\n<p class=\"has-text-align-right\"><strong>Tales Silveira, da&nbsp;Ag\u00eancia iNFRA<\/strong><\/p>\n\n\n\n<p>O secret\u00e1rio de Avia\u00e7\u00e3o Civil do Minist\u00e9rio da Infraestrutura, Ronei Glanzmann, afirmou que a MP (medida provis\u00f3ria) intitulada Voo Simples deve ser assinada pelo presidente da Rep\u00fablica, Jair Bolsonaro, nas pr\u00f3ximas semanas.<br><br>A afirma\u00e7\u00e3o foi feita durante a audi\u00eancia p\u00fablica realizada na CVT (Comiss\u00e3o de Via\u00e7\u00e3o e Transportes), na \u00faltima segunda-feira (8). O encontro tratou do PL (Projeto de Lei)\u00a0<a rel=\"noreferrer noopener\" href=\"https:\/\/agenciainfra.us14.list-manage.com\/track\/click?u=d460dd1bcf9ba0ae040e1fc0f&amp;id=aa5d1265ea&amp;e=8d54f1ad19\" target=\"_blank\">2.166\/2021<\/a>, que busca criar e regulamentar o Tarp (Transporte A\u00e9reo Remunerado Individual de Passageiros).<br><br>Segundo Glanzmann, a MP, que atualmente se encontra na Casa Civil, j\u00e1 est\u00e1 em fase final de edi\u00e7\u00e3o e far\u00e1 uma faxina regulat\u00f3ria, al\u00e9m de desburocratizar o setor de avia\u00e7\u00e3o.<br><br>\u201cO presidente deve assinar em breve essa medida. Deve sair nas pr\u00f3ximas semanas. Tamb\u00e9m ser\u00e3o mexidos alguns decretos no mesmo ato. Limparemos uma s\u00e9rie de normativos anacr\u00f4nicos, como leis e decretos, com um \u00fanico objetivo de trazer mais dinamismo e concorr\u00eancia para o setor\u201d, disse.<br><br>Conforme adiantado em maio pela\u00a0<strong>Ag\u00eancia iNFRA<\/strong>, a MP do Voo Simples buscar\u00e1 alterar toda a tabela e valores da TFAC (Taxa de Fiscaliza\u00e7\u00e3o da Avia\u00e7\u00e3o Civil) e seus respectivos fatos geradores. Tamb\u00e9m simplificar\u00e1 a Lei 7.565\/1986, que trata do CBA (C\u00f3digo Brasileiro de Avia\u00e7\u00e3o), e dar\u00e1 mais autonomia para a ANAC (Ag\u00eancia Nacional de Avia\u00e7\u00e3o Civil) na regula\u00e7\u00e3o do setor.\u00a0 A reportagem\u00a0completa est\u00e1 dispon\u00edvel\u00a0<a rel=\"noreferrer noopener\" href=\"https:\/\/agenciainfra.us14.list-manage.com\/track\/click?u=d460dd1bcf9ba0ae040e1fc0f&amp;id=d4d08c7810&amp;e=8d54f1ad19\" target=\"_blank\">neste link<\/a>.<br><br>A\u00a0assessoria do secret\u00e1rio de Avia\u00e7\u00e3o Civil\u00a0afirmou que a Casa Civil n\u00e3o dever\u00e1 realizar\u00a0grandes altera\u00e7\u00f5es e que o texto somente est\u00e1 sendo editado em \u201cpontua\u00e7\u00e3o e corre\u00e7\u00f5es textuais\u201d.<br><br><strong>Uber a\u00e9reo<\/strong><br>Durante a\u00a0<a rel=\"noreferrer noopener\" href=\"https:\/\/agenciainfra.us14.list-manage.com\/track\/click?u=d460dd1bcf9ba0ae040e1fc0f&amp;id=747f5318ea&amp;e=8d54f1ad19\" target=\"_blank\">audi\u00eancia p\u00fablica<\/a>, o secret\u00e1rio tamb\u00e9m criticou o PL que regulamenta o Tarp, que, por semelhan\u00e7as com o modelo de transporte terrestre por aplicativos, foi apelidado de \u201cUber a\u00e9reo\u201d.<br><br>A proposta busca autorizar pilotos habilitados que sejam propriet\u00e1rios de avi\u00f5es pequenos, com at\u00e9 seis ocupantes, a oferecer servi\u00e7os de transporte de passageiros.\u00a0O texto prev\u00ea ainda regulamenta\u00e7\u00f5es para a modalidade.\u00a0<\/p>\n\n\n\n<p>Entre elas, a de que a aeronave deve estar registrada em nome de pessoa f\u00edsica e ter pot\u00eancia m\u00e1xima de 310 cavalos. Al\u00e9m do propriet\u00e1rio, poder\u00e1 pilotar um piloto auxiliar, que dever\u00e1 possuir certifica\u00e7\u00e3o de piloto comercial e ter, pelo menos, 300 horas de voo.<br><br>De acordo com Glanzmann, o PL entra em conflito com o RBAC (Regulamento Brasileiro de Avia\u00e7\u00e3o Civil) 91, que regulamenta os requisitos gerais de opera\u00e7\u00e3o para aeronaves civis e veda a opera\u00e7\u00e3o comercial de qualquer natureza.<br><br>A proibi\u00e7\u00e3o parte do pressuposto de prote\u00e7\u00e3o ao usu\u00e1rio, que muitas vezes n\u00e3o entende de avia\u00e7\u00e3o e quer somente ser transportado. Portanto, a manuten\u00e7\u00e3o do regime p\u00fablico de transporte \u00e9 importante no sentido de proteger o cliente, defendeu o secret\u00e1rio.<br><br>\u201cA proposta nos traz certa preocupa\u00e7\u00e3o. O passageiro tem uma assimetria muito grande de informa\u00e7\u00e3o. Manter esse regime como transporte p\u00fablico \u00e9 importante porque ele j\u00e1 passa a ter um foco n\u00e3o s\u00f3 nos terceiros atingidos por eventuais neglig\u00eancias, mas tamb\u00e9m traz um olhar no passageiro\u201d, afirmou. &nbsp;<br><br><strong>Legaliza\u00e7\u00e3o do clandestino<\/strong><br>A audi\u00eancia p\u00fablica contou com a presen\u00e7a do presidente do SNA (Sindicato Nacional dos Aeronautas), Ondino Neto. Segundo ele, a proposta tem como objetivo legalizar a pr\u00e1tica de transporte clandestino que existe no setor de t\u00e1xi a\u00e9reo.<br><br>\u201cEsse PL legaliza o transporte a\u00e9reo clandestino de passageiros sob o pretexto de estar resguardando a seguran\u00e7a de voo ao estabelecer algumas condi\u00e7\u00f5es. De fato, os servi\u00e7os de transporte a\u00e9reo remunerado de passageiros de forma irregular est\u00e3o cada vez mais disseminados. Mas o rem\u00e9dio que est\u00e1 sendo proposto n\u00e3o vai ajudar em nada. Talvez agrave a situa\u00e7\u00e3o. Quem sabe, matar\u00e1 o paciente\u201d, disse.<br><br>Outro presente no debate foi o gerente t\u00e9cnico da Abag (Associa\u00e7\u00e3o Brasileira de Avia\u00e7\u00e3o Geral), Raul Marinho. O consultor aeron\u00e1utico apontou falhas no texto proposto pelo PL, afirmando que a aprova\u00e7\u00e3o do Tarp poder\u00e1 significar um aumento do risco de opera\u00e7\u00e3o no setor.<br><br>\u201cAs exig\u00eancias adicionais do Tarp significam um acr\u00e9scimo no n\u00edvel de seguran\u00e7a para o transporte a\u00e9reo privado. Por\u00e9m, ele est\u00e1 ainda a uma grande dist\u00e2ncia do que \u00e9 requerido para o t\u00e1xi a\u00e9reo tradicional regulamentado pela ANAC\u201d, explicou.<\/p>\n","protected":false},"excerpt":{"rendered":"<p>Tales Silveira, da&nbsp;Ag\u00eancia iNFRA O secret\u00e1rio de Avia\u00e7\u00e3o Civil do Minist\u00e9rio da Infraestrutura, Ronei Glanzmann, afirmou que a MP (medida provis\u00f3ria) intitulada Voo Simples deve ser assinada pelo presidente da Rep\u00fablica, Jair Bolsonaro, nas pr\u00f3ximas semanas. A afirma\u00e7\u00e3o foi feita durante a audi\u00eancia p\u00fablica realizada na CVT (Comiss\u00e3o de Via\u00e7\u00e3o e Transportes), na \u00faltima segunda-feira [&hellip;]<\/p>\n","protected":false},"author":1,"featured_media":8851,"comment_status":"closed","ping_status":"closed","sticky":false,"template":"","format":"standard","meta":{"_monsterinsights_skip_tracking":false,"_monsterinsights_sitenote_active":false,"_monsterinsights_sitenote_note":"","_monsterinsights_sitenote_category":0,"footnotes":""},"categories":[1,7],"tags":[242,599,118,380,1726,4113,5098,1763,5097,362],"class_list":["post-8850","post","type-post","status-publish","format-standard","has-post-thumbnail","hentry","category-geral","category-infratransporte","tag-anac","tag-aviacao-civil","tag-cvt","tag-fiscalizacao","tag-infraestrutura-portuaria","tag-mp-do-voo-simples","tag-pl-2-166-21","tag-ronei-glanzmann","tag-tarp","tag-transporte-aereo"],"yoast_head":"<!-- This site is optimized with the Yoast SEO Premium plugin v25.4 (Yoast SEO v26.0) - https:\/\/yoast.com\/wordpress\/plugins\/seo\/ -->\n<title>Secret\u00e1rio de Avia\u00e7\u00e3o Civil afirma que MP do Voo Simples deve sair &quot;nas pr\u00f3ximas semanas&quot; - Ag\u00eancia iNFRA<\/title>\n<meta name=\"robots\" content=\"index, follow, max-snippet:-1, max-image-preview:large, max-video-preview:-1\" \/>\n<link rel=\"canonical\" href=\"https:\/\/agenciainfra.com\/blog\/secretario-de-aviacao-civil-afirma-que-mp-do-voo-simples-deve-sair-nas-proximas-semanas\/\" \/>\n<meta property=\"og:locale\" content=\"pt_BR\" \/>\n<meta property=\"og:type\" content=\"article\" \/>\n<meta property=\"og:title\" content=\"Secret\u00e1rio de Avia\u00e7\u00e3o Civil afirma que MP do Voo Simples deve sair &quot;nas pr\u00f3ximas semanas&quot;\" \/>\n<meta property=\"og:description\" content=\"Tales Silveira, da&nbsp;Ag\u00eancia iNFRA O secret\u00e1rio de Avia\u00e7\u00e3o Civil do Minist\u00e9rio da Infraestrutura, Ronei Glanzmann, afirmou que a MP (medida provis\u00f3ria) intitulada Voo Simples deve ser assinada pelo presidente da Rep\u00fablica, Jair Bolsonaro, nas pr\u00f3ximas semanas. A afirma\u00e7\u00e3o foi feita durante a audi\u00eancia p\u00fablica realizada na CVT (Comiss\u00e3o de Via\u00e7\u00e3o e Transportes), na \u00faltima segunda-feira [&hellip;]\" \/>\n<meta property=\"og:url\" content=\"https:\/\/agenciainfra.com\/blog\/secretario-de-aviacao-civil-afirma-que-mp-do-voo-simples-deve-sair-nas-proximas-semanas\/\" \/>\n<meta property=\"og:site_name\" content=\"Ag\u00eancia iNFRA\" \/>\n<meta property=\"article:publisher\" content=\"https:\/\/www.facebook.com\/ageninfra\" \/>\n<meta property=\"article:published_time\" content=\"2021-11-11T11:00:00+00:00\" \/>\n<meta property=\"og:image\" content=\"https:\/\/agenciainfra.com\/blog\/wp-content\/uploads\/2021\/11\/ronei-glanzmann-geraldo-magela-agencia-senado.jpg\" \/>\n\t<meta property=\"og:image:width\" content=\"2047\" \/>\n\t<meta property=\"og:image:height\" content=\"1359\" \/>\n\t<meta property=\"og:image:type\" content=\"image\/jpeg\" \/>\n<meta name=\"author\" content=\"Ag\u00eancia iNFRA\" \/>\n<meta name=\"twitter:card\" content=\"summary_large_image\" \/>\n<meta name=\"twitter:creator\" content=\"@agencia_infra\" \/>\n<meta name=\"twitter:site\" content=\"@agencia_infra\" \/>\n<meta name=\"twitter:label1\" content=\"Escrito por\" \/>\n\t<meta name=\"twitter:data1\" content=\"Ag\u00eancia iNFRA\" \/>\n\t<meta name=\"twitter:label2\" content=\"Est. tempo de leitura\" \/>\n\t<meta name=\"twitter:data2\" content=\"4 minutos\" \/>\n<script type=\"application\/ld+json\" class=\"yoast-schema-graph\">{\"@context\":\"https:\/\/schema.org\",\"@graph\":[{\"@type\":\"Article\",\"@id\":\"https:\/\/agenciainfra.com\/blog\/secretario-de-aviacao-civil-afirma-que-mp-do-voo-simples-deve-sair-nas-proximas-semanas\/#article\",\"isPartOf\":{\"@id\":\"https:\/\/agenciainfra.com\/blog\/secretario-de-aviacao-civil-afirma-que-mp-do-voo-simples-deve-sair-nas-proximas-semanas\/\"},\"author\":{\"name\":\"Ag\u00eancia iNFRA\",\"@id\":\"https:\/\/agenciainfra.com\/blog\/#\/schema\/person\/34af08dff6adea4cb22b06612ba7acfa\"},\"headline\":\"Secret\u00e1rio de Avia\u00e7\u00e3o Civil afirma que MP do Voo Simples deve sair &#8220;nas pr\u00f3ximas semanas&#8221;\",\"datePublished\":\"2021-11-11T11:00:00+00:00\",\"mainEntityOfPage\":{\"@id\":\"https:\/\/agenciainfra.com\/blog\/secretario-de-aviacao-civil-afirma-que-mp-do-voo-simples-deve-sair-nas-proximas-semanas\/\"},\"wordCount\":782,\"publisher\":{\"@id\":\"https:\/\/agenciainfra.com\/blog\/#organization\"},\"image\":{\"@id\":\"https:\/\/agenciainfra.com\/blog\/secretario-de-aviacao-civil-afirma-que-mp-do-voo-simples-deve-sair-nas-proximas-semanas\/#primaryimage\"},\"thumbnailUrl\":\"https:\/\/agenciainfra.com\/blog\/wp-content\/uploads\/2021\/11\/ronei-glanzmann-geraldo-magela-agencia-senado.jpg\",\"keywords\":[\"ANAC\",\"avia\u00e7\u00e3o civil\",\"CVT\",\"fiscaliza\u00e7\u00e3o\",\"infraestrutura portu\u00e1ria\",\"MP do Voo Simples\",\"PL 2.166\/21\",\"Ronei Glanzmann\",\"Tarp\",\"transporte a\u00e9reo\"],\"articleSection\":[\"Geral\",\"iNFRATransporte\"],\"inLanguage\":\"pt-BR\",\"copyrightYear\":\"2021\",\"copyrightHolder\":{\"@id\":\"https:\/\/agenciainfra.com\/blog\/#organization\"}},{\"@type\":\"WebPage\",\"@id\":\"https:\/\/agenciainfra.com\/blog\/secretario-de-aviacao-civil-afirma-que-mp-do-voo-simples-deve-sair-nas-proximas-semanas\/\",\"url\":\"https:\/\/agenciainfra.com\/blog\/secretario-de-aviacao-civil-afirma-que-mp-do-voo-simples-deve-sair-nas-proximas-semanas\/\",\"name\":\"Secret\u00e1rio de Avia\u00e7\u00e3o Civil afirma que MP do Voo Simples deve sair \\\"nas pr\u00f3ximas semanas\\\" - Ag\u00eancia iNFRA\",\"isPartOf\":{\"@id\":\"https:\/\/agenciainfra.com\/blog\/#website\"},\"primaryImageOfPage\":{\"@id\":\"https:\/\/agenciainfra.com\/blog\/secretario-de-aviacao-civil-afirma-que-mp-do-voo-simples-deve-sair-nas-proximas-semanas\/#primaryimage\"},\"image\":{\"@id\":\"https:\/\/agenciainfra.com\/blog\/secretario-de-aviacao-civil-afirma-que-mp-do-voo-simples-deve-sair-nas-proximas-semanas\/#primaryimage\"},\"thumbnailUrl\":\"https:\/\/agenciainfra.com\/blog\/wp-content\/uploads\/2021\/11\/ronei-glanzmann-geraldo-magela-agencia-senado.jpg\",\"datePublished\":\"2021-11-11T11:00:00+00:00\",\"breadcrumb\":{\"@id\":\"https:\/\/agenciainfra.com\/blog\/secretario-de-aviacao-civil-afirma-que-mp-do-voo-simples-deve-sair-nas-proximas-semanas\/#breadcrumb\"},\"inLanguage\":\"pt-BR\",\"potentialAction\":[{\"@type\":\"ReadAction\",\"target\":[\"https:\/\/agenciainfra.com\/blog\/secretario-de-aviacao-civil-afirma-que-mp-do-voo-simples-deve-sair-nas-proximas-semanas\/\"]}]},{\"@type\":\"ImageObject\",\"inLanguage\":\"pt-BR\",\"@id\":\"https:\/\/agenciainfra.com\/blog\/secretario-de-aviacao-civil-afirma-que-mp-do-voo-simples-deve-sair-nas-proximas-semanas\/#primaryimage\",\"url\":\"https:\/\/agenciainfra.com\/blog\/wp-content\/uploads\/2021\/11\/ronei-glanzmann-geraldo-magela-agencia-senado.jpg\",\"contentUrl\":\"https:\/\/agenciainfra.com\/blog\/wp-content\/uploads\/2021\/11\/ronei-glanzmann-geraldo-magela-agencia-senado.jpg\",\"width\":2047,\"height\":1359},{\"@type\":\"BreadcrumbList\",\"@id\":\"https:\/\/agenciainfra.com\/blog\/secretario-de-aviacao-civil-afirma-que-mp-do-voo-simples-deve-sair-nas-proximas-semanas\/#breadcrumb\",\"itemListElement\":[{\"@type\":\"ListItem\",\"position\":1,\"name\":\"In\u00edcio\",\"item\":\"https:\/\/agenciainfra.com\/blog\/\"},{\"@type\":\"ListItem\",\"position\":2,\"name\":\"Secret\u00e1rio de Avia\u00e7\u00e3o Civil afirma que MP do Voo Simples deve sair &#8220;nas pr\u00f3ximas semanas&#8221;\"}]},{\"@type\":\"WebSite\",\"@id\":\"https:\/\/agenciainfra.com\/blog\/#website\",\"url\":\"https:\/\/agenciainfra.com\/blog\/\",\"name\":\"Ag\u00eancia iNFRA\",\"description\":\"Multiplataforma de informa\u00e7\u00e3o jornal\u00edstica refer\u00eancia na \u00e1rea de infraestrutura no Brasil!\",\"publisher\":{\"@id\":\"https:\/\/agenciainfra.com\/blog\/#organization\"},\"potentialAction\":[{\"@type\":\"SearchAction\",\"target\":{\"@type\":\"EntryPoint\",\"urlTemplate\":\"https:\/\/agenciainfra.com\/blog\/?s={search_term_string}\"},\"query-input\":{\"@type\":\"PropertyValueSpecification\",\"valueRequired\":true,\"valueName\":\"search_term_string\"}}],\"inLanguage\":\"pt-BR\"},{\"@type\":\"Organization\",\"@id\":\"https:\/\/agenciainfra.com\/blog\/#organization\",\"name\":\"Ag\u00eancia iNFRA\",\"url\":\"https:\/\/agenciainfra.com\/blog\/\",\"logo\":{\"@type\":\"ImageObject\",\"inLanguage\":\"pt-BR\",\"@id\":\"https:\/\/agenciainfra.com\/blog\/#\/schema\/logo\/image\/\",\"url\":\"https:\/\/agenciainfra.com\/blog\/wp-content\/uploads\/2023\/09\/iNFRA_5-e1761735885940.png\",\"contentUrl\":\"https:\/\/agenciainfra.com\/blog\/wp-content\/uploads\/2023\/09\/iNFRA_5-e1761735885940.png\",\"width\":1672,\"height\":454,\"caption\":\"Ag\u00eancia iNFRA\"},\"image\":{\"@id\":\"https:\/\/agenciainfra.com\/blog\/#\/schema\/logo\/image\/\"},\"sameAs\":[\"https:\/\/www.facebook.com\/ageninfra\",\"https:\/\/x.com\/agencia_infra\",\"https:\/\/www.linkedin.com\/company\/ag\u00eanciainfra\/\",\"https:\/\/www.instagram.com\/agenciainfra\/\"]},{\"@type\":\"Person\",\"@id\":\"https:\/\/agenciainfra.com\/blog\/#\/schema\/person\/34af08dff6adea4cb22b06612ba7acfa\",\"name\":\"Ag\u00eancia iNFRA\",\"image\":{\"@type\":\"ImageObject\",\"inLanguage\":\"pt-BR\",\"@id\":\"https:\/\/agenciainfra.com\/blog\/#\/schema\/person\/image\/\",\"url\":\"https:\/\/secure.gravatar.com\/avatar\/d189e01678f06d8eb84d4e01f08eb848b3fffe3f8443818d3c356c66892f5be8?s=96&d=mm&r=g\",\"contentUrl\":\"https:\/\/secure.gravatar.com\/avatar\/d189e01678f06d8eb84d4e01f08eb848b3fffe3f8443818d3c356c66892f5be8?s=96&d=mm&r=g\",\"caption\":\"Ag\u00eancia iNFRA\"},\"url\":\"https:\/\/agenciainfra.com\/blog\/author\/admin\/\"}]}<\/script>\n<!-- \/ Yoast SEO Premium plugin. -->","yoast_head_json":{"title":"Secret\u00e1rio de Avia\u00e7\u00e3o Civil afirma que MP do Voo Simples deve sair \"nas pr\u00f3ximas semanas\" - Ag\u00eancia iNFRA","robots":{"index":"index","follow":"follow","max-snippet":"max-snippet:-1","max-image-preview":"max-image-preview:large","max-video-preview":"max-video-preview:-1"},"canonical":"https:\/\/agenciainfra.com\/blog\/secretario-de-aviacao-civil-afirma-que-mp-do-voo-simples-deve-sair-nas-proximas-semanas\/","og_locale":"pt_BR","og_type":"article","og_title":"Secret\u00e1rio de Avia\u00e7\u00e3o Civil afirma que MP do Voo Simples deve sair \"nas pr\u00f3ximas semanas\"","og_description":"Tales Silveira, da&nbsp;Ag\u00eancia iNFRA O secret\u00e1rio de Avia\u00e7\u00e3o Civil do Minist\u00e9rio da Infraestrutura, Ronei Glanzmann, afirmou que a MP (medida provis\u00f3ria) intitulada Voo Simples deve ser assinada pelo presidente da Rep\u00fablica, Jair Bolsonaro, nas pr\u00f3ximas semanas. A afirma\u00e7\u00e3o foi feita durante a audi\u00eancia p\u00fablica realizada na CVT (Comiss\u00e3o de Via\u00e7\u00e3o e Transportes), na \u00faltima segunda-feira [&hellip;]","og_url":"https:\/\/agenciainfra.com\/blog\/secretario-de-aviacao-civil-afirma-que-mp-do-voo-simples-deve-sair-nas-proximas-semanas\/","og_site_name":"Ag\u00eancia iNFRA","article_publisher":"https:\/\/www.facebook.com\/ageninfra","article_published_time":"2021-11-11T11:00:00+00:00","og_image":[{"width":2047,"height":1359,"url":"https:\/\/agenciainfra.com\/blog\/wp-content\/uploads\/2021\/11\/ronei-glanzmann-geraldo-magela-agencia-senado.jpg","type":"image\/jpeg"}],"author":"Ag\u00eancia iNFRA","twitter_card":"summary_large_image","twitter_creator":"@agencia_infra","twitter_site":"@agencia_infra","twitter_misc":{"Escrito por":"Ag\u00eancia iNFRA","Est. tempo de leitura":"4 minutos"},"schema":{"@context":"https:\/\/schema.org","@graph":[{"@type":"Article","@id":"https:\/\/agenciainfra.com\/blog\/secretario-de-aviacao-civil-afirma-que-mp-do-voo-simples-deve-sair-nas-proximas-semanas\/#article","isPartOf":{"@id":"https:\/\/agenciainfra.com\/blog\/secretario-de-aviacao-civil-afirma-que-mp-do-voo-simples-deve-sair-nas-proximas-semanas\/"},"author":{"name":"Ag\u00eancia iNFRA","@id":"https:\/\/agenciainfra.com\/blog\/#\/schema\/person\/34af08dff6adea4cb22b06612ba7acfa"},"headline":"Secret\u00e1rio de Avia\u00e7\u00e3o Civil afirma que MP do Voo Simples deve sair &#8220;nas pr\u00f3ximas semanas&#8221;","datePublished":"2021-11-11T11:00:00+00:00","mainEntityOfPage":{"@id":"https:\/\/agenciainfra.com\/blog\/secretario-de-aviacao-civil-afirma-que-mp-do-voo-simples-deve-sair-nas-proximas-semanas\/"},"wordCount":782,"publisher":{"@id":"https:\/\/agenciainfra.com\/blog\/#organization"},"image":{"@id":"https:\/\/agenciainfra.com\/blog\/secretario-de-aviacao-civil-afirma-que-mp-do-voo-simples-deve-sair-nas-proximas-semanas\/#primaryimage"},"thumbnailUrl":"https:\/\/agenciainfra.com\/blog\/wp-content\/uploads\/2021\/11\/ronei-glanzmann-geraldo-magela-agencia-senado.jpg","keywords":["ANAC","avia\u00e7\u00e3o civil","CVT","fiscaliza\u00e7\u00e3o","infraestrutura portu\u00e1ria","MP do Voo Simples","PL 2.166\/21","Ronei Glanzmann","Tarp","transporte a\u00e9reo"],"articleSection":["Geral","iNFRATransporte"],"inLanguage":"pt-BR","copyrightYear":"2021","copyrightHolder":{"@id":"https:\/\/agenciainfra.com\/blog\/#organization"}},{"@type":"WebPage","@id":"https:\/\/agenciainfra.com\/blog\/secretario-de-aviacao-civil-afirma-que-mp-do-voo-simples-deve-sair-nas-proximas-semanas\/","url":"https:\/\/agenciainfra.com\/blog\/secretario-de-aviacao-civil-afirma-que-mp-do-voo-simples-deve-sair-nas-proximas-semanas\/","name":"Secret\u00e1rio de Avia\u00e7\u00e3o Civil afirma que MP do Voo Simples deve sair \"nas pr\u00f3ximas semanas\" - Ag\u00eancia iNFRA","isPartOf":{"@id":"https:\/\/agenciainfra.com\/blog\/#website"},"primaryImageOfPage":{"@id":"https:\/\/agenciainfra.com\/blog\/secretario-de-aviacao-civil-afirma-que-mp-do-voo-simples-deve-sair-nas-proximas-semanas\/#primaryimage"},"image":{"@id":"https:\/\/agenciainfra.com\/blog\/secretario-de-aviacao-civil-afirma-que-mp-do-voo-simples-deve-sair-nas-proximas-semanas\/#primaryimage"},"thumbnailUrl":"https:\/\/agenciainfra.com\/blog\/wp-content\/uploads\/2021\/11\/ronei-glanzmann-geraldo-magela-agencia-senado.jpg","datePublished":"2021-11-11T11:00:00+00:00","breadcrumb":{"@id":"https:\/\/agenciainfra.com\/blog\/secretario-de-aviacao-civil-afirma-que-mp-do-voo-simples-deve-sair-nas-proximas-semanas\/#breadcrumb"},"inLanguage":"pt-BR","potentialAction":[{"@type":"ReadAction","target":["https:\/\/agenciainfra.com\/blog\/secretario-de-aviacao-civil-afirma-que-mp-do-voo-simples-deve-sair-nas-proximas-semanas\/"]}]},{"@type":"ImageObject","inLanguage":"pt-BR","@id":"https:\/\/agenciainfra.com\/blog\/secretario-de-aviacao-civil-afirma-que-mp-do-voo-simples-deve-sair-nas-proximas-semanas\/#primaryimage","url":"https:\/\/agenciainfra.com\/blog\/wp-content\/uploads\/2021\/11\/ronei-glanzmann-geraldo-magela-agencia-senado.jpg","contentUrl":"https:\/\/agenciainfra.com\/blog\/wp-content\/uploads\/2021\/11\/ronei-glanzmann-geraldo-magela-agencia-senado.jpg","width":2047,"height":1359},{"@type":"BreadcrumbList","@id":"https:\/\/agenciainfra.com\/blog\/secretario-de-aviacao-civil-afirma-que-mp-do-voo-simples-deve-sair-nas-proximas-semanas\/#breadcrumb","itemListElement":[{"@type":"ListItem","position":1,"name":"In\u00edcio","item":"https:\/\/agenciainfra.com\/blog\/"},{"@type":"ListItem","position":2,"name":"Secret\u00e1rio de Avia\u00e7\u00e3o Civil afirma que MP do Voo Simples deve sair &#8220;nas pr\u00f3ximas semanas&#8221;"}]},{"@type":"WebSite","@id":"https:\/\/agenciainfra.com\/blog\/#website","url":"https:\/\/agenciainfra.com\/blog\/","name":"Ag\u00eancia iNFRA","description":"Multiplataforma de informa\u00e7\u00e3o jornal\u00edstica refer\u00eancia na \u00e1rea de infraestrutura no Brasil!","publisher":{"@id":"https:\/\/agenciainfra.com\/blog\/#organization"},"potentialAction":[{"@type":"SearchAction","target":{"@type":"EntryPoint","urlTemplate":"https:\/\/agenciainfra.com\/blog\/?s={search_term_string}"},"query-input":{"@type":"PropertyValueSpecification","valueRequired":true,"valueName":"search_term_string"}}],"inLanguage":"pt-BR"},{"@type":"Organization","@id":"https:\/\/agenciainfra.com\/blog\/#organization","name":"Ag\u00eancia iNFRA","url":"https:\/\/agenciainfra.com\/blog\/","logo":{"@type":"ImageObject","inLanguage":"pt-BR","@id":"https:\/\/agenciainfra.com\/blog\/#\/schema\/logo\/image\/","url":"https:\/\/agenciainfra.com\/blog\/wp-content\/uploads\/2023\/09\/iNFRA_5-e1761735885940.png","contentUrl":"https:\/\/agenciainfra.com\/blog\/wp-content\/uploads\/2023\/09\/iNFRA_5-e1761735885940.png","width":1672,"height":454,"caption":"Ag\u00eancia iNFRA"},"image":{"@id":"https:\/\/agenciainfra.com\/blog\/#\/schema\/logo\/image\/"},"sameAs":["https:\/\/www.facebook.com\/ageninfra","https:\/\/x.com\/agencia_infra","https:\/\/www.linkedin.com\/company\/ag\u00eanciainfra\/","https:\/\/www.instagram.com\/agenciainfra\/"]},{"@type":"Person","@id":"https:\/\/agenciainfra.com\/blog\/#\/schema\/person\/34af08dff6adea4cb22b06612ba7acfa","name":"Ag\u00eancia iNFRA","image":{"@type":"ImageObject","inLanguage":"pt-BR","@id":"https:\/\/agenciainfra.com\/blog\/#\/schema\/person\/image\/","url":"https:\/\/secure.gravatar.com\/avatar\/d189e01678f06d8eb84d4e01f08eb848b3fffe3f8443818d3c356c66892f5be8?s=96&d=mm&r=g","contentUrl":"https:\/\/secure.gravatar.com\/avatar\/d189e01678f06d8eb84d4e01f08eb848b3fffe3f8443818d3c356c66892f5be8?s=96&d=mm&r=g","caption":"Ag\u00eancia iNFRA"},"url":"https:\/\/agenciainfra.com\/blog\/author\/admin\/"}]}},"_links":{"self":[{"href":"https:\/\/agenciainfra.com\/blog\/wp-json\/wp\/v2\/posts\/8850","targetHints":{"allow":["GET"]}}],"collection":[{"href":"https:\/\/agenciainfra.com\/blog\/wp-json\/wp\/v2\/posts"}],"about":[{"href":"https:\/\/agenciainfra.com\/blog\/wp-json\/wp\/v2\/types\/post"}],"author":[{"embeddable":true,"href":"https:\/\/agenciainfra.com\/blog\/wp-json\/wp\/v2\/users\/1"}],"replies":[{"embeddable":true,"href":"https:\/\/agenciainfra.com\/blog\/wp-json\/wp\/v2\/comments?post=8850"}],"version-history":[{"count":0,"href":"https:\/\/agenciainfra.com\/blog\/wp-json\/wp\/v2\/posts\/8850\/revisions"}],"wp:featuredmedia":[{"embeddable":true,"href":"https:\/\/agenciainfra.com\/blog\/wp-json\/wp\/v2\/media\/8851"}],"wp:attachment":[{"href":"https:\/\/agenciainfra.com\/blog\/wp-json\/wp\/v2\/media?parent=8850"}],"wp:term":[{"taxonomy":"category","embeddable":true,"href":"https:\/\/agenciainfra.com\/blog\/wp-json\/wp\/v2\/categories?post=8850"},{"taxonomy":"post_tag","embeddable":true,"href":"https:\/\/agenciainfra.com\/blog\/wp-json\/wp\/v2\/tags?post=8850"}],"curies":[{"name":"wp","href":"https:\/\/api.w.org\/{rel}","templated":true}]}}